{"id":89357,"date":"2022-08-01T13:50:54","date_gmt":"2022-08-01T16:50:54","guid":{"rendered":"https:\/\/redenoticiaz.com.br\/litoralsp\/2022\/08\/01\/aneurisma-cerebral-por-que-a-doenca-mata-antes-de-ser-diagnosticada"},"modified":"2022-08-01T13:51:11","modified_gmt":"2022-08-01T16:51:11","slug":"aneurisma-cerebral-por-que-a-doenca-mata-antes-de-ser-diagnosticada","status":"publish","type":"post","link":"https:\/\/redenoticiaz.com.br\/litoralsp\/2022\/08\/01\/aneurisma-cerebral-por-que-a-doenca-mata-antes-de-ser-diagnosticada","title":{"rendered":"Aneurisma cerebral: por que a doen\u00e7a mata antes de ser diagnosticada?"},"content":{"rendered":"<p>Cerca de 1% da popula\u00e7\u00e3o brasileira sofre de aneurismas cerebrais &#8211; dilata\u00e7\u00f5es das art\u00e9rias cerebrais que formam esp\u00e9cies de bolhas que, quando rompidas, causam o Acidente Vascular Cerebral hemorr\u00e1gico (AVCh).<\/p>\n<p>De acordo com o Neurorradiologista, Renato Tosello, o diagn\u00f3stico precoce \u00e9 importante.<\/p>\n<blockquote><p>&#8220;O problema \u00e9 que o diagn\u00f3stico n\u00e3o \u00e9 realizado em massa&#8221;<\/p><\/blockquote>\n<p>Segundo ele, todas as pessoas deveriam passar, em suas rotinas m\u00e9dicas, por uma angiorresson\u00e2ncia magn\u00e9tica ou uma angiotomografia, exames relativamente simples e que detectam a presen\u00e7a de aneurismas.<\/p>\n<blockquote><p>\u201cO neurologista costuma solicitar o exame a quem faz parte do grupo de risco mas, cada vez mais, percebemos que todas as pessoas deveriam passar pelo check-up neurol\u00f3gico\u201d<\/p><\/blockquote>\n<p>Segundo o Dr. Tosello, fazem parte do grupo de risco para aneurisma cerebral as pessoas que t\u00eam hist\u00f3rico de AVC na fam\u00edlia (ou de aneurisma), fumantes, hipertensos, obesos, diab\u00e9ticos e mulheres na menopausa.<\/p>\n<h2>Diagn\u00f3stico<\/h2>\n<p>Os diagn\u00f3sticos precoces do aneurisma cerebral s\u00e3o poucos porque, justamente, n\u00e3o existe uma recomenda\u00e7\u00e3o m\u00e9dica para um check-up neurol\u00f3gico preventivo.<\/p>\n<p><strong>Leia mais<\/strong><\/p>\n<p><a href=\"https:\/\/redenoticiaz.com.br\/blog\/2022\/07\/23\/variola-dos-macacos-oms-declara-emergencia-internacional-de-saude\">Var\u00edola dos macacos: OMS declara emerg\u00eancia internacional de sa\u00fade<\/a><\/p>\n","protected":false},"excerpt":{"rendered":"<p>Cerca de 1% da popula\u00e7\u00e3o brasileira sofre de aneurismas cerebrais &#8211; dilata\u00e7\u00f5es das art\u00e9rias cerebrais que formam esp\u00e9cies de bolhas que, quando rompidas, causam o Acidente Vascular Cerebral hemorr\u00e1gico (AVCh). De acordo com o Neurorradiologista, Renato Tosello, o diagn\u00f3stico precoce \u00e9 importante. &#8220;O problema \u00e9 que o diagn\u00f3stico n\u00e3o \u00e9 realizado em massa&#8221; Segundo ele, &hellip;<\/p>\n","protected":false},"author":12,"featured_media":89358,"comment_status":"open","ping_status":"closed","sticky":false,"template":"","format":"standard","meta":{"footnotes":""},"categories":[1],"tags":[58597,58598,55639,96],"class_list":["post-89357","post","type-post","status-publish","format-standard","has-post-thumbnail","hentry","category-sem","tag-aneurisma-cerebral","tag-diagnostico","tag-medicina","tag-saude"],"yoast_head":"<!-- This site is optimized with the Yoast SEO plugin v27.5 - https:\/\/yoast.com\/product\/yoast-seo-wordpress\/ -->\n<title>Aneurisma cerebral: por que a doen\u00e7a mata antes de ser diagnosticada? - Litoral SP<\/title>\n<meta name=\"description\" content=\"Ainda existe falta de conhecimento da popula\u00e7\u00e3o sobre a exist\u00eancia de protocolo de preven\u00e7\u00e3o da exist\u00eancia de aneurismas cerebrais\" \/>\n<meta name=\"robots\" content=\"index, follow, max-snippet:-1, max-image-preview:large, max-video-preview:-1\" \/>\n<link rel=\"canonical\" href=\"https:\/\/redenoticiaz.com.br\/litoralsp\/2022\/08\/01\/aneurisma-cerebral-por-que-a-doenca-mata-antes-de-ser-diagnosticada\" \/>\n<meta property=\"og:locale\" content=\"pt_BR\" \/>\n<meta property=\"og:type\" content=\"article\" \/>\n<meta property=\"og:title\" content=\"Aneurisma cerebral: por que a doen\u00e7a mata antes de ser diagnosticada? - Litoral SP\" \/>\n<meta property=\"og:description\" content=\"Ainda existe falta de conhecimento da popula\u00e7\u00e3o sobre a exist\u00eancia de protocolo de preven\u00e7\u00e3o da exist\u00eancia de aneurismas cerebrais\" \/>\n<meta property=\"og:url\" content=\"https:\/\/redenoticiaz.com.br\/litoralsp\/2022\/08\/01\/aneurisma-cerebral-por-que-a-doenca-mata-antes-de-ser-diagnosticada\" \/>\n<meta property=\"og:site_name\" content=\"Litoral SP\" \/>\n<meta property=\"article:published_time\" content=\"2022-08-01T16:50:54+00:00\" \/>\n<meta property=\"article:modified_time\" content=\"2022-08-01T16:51:11+00:00\" \/>\n<meta property=\"og:image\" content=\"https:\/\/redenoticiaz.com.br\/litoralsp\/wp-content\/uploads\/sites\/3\/2022\/08\/201910_drauzio_aneurisma-cerebral_41691813_vampy1_1000x563.jpg?v=1659372586\" \/>\n\t<meta property=\"og:image:width\" content=\"1000\" \/>\n\t<meta property=\"og:image:height\" content=\"563\" \/>\n\t<meta property=\"og:image:type\" content=\"image\/jpeg\" \/>\n<meta name=\"author\" content=\"Gustavo Silva\" \/>\n<meta name=\"twitter:card\" content=\"summary_large_image\" \/>\n<meta name=\"twitter:label1\" content=\"Escrito por\" \/>\n\t<meta name=\"twitter:data1\" content=\"Gustavo Silva\" \/>\n\t<meta name=\"twitter:label2\" content=\"Est. tempo de leitura\" \/>\n\t<meta name=\"twitter:data2\" content=\"1 minuto\" \/>\n<script type=\"application\/ld+json\" class=\"yoast-schema-graph\">{\"@context\":\"https:\\\/\\\/schema.org\",\"@graph\":[{\"@type\":\"Article\",\"@id\":\"https:\\\/\\\/redenoticiaz.com.br\\\/litoralsp\\\/2022\\\/08\\\/01\\\/aneurisma-cerebral-por-que-a-doenca-mata-antes-de-ser-diagnosticada#article\",\"isPartOf\":{\"@id\":\"https:\\\/\\\/redenoticiaz.com.br\\\/litoralsp\\\/2022\\\/08\\\/01\\\/aneurisma-cerebral-por-que-a-doenca-mata-antes-de-ser-diagnosticada\"},\"author\":{\"name\":\"Gustavo Silva\",\"@id\":\"https:\\\/\\\/redenoticiaz.com.br\\\/litoralsp\\\/#\\\/schema\\\/person\\\/16057b37a3c0ee6b096d7f887c566e2e\"},\"headline\":\"Aneurisma cerebral: por que a doen\u00e7a mata antes de ser diagnosticada?\",\"datePublished\":\"2022-08-01T16:50:54+00:00\",\"dateModified\":\"2022-08-01T16:51:11+00:00\",\"mainEntityOfPage\":{\"@id\":\"https:\\\/\\\/redenoticiaz.com.br\\\/litoralsp\\\/2022\\\/08\\\/01\\\/aneurisma-cerebral-por-que-a-doenca-mata-antes-de-ser-diagnosticada\"},\"wordCount\":209,\"commentCount\":0,\"publisher\":{\"@id\":\"https:\\\/\\\/redenoticiaz.com.br\\\/litoralsp\\\/#organization\"},\"image\":{\"@id\":\"https:\\\/\\\/redenoticiaz.com.br\\\/litoralsp\\\/2022\\\/08\\\/01\\\/aneurisma-cerebral-por-que-a-doenca-mata-antes-de-ser-diagnosticada#primaryimage\"},\"thumbnailUrl\":\"https:\\\/\\\/redenoticiaz.com.br\\\/litoralsp\\\/wp-content\\\/uploads\\\/sites\\\/3\\\/2022\\\/08\\\/201910_drauzio_aneurisma-cerebral_41691813_vampy1_1000x563.jpg?v=1659372586\",\"keywords\":[\"aneurisma cerebral\",\"DIAGN\u00d3STICO\",\"MEDICINA\",\"saude\"],\"articleSection\":[\"sem\"],\"inLanguage\":\"pt-BR\",\"potentialAction\":[{\"@type\":\"CommentAction\",\"name\":\"Comment\",\"target\":[\"https:\\\/\\\/redenoticiaz.com.br\\\/litoralsp\\\/2022\\\/08\\\/01\\\/aneurisma-cerebral-por-que-a-doenca-mata-antes-de-ser-diagnosticada#respond\"]}]},{\"@type\":\"WebPage\",\"@id\":\"https:\\\/\\\/redenoticiaz.com.br\\\/litoralsp\\\/2022\\\/08\\\/01\\\/aneurisma-cerebral-por-que-a-doenca-mata-antes-de-ser-diagnosticada\",\"url\":\"https:\\\/\\\/redenoticiaz.com.br\\\/litoralsp\\\/2022\\\/08\\\/01\\\/aneurisma-cerebral-por-que-a-doenca-mata-antes-de-ser-diagnosticada\",\"name\":\"Aneurisma cerebral: por que a doen\u00e7a mata antes de ser diagnosticada? - Litoral SP\",\"isPartOf\":{\"@id\":\"https:\\\/\\\/redenoticiaz.com.br\\\/litoralsp\\\/#website\"},\"primaryImageOfPage\":{\"@id\":\"https:\\\/\\\/redenoticiaz.com.br\\\/litoralsp\\\/2022\\\/08\\\/01\\\/aneurisma-cerebral-por-que-a-doenca-mata-antes-de-ser-diagnosticada#primaryimage\"},\"image\":{\"@id\":\"https:\\\/\\\/redenoticiaz.com.br\\\/litoralsp\\\/2022\\\/08\\\/01\\\/aneurisma-cerebral-por-que-a-doenca-mata-antes-de-ser-diagnosticada#primaryimage\"},\"thumbnailUrl\":\"https:\\\/\\\/redenoticiaz.com.br\\\/litoralsp\\\/wp-content\\\/uploads\\\/sites\\\/3\\\/2022\\\/08\\\/201910_drauzio_aneurisma-cerebral_41691813_vampy1_1000x563.jpg?v=1659372586\",\"datePublished\":\"2022-08-01T16:50:54+00:00\",\"dateModified\":\"2022-08-01T16:51:11+00:00\",\"description\":\"Ainda existe falta de conhecimento da popula\u00e7\u00e3o sobre a exist\u00eancia de protocolo de preven\u00e7\u00e3o da exist\u00eancia de aneurismas cerebrais\",\"inLanguage\":\"pt-BR\",\"potentialAction\":[{\"@type\":\"ReadAction\",\"target\":[\"https:\\\/\\\/redenoticiaz.com.br\\\/litoralsp\\\/2022\\\/08\\\/01\\\/aneurisma-cerebral-por-que-a-doenca-mata-antes-de-ser-diagnosticada\"]}]},{\"@type\":\"ImageObject\",\"inLanguage\":\"pt-BR\",\"@id\":\"https:\\\/\\\/redenoticiaz.com.br\\\/litoralsp\\\/2022\\\/08\\\/01\\\/aneurisma-cerebral-por-que-a-doenca-mata-antes-de-ser-diagnosticada#primaryimage\",\"url\":\"https:\\\/\\\/redenoticiaz.com.br\\\/litoralsp\\\/wp-content\\\/uploads\\\/sites\\\/3\\\/2022\\\/08\\\/201910_drauzio_aneurisma-cerebral_41691813_vampy1_1000x563.jpg?v=1659372586\",\"contentUrl\":\"https:\\\/\\\/redenoticiaz.com.br\\\/litoralsp\\\/wp-content\\\/uploads\\\/sites\\\/3\\\/2022\\\/08\\\/201910_drauzio_aneurisma-cerebral_41691813_vampy1_1000x563.jpg?v=1659372586\",\"width\":1000,\"height\":563,\"caption\":\"Aneurisma cerebral: por que a doen\u00e7a mata antes de ser diagnosticada?\"},{\"@type\":\"WebSite\",\"@id\":\"https:\\\/\\\/redenoticiaz.com.br\\\/litoralsp\\\/#website\",\"url\":\"https:\\\/\\\/redenoticiaz.com.br\\\/litoralsp\\\/\",\"name\":\"Litoral SP\",\"description\":\"Rede NoticiaZ\",\"publisher\":{\"@id\":\"https:\\\/\\\/redenoticiaz.com.br\\\/litoralsp\\\/#organization\"},\"potentialAction\":[{\"@type\":\"SearchAction\",\"target\":{\"@type\":\"EntryPoint\",\"urlTemplate\":\"https:\\\/\\\/redenoticiaz.com.br\\\/litoralsp\\\/?s={search_term_string}\"},\"query-input\":{\"@type\":\"PropertyValueSpecification\",\"valueRequired\":true,\"valueName\":\"search_term_string\"}}],\"inLanguage\":\"pt-BR\"},{\"@type\":\"Organization\",\"@id\":\"https:\\\/\\\/redenoticiaz.com.br\\\/litoralsp\\\/#organization\",\"name\":\"Litoral SP\",\"url\":\"https:\\\/\\\/redenoticiaz.com.br\\\/litoralsp\\\/\",\"logo\":{\"@type\":\"ImageObject\",\"inLanguage\":\"pt-BR\",\"@id\":\"https:\\\/\\\/redenoticiaz.com.br\\\/litoralsp\\\/#\\\/schema\\\/logo\\\/image\\\/\",\"url\":\"https:\\\/\\\/redenoticiaz.com.br\\\/litoralsp\\\/wp-content\\\/uploads\\\/sites\\\/3\\\/2020\\\/11\\\/logo.jpg\",\"contentUrl\":\"https:\\\/\\\/redenoticiaz.com.br\\\/litoralsp\\\/wp-content\\\/uploads\\\/sites\\\/3\\\/2020\\\/11\\\/logo.jpg\",\"width\":400,\"height\":250,\"caption\":\"Litoral SP\"},\"image\":{\"@id\":\"https:\\\/\\\/redenoticiaz.com.br\\\/litoralsp\\\/#\\\/schema\\\/logo\\\/image\\\/\"}},{\"@type\":\"Person\",\"@id\":\"https:\\\/\\\/redenoticiaz.com.br\\\/litoralsp\\\/#\\\/schema\\\/person\\\/16057b37a3c0ee6b096d7f887c566e2e\",\"name\":\"Gustavo Silva\",\"image\":{\"@type\":\"ImageObject\",\"inLanguage\":\"pt-BR\",\"@id\":\"https:\\\/\\\/secure.gravatar.com\\\/avatar\\\/3ee4e82f93b26de0a7cf4ea5eb7893da637ed6bb0c9170c58065944c56e28a33?s=96&d=mm&r=g\",\"url\":\"https:\\\/\\\/secure.gravatar.com\\\/avatar\\\/3ee4e82f93b26de0a7cf4ea5eb7893da637ed6bb0c9170c58065944c56e28a33?s=96&d=mm&r=g\",\"contentUrl\":\"https:\\\/\\\/secure.gravatar.com\\\/avatar\\\/3ee4e82f93b26de0a7cf4ea5eb7893da637ed6bb0c9170c58065944c56e28a33?s=96&d=mm&r=g\",\"caption\":\"Gustavo Silva\"},\"url\":\"https:\\\/\\\/redenoticiaz.com.br\\\/litoralsp\\\/author\\\/gustavosilva\"}]}<\/script>\n<!-- \/ Yoast SEO plugin. -->","yoast_head_json":{"title":"Aneurisma cerebral: por que a doen\u00e7a mata antes de ser diagnosticada? - Litoral SP","description":"Ainda existe falta de conhecimento da popula\u00e7\u00e3o sobre a exist\u00eancia de protocolo de preven\u00e7\u00e3o da exist\u00eancia de aneurismas cerebrais","robots":{"index":"index","follow":"follow","max-snippet":"max-snippet:-1","max-image-preview":"max-image-preview:large","max-video-preview":"max-video-preview:-1"},"canonical":"https:\/\/redenoticiaz.com.br\/litoralsp\/2022\/08\/01\/aneurisma-cerebral-por-que-a-doenca-mata-antes-de-ser-diagnosticada","og_locale":"pt_BR","og_type":"article","og_title":"Aneurisma cerebral: por que a doen\u00e7a mata antes de ser diagnosticada? - Litoral SP","og_description":"Ainda existe falta de conhecimento da popula\u00e7\u00e3o sobre a exist\u00eancia de protocolo de preven\u00e7\u00e3o da exist\u00eancia de aneurismas cerebrais","og_url":"https:\/\/redenoticiaz.com.br\/litoralsp\/2022\/08\/01\/aneurisma-cerebral-por-que-a-doenca-mata-antes-de-ser-diagnosticada","og_site_name":"Litoral SP","article_published_time":"2022-08-01T16:50:54+00:00","article_modified_time":"2022-08-01T16:51:11+00:00","og_image":[{"width":1000,"height":563,"url":"https:\/\/redenoticiaz.com.br\/litoralsp\/wp-content\/uploads\/sites\/3\/2022\/08\/201910_drauzio_aneurisma-cerebral_41691813_vampy1_1000x563.jpg?v=1659372586","type":"image\/jpeg"}],"author":"Gustavo Silva","twitter_card":"summary_large_image","twitter_misc":{"Escrito por":"Gustavo Silva","Est. tempo de leitura":"1 minuto"},"schema":{"@context":"https:\/\/schema.org","@graph":[{"@type":"Article","@id":"https:\/\/redenoticiaz.com.br\/litoralsp\/2022\/08\/01\/aneurisma-cerebral-por-que-a-doenca-mata-antes-de-ser-diagnosticada#article","isPartOf":{"@id":"https:\/\/redenoticiaz.com.br\/litoralsp\/2022\/08\/01\/aneurisma-cerebral-por-que-a-doenca-mata-antes-de-ser-diagnosticada"},"author":{"name":"Gustavo Silva","@id":"https:\/\/redenoticiaz.com.br\/litoralsp\/#\/schema\/person\/16057b37a3c0ee6b096d7f887c566e2e"},"headline":"Aneurisma cerebral: por que a doen\u00e7a mata antes de ser diagnosticada?","datePublished":"2022-08-01T16:50:54+00:00","dateModified":"2022-08-01T16:51:11+00:00","mainEntityOfPage":{"@id":"https:\/\/redenoticiaz.com.br\/litoralsp\/2022\/08\/01\/aneurisma-cerebral-por-que-a-doenca-mata-antes-de-ser-diagnosticada"},"wordCount":209,"commentCount":0,"publisher":{"@id":"https:\/\/redenoticiaz.com.br\/litoralsp\/#organization"},"image":{"@id":"https:\/\/redenoticiaz.com.br\/litoralsp\/2022\/08\/01\/aneurisma-cerebral-por-que-a-doenca-mata-antes-de-ser-diagnosticada#primaryimage"},"thumbnailUrl":"https:\/\/redenoticiaz.com.br\/litoralsp\/wp-content\/uploads\/sites\/3\/2022\/08\/201910_drauzio_aneurisma-cerebral_41691813_vampy1_1000x563.jpg?v=1659372586","keywords":["aneurisma cerebral","DIAGN\u00d3STICO","MEDICINA","saude"],"articleSection":["sem"],"inLanguage":"pt-BR","potentialAction":[{"@type":"CommentAction","name":"Comment","target":["https:\/\/redenoticiaz.com.br\/litoralsp\/2022\/08\/01\/aneurisma-cerebral-por-que-a-doenca-mata-antes-de-ser-diagnosticada#respond"]}]},{"@type":"WebPage","@id":"https:\/\/redenoticiaz.com.br\/litoralsp\/2022\/08\/01\/aneurisma-cerebral-por-que-a-doenca-mata-antes-de-ser-diagnosticada","url":"https:\/\/redenoticiaz.com.br\/litoralsp\/2022\/08\/01\/aneurisma-cerebral-por-que-a-doenca-mata-antes-de-ser-diagnosticada","name":"Aneurisma cerebral: por que a doen\u00e7a mata antes de ser diagnosticada? - Litoral SP","isPartOf":{"@id":"https:\/\/redenoticiaz.com.br\/litoralsp\/#website"},"primaryImageOfPage":{"@id":"https:\/\/redenoticiaz.com.br\/litoralsp\/2022\/08\/01\/aneurisma-cerebral-por-que-a-doenca-mata-antes-de-ser-diagnosticada#primaryimage"},"image":{"@id":"https:\/\/redenoticiaz.com.br\/litoralsp\/2022\/08\/01\/aneurisma-cerebral-por-que-a-doenca-mata-antes-de-ser-diagnosticada#primaryimage"},"thumbnailUrl":"https:\/\/redenoticiaz.com.br\/litoralsp\/wp-content\/uploads\/sites\/3\/2022\/08\/201910_drauzio_aneurisma-cerebral_41691813_vampy1_1000x563.jpg?v=1659372586","datePublished":"2022-08-01T16:50:54+00:00","dateModified":"2022-08-01T16:51:11+00:00","description":"Ainda existe falta de conhecimento da popula\u00e7\u00e3o sobre a exist\u00eancia de protocolo de preven\u00e7\u00e3o da exist\u00eancia de aneurismas cerebrais","inLanguage":"pt-BR","potentialAction":[{"@type":"ReadAction","target":["https:\/\/redenoticiaz.com.br\/litoralsp\/2022\/08\/01\/aneurisma-cerebral-por-que-a-doenca-mata-antes-de-ser-diagnosticada"]}]},{"@type":"ImageObject","inLanguage":"pt-BR","@id":"https:\/\/redenoticiaz.com.br\/litoralsp\/2022\/08\/01\/aneurisma-cerebral-por-que-a-doenca-mata-antes-de-ser-diagnosticada#primaryimage","url":"https:\/\/redenoticiaz.com.br\/litoralsp\/wp-content\/uploads\/sites\/3\/2022\/08\/201910_drauzio_aneurisma-cerebral_41691813_vampy1_1000x563.jpg?v=1659372586","contentUrl":"https:\/\/redenoticiaz.com.br\/litoralsp\/wp-content\/uploads\/sites\/3\/2022\/08\/201910_drauzio_aneurisma-cerebral_41691813_vampy1_1000x563.jpg?v=1659372586","width":1000,"height":563,"caption":"Aneurisma cerebral: por que a doen\u00e7a mata antes de ser diagnosticada?"},{"@type":"WebSite","@id":"https:\/\/redenoticiaz.com.br\/litoralsp\/#website","url":"https:\/\/redenoticiaz.com.br\/litoralsp\/","name":"Litoral SP","description":"Rede NoticiaZ","publisher":{"@id":"https:\/\/redenoticiaz.com.br\/litoralsp\/#organization"},"potentialAction":[{"@type":"SearchAction","target":{"@type":"EntryPoint","urlTemplate":"https:\/\/redenoticiaz.com.br\/litoralsp\/?s={search_term_string}"},"query-input":{"@type":"PropertyValueSpecification","valueRequired":true,"valueName":"search_term_string"}}],"inLanguage":"pt-BR"},{"@type":"Organization","@id":"https:\/\/redenoticiaz.com.br\/litoralsp\/#organization","name":"Litoral SP","url":"https:\/\/redenoticiaz.com.br\/litoralsp\/","logo":{"@type":"ImageObject","inLanguage":"pt-BR","@id":"https:\/\/redenoticiaz.com.br\/litoralsp\/#\/schema\/logo\/image\/","url":"https:\/\/redenoticiaz.com.br\/litoralsp\/wp-content\/uploads\/sites\/3\/2020\/11\/logo.jpg","contentUrl":"https:\/\/redenoticiaz.com.br\/litoralsp\/wp-content\/uploads\/sites\/3\/2020\/11\/logo.jpg","width":400,"height":250,"caption":"Litoral SP"},"image":{"@id":"https:\/\/redenoticiaz.com.br\/litoralsp\/#\/schema\/logo\/image\/"}},{"@type":"Person","@id":"https:\/\/redenoticiaz.com.br\/litoralsp\/#\/schema\/person\/16057b37a3c0ee6b096d7f887c566e2e","name":"Gustavo Silva","image":{"@type":"ImageObject","inLanguage":"pt-BR","@id":"https:\/\/secure.gravatar.com\/avatar\/3ee4e82f93b26de0a7cf4ea5eb7893da637ed6bb0c9170c58065944c56e28a33?s=96&d=mm&r=g","url":"https:\/\/secure.gravatar.com\/avatar\/3ee4e82f93b26de0a7cf4ea5eb7893da637ed6bb0c9170c58065944c56e28a33?s=96&d=mm&r=g","contentUrl":"https:\/\/secure.gravatar.com\/avatar\/3ee4e82f93b26de0a7cf4ea5eb7893da637ed6bb0c9170c58065944c56e28a33?s=96&d=mm&r=g","caption":"Gustavo Silva"},"url":"https:\/\/redenoticiaz.com.br\/litoralsp\/author\/gustavosilva"}]}},"_links":{"self":[{"href":"https:\/\/redenoticiaz.com.br\/litoralsp\/wp-json\/wp\/v2\/posts\/89357","targetHints":{"allow":["GET"]}}],"collection":[{"href":"https:\/\/redenoticiaz.com.br\/litoralsp\/wp-json\/wp\/v2\/posts"}],"about":[{"href":"https:\/\/redenoticiaz.com.br\/litoralsp\/wp-json\/wp\/v2\/types\/post"}],"author":[{"embeddable":true,"href":"https:\/\/redenoticiaz.com.br\/litoralsp\/wp-json\/wp\/v2\/users\/12"}],"replies":[{"embeddable":true,"href":"https:\/\/redenoticiaz.com.br\/litoralsp\/wp-json\/wp\/v2\/comments?post=89357"}],"version-history":[{"count":0,"href":"https:\/\/redenoticiaz.com.br\/litoralsp\/wp-json\/wp\/v2\/posts\/89357\/revisions"}],"wp:featuredmedia":[{"embeddable":true,"href":"https:\/\/redenoticiaz.com.br\/litoralsp\/wp-json\/wp\/v2\/media\/89358"}],"wp:attachment":[{"href":"https:\/\/redenoticiaz.com.br\/litoralsp\/wp-json\/wp\/v2\/media?parent=89357"}],"wp:term":[{"taxonomy":"category","embeddable":true,"href":"https:\/\/redenoticiaz.com.br\/litoralsp\/wp-json\/wp\/v2\/categories?post=89357"},{"taxonomy":"post_tag","embeddable":true,"href":"https:\/\/redenoticiaz.com.br\/litoralsp\/wp-json\/wp\/v2\/tags?post=89357"}],"curies":[{"name":"wp","href":"https:\/\/api.w.org\/{rel}","templated":true}]}}