{"id":89669,"date":"2022-08-06T14:00:46","date_gmt":"2022-08-06T17:00:46","guid":{"rendered":"https:\/\/redenoticiaz.com.br\/litoralsp\/?p=89669"},"modified":"2022-08-06T14:00:46","modified_gmt":"2022-08-06T17:00:46","slug":"guaruja-cria-programa-de-combate-ao-assedio-sexual-no-transporte-coletivo","status":"publish","type":"post","link":"https:\/\/redenoticiaz.com.br\/litoralsp\/2022\/08\/06\/guaruja-cria-programa-de-combate-ao-assedio-sexual-no-transporte-coletivo","title":{"rendered":"Guaruj\u00e1 cria Programa de Combate ao Ass\u00e9dio Sexual no transporte coletivo"},"content":{"rendered":"<p class=\"v1MsoNormal\">Com o intuito de coibir a importuna\u00e7\u00e3o sexual nos ve\u00edculos de transporte coletivo, o prefeito de Guaruj\u00e1, V\u00e1lter Sumam instituiu, na \u00faltima sexta-feira (29), a lei n\u00ba 5.045, que cria o Programa de Combate ao Ass\u00e9dio Sexual no Transporte Coletivo. A iniciativa \u00e9 um projeto de lei N\u00ba 025\/2022 do vereador, M\u00e1rio L\u00facio da Concei\u00e7\u00e3o.<\/p>\n<p class=\"v1MsoNormal\">De acordo com a Prefeitura, ao primeiro sinal desta viol\u00eancia contra a mulher, o motorista dever\u00e1 procurar um local seguro e parar o ve\u00edculo.<\/p>\n<p class=\"v1MsoNormal\">Ainda de acordo com as informa\u00e7\u00f5es, j\u00e1 a mulher que estiver recebendo alguma forma de importuna\u00e7\u00e3o sexual ou qualquer um que testemunhe o ato poder\u00e1 acionar o sinal de parada de \u00f4nibus para chamar a aten\u00e7\u00e3o do motorista.<\/p>\n<p class=\"v1MsoNormal\">O programa tamb\u00e9m exige a fixa\u00e7\u00e3o de placa ou cartaz de advert\u00eancia em \u00e1reas de circula\u00e7\u00e3o de passageiros, guich\u00eas de venda de bilhetes de transporte e no interior dos \u00f4nibus. Os locais ter\u00e3o o prazo de at\u00e9 30 dias para se adequar a essas determina\u00e7\u00f5es.<\/p>\n<p class=\"v1MsoNormal\">Em caso de descumprimento da lei, o condutor respons\u00e1vel receber\u00e1 advert\u00eancia seguida por multa no valor de 100 UFs, podendo ter seu valor dobrado em caso de reincid\u00eancia.<\/p>\n<p class=\"v1MsoNormal\">O crime de importuna\u00e7\u00e3o sexual pode acarretar de um a cinco anos de pris\u00e3o e den\u00fancias podem ser feitas pelo n\u00famero 190.<\/p>\n<p><strong>Leia mais<\/strong><\/p>\n<p><a href=\"https:\/\/redenoticiaz.com.br\/litoralsp\/2022\/08\/04\/comeca-a-aplicacao-da-quarta-dose-da-vacina-contra-a-covid-para-maiores-de-30-anos-no-guaruja\">Come\u00e7a a aplica\u00e7\u00e3o da quarta dose da vacina contra a Covid para maiores de 30 anos no Guaruj\u00e1<\/a><\/p>\n","protected":false},"excerpt":{"rendered":"<p>Com o intuito de coibir a importuna\u00e7\u00e3o sexual nos ve\u00edculos de transporte coletivo, o prefeito de Guaruj\u00e1, V\u00e1lter Sumam instituiu, na \u00faltima sexta-feira (29), a lei n\u00ba 5.045, que cria o Programa de Combate ao Ass\u00e9dio Sexual no Transporte Coletivo. A iniciativa \u00e9 um projeto de lei N\u00ba 025\/2022 do vereador, M\u00e1rio L\u00facio da Concei\u00e7\u00e3o. &hellip;<\/p>\n","protected":false},"author":12,"featured_media":89670,"comment_status":"open","ping_status":"closed","sticky":false,"template":"","format":"standard","meta":{"footnotes":""},"categories":[187],"tags":[5005,1006,3073],"class_list":["post-89669","post","type-post","status-publish","format-standard","has-post-thumbnail","hentry","category-guaruja","tag-assedio-sexual","tag-guaruja","tag-transporte-coletivo"],"yoast_head":"<!-- This site is optimized with the Yoast SEO plugin v27.5 - https:\/\/yoast.com\/product\/yoast-seo-wordpress\/ -->\n<title>Guaruj\u00e1 cria Programa de Combate ao Ass\u00e9dio Sexual no transporte coletivo - Litoral SP<\/title>\n<meta name=\"description\" content=\"Em Guaruj\u00e1, ao primeiro sinal desta viol\u00eancia contra a mulher, o motorista dever\u00e1 procurar um local seguro e parar o ve\u00edculo.\" \/>\n<meta name=\"robots\" content=\"index, follow, max-snippet:-1, max-image-preview:large, max-video-preview:-1\" \/>\n<link rel=\"canonical\" href=\"https:\/\/redenoticiaz.com.br\/litoralsp\/2022\/08\/06\/guaruja-cria-programa-de-combate-ao-assedio-sexual-no-transporte-coletivo\" \/>\n<meta property=\"og:locale\" content=\"pt_BR\" \/>\n<meta property=\"og:type\" content=\"article\" \/>\n<meta property=\"og:title\" content=\"Guaruj\u00e1 cria Programa de Combate ao Ass\u00e9dio Sexual no transporte coletivo - Litoral SP\" \/>\n<meta property=\"og:description\" content=\"Em Guaruj\u00e1, ao primeiro sinal desta viol\u00eancia contra a mulher, o motorista dever\u00e1 procurar um local seguro e parar o ve\u00edculo.\" \/>\n<meta property=\"og:url\" content=\"https:\/\/redenoticiaz.com.br\/litoralsp\/2022\/08\/06\/guaruja-cria-programa-de-combate-ao-assedio-sexual-no-transporte-coletivo\" \/>\n<meta property=\"og:site_name\" content=\"Litoral SP\" \/>\n<meta property=\"article:published_time\" content=\"2022-08-06T17:00:46+00:00\" \/>\n<meta property=\"og:image\" content=\"https:\/\/redenoticiaz.com.br\/litoralsp\/wp-content\/uploads\/sites\/3\/2022\/08\/48545281131_780e9ef018_k-scaled.jpg\" \/>\n\t<meta property=\"og:image:width\" content=\"1620\" \/>\n\t<meta property=\"og:image:height\" content=\"1080\" \/>\n\t<meta property=\"og:image:type\" content=\"image\/jpeg\" \/>\n<meta name=\"author\" content=\"Gustavo Silva\" \/>\n<meta name=\"twitter:card\" content=\"summary_large_image\" \/>\n<meta name=\"twitter:label1\" content=\"Escrito por\" \/>\n\t<meta name=\"twitter:data1\" content=\"Gustavo Silva\" \/>\n\t<meta name=\"twitter:label2\" content=\"Est. tempo de leitura\" \/>\n\t<meta name=\"twitter:data2\" content=\"2 minutos\" \/>\n<script type=\"application\/ld+json\" class=\"yoast-schema-graph\">{\"@context\":\"https:\\\/\\\/schema.org\",\"@graph\":[{\"@type\":\"Article\",\"@id\":\"https:\\\/\\\/redenoticiaz.com.br\\\/litoralsp\\\/2022\\\/08\\\/06\\\/guaruja-cria-programa-de-combate-ao-assedio-sexual-no-transporte-coletivo#article\",\"isPartOf\":{\"@id\":\"https:\\\/\\\/redenoticiaz.com.br\\\/litoralsp\\\/2022\\\/08\\\/06\\\/guaruja-cria-programa-de-combate-ao-assedio-sexual-no-transporte-coletivo\"},\"author\":{\"name\":\"Gustavo Silva\",\"@id\":\"https:\\\/\\\/redenoticiaz.com.br\\\/litoralsp\\\/#\\\/schema\\\/person\\\/16057b37a3c0ee6b096d7f887c566e2e\"},\"headline\":\"Guaruj\u00e1 cria Programa de Combate ao Ass\u00e9dio Sexual no transporte coletivo\",\"datePublished\":\"2022-08-06T17:00:46+00:00\",\"mainEntityOfPage\":{\"@id\":\"https:\\\/\\\/redenoticiaz.com.br\\\/litoralsp\\\/2022\\\/08\\\/06\\\/guaruja-cria-programa-de-combate-ao-assedio-sexual-no-transporte-coletivo\"},\"wordCount\":264,\"commentCount\":0,\"publisher\":{\"@id\":\"https:\\\/\\\/redenoticiaz.com.br\\\/litoralsp\\\/#organization\"},\"image\":{\"@id\":\"https:\\\/\\\/redenoticiaz.com.br\\\/litoralsp\\\/2022\\\/08\\\/06\\\/guaruja-cria-programa-de-combate-ao-assedio-sexual-no-transporte-coletivo#primaryimage\"},\"thumbnailUrl\":\"https:\\\/\\\/redenoticiaz.com.br\\\/litoralsp\\\/wp-content\\\/uploads\\\/sites\\\/3\\\/2022\\\/08\\\/48545281131_780e9ef018_k-scaled.jpg\",\"keywords\":[\"ASSEDIO SEXUAL\",\"GUARUJ\u00c1\",\"TRANSPORTE COLETIVO\"],\"articleSection\":[\"Guaruj\u00e1\"],\"inLanguage\":\"pt-BR\",\"potentialAction\":[{\"@type\":\"CommentAction\",\"name\":\"Comment\",\"target\":[\"https:\\\/\\\/redenoticiaz.com.br\\\/litoralsp\\\/2022\\\/08\\\/06\\\/guaruja-cria-programa-de-combate-ao-assedio-sexual-no-transporte-coletivo#respond\"]}]},{\"@type\":\"WebPage\",\"@id\":\"https:\\\/\\\/redenoticiaz.com.br\\\/litoralsp\\\/2022\\\/08\\\/06\\\/guaruja-cria-programa-de-combate-ao-assedio-sexual-no-transporte-coletivo\",\"url\":\"https:\\\/\\\/redenoticiaz.com.br\\\/litoralsp\\\/2022\\\/08\\\/06\\\/guaruja-cria-programa-de-combate-ao-assedio-sexual-no-transporte-coletivo\",\"name\":\"Guaruj\u00e1 cria Programa de Combate ao Ass\u00e9dio Sexual no transporte coletivo - Litoral SP\",\"isPartOf\":{\"@id\":\"https:\\\/\\\/redenoticiaz.com.br\\\/litoralsp\\\/#website\"},\"primaryImageOfPage\":{\"@id\":\"https:\\\/\\\/redenoticiaz.com.br\\\/litoralsp\\\/2022\\\/08\\\/06\\\/guaruja-cria-programa-de-combate-ao-assedio-sexual-no-transporte-coletivo#primaryimage\"},\"image\":{\"@id\":\"https:\\\/\\\/redenoticiaz.com.br\\\/litoralsp\\\/2022\\\/08\\\/06\\\/guaruja-cria-programa-de-combate-ao-assedio-sexual-no-transporte-coletivo#primaryimage\"},\"thumbnailUrl\":\"https:\\\/\\\/redenoticiaz.com.br\\\/litoralsp\\\/wp-content\\\/uploads\\\/sites\\\/3\\\/2022\\\/08\\\/48545281131_780e9ef018_k-scaled.jpg\",\"datePublished\":\"2022-08-06T17:00:46+00:00\",\"description\":\"Em Guaruj\u00e1, ao primeiro sinal desta viol\u00eancia contra a mulher, o motorista dever\u00e1 procurar um local seguro e parar o ve\u00edculo.\",\"inLanguage\":\"pt-BR\",\"potentialAction\":[{\"@type\":\"ReadAction\",\"target\":[\"https:\\\/\\\/redenoticiaz.com.br\\\/litoralsp\\\/2022\\\/08\\\/06\\\/guaruja-cria-programa-de-combate-ao-assedio-sexual-no-transporte-coletivo\"]}]},{\"@type\":\"ImageObject\",\"inLanguage\":\"pt-BR\",\"@id\":\"https:\\\/\\\/redenoticiaz.com.br\\\/litoralsp\\\/2022\\\/08\\\/06\\\/guaruja-cria-programa-de-combate-ao-assedio-sexual-no-transporte-coletivo#primaryimage\",\"url\":\"https:\\\/\\\/redenoticiaz.com.br\\\/litoralsp\\\/wp-content\\\/uploads\\\/sites\\\/3\\\/2022\\\/08\\\/48545281131_780e9ef018_k-scaled.jpg\",\"contentUrl\":\"https:\\\/\\\/redenoticiaz.com.br\\\/litoralsp\\\/wp-content\\\/uploads\\\/sites\\\/3\\\/2022\\\/08\\\/48545281131_780e9ef018_k-scaled.jpg\",\"width\":1620,\"height\":1080,\"caption\":\"Guaruj\u00e1 cria Programa de Combate ao Ass\u00e9dio Sexual no transporte coletivo\"},{\"@type\":\"WebSite\",\"@id\":\"https:\\\/\\\/redenoticiaz.com.br\\\/litoralsp\\\/#website\",\"url\":\"https:\\\/\\\/redenoticiaz.com.br\\\/litoralsp\\\/\",\"name\":\"Litoral SP\",\"description\":\"Rede NoticiaZ\",\"publisher\":{\"@id\":\"https:\\\/\\\/redenoticiaz.com.br\\\/litoralsp\\\/#organization\"},\"potentialAction\":[{\"@type\":\"SearchAction\",\"target\":{\"@type\":\"EntryPoint\",\"urlTemplate\":\"https:\\\/\\\/redenoticiaz.com.br\\\/litoralsp\\\/?s={search_term_string}\"},\"query-input\":{\"@type\":\"PropertyValueSpecification\",\"valueRequired\":true,\"valueName\":\"search_term_string\"}}],\"inLanguage\":\"pt-BR\"},{\"@type\":\"Organization\",\"@id\":\"https:\\\/\\\/redenoticiaz.com.br\\\/litoralsp\\\/#organization\",\"name\":\"Litoral SP\",\"url\":\"https:\\\/\\\/redenoticiaz.com.br\\\/litoralsp\\\/\",\"logo\":{\"@type\":\"ImageObject\",\"inLanguage\":\"pt-BR\",\"@id\":\"https:\\\/\\\/redenoticiaz.com.br\\\/litoralsp\\\/#\\\/schema\\\/logo\\\/image\\\/\",\"url\":\"https:\\\/\\\/redenoticiaz.com.br\\\/litoralsp\\\/wp-content\\\/uploads\\\/sites\\\/3\\\/2020\\\/11\\\/logo.jpg\",\"contentUrl\":\"https:\\\/\\\/redenoticiaz.com.br\\\/litoralsp\\\/wp-content\\\/uploads\\\/sites\\\/3\\\/2020\\\/11\\\/logo.jpg\",\"width\":400,\"height\":250,\"caption\":\"Litoral SP\"},\"image\":{\"@id\":\"https:\\\/\\\/redenoticiaz.com.br\\\/litoralsp\\\/#\\\/schema\\\/logo\\\/image\\\/\"}},{\"@type\":\"Person\",\"@id\":\"https:\\\/\\\/redenoticiaz.com.br\\\/litoralsp\\\/#\\\/schema\\\/person\\\/16057b37a3c0ee6b096d7f887c566e2e\",\"name\":\"Gustavo Silva\",\"image\":{\"@type\":\"ImageObject\",\"inLanguage\":\"pt-BR\",\"@id\":\"https:\\\/\\\/secure.gravatar.com\\\/avatar\\\/3ee4e82f93b26de0a7cf4ea5eb7893da637ed6bb0c9170c58065944c56e28a33?s=96&d=mm&r=g\",\"url\":\"https:\\\/\\\/secure.gravatar.com\\\/avatar\\\/3ee4e82f93b26de0a7cf4ea5eb7893da637ed6bb0c9170c58065944c56e28a33?s=96&d=mm&r=g\",\"contentUrl\":\"https:\\\/\\\/secure.gravatar.com\\\/avatar\\\/3ee4e82f93b26de0a7cf4ea5eb7893da637ed6bb0c9170c58065944c56e28a33?s=96&d=mm&r=g\",\"caption\":\"Gustavo Silva\"},\"url\":\"https:\\\/\\\/redenoticiaz.com.br\\\/litoralsp\\\/author\\\/gustavosilva\"}]}<\/script>\n<!-- \/ Yoast SEO plugin. -->","yoast_head_json":{"title":"Guaruj\u00e1 cria Programa de Combate ao Ass\u00e9dio Sexual no transporte coletivo - Litoral SP","description":"Em Guaruj\u00e1, ao primeiro sinal desta viol\u00eancia contra a mulher, o motorista dever\u00e1 procurar um local seguro e parar o ve\u00edculo.","robots":{"index":"index","follow":"follow","max-snippet":"max-snippet:-1","max-image-preview":"max-image-preview:large","max-video-preview":"max-video-preview:-1"},"canonical":"https:\/\/redenoticiaz.com.br\/litoralsp\/2022\/08\/06\/guaruja-cria-programa-de-combate-ao-assedio-sexual-no-transporte-coletivo","og_locale":"pt_BR","og_type":"article","og_title":"Guaruj\u00e1 cria Programa de Combate ao Ass\u00e9dio Sexual no transporte coletivo - Litoral SP","og_description":"Em Guaruj\u00e1, ao primeiro sinal desta viol\u00eancia contra a mulher, o motorista dever\u00e1 procurar um local seguro e parar o ve\u00edculo.","og_url":"https:\/\/redenoticiaz.com.br\/litoralsp\/2022\/08\/06\/guaruja-cria-programa-de-combate-ao-assedio-sexual-no-transporte-coletivo","og_site_name":"Litoral SP","article_published_time":"2022-08-06T17:00:46+00:00","og_image":[{"width":1620,"height":1080,"url":"https:\/\/redenoticiaz.com.br\/litoralsp\/wp-content\/uploads\/sites\/3\/2022\/08\/48545281131_780e9ef018_k-scaled.jpg","type":"image\/jpeg"}],"author":"Gustavo Silva","twitter_card":"summary_large_image","twitter_misc":{"Escrito por":"Gustavo Silva","Est. tempo de leitura":"2 minutos"},"schema":{"@context":"https:\/\/schema.org","@graph":[{"@type":"Article","@id":"https:\/\/redenoticiaz.com.br\/litoralsp\/2022\/08\/06\/guaruja-cria-programa-de-combate-ao-assedio-sexual-no-transporte-coletivo#article","isPartOf":{"@id":"https:\/\/redenoticiaz.com.br\/litoralsp\/2022\/08\/06\/guaruja-cria-programa-de-combate-ao-assedio-sexual-no-transporte-coletivo"},"author":{"name":"Gustavo Silva","@id":"https:\/\/redenoticiaz.com.br\/litoralsp\/#\/schema\/person\/16057b37a3c0ee6b096d7f887c566e2e"},"headline":"Guaruj\u00e1 cria Programa de Combate ao Ass\u00e9dio Sexual no transporte coletivo","datePublished":"2022-08-06T17:00:46+00:00","mainEntityOfPage":{"@id":"https:\/\/redenoticiaz.com.br\/litoralsp\/2022\/08\/06\/guaruja-cria-programa-de-combate-ao-assedio-sexual-no-transporte-coletivo"},"wordCount":264,"commentCount":0,"publisher":{"@id":"https:\/\/redenoticiaz.com.br\/litoralsp\/#organization"},"image":{"@id":"https:\/\/redenoticiaz.com.br\/litoralsp\/2022\/08\/06\/guaruja-cria-programa-de-combate-ao-assedio-sexual-no-transporte-coletivo#primaryimage"},"thumbnailUrl":"https:\/\/redenoticiaz.com.br\/litoralsp\/wp-content\/uploads\/sites\/3\/2022\/08\/48545281131_780e9ef018_k-scaled.jpg","keywords":["ASSEDIO SEXUAL","GUARUJ\u00c1","TRANSPORTE COLETIVO"],"articleSection":["Guaruj\u00e1"],"inLanguage":"pt-BR","potentialAction":[{"@type":"CommentAction","name":"Comment","target":["https:\/\/redenoticiaz.com.br\/litoralsp\/2022\/08\/06\/guaruja-cria-programa-de-combate-ao-assedio-sexual-no-transporte-coletivo#respond"]}]},{"@type":"WebPage","@id":"https:\/\/redenoticiaz.com.br\/litoralsp\/2022\/08\/06\/guaruja-cria-programa-de-combate-ao-assedio-sexual-no-transporte-coletivo","url":"https:\/\/redenoticiaz.com.br\/litoralsp\/2022\/08\/06\/guaruja-cria-programa-de-combate-ao-assedio-sexual-no-transporte-coletivo","name":"Guaruj\u00e1 cria Programa de Combate ao Ass\u00e9dio Sexual no transporte coletivo - Litoral SP","isPartOf":{"@id":"https:\/\/redenoticiaz.com.br\/litoralsp\/#website"},"primaryImageOfPage":{"@id":"https:\/\/redenoticiaz.com.br\/litoralsp\/2022\/08\/06\/guaruja-cria-programa-de-combate-ao-assedio-sexual-no-transporte-coletivo#primaryimage"},"image":{"@id":"https:\/\/redenoticiaz.com.br\/litoralsp\/2022\/08\/06\/guaruja-cria-programa-de-combate-ao-assedio-sexual-no-transporte-coletivo#primaryimage"},"thumbnailUrl":"https:\/\/redenoticiaz.com.br\/litoralsp\/wp-content\/uploads\/sites\/3\/2022\/08\/48545281131_780e9ef018_k-scaled.jpg","datePublished":"2022-08-06T17:00:46+00:00","description":"Em Guaruj\u00e1, ao primeiro sinal desta viol\u00eancia contra a mulher, o motorista dever\u00e1 procurar um local seguro e parar o ve\u00edculo.","inLanguage":"pt-BR","potentialAction":[{"@type":"ReadAction","target":["https:\/\/redenoticiaz.com.br\/litoralsp\/2022\/08\/06\/guaruja-cria-programa-de-combate-ao-assedio-sexual-no-transporte-coletivo"]}]},{"@type":"ImageObject","inLanguage":"pt-BR","@id":"https:\/\/redenoticiaz.com.br\/litoralsp\/2022\/08\/06\/guaruja-cria-programa-de-combate-ao-assedio-sexual-no-transporte-coletivo#primaryimage","url":"https:\/\/redenoticiaz.com.br\/litoralsp\/wp-content\/uploads\/sites\/3\/2022\/08\/48545281131_780e9ef018_k-scaled.jpg","contentUrl":"https:\/\/redenoticiaz.com.br\/litoralsp\/wp-content\/uploads\/sites\/3\/2022\/08\/48545281131_780e9ef018_k-scaled.jpg","width":1620,"height":1080,"caption":"Guaruj\u00e1 cria Programa de Combate ao Ass\u00e9dio Sexual no transporte coletivo"},{"@type":"WebSite","@id":"https:\/\/redenoticiaz.com.br\/litoralsp\/#website","url":"https:\/\/redenoticiaz.com.br\/litoralsp\/","name":"Litoral SP","description":"Rede NoticiaZ","publisher":{"@id":"https:\/\/redenoticiaz.com.br\/litoralsp\/#organization"},"potentialAction":[{"@type":"SearchAction","target":{"@type":"EntryPoint","urlTemplate":"https:\/\/redenoticiaz.com.br\/litoralsp\/?s={search_term_string}"},"query-input":{"@type":"PropertyValueSpecification","valueRequired":true,"valueName":"search_term_string"}}],"inLanguage":"pt-BR"},{"@type":"Organization","@id":"https:\/\/redenoticiaz.com.br\/litoralsp\/#organization","name":"Litoral SP","url":"https:\/\/redenoticiaz.com.br\/litoralsp\/","logo":{"@type":"ImageObject","inLanguage":"pt-BR","@id":"https:\/\/redenoticiaz.com.br\/litoralsp\/#\/schema\/logo\/image\/","url":"https:\/\/redenoticiaz.com.br\/litoralsp\/wp-content\/uploads\/sites\/3\/2020\/11\/logo.jpg","contentUrl":"https:\/\/redenoticiaz.com.br\/litoralsp\/wp-content\/uploads\/sites\/3\/2020\/11\/logo.jpg","width":400,"height":250,"caption":"Litoral SP"},"image":{"@id":"https:\/\/redenoticiaz.com.br\/litoralsp\/#\/schema\/logo\/image\/"}},{"@type":"Person","@id":"https:\/\/redenoticiaz.com.br\/litoralsp\/#\/schema\/person\/16057b37a3c0ee6b096d7f887c566e2e","name":"Gustavo Silva","image":{"@type":"ImageObject","inLanguage":"pt-BR","@id":"https:\/\/secure.gravatar.com\/avatar\/3ee4e82f93b26de0a7cf4ea5eb7893da637ed6bb0c9170c58065944c56e28a33?s=96&d=mm&r=g","url":"https:\/\/secure.gravatar.com\/avatar\/3ee4e82f93b26de0a7cf4ea5eb7893da637ed6bb0c9170c58065944c56e28a33?s=96&d=mm&r=g","contentUrl":"https:\/\/secure.gravatar.com\/avatar\/3ee4e82f93b26de0a7cf4ea5eb7893da637ed6bb0c9170c58065944c56e28a33?s=96&d=mm&r=g","caption":"Gustavo Silva"},"url":"https:\/\/redenoticiaz.com.br\/litoralsp\/author\/gustavosilva"}]}},"_links":{"self":[{"href":"https:\/\/redenoticiaz.com.br\/litoralsp\/wp-json\/wp\/v2\/posts\/89669","targetHints":{"allow":["GET"]}}],"collection":[{"href":"https:\/\/redenoticiaz.com.br\/litoralsp\/wp-json\/wp\/v2\/posts"}],"about":[{"href":"https:\/\/redenoticiaz.com.br\/litoralsp\/wp-json\/wp\/v2\/types\/post"}],"author":[{"embeddable":true,"href":"https:\/\/redenoticiaz.com.br\/litoralsp\/wp-json\/wp\/v2\/users\/12"}],"replies":[{"embeddable":true,"href":"https:\/\/redenoticiaz.com.br\/litoralsp\/wp-json\/wp\/v2\/comments?post=89669"}],"version-history":[{"count":1,"href":"https:\/\/redenoticiaz.com.br\/litoralsp\/wp-json\/wp\/v2\/posts\/89669\/revisions"}],"predecessor-version":[{"id":89671,"href":"https:\/\/redenoticiaz.com.br\/litoralsp\/wp-json\/wp\/v2\/posts\/89669\/revisions\/89671"}],"wp:featuredmedia":[{"embeddable":true,"href":"https:\/\/redenoticiaz.com.br\/litoralsp\/wp-json\/wp\/v2\/media\/89670"}],"wp:attachment":[{"href":"https:\/\/redenoticiaz.com.br\/litoralsp\/wp-json\/wp\/v2\/media?parent=89669"}],"wp:term":[{"taxonomy":"category","embeddable":true,"href":"https:\/\/redenoticiaz.com.br\/litoralsp\/wp-json\/wp\/v2\/categories?post=89669"},{"taxonomy":"post_tag","embeddable":true,"href":"https:\/\/redenoticiaz.com.br\/litoralsp\/wp-json\/wp\/v2\/tags?post=89669"}],"curies":[{"name":"wp","href":"https:\/\/api.w.org\/{rel}","templated":true}]}}