{"id":89839,"date":"2022-08-09T19:51:47","date_gmt":"2022-08-09T22:51:47","guid":{"rendered":"https:\/\/redenoticiaz.com.br\/litoralsp\/2022\/08\/09\/onibus-urbano-perdeu-108-milhoes-de-passageiros-em-2021"},"modified":"2022-08-09T19:51:56","modified_gmt":"2022-08-09T22:51:56","slug":"onibus-urbano-perdeu-108-milhoes-de-passageiros-em-2021","status":"publish","type":"post","link":"https:\/\/redenoticiaz.com.br\/litoralsp\/2022\/08\/09\/onibus-urbano-perdeu-108-milhoes-de-passageiros-em-2021","title":{"rendered":"\u00d4nibus urbano perdeu 10,8 milh\u00f5es de passageiros em 2021"},"content":{"rendered":"<p>Apesar da recupera\u00e7\u00e3o de 37,8% da demanda de passageiros pagantes transportados pelos \u00f4nibus urbanos em 2021 ante o ano anterior, quando comparado com o cen\u00e1rio de 2019, anterior \u00e0 pandemia, a queda registrada ainda \u00e9 expressiva, da ordem de 32,6%.<\/p>\n<p>De acordo os dados, isso equivale a uma redu\u00e7\u00e3o de 10,8 milh\u00f5es de viagens realizadas por passageiros pagantes por dia, em todo o pa\u00eds. Os dados fazem parte do Anu\u00e1rio da Associa\u00e7\u00e3o Nacional das Empresas de Transportes Urbanos (NTU) 2021-2022, divulgado hoje (9), em um semin\u00e1rio do setor na capital paulista.<img decoding=\"async\" src=\"https:\/\/agenciabrasil.ebc.com.br\/ebc.png?id=1475388&amp;o=node\" \/><img decoding=\"async\" src=\"https:\/\/agenciabrasil.ebc.com.br\/ebc.gif?id=1475388&amp;o=node\" \/><\/p>\n<p>Ainda de acordo com a pesquisa NTU, a an\u00e1lise da demanda se baseia na compara\u00e7\u00e3o para os meses de abril e outubro de cada ano.<\/p>\n<p>O m\u00eas de abril de 2021 registrou recupera\u00e7\u00e3o de 119,5% em rela\u00e7\u00e3o ao mesmo m\u00eas do ano anterior, per\u00edodo no qual foram atingidos os maiores \u00edndices de isolamento social, resultando em impacto na quantidade de passageiros transportados nas cidades brasileiras.<\/p>\n<p>Sendo assim, j\u00e1 no m\u00eas de outubro de 2021, houve uma pequena redu\u00e7\u00e3o de 2,1%, na compara\u00e7\u00e3o com o mesmo per\u00edodo do ano anterior.<\/p>\n<p>De acordo com um monitoramento feito pela NTU sobre os impactos da pandemia, de novembro de 2021 a abril de 2022 os n\u00edveis mensais de demanda registrados oscilaram entre 66,8% e 71,3%, em rela\u00e7\u00e3o \u00e0 situa\u00e7\u00e3o do per\u00edodo da pr\u00e9-pandemia.<\/p>\n<p><strong>Leia mais<\/strong><\/p>\n<p><a href=\"https:\/\/redenoticiaz.com.br\/blog\/2022\/08\/05\/suspeito-de-assaltar-onibus-e-preso-em-jundiai\">Suspeito de assaltar \u00f4nibus \u00e9 preso em Jundia\u00ed<\/a><\/p>\n","protected":false},"excerpt":{"rendered":"<p>Apesar da recupera\u00e7\u00e3o de 37,8% da demanda de passageiros pagantes transportados pelos \u00f4nibus urbanos em 2021 ante o ano anterior, quando comparado com o cen\u00e1rio de 2019, anterior \u00e0 pandemia, a queda registrada ainda \u00e9 expressiva, da ordem de 32,6%. De acordo os dados, isso equivale a uma redu\u00e7\u00e3o de 10,8 milh\u00f5es de viagens realizadas &hellip;<\/p>\n","protected":false},"author":12,"featured_media":89840,"comment_status":"open","ping_status":"closed","sticky":false,"template":"","format":"standard","meta":{"footnotes":""},"categories":[5],"tags":[173,58779,1287,91],"class_list":["post-89839","post","type-post","status-publish","format-standard","has-post-thumbnail","hentry","category-transito","tag-brasil","tag-demanda","tag-onibus","tag-transporte"],"yoast_head":"<!-- This site is optimized with the Yoast SEO plugin v27.5 - https:\/\/yoast.com\/product\/yoast-seo-wordpress\/ -->\n<title>\u00d4nibus urbano perdeu 10,8 milh\u00f5es de passageiros em 2021 - Litoral SP<\/title>\n<meta name=\"description\" content=\"Ainda de acordo com a pesquisa NTU, a an\u00e1lise da demanda se baseia na compara\u00e7\u00e3o para os meses de abril e outubro de cada ano.\" \/>\n<meta name=\"robots\" content=\"index, follow, max-snippet:-1, max-image-preview:large, max-video-preview:-1\" \/>\n<link rel=\"canonical\" href=\"https:\/\/redenoticiaz.com.br\/litoralsp\/2022\/08\/09\/onibus-urbano-perdeu-108-milhoes-de-passageiros-em-2021\" \/>\n<meta property=\"og:locale\" content=\"pt_BR\" \/>\n<meta property=\"og:type\" content=\"article\" \/>\n<meta property=\"og:title\" content=\"\u00d4nibus urbano perdeu 10,8 milh\u00f5es de passageiros em 2021 - Litoral SP\" \/>\n<meta property=\"og:description\" content=\"Ainda de acordo com a pesquisa NTU, a an\u00e1lise da demanda se baseia na compara\u00e7\u00e3o para os meses de abril e outubro de cada ano.\" \/>\n<meta property=\"og:url\" content=\"https:\/\/redenoticiaz.com.br\/litoralsp\/2022\/08\/09\/onibus-urbano-perdeu-108-milhoes-de-passageiros-em-2021\" \/>\n<meta property=\"og:site_name\" content=\"Litoral SP\" \/>\n<meta property=\"article:published_time\" content=\"2022-08-09T22:51:47+00:00\" \/>\n<meta property=\"article:modified_time\" content=\"2022-08-09T22:51:56+00:00\" \/>\n<meta property=\"og:image\" content=\"https:\/\/redenoticiaz.com.br\/litoralsp\/wp-content\/uploads\/sites\/3\/2022\/08\/banco_de_imagens_da_agencia_brasil_mcajr_abr_20220729_0919.jpg?v=1660085427\" \/>\n\t<meta property=\"og:image:width\" content=\"1170\" \/>\n\t<meta property=\"og:image:height\" content=\"700\" \/>\n\t<meta property=\"og:image:type\" content=\"image\/jpeg\" \/>\n<meta name=\"author\" content=\"Gustavo Silva\" \/>\n<meta name=\"twitter:card\" content=\"summary_large_image\" \/>\n<meta name=\"twitter:label1\" content=\"Escrito por\" \/>\n\t<meta name=\"twitter:data1\" content=\"Gustavo Silva\" \/>\n\t<meta name=\"twitter:label2\" content=\"Est. tempo de leitura\" \/>\n\t<meta name=\"twitter:data2\" content=\"2 minutos\" \/>\n<script type=\"application\/ld+json\" class=\"yoast-schema-graph\">{\"@context\":\"https:\\\/\\\/schema.org\",\"@graph\":[{\"@type\":\"Article\",\"@id\":\"https:\\\/\\\/redenoticiaz.com.br\\\/litoralsp\\\/2022\\\/08\\\/09\\\/onibus-urbano-perdeu-108-milhoes-de-passageiros-em-2021#article\",\"isPartOf\":{\"@id\":\"https:\\\/\\\/redenoticiaz.com.br\\\/litoralsp\\\/2022\\\/08\\\/09\\\/onibus-urbano-perdeu-108-milhoes-de-passageiros-em-2021\"},\"author\":{\"name\":\"Gustavo Silva\",\"@id\":\"https:\\\/\\\/redenoticiaz.com.br\\\/litoralsp\\\/#\\\/schema\\\/person\\\/16057b37a3c0ee6b096d7f887c566e2e\"},\"headline\":\"\u00d4nibus urbano perdeu 10,8 milh\u00f5es de passageiros em 2021\",\"datePublished\":\"2022-08-09T22:51:47+00:00\",\"dateModified\":\"2022-08-09T22:51:56+00:00\",\"mainEntityOfPage\":{\"@id\":\"https:\\\/\\\/redenoticiaz.com.br\\\/litoralsp\\\/2022\\\/08\\\/09\\\/onibus-urbano-perdeu-108-milhoes-de-passageiros-em-2021\"},\"wordCount\":244,\"commentCount\":0,\"publisher\":{\"@id\":\"https:\\\/\\\/redenoticiaz.com.br\\\/litoralsp\\\/#organization\"},\"image\":{\"@id\":\"https:\\\/\\\/redenoticiaz.com.br\\\/litoralsp\\\/2022\\\/08\\\/09\\\/onibus-urbano-perdeu-108-milhoes-de-passageiros-em-2021#primaryimage\"},\"thumbnailUrl\":\"https:\\\/\\\/redenoticiaz.com.br\\\/litoralsp\\\/wp-content\\\/uploads\\\/sites\\\/3\\\/2022\\\/08\\\/banco_de_imagens_da_agencia_brasil_mcajr_abr_20220729_0919.jpg?v=1660085427\",\"keywords\":[\"Brasil\",\"demanda\",\"\u00d4NIBUS\",\"TRANSPORTE\"],\"articleSection\":[\"Tr\u00e2nsito\"],\"inLanguage\":\"pt-BR\",\"potentialAction\":[{\"@type\":\"CommentAction\",\"name\":\"Comment\",\"target\":[\"https:\\\/\\\/redenoticiaz.com.br\\\/litoralsp\\\/2022\\\/08\\\/09\\\/onibus-urbano-perdeu-108-milhoes-de-passageiros-em-2021#respond\"]}]},{\"@type\":\"WebPage\",\"@id\":\"https:\\\/\\\/redenoticiaz.com.br\\\/litoralsp\\\/2022\\\/08\\\/09\\\/onibus-urbano-perdeu-108-milhoes-de-passageiros-em-2021\",\"url\":\"https:\\\/\\\/redenoticiaz.com.br\\\/litoralsp\\\/2022\\\/08\\\/09\\\/onibus-urbano-perdeu-108-milhoes-de-passageiros-em-2021\",\"name\":\"\u00d4nibus urbano perdeu 10,8 milh\u00f5es de passageiros em 2021 - Litoral SP\",\"isPartOf\":{\"@id\":\"https:\\\/\\\/redenoticiaz.com.br\\\/litoralsp\\\/#website\"},\"primaryImageOfPage\":{\"@id\":\"https:\\\/\\\/redenoticiaz.com.br\\\/litoralsp\\\/2022\\\/08\\\/09\\\/onibus-urbano-perdeu-108-milhoes-de-passageiros-em-2021#primaryimage\"},\"image\":{\"@id\":\"https:\\\/\\\/redenoticiaz.com.br\\\/litoralsp\\\/2022\\\/08\\\/09\\\/onibus-urbano-perdeu-108-milhoes-de-passageiros-em-2021#primaryimage\"},\"thumbnailUrl\":\"https:\\\/\\\/redenoticiaz.com.br\\\/litoralsp\\\/wp-content\\\/uploads\\\/sites\\\/3\\\/2022\\\/08\\\/banco_de_imagens_da_agencia_brasil_mcajr_abr_20220729_0919.jpg?v=1660085427\",\"datePublished\":\"2022-08-09T22:51:47+00:00\",\"dateModified\":\"2022-08-09T22:51:56+00:00\",\"description\":\"Ainda de acordo com a pesquisa NTU, a an\u00e1lise da demanda se baseia na compara\u00e7\u00e3o para os meses de abril e outubro de cada ano.\",\"inLanguage\":\"pt-BR\",\"potentialAction\":[{\"@type\":\"ReadAction\",\"target\":[\"https:\\\/\\\/redenoticiaz.com.br\\\/litoralsp\\\/2022\\\/08\\\/09\\\/onibus-urbano-perdeu-108-milhoes-de-passageiros-em-2021\"]}]},{\"@type\":\"ImageObject\",\"inLanguage\":\"pt-BR\",\"@id\":\"https:\\\/\\\/redenoticiaz.com.br\\\/litoralsp\\\/2022\\\/08\\\/09\\\/onibus-urbano-perdeu-108-milhoes-de-passageiros-em-2021#primaryimage\",\"url\":\"https:\\\/\\\/redenoticiaz.com.br\\\/litoralsp\\\/wp-content\\\/uploads\\\/sites\\\/3\\\/2022\\\/08\\\/banco_de_imagens_da_agencia_brasil_mcajr_abr_20220729_0919.jpg?v=1660085427\",\"contentUrl\":\"https:\\\/\\\/redenoticiaz.com.br\\\/litoralsp\\\/wp-content\\\/uploads\\\/sites\\\/3\\\/2022\\\/08\\\/banco_de_imagens_da_agencia_brasil_mcajr_abr_20220729_0919.jpg?v=1660085427\",\"width\":1170,\"height\":700,\"caption\":\"Transporte p\u00fablico em Bras\u00edlia\"},{\"@type\":\"WebSite\",\"@id\":\"https:\\\/\\\/redenoticiaz.com.br\\\/litoralsp\\\/#website\",\"url\":\"https:\\\/\\\/redenoticiaz.com.br\\\/litoralsp\\\/\",\"name\":\"Litoral SP\",\"description\":\"Rede NoticiaZ\",\"publisher\":{\"@id\":\"https:\\\/\\\/redenoticiaz.com.br\\\/litoralsp\\\/#organization\"},\"potentialAction\":[{\"@type\":\"SearchAction\",\"target\":{\"@type\":\"EntryPoint\",\"urlTemplate\":\"https:\\\/\\\/redenoticiaz.com.br\\\/litoralsp\\\/?s={search_term_string}\"},\"query-input\":{\"@type\":\"PropertyValueSpecification\",\"valueRequired\":true,\"valueName\":\"search_term_string\"}}],\"inLanguage\":\"pt-BR\"},{\"@type\":\"Organization\",\"@id\":\"https:\\\/\\\/redenoticiaz.com.br\\\/litoralsp\\\/#organization\",\"name\":\"Litoral SP\",\"url\":\"https:\\\/\\\/redenoticiaz.com.br\\\/litoralsp\\\/\",\"logo\":{\"@type\":\"ImageObject\",\"inLanguage\":\"pt-BR\",\"@id\":\"https:\\\/\\\/redenoticiaz.com.br\\\/litoralsp\\\/#\\\/schema\\\/logo\\\/image\\\/\",\"url\":\"https:\\\/\\\/redenoticiaz.com.br\\\/litoralsp\\\/wp-content\\\/uploads\\\/sites\\\/3\\\/2020\\\/11\\\/logo.jpg\",\"contentUrl\":\"https:\\\/\\\/redenoticiaz.com.br\\\/litoralsp\\\/wp-content\\\/uploads\\\/sites\\\/3\\\/2020\\\/11\\\/logo.jpg\",\"width\":400,\"height\":250,\"caption\":\"Litoral SP\"},\"image\":{\"@id\":\"https:\\\/\\\/redenoticiaz.com.br\\\/litoralsp\\\/#\\\/schema\\\/logo\\\/image\\\/\"}},{\"@type\":\"Person\",\"@id\":\"https:\\\/\\\/redenoticiaz.com.br\\\/litoralsp\\\/#\\\/schema\\\/person\\\/16057b37a3c0ee6b096d7f887c566e2e\",\"name\":\"Gustavo Silva\",\"image\":{\"@type\":\"ImageObject\",\"inLanguage\":\"pt-BR\",\"@id\":\"https:\\\/\\\/secure.gravatar.com\\\/avatar\\\/3ee4e82f93b26de0a7cf4ea5eb7893da637ed6bb0c9170c58065944c56e28a33?s=96&d=mm&r=g\",\"url\":\"https:\\\/\\\/secure.gravatar.com\\\/avatar\\\/3ee4e82f93b26de0a7cf4ea5eb7893da637ed6bb0c9170c58065944c56e28a33?s=96&d=mm&r=g\",\"contentUrl\":\"https:\\\/\\\/secure.gravatar.com\\\/avatar\\\/3ee4e82f93b26de0a7cf4ea5eb7893da637ed6bb0c9170c58065944c56e28a33?s=96&d=mm&r=g\",\"caption\":\"Gustavo Silva\"},\"url\":\"https:\\\/\\\/redenoticiaz.com.br\\\/litoralsp\\\/author\\\/gustavosilva\"}]}<\/script>\n<!-- \/ Yoast SEO plugin. -->","yoast_head_json":{"title":"\u00d4nibus urbano perdeu 10,8 milh\u00f5es de passageiros em 2021 - Litoral SP","description":"Ainda de acordo com a pesquisa NTU, a an\u00e1lise da demanda se baseia na compara\u00e7\u00e3o para os meses de abril e outubro de cada ano.","robots":{"index":"index","follow":"follow","max-snippet":"max-snippet:-1","max-image-preview":"max-image-preview:large","max-video-preview":"max-video-preview:-1"},"canonical":"https:\/\/redenoticiaz.com.br\/litoralsp\/2022\/08\/09\/onibus-urbano-perdeu-108-milhoes-de-passageiros-em-2021","og_locale":"pt_BR","og_type":"article","og_title":"\u00d4nibus urbano perdeu 10,8 milh\u00f5es de passageiros em 2021 - Litoral SP","og_description":"Ainda de acordo com a pesquisa NTU, a an\u00e1lise da demanda se baseia na compara\u00e7\u00e3o para os meses de abril e outubro de cada ano.","og_url":"https:\/\/redenoticiaz.com.br\/litoralsp\/2022\/08\/09\/onibus-urbano-perdeu-108-milhoes-de-passageiros-em-2021","og_site_name":"Litoral SP","article_published_time":"2022-08-09T22:51:47+00:00","article_modified_time":"2022-08-09T22:51:56+00:00","og_image":[{"width":1170,"height":700,"url":"https:\/\/redenoticiaz.com.br\/litoralsp\/wp-content\/uploads\/sites\/3\/2022\/08\/banco_de_imagens_da_agencia_brasil_mcajr_abr_20220729_0919.jpg?v=1660085427","type":"image\/jpeg"}],"author":"Gustavo Silva","twitter_card":"summary_large_image","twitter_misc":{"Escrito por":"Gustavo Silva","Est. tempo de leitura":"2 minutos"},"schema":{"@context":"https:\/\/schema.org","@graph":[{"@type":"Article","@id":"https:\/\/redenoticiaz.com.br\/litoralsp\/2022\/08\/09\/onibus-urbano-perdeu-108-milhoes-de-passageiros-em-2021#article","isPartOf":{"@id":"https:\/\/redenoticiaz.com.br\/litoralsp\/2022\/08\/09\/onibus-urbano-perdeu-108-milhoes-de-passageiros-em-2021"},"author":{"name":"Gustavo Silva","@id":"https:\/\/redenoticiaz.com.br\/litoralsp\/#\/schema\/person\/16057b37a3c0ee6b096d7f887c566e2e"},"headline":"\u00d4nibus urbano perdeu 10,8 milh\u00f5es de passageiros em 2021","datePublished":"2022-08-09T22:51:47+00:00","dateModified":"2022-08-09T22:51:56+00:00","mainEntityOfPage":{"@id":"https:\/\/redenoticiaz.com.br\/litoralsp\/2022\/08\/09\/onibus-urbano-perdeu-108-milhoes-de-passageiros-em-2021"},"wordCount":244,"commentCount":0,"publisher":{"@id":"https:\/\/redenoticiaz.com.br\/litoralsp\/#organization"},"image":{"@id":"https:\/\/redenoticiaz.com.br\/litoralsp\/2022\/08\/09\/onibus-urbano-perdeu-108-milhoes-de-passageiros-em-2021#primaryimage"},"thumbnailUrl":"https:\/\/redenoticiaz.com.br\/litoralsp\/wp-content\/uploads\/sites\/3\/2022\/08\/banco_de_imagens_da_agencia_brasil_mcajr_abr_20220729_0919.jpg?v=1660085427","keywords":["Brasil","demanda","\u00d4NIBUS","TRANSPORTE"],"articleSection":["Tr\u00e2nsito"],"inLanguage":"pt-BR","potentialAction":[{"@type":"CommentAction","name":"Comment","target":["https:\/\/redenoticiaz.com.br\/litoralsp\/2022\/08\/09\/onibus-urbano-perdeu-108-milhoes-de-passageiros-em-2021#respond"]}]},{"@type":"WebPage","@id":"https:\/\/redenoticiaz.com.br\/litoralsp\/2022\/08\/09\/onibus-urbano-perdeu-108-milhoes-de-passageiros-em-2021","url":"https:\/\/redenoticiaz.com.br\/litoralsp\/2022\/08\/09\/onibus-urbano-perdeu-108-milhoes-de-passageiros-em-2021","name":"\u00d4nibus urbano perdeu 10,8 milh\u00f5es de passageiros em 2021 - Litoral SP","isPartOf":{"@id":"https:\/\/redenoticiaz.com.br\/litoralsp\/#website"},"primaryImageOfPage":{"@id":"https:\/\/redenoticiaz.com.br\/litoralsp\/2022\/08\/09\/onibus-urbano-perdeu-108-milhoes-de-passageiros-em-2021#primaryimage"},"image":{"@id":"https:\/\/redenoticiaz.com.br\/litoralsp\/2022\/08\/09\/onibus-urbano-perdeu-108-milhoes-de-passageiros-em-2021#primaryimage"},"thumbnailUrl":"https:\/\/redenoticiaz.com.br\/litoralsp\/wp-content\/uploads\/sites\/3\/2022\/08\/banco_de_imagens_da_agencia_brasil_mcajr_abr_20220729_0919.jpg?v=1660085427","datePublished":"2022-08-09T22:51:47+00:00","dateModified":"2022-08-09T22:51:56+00:00","description":"Ainda de acordo com a pesquisa NTU, a an\u00e1lise da demanda se baseia na compara\u00e7\u00e3o para os meses de abril e outubro de cada ano.","inLanguage":"pt-BR","potentialAction":[{"@type":"ReadAction","target":["https:\/\/redenoticiaz.com.br\/litoralsp\/2022\/08\/09\/onibus-urbano-perdeu-108-milhoes-de-passageiros-em-2021"]}]},{"@type":"ImageObject","inLanguage":"pt-BR","@id":"https:\/\/redenoticiaz.com.br\/litoralsp\/2022\/08\/09\/onibus-urbano-perdeu-108-milhoes-de-passageiros-em-2021#primaryimage","url":"https:\/\/redenoticiaz.com.br\/litoralsp\/wp-content\/uploads\/sites\/3\/2022\/08\/banco_de_imagens_da_agencia_brasil_mcajr_abr_20220729_0919.jpg?v=1660085427","contentUrl":"https:\/\/redenoticiaz.com.br\/litoralsp\/wp-content\/uploads\/sites\/3\/2022\/08\/banco_de_imagens_da_agencia_brasil_mcajr_abr_20220729_0919.jpg?v=1660085427","width":1170,"height":700,"caption":"Transporte p\u00fablico em Bras\u00edlia"},{"@type":"WebSite","@id":"https:\/\/redenoticiaz.com.br\/litoralsp\/#website","url":"https:\/\/redenoticiaz.com.br\/litoralsp\/","name":"Litoral SP","description":"Rede NoticiaZ","publisher":{"@id":"https:\/\/redenoticiaz.com.br\/litoralsp\/#organization"},"potentialAction":[{"@type":"SearchAction","target":{"@type":"EntryPoint","urlTemplate":"https:\/\/redenoticiaz.com.br\/litoralsp\/?s={search_term_string}"},"query-input":{"@type":"PropertyValueSpecification","valueRequired":true,"valueName":"search_term_string"}}],"inLanguage":"pt-BR"},{"@type":"Organization","@id":"https:\/\/redenoticiaz.com.br\/litoralsp\/#organization","name":"Litoral SP","url":"https:\/\/redenoticiaz.com.br\/litoralsp\/","logo":{"@type":"ImageObject","inLanguage":"pt-BR","@id":"https:\/\/redenoticiaz.com.br\/litoralsp\/#\/schema\/logo\/image\/","url":"https:\/\/redenoticiaz.com.br\/litoralsp\/wp-content\/uploads\/sites\/3\/2020\/11\/logo.jpg","contentUrl":"https:\/\/redenoticiaz.com.br\/litoralsp\/wp-content\/uploads\/sites\/3\/2020\/11\/logo.jpg","width":400,"height":250,"caption":"Litoral SP"},"image":{"@id":"https:\/\/redenoticiaz.com.br\/litoralsp\/#\/schema\/logo\/image\/"}},{"@type":"Person","@id":"https:\/\/redenoticiaz.com.br\/litoralsp\/#\/schema\/person\/16057b37a3c0ee6b096d7f887c566e2e","name":"Gustavo Silva","image":{"@type":"ImageObject","inLanguage":"pt-BR","@id":"https:\/\/secure.gravatar.com\/avatar\/3ee4e82f93b26de0a7cf4ea5eb7893da637ed6bb0c9170c58065944c56e28a33?s=96&d=mm&r=g","url":"https:\/\/secure.gravatar.com\/avatar\/3ee4e82f93b26de0a7cf4ea5eb7893da637ed6bb0c9170c58065944c56e28a33?s=96&d=mm&r=g","contentUrl":"https:\/\/secure.gravatar.com\/avatar\/3ee4e82f93b26de0a7cf4ea5eb7893da637ed6bb0c9170c58065944c56e28a33?s=96&d=mm&r=g","caption":"Gustavo Silva"},"url":"https:\/\/redenoticiaz.com.br\/litoralsp\/author\/gustavosilva"}]}},"_links":{"self":[{"href":"https:\/\/redenoticiaz.com.br\/litoralsp\/wp-json\/wp\/v2\/posts\/89839","targetHints":{"allow":["GET"]}}],"collection":[{"href":"https:\/\/redenoticiaz.com.br\/litoralsp\/wp-json\/wp\/v2\/posts"}],"about":[{"href":"https:\/\/redenoticiaz.com.br\/litoralsp\/wp-json\/wp\/v2\/types\/post"}],"author":[{"embeddable":true,"href":"https:\/\/redenoticiaz.com.br\/litoralsp\/wp-json\/wp\/v2\/users\/12"}],"replies":[{"embeddable":true,"href":"https:\/\/redenoticiaz.com.br\/litoralsp\/wp-json\/wp\/v2\/comments?post=89839"}],"version-history":[{"count":0,"href":"https:\/\/redenoticiaz.com.br\/litoralsp\/wp-json\/wp\/v2\/posts\/89839\/revisions"}],"wp:featuredmedia":[{"embeddable":true,"href":"https:\/\/redenoticiaz.com.br\/litoralsp\/wp-json\/wp\/v2\/media\/89840"}],"wp:attachment":[{"href":"https:\/\/redenoticiaz.com.br\/litoralsp\/wp-json\/wp\/v2\/media?parent=89839"}],"wp:term":[{"taxonomy":"category","embeddable":true,"href":"https:\/\/redenoticiaz.com.br\/litoralsp\/wp-json\/wp\/v2\/categories?post=89839"},{"taxonomy":"post_tag","embeddable":true,"href":"https:\/\/redenoticiaz.com.br\/litoralsp\/wp-json\/wp\/v2\/tags?post=89839"}],"curies":[{"name":"wp","href":"https:\/\/api.w.org\/{rel}","templated":true}]}}