{"id":90113,"date":"2022-08-13T14:53:23","date_gmt":"2022-08-13T17:53:23","guid":{"rendered":"https:\/\/redenoticiaz.com.br\/litoralsp\/2022\/08\/13\/video-urso-e-resgatado-apos-comer-mel-alucinogeno"},"modified":"2022-08-13T14:53:23","modified_gmt":"2022-08-13T17:53:23","slug":"video-urso-e-resgatado-apos-comer-mel-alucinogeno","status":"publish","type":"post","link":"https:\/\/redenoticiaz.com.br\/litoralsp\/2022\/08\/13\/video-urso-e-resgatado-apos-comer-mel-alucinogeno","title":{"rendered":"V\u00cdDEO: Urso \u00e9 resgatado ap\u00f3s comer mel alucin\u00f3geno"},"content":{"rendered":"<p>Um urso filhote marrom, na Turquia precisou ser resgatado, na quinta-feira (11), ap\u00f3s ficar desorientado ao ingerir um mel, com efeito, alucin\u00f3geno. Um v\u00eddeo mostra o animal sendo resgatado em uma caminhonete.<\/p>\n<p>O animal estava chorando e sentado de barriga para cima na caminhonete.\u00a0Apesar das boas condi\u00e7\u00f5es f\u00edsicas, foi levado a um veterin\u00e1rio e recebeu tratamento para ser solto na natureza nos pr\u00f3ximos dias, disseram as autoridades locais.<\/p>\n<h4><strong>Assista ao v\u00eddeo:\u00a0<\/strong><\/h4>\n\n<p>O Minist\u00e9rio da Agricultura pediu aos turcos para darem um nome para o urso.<\/p>\n<p><strong>VEJA TAMB\u00c9M:\u00a0<a href=\"https:\/\/redenoticiaz.com.br\/barretos-regiao\/sp\/2022\/04\/09\/abril-laranja-mes-da-prevencao-conta-a-crueldade-animal\">Abril Laranja: M\u00eas da preven\u00e7\u00e3o conta a crueldade animal<\/a><\/strong><\/p>\n","protected":false},"excerpt":{"rendered":"<p>Um urso filhote marrom, na Turquia precisou ser resgatado, na quinta-feira (11), ap\u00f3s ficar desorientado ao ingerir um mel, com efeito, alucin\u00f3geno. Um v\u00eddeo mostra o animal sendo resgatado em uma caminhonete. O animal estava chorando e sentado de barriga para cima na caminhonete.\u00a0Apesar das boas condi\u00e7\u00f5es f\u00edsicas, foi levado a um veterin\u00e1rio e recebeu &hellip;<\/p>\n","protected":false},"author":15,"featured_media":90114,"comment_status":"open","ping_status":"closed","sticky":false,"template":"","format":"standard","meta":{"footnotes":""},"categories":[1487],"tags":[58871,58872,3751,5877,58873],"class_list":["post-90113","post","type-post","status-publish","format-standard","has-post-thumbnail","hentry","category-meio-ambiente","tag-alucinogeno","tag-mel","tag-resgate","tag-turquia","tag-urso"],"yoast_head":"<!-- This site is optimized with the Yoast SEO plugin v27.4 - https:\/\/yoast.com\/product\/yoast-seo-wordpress\/ -->\n<title>V\u00cdDEO: Urso \u00e9 resgatado ap\u00f3s comer mel alucin\u00f3geno - Litoral SP<\/title>\n<meta name=\"description\" content=\"Um urso filhote marrom, na Turquia precisou ser resgatado, na quinta-feira (11), ap\u00f3s ficar desorientado ao ingerir um mel.\" \/>\n<meta name=\"robots\" content=\"index, follow, max-snippet:-1, max-image-preview:large, max-video-preview:-1\" \/>\n<link rel=\"canonical\" href=\"https:\/\/redenoticiaz.com.br\/litoralsp\/2022\/08\/13\/video-urso-e-resgatado-apos-comer-mel-alucinogeno\" \/>\n<meta property=\"og:locale\" content=\"pt_BR\" \/>\n<meta property=\"og:type\" content=\"article\" \/>\n<meta property=\"og:title\" content=\"V\u00cdDEO: Urso \u00e9 resgatado ap\u00f3s comer mel alucin\u00f3geno - Litoral SP\" \/>\n<meta property=\"og:description\" content=\"Um urso filhote marrom, na Turquia precisou ser resgatado, na quinta-feira (11), ap\u00f3s ficar desorientado ao ingerir um mel.\" \/>\n<meta property=\"og:url\" content=\"https:\/\/redenoticiaz.com.br\/litoralsp\/2022\/08\/13\/video-urso-e-resgatado-apos-comer-mel-alucinogeno\" \/>\n<meta property=\"og:site_name\" content=\"Litoral SP\" \/>\n<meta property=\"article:published_time\" content=\"2022-08-13T17:53:23+00:00\" \/>\n<meta property=\"og:image\" content=\"https:\/\/redenoticiaz.com.br\/litoralsp\/wp-content\/uploads\/sites\/3\/2022\/08\/251e3f26-17ff-4c32-9c81-2bc2111fc786.jpg\" \/>\n\t<meta property=\"og:image:width\" content=\"771\" \/>\n\t<meta property=\"og:image:height\" content=\"420\" \/>\n\t<meta property=\"og:image:type\" content=\"image\/jpeg\" \/>\n<meta name=\"twitter:card\" content=\"summary_large_image\" \/>\n<meta name=\"twitter:label1\" content=\"Escrito por\" \/>\n\t<meta name=\"twitter:data1\" content=\"\" \/>\n\t<meta name=\"twitter:label2\" content=\"Est. tempo de leitura\" \/>\n\t<meta name=\"twitter:data2\" content=\"1 minuto\" \/>\n<script type=\"application\/ld+json\" class=\"yoast-schema-graph\">{\"@context\":\"https:\\\/\\\/schema.org\",\"@graph\":[{\"@type\":\"Article\",\"@id\":\"https:\\\/\\\/redenoticiaz.com.br\\\/litoralsp\\\/2022\\\/08\\\/13\\\/video-urso-e-resgatado-apos-comer-mel-alucinogeno#article\",\"isPartOf\":{\"@id\":\"https:\\\/\\\/redenoticiaz.com.br\\\/litoralsp\\\/2022\\\/08\\\/13\\\/video-urso-e-resgatado-apos-comer-mel-alucinogeno\"},\"author\":{\"name\":\"\",\"@id\":\"\"},\"headline\":\"V\u00cdDEO: Urso \u00e9 resgatado ap\u00f3s comer mel alucin\u00f3geno\",\"datePublished\":\"2022-08-13T17:53:23+00:00\",\"mainEntityOfPage\":{\"@id\":\"https:\\\/\\\/redenoticiaz.com.br\\\/litoralsp\\\/2022\\\/08\\\/13\\\/video-urso-e-resgatado-apos-comer-mel-alucinogeno\"},\"wordCount\":122,\"commentCount\":0,\"publisher\":{\"@id\":\"https:\\\/\\\/redenoticiaz.com.br\\\/litoralsp\\\/#organization\"},\"image\":{\"@id\":\"https:\\\/\\\/redenoticiaz.com.br\\\/litoralsp\\\/2022\\\/08\\\/13\\\/video-urso-e-resgatado-apos-comer-mel-alucinogeno#primaryimage\"},\"thumbnailUrl\":\"https:\\\/\\\/redenoticiaz.com.br\\\/litoralsp\\\/wp-content\\\/uploads\\\/sites\\\/3\\\/2022\\\/08\\\/251e3f26-17ff-4c32-9c81-2bc2111fc786.jpg\",\"keywords\":[\"ALUCIN\u00d3GENO\",\"MEL\",\"resgate\",\"TURQUIA\",\"URSO\"],\"articleSection\":[\"Meio Ambiente\"],\"inLanguage\":\"pt-BR\",\"potentialAction\":[{\"@type\":\"CommentAction\",\"name\":\"Comment\",\"target\":[\"https:\\\/\\\/redenoticiaz.com.br\\\/litoralsp\\\/2022\\\/08\\\/13\\\/video-urso-e-resgatado-apos-comer-mel-alucinogeno#respond\"]}]},{\"@type\":\"WebPage\",\"@id\":\"https:\\\/\\\/redenoticiaz.com.br\\\/litoralsp\\\/2022\\\/08\\\/13\\\/video-urso-e-resgatado-apos-comer-mel-alucinogeno\",\"url\":\"https:\\\/\\\/redenoticiaz.com.br\\\/litoralsp\\\/2022\\\/08\\\/13\\\/video-urso-e-resgatado-apos-comer-mel-alucinogeno\",\"name\":\"V\u00cdDEO: Urso \u00e9 resgatado ap\u00f3s comer mel alucin\u00f3geno - Litoral SP\",\"isPartOf\":{\"@id\":\"https:\\\/\\\/redenoticiaz.com.br\\\/litoralsp\\\/#website\"},\"primaryImageOfPage\":{\"@id\":\"https:\\\/\\\/redenoticiaz.com.br\\\/litoralsp\\\/2022\\\/08\\\/13\\\/video-urso-e-resgatado-apos-comer-mel-alucinogeno#primaryimage\"},\"image\":{\"@id\":\"https:\\\/\\\/redenoticiaz.com.br\\\/litoralsp\\\/2022\\\/08\\\/13\\\/video-urso-e-resgatado-apos-comer-mel-alucinogeno#primaryimage\"},\"thumbnailUrl\":\"https:\\\/\\\/redenoticiaz.com.br\\\/litoralsp\\\/wp-content\\\/uploads\\\/sites\\\/3\\\/2022\\\/08\\\/251e3f26-17ff-4c32-9c81-2bc2111fc786.jpg\",\"datePublished\":\"2022-08-13T17:53:23+00:00\",\"description\":\"Um urso filhote marrom, na Turquia precisou ser resgatado, na quinta-feira (11), ap\u00f3s ficar desorientado ao ingerir um mel.\",\"inLanguage\":\"pt-BR\",\"potentialAction\":[{\"@type\":\"ReadAction\",\"target\":[\"https:\\\/\\\/redenoticiaz.com.br\\\/litoralsp\\\/2022\\\/08\\\/13\\\/video-urso-e-resgatado-apos-comer-mel-alucinogeno\"]}]},{\"@type\":\"ImageObject\",\"inLanguage\":\"pt-BR\",\"@id\":\"https:\\\/\\\/redenoticiaz.com.br\\\/litoralsp\\\/2022\\\/08\\\/13\\\/video-urso-e-resgatado-apos-comer-mel-alucinogeno#primaryimage\",\"url\":\"https:\\\/\\\/redenoticiaz.com.br\\\/litoralsp\\\/wp-content\\\/uploads\\\/sites\\\/3\\\/2022\\\/08\\\/251e3f26-17ff-4c32-9c81-2bc2111fc786.jpg\",\"contentUrl\":\"https:\\\/\\\/redenoticiaz.com.br\\\/litoralsp\\\/wp-content\\\/uploads\\\/sites\\\/3\\\/2022\\\/08\\\/251e3f26-17ff-4c32-9c81-2bc2111fc786.jpg\",\"width\":771,\"height\":420,\"caption\":\"Animal resgatado. Cr\u00e9dito: Reprodu\u00e7\u00e3o\"},{\"@type\":\"WebSite\",\"@id\":\"https:\\\/\\\/redenoticiaz.com.br\\\/litoralsp\\\/#website\",\"url\":\"https:\\\/\\\/redenoticiaz.com.br\\\/litoralsp\\\/\",\"name\":\"Litoral SP\",\"description\":\"Rede NoticiaZ\",\"publisher\":{\"@id\":\"https:\\\/\\\/redenoticiaz.com.br\\\/litoralsp\\\/#organization\"},\"potentialAction\":[{\"@type\":\"SearchAction\",\"target\":{\"@type\":\"EntryPoint\",\"urlTemplate\":\"https:\\\/\\\/redenoticiaz.com.br\\\/litoralsp\\\/?s={search_term_string}\"},\"query-input\":{\"@type\":\"PropertyValueSpecification\",\"valueRequired\":true,\"valueName\":\"search_term_string\"}}],\"inLanguage\":\"pt-BR\"},{\"@type\":\"Organization\",\"@id\":\"https:\\\/\\\/redenoticiaz.com.br\\\/litoralsp\\\/#organization\",\"name\":\"Litoral SP\",\"url\":\"https:\\\/\\\/redenoticiaz.com.br\\\/litoralsp\\\/\",\"logo\":{\"@type\":\"ImageObject\",\"inLanguage\":\"pt-BR\",\"@id\":\"https:\\\/\\\/redenoticiaz.com.br\\\/litoralsp\\\/#\\\/schema\\\/logo\\\/image\\\/\",\"url\":\"https:\\\/\\\/redenoticiaz.com.br\\\/litoralsp\\\/wp-content\\\/uploads\\\/sites\\\/3\\\/2020\\\/11\\\/logo.jpg\",\"contentUrl\":\"https:\\\/\\\/redenoticiaz.com.br\\\/litoralsp\\\/wp-content\\\/uploads\\\/sites\\\/3\\\/2020\\\/11\\\/logo.jpg\",\"width\":400,\"height\":250,\"caption\":\"Litoral SP\"},\"image\":{\"@id\":\"https:\\\/\\\/redenoticiaz.com.br\\\/litoralsp\\\/#\\\/schema\\\/logo\\\/image\\\/\"}},{\"@type\":\"Person\",\"@id\":\"\",\"url\":\"https:\\\/\\\/redenoticiaz.com.br\\\/litoralsp\\\/author\"}]}<\/script>\n<!-- \/ Yoast SEO plugin. -->","yoast_head_json":{"title":"V\u00cdDEO: Urso \u00e9 resgatado ap\u00f3s comer mel alucin\u00f3geno - Litoral SP","description":"Um urso filhote marrom, na Turquia precisou ser resgatado, na quinta-feira (11), ap\u00f3s ficar desorientado ao ingerir um mel.","robots":{"index":"index","follow":"follow","max-snippet":"max-snippet:-1","max-image-preview":"max-image-preview:large","max-video-preview":"max-video-preview:-1"},"canonical":"https:\/\/redenoticiaz.com.br\/litoralsp\/2022\/08\/13\/video-urso-e-resgatado-apos-comer-mel-alucinogeno","og_locale":"pt_BR","og_type":"article","og_title":"V\u00cdDEO: Urso \u00e9 resgatado ap\u00f3s comer mel alucin\u00f3geno - Litoral SP","og_description":"Um urso filhote marrom, na Turquia precisou ser resgatado, na quinta-feira (11), ap\u00f3s ficar desorientado ao ingerir um mel.","og_url":"https:\/\/redenoticiaz.com.br\/litoralsp\/2022\/08\/13\/video-urso-e-resgatado-apos-comer-mel-alucinogeno","og_site_name":"Litoral SP","article_published_time":"2022-08-13T17:53:23+00:00","og_image":[{"width":771,"height":420,"url":"https:\/\/redenoticiaz.com.br\/litoralsp\/wp-content\/uploads\/sites\/3\/2022\/08\/251e3f26-17ff-4c32-9c81-2bc2111fc786.jpg","type":"image\/jpeg"}],"twitter_card":"summary_large_image","twitter_misc":{"Escrito por":"","Est. tempo de leitura":"1 minuto"},"schema":{"@context":"https:\/\/schema.org","@graph":[{"@type":"Article","@id":"https:\/\/redenoticiaz.com.br\/litoralsp\/2022\/08\/13\/video-urso-e-resgatado-apos-comer-mel-alucinogeno#article","isPartOf":{"@id":"https:\/\/redenoticiaz.com.br\/litoralsp\/2022\/08\/13\/video-urso-e-resgatado-apos-comer-mel-alucinogeno"},"author":{"name":"","@id":""},"headline":"V\u00cdDEO: Urso \u00e9 resgatado ap\u00f3s comer mel alucin\u00f3geno","datePublished":"2022-08-13T17:53:23+00:00","mainEntityOfPage":{"@id":"https:\/\/redenoticiaz.com.br\/litoralsp\/2022\/08\/13\/video-urso-e-resgatado-apos-comer-mel-alucinogeno"},"wordCount":122,"commentCount":0,"publisher":{"@id":"https:\/\/redenoticiaz.com.br\/litoralsp\/#organization"},"image":{"@id":"https:\/\/redenoticiaz.com.br\/litoralsp\/2022\/08\/13\/video-urso-e-resgatado-apos-comer-mel-alucinogeno#primaryimage"},"thumbnailUrl":"https:\/\/redenoticiaz.com.br\/litoralsp\/wp-content\/uploads\/sites\/3\/2022\/08\/251e3f26-17ff-4c32-9c81-2bc2111fc786.jpg","keywords":["ALUCIN\u00d3GENO","MEL","resgate","TURQUIA","URSO"],"articleSection":["Meio Ambiente"],"inLanguage":"pt-BR","potentialAction":[{"@type":"CommentAction","name":"Comment","target":["https:\/\/redenoticiaz.com.br\/litoralsp\/2022\/08\/13\/video-urso-e-resgatado-apos-comer-mel-alucinogeno#respond"]}]},{"@type":"WebPage","@id":"https:\/\/redenoticiaz.com.br\/litoralsp\/2022\/08\/13\/video-urso-e-resgatado-apos-comer-mel-alucinogeno","url":"https:\/\/redenoticiaz.com.br\/litoralsp\/2022\/08\/13\/video-urso-e-resgatado-apos-comer-mel-alucinogeno","name":"V\u00cdDEO: Urso \u00e9 resgatado ap\u00f3s comer mel alucin\u00f3geno - Litoral SP","isPartOf":{"@id":"https:\/\/redenoticiaz.com.br\/litoralsp\/#website"},"primaryImageOfPage":{"@id":"https:\/\/redenoticiaz.com.br\/litoralsp\/2022\/08\/13\/video-urso-e-resgatado-apos-comer-mel-alucinogeno#primaryimage"},"image":{"@id":"https:\/\/redenoticiaz.com.br\/litoralsp\/2022\/08\/13\/video-urso-e-resgatado-apos-comer-mel-alucinogeno#primaryimage"},"thumbnailUrl":"https:\/\/redenoticiaz.com.br\/litoralsp\/wp-content\/uploads\/sites\/3\/2022\/08\/251e3f26-17ff-4c32-9c81-2bc2111fc786.jpg","datePublished":"2022-08-13T17:53:23+00:00","description":"Um urso filhote marrom, na Turquia precisou ser resgatado, na quinta-feira (11), ap\u00f3s ficar desorientado ao ingerir um mel.","inLanguage":"pt-BR","potentialAction":[{"@type":"ReadAction","target":["https:\/\/redenoticiaz.com.br\/litoralsp\/2022\/08\/13\/video-urso-e-resgatado-apos-comer-mel-alucinogeno"]}]},{"@type":"ImageObject","inLanguage":"pt-BR","@id":"https:\/\/redenoticiaz.com.br\/litoralsp\/2022\/08\/13\/video-urso-e-resgatado-apos-comer-mel-alucinogeno#primaryimage","url":"https:\/\/redenoticiaz.com.br\/litoralsp\/wp-content\/uploads\/sites\/3\/2022\/08\/251e3f26-17ff-4c32-9c81-2bc2111fc786.jpg","contentUrl":"https:\/\/redenoticiaz.com.br\/litoralsp\/wp-content\/uploads\/sites\/3\/2022\/08\/251e3f26-17ff-4c32-9c81-2bc2111fc786.jpg","width":771,"height":420,"caption":"Animal resgatado. Cr\u00e9dito: Reprodu\u00e7\u00e3o"},{"@type":"WebSite","@id":"https:\/\/redenoticiaz.com.br\/litoralsp\/#website","url":"https:\/\/redenoticiaz.com.br\/litoralsp\/","name":"Litoral SP","description":"Rede NoticiaZ","publisher":{"@id":"https:\/\/redenoticiaz.com.br\/litoralsp\/#organization"},"potentialAction":[{"@type":"SearchAction","target":{"@type":"EntryPoint","urlTemplate":"https:\/\/redenoticiaz.com.br\/litoralsp\/?s={search_term_string}"},"query-input":{"@type":"PropertyValueSpecification","valueRequired":true,"valueName":"search_term_string"}}],"inLanguage":"pt-BR"},{"@type":"Organization","@id":"https:\/\/redenoticiaz.com.br\/litoralsp\/#organization","name":"Litoral SP","url":"https:\/\/redenoticiaz.com.br\/litoralsp\/","logo":{"@type":"ImageObject","inLanguage":"pt-BR","@id":"https:\/\/redenoticiaz.com.br\/litoralsp\/#\/schema\/logo\/image\/","url":"https:\/\/redenoticiaz.com.br\/litoralsp\/wp-content\/uploads\/sites\/3\/2020\/11\/logo.jpg","contentUrl":"https:\/\/redenoticiaz.com.br\/litoralsp\/wp-content\/uploads\/sites\/3\/2020\/11\/logo.jpg","width":400,"height":250,"caption":"Litoral SP"},"image":{"@id":"https:\/\/redenoticiaz.com.br\/litoralsp\/#\/schema\/logo\/image\/"}},{"@type":"Person","@id":"","url":"https:\/\/redenoticiaz.com.br\/litoralsp\/author"}]}},"_links":{"self":[{"href":"https:\/\/redenoticiaz.com.br\/litoralsp\/wp-json\/wp\/v2\/posts\/90113","targetHints":{"allow":["GET"]}}],"collection":[{"href":"https:\/\/redenoticiaz.com.br\/litoralsp\/wp-json\/wp\/v2\/posts"}],"about":[{"href":"https:\/\/redenoticiaz.com.br\/litoralsp\/wp-json\/wp\/v2\/types\/post"}],"author":[{"embeddable":true,"href":"https:\/\/redenoticiaz.com.br\/litoralsp\/wp-json\/wp\/v2\/users\/15"}],"replies":[{"embeddable":true,"href":"https:\/\/redenoticiaz.com.br\/litoralsp\/wp-json\/wp\/v2\/comments?post=90113"}],"version-history":[{"count":0,"href":"https:\/\/redenoticiaz.com.br\/litoralsp\/wp-json\/wp\/v2\/posts\/90113\/revisions"}],"wp:featuredmedia":[{"embeddable":true,"href":"https:\/\/redenoticiaz.com.br\/litoralsp\/wp-json\/wp\/v2\/media\/90114"}],"wp:attachment":[{"href":"https:\/\/redenoticiaz.com.br\/litoralsp\/wp-json\/wp\/v2\/media?parent=90113"}],"wp:term":[{"taxonomy":"category","embeddable":true,"href":"https:\/\/redenoticiaz.com.br\/litoralsp\/wp-json\/wp\/v2\/categories?post=90113"},{"taxonomy":"post_tag","embeddable":true,"href":"https:\/\/redenoticiaz.com.br\/litoralsp\/wp-json\/wp\/v2\/tags?post=90113"}],"curies":[{"name":"wp","href":"https:\/\/api.w.org\/{rel}","templated":true}]}}