{"id":9019,"date":"2021-05-23T18:38:32","date_gmt":"2021-05-23T21:38:32","guid":{"rendered":"https:\/\/redenoticiaz.com.br\/litoralsp\/2021\/05\/23\/fim-do-tabu-sao-paulo-volta-a-ser-campeao-paulista"},"modified":"2021-05-23T18:43:00","modified_gmt":"2021-05-23T21:43:00","slug":"fim-do-tabu-sao-paulo-volta-a-ser-campeao-paulista","status":"publish","type":"post","link":"https:\/\/redenoticiaz.com.br\/litoralsp\/2021\/05\/23\/fim-do-tabu-sao-paulo-volta-a-ser-campeao-paulista","title":{"rendered":"Fim do tabu: S\u00e3o Paulo volta a ser campe\u00e3o Paulista"},"content":{"rendered":"<p>Acabou o tabu no Morumbi. Ap\u00f3s 16 anos, o <strong>S\u00e3o Paulo<\/strong> volta a ser campe\u00e3o do <a href=\"https:\/\/futebolpaulista.com.br\/Home\/\">Campeonato Paulista<\/a>. A \u00faltima vez aconteceu em 2005. Al\u00e9m disso, o Tricolor tamb\u00e9m volta a erguer uma ta\u00e7a depois de quase 9 anos. A \u00faltima conquista foi a Copa Sul-americana de 2012. Neste domingo (23), o S\u00e3o Paulo venceu o <strong>Palmeiras<\/strong> por 2 a 0 e chegou a 22\u00aa conquista da competi\u00e7\u00e3o, igualando ao Santos.<\/p>\n<p>A campanha do Tricolor Paulista foi espetacular. Fez 38 gols e sofreu apenas 11. Al\u00e9m disso teve onze vit\u00f3rias, quatro empates e apenas uma derrota na competi\u00e7\u00e3o. Campanha digna de um clube que usou for\u00e7a m\u00e1xima em grande parte do Paulist\u00e3o.<\/p>\n<p>Na decis\u00e3o, S\u00e3o Paulo e Palmeiras tentaram realizar uma atua\u00e7\u00e3o superior ao que foi o jogo do Allianz Parque na \u00faltima quinta-feira (20). No entanto, as equipes continuaram mantendo cautela e com poucas chances de gol. O Palmeiras teve mais posse de bola e apostava no erro da sa\u00edda de bola do Tricolor para abrir o placar. Em uma das chances, Danilo Barbosa recebeu na entrada da \u00e1rea e chutou para fora.<\/p>\n<p>Sem muitas possibilidades de criar chances de gol por meio da troca de passes, o jeito foi apostar em chutar de fora da \u00e1rea. Foi o que o Luan fez. Aos 36 minutos, ele chutou forte, a bola desviou no Felipe Melo, matou o goleiro Weverton e assim o Tricolor abriu o placar.<\/p>\n<h3>Segundo tempo e o fim do tabu<\/h3>\n<p>Veio a etapa final e S\u00e3o Paulo e Palmeiras fizeram mudan\u00e7as. Enquanto o t\u00e9cnico Abel Ferreira colocou Danilo e Patrick de Paula nos lugares de Felipe Melo e Danilo Barbosa respectivamente, o Hern\u00e1n Crespo apostou em Luciano para substituir Pablo. E o jogador s\u00e3o-paulino iria ser o salvador da p\u00e1tria.<\/p>\n<p>Mas antes de contar sobre este feito, passou a ficar mais presente no campo de defesa palmeirense. Embora o Verd\u00e3o tivesse mais posse de bola, s\u00f3 que com dificuldades para criar as jogadas e sair para o ataque. O Tricolor promoveu mais uma altera\u00e7\u00e3o, com Rojas substituindo Igor Gomes e assim a equipe ficou mais perigosa.<\/p>\n<figure id=\"attachment_59682\" aria-describedby=\"caption-attachment-59682\" style=\"width: 390px\" class=\"wp-caption alignleft\"><img loading=\"lazy\" decoding=\"async\" class=\"size-medium wp-image-59682\" src=\"https:\/\/redenoticiaz.com.br\/wp-content\/uploads\/2021\/05\/rib6968-390x220.jpg\" alt=\"\" width=\"390\" height=\"220\" \/><figcaption id=\"caption-attachment-59682\" class=\"wp-caption-text\">Crespo fez a primeira final com o S\u00e3o Paulo e j\u00e1 \u00e9 campe\u00e3o.<\/figcaption><\/figure>\n<p>O pr\u00eamio chegou aos 31 minutos e foi com o atacante que definitivamente veio para ser estrela e decisivo para o S\u00e3o Paulo. Luciano recebeu bom cruzamento de Rodrigo Nestor e fez o 2 a 0. Da\u00ed em diante o Palmeiras saiu para o ataque para reagir. Mas era o clube do Morumbi que estava mais pr\u00f3ximo de fazer mais um. Gabriel Sara ficou cara a cara com Weverton dentro da \u00e1rea, mas desperdi\u00e7ou.<\/p>\n<p>No final o torcedor s\u00e3o paulino enfim soltou o grito de campe\u00e3o ap\u00f3s exatos 3.084 dias. A conquista, em termos de relev\u00e2ncia, se comparar a Copa do Brasil, Campeonato Brasileiro e Libertadores da Am\u00e9rica pode n\u00e3o ter o mesmo peso. Mas sem d\u00favida \u00e9 um in\u00edcio do resgate de uma equipe gigante, que sempre deve estar brigando por t\u00edtulos.<\/p>\n<p>Al\u00e9m disso, \u00e9 necess\u00e1rio destacar que o lateral-direito Daniel Alves ampliou o recorde de t\u00edtulos. Este foi o 41\u00ba t\u00edtulo da carreira e o primeiro com o clube de cora\u00e7\u00e3o. Tamb\u00e9m \u00e9 bom destacar a estrela do t\u00e9cnico Hern\u00e1n Crespo. No primeiro campeonato que disputa, chega a uma decis\u00e3o e \u00e9 campe\u00e3o. O treinador argentino tamb\u00e9m segue vivo na Libertadores da Am\u00e9rica e vai come\u00e7ar sua caminhada no Campeonato Brasileiro e da Copa do Brasil. Parab\u00e9ns S\u00e3o Paulo!<\/p>\n<h3>E agora Palmeiras?<\/h3>\n<p>A equipe de Abel Ferreira amarga mais um vice-campeonato em 2021. Al\u00e9m de segundo colocado no Campeonato Paulista, tamb\u00e9m perdeu as decis\u00f5es da Supercopa do Brasil, contra o Flamengo e foi derrotado na Recopa Sul-americana par ao Defensa y Justicia.<\/p>\n<p>O foco agora do Verd\u00e3o \u00e9 na Libertadores da Am\u00e9rica, onde est\u00e1 em primeiro lugar do Grupo A e j\u00e1 classificado nas oitavas de final. Al\u00e9m disso, tamb\u00e9m vai come\u00e7ar a planejar a campanha no Campeonato Brasileiro, onde vai estrear contra o Flamengo e na Copa do Brasil, onde vai encarar o CRB.<\/p>\n<p><strong>LEIA TAMB\u00c9M<\/strong><\/p>\n<p><a href=\"https:\/\/redenoticiaz.com.br\/blog\/2021\/05\/23\/formula-1-tem-novo-lider\">F\u00f3rmula 1 tem novo l\u00edder<\/a><\/p>\n","protected":false},"excerpt":{"rendered":"<p>Acabou o tabu no Morumbi. Ap\u00f3s 16 anos, o S\u00e3o Paulo volta a ser campe\u00e3o do Campeonato Paulista. A \u00faltima vez aconteceu em 2005. Al\u00e9m disso, o Tricolor tamb\u00e9m volta a erguer uma ta\u00e7a depois de quase 9 anos. A \u00faltima conquista foi a Copa Sul-americana de 2012. Neste domingo (23), o S\u00e3o Paulo venceu &hellip;<\/p>\n","protected":false},"author":6,"featured_media":9020,"comment_status":"open","ping_status":"closed","sticky":false,"template":"","format":"standard","meta":{"footnotes":""},"categories":[35],"tags":[3712,23339,11647,23340,12650,8114,1416,10557,23341],"class_list":["post-9019","post","type-post","status-publish","format-standard","has-post-thumbnail","hentry","category-esporte","tag-campeonato-paulista","tag-daniel-alves","tag-hernan-crespo","tag-luan","tag-luciano","tag-morumbi","tag-palmeiras","tag-sao-paulo-fc","tag-tricolor-campeao"],"yoast_head":"<!-- This site is optimized with the Yoast SEO plugin v27.5 - https:\/\/yoast.com\/product\/yoast-seo-wordpress\/ -->\n<title>Fim do tabu: S\u00e3o Paulo volta a ser campe\u00e3o Paulista - Litoral SP<\/title>\n<meta name=\"description\" content=\"Acabou o tabu no Morumbi. Ap\u00f3s 16 anos, o S\u00e3o Paulo volta a ser campe\u00e3o do Campeonato Paulista. A \u00faltima vez aconteceu em 2005. Al\u00e9m\" \/>\n<meta name=\"robots\" content=\"index, follow, max-snippet:-1, max-image-preview:large, max-video-preview:-1\" \/>\n<link rel=\"canonical\" href=\"https:\/\/redenoticiaz.com.br\/litoralsp\/2021\/05\/23\/fim-do-tabu-sao-paulo-volta-a-ser-campeao-paulista\" \/>\n<meta property=\"og:locale\" content=\"pt_BR\" \/>\n<meta property=\"og:type\" content=\"article\" \/>\n<meta property=\"og:title\" content=\"Fim do tabu: S\u00e3o Paulo volta a ser campe\u00e3o Paulista - Litoral SP\" \/>\n<meta property=\"og:description\" content=\"Acabou o tabu no Morumbi. Ap\u00f3s 16 anos, o S\u00e3o Paulo volta a ser campe\u00e3o do Campeonato Paulista. A \u00faltima vez aconteceu em 2005. Al\u00e9m\" \/>\n<meta property=\"og:url\" content=\"https:\/\/redenoticiaz.com.br\/litoralsp\/2021\/05\/23\/fim-do-tabu-sao-paulo-volta-a-ser-campeao-paulista\" \/>\n<meta property=\"og:site_name\" content=\"Litoral SP\" \/>\n<meta property=\"article:published_time\" content=\"2021-05-23T21:38:32+00:00\" \/>\n<meta property=\"article:modified_time\" content=\"2021-05-23T21:43:00+00:00\" \/>\n<meta property=\"og:image\" content=\"https:\/\/redenoticiaz.com.br\/litoralsp\/wp-content\/uploads\/sites\/3\/2021\/05\/rib7001.jpg\" \/>\n\t<meta property=\"og:image:width\" content=\"640\" \/>\n\t<meta property=\"og:image:height\" content=\"360\" \/>\n\t<meta property=\"og:image:type\" content=\"image\/jpeg\" \/>\n<meta name=\"author\" content=\"Leonardo Francisco\" \/>\n<meta name=\"twitter:card\" content=\"summary_large_image\" \/>\n<meta name=\"twitter:label1\" content=\"Escrito por\" \/>\n\t<meta name=\"twitter:data1\" content=\"Leonardo Francisco\" \/>\n\t<meta name=\"twitter:label2\" content=\"Est. tempo de leitura\" \/>\n\t<meta name=\"twitter:data2\" content=\"4 minutos\" \/>\n<script type=\"application\/ld+json\" class=\"yoast-schema-graph\">{\"@context\":\"https:\\\/\\\/schema.org\",\"@graph\":[{\"@type\":\"Article\",\"@id\":\"https:\\\/\\\/redenoticiaz.com.br\\\/litoralsp\\\/2021\\\/05\\\/23\\\/fim-do-tabu-sao-paulo-volta-a-ser-campeao-paulista#article\",\"isPartOf\":{\"@id\":\"https:\\\/\\\/redenoticiaz.com.br\\\/litoralsp\\\/2021\\\/05\\\/23\\\/fim-do-tabu-sao-paulo-volta-a-ser-campeao-paulista\"},\"author\":{\"name\":\"Leonardo Francisco\",\"@id\":\"https:\\\/\\\/redenoticiaz.com.br\\\/litoralsp\\\/#\\\/schema\\\/person\\\/0f0b8a5bdafefe82841e07ae8d81ecb3\"},\"headline\":\"Fim do tabu: S\u00e3o Paulo volta a ser campe\u00e3o Paulista\",\"datePublished\":\"2021-05-23T21:38:32+00:00\",\"dateModified\":\"2021-05-23T21:43:00+00:00\",\"mainEntityOfPage\":{\"@id\":\"https:\\\/\\\/redenoticiaz.com.br\\\/litoralsp\\\/2021\\\/05\\\/23\\\/fim-do-tabu-sao-paulo-volta-a-ser-campeao-paulista\"},\"wordCount\":738,\"commentCount\":0,\"publisher\":{\"@id\":\"https:\\\/\\\/redenoticiaz.com.br\\\/litoralsp\\\/#organization\"},\"image\":{\"@id\":\"https:\\\/\\\/redenoticiaz.com.br\\\/litoralsp\\\/2021\\\/05\\\/23\\\/fim-do-tabu-sao-paulo-volta-a-ser-campeao-paulista#primaryimage\"},\"thumbnailUrl\":\"https:\\\/\\\/redenoticiaz.com.br\\\/litoralsp\\\/wp-content\\\/uploads\\\/sites\\\/3\\\/2021\\\/05\\\/rib7001.jpg\",\"keywords\":[\"CAMPEONATO PAULISTA\",\"DANIEL ALVES\",\"HERNAN CRESPO\",\"LUAN\",\"LUCIANO\",\"MORUMBI\",\"Palmeiras\",\"S\u00c3O PAULO FC\",\"TRICOLOR CAMPE\u00c3O\"],\"articleSection\":[\"Esporte\"],\"inLanguage\":\"pt-BR\",\"potentialAction\":[{\"@type\":\"CommentAction\",\"name\":\"Comment\",\"target\":[\"https:\\\/\\\/redenoticiaz.com.br\\\/litoralsp\\\/2021\\\/05\\\/23\\\/fim-do-tabu-sao-paulo-volta-a-ser-campeao-paulista#respond\"]}]},{\"@type\":\"WebPage\",\"@id\":\"https:\\\/\\\/redenoticiaz.com.br\\\/litoralsp\\\/2021\\\/05\\\/23\\\/fim-do-tabu-sao-paulo-volta-a-ser-campeao-paulista\",\"url\":\"https:\\\/\\\/redenoticiaz.com.br\\\/litoralsp\\\/2021\\\/05\\\/23\\\/fim-do-tabu-sao-paulo-volta-a-ser-campeao-paulista\",\"name\":\"Fim do tabu: S\u00e3o Paulo volta a ser campe\u00e3o Paulista - Litoral SP\",\"isPartOf\":{\"@id\":\"https:\\\/\\\/redenoticiaz.com.br\\\/litoralsp\\\/#website\"},\"primaryImageOfPage\":{\"@id\":\"https:\\\/\\\/redenoticiaz.com.br\\\/litoralsp\\\/2021\\\/05\\\/23\\\/fim-do-tabu-sao-paulo-volta-a-ser-campeao-paulista#primaryimage\"},\"image\":{\"@id\":\"https:\\\/\\\/redenoticiaz.com.br\\\/litoralsp\\\/2021\\\/05\\\/23\\\/fim-do-tabu-sao-paulo-volta-a-ser-campeao-paulista#primaryimage\"},\"thumbnailUrl\":\"https:\\\/\\\/redenoticiaz.com.br\\\/litoralsp\\\/wp-content\\\/uploads\\\/sites\\\/3\\\/2021\\\/05\\\/rib7001.jpg\",\"datePublished\":\"2021-05-23T21:38:32+00:00\",\"dateModified\":\"2021-05-23T21:43:00+00:00\",\"description\":\"Acabou o tabu no Morumbi. Ap\u00f3s 16 anos, o S\u00e3o Paulo volta a ser campe\u00e3o do Campeonato Paulista. A \u00faltima vez aconteceu em 2005. Al\u00e9m\",\"inLanguage\":\"pt-BR\",\"potentialAction\":[{\"@type\":\"ReadAction\",\"target\":[\"https:\\\/\\\/redenoticiaz.com.br\\\/litoralsp\\\/2021\\\/05\\\/23\\\/fim-do-tabu-sao-paulo-volta-a-ser-campeao-paulista\"]}]},{\"@type\":\"ImageObject\",\"inLanguage\":\"pt-BR\",\"@id\":\"https:\\\/\\\/redenoticiaz.com.br\\\/litoralsp\\\/2021\\\/05\\\/23\\\/fim-do-tabu-sao-paulo-volta-a-ser-campeao-paulista#primaryimage\",\"url\":\"https:\\\/\\\/redenoticiaz.com.br\\\/litoralsp\\\/wp-content\\\/uploads\\\/sites\\\/3\\\/2021\\\/05\\\/rib7001.jpg\",\"contentUrl\":\"https:\\\/\\\/redenoticiaz.com.br\\\/litoralsp\\\/wp-content\\\/uploads\\\/sites\\\/3\\\/2021\\\/05\\\/rib7001.jpg\",\"width\":640,\"height\":360,\"caption\":\"Clube leva o 22\u00ba t\u00edtulo do Paulist\u00e3o e empata com o Santos em n\u00famero de conquistas.\"},{\"@type\":\"WebSite\",\"@id\":\"https:\\\/\\\/redenoticiaz.com.br\\\/litoralsp\\\/#website\",\"url\":\"https:\\\/\\\/redenoticiaz.com.br\\\/litoralsp\\\/\",\"name\":\"Litoral SP\",\"description\":\"Rede NoticiaZ\",\"publisher\":{\"@id\":\"https:\\\/\\\/redenoticiaz.com.br\\\/litoralsp\\\/#organization\"},\"potentialAction\":[{\"@type\":\"SearchAction\",\"target\":{\"@type\":\"EntryPoint\",\"urlTemplate\":\"https:\\\/\\\/redenoticiaz.com.br\\\/litoralsp\\\/?s={search_term_string}\"},\"query-input\":{\"@type\":\"PropertyValueSpecification\",\"valueRequired\":true,\"valueName\":\"search_term_string\"}}],\"inLanguage\":\"pt-BR\"},{\"@type\":\"Organization\",\"@id\":\"https:\\\/\\\/redenoticiaz.com.br\\\/litoralsp\\\/#organization\",\"name\":\"Litoral SP\",\"url\":\"https:\\\/\\\/redenoticiaz.com.br\\\/litoralsp\\\/\",\"logo\":{\"@type\":\"ImageObject\",\"inLanguage\":\"pt-BR\",\"@id\":\"https:\\\/\\\/redenoticiaz.com.br\\\/litoralsp\\\/#\\\/schema\\\/logo\\\/image\\\/\",\"url\":\"https:\\\/\\\/redenoticiaz.com.br\\\/litoralsp\\\/wp-content\\\/uploads\\\/sites\\\/3\\\/2020\\\/11\\\/logo.jpg\",\"contentUrl\":\"https:\\\/\\\/redenoticiaz.com.br\\\/litoralsp\\\/wp-content\\\/uploads\\\/sites\\\/3\\\/2020\\\/11\\\/logo.jpg\",\"width\":400,\"height\":250,\"caption\":\"Litoral SP\"},\"image\":{\"@id\":\"https:\\\/\\\/redenoticiaz.com.br\\\/litoralsp\\\/#\\\/schema\\\/logo\\\/image\\\/\"}},{\"@type\":\"Person\",\"@id\":\"https:\\\/\\\/redenoticiaz.com.br\\\/litoralsp\\\/#\\\/schema\\\/person\\\/0f0b8a5bdafefe82841e07ae8d81ecb3\",\"name\":\"Leonardo Francisco\",\"image\":{\"@type\":\"ImageObject\",\"inLanguage\":\"pt-BR\",\"@id\":\"https:\\\/\\\/secure.gravatar.com\\\/avatar\\\/a7358cb406a99b682ec6df1e77e31ae82e63601f6784e8a3df411d72b37864da?s=96&d=mm&r=g\",\"url\":\"https:\\\/\\\/secure.gravatar.com\\\/avatar\\\/a7358cb406a99b682ec6df1e77e31ae82e63601f6784e8a3df411d72b37864da?s=96&d=mm&r=g\",\"contentUrl\":\"https:\\\/\\\/secure.gravatar.com\\\/avatar\\\/a7358cb406a99b682ec6df1e77e31ae82e63601f6784e8a3df411d72b37864da?s=96&d=mm&r=g\",\"caption\":\"Leonardo Francisco\"},\"url\":\"https:\\\/\\\/redenoticiaz.com.br\\\/litoralsp\\\/author\\\/leonardo-francisco\"}]}<\/script>\n<!-- \/ Yoast SEO plugin. -->","yoast_head_json":{"title":"Fim do tabu: S\u00e3o Paulo volta a ser campe\u00e3o Paulista - Litoral SP","description":"Acabou o tabu no Morumbi. Ap\u00f3s 16 anos, o S\u00e3o Paulo volta a ser campe\u00e3o do Campeonato Paulista. A \u00faltima vez aconteceu em 2005. Al\u00e9m","robots":{"index":"index","follow":"follow","max-snippet":"max-snippet:-1","max-image-preview":"max-image-preview:large","max-video-preview":"max-video-preview:-1"},"canonical":"https:\/\/redenoticiaz.com.br\/litoralsp\/2021\/05\/23\/fim-do-tabu-sao-paulo-volta-a-ser-campeao-paulista","og_locale":"pt_BR","og_type":"article","og_title":"Fim do tabu: S\u00e3o Paulo volta a ser campe\u00e3o Paulista - Litoral SP","og_description":"Acabou o tabu no Morumbi. Ap\u00f3s 16 anos, o S\u00e3o Paulo volta a ser campe\u00e3o do Campeonato Paulista. A \u00faltima vez aconteceu em 2005. Al\u00e9m","og_url":"https:\/\/redenoticiaz.com.br\/litoralsp\/2021\/05\/23\/fim-do-tabu-sao-paulo-volta-a-ser-campeao-paulista","og_site_name":"Litoral SP","article_published_time":"2021-05-23T21:38:32+00:00","article_modified_time":"2021-05-23T21:43:00+00:00","og_image":[{"width":640,"height":360,"url":"https:\/\/redenoticiaz.com.br\/litoralsp\/wp-content\/uploads\/sites\/3\/2021\/05\/rib7001.jpg","type":"image\/jpeg"}],"author":"Leonardo Francisco","twitter_card":"summary_large_image","twitter_misc":{"Escrito por":"Leonardo Francisco","Est. tempo de leitura":"4 minutos"},"schema":{"@context":"https:\/\/schema.org","@graph":[{"@type":"Article","@id":"https:\/\/redenoticiaz.com.br\/litoralsp\/2021\/05\/23\/fim-do-tabu-sao-paulo-volta-a-ser-campeao-paulista#article","isPartOf":{"@id":"https:\/\/redenoticiaz.com.br\/litoralsp\/2021\/05\/23\/fim-do-tabu-sao-paulo-volta-a-ser-campeao-paulista"},"author":{"name":"Leonardo Francisco","@id":"https:\/\/redenoticiaz.com.br\/litoralsp\/#\/schema\/person\/0f0b8a5bdafefe82841e07ae8d81ecb3"},"headline":"Fim do tabu: S\u00e3o Paulo volta a ser campe\u00e3o Paulista","datePublished":"2021-05-23T21:38:32+00:00","dateModified":"2021-05-23T21:43:00+00:00","mainEntityOfPage":{"@id":"https:\/\/redenoticiaz.com.br\/litoralsp\/2021\/05\/23\/fim-do-tabu-sao-paulo-volta-a-ser-campeao-paulista"},"wordCount":738,"commentCount":0,"publisher":{"@id":"https:\/\/redenoticiaz.com.br\/litoralsp\/#organization"},"image":{"@id":"https:\/\/redenoticiaz.com.br\/litoralsp\/2021\/05\/23\/fim-do-tabu-sao-paulo-volta-a-ser-campeao-paulista#primaryimage"},"thumbnailUrl":"https:\/\/redenoticiaz.com.br\/litoralsp\/wp-content\/uploads\/sites\/3\/2021\/05\/rib7001.jpg","keywords":["CAMPEONATO PAULISTA","DANIEL ALVES","HERNAN CRESPO","LUAN","LUCIANO","MORUMBI","Palmeiras","S\u00c3O PAULO FC","TRICOLOR CAMPE\u00c3O"],"articleSection":["Esporte"],"inLanguage":"pt-BR","potentialAction":[{"@type":"CommentAction","name":"Comment","target":["https:\/\/redenoticiaz.com.br\/litoralsp\/2021\/05\/23\/fim-do-tabu-sao-paulo-volta-a-ser-campeao-paulista#respond"]}]},{"@type":"WebPage","@id":"https:\/\/redenoticiaz.com.br\/litoralsp\/2021\/05\/23\/fim-do-tabu-sao-paulo-volta-a-ser-campeao-paulista","url":"https:\/\/redenoticiaz.com.br\/litoralsp\/2021\/05\/23\/fim-do-tabu-sao-paulo-volta-a-ser-campeao-paulista","name":"Fim do tabu: S\u00e3o Paulo volta a ser campe\u00e3o Paulista - Litoral SP","isPartOf":{"@id":"https:\/\/redenoticiaz.com.br\/litoralsp\/#website"},"primaryImageOfPage":{"@id":"https:\/\/redenoticiaz.com.br\/litoralsp\/2021\/05\/23\/fim-do-tabu-sao-paulo-volta-a-ser-campeao-paulista#primaryimage"},"image":{"@id":"https:\/\/redenoticiaz.com.br\/litoralsp\/2021\/05\/23\/fim-do-tabu-sao-paulo-volta-a-ser-campeao-paulista#primaryimage"},"thumbnailUrl":"https:\/\/redenoticiaz.com.br\/litoralsp\/wp-content\/uploads\/sites\/3\/2021\/05\/rib7001.jpg","datePublished":"2021-05-23T21:38:32+00:00","dateModified":"2021-05-23T21:43:00+00:00","description":"Acabou o tabu no Morumbi. Ap\u00f3s 16 anos, o S\u00e3o Paulo volta a ser campe\u00e3o do Campeonato Paulista. A \u00faltima vez aconteceu em 2005. Al\u00e9m","inLanguage":"pt-BR","potentialAction":[{"@type":"ReadAction","target":["https:\/\/redenoticiaz.com.br\/litoralsp\/2021\/05\/23\/fim-do-tabu-sao-paulo-volta-a-ser-campeao-paulista"]}]},{"@type":"ImageObject","inLanguage":"pt-BR","@id":"https:\/\/redenoticiaz.com.br\/litoralsp\/2021\/05\/23\/fim-do-tabu-sao-paulo-volta-a-ser-campeao-paulista#primaryimage","url":"https:\/\/redenoticiaz.com.br\/litoralsp\/wp-content\/uploads\/sites\/3\/2021\/05\/rib7001.jpg","contentUrl":"https:\/\/redenoticiaz.com.br\/litoralsp\/wp-content\/uploads\/sites\/3\/2021\/05\/rib7001.jpg","width":640,"height":360,"caption":"Clube leva o 22\u00ba t\u00edtulo do Paulist\u00e3o e empata com o Santos em n\u00famero de conquistas."},{"@type":"WebSite","@id":"https:\/\/redenoticiaz.com.br\/litoralsp\/#website","url":"https:\/\/redenoticiaz.com.br\/litoralsp\/","name":"Litoral SP","description":"Rede NoticiaZ","publisher":{"@id":"https:\/\/redenoticiaz.com.br\/litoralsp\/#organization"},"potentialAction":[{"@type":"SearchAction","target":{"@type":"EntryPoint","urlTemplate":"https:\/\/redenoticiaz.com.br\/litoralsp\/?s={search_term_string}"},"query-input":{"@type":"PropertyValueSpecification","valueRequired":true,"valueName":"search_term_string"}}],"inLanguage":"pt-BR"},{"@type":"Organization","@id":"https:\/\/redenoticiaz.com.br\/litoralsp\/#organization","name":"Litoral SP","url":"https:\/\/redenoticiaz.com.br\/litoralsp\/","logo":{"@type":"ImageObject","inLanguage":"pt-BR","@id":"https:\/\/redenoticiaz.com.br\/litoralsp\/#\/schema\/logo\/image\/","url":"https:\/\/redenoticiaz.com.br\/litoralsp\/wp-content\/uploads\/sites\/3\/2020\/11\/logo.jpg","contentUrl":"https:\/\/redenoticiaz.com.br\/litoralsp\/wp-content\/uploads\/sites\/3\/2020\/11\/logo.jpg","width":400,"height":250,"caption":"Litoral SP"},"image":{"@id":"https:\/\/redenoticiaz.com.br\/litoralsp\/#\/schema\/logo\/image\/"}},{"@type":"Person","@id":"https:\/\/redenoticiaz.com.br\/litoralsp\/#\/schema\/person\/0f0b8a5bdafefe82841e07ae8d81ecb3","name":"Leonardo Francisco","image":{"@type":"ImageObject","inLanguage":"pt-BR","@id":"https:\/\/secure.gravatar.com\/avatar\/a7358cb406a99b682ec6df1e77e31ae82e63601f6784e8a3df411d72b37864da?s=96&d=mm&r=g","url":"https:\/\/secure.gravatar.com\/avatar\/a7358cb406a99b682ec6df1e77e31ae82e63601f6784e8a3df411d72b37864da?s=96&d=mm&r=g","contentUrl":"https:\/\/secure.gravatar.com\/avatar\/a7358cb406a99b682ec6df1e77e31ae82e63601f6784e8a3df411d72b37864da?s=96&d=mm&r=g","caption":"Leonardo Francisco"},"url":"https:\/\/redenoticiaz.com.br\/litoralsp\/author\/leonardo-francisco"}]}},"_links":{"self":[{"href":"https:\/\/redenoticiaz.com.br\/litoralsp\/wp-json\/wp\/v2\/posts\/9019","targetHints":{"allow":["GET"]}}],"collection":[{"href":"https:\/\/redenoticiaz.com.br\/litoralsp\/wp-json\/wp\/v2\/posts"}],"about":[{"href":"https:\/\/redenoticiaz.com.br\/litoralsp\/wp-json\/wp\/v2\/types\/post"}],"author":[{"embeddable":true,"href":"https:\/\/redenoticiaz.com.br\/litoralsp\/wp-json\/wp\/v2\/users\/6"}],"replies":[{"embeddable":true,"href":"https:\/\/redenoticiaz.com.br\/litoralsp\/wp-json\/wp\/v2\/comments?post=9019"}],"version-history":[{"count":1,"href":"https:\/\/redenoticiaz.com.br\/litoralsp\/wp-json\/wp\/v2\/posts\/9019\/revisions"}],"predecessor-version":[{"id":9021,"href":"https:\/\/redenoticiaz.com.br\/litoralsp\/wp-json\/wp\/v2\/posts\/9019\/revisions\/9021"}],"wp:featuredmedia":[{"embeddable":true,"href":"https:\/\/redenoticiaz.com.br\/litoralsp\/wp-json\/wp\/v2\/media\/9020"}],"wp:attachment":[{"href":"https:\/\/redenoticiaz.com.br\/litoralsp\/wp-json\/wp\/v2\/media?parent=9019"}],"wp:term":[{"taxonomy":"category","embeddable":true,"href":"https:\/\/redenoticiaz.com.br\/litoralsp\/wp-json\/wp\/v2\/categories?post=9019"},{"taxonomy":"post_tag","embeddable":true,"href":"https:\/\/redenoticiaz.com.br\/litoralsp\/wp-json\/wp\/v2\/tags?post=9019"}],"curies":[{"name":"wp","href":"https:\/\/api.w.org\/{rel}","templated":true}]}}