{"id":90390,"date":"2022-08-19T10:56:40","date_gmt":"2022-08-19T13:56:40","guid":{"rendered":"https:\/\/redenoticiaz.com.br\/litoralsp\/?p=90390"},"modified":"2022-08-19T10:56:40","modified_gmt":"2022-08-19T13:56:40","slug":"policia-recupera-carga-avaliada-em-quase-200-mil-reais-roubada-em-cubatao","status":"publish","type":"post","link":"https:\/\/redenoticiaz.com.br\/litoralsp\/2022\/08\/19\/policia-recupera-carga-avaliada-em-quase-200-mil-reais-roubada-em-cubatao","title":{"rendered":"Pol\u00edcia recupera carga avaliada em quase 200 mil reais roubada em Cubat\u00e3o"},"content":{"rendered":"<p>Policiais do 1\u00ba Distrito de Cubat\u00e3o recuperaram, na noite de ontem (18), uma carga de fertilizantes roubada horas antes por 4 homens armados amea\u00e7aram o motorista, mantendo-o por quase 11 horas em um cativeiro.<\/p>\n<p>A v\u00edtima informou aos investigadores que parou no acostamento da Rodovia Anchieta, em Cubat\u00e3o, quando foi abordado e colocado dentro do ve\u00edculo dos suspeitos, sendo levado at\u00e9 uma casa e mantido em c\u00e1rcere por horas.<\/p>\n<p>Passadas algumas horas, os suspeitos libertaram a v\u00edtima pr\u00f3ximo a rodovia, levando o caminh\u00e3o e carreta semi-reboque carregada com 37.660 quilos de fertilizantes. A v\u00edtima procurou a Delegacia de Pol\u00edcia e registrou o crime.<\/p>\n<p>Ap\u00f3s dilig\u00eancias de campo, os policiais civis conseguiram localizar a carreta com a carga de fertilizante em S\u00e3o Vicente. Todo material foi devolvido para a empresa propriet\u00e1ria.<\/p>\n<p>A\u00e7\u00f5es de campo est\u00e3o em curso para identificar os respons\u00e1veis pelo crime. Informa\u00e7\u00f5es que auxiliem os trabalhos investigativos podem ser concedidas de forma an\u00f4nima atrav\u00e9s do telefone 181 (Disque Den\u00fancia).<\/p>\n<p><strong>VEJA TAMB\u00c9M:\u00a0<a href=\"https:\/\/redenoticiaz.com.br\/litoralsp\/2022\/03\/25\/bandidos-rendem-funcionario-do-der-e-sao-presos-em-rodovia-da-baixada\">Bandidos rendem funcion\u00e1rio do DER e s\u00e3o presos em rodovia da Baixada<\/a><\/strong><\/p>\n","protected":false},"excerpt":{"rendered":"<p>Policiais do 1\u00ba Distrito de Cubat\u00e3o recuperaram, na noite de ontem (18), uma carga de fertilizantes roubada horas antes por 4 homens armados amea\u00e7aram o motorista, mantendo-o por quase 11 horas em um cativeiro. A v\u00edtima informou aos investigadores que parou no acostamento da Rodovia Anchieta, em Cubat\u00e3o, quando foi abordado e colocado dentro do &hellip;<\/p>\n","protected":false},"author":30,"featured_media":90391,"comment_status":"open","ping_status":"closed","sticky":false,"template":"","format":"standard","meta":{"footnotes":""},"categories":[186,10],"tags":[38997,20855,1973],"class_list":["post-90390","post","type-post","status-publish","format-standard","has-post-thumbnail","hentry","category-cubatao","category-policia","tag-carga","tag-policia","tag-roubo"],"yoast_head":"<!-- This site is optimized with the Yoast SEO plugin v27.5 - https:\/\/yoast.com\/product\/yoast-seo-wordpress\/ -->\n<title>Pol\u00edcia recupera carga avaliada em quase 200 mil reais roubada em Cubat\u00e3o - Litoral SP<\/title>\n<meta name=\"description\" content=\"A v\u00edtima foi abordada no acostamento da Rodovia Anchieta e foi levada at\u00e9 uma casa e mantida em c\u00e1rcere por horas.\" \/>\n<meta name=\"robots\" content=\"index, follow, max-snippet:-1, max-image-preview:large, max-video-preview:-1\" \/>\n<link rel=\"canonical\" href=\"https:\/\/redenoticiaz.com.br\/litoralsp\/2022\/08\/19\/policia-recupera-carga-avaliada-em-quase-200-mil-reais-roubada-em-cubatao\" \/>\n<meta property=\"og:locale\" content=\"pt_BR\" \/>\n<meta property=\"og:type\" content=\"article\" \/>\n<meta property=\"og:title\" content=\"Pol\u00edcia recupera carga avaliada em quase 200 mil reais roubada em Cubat\u00e3o - Litoral SP\" \/>\n<meta property=\"og:description\" content=\"A v\u00edtima foi abordada no acostamento da Rodovia Anchieta e foi levada at\u00e9 uma casa e mantida em c\u00e1rcere por horas.\" \/>\n<meta property=\"og:url\" content=\"https:\/\/redenoticiaz.com.br\/litoralsp\/2022\/08\/19\/policia-recupera-carga-avaliada-em-quase-200-mil-reais-roubada-em-cubatao\" \/>\n<meta property=\"og:site_name\" content=\"Litoral SP\" \/>\n<meta property=\"article:published_time\" content=\"2022-08-19T13:56:40+00:00\" \/>\n<meta property=\"og:image\" content=\"https:\/\/redenoticiaz.com.br\/litoralsp\/wp-content\/uploads\/sites\/3\/2022\/08\/WhatsApp-Image-2022-08-19-at-10.20.25.jpeg\" \/>\n\t<meta property=\"og:image:width\" content=\"608\" \/>\n\t<meta property=\"og:image:height\" content=\"1080\" \/>\n\t<meta property=\"og:image:type\" content=\"image\/jpeg\" \/>\n<meta name=\"author\" content=\"Carina Reifonas\" \/>\n<meta name=\"twitter:card\" content=\"summary_large_image\" \/>\n<meta name=\"twitter:label1\" content=\"Escrito por\" \/>\n\t<meta name=\"twitter:data1\" content=\"Carina Reifonas\" \/>\n\t<meta name=\"twitter:label2\" content=\"Est. tempo de leitura\" \/>\n\t<meta name=\"twitter:data2\" content=\"1 minuto\" \/>\n<script type=\"application\/ld+json\" class=\"yoast-schema-graph\">{\"@context\":\"https:\\\/\\\/schema.org\",\"@graph\":[{\"@type\":\"Article\",\"@id\":\"https:\\\/\\\/redenoticiaz.com.br\\\/litoralsp\\\/2022\\\/08\\\/19\\\/policia-recupera-carga-avaliada-em-quase-200-mil-reais-roubada-em-cubatao#article\",\"isPartOf\":{\"@id\":\"https:\\\/\\\/redenoticiaz.com.br\\\/litoralsp\\\/2022\\\/08\\\/19\\\/policia-recupera-carga-avaliada-em-quase-200-mil-reais-roubada-em-cubatao\"},\"author\":{\"name\":\"Carina Reifonas\",\"@id\":\"https:\\\/\\\/redenoticiaz.com.br\\\/litoralsp\\\/#\\\/schema\\\/person\\\/1f84d6e94e6a62d2d81199d7503e9e90\"},\"headline\":\"Pol\u00edcia recupera carga avaliada em quase 200 mil reais roubada em Cubat\u00e3o\",\"datePublished\":\"2022-08-19T13:56:40+00:00\",\"mainEntityOfPage\":{\"@id\":\"https:\\\/\\\/redenoticiaz.com.br\\\/litoralsp\\\/2022\\\/08\\\/19\\\/policia-recupera-carga-avaliada-em-quase-200-mil-reais-roubada-em-cubatao\"},\"wordCount\":206,\"commentCount\":0,\"publisher\":{\"@id\":\"https:\\\/\\\/redenoticiaz.com.br\\\/litoralsp\\\/#organization\"},\"image\":{\"@id\":\"https:\\\/\\\/redenoticiaz.com.br\\\/litoralsp\\\/2022\\\/08\\\/19\\\/policia-recupera-carga-avaliada-em-quase-200-mil-reais-roubada-em-cubatao#primaryimage\"},\"thumbnailUrl\":\"https:\\\/\\\/redenoticiaz.com.br\\\/litoralsp\\\/wp-content\\\/uploads\\\/sites\\\/3\\\/2022\\\/08\\\/WhatsApp-Image-2022-08-19-at-10.20.25.jpeg\",\"keywords\":[\"CARGA\",\"Pol\u00edcia\",\"roubo\"],\"articleSection\":[\"Cubat\u00e3o\",\"Pol\u00edcia\"],\"inLanguage\":\"pt-BR\",\"potentialAction\":[{\"@type\":\"CommentAction\",\"name\":\"Comment\",\"target\":[\"https:\\\/\\\/redenoticiaz.com.br\\\/litoralsp\\\/2022\\\/08\\\/19\\\/policia-recupera-carga-avaliada-em-quase-200-mil-reais-roubada-em-cubatao#respond\"]}]},{\"@type\":\"WebPage\",\"@id\":\"https:\\\/\\\/redenoticiaz.com.br\\\/litoralsp\\\/2022\\\/08\\\/19\\\/policia-recupera-carga-avaliada-em-quase-200-mil-reais-roubada-em-cubatao\",\"url\":\"https:\\\/\\\/redenoticiaz.com.br\\\/litoralsp\\\/2022\\\/08\\\/19\\\/policia-recupera-carga-avaliada-em-quase-200-mil-reais-roubada-em-cubatao\",\"name\":\"Pol\u00edcia recupera carga avaliada em quase 200 mil reais roubada em Cubat\u00e3o - Litoral SP\",\"isPartOf\":{\"@id\":\"https:\\\/\\\/redenoticiaz.com.br\\\/litoralsp\\\/#website\"},\"primaryImageOfPage\":{\"@id\":\"https:\\\/\\\/redenoticiaz.com.br\\\/litoralsp\\\/2022\\\/08\\\/19\\\/policia-recupera-carga-avaliada-em-quase-200-mil-reais-roubada-em-cubatao#primaryimage\"},\"image\":{\"@id\":\"https:\\\/\\\/redenoticiaz.com.br\\\/litoralsp\\\/2022\\\/08\\\/19\\\/policia-recupera-carga-avaliada-em-quase-200-mil-reais-roubada-em-cubatao#primaryimage\"},\"thumbnailUrl\":\"https:\\\/\\\/redenoticiaz.com.br\\\/litoralsp\\\/wp-content\\\/uploads\\\/sites\\\/3\\\/2022\\\/08\\\/WhatsApp-Image-2022-08-19-at-10.20.25.jpeg\",\"datePublished\":\"2022-08-19T13:56:40+00:00\",\"description\":\"A v\u00edtima foi abordada no acostamento da Rodovia Anchieta e foi levada at\u00e9 uma casa e mantida em c\u00e1rcere por horas.\",\"inLanguage\":\"pt-BR\",\"potentialAction\":[{\"@type\":\"ReadAction\",\"target\":[\"https:\\\/\\\/redenoticiaz.com.br\\\/litoralsp\\\/2022\\\/08\\\/19\\\/policia-recupera-carga-avaliada-em-quase-200-mil-reais-roubada-em-cubatao\"]}]},{\"@type\":\"ImageObject\",\"inLanguage\":\"pt-BR\",\"@id\":\"https:\\\/\\\/redenoticiaz.com.br\\\/litoralsp\\\/2022\\\/08\\\/19\\\/policia-recupera-carga-avaliada-em-quase-200-mil-reais-roubada-em-cubatao#primaryimage\",\"url\":\"https:\\\/\\\/redenoticiaz.com.br\\\/litoralsp\\\/wp-content\\\/uploads\\\/sites\\\/3\\\/2022\\\/08\\\/WhatsApp-Image-2022-08-19-at-10.20.25.jpeg\",\"contentUrl\":\"https:\\\/\\\/redenoticiaz.com.br\\\/litoralsp\\\/wp-content\\\/uploads\\\/sites\\\/3\\\/2022\\\/08\\\/WhatsApp-Image-2022-08-19-at-10.20.25.jpeg\",\"width\":608,\"height\":1080,\"caption\":\"Cr\u00e9dito: Divulga\u00e7\u00e3o\"},{\"@type\":\"WebSite\",\"@id\":\"https:\\\/\\\/redenoticiaz.com.br\\\/litoralsp\\\/#website\",\"url\":\"https:\\\/\\\/redenoticiaz.com.br\\\/litoralsp\\\/\",\"name\":\"Litoral SP\",\"description\":\"Rede NoticiaZ\",\"publisher\":{\"@id\":\"https:\\\/\\\/redenoticiaz.com.br\\\/litoralsp\\\/#organization\"},\"potentialAction\":[{\"@type\":\"SearchAction\",\"target\":{\"@type\":\"EntryPoint\",\"urlTemplate\":\"https:\\\/\\\/redenoticiaz.com.br\\\/litoralsp\\\/?s={search_term_string}\"},\"query-input\":{\"@type\":\"PropertyValueSpecification\",\"valueRequired\":true,\"valueName\":\"search_term_string\"}}],\"inLanguage\":\"pt-BR\"},{\"@type\":\"Organization\",\"@id\":\"https:\\\/\\\/redenoticiaz.com.br\\\/litoralsp\\\/#organization\",\"name\":\"Litoral SP\",\"url\":\"https:\\\/\\\/redenoticiaz.com.br\\\/litoralsp\\\/\",\"logo\":{\"@type\":\"ImageObject\",\"inLanguage\":\"pt-BR\",\"@id\":\"https:\\\/\\\/redenoticiaz.com.br\\\/litoralsp\\\/#\\\/schema\\\/logo\\\/image\\\/\",\"url\":\"https:\\\/\\\/redenoticiaz.com.br\\\/litoralsp\\\/wp-content\\\/uploads\\\/sites\\\/3\\\/2020\\\/11\\\/logo.jpg\",\"contentUrl\":\"https:\\\/\\\/redenoticiaz.com.br\\\/litoralsp\\\/wp-content\\\/uploads\\\/sites\\\/3\\\/2020\\\/11\\\/logo.jpg\",\"width\":400,\"height\":250,\"caption\":\"Litoral SP\"},\"image\":{\"@id\":\"https:\\\/\\\/redenoticiaz.com.br\\\/litoralsp\\\/#\\\/schema\\\/logo\\\/image\\\/\"}},{\"@type\":\"Person\",\"@id\":\"https:\\\/\\\/redenoticiaz.com.br\\\/litoralsp\\\/#\\\/schema\\\/person\\\/1f84d6e94e6a62d2d81199d7503e9e90\",\"name\":\"Carina Reifonas\",\"image\":{\"@type\":\"ImageObject\",\"inLanguage\":\"pt-BR\",\"@id\":\"https:\\\/\\\/secure.gravatar.com\\\/avatar\\\/04c59859b23696cf867715880f81d5c037e60109730bdb4e6670ec2a2245bc97?s=96&d=mm&r=g\",\"url\":\"https:\\\/\\\/secure.gravatar.com\\\/avatar\\\/04c59859b23696cf867715880f81d5c037e60109730bdb4e6670ec2a2245bc97?s=96&d=mm&r=g\",\"contentUrl\":\"https:\\\/\\\/secure.gravatar.com\\\/avatar\\\/04c59859b23696cf867715880f81d5c037e60109730bdb4e6670ec2a2245bc97?s=96&d=mm&r=g\",\"caption\":\"Carina Reifonas\"},\"url\":\"https:\\\/\\\/redenoticiaz.com.br\\\/litoralsp\\\/author\\\/carinareifonas\"}]}<\/script>\n<!-- \/ Yoast SEO plugin. -->","yoast_head_json":{"title":"Pol\u00edcia recupera carga avaliada em quase 200 mil reais roubada em Cubat\u00e3o - Litoral SP","description":"A v\u00edtima foi abordada no acostamento da Rodovia Anchieta e foi levada at\u00e9 uma casa e mantida em c\u00e1rcere por horas.","robots":{"index":"index","follow":"follow","max-snippet":"max-snippet:-1","max-image-preview":"max-image-preview:large","max-video-preview":"max-video-preview:-1"},"canonical":"https:\/\/redenoticiaz.com.br\/litoralsp\/2022\/08\/19\/policia-recupera-carga-avaliada-em-quase-200-mil-reais-roubada-em-cubatao","og_locale":"pt_BR","og_type":"article","og_title":"Pol\u00edcia recupera carga avaliada em quase 200 mil reais roubada em Cubat\u00e3o - Litoral SP","og_description":"A v\u00edtima foi abordada no acostamento da Rodovia Anchieta e foi levada at\u00e9 uma casa e mantida em c\u00e1rcere por horas.","og_url":"https:\/\/redenoticiaz.com.br\/litoralsp\/2022\/08\/19\/policia-recupera-carga-avaliada-em-quase-200-mil-reais-roubada-em-cubatao","og_site_name":"Litoral SP","article_published_time":"2022-08-19T13:56:40+00:00","og_image":[{"width":608,"height":1080,"url":"https:\/\/redenoticiaz.com.br\/litoralsp\/wp-content\/uploads\/sites\/3\/2022\/08\/WhatsApp-Image-2022-08-19-at-10.20.25.jpeg","type":"image\/jpeg"}],"author":"Carina Reifonas","twitter_card":"summary_large_image","twitter_misc":{"Escrito por":"Carina Reifonas","Est. tempo de leitura":"1 minuto"},"schema":{"@context":"https:\/\/schema.org","@graph":[{"@type":"Article","@id":"https:\/\/redenoticiaz.com.br\/litoralsp\/2022\/08\/19\/policia-recupera-carga-avaliada-em-quase-200-mil-reais-roubada-em-cubatao#article","isPartOf":{"@id":"https:\/\/redenoticiaz.com.br\/litoralsp\/2022\/08\/19\/policia-recupera-carga-avaliada-em-quase-200-mil-reais-roubada-em-cubatao"},"author":{"name":"Carina Reifonas","@id":"https:\/\/redenoticiaz.com.br\/litoralsp\/#\/schema\/person\/1f84d6e94e6a62d2d81199d7503e9e90"},"headline":"Pol\u00edcia recupera carga avaliada em quase 200 mil reais roubada em Cubat\u00e3o","datePublished":"2022-08-19T13:56:40+00:00","mainEntityOfPage":{"@id":"https:\/\/redenoticiaz.com.br\/litoralsp\/2022\/08\/19\/policia-recupera-carga-avaliada-em-quase-200-mil-reais-roubada-em-cubatao"},"wordCount":206,"commentCount":0,"publisher":{"@id":"https:\/\/redenoticiaz.com.br\/litoralsp\/#organization"},"image":{"@id":"https:\/\/redenoticiaz.com.br\/litoralsp\/2022\/08\/19\/policia-recupera-carga-avaliada-em-quase-200-mil-reais-roubada-em-cubatao#primaryimage"},"thumbnailUrl":"https:\/\/redenoticiaz.com.br\/litoralsp\/wp-content\/uploads\/sites\/3\/2022\/08\/WhatsApp-Image-2022-08-19-at-10.20.25.jpeg","keywords":["CARGA","Pol\u00edcia","roubo"],"articleSection":["Cubat\u00e3o","Pol\u00edcia"],"inLanguage":"pt-BR","potentialAction":[{"@type":"CommentAction","name":"Comment","target":["https:\/\/redenoticiaz.com.br\/litoralsp\/2022\/08\/19\/policia-recupera-carga-avaliada-em-quase-200-mil-reais-roubada-em-cubatao#respond"]}]},{"@type":"WebPage","@id":"https:\/\/redenoticiaz.com.br\/litoralsp\/2022\/08\/19\/policia-recupera-carga-avaliada-em-quase-200-mil-reais-roubada-em-cubatao","url":"https:\/\/redenoticiaz.com.br\/litoralsp\/2022\/08\/19\/policia-recupera-carga-avaliada-em-quase-200-mil-reais-roubada-em-cubatao","name":"Pol\u00edcia recupera carga avaliada em quase 200 mil reais roubada em Cubat\u00e3o - Litoral SP","isPartOf":{"@id":"https:\/\/redenoticiaz.com.br\/litoralsp\/#website"},"primaryImageOfPage":{"@id":"https:\/\/redenoticiaz.com.br\/litoralsp\/2022\/08\/19\/policia-recupera-carga-avaliada-em-quase-200-mil-reais-roubada-em-cubatao#primaryimage"},"image":{"@id":"https:\/\/redenoticiaz.com.br\/litoralsp\/2022\/08\/19\/policia-recupera-carga-avaliada-em-quase-200-mil-reais-roubada-em-cubatao#primaryimage"},"thumbnailUrl":"https:\/\/redenoticiaz.com.br\/litoralsp\/wp-content\/uploads\/sites\/3\/2022\/08\/WhatsApp-Image-2022-08-19-at-10.20.25.jpeg","datePublished":"2022-08-19T13:56:40+00:00","description":"A v\u00edtima foi abordada no acostamento da Rodovia Anchieta e foi levada at\u00e9 uma casa e mantida em c\u00e1rcere por horas.","inLanguage":"pt-BR","potentialAction":[{"@type":"ReadAction","target":["https:\/\/redenoticiaz.com.br\/litoralsp\/2022\/08\/19\/policia-recupera-carga-avaliada-em-quase-200-mil-reais-roubada-em-cubatao"]}]},{"@type":"ImageObject","inLanguage":"pt-BR","@id":"https:\/\/redenoticiaz.com.br\/litoralsp\/2022\/08\/19\/policia-recupera-carga-avaliada-em-quase-200-mil-reais-roubada-em-cubatao#primaryimage","url":"https:\/\/redenoticiaz.com.br\/litoralsp\/wp-content\/uploads\/sites\/3\/2022\/08\/WhatsApp-Image-2022-08-19-at-10.20.25.jpeg","contentUrl":"https:\/\/redenoticiaz.com.br\/litoralsp\/wp-content\/uploads\/sites\/3\/2022\/08\/WhatsApp-Image-2022-08-19-at-10.20.25.jpeg","width":608,"height":1080,"caption":"Cr\u00e9dito: Divulga\u00e7\u00e3o"},{"@type":"WebSite","@id":"https:\/\/redenoticiaz.com.br\/litoralsp\/#website","url":"https:\/\/redenoticiaz.com.br\/litoralsp\/","name":"Litoral SP","description":"Rede NoticiaZ","publisher":{"@id":"https:\/\/redenoticiaz.com.br\/litoralsp\/#organization"},"potentialAction":[{"@type":"SearchAction","target":{"@type":"EntryPoint","urlTemplate":"https:\/\/redenoticiaz.com.br\/litoralsp\/?s={search_term_string}"},"query-input":{"@type":"PropertyValueSpecification","valueRequired":true,"valueName":"search_term_string"}}],"inLanguage":"pt-BR"},{"@type":"Organization","@id":"https:\/\/redenoticiaz.com.br\/litoralsp\/#organization","name":"Litoral SP","url":"https:\/\/redenoticiaz.com.br\/litoralsp\/","logo":{"@type":"ImageObject","inLanguage":"pt-BR","@id":"https:\/\/redenoticiaz.com.br\/litoralsp\/#\/schema\/logo\/image\/","url":"https:\/\/redenoticiaz.com.br\/litoralsp\/wp-content\/uploads\/sites\/3\/2020\/11\/logo.jpg","contentUrl":"https:\/\/redenoticiaz.com.br\/litoralsp\/wp-content\/uploads\/sites\/3\/2020\/11\/logo.jpg","width":400,"height":250,"caption":"Litoral SP"},"image":{"@id":"https:\/\/redenoticiaz.com.br\/litoralsp\/#\/schema\/logo\/image\/"}},{"@type":"Person","@id":"https:\/\/redenoticiaz.com.br\/litoralsp\/#\/schema\/person\/1f84d6e94e6a62d2d81199d7503e9e90","name":"Carina Reifonas","image":{"@type":"ImageObject","inLanguage":"pt-BR","@id":"https:\/\/secure.gravatar.com\/avatar\/04c59859b23696cf867715880f81d5c037e60109730bdb4e6670ec2a2245bc97?s=96&d=mm&r=g","url":"https:\/\/secure.gravatar.com\/avatar\/04c59859b23696cf867715880f81d5c037e60109730bdb4e6670ec2a2245bc97?s=96&d=mm&r=g","contentUrl":"https:\/\/secure.gravatar.com\/avatar\/04c59859b23696cf867715880f81d5c037e60109730bdb4e6670ec2a2245bc97?s=96&d=mm&r=g","caption":"Carina Reifonas"},"url":"https:\/\/redenoticiaz.com.br\/litoralsp\/author\/carinareifonas"}]}},"_links":{"self":[{"href":"https:\/\/redenoticiaz.com.br\/litoralsp\/wp-json\/wp\/v2\/posts\/90390","targetHints":{"allow":["GET"]}}],"collection":[{"href":"https:\/\/redenoticiaz.com.br\/litoralsp\/wp-json\/wp\/v2\/posts"}],"about":[{"href":"https:\/\/redenoticiaz.com.br\/litoralsp\/wp-json\/wp\/v2\/types\/post"}],"author":[{"embeddable":true,"href":"https:\/\/redenoticiaz.com.br\/litoralsp\/wp-json\/wp\/v2\/users\/30"}],"replies":[{"embeddable":true,"href":"https:\/\/redenoticiaz.com.br\/litoralsp\/wp-json\/wp\/v2\/comments?post=90390"}],"version-history":[{"count":1,"href":"https:\/\/redenoticiaz.com.br\/litoralsp\/wp-json\/wp\/v2\/posts\/90390\/revisions"}],"predecessor-version":[{"id":90392,"href":"https:\/\/redenoticiaz.com.br\/litoralsp\/wp-json\/wp\/v2\/posts\/90390\/revisions\/90392"}],"wp:featuredmedia":[{"embeddable":true,"href":"https:\/\/redenoticiaz.com.br\/litoralsp\/wp-json\/wp\/v2\/media\/90391"}],"wp:attachment":[{"href":"https:\/\/redenoticiaz.com.br\/litoralsp\/wp-json\/wp\/v2\/media?parent=90390"}],"wp:term":[{"taxonomy":"category","embeddable":true,"href":"https:\/\/redenoticiaz.com.br\/litoralsp\/wp-json\/wp\/v2\/categories?post=90390"},{"taxonomy":"post_tag","embeddable":true,"href":"https:\/\/redenoticiaz.com.br\/litoralsp\/wp-json\/wp\/v2\/tags?post=90390"}],"curies":[{"name":"wp","href":"https:\/\/api.w.org\/{rel}","templated":true}]}}