{"id":90457,"date":"2022-08-22T13:32:58","date_gmt":"2022-08-22T16:32:58","guid":{"rendered":"https:\/\/redenoticiaz.com.br\/litoralsp\/2022\/08\/22\/policiais-civis-deflagram-operacao-de-combate-a-crime-contra-idosos"},"modified":"2022-08-22T13:33:09","modified_gmt":"2022-08-22T16:33:09","slug":"policiais-civis-deflagram-operacao-de-combate-a-crime-contra-idosos","status":"publish","type":"post","link":"https:\/\/redenoticiaz.com.br\/litoralsp\/2022\/08\/22\/policiais-civis-deflagram-operacao-de-combate-a-crime-contra-idosos","title":{"rendered":"Policiais civis deflagram opera\u00e7\u00e3o de combate a crime contra idosos"},"content":{"rendered":"<p>Policiais civis de todas as unidades federativas participam hoje (22) da 3\u00aa edi\u00e7\u00e3o da Opera\u00e7\u00e3o Vetus, de preven\u00e7\u00e3o e repress\u00e3o \u00e0 viol\u00eancia praticada contra idosos.<\/p>\n<p>De acordo com as informa\u00e7\u00f5es. a opera\u00e7\u00e3o \u00e9 coordenada pelo Minist\u00e9rio da Justi\u00e7a e Seguran\u00e7a p\u00fablica (MJ) e conta com a ajuda de delegacias especializadas de prote\u00e7\u00e3o ao idoso.<\/p>\n<p>Ainda de acordo com o comunicado, entre as a\u00e7\u00f5es, que ser\u00e3o implementadas at\u00e9 amanh\u00e3 (23), est\u00e3o as de apura\u00e7\u00e3o de den\u00fancias, dilig\u00eancias e atendimento \u00e0s v\u00edtimas.<\/p>\n<p>Segundo o minist\u00e9rio, est\u00e3o sendo cumpridos mandados de pris\u00e3o e de busca e apreens\u00e3o. Tamb\u00e9m h\u00e1 atendimentos a solicita\u00e7\u00f5es de medidas protetivas de urg\u00eancia.<\/p>\n<p>Sendo assim, o Minist\u00e9rio da Justi\u00e7a lembra que den\u00fancias contra esse tipo de pr\u00e1tica podem ser feitas por meio do Disque 100 ou pelo <a href=\"https:\/\/www.gov.br\/mdh\/pt-br\/apps\/direitos-humanos-brasil\" target=\"_blank\" rel=\"noopener\">aplicativo Direitos Humanos Brasil<\/a>.<\/p>\n<h2>Idosos<\/h2>\n<p>Segundo a pasta, 31,2 mil idosos v\u00edtimas de viol\u00eancia foram atendidas nas duas edi\u00e7\u00f5es anteriores da Opera\u00e7\u00e3o Vetus. Tamb\u00e9m foram registradas 29,2 mil den\u00fancias, o que resultou em 985 pessoas presas. Cerca de 9 mil policiais participaram das opera\u00e7\u00f5es em 2020 e 2021.<\/p>\n<p>Leia mais<\/p>\n<p><a href=\"https:\/\/redenoticiaz.com.br\/blog\/2021\/06\/15\/no-dia-de-combate-a-violencia-contra-o-idoso-campo-limpo-deseja-aumentar-rede-de-protecao\">Cidades paulistas ganham Ludotecas para assist\u00eancia de v\u00edtimas de viol\u00eancia<\/a><\/p>\n","protected":false},"excerpt":{"rendered":"<p>Policiais civis de todas as unidades federativas participam hoje (22) da 3\u00aa edi\u00e7\u00e3o da Opera\u00e7\u00e3o Vetus, de preven\u00e7\u00e3o e repress\u00e3o \u00e0 viol\u00eancia praticada contra idosos. De acordo com as informa\u00e7\u00f5es. a opera\u00e7\u00e3o \u00e9 coordenada pelo Minist\u00e9rio da Justi\u00e7a e Seguran\u00e7a p\u00fablica (MJ) e conta com a ajuda de delegacias especializadas de prote\u00e7\u00e3o ao idoso. Ainda &hellip;<\/p>\n","protected":false},"author":12,"featured_media":90458,"comment_status":"open","ping_status":"closed","sticky":false,"template":"","format":"standard","meta":{"footnotes":""},"categories":[1625],"tags":[58971,11,58972],"class_list":["post-90457","post","type-post","status-publish","format-standard","has-post-thumbnail","hentry","category-direitos-humanos","tag-direitos-idosos","tag-operacao","tag-violencia-contra-idoso"],"yoast_head":"<!-- This site is optimized with the Yoast SEO plugin v27.5 - https:\/\/yoast.com\/product\/yoast-seo-wordpress\/ -->\n<title>Policiais civis deflagram opera\u00e7\u00e3o de combate a crime contra idosos - Litoral SP<\/title>\n<meta name=\"description\" content=\"Policiais civis de todas as unidades federativas participam hoje (22) da 3\u00aa edi\u00e7\u00e3o da Opera\u00e7\u00e3o Vetus, de preven\u00e7\u00e3o e repress\u00e3o \u00e0 viol\u00eancia praticada contra idosos.\" \/>\n<meta name=\"robots\" content=\"index, follow, max-snippet:-1, max-image-preview:large, max-video-preview:-1\" \/>\n<link rel=\"canonical\" href=\"https:\/\/redenoticiaz.com.br\/litoralsp\/2022\/08\/22\/policiais-civis-deflagram-operacao-de-combate-a-crime-contra-idosos\" \/>\n<meta property=\"og:locale\" content=\"pt_BR\" \/>\n<meta property=\"og:type\" content=\"article\" \/>\n<meta property=\"og:title\" content=\"Policiais civis deflagram opera\u00e7\u00e3o de combate a crime contra idosos - Litoral SP\" \/>\n<meta property=\"og:description\" content=\"Policiais civis de todas as unidades federativas participam hoje (22) da 3\u00aa edi\u00e7\u00e3o da Opera\u00e7\u00e3o Vetus, de preven\u00e7\u00e3o e repress\u00e3o \u00e0 viol\u00eancia praticada contra idosos.\" \/>\n<meta property=\"og:url\" content=\"https:\/\/redenoticiaz.com.br\/litoralsp\/2022\/08\/22\/policiais-civis-deflagram-operacao-de-combate-a-crime-contra-idosos\" \/>\n<meta property=\"og:site_name\" content=\"Litoral SP\" \/>\n<meta property=\"article:published_time\" content=\"2022-08-22T16:32:58+00:00\" \/>\n<meta property=\"article:modified_time\" content=\"2022-08-22T16:33:09+00:00\" \/>\n<meta property=\"og:image\" content=\"https:\/\/redenoticiaz.com.br\/litoralsp\/wp-content\/uploads\/sites\/3\/2022\/08\/acessibilidade-para-idosos-5-dicas-para-deixar-sua-casa-mais-segura.jpg?v=1623783951\" \/>\n\t<meta property=\"og:image:width\" content=\"1620\" \/>\n\t<meta property=\"og:image:height\" content=\"1080\" \/>\n\t<meta property=\"og:image:type\" content=\"image\/jpeg\" \/>\n<meta name=\"author\" content=\"Gustavo Silva\" \/>\n<meta name=\"twitter:card\" content=\"summary_large_image\" \/>\n<meta name=\"twitter:label1\" content=\"Escrito por\" \/>\n\t<meta name=\"twitter:data1\" content=\"Gustavo Silva\" \/>\n\t<meta name=\"twitter:label2\" content=\"Est. tempo de leitura\" \/>\n\t<meta name=\"twitter:data2\" content=\"2 minutos\" \/>\n<script type=\"application\/ld+json\" class=\"yoast-schema-graph\">{\"@context\":\"https:\\\/\\\/schema.org\",\"@graph\":[{\"@type\":\"Article\",\"@id\":\"https:\\\/\\\/redenoticiaz.com.br\\\/litoralsp\\\/2022\\\/08\\\/22\\\/policiais-civis-deflagram-operacao-de-combate-a-crime-contra-idosos#article\",\"isPartOf\":{\"@id\":\"https:\\\/\\\/redenoticiaz.com.br\\\/litoralsp\\\/2022\\\/08\\\/22\\\/policiais-civis-deflagram-operacao-de-combate-a-crime-contra-idosos\"},\"author\":{\"name\":\"Gustavo Silva\",\"@id\":\"https:\\\/\\\/redenoticiaz.com.br\\\/litoralsp\\\/#\\\/schema\\\/person\\\/16057b37a3c0ee6b096d7f887c566e2e\"},\"headline\":\"Policiais civis deflagram opera\u00e7\u00e3o de combate a crime contra idosos\",\"datePublished\":\"2022-08-22T16:32:58+00:00\",\"dateModified\":\"2022-08-22T16:33:09+00:00\",\"mainEntityOfPage\":{\"@id\":\"https:\\\/\\\/redenoticiaz.com.br\\\/litoralsp\\\/2022\\\/08\\\/22\\\/policiais-civis-deflagram-operacao-de-combate-a-crime-contra-idosos\"},\"wordCount\":227,\"commentCount\":0,\"publisher\":{\"@id\":\"https:\\\/\\\/redenoticiaz.com.br\\\/litoralsp\\\/#organization\"},\"image\":{\"@id\":\"https:\\\/\\\/redenoticiaz.com.br\\\/litoralsp\\\/2022\\\/08\\\/22\\\/policiais-civis-deflagram-operacao-de-combate-a-crime-contra-idosos#primaryimage\"},\"thumbnailUrl\":\"https:\\\/\\\/redenoticiaz.com.br\\\/litoralsp\\\/wp-content\\\/uploads\\\/sites\\\/3\\\/2022\\\/08\\\/acessibilidade-para-idosos-5-dicas-para-deixar-sua-casa-mais-segura.jpg?v=1623783951\",\"keywords\":[\"direitos idosos\",\"opera\u00e7\u00e3o\",\"viol\u00eancia contra idoso\"],\"articleSection\":[\"Direitos Humanos\"],\"inLanguage\":\"pt-BR\",\"potentialAction\":[{\"@type\":\"CommentAction\",\"name\":\"Comment\",\"target\":[\"https:\\\/\\\/redenoticiaz.com.br\\\/litoralsp\\\/2022\\\/08\\\/22\\\/policiais-civis-deflagram-operacao-de-combate-a-crime-contra-idosos#respond\"]}]},{\"@type\":\"WebPage\",\"@id\":\"https:\\\/\\\/redenoticiaz.com.br\\\/litoralsp\\\/2022\\\/08\\\/22\\\/policiais-civis-deflagram-operacao-de-combate-a-crime-contra-idosos\",\"url\":\"https:\\\/\\\/redenoticiaz.com.br\\\/litoralsp\\\/2022\\\/08\\\/22\\\/policiais-civis-deflagram-operacao-de-combate-a-crime-contra-idosos\",\"name\":\"Policiais civis deflagram opera\u00e7\u00e3o de combate a crime contra idosos - Litoral SP\",\"isPartOf\":{\"@id\":\"https:\\\/\\\/redenoticiaz.com.br\\\/litoralsp\\\/#website\"},\"primaryImageOfPage\":{\"@id\":\"https:\\\/\\\/redenoticiaz.com.br\\\/litoralsp\\\/2022\\\/08\\\/22\\\/policiais-civis-deflagram-operacao-de-combate-a-crime-contra-idosos#primaryimage\"},\"image\":{\"@id\":\"https:\\\/\\\/redenoticiaz.com.br\\\/litoralsp\\\/2022\\\/08\\\/22\\\/policiais-civis-deflagram-operacao-de-combate-a-crime-contra-idosos#primaryimage\"},\"thumbnailUrl\":\"https:\\\/\\\/redenoticiaz.com.br\\\/litoralsp\\\/wp-content\\\/uploads\\\/sites\\\/3\\\/2022\\\/08\\\/acessibilidade-para-idosos-5-dicas-para-deixar-sua-casa-mais-segura.jpg?v=1623783951\",\"datePublished\":\"2022-08-22T16:32:58+00:00\",\"dateModified\":\"2022-08-22T16:33:09+00:00\",\"description\":\"Policiais civis de todas as unidades federativas participam hoje (22) da 3\u00aa edi\u00e7\u00e3o da Opera\u00e7\u00e3o Vetus, de preven\u00e7\u00e3o e repress\u00e3o \u00e0 viol\u00eancia praticada contra idosos.\",\"inLanguage\":\"pt-BR\",\"potentialAction\":[{\"@type\":\"ReadAction\",\"target\":[\"https:\\\/\\\/redenoticiaz.com.br\\\/litoralsp\\\/2022\\\/08\\\/22\\\/policiais-civis-deflagram-operacao-de-combate-a-crime-contra-idosos\"]}]},{\"@type\":\"ImageObject\",\"inLanguage\":\"pt-BR\",\"@id\":\"https:\\\/\\\/redenoticiaz.com.br\\\/litoralsp\\\/2022\\\/08\\\/22\\\/policiais-civis-deflagram-operacao-de-combate-a-crime-contra-idosos#primaryimage\",\"url\":\"https:\\\/\\\/redenoticiaz.com.br\\\/litoralsp\\\/wp-content\\\/uploads\\\/sites\\\/3\\\/2022\\\/08\\\/acessibilidade-para-idosos-5-dicas-para-deixar-sua-casa-mais-segura.jpg?v=1623783951\",\"contentUrl\":\"https:\\\/\\\/redenoticiaz.com.br\\\/litoralsp\\\/wp-content\\\/uploads\\\/sites\\\/3\\\/2022\\\/08\\\/acessibilidade-para-idosos-5-dicas-para-deixar-sua-casa-mais-segura.jpg?v=1623783951\",\"width\":1620,\"height\":1080,\"caption\":\"Cr\u00e9ditos: Reuters\"},{\"@type\":\"WebSite\",\"@id\":\"https:\\\/\\\/redenoticiaz.com.br\\\/litoralsp\\\/#website\",\"url\":\"https:\\\/\\\/redenoticiaz.com.br\\\/litoralsp\\\/\",\"name\":\"Litoral SP\",\"description\":\"Rede NoticiaZ\",\"publisher\":{\"@id\":\"https:\\\/\\\/redenoticiaz.com.br\\\/litoralsp\\\/#organization\"},\"potentialAction\":[{\"@type\":\"SearchAction\",\"target\":{\"@type\":\"EntryPoint\",\"urlTemplate\":\"https:\\\/\\\/redenoticiaz.com.br\\\/litoralsp\\\/?s={search_term_string}\"},\"query-input\":{\"@type\":\"PropertyValueSpecification\",\"valueRequired\":true,\"valueName\":\"search_term_string\"}}],\"inLanguage\":\"pt-BR\"},{\"@type\":\"Organization\",\"@id\":\"https:\\\/\\\/redenoticiaz.com.br\\\/litoralsp\\\/#organization\",\"name\":\"Litoral SP\",\"url\":\"https:\\\/\\\/redenoticiaz.com.br\\\/litoralsp\\\/\",\"logo\":{\"@type\":\"ImageObject\",\"inLanguage\":\"pt-BR\",\"@id\":\"https:\\\/\\\/redenoticiaz.com.br\\\/litoralsp\\\/#\\\/schema\\\/logo\\\/image\\\/\",\"url\":\"https:\\\/\\\/redenoticiaz.com.br\\\/litoralsp\\\/wp-content\\\/uploads\\\/sites\\\/3\\\/2020\\\/11\\\/logo.jpg\",\"contentUrl\":\"https:\\\/\\\/redenoticiaz.com.br\\\/litoralsp\\\/wp-content\\\/uploads\\\/sites\\\/3\\\/2020\\\/11\\\/logo.jpg\",\"width\":400,\"height\":250,\"caption\":\"Litoral SP\"},\"image\":{\"@id\":\"https:\\\/\\\/redenoticiaz.com.br\\\/litoralsp\\\/#\\\/schema\\\/logo\\\/image\\\/\"}},{\"@type\":\"Person\",\"@id\":\"https:\\\/\\\/redenoticiaz.com.br\\\/litoralsp\\\/#\\\/schema\\\/person\\\/16057b37a3c0ee6b096d7f887c566e2e\",\"name\":\"Gustavo Silva\",\"image\":{\"@type\":\"ImageObject\",\"inLanguage\":\"pt-BR\",\"@id\":\"https:\\\/\\\/secure.gravatar.com\\\/avatar\\\/3ee4e82f93b26de0a7cf4ea5eb7893da637ed6bb0c9170c58065944c56e28a33?s=96&d=mm&r=g\",\"url\":\"https:\\\/\\\/secure.gravatar.com\\\/avatar\\\/3ee4e82f93b26de0a7cf4ea5eb7893da637ed6bb0c9170c58065944c56e28a33?s=96&d=mm&r=g\",\"contentUrl\":\"https:\\\/\\\/secure.gravatar.com\\\/avatar\\\/3ee4e82f93b26de0a7cf4ea5eb7893da637ed6bb0c9170c58065944c56e28a33?s=96&d=mm&r=g\",\"caption\":\"Gustavo Silva\"},\"url\":\"https:\\\/\\\/redenoticiaz.com.br\\\/litoralsp\\\/author\\\/gustavosilva\"}]}<\/script>\n<!-- \/ Yoast SEO plugin. -->","yoast_head_json":{"title":"Policiais civis deflagram opera\u00e7\u00e3o de combate a crime contra idosos - Litoral SP","description":"Policiais civis de todas as unidades federativas participam hoje (22) da 3\u00aa edi\u00e7\u00e3o da Opera\u00e7\u00e3o Vetus, de preven\u00e7\u00e3o e repress\u00e3o \u00e0 viol\u00eancia praticada contra idosos.","robots":{"index":"index","follow":"follow","max-snippet":"max-snippet:-1","max-image-preview":"max-image-preview:large","max-video-preview":"max-video-preview:-1"},"canonical":"https:\/\/redenoticiaz.com.br\/litoralsp\/2022\/08\/22\/policiais-civis-deflagram-operacao-de-combate-a-crime-contra-idosos","og_locale":"pt_BR","og_type":"article","og_title":"Policiais civis deflagram opera\u00e7\u00e3o de combate a crime contra idosos - Litoral SP","og_description":"Policiais civis de todas as unidades federativas participam hoje (22) da 3\u00aa edi\u00e7\u00e3o da Opera\u00e7\u00e3o Vetus, de preven\u00e7\u00e3o e repress\u00e3o \u00e0 viol\u00eancia praticada contra idosos.","og_url":"https:\/\/redenoticiaz.com.br\/litoralsp\/2022\/08\/22\/policiais-civis-deflagram-operacao-de-combate-a-crime-contra-idosos","og_site_name":"Litoral SP","article_published_time":"2022-08-22T16:32:58+00:00","article_modified_time":"2022-08-22T16:33:09+00:00","og_image":[{"width":1620,"height":1080,"url":"https:\/\/redenoticiaz.com.br\/litoralsp\/wp-content\/uploads\/sites\/3\/2022\/08\/acessibilidade-para-idosos-5-dicas-para-deixar-sua-casa-mais-segura.jpg?v=1623783951","type":"image\/jpeg"}],"author":"Gustavo Silva","twitter_card":"summary_large_image","twitter_misc":{"Escrito por":"Gustavo Silva","Est. tempo de leitura":"2 minutos"},"schema":{"@context":"https:\/\/schema.org","@graph":[{"@type":"Article","@id":"https:\/\/redenoticiaz.com.br\/litoralsp\/2022\/08\/22\/policiais-civis-deflagram-operacao-de-combate-a-crime-contra-idosos#article","isPartOf":{"@id":"https:\/\/redenoticiaz.com.br\/litoralsp\/2022\/08\/22\/policiais-civis-deflagram-operacao-de-combate-a-crime-contra-idosos"},"author":{"name":"Gustavo Silva","@id":"https:\/\/redenoticiaz.com.br\/litoralsp\/#\/schema\/person\/16057b37a3c0ee6b096d7f887c566e2e"},"headline":"Policiais civis deflagram opera\u00e7\u00e3o de combate a crime contra idosos","datePublished":"2022-08-22T16:32:58+00:00","dateModified":"2022-08-22T16:33:09+00:00","mainEntityOfPage":{"@id":"https:\/\/redenoticiaz.com.br\/litoralsp\/2022\/08\/22\/policiais-civis-deflagram-operacao-de-combate-a-crime-contra-idosos"},"wordCount":227,"commentCount":0,"publisher":{"@id":"https:\/\/redenoticiaz.com.br\/litoralsp\/#organization"},"image":{"@id":"https:\/\/redenoticiaz.com.br\/litoralsp\/2022\/08\/22\/policiais-civis-deflagram-operacao-de-combate-a-crime-contra-idosos#primaryimage"},"thumbnailUrl":"https:\/\/redenoticiaz.com.br\/litoralsp\/wp-content\/uploads\/sites\/3\/2022\/08\/acessibilidade-para-idosos-5-dicas-para-deixar-sua-casa-mais-segura.jpg?v=1623783951","keywords":["direitos idosos","opera\u00e7\u00e3o","viol\u00eancia contra idoso"],"articleSection":["Direitos Humanos"],"inLanguage":"pt-BR","potentialAction":[{"@type":"CommentAction","name":"Comment","target":["https:\/\/redenoticiaz.com.br\/litoralsp\/2022\/08\/22\/policiais-civis-deflagram-operacao-de-combate-a-crime-contra-idosos#respond"]}]},{"@type":"WebPage","@id":"https:\/\/redenoticiaz.com.br\/litoralsp\/2022\/08\/22\/policiais-civis-deflagram-operacao-de-combate-a-crime-contra-idosos","url":"https:\/\/redenoticiaz.com.br\/litoralsp\/2022\/08\/22\/policiais-civis-deflagram-operacao-de-combate-a-crime-contra-idosos","name":"Policiais civis deflagram opera\u00e7\u00e3o de combate a crime contra idosos - Litoral SP","isPartOf":{"@id":"https:\/\/redenoticiaz.com.br\/litoralsp\/#website"},"primaryImageOfPage":{"@id":"https:\/\/redenoticiaz.com.br\/litoralsp\/2022\/08\/22\/policiais-civis-deflagram-operacao-de-combate-a-crime-contra-idosos#primaryimage"},"image":{"@id":"https:\/\/redenoticiaz.com.br\/litoralsp\/2022\/08\/22\/policiais-civis-deflagram-operacao-de-combate-a-crime-contra-idosos#primaryimage"},"thumbnailUrl":"https:\/\/redenoticiaz.com.br\/litoralsp\/wp-content\/uploads\/sites\/3\/2022\/08\/acessibilidade-para-idosos-5-dicas-para-deixar-sua-casa-mais-segura.jpg?v=1623783951","datePublished":"2022-08-22T16:32:58+00:00","dateModified":"2022-08-22T16:33:09+00:00","description":"Policiais civis de todas as unidades federativas participam hoje (22) da 3\u00aa edi\u00e7\u00e3o da Opera\u00e7\u00e3o Vetus, de preven\u00e7\u00e3o e repress\u00e3o \u00e0 viol\u00eancia praticada contra idosos.","inLanguage":"pt-BR","potentialAction":[{"@type":"ReadAction","target":["https:\/\/redenoticiaz.com.br\/litoralsp\/2022\/08\/22\/policiais-civis-deflagram-operacao-de-combate-a-crime-contra-idosos"]}]},{"@type":"ImageObject","inLanguage":"pt-BR","@id":"https:\/\/redenoticiaz.com.br\/litoralsp\/2022\/08\/22\/policiais-civis-deflagram-operacao-de-combate-a-crime-contra-idosos#primaryimage","url":"https:\/\/redenoticiaz.com.br\/litoralsp\/wp-content\/uploads\/sites\/3\/2022\/08\/acessibilidade-para-idosos-5-dicas-para-deixar-sua-casa-mais-segura.jpg?v=1623783951","contentUrl":"https:\/\/redenoticiaz.com.br\/litoralsp\/wp-content\/uploads\/sites\/3\/2022\/08\/acessibilidade-para-idosos-5-dicas-para-deixar-sua-casa-mais-segura.jpg?v=1623783951","width":1620,"height":1080,"caption":"Cr\u00e9ditos: Reuters"},{"@type":"WebSite","@id":"https:\/\/redenoticiaz.com.br\/litoralsp\/#website","url":"https:\/\/redenoticiaz.com.br\/litoralsp\/","name":"Litoral SP","description":"Rede NoticiaZ","publisher":{"@id":"https:\/\/redenoticiaz.com.br\/litoralsp\/#organization"},"potentialAction":[{"@type":"SearchAction","target":{"@type":"EntryPoint","urlTemplate":"https:\/\/redenoticiaz.com.br\/litoralsp\/?s={search_term_string}"},"query-input":{"@type":"PropertyValueSpecification","valueRequired":true,"valueName":"search_term_string"}}],"inLanguage":"pt-BR"},{"@type":"Organization","@id":"https:\/\/redenoticiaz.com.br\/litoralsp\/#organization","name":"Litoral SP","url":"https:\/\/redenoticiaz.com.br\/litoralsp\/","logo":{"@type":"ImageObject","inLanguage":"pt-BR","@id":"https:\/\/redenoticiaz.com.br\/litoralsp\/#\/schema\/logo\/image\/","url":"https:\/\/redenoticiaz.com.br\/litoralsp\/wp-content\/uploads\/sites\/3\/2020\/11\/logo.jpg","contentUrl":"https:\/\/redenoticiaz.com.br\/litoralsp\/wp-content\/uploads\/sites\/3\/2020\/11\/logo.jpg","width":400,"height":250,"caption":"Litoral SP"},"image":{"@id":"https:\/\/redenoticiaz.com.br\/litoralsp\/#\/schema\/logo\/image\/"}},{"@type":"Person","@id":"https:\/\/redenoticiaz.com.br\/litoralsp\/#\/schema\/person\/16057b37a3c0ee6b096d7f887c566e2e","name":"Gustavo Silva","image":{"@type":"ImageObject","inLanguage":"pt-BR","@id":"https:\/\/secure.gravatar.com\/avatar\/3ee4e82f93b26de0a7cf4ea5eb7893da637ed6bb0c9170c58065944c56e28a33?s=96&d=mm&r=g","url":"https:\/\/secure.gravatar.com\/avatar\/3ee4e82f93b26de0a7cf4ea5eb7893da637ed6bb0c9170c58065944c56e28a33?s=96&d=mm&r=g","contentUrl":"https:\/\/secure.gravatar.com\/avatar\/3ee4e82f93b26de0a7cf4ea5eb7893da637ed6bb0c9170c58065944c56e28a33?s=96&d=mm&r=g","caption":"Gustavo Silva"},"url":"https:\/\/redenoticiaz.com.br\/litoralsp\/author\/gustavosilva"}]}},"_links":{"self":[{"href":"https:\/\/redenoticiaz.com.br\/litoralsp\/wp-json\/wp\/v2\/posts\/90457","targetHints":{"allow":["GET"]}}],"collection":[{"href":"https:\/\/redenoticiaz.com.br\/litoralsp\/wp-json\/wp\/v2\/posts"}],"about":[{"href":"https:\/\/redenoticiaz.com.br\/litoralsp\/wp-json\/wp\/v2\/types\/post"}],"author":[{"embeddable":true,"href":"https:\/\/redenoticiaz.com.br\/litoralsp\/wp-json\/wp\/v2\/users\/12"}],"replies":[{"embeddable":true,"href":"https:\/\/redenoticiaz.com.br\/litoralsp\/wp-json\/wp\/v2\/comments?post=90457"}],"version-history":[{"count":0,"href":"https:\/\/redenoticiaz.com.br\/litoralsp\/wp-json\/wp\/v2\/posts\/90457\/revisions"}],"wp:featuredmedia":[{"embeddable":true,"href":"https:\/\/redenoticiaz.com.br\/litoralsp\/wp-json\/wp\/v2\/media\/90458"}],"wp:attachment":[{"href":"https:\/\/redenoticiaz.com.br\/litoralsp\/wp-json\/wp\/v2\/media?parent=90457"}],"wp:term":[{"taxonomy":"category","embeddable":true,"href":"https:\/\/redenoticiaz.com.br\/litoralsp\/wp-json\/wp\/v2\/categories?post=90457"},{"taxonomy":"post_tag","embeddable":true,"href":"https:\/\/redenoticiaz.com.br\/litoralsp\/wp-json\/wp\/v2\/tags?post=90457"}],"curies":[{"name":"wp","href":"https:\/\/api.w.org\/{rel}","templated":true}]}}