{"id":90526,"date":"2022-08-27T13:00:30","date_gmt":"2022-08-27T16:00:30","guid":{"rendered":"https:\/\/redenoticiaz.com.br\/litoralsp\/?p=90526"},"modified":"2022-08-24T17:33:25","modified_gmt":"2022-08-24T20:33:25","slug":"plataforma-de-carreira-em-tech-tem-teste-de-compatibilidade-entre-empresas-e-usuarios","status":"publish","type":"post","link":"https:\/\/redenoticiaz.com.br\/litoralsp\/2022\/08\/27\/plataforma-de-carreira-em-tech-tem-teste-de-compatibilidade-entre-empresas-e-usuarios","title":{"rendered":"Plataforma de carreira em tech tem teste de compatibilidade entre empresas e usu\u00e1rios"},"content":{"rendered":"<p>Para incentivar a forma\u00e7\u00e3o de talentos no setor de Tecnologia, a <a href=\"https:\/\/www.estudar.org.br\/\"><strong>Funda\u00e7\u00e3o Estudar<\/strong> <\/a>lan\u00e7ou, recentemente, a Wikitech, uma plataforma interativa e din\u00e2mica, que conta com hist\u00f3rias de profissionais de TI compartilhando suas experi\u00eancias e desafios na \u00e1rea. A<a href=\"https:\/\/conteudos.napratica.org.br\/wikitech\/\"> Wikitech<\/a> recebe o apoio de gigantes do setor, como Google, Stone, Amazon, iFood, Nubank, Stone e Wildlife, entre outras.Segundo a institui\u00e7\u00e3o, esta iniciativa visa diminuir em pelo menos 4% o d\u00e9ficit de m\u00e3o-de-obra no setor, a curto e m\u00e9dio prazo.<\/p>\n<p>O setor de Tecnologia no Brasil, hoje, oferece um cen\u00e1rio de oportunidades. Para se ter ideia, por ano 100 mil vagas abertas n\u00e3o s\u00e3o preenchidas. At\u00e9 2024, haver\u00e1 uma demanda nacional de 420 mil ofertas de trabalho no setor de TI. Por outro lado, o pa\u00eds forma apenas 46 mil novos profissionais por ano. Sendo assim, as chances de conseguir um emprego nessa \u00e1rea s\u00e3o grandes. Os dados s\u00e3o da Associa\u00e7\u00e3o Brasileira das Empresas de Tecnologia da Informa\u00e7\u00e3o e Comunica\u00e7\u00e3o (Brasscom).<\/p>\n<p>O desenvolvimento da plataforma saiu do fundo de R$ 8 milh\u00f5es da Funda\u00e7\u00e3o Estudar destinada \u00e0 Frente Tech. Al\u00e9m das postagens, a iniciativa tamb\u00e9m servir\u00e1 para que recrutadores de empresas de tecnologia consigam encontrar e recrutar novos profissionais, pois contar\u00e1 com testes de perfis de carreira e possibilitar\u00e1 um \u201cmatch\u201d entre usu\u00e1rios e empresas, sendo, portanto, tamb\u00e9m um canal para atrair vagas na \u00e1rea da Tecnologia.<\/p>\n<p>\u201cO setor de Tecnologia carece de m\u00e3o de obra, e o cen\u00e1rio \u00e9 de muita oportunidade, tanto para jovens que ainda est\u00e3o se decidindo sobre o futuro profissional, quanto para quem deseja fazer uma transi\u00e7\u00e3o de carreira. Atualmente, de todas as vagas abertas, 100 mil n\u00e3o s\u00e3o preenchidas. Com a plataforma Wikitech, esperamos fomentar a inclus\u00e3o de novos profissionais tech e diminuir o d\u00e9ficit de empregabilidade que se apresenta neste momento no pa\u00eds\u201d, afirma Anna Valenzuela, <strong>head de\u00a0 Produto e Inova\u00e7\u00e3o da Funda\u00e7\u00e3o Estudar.<\/strong><\/p>\n<p>Na Wikitech, os usu\u00e1rios poder\u00e3o ter acesso a depoimentos inspiradores, como o de Bianca Dutra Guzenski, que era dentista e decidiu migrar de \u00e1rea para realizar um sonho de inf\u00e2ncia pouco incentivado.<\/p>\n<p>\u201cDesde pequena, sempre gostei de tecnologia e queria trabalhar nesse setor, mas, infelizmente, tive algumas influ\u00eancias erradas que me disseram que mulher n\u00e3o ia se dar bem na \u00e1rea e que eu n\u00e3o iria gostar\u201d, afirma. Tornei-me dentista e passei os cinco anos [de forma\u00e7\u00e3o acad\u00eamica] triste; n\u00e3o gostava muito do que fazia. Em uma conversa com meu namorado, houve um est\u00edmulo para que eu procurasse outra profiss\u00e3o e, assim, pude voltar ao meu sonho de inf\u00e2ncia e segui para \u00e1rea de Tecnologia. Comecei a estudar em casa sozinha e ingressei no mercado de trabalho\u201d, comenta a profissional, hoje desenvolvedora de Software da Stone.<\/p>\n<p><strong>VEJA TAMB\u00c9M:\u00a0<a href=\"https:\/\/redenoticiaz.com.br\/barretos-regiao\/sp\/2022\/08\/07\/modelos-de-negocios-sustentaveis-e-tema-de-debate-em-painel-promovido-pela-fundacao-estudar\">Modelos de neg\u00f3cios sustent\u00e1veis \u00e9 tema de debate em painel promovido pela Funda\u00e7\u00e3o Estudar<\/a><\/strong><\/p>\n","protected":false},"excerpt":{"rendered":"<p>Para incentivar a forma\u00e7\u00e3o de talentos no setor de Tecnologia, a Funda\u00e7\u00e3o Estudar lan\u00e7ou, recentemente, a Wikitech, uma plataforma interativa e din\u00e2mica, que conta com hist\u00f3rias de profissionais de TI compartilhando suas experi\u00eancias e desafios na \u00e1rea. A Wikitech recebe o apoio de gigantes do setor, como Google, Stone, Amazon, iFood, Nubank, Stone e Wildlife, &hellip;<\/p>\n","protected":false},"author":15,"featured_media":90527,"comment_status":"open","ping_status":"closed","sticky":false,"template":"","format":"standard","meta":{"footnotes":""},"categories":[2795],"tags":[58993,9966,57760,53352],"class_list":["post-90526","post","type-post","status-publish","format-standard","has-post-thumbnail","hentry","category-trabalho","tag-compatibilidade","tag-empresas","tag-estudar","tag-plataforma"],"yoast_head":"<!-- This site is optimized with the Yoast SEO plugin v27.5 - https:\/\/yoast.com\/product\/yoast-seo-wordpress\/ -->\n<title>Plataforma de carreira em tech tem teste de compatibilidade entre empresas e usu\u00e1rios - Litoral SP<\/title>\n<meta name=\"description\" content=\"Para incentivar a forma\u00e7\u00e3o de talentos no setor de Tecnologia, a Funda\u00e7\u00e3o Estudar lan\u00e7ou, recentemente, a Wikitech, uma plataforma interativa e din\u00e2mica.\" \/>\n<meta name=\"robots\" content=\"index, follow, max-snippet:-1, max-image-preview:large, max-video-preview:-1\" \/>\n<link rel=\"canonical\" href=\"https:\/\/redenoticiaz.com.br\/litoralsp\/2022\/08\/27\/plataforma-de-carreira-em-tech-tem-teste-de-compatibilidade-entre-empresas-e-usuarios\" \/>\n<meta property=\"og:locale\" content=\"pt_BR\" \/>\n<meta property=\"og:type\" content=\"article\" \/>\n<meta property=\"og:title\" content=\"Plataforma de carreira em tech tem teste de compatibilidade entre empresas e usu\u00e1rios - Litoral SP\" \/>\n<meta property=\"og:description\" content=\"Para incentivar a forma\u00e7\u00e3o de talentos no setor de Tecnologia, a Funda\u00e7\u00e3o Estudar lan\u00e7ou, recentemente, a Wikitech, uma plataforma interativa e din\u00e2mica.\" \/>\n<meta property=\"og:url\" content=\"https:\/\/redenoticiaz.com.br\/litoralsp\/2022\/08\/27\/plataforma-de-carreira-em-tech-tem-teste-de-compatibilidade-entre-empresas-e-usuarios\" \/>\n<meta property=\"og:site_name\" content=\"Litoral SP\" \/>\n<meta property=\"article:published_time\" content=\"2022-08-27T16:00:30+00:00\" \/>\n<meta property=\"og:image\" content=\"https:\/\/redenoticiaz.com.br\/litoralsp\/wp-content\/uploads\/sites\/3\/2022\/08\/2022-08-24.jpg\" \/>\n\t<meta property=\"og:image:width\" content=\"536\" \/>\n\t<meta property=\"og:image:height\" content=\"489\" \/>\n\t<meta property=\"og:image:type\" content=\"image\/jpeg\" \/>\n<meta name=\"twitter:card\" content=\"summary_large_image\" \/>\n<meta name=\"twitter:label1\" content=\"Escrito por\" \/>\n\t<meta name=\"twitter:data1\" content=\"\" \/>\n\t<meta name=\"twitter:label2\" content=\"Est. tempo de leitura\" \/>\n\t<meta name=\"twitter:data2\" content=\"3 minutos\" \/>\n<script type=\"application\/ld+json\" class=\"yoast-schema-graph\">{\"@context\":\"https:\\\/\\\/schema.org\",\"@graph\":[{\"@type\":\"Article\",\"@id\":\"https:\\\/\\\/redenoticiaz.com.br\\\/litoralsp\\\/2022\\\/08\\\/27\\\/plataforma-de-carreira-em-tech-tem-teste-de-compatibilidade-entre-empresas-e-usuarios#article\",\"isPartOf\":{\"@id\":\"https:\\\/\\\/redenoticiaz.com.br\\\/litoralsp\\\/2022\\\/08\\\/27\\\/plataforma-de-carreira-em-tech-tem-teste-de-compatibilidade-entre-empresas-e-usuarios\"},\"author\":{\"name\":\"\",\"@id\":\"\"},\"headline\":\"Plataforma de carreira em tech tem teste de compatibilidade entre empresas e usu\u00e1rios\",\"datePublished\":\"2022-08-27T16:00:30+00:00\",\"mainEntityOfPage\":{\"@id\":\"https:\\\/\\\/redenoticiaz.com.br\\\/litoralsp\\\/2022\\\/08\\\/27\\\/plataforma-de-carreira-em-tech-tem-teste-de-compatibilidade-entre-empresas-e-usuarios\"},\"wordCount\":518,\"commentCount\":0,\"publisher\":{\"@id\":\"https:\\\/\\\/redenoticiaz.com.br\\\/litoralsp\\\/#organization\"},\"image\":{\"@id\":\"https:\\\/\\\/redenoticiaz.com.br\\\/litoralsp\\\/2022\\\/08\\\/27\\\/plataforma-de-carreira-em-tech-tem-teste-de-compatibilidade-entre-empresas-e-usuarios#primaryimage\"},\"thumbnailUrl\":\"https:\\\/\\\/redenoticiaz.com.br\\\/litoralsp\\\/wp-content\\\/uploads\\\/sites\\\/3\\\/2022\\\/08\\\/2022-08-24.jpg\",\"keywords\":[\"COMPATIBILIDADE\",\"EMPRESAS\",\"ESTUDAR\",\"PLATAFORMA\"],\"articleSection\":[\"Trabalho\"],\"inLanguage\":\"pt-BR\",\"potentialAction\":[{\"@type\":\"CommentAction\",\"name\":\"Comment\",\"target\":[\"https:\\\/\\\/redenoticiaz.com.br\\\/litoralsp\\\/2022\\\/08\\\/27\\\/plataforma-de-carreira-em-tech-tem-teste-de-compatibilidade-entre-empresas-e-usuarios#respond\"]}]},{\"@type\":\"WebPage\",\"@id\":\"https:\\\/\\\/redenoticiaz.com.br\\\/litoralsp\\\/2022\\\/08\\\/27\\\/plataforma-de-carreira-em-tech-tem-teste-de-compatibilidade-entre-empresas-e-usuarios\",\"url\":\"https:\\\/\\\/redenoticiaz.com.br\\\/litoralsp\\\/2022\\\/08\\\/27\\\/plataforma-de-carreira-em-tech-tem-teste-de-compatibilidade-entre-empresas-e-usuarios\",\"name\":\"Plataforma de carreira em tech tem teste de compatibilidade entre empresas e usu\u00e1rios - Litoral SP\",\"isPartOf\":{\"@id\":\"https:\\\/\\\/redenoticiaz.com.br\\\/litoralsp\\\/#website\"},\"primaryImageOfPage\":{\"@id\":\"https:\\\/\\\/redenoticiaz.com.br\\\/litoralsp\\\/2022\\\/08\\\/27\\\/plataforma-de-carreira-em-tech-tem-teste-de-compatibilidade-entre-empresas-e-usuarios#primaryimage\"},\"image\":{\"@id\":\"https:\\\/\\\/redenoticiaz.com.br\\\/litoralsp\\\/2022\\\/08\\\/27\\\/plataforma-de-carreira-em-tech-tem-teste-de-compatibilidade-entre-empresas-e-usuarios#primaryimage\"},\"thumbnailUrl\":\"https:\\\/\\\/redenoticiaz.com.br\\\/litoralsp\\\/wp-content\\\/uploads\\\/sites\\\/3\\\/2022\\\/08\\\/2022-08-24.jpg\",\"datePublished\":\"2022-08-27T16:00:30+00:00\",\"description\":\"Para incentivar a forma\u00e7\u00e3o de talentos no setor de Tecnologia, a Funda\u00e7\u00e3o Estudar lan\u00e7ou, recentemente, a Wikitech, uma plataforma interativa e din\u00e2mica.\",\"inLanguage\":\"pt-BR\",\"potentialAction\":[{\"@type\":\"ReadAction\",\"target\":[\"https:\\\/\\\/redenoticiaz.com.br\\\/litoralsp\\\/2022\\\/08\\\/27\\\/plataforma-de-carreira-em-tech-tem-teste-de-compatibilidade-entre-empresas-e-usuarios\"]}]},{\"@type\":\"ImageObject\",\"inLanguage\":\"pt-BR\",\"@id\":\"https:\\\/\\\/redenoticiaz.com.br\\\/litoralsp\\\/2022\\\/08\\\/27\\\/plataforma-de-carreira-em-tech-tem-teste-de-compatibilidade-entre-empresas-e-usuarios#primaryimage\",\"url\":\"https:\\\/\\\/redenoticiaz.com.br\\\/litoralsp\\\/wp-content\\\/uploads\\\/sites\\\/3\\\/2022\\\/08\\\/2022-08-24.jpg\",\"contentUrl\":\"https:\\\/\\\/redenoticiaz.com.br\\\/litoralsp\\\/wp-content\\\/uploads\\\/sites\\\/3\\\/2022\\\/08\\\/2022-08-24.jpg\",\"width\":536,\"height\":489,\"caption\":\"Plataforma de carreira. Cr\u00e9dito: Divulga\u00e7\u00e3o\"},{\"@type\":\"WebSite\",\"@id\":\"https:\\\/\\\/redenoticiaz.com.br\\\/litoralsp\\\/#website\",\"url\":\"https:\\\/\\\/redenoticiaz.com.br\\\/litoralsp\\\/\",\"name\":\"Litoral SP\",\"description\":\"Rede NoticiaZ\",\"publisher\":{\"@id\":\"https:\\\/\\\/redenoticiaz.com.br\\\/litoralsp\\\/#organization\"},\"potentialAction\":[{\"@type\":\"SearchAction\",\"target\":{\"@type\":\"EntryPoint\",\"urlTemplate\":\"https:\\\/\\\/redenoticiaz.com.br\\\/litoralsp\\\/?s={search_term_string}\"},\"query-input\":{\"@type\":\"PropertyValueSpecification\",\"valueRequired\":true,\"valueName\":\"search_term_string\"}}],\"inLanguage\":\"pt-BR\"},{\"@type\":\"Organization\",\"@id\":\"https:\\\/\\\/redenoticiaz.com.br\\\/litoralsp\\\/#organization\",\"name\":\"Litoral SP\",\"url\":\"https:\\\/\\\/redenoticiaz.com.br\\\/litoralsp\\\/\",\"logo\":{\"@type\":\"ImageObject\",\"inLanguage\":\"pt-BR\",\"@id\":\"https:\\\/\\\/redenoticiaz.com.br\\\/litoralsp\\\/#\\\/schema\\\/logo\\\/image\\\/\",\"url\":\"https:\\\/\\\/redenoticiaz.com.br\\\/litoralsp\\\/wp-content\\\/uploads\\\/sites\\\/3\\\/2020\\\/11\\\/logo.jpg\",\"contentUrl\":\"https:\\\/\\\/redenoticiaz.com.br\\\/litoralsp\\\/wp-content\\\/uploads\\\/sites\\\/3\\\/2020\\\/11\\\/logo.jpg\",\"width\":400,\"height\":250,\"caption\":\"Litoral SP\"},\"image\":{\"@id\":\"https:\\\/\\\/redenoticiaz.com.br\\\/litoralsp\\\/#\\\/schema\\\/logo\\\/image\\\/\"}},{\"@type\":\"Person\",\"@id\":\"\",\"url\":\"https:\\\/\\\/redenoticiaz.com.br\\\/litoralsp\\\/author\"}]}<\/script>\n<!-- \/ Yoast SEO plugin. -->","yoast_head_json":{"title":"Plataforma de carreira em tech tem teste de compatibilidade entre empresas e usu\u00e1rios - Litoral SP","description":"Para incentivar a forma\u00e7\u00e3o de talentos no setor de Tecnologia, a Funda\u00e7\u00e3o Estudar lan\u00e7ou, recentemente, a Wikitech, uma plataforma interativa e din\u00e2mica.","robots":{"index":"index","follow":"follow","max-snippet":"max-snippet:-1","max-image-preview":"max-image-preview:large","max-video-preview":"max-video-preview:-1"},"canonical":"https:\/\/redenoticiaz.com.br\/litoralsp\/2022\/08\/27\/plataforma-de-carreira-em-tech-tem-teste-de-compatibilidade-entre-empresas-e-usuarios","og_locale":"pt_BR","og_type":"article","og_title":"Plataforma de carreira em tech tem teste de compatibilidade entre empresas e usu\u00e1rios - Litoral SP","og_description":"Para incentivar a forma\u00e7\u00e3o de talentos no setor de Tecnologia, a Funda\u00e7\u00e3o Estudar lan\u00e7ou, recentemente, a Wikitech, uma plataforma interativa e din\u00e2mica.","og_url":"https:\/\/redenoticiaz.com.br\/litoralsp\/2022\/08\/27\/plataforma-de-carreira-em-tech-tem-teste-de-compatibilidade-entre-empresas-e-usuarios","og_site_name":"Litoral SP","article_published_time":"2022-08-27T16:00:30+00:00","og_image":[{"width":536,"height":489,"url":"https:\/\/redenoticiaz.com.br\/litoralsp\/wp-content\/uploads\/sites\/3\/2022\/08\/2022-08-24.jpg","type":"image\/jpeg"}],"twitter_card":"summary_large_image","twitter_misc":{"Escrito por":"","Est. tempo de leitura":"3 minutos"},"schema":{"@context":"https:\/\/schema.org","@graph":[{"@type":"Article","@id":"https:\/\/redenoticiaz.com.br\/litoralsp\/2022\/08\/27\/plataforma-de-carreira-em-tech-tem-teste-de-compatibilidade-entre-empresas-e-usuarios#article","isPartOf":{"@id":"https:\/\/redenoticiaz.com.br\/litoralsp\/2022\/08\/27\/plataforma-de-carreira-em-tech-tem-teste-de-compatibilidade-entre-empresas-e-usuarios"},"author":{"name":"","@id":""},"headline":"Plataforma de carreira em tech tem teste de compatibilidade entre empresas e usu\u00e1rios","datePublished":"2022-08-27T16:00:30+00:00","mainEntityOfPage":{"@id":"https:\/\/redenoticiaz.com.br\/litoralsp\/2022\/08\/27\/plataforma-de-carreira-em-tech-tem-teste-de-compatibilidade-entre-empresas-e-usuarios"},"wordCount":518,"commentCount":0,"publisher":{"@id":"https:\/\/redenoticiaz.com.br\/litoralsp\/#organization"},"image":{"@id":"https:\/\/redenoticiaz.com.br\/litoralsp\/2022\/08\/27\/plataforma-de-carreira-em-tech-tem-teste-de-compatibilidade-entre-empresas-e-usuarios#primaryimage"},"thumbnailUrl":"https:\/\/redenoticiaz.com.br\/litoralsp\/wp-content\/uploads\/sites\/3\/2022\/08\/2022-08-24.jpg","keywords":["COMPATIBILIDADE","EMPRESAS","ESTUDAR","PLATAFORMA"],"articleSection":["Trabalho"],"inLanguage":"pt-BR","potentialAction":[{"@type":"CommentAction","name":"Comment","target":["https:\/\/redenoticiaz.com.br\/litoralsp\/2022\/08\/27\/plataforma-de-carreira-em-tech-tem-teste-de-compatibilidade-entre-empresas-e-usuarios#respond"]}]},{"@type":"WebPage","@id":"https:\/\/redenoticiaz.com.br\/litoralsp\/2022\/08\/27\/plataforma-de-carreira-em-tech-tem-teste-de-compatibilidade-entre-empresas-e-usuarios","url":"https:\/\/redenoticiaz.com.br\/litoralsp\/2022\/08\/27\/plataforma-de-carreira-em-tech-tem-teste-de-compatibilidade-entre-empresas-e-usuarios","name":"Plataforma de carreira em tech tem teste de compatibilidade entre empresas e usu\u00e1rios - Litoral SP","isPartOf":{"@id":"https:\/\/redenoticiaz.com.br\/litoralsp\/#website"},"primaryImageOfPage":{"@id":"https:\/\/redenoticiaz.com.br\/litoralsp\/2022\/08\/27\/plataforma-de-carreira-em-tech-tem-teste-de-compatibilidade-entre-empresas-e-usuarios#primaryimage"},"image":{"@id":"https:\/\/redenoticiaz.com.br\/litoralsp\/2022\/08\/27\/plataforma-de-carreira-em-tech-tem-teste-de-compatibilidade-entre-empresas-e-usuarios#primaryimage"},"thumbnailUrl":"https:\/\/redenoticiaz.com.br\/litoralsp\/wp-content\/uploads\/sites\/3\/2022\/08\/2022-08-24.jpg","datePublished":"2022-08-27T16:00:30+00:00","description":"Para incentivar a forma\u00e7\u00e3o de talentos no setor de Tecnologia, a Funda\u00e7\u00e3o Estudar lan\u00e7ou, recentemente, a Wikitech, uma plataforma interativa e din\u00e2mica.","inLanguage":"pt-BR","potentialAction":[{"@type":"ReadAction","target":["https:\/\/redenoticiaz.com.br\/litoralsp\/2022\/08\/27\/plataforma-de-carreira-em-tech-tem-teste-de-compatibilidade-entre-empresas-e-usuarios"]}]},{"@type":"ImageObject","inLanguage":"pt-BR","@id":"https:\/\/redenoticiaz.com.br\/litoralsp\/2022\/08\/27\/plataforma-de-carreira-em-tech-tem-teste-de-compatibilidade-entre-empresas-e-usuarios#primaryimage","url":"https:\/\/redenoticiaz.com.br\/litoralsp\/wp-content\/uploads\/sites\/3\/2022\/08\/2022-08-24.jpg","contentUrl":"https:\/\/redenoticiaz.com.br\/litoralsp\/wp-content\/uploads\/sites\/3\/2022\/08\/2022-08-24.jpg","width":536,"height":489,"caption":"Plataforma de carreira. Cr\u00e9dito: Divulga\u00e7\u00e3o"},{"@type":"WebSite","@id":"https:\/\/redenoticiaz.com.br\/litoralsp\/#website","url":"https:\/\/redenoticiaz.com.br\/litoralsp\/","name":"Litoral SP","description":"Rede NoticiaZ","publisher":{"@id":"https:\/\/redenoticiaz.com.br\/litoralsp\/#organization"},"potentialAction":[{"@type":"SearchAction","target":{"@type":"EntryPoint","urlTemplate":"https:\/\/redenoticiaz.com.br\/litoralsp\/?s={search_term_string}"},"query-input":{"@type":"PropertyValueSpecification","valueRequired":true,"valueName":"search_term_string"}}],"inLanguage":"pt-BR"},{"@type":"Organization","@id":"https:\/\/redenoticiaz.com.br\/litoralsp\/#organization","name":"Litoral SP","url":"https:\/\/redenoticiaz.com.br\/litoralsp\/","logo":{"@type":"ImageObject","inLanguage":"pt-BR","@id":"https:\/\/redenoticiaz.com.br\/litoralsp\/#\/schema\/logo\/image\/","url":"https:\/\/redenoticiaz.com.br\/litoralsp\/wp-content\/uploads\/sites\/3\/2020\/11\/logo.jpg","contentUrl":"https:\/\/redenoticiaz.com.br\/litoralsp\/wp-content\/uploads\/sites\/3\/2020\/11\/logo.jpg","width":400,"height":250,"caption":"Litoral SP"},"image":{"@id":"https:\/\/redenoticiaz.com.br\/litoralsp\/#\/schema\/logo\/image\/"}},{"@type":"Person","@id":"","url":"https:\/\/redenoticiaz.com.br\/litoralsp\/author"}]}},"_links":{"self":[{"href":"https:\/\/redenoticiaz.com.br\/litoralsp\/wp-json\/wp\/v2\/posts\/90526","targetHints":{"allow":["GET"]}}],"collection":[{"href":"https:\/\/redenoticiaz.com.br\/litoralsp\/wp-json\/wp\/v2\/posts"}],"about":[{"href":"https:\/\/redenoticiaz.com.br\/litoralsp\/wp-json\/wp\/v2\/types\/post"}],"author":[{"embeddable":true,"href":"https:\/\/redenoticiaz.com.br\/litoralsp\/wp-json\/wp\/v2\/users\/15"}],"replies":[{"embeddable":true,"href":"https:\/\/redenoticiaz.com.br\/litoralsp\/wp-json\/wp\/v2\/comments?post=90526"}],"version-history":[{"count":0,"href":"https:\/\/redenoticiaz.com.br\/litoralsp\/wp-json\/wp\/v2\/posts\/90526\/revisions"}],"wp:featuredmedia":[{"embeddable":true,"href":"https:\/\/redenoticiaz.com.br\/litoralsp\/wp-json\/wp\/v2\/media\/90527"}],"wp:attachment":[{"href":"https:\/\/redenoticiaz.com.br\/litoralsp\/wp-json\/wp\/v2\/media?parent=90526"}],"wp:term":[{"taxonomy":"category","embeddable":true,"href":"https:\/\/redenoticiaz.com.br\/litoralsp\/wp-json\/wp\/v2\/categories?post=90526"},{"taxonomy":"post_tag","embeddable":true,"href":"https:\/\/redenoticiaz.com.br\/litoralsp\/wp-json\/wp\/v2\/tags?post=90526"}],"curies":[{"name":"wp","href":"https:\/\/api.w.org\/{rel}","templated":true}]}}