{"id":90733,"date":"2022-08-30T10:38:59","date_gmt":"2022-08-30T13:38:59","guid":{"rendered":"https:\/\/redenoticiaz.com.br\/litoralsp\/?p=90733"},"modified":"2022-08-30T10:38:59","modified_gmt":"2022-08-30T13:38:59","slug":"caminhao-do-peixe-com-precos-acessiveis-em-guaruja","status":"publish","type":"post","link":"https:\/\/redenoticiaz.com.br\/litoralsp\/2022\/08\/30\/caminhao-do-peixe-com-precos-acessiveis-em-guaruja","title":{"rendered":"Caminh\u00e3o do Peixe com pre\u00e7os acess\u00edveis em Guaruj\u00e1"},"content":{"rendered":"<p data-raofz=\"17\">O Caminh\u00e3o do Peixe de <a href=\"https:\/\/www.guaruja.sp.gov.br\/\">Guaruj\u00e1<\/a> percorre os bairros de Guaruj\u00e1 e do Distrito de Vicente de Carvalho at\u00e9 quinta-feira (1\u00ba) com pescados a pre\u00e7os mais acess\u00edveis. Tamb\u00e9m acontece a Feira de Agricultura Familiar com temperos, frutas, legumes e verduras mais em conta.<\/p>\n<h4 data-raofz=\"17\"><strong>Confira a programa\u00e7\u00e3o:<\/strong><\/h4>\n<p data-raofz=\"17\"><strong>Ter\u00e7a-feira\u00a0(30)<\/strong><\/p>\n<p data-raofz=\"17\">Das 8 \u00e0s 12 horas\u2013 Ao lado\u00a0do\u00a0Supermercado Extra (Av. \u00c1urea Gonzales de Conde, 258, Jardim Progresso)<\/p>\n<p data-raofz=\"17\">Das 14 \u00e0s 17 horas \u2013 Caec M\u00e1rcia Regina dos Santos (Av. Mario Daige, 1.440, Jardim Boa Esperan\u00e7a)<\/p>\n<p data-raofz=\"17\"><strong>Quarta-feira\u00a0(31)<\/strong><\/p>\n<p data-raofz=\"17\">Das 8 \u00e0s 15 horas \u2013 Rua Acre com Av. Desembargador Pl\u00ednio de Carvalho Pinto, Enseada. No local acontece, tamb\u00e9m, a\u00a0Feira\u00a0de\u00a0Agricultura\u00a0Familiar<\/p>\n<p data-raofz=\"17\"><strong>Quinta-feira\u00a0(1\u00ba)<\/strong><\/p>\n<p data-raofz=\"17\">Das 8 \u00e0s 15 horas \u2013 Centro Comercial ao lado\u00a0do\u00a0Super X (Morrinhos)<\/p>\n<p data-raofz=\"17\">\n<p data-raofz=\"17\"><strong>VEJA TAMB\u00c9M:\u00a0<a href=\"https:\/\/redenoticiaz.com.br\/litoralsp\/2022\/08\/28\/alta-da-inflacao-franquias-passam-a-revisar-os-processos-internos-para-driblar-o-aumento-de-precos\">Alta da infla\u00e7\u00e3o: franquias passam a revisar os processos internos para driblar o aumento de pre\u00e7os<\/a><\/strong><\/p>\n","protected":false},"excerpt":{"rendered":"<p>O Caminh\u00e3o do Peixe de Guaruj\u00e1 percorre os bairros de Guaruj\u00e1 e do Distrito de Vicente de Carvalho at\u00e9 quinta-feira (1\u00ba) com pescados a pre\u00e7os mais acess\u00edveis. Tamb\u00e9m acontece a Feira de Agricultura Familiar com temperos, frutas, legumes e verduras mais em conta. Confira a programa\u00e7\u00e3o: Ter\u00e7a-feira\u00a0(30) Das 8 \u00e0s 12 horas\u2013 Ao lado\u00a0do\u00a0Supermercado Extra &hellip;<\/p>\n","protected":false},"author":30,"featured_media":90734,"comment_status":"open","ping_status":"closed","sticky":false,"template":"","format":"standard","meta":{"footnotes":""},"categories":[4,187],"tags":[44854,33396,49450],"class_list":["post-90733","post","type-post","status-publish","format-standard","has-post-thumbnail","hentry","category-geral","category-guaruja","tag-agricultura","tag-peixe","tag-precos"],"yoast_head":"<!-- This site is optimized with the Yoast SEO plugin v27.5 - https:\/\/yoast.com\/product\/yoast-seo-wordpress\/ -->\n<title>Caminh\u00e3o do Peixe com pre\u00e7os acess\u00edveis em Guaruj\u00e1 - Litoral SP<\/title>\n<meta name=\"description\" content=\"Tamb\u00e9m acontece a Feira de Agricultura Familiar com temperos, frutas, legumes e verduras com os pre\u00e7os bem acess\u00edveis.\" \/>\n<meta name=\"robots\" content=\"index, follow, max-snippet:-1, max-image-preview:large, max-video-preview:-1\" \/>\n<link rel=\"canonical\" href=\"https:\/\/redenoticiaz.com.br\/litoralsp\/2022\/08\/30\/caminhao-do-peixe-com-precos-acessiveis-em-guaruja\" \/>\n<meta property=\"og:locale\" content=\"pt_BR\" \/>\n<meta property=\"og:type\" content=\"article\" \/>\n<meta property=\"og:title\" content=\"Caminh\u00e3o do Peixe com pre\u00e7os acess\u00edveis em Guaruj\u00e1 - Litoral SP\" \/>\n<meta property=\"og:description\" content=\"Tamb\u00e9m acontece a Feira de Agricultura Familiar com temperos, frutas, legumes e verduras com os pre\u00e7os bem acess\u00edveis.\" \/>\n<meta property=\"og:url\" content=\"https:\/\/redenoticiaz.com.br\/litoralsp\/2022\/08\/30\/caminhao-do-peixe-com-precos-acessiveis-em-guaruja\" \/>\n<meta property=\"og:site_name\" content=\"Litoral SP\" \/>\n<meta property=\"article:published_time\" content=\"2022-08-30T13:38:59+00:00\" \/>\n<meta property=\"og:image\" content=\"https:\/\/redenoticiaz.com.br\/litoralsp\/wp-content\/uploads\/sites\/3\/2022\/08\/caminhao-peixe.jpg\" \/>\n\t<meta property=\"og:image:width\" content=\"1536\" \/>\n\t<meta property=\"og:image:height\" content=\"864\" \/>\n\t<meta property=\"og:image:type\" content=\"image\/jpeg\" \/>\n<meta name=\"author\" content=\"Carina Reifonas\" \/>\n<meta name=\"twitter:card\" content=\"summary_large_image\" \/>\n<meta name=\"twitter:label1\" content=\"Escrito por\" \/>\n\t<meta name=\"twitter:data1\" content=\"Carina Reifonas\" \/>\n\t<meta name=\"twitter:label2\" content=\"Est. tempo de leitura\" \/>\n\t<meta name=\"twitter:data2\" content=\"1 minuto\" \/>\n<script type=\"application\/ld+json\" class=\"yoast-schema-graph\">{\"@context\":\"https:\\\/\\\/schema.org\",\"@graph\":[{\"@type\":\"Article\",\"@id\":\"https:\\\/\\\/redenoticiaz.com.br\\\/litoralsp\\\/2022\\\/08\\\/30\\\/caminhao-do-peixe-com-precos-acessiveis-em-guaruja#article\",\"isPartOf\":{\"@id\":\"https:\\\/\\\/redenoticiaz.com.br\\\/litoralsp\\\/2022\\\/08\\\/30\\\/caminhao-do-peixe-com-precos-acessiveis-em-guaruja\"},\"author\":{\"name\":\"Carina Reifonas\",\"@id\":\"https:\\\/\\\/redenoticiaz.com.br\\\/litoralsp\\\/#\\\/schema\\\/person\\\/1f84d6e94e6a62d2d81199d7503e9e90\"},\"headline\":\"Caminh\u00e3o do Peixe com pre\u00e7os acess\u00edveis em Guaruj\u00e1\",\"datePublished\":\"2022-08-30T13:38:59+00:00\",\"mainEntityOfPage\":{\"@id\":\"https:\\\/\\\/redenoticiaz.com.br\\\/litoralsp\\\/2022\\\/08\\\/30\\\/caminhao-do-peixe-com-precos-acessiveis-em-guaruja\"},\"wordCount\":152,\"commentCount\":0,\"publisher\":{\"@id\":\"https:\\\/\\\/redenoticiaz.com.br\\\/litoralsp\\\/#organization\"},\"image\":{\"@id\":\"https:\\\/\\\/redenoticiaz.com.br\\\/litoralsp\\\/2022\\\/08\\\/30\\\/caminhao-do-peixe-com-precos-acessiveis-em-guaruja#primaryimage\"},\"thumbnailUrl\":\"https:\\\/\\\/redenoticiaz.com.br\\\/litoralsp\\\/wp-content\\\/uploads\\\/sites\\\/3\\\/2022\\\/08\\\/caminhao-peixe.jpg\",\"keywords\":[\"AGRICULTURA\",\"PEIXE\",\"pre\u00e7os\"],\"articleSection\":[\"Geral\",\"Guaruj\u00e1\"],\"inLanguage\":\"pt-BR\",\"potentialAction\":[{\"@type\":\"CommentAction\",\"name\":\"Comment\",\"target\":[\"https:\\\/\\\/redenoticiaz.com.br\\\/litoralsp\\\/2022\\\/08\\\/30\\\/caminhao-do-peixe-com-precos-acessiveis-em-guaruja#respond\"]}]},{\"@type\":\"WebPage\",\"@id\":\"https:\\\/\\\/redenoticiaz.com.br\\\/litoralsp\\\/2022\\\/08\\\/30\\\/caminhao-do-peixe-com-precos-acessiveis-em-guaruja\",\"url\":\"https:\\\/\\\/redenoticiaz.com.br\\\/litoralsp\\\/2022\\\/08\\\/30\\\/caminhao-do-peixe-com-precos-acessiveis-em-guaruja\",\"name\":\"Caminh\u00e3o do Peixe com pre\u00e7os acess\u00edveis em Guaruj\u00e1 - Litoral SP\",\"isPartOf\":{\"@id\":\"https:\\\/\\\/redenoticiaz.com.br\\\/litoralsp\\\/#website\"},\"primaryImageOfPage\":{\"@id\":\"https:\\\/\\\/redenoticiaz.com.br\\\/litoralsp\\\/2022\\\/08\\\/30\\\/caminhao-do-peixe-com-precos-acessiveis-em-guaruja#primaryimage\"},\"image\":{\"@id\":\"https:\\\/\\\/redenoticiaz.com.br\\\/litoralsp\\\/2022\\\/08\\\/30\\\/caminhao-do-peixe-com-precos-acessiveis-em-guaruja#primaryimage\"},\"thumbnailUrl\":\"https:\\\/\\\/redenoticiaz.com.br\\\/litoralsp\\\/wp-content\\\/uploads\\\/sites\\\/3\\\/2022\\\/08\\\/caminhao-peixe.jpg\",\"datePublished\":\"2022-08-30T13:38:59+00:00\",\"description\":\"Tamb\u00e9m acontece a Feira de Agricultura Familiar com temperos, frutas, legumes e verduras com os pre\u00e7os bem acess\u00edveis.\",\"inLanguage\":\"pt-BR\",\"potentialAction\":[{\"@type\":\"ReadAction\",\"target\":[\"https:\\\/\\\/redenoticiaz.com.br\\\/litoralsp\\\/2022\\\/08\\\/30\\\/caminhao-do-peixe-com-precos-acessiveis-em-guaruja\"]}]},{\"@type\":\"ImageObject\",\"inLanguage\":\"pt-BR\",\"@id\":\"https:\\\/\\\/redenoticiaz.com.br\\\/litoralsp\\\/2022\\\/08\\\/30\\\/caminhao-do-peixe-com-precos-acessiveis-em-guaruja#primaryimage\",\"url\":\"https:\\\/\\\/redenoticiaz.com.br\\\/litoralsp\\\/wp-content\\\/uploads\\\/sites\\\/3\\\/2022\\\/08\\\/caminhao-peixe.jpg\",\"contentUrl\":\"https:\\\/\\\/redenoticiaz.com.br\\\/litoralsp\\\/wp-content\\\/uploads\\\/sites\\\/3\\\/2022\\\/08\\\/caminhao-peixe.jpg\",\"width\":1536,\"height\":864,\"caption\":\"Cr\u00e9dito: Reprodu\u00e7\u00e3o\"},{\"@type\":\"WebSite\",\"@id\":\"https:\\\/\\\/redenoticiaz.com.br\\\/litoralsp\\\/#website\",\"url\":\"https:\\\/\\\/redenoticiaz.com.br\\\/litoralsp\\\/\",\"name\":\"Litoral SP\",\"description\":\"Rede NoticiaZ\",\"publisher\":{\"@id\":\"https:\\\/\\\/redenoticiaz.com.br\\\/litoralsp\\\/#organization\"},\"potentialAction\":[{\"@type\":\"SearchAction\",\"target\":{\"@type\":\"EntryPoint\",\"urlTemplate\":\"https:\\\/\\\/redenoticiaz.com.br\\\/litoralsp\\\/?s={search_term_string}\"},\"query-input\":{\"@type\":\"PropertyValueSpecification\",\"valueRequired\":true,\"valueName\":\"search_term_string\"}}],\"inLanguage\":\"pt-BR\"},{\"@type\":\"Organization\",\"@id\":\"https:\\\/\\\/redenoticiaz.com.br\\\/litoralsp\\\/#organization\",\"name\":\"Litoral SP\",\"url\":\"https:\\\/\\\/redenoticiaz.com.br\\\/litoralsp\\\/\",\"logo\":{\"@type\":\"ImageObject\",\"inLanguage\":\"pt-BR\",\"@id\":\"https:\\\/\\\/redenoticiaz.com.br\\\/litoralsp\\\/#\\\/schema\\\/logo\\\/image\\\/\",\"url\":\"https:\\\/\\\/redenoticiaz.com.br\\\/litoralsp\\\/wp-content\\\/uploads\\\/sites\\\/3\\\/2020\\\/11\\\/logo.jpg\",\"contentUrl\":\"https:\\\/\\\/redenoticiaz.com.br\\\/litoralsp\\\/wp-content\\\/uploads\\\/sites\\\/3\\\/2020\\\/11\\\/logo.jpg\",\"width\":400,\"height\":250,\"caption\":\"Litoral SP\"},\"image\":{\"@id\":\"https:\\\/\\\/redenoticiaz.com.br\\\/litoralsp\\\/#\\\/schema\\\/logo\\\/image\\\/\"}},{\"@type\":\"Person\",\"@id\":\"https:\\\/\\\/redenoticiaz.com.br\\\/litoralsp\\\/#\\\/schema\\\/person\\\/1f84d6e94e6a62d2d81199d7503e9e90\",\"name\":\"Carina Reifonas\",\"image\":{\"@type\":\"ImageObject\",\"inLanguage\":\"pt-BR\",\"@id\":\"https:\\\/\\\/secure.gravatar.com\\\/avatar\\\/04c59859b23696cf867715880f81d5c037e60109730bdb4e6670ec2a2245bc97?s=96&d=mm&r=g\",\"url\":\"https:\\\/\\\/secure.gravatar.com\\\/avatar\\\/04c59859b23696cf867715880f81d5c037e60109730bdb4e6670ec2a2245bc97?s=96&d=mm&r=g\",\"contentUrl\":\"https:\\\/\\\/secure.gravatar.com\\\/avatar\\\/04c59859b23696cf867715880f81d5c037e60109730bdb4e6670ec2a2245bc97?s=96&d=mm&r=g\",\"caption\":\"Carina Reifonas\"},\"url\":\"https:\\\/\\\/redenoticiaz.com.br\\\/litoralsp\\\/author\\\/carinareifonas\"}]}<\/script>\n<!-- \/ Yoast SEO plugin. -->","yoast_head_json":{"title":"Caminh\u00e3o do Peixe com pre\u00e7os acess\u00edveis em Guaruj\u00e1 - Litoral SP","description":"Tamb\u00e9m acontece a Feira de Agricultura Familiar com temperos, frutas, legumes e verduras com os pre\u00e7os bem acess\u00edveis.","robots":{"index":"index","follow":"follow","max-snippet":"max-snippet:-1","max-image-preview":"max-image-preview:large","max-video-preview":"max-video-preview:-1"},"canonical":"https:\/\/redenoticiaz.com.br\/litoralsp\/2022\/08\/30\/caminhao-do-peixe-com-precos-acessiveis-em-guaruja","og_locale":"pt_BR","og_type":"article","og_title":"Caminh\u00e3o do Peixe com pre\u00e7os acess\u00edveis em Guaruj\u00e1 - Litoral SP","og_description":"Tamb\u00e9m acontece a Feira de Agricultura Familiar com temperos, frutas, legumes e verduras com os pre\u00e7os bem acess\u00edveis.","og_url":"https:\/\/redenoticiaz.com.br\/litoralsp\/2022\/08\/30\/caminhao-do-peixe-com-precos-acessiveis-em-guaruja","og_site_name":"Litoral SP","article_published_time":"2022-08-30T13:38:59+00:00","og_image":[{"width":1536,"height":864,"url":"https:\/\/redenoticiaz.com.br\/litoralsp\/wp-content\/uploads\/sites\/3\/2022\/08\/caminhao-peixe.jpg","type":"image\/jpeg"}],"author":"Carina Reifonas","twitter_card":"summary_large_image","twitter_misc":{"Escrito por":"Carina Reifonas","Est. tempo de leitura":"1 minuto"},"schema":{"@context":"https:\/\/schema.org","@graph":[{"@type":"Article","@id":"https:\/\/redenoticiaz.com.br\/litoralsp\/2022\/08\/30\/caminhao-do-peixe-com-precos-acessiveis-em-guaruja#article","isPartOf":{"@id":"https:\/\/redenoticiaz.com.br\/litoralsp\/2022\/08\/30\/caminhao-do-peixe-com-precos-acessiveis-em-guaruja"},"author":{"name":"Carina Reifonas","@id":"https:\/\/redenoticiaz.com.br\/litoralsp\/#\/schema\/person\/1f84d6e94e6a62d2d81199d7503e9e90"},"headline":"Caminh\u00e3o do Peixe com pre\u00e7os acess\u00edveis em Guaruj\u00e1","datePublished":"2022-08-30T13:38:59+00:00","mainEntityOfPage":{"@id":"https:\/\/redenoticiaz.com.br\/litoralsp\/2022\/08\/30\/caminhao-do-peixe-com-precos-acessiveis-em-guaruja"},"wordCount":152,"commentCount":0,"publisher":{"@id":"https:\/\/redenoticiaz.com.br\/litoralsp\/#organization"},"image":{"@id":"https:\/\/redenoticiaz.com.br\/litoralsp\/2022\/08\/30\/caminhao-do-peixe-com-precos-acessiveis-em-guaruja#primaryimage"},"thumbnailUrl":"https:\/\/redenoticiaz.com.br\/litoralsp\/wp-content\/uploads\/sites\/3\/2022\/08\/caminhao-peixe.jpg","keywords":["AGRICULTURA","PEIXE","pre\u00e7os"],"articleSection":["Geral","Guaruj\u00e1"],"inLanguage":"pt-BR","potentialAction":[{"@type":"CommentAction","name":"Comment","target":["https:\/\/redenoticiaz.com.br\/litoralsp\/2022\/08\/30\/caminhao-do-peixe-com-precos-acessiveis-em-guaruja#respond"]}]},{"@type":"WebPage","@id":"https:\/\/redenoticiaz.com.br\/litoralsp\/2022\/08\/30\/caminhao-do-peixe-com-precos-acessiveis-em-guaruja","url":"https:\/\/redenoticiaz.com.br\/litoralsp\/2022\/08\/30\/caminhao-do-peixe-com-precos-acessiveis-em-guaruja","name":"Caminh\u00e3o do Peixe com pre\u00e7os acess\u00edveis em Guaruj\u00e1 - Litoral SP","isPartOf":{"@id":"https:\/\/redenoticiaz.com.br\/litoralsp\/#website"},"primaryImageOfPage":{"@id":"https:\/\/redenoticiaz.com.br\/litoralsp\/2022\/08\/30\/caminhao-do-peixe-com-precos-acessiveis-em-guaruja#primaryimage"},"image":{"@id":"https:\/\/redenoticiaz.com.br\/litoralsp\/2022\/08\/30\/caminhao-do-peixe-com-precos-acessiveis-em-guaruja#primaryimage"},"thumbnailUrl":"https:\/\/redenoticiaz.com.br\/litoralsp\/wp-content\/uploads\/sites\/3\/2022\/08\/caminhao-peixe.jpg","datePublished":"2022-08-30T13:38:59+00:00","description":"Tamb\u00e9m acontece a Feira de Agricultura Familiar com temperos, frutas, legumes e verduras com os pre\u00e7os bem acess\u00edveis.","inLanguage":"pt-BR","potentialAction":[{"@type":"ReadAction","target":["https:\/\/redenoticiaz.com.br\/litoralsp\/2022\/08\/30\/caminhao-do-peixe-com-precos-acessiveis-em-guaruja"]}]},{"@type":"ImageObject","inLanguage":"pt-BR","@id":"https:\/\/redenoticiaz.com.br\/litoralsp\/2022\/08\/30\/caminhao-do-peixe-com-precos-acessiveis-em-guaruja#primaryimage","url":"https:\/\/redenoticiaz.com.br\/litoralsp\/wp-content\/uploads\/sites\/3\/2022\/08\/caminhao-peixe.jpg","contentUrl":"https:\/\/redenoticiaz.com.br\/litoralsp\/wp-content\/uploads\/sites\/3\/2022\/08\/caminhao-peixe.jpg","width":1536,"height":864,"caption":"Cr\u00e9dito: Reprodu\u00e7\u00e3o"},{"@type":"WebSite","@id":"https:\/\/redenoticiaz.com.br\/litoralsp\/#website","url":"https:\/\/redenoticiaz.com.br\/litoralsp\/","name":"Litoral SP","description":"Rede NoticiaZ","publisher":{"@id":"https:\/\/redenoticiaz.com.br\/litoralsp\/#organization"},"potentialAction":[{"@type":"SearchAction","target":{"@type":"EntryPoint","urlTemplate":"https:\/\/redenoticiaz.com.br\/litoralsp\/?s={search_term_string}"},"query-input":{"@type":"PropertyValueSpecification","valueRequired":true,"valueName":"search_term_string"}}],"inLanguage":"pt-BR"},{"@type":"Organization","@id":"https:\/\/redenoticiaz.com.br\/litoralsp\/#organization","name":"Litoral SP","url":"https:\/\/redenoticiaz.com.br\/litoralsp\/","logo":{"@type":"ImageObject","inLanguage":"pt-BR","@id":"https:\/\/redenoticiaz.com.br\/litoralsp\/#\/schema\/logo\/image\/","url":"https:\/\/redenoticiaz.com.br\/litoralsp\/wp-content\/uploads\/sites\/3\/2020\/11\/logo.jpg","contentUrl":"https:\/\/redenoticiaz.com.br\/litoralsp\/wp-content\/uploads\/sites\/3\/2020\/11\/logo.jpg","width":400,"height":250,"caption":"Litoral SP"},"image":{"@id":"https:\/\/redenoticiaz.com.br\/litoralsp\/#\/schema\/logo\/image\/"}},{"@type":"Person","@id":"https:\/\/redenoticiaz.com.br\/litoralsp\/#\/schema\/person\/1f84d6e94e6a62d2d81199d7503e9e90","name":"Carina Reifonas","image":{"@type":"ImageObject","inLanguage":"pt-BR","@id":"https:\/\/secure.gravatar.com\/avatar\/04c59859b23696cf867715880f81d5c037e60109730bdb4e6670ec2a2245bc97?s=96&d=mm&r=g","url":"https:\/\/secure.gravatar.com\/avatar\/04c59859b23696cf867715880f81d5c037e60109730bdb4e6670ec2a2245bc97?s=96&d=mm&r=g","contentUrl":"https:\/\/secure.gravatar.com\/avatar\/04c59859b23696cf867715880f81d5c037e60109730bdb4e6670ec2a2245bc97?s=96&d=mm&r=g","caption":"Carina Reifonas"},"url":"https:\/\/redenoticiaz.com.br\/litoralsp\/author\/carinareifonas"}]}},"_links":{"self":[{"href":"https:\/\/redenoticiaz.com.br\/litoralsp\/wp-json\/wp\/v2\/posts\/90733","targetHints":{"allow":["GET"]}}],"collection":[{"href":"https:\/\/redenoticiaz.com.br\/litoralsp\/wp-json\/wp\/v2\/posts"}],"about":[{"href":"https:\/\/redenoticiaz.com.br\/litoralsp\/wp-json\/wp\/v2\/types\/post"}],"author":[{"embeddable":true,"href":"https:\/\/redenoticiaz.com.br\/litoralsp\/wp-json\/wp\/v2\/users\/30"}],"replies":[{"embeddable":true,"href":"https:\/\/redenoticiaz.com.br\/litoralsp\/wp-json\/wp\/v2\/comments?post=90733"}],"version-history":[{"count":1,"href":"https:\/\/redenoticiaz.com.br\/litoralsp\/wp-json\/wp\/v2\/posts\/90733\/revisions"}],"predecessor-version":[{"id":90735,"href":"https:\/\/redenoticiaz.com.br\/litoralsp\/wp-json\/wp\/v2\/posts\/90733\/revisions\/90735"}],"wp:featuredmedia":[{"embeddable":true,"href":"https:\/\/redenoticiaz.com.br\/litoralsp\/wp-json\/wp\/v2\/media\/90734"}],"wp:attachment":[{"href":"https:\/\/redenoticiaz.com.br\/litoralsp\/wp-json\/wp\/v2\/media?parent=90733"}],"wp:term":[{"taxonomy":"category","embeddable":true,"href":"https:\/\/redenoticiaz.com.br\/litoralsp\/wp-json\/wp\/v2\/categories?post=90733"},{"taxonomy":"post_tag","embeddable":true,"href":"https:\/\/redenoticiaz.com.br\/litoralsp\/wp-json\/wp\/v2\/tags?post=90733"}],"curies":[{"name":"wp","href":"https:\/\/api.w.org\/{rel}","templated":true}]}}