{"id":90751,"date":"2022-09-03T15:00:41","date_gmt":"2022-09-03T18:00:41","guid":{"rendered":"https:\/\/redenoticiaz.com.br\/litoralsp\/?p=90751"},"modified":"2022-08-30T22:53:56","modified_gmt":"2022-08-31T01:53:56","slug":"conheca-o-aviao-tematico-do-harry-potter-lancado-pela-gol","status":"publish","type":"post","link":"https:\/\/redenoticiaz.com.br\/litoralsp\/2022\/09\/03\/conheca-o-aviao-tematico-do-harry-potter-lancado-pela-gol","title":{"rendered":"Conhe\u00e7a o avi\u00e3o tem\u00e1tico do \u201cHarry Potter\u201d, lan\u00e7ado pela gol"},"content":{"rendered":"<p>Nesta semana, a <a href=\"https:\/\/www.voegol.com.br\/\"><strong>Gol<\/strong><\/a>, juntamente com a <strong><a href=\"https:\/\/portuguese.universalorlando.com\/\">Universal Orlando Resort<\/a><\/strong>, iniciou os voos com um avi\u00e3o tem\u00e1tico em homenagem ao mundo de <strong>Harry Potter<\/strong>. A princ\u00edpio a parceria ir\u00e1 durar 1 ano. O contrato prev\u00ea apenas uma unidade personalizada no momento, e a aeronave escolhida foi a <strong>PR-XMR<\/strong>, que j\u00e1 voava pela empresa<\/p>\n<p>O voo inaugural da aeronave aconteceu na manh\u00e3 da \u00faltima segunda-feira (29), j\u00e1 com os adesivos da s\u00e9rie, foi\u00a0 de <strong>Confins (MG), para Bras\u00edlia<\/strong>. Logo ap\u00f3s o voo de inaugura\u00e7\u00e3o, a linha a\u00e9rea assumiu a rota ligando o Brasil e Orlando, na Fl\u00f3rida, onde est\u00e3o localizados parques de divers\u00f5es da Universal com \u00e1reas tem\u00e1ticas ligadas aos filmes da saga.<\/p>\n<figure id=\"attachment_90758\" aria-describedby=\"caption-attachment-90758\" style=\"width: 220px\" class=\"wp-caption alignleft\"><img loading=\"lazy\" decoding=\"async\" class=\"size-medium wp-image-90758\" src=\"https:\/\/redenoticiaz.com.br\/litoralsp\/wp-content\/uploads\/sites\/3\/2022\/08\/aviao-do-harry-potter-universal-e-gol-fecham-parceria-para-personalizar-aeronave-em-alusao-ao-mundo-do-bruxo-1661736730537_v2_300x300-220x220.jpg\" alt=\"Avi\u00e3o da companhia a\u00e9rea gol, em parceria com o Universal Studios.\" width=\"220\" height=\"220\" \/><figcaption id=\"caption-attachment-90758\" class=\"wp-caption-text\">Fuselagem do avi\u00e3o com cenas de Harry Potter. Cr\u00e9ditos: Reprodu\u00e7\u00e3o<\/figcaption><\/figure>\n<p>O exterior foi pintado e adesivado com cenas do mundo de Harry Potter. Al\u00e9m da parte externa, o interior tamb\u00e9m recebeu um tratamento visual em refer\u00eancia \u00e0 atra\u00e7\u00e3o do parque na Fl\u00f3rida.<\/p>\n<h5>Ao lado fotos do avi\u00e3o (parte externa)<\/h5>\n<p>Os compartimentos onde ficam as bagagens possuem fotos das personagens do universo m\u00e1gico, como Hagrid e Dumbledore. Al\u00e9m disso, as mesas dos assentos tamb\u00e9m possuem um mapa decorativo de Hogsmeade e do Beco Diagonal, duas \u00e1reas tem\u00e1ticas da atra\u00e7\u00e3o The Wizarding World of Harry Potter, do parque da Universal.<\/p>\n<div><\/div>\n<div>Segundo o engenheiro de estruturas da Gol Samuel Cunha Diniz, o processo de adesivagem \u00e9 feito em partes, com sobreposi\u00e7\u00e3o entre os pain\u00e9is. Todo o procedimento foi realizado no hangar da Gol Aerotech, no aeroporto de Confins (MG). O primeiro voo, realizado na manh\u00e3 desta segunda-feira, ligar\u00e1 o aeroporto de Bras\u00edlia a Orlando.<\/div>\n<div><\/div>\n<div>Por fim veja algumas fotos da parte interna do avi\u00e3o, e se encante!<\/div>\n<div><\/div>\n<div>\n<div id='gallery-1' class='gallery galleryid-90751 gallery-columns-3 gallery-size-thumbnail'><figure class='gallery-item'>\n\t\t\t<div class='gallery-icon landscape'>\n\t\t\t\t<a href='https:\/\/redenoticiaz.com.br\/litoralsp\/2022\/09\/03\/conheca-o-aviao-tematico-do-harry-potter-lancado-pela-gol\/aviao-harry-potter'><img loading=\"lazy\" decoding=\"async\" width=\"150\" height=\"150\" src=\"https:\/\/redenoticiaz.com.br\/litoralsp\/wp-content\/uploads\/sites\/3\/2022\/08\/aviao-harry-potter-150x150.jpg?v=1661909935\" class=\"attachment-thumbnail size-thumbnail\" alt=\"Avi\u00e3o da companhia a\u00e9rea gol, em parceria com o Universal Studios.\" aria-describedby=\"gallery-1-90753\" \/><\/a>\n\t\t\t<\/div>\n\t\t\t\t<figcaption class='wp-caption-text gallery-caption' id='gallery-1-90753'>\n\t\t\t\tCompartimentos das bagagens com fotos dos personagens Hagrid e Dumbledore. C\u00e9ditos: Reprodu\u00e7\u00e3o\n\t\t\t\t<\/figcaption><\/figure><figure class='gallery-item'>\n\t\t\t<div class='gallery-icon landscape'>\n\t\t\t\t<a href='https:\/\/redenoticiaz.com.br\/litoralsp\/2022\/09\/03\/conheca-o-aviao-tematico-do-harry-potter-lancado-pela-gol\/aviao-do-harry-potter-universal-e-gol-fecham-parceria-para-personalizar-aeronave-em-alusao-ao-mundo-do-bruxo-1661736888065_v2_600x450'><img loading=\"lazy\" decoding=\"async\" width=\"150\" height=\"150\" src=\"https:\/\/redenoticiaz.com.br\/litoralsp\/wp-content\/uploads\/sites\/3\/2022\/08\/aviao-do-harry-potter-universal-e-gol-fecham-parceria-para-personalizar-aeronave-em-alusao-ao-mundo-do-bruxo-1661736888065_v2_600x450-150x150.jpg?v=1661909929\" class=\"attachment-thumbnail size-thumbnail\" alt=\"Avi\u00e3o da companhia a\u00e9rea gol, em parceria com o Universal Studios.\" aria-describedby=\"gallery-1-90755\" \/><\/a>\n\t\t\t<\/div>\n\t\t\t\t<figcaption class='wp-caption-text gallery-caption' id='gallery-1-90755'>\n\t\t\t\tMapa em mesas. Cr\u00e9ditos: Reprodu\u00e7\u00e3o\n\t\t\t\t<\/figcaption><\/figure><figure class='gallery-item'>\n\t\t\t<div class='gallery-icon landscape'>\n\t\t\t\t<a href='https:\/\/redenoticiaz.com.br\/litoralsp\/2022\/09\/03\/conheca-o-aviao-tematico-do-harry-potter-lancado-pela-gol\/aviao-harry-potter-gol-3-1024x576'><img loading=\"lazy\" decoding=\"async\" width=\"150\" height=\"150\" src=\"https:\/\/redenoticiaz.com.br\/litoralsp\/wp-content\/uploads\/sites\/3\/2022\/08\/aviao-harry-potter-gol-3-1024x576-1-150x150.jpg?v=1661909927\" class=\"attachment-thumbnail size-thumbnail\" alt=\"\" \/><\/a>\n\t\t\t<\/div><\/figure>\n\t\t<\/div>\n\n<\/div>\n<div><\/div>\n<h6>VEJA TAMB\u00c9M:<\/h6>\n<div><a href=\"https:\/\/redenoticiaz.com.br\/blog\/2022\/08\/09\/a-seguranca-nos-parques-de-jundiai-e-reforcada\">A seguran\u00e7a nos parques de Jundia\u00ed \u00e9 refor\u00e7ada<\/a><\/div>\n","protected":false},"excerpt":{"rendered":"<p>Nesta semana, a Gol, juntamente com a Universal Orlando Resort, iniciou os voos com um avi\u00e3o tem\u00e1tico em homenagem ao mundo de Harry Potter. A princ\u00edpio a parceria ir\u00e1 durar 1 ano. O contrato prev\u00ea apenas uma unidade personalizada no momento, e a aeronave escolhida foi a PR-XMR, que j\u00e1 voava pela empresa O voo &hellip;<\/p>\n","protected":false},"author":26,"featured_media":90757,"comment_status":"open","ping_status":"closed","sticky":false,"template":"","format":"standard","meta":{"footnotes":""},"categories":[170,775],"tags":[9561,51892,59054,59055,59056],"class_list":["post-90751","post","type-post","status-publish","format-standard","has-post-thumbnail","hentry","category-entretenimento","category-turismo","tag-ferias","tag-harry-potter","tag-linha-aerea","tag-orlando","tag-viajar"],"yoast_head":"<!-- This site is optimized with the Yoast SEO plugin v27.5 - https:\/\/yoast.com\/product\/yoast-seo-wordpress\/ -->\n<title>Conhe\u00e7a o avi\u00e3o tem\u00e1tico do \u201cHarry Potter\u201d, lan\u00e7ado pela gol - Litoral SP<\/title>\n<meta name=\"description\" content=\"Nesta semana, a Gol, juntamente com a Universal Orlando Resort, iniciou os voos com um avi\u00e3o tem\u00e1tico em homenagem ao mundo de Harry Potter.\" \/>\n<meta name=\"robots\" content=\"index, follow, max-snippet:-1, max-image-preview:large, max-video-preview:-1\" \/>\n<link rel=\"canonical\" href=\"https:\/\/redenoticiaz.com.br\/litoralsp\/2022\/09\/03\/conheca-o-aviao-tematico-do-harry-potter-lancado-pela-gol\" \/>\n<meta property=\"og:locale\" content=\"pt_BR\" \/>\n<meta property=\"og:type\" content=\"article\" \/>\n<meta property=\"og:title\" content=\"Conhe\u00e7a o avi\u00e3o tem\u00e1tico do \u201cHarry Potter\u201d, lan\u00e7ado pela gol - Litoral SP\" \/>\n<meta property=\"og:description\" content=\"Nesta semana, a Gol, juntamente com a Universal Orlando Resort, iniciou os voos com um avi\u00e3o tem\u00e1tico em homenagem ao mundo de Harry Potter.\" \/>\n<meta property=\"og:url\" content=\"https:\/\/redenoticiaz.com.br\/litoralsp\/2022\/09\/03\/conheca-o-aviao-tematico-do-harry-potter-lancado-pela-gol\" \/>\n<meta property=\"og:site_name\" content=\"Litoral SP\" \/>\n<meta property=\"article:published_time\" content=\"2022-09-03T18:00:41+00:00\" \/>\n<meta property=\"og:image\" content=\"https:\/\/redenoticiaz.com.br\/litoralsp\/wp-content\/uploads\/sites\/3\/2022\/08\/gol-lanca-aviao-com-tematica-do-harry-potter-veja-fotos_widemd.jpg?v=1661909925\" \/>\n\t<meta property=\"og:image:width\" content=\"480\" \/>\n\t<meta property=\"og:image:height\" content=\"270\" \/>\n\t<meta property=\"og:image:type\" content=\"image\/jpeg\" \/>\n<meta name=\"twitter:card\" content=\"summary_large_image\" \/>\n<meta name=\"twitter:label1\" content=\"Escrito por\" \/>\n\t<meta name=\"twitter:data1\" content=\"\" \/>\n\t<meta name=\"twitter:label2\" content=\"Est. tempo de leitura\" \/>\n\t<meta name=\"twitter:data2\" content=\"2 minutos\" \/>\n<script type=\"application\/ld+json\" class=\"yoast-schema-graph\">{\"@context\":\"https:\\\/\\\/schema.org\",\"@graph\":[{\"@type\":\"Article\",\"@id\":\"https:\\\/\\\/redenoticiaz.com.br\\\/litoralsp\\\/2022\\\/09\\\/03\\\/conheca-o-aviao-tematico-do-harry-potter-lancado-pela-gol#article\",\"isPartOf\":{\"@id\":\"https:\\\/\\\/redenoticiaz.com.br\\\/litoralsp\\\/2022\\\/09\\\/03\\\/conheca-o-aviao-tematico-do-harry-potter-lancado-pela-gol\"},\"author\":{\"name\":\"\",\"@id\":\"\"},\"headline\":\"Conhe\u00e7a o avi\u00e3o tem\u00e1tico do \u201cHarry Potter\u201d, lan\u00e7ado pela gol\",\"datePublished\":\"2022-09-03T18:00:41+00:00\",\"mainEntityOfPage\":{\"@id\":\"https:\\\/\\\/redenoticiaz.com.br\\\/litoralsp\\\/2022\\\/09\\\/03\\\/conheca-o-aviao-tematico-do-harry-potter-lancado-pela-gol\"},\"wordCount\":337,\"commentCount\":0,\"publisher\":{\"@id\":\"https:\\\/\\\/redenoticiaz.com.br\\\/litoralsp\\\/#organization\"},\"image\":{\"@id\":\"https:\\\/\\\/redenoticiaz.com.br\\\/litoralsp\\\/2022\\\/09\\\/03\\\/conheca-o-aviao-tematico-do-harry-potter-lancado-pela-gol#primaryimage\"},\"thumbnailUrl\":\"https:\\\/\\\/redenoticiaz.com.br\\\/litoralsp\\\/wp-content\\\/uploads\\\/sites\\\/3\\\/2022\\\/08\\\/gol-lanca-aviao-com-tematica-do-harry-potter-veja-fotos_widemd.jpg?v=1661909925\",\"keywords\":[\"F\u00c9RIAS\",\"HARRY POTTER\",\"LINHA A\u00c9REA\",\"ORLANDO\",\"VIAJAR\"],\"articleSection\":[\"Entretenimento\",\"Turismo\"],\"inLanguage\":\"pt-BR\",\"potentialAction\":[{\"@type\":\"CommentAction\",\"name\":\"Comment\",\"target\":[\"https:\\\/\\\/redenoticiaz.com.br\\\/litoralsp\\\/2022\\\/09\\\/03\\\/conheca-o-aviao-tematico-do-harry-potter-lancado-pela-gol#respond\"]}]},{\"@type\":\"WebPage\",\"@id\":\"https:\\\/\\\/redenoticiaz.com.br\\\/litoralsp\\\/2022\\\/09\\\/03\\\/conheca-o-aviao-tematico-do-harry-potter-lancado-pela-gol\",\"url\":\"https:\\\/\\\/redenoticiaz.com.br\\\/litoralsp\\\/2022\\\/09\\\/03\\\/conheca-o-aviao-tematico-do-harry-potter-lancado-pela-gol\",\"name\":\"Conhe\u00e7a o avi\u00e3o tem\u00e1tico do \u201cHarry Potter\u201d, lan\u00e7ado pela gol - Litoral SP\",\"isPartOf\":{\"@id\":\"https:\\\/\\\/redenoticiaz.com.br\\\/litoralsp\\\/#website\"},\"primaryImageOfPage\":{\"@id\":\"https:\\\/\\\/redenoticiaz.com.br\\\/litoralsp\\\/2022\\\/09\\\/03\\\/conheca-o-aviao-tematico-do-harry-potter-lancado-pela-gol#primaryimage\"},\"image\":{\"@id\":\"https:\\\/\\\/redenoticiaz.com.br\\\/litoralsp\\\/2022\\\/09\\\/03\\\/conheca-o-aviao-tematico-do-harry-potter-lancado-pela-gol#primaryimage\"},\"thumbnailUrl\":\"https:\\\/\\\/redenoticiaz.com.br\\\/litoralsp\\\/wp-content\\\/uploads\\\/sites\\\/3\\\/2022\\\/08\\\/gol-lanca-aviao-com-tematica-do-harry-potter-veja-fotos_widemd.jpg?v=1661909925\",\"datePublished\":\"2022-09-03T18:00:41+00:00\",\"description\":\"Nesta semana, a Gol, juntamente com a Universal Orlando Resort, iniciou os voos com um avi\u00e3o tem\u00e1tico em homenagem ao mundo de Harry Potter.\",\"inLanguage\":\"pt-BR\",\"potentialAction\":[{\"@type\":\"ReadAction\",\"target\":[\"https:\\\/\\\/redenoticiaz.com.br\\\/litoralsp\\\/2022\\\/09\\\/03\\\/conheca-o-aviao-tematico-do-harry-potter-lancado-pela-gol\"]}]},{\"@type\":\"ImageObject\",\"inLanguage\":\"pt-BR\",\"@id\":\"https:\\\/\\\/redenoticiaz.com.br\\\/litoralsp\\\/2022\\\/09\\\/03\\\/conheca-o-aviao-tematico-do-harry-potter-lancado-pela-gol#primaryimage\",\"url\":\"https:\\\/\\\/redenoticiaz.com.br\\\/litoralsp\\\/wp-content\\\/uploads\\\/sites\\\/3\\\/2022\\\/08\\\/gol-lanca-aviao-com-tematica-do-harry-potter-veja-fotos_widemd.jpg?v=1661909925\",\"contentUrl\":\"https:\\\/\\\/redenoticiaz.com.br\\\/litoralsp\\\/wp-content\\\/uploads\\\/sites\\\/3\\\/2022\\\/08\\\/gol-lanca-aviao-com-tematica-do-harry-potter-veja-fotos_widemd.jpg?v=1661909925\",\"width\":480,\"height\":270,\"caption\":\"Avi\u00e3o da companhia a\u00e9rea gol, em parceria com o Universal Studios.\"},{\"@type\":\"WebSite\",\"@id\":\"https:\\\/\\\/redenoticiaz.com.br\\\/litoralsp\\\/#website\",\"url\":\"https:\\\/\\\/redenoticiaz.com.br\\\/litoralsp\\\/\",\"name\":\"Litoral SP\",\"description\":\"Rede NoticiaZ\",\"publisher\":{\"@id\":\"https:\\\/\\\/redenoticiaz.com.br\\\/litoralsp\\\/#organization\"},\"potentialAction\":[{\"@type\":\"SearchAction\",\"target\":{\"@type\":\"EntryPoint\",\"urlTemplate\":\"https:\\\/\\\/redenoticiaz.com.br\\\/litoralsp\\\/?s={search_term_string}\"},\"query-input\":{\"@type\":\"PropertyValueSpecification\",\"valueRequired\":true,\"valueName\":\"search_term_string\"}}],\"inLanguage\":\"pt-BR\"},{\"@type\":\"Organization\",\"@id\":\"https:\\\/\\\/redenoticiaz.com.br\\\/litoralsp\\\/#organization\",\"name\":\"Litoral SP\",\"url\":\"https:\\\/\\\/redenoticiaz.com.br\\\/litoralsp\\\/\",\"logo\":{\"@type\":\"ImageObject\",\"inLanguage\":\"pt-BR\",\"@id\":\"https:\\\/\\\/redenoticiaz.com.br\\\/litoralsp\\\/#\\\/schema\\\/logo\\\/image\\\/\",\"url\":\"https:\\\/\\\/redenoticiaz.com.br\\\/litoralsp\\\/wp-content\\\/uploads\\\/sites\\\/3\\\/2020\\\/11\\\/logo.jpg\",\"contentUrl\":\"https:\\\/\\\/redenoticiaz.com.br\\\/litoralsp\\\/wp-content\\\/uploads\\\/sites\\\/3\\\/2020\\\/11\\\/logo.jpg\",\"width\":400,\"height\":250,\"caption\":\"Litoral SP\"},\"image\":{\"@id\":\"https:\\\/\\\/redenoticiaz.com.br\\\/litoralsp\\\/#\\\/schema\\\/logo\\\/image\\\/\"}},{\"@type\":\"Person\",\"@id\":\"\",\"url\":\"https:\\\/\\\/redenoticiaz.com.br\\\/litoralsp\\\/author\"}]}<\/script>\n<!-- \/ Yoast SEO plugin. -->","yoast_head_json":{"title":"Conhe\u00e7a o avi\u00e3o tem\u00e1tico do \u201cHarry Potter\u201d, lan\u00e7ado pela gol - Litoral SP","description":"Nesta semana, a Gol, juntamente com a Universal Orlando Resort, iniciou os voos com um avi\u00e3o tem\u00e1tico em homenagem ao mundo de Harry Potter.","robots":{"index":"index","follow":"follow","max-snippet":"max-snippet:-1","max-image-preview":"max-image-preview:large","max-video-preview":"max-video-preview:-1"},"canonical":"https:\/\/redenoticiaz.com.br\/litoralsp\/2022\/09\/03\/conheca-o-aviao-tematico-do-harry-potter-lancado-pela-gol","og_locale":"pt_BR","og_type":"article","og_title":"Conhe\u00e7a o avi\u00e3o tem\u00e1tico do \u201cHarry Potter\u201d, lan\u00e7ado pela gol - Litoral SP","og_description":"Nesta semana, a Gol, juntamente com a Universal Orlando Resort, iniciou os voos com um avi\u00e3o tem\u00e1tico em homenagem ao mundo de Harry Potter.","og_url":"https:\/\/redenoticiaz.com.br\/litoralsp\/2022\/09\/03\/conheca-o-aviao-tematico-do-harry-potter-lancado-pela-gol","og_site_name":"Litoral SP","article_published_time":"2022-09-03T18:00:41+00:00","og_image":[{"width":480,"height":270,"url":"https:\/\/redenoticiaz.com.br\/litoralsp\/wp-content\/uploads\/sites\/3\/2022\/08\/gol-lanca-aviao-com-tematica-do-harry-potter-veja-fotos_widemd.jpg?v=1661909925","type":"image\/jpeg"}],"twitter_card":"summary_large_image","twitter_misc":{"Escrito por":"","Est. tempo de leitura":"2 minutos"},"schema":{"@context":"https:\/\/schema.org","@graph":[{"@type":"Article","@id":"https:\/\/redenoticiaz.com.br\/litoralsp\/2022\/09\/03\/conheca-o-aviao-tematico-do-harry-potter-lancado-pela-gol#article","isPartOf":{"@id":"https:\/\/redenoticiaz.com.br\/litoralsp\/2022\/09\/03\/conheca-o-aviao-tematico-do-harry-potter-lancado-pela-gol"},"author":{"name":"","@id":""},"headline":"Conhe\u00e7a o avi\u00e3o tem\u00e1tico do \u201cHarry Potter\u201d, lan\u00e7ado pela gol","datePublished":"2022-09-03T18:00:41+00:00","mainEntityOfPage":{"@id":"https:\/\/redenoticiaz.com.br\/litoralsp\/2022\/09\/03\/conheca-o-aviao-tematico-do-harry-potter-lancado-pela-gol"},"wordCount":337,"commentCount":0,"publisher":{"@id":"https:\/\/redenoticiaz.com.br\/litoralsp\/#organization"},"image":{"@id":"https:\/\/redenoticiaz.com.br\/litoralsp\/2022\/09\/03\/conheca-o-aviao-tematico-do-harry-potter-lancado-pela-gol#primaryimage"},"thumbnailUrl":"https:\/\/redenoticiaz.com.br\/litoralsp\/wp-content\/uploads\/sites\/3\/2022\/08\/gol-lanca-aviao-com-tematica-do-harry-potter-veja-fotos_widemd.jpg?v=1661909925","keywords":["F\u00c9RIAS","HARRY POTTER","LINHA A\u00c9REA","ORLANDO","VIAJAR"],"articleSection":["Entretenimento","Turismo"],"inLanguage":"pt-BR","potentialAction":[{"@type":"CommentAction","name":"Comment","target":["https:\/\/redenoticiaz.com.br\/litoralsp\/2022\/09\/03\/conheca-o-aviao-tematico-do-harry-potter-lancado-pela-gol#respond"]}]},{"@type":"WebPage","@id":"https:\/\/redenoticiaz.com.br\/litoralsp\/2022\/09\/03\/conheca-o-aviao-tematico-do-harry-potter-lancado-pela-gol","url":"https:\/\/redenoticiaz.com.br\/litoralsp\/2022\/09\/03\/conheca-o-aviao-tematico-do-harry-potter-lancado-pela-gol","name":"Conhe\u00e7a o avi\u00e3o tem\u00e1tico do \u201cHarry Potter\u201d, lan\u00e7ado pela gol - Litoral SP","isPartOf":{"@id":"https:\/\/redenoticiaz.com.br\/litoralsp\/#website"},"primaryImageOfPage":{"@id":"https:\/\/redenoticiaz.com.br\/litoralsp\/2022\/09\/03\/conheca-o-aviao-tematico-do-harry-potter-lancado-pela-gol#primaryimage"},"image":{"@id":"https:\/\/redenoticiaz.com.br\/litoralsp\/2022\/09\/03\/conheca-o-aviao-tematico-do-harry-potter-lancado-pela-gol#primaryimage"},"thumbnailUrl":"https:\/\/redenoticiaz.com.br\/litoralsp\/wp-content\/uploads\/sites\/3\/2022\/08\/gol-lanca-aviao-com-tematica-do-harry-potter-veja-fotos_widemd.jpg?v=1661909925","datePublished":"2022-09-03T18:00:41+00:00","description":"Nesta semana, a Gol, juntamente com a Universal Orlando Resort, iniciou os voos com um avi\u00e3o tem\u00e1tico em homenagem ao mundo de Harry Potter.","inLanguage":"pt-BR","potentialAction":[{"@type":"ReadAction","target":["https:\/\/redenoticiaz.com.br\/litoralsp\/2022\/09\/03\/conheca-o-aviao-tematico-do-harry-potter-lancado-pela-gol"]}]},{"@type":"ImageObject","inLanguage":"pt-BR","@id":"https:\/\/redenoticiaz.com.br\/litoralsp\/2022\/09\/03\/conheca-o-aviao-tematico-do-harry-potter-lancado-pela-gol#primaryimage","url":"https:\/\/redenoticiaz.com.br\/litoralsp\/wp-content\/uploads\/sites\/3\/2022\/08\/gol-lanca-aviao-com-tematica-do-harry-potter-veja-fotos_widemd.jpg?v=1661909925","contentUrl":"https:\/\/redenoticiaz.com.br\/litoralsp\/wp-content\/uploads\/sites\/3\/2022\/08\/gol-lanca-aviao-com-tematica-do-harry-potter-veja-fotos_widemd.jpg?v=1661909925","width":480,"height":270,"caption":"Avi\u00e3o da companhia a\u00e9rea gol, em parceria com o Universal Studios."},{"@type":"WebSite","@id":"https:\/\/redenoticiaz.com.br\/litoralsp\/#website","url":"https:\/\/redenoticiaz.com.br\/litoralsp\/","name":"Litoral SP","description":"Rede NoticiaZ","publisher":{"@id":"https:\/\/redenoticiaz.com.br\/litoralsp\/#organization"},"potentialAction":[{"@type":"SearchAction","target":{"@type":"EntryPoint","urlTemplate":"https:\/\/redenoticiaz.com.br\/litoralsp\/?s={search_term_string}"},"query-input":{"@type":"PropertyValueSpecification","valueRequired":true,"valueName":"search_term_string"}}],"inLanguage":"pt-BR"},{"@type":"Organization","@id":"https:\/\/redenoticiaz.com.br\/litoralsp\/#organization","name":"Litoral SP","url":"https:\/\/redenoticiaz.com.br\/litoralsp\/","logo":{"@type":"ImageObject","inLanguage":"pt-BR","@id":"https:\/\/redenoticiaz.com.br\/litoralsp\/#\/schema\/logo\/image\/","url":"https:\/\/redenoticiaz.com.br\/litoralsp\/wp-content\/uploads\/sites\/3\/2020\/11\/logo.jpg","contentUrl":"https:\/\/redenoticiaz.com.br\/litoralsp\/wp-content\/uploads\/sites\/3\/2020\/11\/logo.jpg","width":400,"height":250,"caption":"Litoral SP"},"image":{"@id":"https:\/\/redenoticiaz.com.br\/litoralsp\/#\/schema\/logo\/image\/"}},{"@type":"Person","@id":"","url":"https:\/\/redenoticiaz.com.br\/litoralsp\/author"}]}},"_links":{"self":[{"href":"https:\/\/redenoticiaz.com.br\/litoralsp\/wp-json\/wp\/v2\/posts\/90751","targetHints":{"allow":["GET"]}}],"collection":[{"href":"https:\/\/redenoticiaz.com.br\/litoralsp\/wp-json\/wp\/v2\/posts"}],"about":[{"href":"https:\/\/redenoticiaz.com.br\/litoralsp\/wp-json\/wp\/v2\/types\/post"}],"author":[{"embeddable":true,"href":"https:\/\/redenoticiaz.com.br\/litoralsp\/wp-json\/wp\/v2\/users\/26"}],"replies":[{"embeddable":true,"href":"https:\/\/redenoticiaz.com.br\/litoralsp\/wp-json\/wp\/v2\/comments?post=90751"}],"version-history":[{"count":2,"href":"https:\/\/redenoticiaz.com.br\/litoralsp\/wp-json\/wp\/v2\/posts\/90751\/revisions"}],"predecessor-version":[{"id":90761,"href":"https:\/\/redenoticiaz.com.br\/litoralsp\/wp-json\/wp\/v2\/posts\/90751\/revisions\/90761"}],"wp:featuredmedia":[{"embeddable":true,"href":"https:\/\/redenoticiaz.com.br\/litoralsp\/wp-json\/wp\/v2\/media\/90757"}],"wp:attachment":[{"href":"https:\/\/redenoticiaz.com.br\/litoralsp\/wp-json\/wp\/v2\/media?parent=90751"}],"wp:term":[{"taxonomy":"category","embeddable":true,"href":"https:\/\/redenoticiaz.com.br\/litoralsp\/wp-json\/wp\/v2\/categories?post=90751"},{"taxonomy":"post_tag","embeddable":true,"href":"https:\/\/redenoticiaz.com.br\/litoralsp\/wp-json\/wp\/v2\/tags?post=90751"}],"curies":[{"name":"wp","href":"https:\/\/api.w.org\/{rel}","templated":true}]}}