{"id":90873,"date":"2022-09-02T08:12:32","date_gmt":"2022-09-02T11:12:32","guid":{"rendered":"https:\/\/redenoticiaz.com.br\/litoralsp\/?p=90873"},"modified":"2022-09-02T08:13:02","modified_gmt":"2022-09-02T11:13:02","slug":"justica-determina-que-pele-faca-teste-de-paternidade","status":"publish","type":"post","link":"https:\/\/redenoticiaz.com.br\/litoralsp\/2022\/09\/02\/justica-determina-que-pele-faca-teste-de-paternidade","title":{"rendered":"Justi\u00e7a determina que Pel\u00e9 fa\u00e7a teste de paternidade"},"content":{"rendered":"<div class=\"mc-column content-text active-extra-styles \" data-block-type=\"unstyled\" data-block-weight=\"60\" data-block-id=\"3\">\n<p>Justi\u00e7a de S\u00e3o Paulo determinou que Edson Arantes Do Nascimento, o Pel\u00e9, fa\u00e7a um teste de DNA.\u00a0A a\u00e7\u00e3o foi registrada por Maria do Socorro Azevedo na Defensoria\u00a0P\u00fablica\u00a0do Estado de S\u00e3o Paulo. O caso corre na 1\u00aa Vara da Fam\u00edlia e Sucess\u00f5es do Foro Regional VII de Itaquera (SP) e teve decis\u00e3o emitida pelo f\u00f3rum do Guaruj\u00e1, em S\u00e3o Paulo, no dia 18 de agosto.<\/p>\n<p>&nbsp;<\/p>\n<\/div>\n<div class=\"mc-column content-text active-extra-styles \" data-block-type=\"unstyled\" data-block-weight=\"49\" data-block-id=\"7\">\n<p class=\"content-text__container \" data-track-category=\"Link no Texto\" data-track-links=\"\">O juiz Renato Zanela Pandin e Cruz Gandini determinou\u00a0que\u00a0<span class=\"highlight highlighted\">deve agendar uma data e hora para a coleta do material gen\u00e9tico na resid\u00eancia do ex-jogador<\/span>.<\/p>\n<\/div>\n<div class=\"mc-column content-text active-extra-styles \" data-block-type=\"unstyled\" data-block-weight=\"60\" data-block-id=\"3\">\n<p>&nbsp;<\/p>\n<p class=\"cf-tweet-this cf-tt-target cf-tt-enabled cf-tt-element-attached-bottom cf-tt-element-attached-center cf-tt-target-attached-top cf-tt-target-attached-center cf-tt-out-of-bounds cf-tt-out-of-bounds-bottom\">Pel\u00e9 \u00e9 pai de\u00a0Celeste, Kelly Cristina, Edinho, Joshua, Fl\u00e1via Christina, Jennifer\u00a0e\u00a0Sandra Regina, que teve o parentecos comprovado ap\u00f3s uma investiga\u00e7\u00e3o de DNA em 1990.<\/p>\n<p>&nbsp;<\/p>\n<\/div>\n<div class=\"wall protected-content\">\n<div style=\"margin: auto;padding: 0px;border: 0pt none;font: inherit;vertical-align: initial;max-width: 100%;text-align: center\"><\/div>\n<div class=\"mc-column content-text active-extra-styles\" data-block-type=\"raw\" data-block-weight=\"3\" data-block-id=\"6\"><\/div>\n<div class=\"mc-column content-text active-extra-styles \" data-block-type=\"unstyled\" data-block-weight=\"40\" data-block-id=\"10\">\n<p class=\"content-text__container \" data-track-category=\"Link no Texto\" data-track-links=\"\"><strong>VEJA TAMB\u00c9M:\u00a0<a href=\"https:\/\/redenoticiaz.com.br\/litoralsp\/2022\/01\/22\/pele-esta-com-cancer-generalizado-segundo-espn\">Pel\u00e9 est\u00e1 com c\u00e2ncer generalizado, segundo ESPN<\/a><\/strong><\/p>\n<\/div>\n<\/div>\n","protected":false},"excerpt":{"rendered":"<p>Justi\u00e7a de S\u00e3o Paulo determinou que Edson Arantes Do Nascimento, o Pel\u00e9, fa\u00e7a um teste de DNA.\u00a0A a\u00e7\u00e3o foi registrada por Maria do Socorro Azevedo na Defensoria\u00a0P\u00fablica\u00a0do Estado de S\u00e3o Paulo. O caso corre na 1\u00aa Vara da Fam\u00edlia e Sucess\u00f5es do Foro Regional VII de Itaquera (SP) e teve decis\u00e3o emitida pelo f\u00f3rum do &hellip;<\/p>\n","protected":false},"author":30,"featured_media":90874,"comment_status":"open","ping_status":"closed","sticky":false,"template":"","format":"standard","meta":{"footnotes":""},"categories":[4,22],"tags":[59086,59087,14133],"class_list":["post-90873","post","type-post","status-publish","format-standard","has-post-thumbnail","hentry","category-geral","category-justica","tag-dna","tag-paternidade","tag-pele"],"yoast_head":"<!-- This site is optimized with the Yoast SEO plugin v27.5 - https:\/\/yoast.com\/product\/yoast-seo-wordpress\/ -->\n<title>Justi\u00e7a determina que Pel\u00e9 fa\u00e7a teste de paternidade - Litoral SP<\/title>\n<meta name=\"description\" content=\"O caso corre na 1\u00aa Vara da Fam\u00edlia e Sucess\u00f5es do Foro Regional VII de Itaquera (SP) e teve decis\u00e3o emitida pelo f\u00f3rum do Guaruj\u00e1.\" \/>\n<meta name=\"robots\" content=\"index, follow, max-snippet:-1, max-image-preview:large, max-video-preview:-1\" \/>\n<link rel=\"canonical\" href=\"https:\/\/redenoticiaz.com.br\/litoralsp\/2022\/09\/02\/justica-determina-que-pele-faca-teste-de-paternidade\" \/>\n<meta property=\"og:locale\" content=\"pt_BR\" \/>\n<meta property=\"og:type\" content=\"article\" \/>\n<meta property=\"og:title\" content=\"Justi\u00e7a determina que Pel\u00e9 fa\u00e7a teste de paternidade - Litoral SP\" \/>\n<meta property=\"og:description\" content=\"O caso corre na 1\u00aa Vara da Fam\u00edlia e Sucess\u00f5es do Foro Regional VII de Itaquera (SP) e teve decis\u00e3o emitida pelo f\u00f3rum do Guaruj\u00e1.\" \/>\n<meta property=\"og:url\" content=\"https:\/\/redenoticiaz.com.br\/litoralsp\/2022\/09\/02\/justica-determina-que-pele-faca-teste-de-paternidade\" \/>\n<meta property=\"og:site_name\" content=\"Litoral SP\" \/>\n<meta property=\"article:published_time\" content=\"2022-09-02T11:12:32+00:00\" \/>\n<meta property=\"article:modified_time\" content=\"2022-09-02T11:13:02+00:00\" \/>\n<meta property=\"og:image\" content=\"https:\/\/redenoticiaz.com.br\/litoralsp\/wp-content\/uploads\/sites\/3\/2022\/09\/pele.jpg\" \/>\n\t<meta property=\"og:image:width\" content=\"1400\" \/>\n\t<meta property=\"og:image:height\" content=\"933\" \/>\n\t<meta property=\"og:image:type\" content=\"image\/jpeg\" \/>\n<meta name=\"author\" content=\"Carina Reifonas\" \/>\n<meta name=\"twitter:card\" content=\"summary_large_image\" \/>\n<meta name=\"twitter:label1\" content=\"Escrito por\" \/>\n\t<meta name=\"twitter:data1\" content=\"Carina Reifonas\" \/>\n\t<meta name=\"twitter:label2\" content=\"Est. tempo de leitura\" \/>\n\t<meta name=\"twitter:data2\" content=\"1 minuto\" \/>\n<script type=\"application\/ld+json\" class=\"yoast-schema-graph\">{\"@context\":\"https:\\\/\\\/schema.org\",\"@graph\":[{\"@type\":\"Article\",\"@id\":\"https:\\\/\\\/redenoticiaz.com.br\\\/litoralsp\\\/2022\\\/09\\\/02\\\/justica-determina-que-pele-faca-teste-de-paternidade#article\",\"isPartOf\":{\"@id\":\"https:\\\/\\\/redenoticiaz.com.br\\\/litoralsp\\\/2022\\\/09\\\/02\\\/justica-determina-que-pele-faca-teste-de-paternidade\"},\"author\":{\"name\":\"Carina Reifonas\",\"@id\":\"https:\\\/\\\/redenoticiaz.com.br\\\/litoralsp\\\/#\\\/schema\\\/person\\\/1f84d6e94e6a62d2d81199d7503e9e90\"},\"headline\":\"Justi\u00e7a determina que Pel\u00e9 fa\u00e7a teste de paternidade\",\"datePublished\":\"2022-09-02T11:12:32+00:00\",\"dateModified\":\"2022-09-02T11:13:02+00:00\",\"mainEntityOfPage\":{\"@id\":\"https:\\\/\\\/redenoticiaz.com.br\\\/litoralsp\\\/2022\\\/09\\\/02\\\/justica-determina-que-pele-faca-teste-de-paternidade\"},\"wordCount\":156,\"commentCount\":0,\"publisher\":{\"@id\":\"https:\\\/\\\/redenoticiaz.com.br\\\/litoralsp\\\/#organization\"},\"image\":{\"@id\":\"https:\\\/\\\/redenoticiaz.com.br\\\/litoralsp\\\/2022\\\/09\\\/02\\\/justica-determina-que-pele-faca-teste-de-paternidade#primaryimage\"},\"thumbnailUrl\":\"https:\\\/\\\/redenoticiaz.com.br\\\/litoralsp\\\/wp-content\\\/uploads\\\/sites\\\/3\\\/2022\\\/09\\\/pele.jpg\",\"keywords\":[\"dna\",\"paternidade\",\"PEL\u00c9\"],\"articleSection\":[\"Geral\",\"Justi\u00e7a\"],\"inLanguage\":\"pt-BR\",\"potentialAction\":[{\"@type\":\"CommentAction\",\"name\":\"Comment\",\"target\":[\"https:\\\/\\\/redenoticiaz.com.br\\\/litoralsp\\\/2022\\\/09\\\/02\\\/justica-determina-que-pele-faca-teste-de-paternidade#respond\"]}]},{\"@type\":\"WebPage\",\"@id\":\"https:\\\/\\\/redenoticiaz.com.br\\\/litoralsp\\\/2022\\\/09\\\/02\\\/justica-determina-que-pele-faca-teste-de-paternidade\",\"url\":\"https:\\\/\\\/redenoticiaz.com.br\\\/litoralsp\\\/2022\\\/09\\\/02\\\/justica-determina-que-pele-faca-teste-de-paternidade\",\"name\":\"Justi\u00e7a determina que Pel\u00e9 fa\u00e7a teste de paternidade - Litoral SP\",\"isPartOf\":{\"@id\":\"https:\\\/\\\/redenoticiaz.com.br\\\/litoralsp\\\/#website\"},\"primaryImageOfPage\":{\"@id\":\"https:\\\/\\\/redenoticiaz.com.br\\\/litoralsp\\\/2022\\\/09\\\/02\\\/justica-determina-que-pele-faca-teste-de-paternidade#primaryimage\"},\"image\":{\"@id\":\"https:\\\/\\\/redenoticiaz.com.br\\\/litoralsp\\\/2022\\\/09\\\/02\\\/justica-determina-que-pele-faca-teste-de-paternidade#primaryimage\"},\"thumbnailUrl\":\"https:\\\/\\\/redenoticiaz.com.br\\\/litoralsp\\\/wp-content\\\/uploads\\\/sites\\\/3\\\/2022\\\/09\\\/pele.jpg\",\"datePublished\":\"2022-09-02T11:12:32+00:00\",\"dateModified\":\"2022-09-02T11:13:02+00:00\",\"description\":\"O caso corre na 1\u00aa Vara da Fam\u00edlia e Sucess\u00f5es do Foro Regional VII de Itaquera (SP) e teve decis\u00e3o emitida pelo f\u00f3rum do Guaruj\u00e1.\",\"inLanguage\":\"pt-BR\",\"potentialAction\":[{\"@type\":\"ReadAction\",\"target\":[\"https:\\\/\\\/redenoticiaz.com.br\\\/litoralsp\\\/2022\\\/09\\\/02\\\/justica-determina-que-pele-faca-teste-de-paternidade\"]}]},{\"@type\":\"ImageObject\",\"inLanguage\":\"pt-BR\",\"@id\":\"https:\\\/\\\/redenoticiaz.com.br\\\/litoralsp\\\/2022\\\/09\\\/02\\\/justica-determina-que-pele-faca-teste-de-paternidade#primaryimage\",\"url\":\"https:\\\/\\\/redenoticiaz.com.br\\\/litoralsp\\\/wp-content\\\/uploads\\\/sites\\\/3\\\/2022\\\/09\\\/pele.jpg\",\"contentUrl\":\"https:\\\/\\\/redenoticiaz.com.br\\\/litoralsp\\\/wp-content\\\/uploads\\\/sites\\\/3\\\/2022\\\/09\\\/pele.jpg\",\"width\":1400,\"height\":933,\"caption\":\"Cr\u00e9dito: Reprodu\u00e7\u00e3o\"},{\"@type\":\"WebSite\",\"@id\":\"https:\\\/\\\/redenoticiaz.com.br\\\/litoralsp\\\/#website\",\"url\":\"https:\\\/\\\/redenoticiaz.com.br\\\/litoralsp\\\/\",\"name\":\"Litoral SP\",\"description\":\"Rede NoticiaZ\",\"publisher\":{\"@id\":\"https:\\\/\\\/redenoticiaz.com.br\\\/litoralsp\\\/#organization\"},\"potentialAction\":[{\"@type\":\"SearchAction\",\"target\":{\"@type\":\"EntryPoint\",\"urlTemplate\":\"https:\\\/\\\/redenoticiaz.com.br\\\/litoralsp\\\/?s={search_term_string}\"},\"query-input\":{\"@type\":\"PropertyValueSpecification\",\"valueRequired\":true,\"valueName\":\"search_term_string\"}}],\"inLanguage\":\"pt-BR\"},{\"@type\":\"Organization\",\"@id\":\"https:\\\/\\\/redenoticiaz.com.br\\\/litoralsp\\\/#organization\",\"name\":\"Litoral SP\",\"url\":\"https:\\\/\\\/redenoticiaz.com.br\\\/litoralsp\\\/\",\"logo\":{\"@type\":\"ImageObject\",\"inLanguage\":\"pt-BR\",\"@id\":\"https:\\\/\\\/redenoticiaz.com.br\\\/litoralsp\\\/#\\\/schema\\\/logo\\\/image\\\/\",\"url\":\"https:\\\/\\\/redenoticiaz.com.br\\\/litoralsp\\\/wp-content\\\/uploads\\\/sites\\\/3\\\/2020\\\/11\\\/logo.jpg\",\"contentUrl\":\"https:\\\/\\\/redenoticiaz.com.br\\\/litoralsp\\\/wp-content\\\/uploads\\\/sites\\\/3\\\/2020\\\/11\\\/logo.jpg\",\"width\":400,\"height\":250,\"caption\":\"Litoral SP\"},\"image\":{\"@id\":\"https:\\\/\\\/redenoticiaz.com.br\\\/litoralsp\\\/#\\\/schema\\\/logo\\\/image\\\/\"}},{\"@type\":\"Person\",\"@id\":\"https:\\\/\\\/redenoticiaz.com.br\\\/litoralsp\\\/#\\\/schema\\\/person\\\/1f84d6e94e6a62d2d81199d7503e9e90\",\"name\":\"Carina Reifonas\",\"image\":{\"@type\":\"ImageObject\",\"inLanguage\":\"pt-BR\",\"@id\":\"https:\\\/\\\/secure.gravatar.com\\\/avatar\\\/04c59859b23696cf867715880f81d5c037e60109730bdb4e6670ec2a2245bc97?s=96&d=mm&r=g\",\"url\":\"https:\\\/\\\/secure.gravatar.com\\\/avatar\\\/04c59859b23696cf867715880f81d5c037e60109730bdb4e6670ec2a2245bc97?s=96&d=mm&r=g\",\"contentUrl\":\"https:\\\/\\\/secure.gravatar.com\\\/avatar\\\/04c59859b23696cf867715880f81d5c037e60109730bdb4e6670ec2a2245bc97?s=96&d=mm&r=g\",\"caption\":\"Carina Reifonas\"},\"url\":\"https:\\\/\\\/redenoticiaz.com.br\\\/litoralsp\\\/author\\\/carinareifonas\"}]}<\/script>\n<!-- \/ Yoast SEO plugin. -->","yoast_head_json":{"title":"Justi\u00e7a determina que Pel\u00e9 fa\u00e7a teste de paternidade - Litoral SP","description":"O caso corre na 1\u00aa Vara da Fam\u00edlia e Sucess\u00f5es do Foro Regional VII de Itaquera (SP) e teve decis\u00e3o emitida pelo f\u00f3rum do Guaruj\u00e1.","robots":{"index":"index","follow":"follow","max-snippet":"max-snippet:-1","max-image-preview":"max-image-preview:large","max-video-preview":"max-video-preview:-1"},"canonical":"https:\/\/redenoticiaz.com.br\/litoralsp\/2022\/09\/02\/justica-determina-que-pele-faca-teste-de-paternidade","og_locale":"pt_BR","og_type":"article","og_title":"Justi\u00e7a determina que Pel\u00e9 fa\u00e7a teste de paternidade - Litoral SP","og_description":"O caso corre na 1\u00aa Vara da Fam\u00edlia e Sucess\u00f5es do Foro Regional VII de Itaquera (SP) e teve decis\u00e3o emitida pelo f\u00f3rum do Guaruj\u00e1.","og_url":"https:\/\/redenoticiaz.com.br\/litoralsp\/2022\/09\/02\/justica-determina-que-pele-faca-teste-de-paternidade","og_site_name":"Litoral SP","article_published_time":"2022-09-02T11:12:32+00:00","article_modified_time":"2022-09-02T11:13:02+00:00","og_image":[{"width":1400,"height":933,"url":"https:\/\/redenoticiaz.com.br\/litoralsp\/wp-content\/uploads\/sites\/3\/2022\/09\/pele.jpg","type":"image\/jpeg"}],"author":"Carina Reifonas","twitter_card":"summary_large_image","twitter_misc":{"Escrito por":"Carina Reifonas","Est. tempo de leitura":"1 minuto"},"schema":{"@context":"https:\/\/schema.org","@graph":[{"@type":"Article","@id":"https:\/\/redenoticiaz.com.br\/litoralsp\/2022\/09\/02\/justica-determina-que-pele-faca-teste-de-paternidade#article","isPartOf":{"@id":"https:\/\/redenoticiaz.com.br\/litoralsp\/2022\/09\/02\/justica-determina-que-pele-faca-teste-de-paternidade"},"author":{"name":"Carina Reifonas","@id":"https:\/\/redenoticiaz.com.br\/litoralsp\/#\/schema\/person\/1f84d6e94e6a62d2d81199d7503e9e90"},"headline":"Justi\u00e7a determina que Pel\u00e9 fa\u00e7a teste de paternidade","datePublished":"2022-09-02T11:12:32+00:00","dateModified":"2022-09-02T11:13:02+00:00","mainEntityOfPage":{"@id":"https:\/\/redenoticiaz.com.br\/litoralsp\/2022\/09\/02\/justica-determina-que-pele-faca-teste-de-paternidade"},"wordCount":156,"commentCount":0,"publisher":{"@id":"https:\/\/redenoticiaz.com.br\/litoralsp\/#organization"},"image":{"@id":"https:\/\/redenoticiaz.com.br\/litoralsp\/2022\/09\/02\/justica-determina-que-pele-faca-teste-de-paternidade#primaryimage"},"thumbnailUrl":"https:\/\/redenoticiaz.com.br\/litoralsp\/wp-content\/uploads\/sites\/3\/2022\/09\/pele.jpg","keywords":["dna","paternidade","PEL\u00c9"],"articleSection":["Geral","Justi\u00e7a"],"inLanguage":"pt-BR","potentialAction":[{"@type":"CommentAction","name":"Comment","target":["https:\/\/redenoticiaz.com.br\/litoralsp\/2022\/09\/02\/justica-determina-que-pele-faca-teste-de-paternidade#respond"]}]},{"@type":"WebPage","@id":"https:\/\/redenoticiaz.com.br\/litoralsp\/2022\/09\/02\/justica-determina-que-pele-faca-teste-de-paternidade","url":"https:\/\/redenoticiaz.com.br\/litoralsp\/2022\/09\/02\/justica-determina-que-pele-faca-teste-de-paternidade","name":"Justi\u00e7a determina que Pel\u00e9 fa\u00e7a teste de paternidade - Litoral SP","isPartOf":{"@id":"https:\/\/redenoticiaz.com.br\/litoralsp\/#website"},"primaryImageOfPage":{"@id":"https:\/\/redenoticiaz.com.br\/litoralsp\/2022\/09\/02\/justica-determina-que-pele-faca-teste-de-paternidade#primaryimage"},"image":{"@id":"https:\/\/redenoticiaz.com.br\/litoralsp\/2022\/09\/02\/justica-determina-que-pele-faca-teste-de-paternidade#primaryimage"},"thumbnailUrl":"https:\/\/redenoticiaz.com.br\/litoralsp\/wp-content\/uploads\/sites\/3\/2022\/09\/pele.jpg","datePublished":"2022-09-02T11:12:32+00:00","dateModified":"2022-09-02T11:13:02+00:00","description":"O caso corre na 1\u00aa Vara da Fam\u00edlia e Sucess\u00f5es do Foro Regional VII de Itaquera (SP) e teve decis\u00e3o emitida pelo f\u00f3rum do Guaruj\u00e1.","inLanguage":"pt-BR","potentialAction":[{"@type":"ReadAction","target":["https:\/\/redenoticiaz.com.br\/litoralsp\/2022\/09\/02\/justica-determina-que-pele-faca-teste-de-paternidade"]}]},{"@type":"ImageObject","inLanguage":"pt-BR","@id":"https:\/\/redenoticiaz.com.br\/litoralsp\/2022\/09\/02\/justica-determina-que-pele-faca-teste-de-paternidade#primaryimage","url":"https:\/\/redenoticiaz.com.br\/litoralsp\/wp-content\/uploads\/sites\/3\/2022\/09\/pele.jpg","contentUrl":"https:\/\/redenoticiaz.com.br\/litoralsp\/wp-content\/uploads\/sites\/3\/2022\/09\/pele.jpg","width":1400,"height":933,"caption":"Cr\u00e9dito: Reprodu\u00e7\u00e3o"},{"@type":"WebSite","@id":"https:\/\/redenoticiaz.com.br\/litoralsp\/#website","url":"https:\/\/redenoticiaz.com.br\/litoralsp\/","name":"Litoral SP","description":"Rede NoticiaZ","publisher":{"@id":"https:\/\/redenoticiaz.com.br\/litoralsp\/#organization"},"potentialAction":[{"@type":"SearchAction","target":{"@type":"EntryPoint","urlTemplate":"https:\/\/redenoticiaz.com.br\/litoralsp\/?s={search_term_string}"},"query-input":{"@type":"PropertyValueSpecification","valueRequired":true,"valueName":"search_term_string"}}],"inLanguage":"pt-BR"},{"@type":"Organization","@id":"https:\/\/redenoticiaz.com.br\/litoralsp\/#organization","name":"Litoral SP","url":"https:\/\/redenoticiaz.com.br\/litoralsp\/","logo":{"@type":"ImageObject","inLanguage":"pt-BR","@id":"https:\/\/redenoticiaz.com.br\/litoralsp\/#\/schema\/logo\/image\/","url":"https:\/\/redenoticiaz.com.br\/litoralsp\/wp-content\/uploads\/sites\/3\/2020\/11\/logo.jpg","contentUrl":"https:\/\/redenoticiaz.com.br\/litoralsp\/wp-content\/uploads\/sites\/3\/2020\/11\/logo.jpg","width":400,"height":250,"caption":"Litoral SP"},"image":{"@id":"https:\/\/redenoticiaz.com.br\/litoralsp\/#\/schema\/logo\/image\/"}},{"@type":"Person","@id":"https:\/\/redenoticiaz.com.br\/litoralsp\/#\/schema\/person\/1f84d6e94e6a62d2d81199d7503e9e90","name":"Carina Reifonas","image":{"@type":"ImageObject","inLanguage":"pt-BR","@id":"https:\/\/secure.gravatar.com\/avatar\/04c59859b23696cf867715880f81d5c037e60109730bdb4e6670ec2a2245bc97?s=96&d=mm&r=g","url":"https:\/\/secure.gravatar.com\/avatar\/04c59859b23696cf867715880f81d5c037e60109730bdb4e6670ec2a2245bc97?s=96&d=mm&r=g","contentUrl":"https:\/\/secure.gravatar.com\/avatar\/04c59859b23696cf867715880f81d5c037e60109730bdb4e6670ec2a2245bc97?s=96&d=mm&r=g","caption":"Carina Reifonas"},"url":"https:\/\/redenoticiaz.com.br\/litoralsp\/author\/carinareifonas"}]}},"_links":{"self":[{"href":"https:\/\/redenoticiaz.com.br\/litoralsp\/wp-json\/wp\/v2\/posts\/90873","targetHints":{"allow":["GET"]}}],"collection":[{"href":"https:\/\/redenoticiaz.com.br\/litoralsp\/wp-json\/wp\/v2\/posts"}],"about":[{"href":"https:\/\/redenoticiaz.com.br\/litoralsp\/wp-json\/wp\/v2\/types\/post"}],"author":[{"embeddable":true,"href":"https:\/\/redenoticiaz.com.br\/litoralsp\/wp-json\/wp\/v2\/users\/30"}],"replies":[{"embeddable":true,"href":"https:\/\/redenoticiaz.com.br\/litoralsp\/wp-json\/wp\/v2\/comments?post=90873"}],"version-history":[{"count":1,"href":"https:\/\/redenoticiaz.com.br\/litoralsp\/wp-json\/wp\/v2\/posts\/90873\/revisions"}],"predecessor-version":[{"id":90875,"href":"https:\/\/redenoticiaz.com.br\/litoralsp\/wp-json\/wp\/v2\/posts\/90873\/revisions\/90875"}],"wp:featuredmedia":[{"embeddable":true,"href":"https:\/\/redenoticiaz.com.br\/litoralsp\/wp-json\/wp\/v2\/media\/90874"}],"wp:attachment":[{"href":"https:\/\/redenoticiaz.com.br\/litoralsp\/wp-json\/wp\/v2\/media?parent=90873"}],"wp:term":[{"taxonomy":"category","embeddable":true,"href":"https:\/\/redenoticiaz.com.br\/litoralsp\/wp-json\/wp\/v2\/categories?post=90873"},{"taxonomy":"post_tag","embeddable":true,"href":"https:\/\/redenoticiaz.com.br\/litoralsp\/wp-json\/wp\/v2\/tags?post=90873"}],"curies":[{"name":"wp","href":"https:\/\/api.w.org\/{rel}","templated":true}]}}