{"id":90883,"date":"2022-09-02T09:58:57","date_gmt":"2022-09-02T12:58:57","guid":{"rendered":"https:\/\/redenoticiaz.com.br\/litoralsp\/?p=90883"},"modified":"2022-09-02T09:58:57","modified_gmt":"2022-09-02T12:58:57","slug":"empresa-de-transporte-publico-completa-um-mes-em-sao-vicente","status":"publish","type":"post","link":"https:\/\/redenoticiaz.com.br\/litoralsp\/2022\/09\/02\/empresa-de-transporte-publico-completa-um-mes-em-sao-vicente","title":{"rendered":"Empresa de transporte p\u00fablico completa um m\u00eas em S\u00e3o Vicente"},"content":{"rendered":"<div>Completou um m\u00eas a nova empresa respons\u00e1vel pelo transporte p\u00fablico municipal em <a href=\"https:\/\/www.saovicente.sp.gov.br\/onepage\">S\u00e3o Vicente<\/a>, a Santa Cec\u00edlia Turismo LTDA (Sancetur), com 409 mil passageiros atendidos, mais de 350 mil quil\u00f4metros rodados e mais de 16 mil cart\u00f5es-transporte emitidos pelos mun\u00edcipes.\u00a0Todos os \u00f4nibus da frota contam com ar-condicionado e, em breve, receber\u00e3o outras melhorias.<\/div>\n<div><\/div>\n<div><\/div>\n<div><\/div>\n<div>Todos os \u00f4nibus da frota possuem ar-condicionado e, em breve, receber\u00e3o outras melhorias. \u201cEssa empresa j\u00e1 tem anos de mercado, um procedimento e um modelo que j\u00e1 deram certo em outros munic\u00edpios. Agora eles est\u00e3o trabalhando na instala\u00e7\u00e3o do sistema de reconhecimento facial, para que seja evitado o uso incorreto do cart\u00e3o por pessoas que queiram fraudar o sistema, implanta\u00e7\u00e3o de c\u00e2meras de monitoramento e GPS, al\u00e9m de um aplicativo para que o passageiro monitore a dist\u00e2ncia do \u00f4nibus at\u00e9 o ponto\u201d, explica o prefeito, Kayo Amado.<\/div>\n<div><\/div>\n<div><\/div>\n<div><\/div>\n<div>A Prefeitura refor\u00e7a que um novo estudo sobre o transporte p\u00fablico na Cidade est\u00e1 sendo realizado. O per\u00edodo para conclus\u00e3o dessa etapa \u00e9 de aproximadamente 120 dias e os dados obtidos resultar\u00e3o em um diagn\u00f3stico de oferta e demanda do Munic\u00edpio, pautando os moldes de uma nova contrata\u00e7\u00e3o quando o prazo do contrato emergencial com a Sancetur encerrar.<\/div>\n<div><\/div>\n<div><\/div>\n<div><\/div>\n<div><\/div>\n<div><strong>VEJA TAMB\u00c9M:\u00a0<a href=\"https:\/\/redenoticiaz.com.br\/litoralsp\/2022\/08\/01\/nova-empresa-de-transporte-municipal-comeca-operacao-nesta-segunda-feira-1o-em-sao-vicente\">Nova empresa de transporte municipal come\u00e7a opera\u00e7\u00e3o em S\u00e3o Vicente<\/a><\/strong><\/div>\n","protected":false},"excerpt":{"rendered":"<p>Completou um m\u00eas a nova empresa respons\u00e1vel pelo transporte p\u00fablico municipal em S\u00e3o Vicente, a Santa Cec\u00edlia Turismo LTDA (Sancetur), com 409 mil passageiros atendidos, mais de 350 mil quil\u00f4metros rodados e mais de 16 mil cart\u00f5es-transporte emitidos pelos mun\u00edcipes.\u00a0Todos os \u00f4nibus da frota contam com ar-condicionado e, em breve, receber\u00e3o outras melhorias. Todos os &hellip;<\/p>\n","protected":false},"author":30,"featured_media":90884,"comment_status":"open","ping_status":"closed","sticky":false,"template":"","format":"standard","meta":{"footnotes":""},"categories":[181,88],"tags":[10526,33,91],"class_list":["post-90883","post","type-post","status-publish","format-standard","has-post-thumbnail","hentry","category-sao-vicente","category-transportes","tag-passageiros","tag-sao-vicente","tag-transporte"],"yoast_head":"<!-- This site is optimized with the Yoast SEO plugin v27.5 - https:\/\/yoast.com\/product\/yoast-seo-wordpress\/ -->\n<title>Empresa de transporte p\u00fablico completa um m\u00eas em S\u00e3o Vicente - Litoral SP<\/title>\n<meta name=\"description\" content=\"Em 30 dias 409 mil passageiros atendidos, mais de 350 mil quil\u00f4metros rodados e mais de 16 mil cart\u00f5es-transporte.\" \/>\n<meta name=\"robots\" content=\"index, follow, max-snippet:-1, max-image-preview:large, max-video-preview:-1\" \/>\n<link rel=\"canonical\" href=\"https:\/\/redenoticiaz.com.br\/litoralsp\/2022\/09\/02\/empresa-de-transporte-publico-completa-um-mes-em-sao-vicente\" \/>\n<meta property=\"og:locale\" content=\"pt_BR\" \/>\n<meta property=\"og:type\" content=\"article\" \/>\n<meta property=\"og:title\" content=\"Empresa de transporte p\u00fablico completa um m\u00eas em S\u00e3o Vicente - Litoral SP\" \/>\n<meta property=\"og:description\" content=\"Em 30 dias 409 mil passageiros atendidos, mais de 350 mil quil\u00f4metros rodados e mais de 16 mil cart\u00f5es-transporte.\" \/>\n<meta property=\"og:url\" content=\"https:\/\/redenoticiaz.com.br\/litoralsp\/2022\/09\/02\/empresa-de-transporte-publico-completa-um-mes-em-sao-vicente\" \/>\n<meta property=\"og:site_name\" content=\"Litoral SP\" \/>\n<meta property=\"article:published_time\" content=\"2022-09-02T12:58:57+00:00\" \/>\n<meta property=\"og:image\" content=\"https:\/\/redenoticiaz.com.br\/litoralsp\/wp-content\/uploads\/sites\/3\/2022\/09\/transporte-sv.jpg\" \/>\n\t<meta property=\"og:image:width\" content=\"915\" \/>\n\t<meta property=\"og:image:height\" content=\"609\" \/>\n\t<meta property=\"og:image:type\" content=\"image\/jpeg\" \/>\n<meta name=\"author\" content=\"Carina Reifonas\" \/>\n<meta name=\"twitter:card\" content=\"summary_large_image\" \/>\n<meta name=\"twitter:label1\" content=\"Escrito por\" \/>\n\t<meta name=\"twitter:data1\" content=\"Carina Reifonas\" \/>\n\t<meta name=\"twitter:label2\" content=\"Est. tempo de leitura\" \/>\n\t<meta name=\"twitter:data2\" content=\"2 minutos\" \/>\n<script type=\"application\/ld+json\" class=\"yoast-schema-graph\">{\"@context\":\"https:\\\/\\\/schema.org\",\"@graph\":[{\"@type\":\"Article\",\"@id\":\"https:\\\/\\\/redenoticiaz.com.br\\\/litoralsp\\\/2022\\\/09\\\/02\\\/empresa-de-transporte-publico-completa-um-mes-em-sao-vicente#article\",\"isPartOf\":{\"@id\":\"https:\\\/\\\/redenoticiaz.com.br\\\/litoralsp\\\/2022\\\/09\\\/02\\\/empresa-de-transporte-publico-completa-um-mes-em-sao-vicente\"},\"author\":{\"name\":\"Carina Reifonas\",\"@id\":\"https:\\\/\\\/redenoticiaz.com.br\\\/litoralsp\\\/#\\\/schema\\\/person\\\/1f84d6e94e6a62d2d81199d7503e9e90\"},\"headline\":\"Empresa de transporte p\u00fablico completa um m\u00eas em S\u00e3o Vicente\",\"datePublished\":\"2022-09-02T12:58:57+00:00\",\"mainEntityOfPage\":{\"@id\":\"https:\\\/\\\/redenoticiaz.com.br\\\/litoralsp\\\/2022\\\/09\\\/02\\\/empresa-de-transporte-publico-completa-um-mes-em-sao-vicente\"},\"wordCount\":249,\"commentCount\":0,\"publisher\":{\"@id\":\"https:\\\/\\\/redenoticiaz.com.br\\\/litoralsp\\\/#organization\"},\"image\":{\"@id\":\"https:\\\/\\\/redenoticiaz.com.br\\\/litoralsp\\\/2022\\\/09\\\/02\\\/empresa-de-transporte-publico-completa-um-mes-em-sao-vicente#primaryimage\"},\"thumbnailUrl\":\"https:\\\/\\\/redenoticiaz.com.br\\\/litoralsp\\\/wp-content\\\/uploads\\\/sites\\\/3\\\/2022\\\/09\\\/transporte-sv.jpg\",\"keywords\":[\"PASSAGEIROS\",\"S\u00e3o Vicente\",\"TRANSPORTE\"],\"articleSection\":[\"S\u00e3o Vicente\",\"Transportes\"],\"inLanguage\":\"pt-BR\",\"potentialAction\":[{\"@type\":\"CommentAction\",\"name\":\"Comment\",\"target\":[\"https:\\\/\\\/redenoticiaz.com.br\\\/litoralsp\\\/2022\\\/09\\\/02\\\/empresa-de-transporte-publico-completa-um-mes-em-sao-vicente#respond\"]}]},{\"@type\":\"WebPage\",\"@id\":\"https:\\\/\\\/redenoticiaz.com.br\\\/litoralsp\\\/2022\\\/09\\\/02\\\/empresa-de-transporte-publico-completa-um-mes-em-sao-vicente\",\"url\":\"https:\\\/\\\/redenoticiaz.com.br\\\/litoralsp\\\/2022\\\/09\\\/02\\\/empresa-de-transporte-publico-completa-um-mes-em-sao-vicente\",\"name\":\"Empresa de transporte p\u00fablico completa um m\u00eas em S\u00e3o Vicente - Litoral SP\",\"isPartOf\":{\"@id\":\"https:\\\/\\\/redenoticiaz.com.br\\\/litoralsp\\\/#website\"},\"primaryImageOfPage\":{\"@id\":\"https:\\\/\\\/redenoticiaz.com.br\\\/litoralsp\\\/2022\\\/09\\\/02\\\/empresa-de-transporte-publico-completa-um-mes-em-sao-vicente#primaryimage\"},\"image\":{\"@id\":\"https:\\\/\\\/redenoticiaz.com.br\\\/litoralsp\\\/2022\\\/09\\\/02\\\/empresa-de-transporte-publico-completa-um-mes-em-sao-vicente#primaryimage\"},\"thumbnailUrl\":\"https:\\\/\\\/redenoticiaz.com.br\\\/litoralsp\\\/wp-content\\\/uploads\\\/sites\\\/3\\\/2022\\\/09\\\/transporte-sv.jpg\",\"datePublished\":\"2022-09-02T12:58:57+00:00\",\"description\":\"Em 30 dias 409 mil passageiros atendidos, mais de 350 mil quil\u00f4metros rodados e mais de 16 mil cart\u00f5es-transporte.\",\"inLanguage\":\"pt-BR\",\"potentialAction\":[{\"@type\":\"ReadAction\",\"target\":[\"https:\\\/\\\/redenoticiaz.com.br\\\/litoralsp\\\/2022\\\/09\\\/02\\\/empresa-de-transporte-publico-completa-um-mes-em-sao-vicente\"]}]},{\"@type\":\"ImageObject\",\"inLanguage\":\"pt-BR\",\"@id\":\"https:\\\/\\\/redenoticiaz.com.br\\\/litoralsp\\\/2022\\\/09\\\/02\\\/empresa-de-transporte-publico-completa-um-mes-em-sao-vicente#primaryimage\",\"url\":\"https:\\\/\\\/redenoticiaz.com.br\\\/litoralsp\\\/wp-content\\\/uploads\\\/sites\\\/3\\\/2022\\\/09\\\/transporte-sv.jpg\",\"contentUrl\":\"https:\\\/\\\/redenoticiaz.com.br\\\/litoralsp\\\/wp-content\\\/uploads\\\/sites\\\/3\\\/2022\\\/09\\\/transporte-sv.jpg\",\"width\":915,\"height\":609,\"caption\":\"Cr\u00e9dito: Reprodu\u00e7\u00e3o\"},{\"@type\":\"WebSite\",\"@id\":\"https:\\\/\\\/redenoticiaz.com.br\\\/litoralsp\\\/#website\",\"url\":\"https:\\\/\\\/redenoticiaz.com.br\\\/litoralsp\\\/\",\"name\":\"Litoral SP\",\"description\":\"Rede NoticiaZ\",\"publisher\":{\"@id\":\"https:\\\/\\\/redenoticiaz.com.br\\\/litoralsp\\\/#organization\"},\"potentialAction\":[{\"@type\":\"SearchAction\",\"target\":{\"@type\":\"EntryPoint\",\"urlTemplate\":\"https:\\\/\\\/redenoticiaz.com.br\\\/litoralsp\\\/?s={search_term_string}\"},\"query-input\":{\"@type\":\"PropertyValueSpecification\",\"valueRequired\":true,\"valueName\":\"search_term_string\"}}],\"inLanguage\":\"pt-BR\"},{\"@type\":\"Organization\",\"@id\":\"https:\\\/\\\/redenoticiaz.com.br\\\/litoralsp\\\/#organization\",\"name\":\"Litoral SP\",\"url\":\"https:\\\/\\\/redenoticiaz.com.br\\\/litoralsp\\\/\",\"logo\":{\"@type\":\"ImageObject\",\"inLanguage\":\"pt-BR\",\"@id\":\"https:\\\/\\\/redenoticiaz.com.br\\\/litoralsp\\\/#\\\/schema\\\/logo\\\/image\\\/\",\"url\":\"https:\\\/\\\/redenoticiaz.com.br\\\/litoralsp\\\/wp-content\\\/uploads\\\/sites\\\/3\\\/2020\\\/11\\\/logo.jpg\",\"contentUrl\":\"https:\\\/\\\/redenoticiaz.com.br\\\/litoralsp\\\/wp-content\\\/uploads\\\/sites\\\/3\\\/2020\\\/11\\\/logo.jpg\",\"width\":400,\"height\":250,\"caption\":\"Litoral SP\"},\"image\":{\"@id\":\"https:\\\/\\\/redenoticiaz.com.br\\\/litoralsp\\\/#\\\/schema\\\/logo\\\/image\\\/\"}},{\"@type\":\"Person\",\"@id\":\"https:\\\/\\\/redenoticiaz.com.br\\\/litoralsp\\\/#\\\/schema\\\/person\\\/1f84d6e94e6a62d2d81199d7503e9e90\",\"name\":\"Carina Reifonas\",\"image\":{\"@type\":\"ImageObject\",\"inLanguage\":\"pt-BR\",\"@id\":\"https:\\\/\\\/secure.gravatar.com\\\/avatar\\\/04c59859b23696cf867715880f81d5c037e60109730bdb4e6670ec2a2245bc97?s=96&d=mm&r=g\",\"url\":\"https:\\\/\\\/secure.gravatar.com\\\/avatar\\\/04c59859b23696cf867715880f81d5c037e60109730bdb4e6670ec2a2245bc97?s=96&d=mm&r=g\",\"contentUrl\":\"https:\\\/\\\/secure.gravatar.com\\\/avatar\\\/04c59859b23696cf867715880f81d5c037e60109730bdb4e6670ec2a2245bc97?s=96&d=mm&r=g\",\"caption\":\"Carina Reifonas\"},\"url\":\"https:\\\/\\\/redenoticiaz.com.br\\\/litoralsp\\\/author\\\/carinareifonas\"}]}<\/script>\n<!-- \/ Yoast SEO plugin. -->","yoast_head_json":{"title":"Empresa de transporte p\u00fablico completa um m\u00eas em S\u00e3o Vicente - Litoral SP","description":"Em 30 dias 409 mil passageiros atendidos, mais de 350 mil quil\u00f4metros rodados e mais de 16 mil cart\u00f5es-transporte.","robots":{"index":"index","follow":"follow","max-snippet":"max-snippet:-1","max-image-preview":"max-image-preview:large","max-video-preview":"max-video-preview:-1"},"canonical":"https:\/\/redenoticiaz.com.br\/litoralsp\/2022\/09\/02\/empresa-de-transporte-publico-completa-um-mes-em-sao-vicente","og_locale":"pt_BR","og_type":"article","og_title":"Empresa de transporte p\u00fablico completa um m\u00eas em S\u00e3o Vicente - Litoral SP","og_description":"Em 30 dias 409 mil passageiros atendidos, mais de 350 mil quil\u00f4metros rodados e mais de 16 mil cart\u00f5es-transporte.","og_url":"https:\/\/redenoticiaz.com.br\/litoralsp\/2022\/09\/02\/empresa-de-transporte-publico-completa-um-mes-em-sao-vicente","og_site_name":"Litoral SP","article_published_time":"2022-09-02T12:58:57+00:00","og_image":[{"width":915,"height":609,"url":"https:\/\/redenoticiaz.com.br\/litoralsp\/wp-content\/uploads\/sites\/3\/2022\/09\/transporte-sv.jpg","type":"image\/jpeg"}],"author":"Carina Reifonas","twitter_card":"summary_large_image","twitter_misc":{"Escrito por":"Carina Reifonas","Est. tempo de leitura":"2 minutos"},"schema":{"@context":"https:\/\/schema.org","@graph":[{"@type":"Article","@id":"https:\/\/redenoticiaz.com.br\/litoralsp\/2022\/09\/02\/empresa-de-transporte-publico-completa-um-mes-em-sao-vicente#article","isPartOf":{"@id":"https:\/\/redenoticiaz.com.br\/litoralsp\/2022\/09\/02\/empresa-de-transporte-publico-completa-um-mes-em-sao-vicente"},"author":{"name":"Carina Reifonas","@id":"https:\/\/redenoticiaz.com.br\/litoralsp\/#\/schema\/person\/1f84d6e94e6a62d2d81199d7503e9e90"},"headline":"Empresa de transporte p\u00fablico completa um m\u00eas em S\u00e3o Vicente","datePublished":"2022-09-02T12:58:57+00:00","mainEntityOfPage":{"@id":"https:\/\/redenoticiaz.com.br\/litoralsp\/2022\/09\/02\/empresa-de-transporte-publico-completa-um-mes-em-sao-vicente"},"wordCount":249,"commentCount":0,"publisher":{"@id":"https:\/\/redenoticiaz.com.br\/litoralsp\/#organization"},"image":{"@id":"https:\/\/redenoticiaz.com.br\/litoralsp\/2022\/09\/02\/empresa-de-transporte-publico-completa-um-mes-em-sao-vicente#primaryimage"},"thumbnailUrl":"https:\/\/redenoticiaz.com.br\/litoralsp\/wp-content\/uploads\/sites\/3\/2022\/09\/transporte-sv.jpg","keywords":["PASSAGEIROS","S\u00e3o Vicente","TRANSPORTE"],"articleSection":["S\u00e3o Vicente","Transportes"],"inLanguage":"pt-BR","potentialAction":[{"@type":"CommentAction","name":"Comment","target":["https:\/\/redenoticiaz.com.br\/litoralsp\/2022\/09\/02\/empresa-de-transporte-publico-completa-um-mes-em-sao-vicente#respond"]}]},{"@type":"WebPage","@id":"https:\/\/redenoticiaz.com.br\/litoralsp\/2022\/09\/02\/empresa-de-transporte-publico-completa-um-mes-em-sao-vicente","url":"https:\/\/redenoticiaz.com.br\/litoralsp\/2022\/09\/02\/empresa-de-transporte-publico-completa-um-mes-em-sao-vicente","name":"Empresa de transporte p\u00fablico completa um m\u00eas em S\u00e3o Vicente - Litoral SP","isPartOf":{"@id":"https:\/\/redenoticiaz.com.br\/litoralsp\/#website"},"primaryImageOfPage":{"@id":"https:\/\/redenoticiaz.com.br\/litoralsp\/2022\/09\/02\/empresa-de-transporte-publico-completa-um-mes-em-sao-vicente#primaryimage"},"image":{"@id":"https:\/\/redenoticiaz.com.br\/litoralsp\/2022\/09\/02\/empresa-de-transporte-publico-completa-um-mes-em-sao-vicente#primaryimage"},"thumbnailUrl":"https:\/\/redenoticiaz.com.br\/litoralsp\/wp-content\/uploads\/sites\/3\/2022\/09\/transporte-sv.jpg","datePublished":"2022-09-02T12:58:57+00:00","description":"Em 30 dias 409 mil passageiros atendidos, mais de 350 mil quil\u00f4metros rodados e mais de 16 mil cart\u00f5es-transporte.","inLanguage":"pt-BR","potentialAction":[{"@type":"ReadAction","target":["https:\/\/redenoticiaz.com.br\/litoralsp\/2022\/09\/02\/empresa-de-transporte-publico-completa-um-mes-em-sao-vicente"]}]},{"@type":"ImageObject","inLanguage":"pt-BR","@id":"https:\/\/redenoticiaz.com.br\/litoralsp\/2022\/09\/02\/empresa-de-transporte-publico-completa-um-mes-em-sao-vicente#primaryimage","url":"https:\/\/redenoticiaz.com.br\/litoralsp\/wp-content\/uploads\/sites\/3\/2022\/09\/transporte-sv.jpg","contentUrl":"https:\/\/redenoticiaz.com.br\/litoralsp\/wp-content\/uploads\/sites\/3\/2022\/09\/transporte-sv.jpg","width":915,"height":609,"caption":"Cr\u00e9dito: Reprodu\u00e7\u00e3o"},{"@type":"WebSite","@id":"https:\/\/redenoticiaz.com.br\/litoralsp\/#website","url":"https:\/\/redenoticiaz.com.br\/litoralsp\/","name":"Litoral SP","description":"Rede NoticiaZ","publisher":{"@id":"https:\/\/redenoticiaz.com.br\/litoralsp\/#organization"},"potentialAction":[{"@type":"SearchAction","target":{"@type":"EntryPoint","urlTemplate":"https:\/\/redenoticiaz.com.br\/litoralsp\/?s={search_term_string}"},"query-input":{"@type":"PropertyValueSpecification","valueRequired":true,"valueName":"search_term_string"}}],"inLanguage":"pt-BR"},{"@type":"Organization","@id":"https:\/\/redenoticiaz.com.br\/litoralsp\/#organization","name":"Litoral SP","url":"https:\/\/redenoticiaz.com.br\/litoralsp\/","logo":{"@type":"ImageObject","inLanguage":"pt-BR","@id":"https:\/\/redenoticiaz.com.br\/litoralsp\/#\/schema\/logo\/image\/","url":"https:\/\/redenoticiaz.com.br\/litoralsp\/wp-content\/uploads\/sites\/3\/2020\/11\/logo.jpg","contentUrl":"https:\/\/redenoticiaz.com.br\/litoralsp\/wp-content\/uploads\/sites\/3\/2020\/11\/logo.jpg","width":400,"height":250,"caption":"Litoral SP"},"image":{"@id":"https:\/\/redenoticiaz.com.br\/litoralsp\/#\/schema\/logo\/image\/"}},{"@type":"Person","@id":"https:\/\/redenoticiaz.com.br\/litoralsp\/#\/schema\/person\/1f84d6e94e6a62d2d81199d7503e9e90","name":"Carina Reifonas","image":{"@type":"ImageObject","inLanguage":"pt-BR","@id":"https:\/\/secure.gravatar.com\/avatar\/04c59859b23696cf867715880f81d5c037e60109730bdb4e6670ec2a2245bc97?s=96&d=mm&r=g","url":"https:\/\/secure.gravatar.com\/avatar\/04c59859b23696cf867715880f81d5c037e60109730bdb4e6670ec2a2245bc97?s=96&d=mm&r=g","contentUrl":"https:\/\/secure.gravatar.com\/avatar\/04c59859b23696cf867715880f81d5c037e60109730bdb4e6670ec2a2245bc97?s=96&d=mm&r=g","caption":"Carina Reifonas"},"url":"https:\/\/redenoticiaz.com.br\/litoralsp\/author\/carinareifonas"}]}},"_links":{"self":[{"href":"https:\/\/redenoticiaz.com.br\/litoralsp\/wp-json\/wp\/v2\/posts\/90883","targetHints":{"allow":["GET"]}}],"collection":[{"href":"https:\/\/redenoticiaz.com.br\/litoralsp\/wp-json\/wp\/v2\/posts"}],"about":[{"href":"https:\/\/redenoticiaz.com.br\/litoralsp\/wp-json\/wp\/v2\/types\/post"}],"author":[{"embeddable":true,"href":"https:\/\/redenoticiaz.com.br\/litoralsp\/wp-json\/wp\/v2\/users\/30"}],"replies":[{"embeddable":true,"href":"https:\/\/redenoticiaz.com.br\/litoralsp\/wp-json\/wp\/v2\/comments?post=90883"}],"version-history":[{"count":1,"href":"https:\/\/redenoticiaz.com.br\/litoralsp\/wp-json\/wp\/v2\/posts\/90883\/revisions"}],"predecessor-version":[{"id":90885,"href":"https:\/\/redenoticiaz.com.br\/litoralsp\/wp-json\/wp\/v2\/posts\/90883\/revisions\/90885"}],"wp:featuredmedia":[{"embeddable":true,"href":"https:\/\/redenoticiaz.com.br\/litoralsp\/wp-json\/wp\/v2\/media\/90884"}],"wp:attachment":[{"href":"https:\/\/redenoticiaz.com.br\/litoralsp\/wp-json\/wp\/v2\/media?parent=90883"}],"wp:term":[{"taxonomy":"category","embeddable":true,"href":"https:\/\/redenoticiaz.com.br\/litoralsp\/wp-json\/wp\/v2\/categories?post=90883"},{"taxonomy":"post_tag","embeddable":true,"href":"https:\/\/redenoticiaz.com.br\/litoralsp\/wp-json\/wp\/v2\/tags?post=90883"}],"curies":[{"name":"wp","href":"https:\/\/api.w.org\/{rel}","templated":true}]}}