{"id":90886,"date":"2022-09-02T10:27:19","date_gmt":"2022-09-02T13:27:19","guid":{"rendered":"https:\/\/redenoticiaz.com.br\/litoralsp\/?p=90886"},"modified":"2022-09-02T10:27:19","modified_gmt":"2022-09-02T13:27:19","slug":"santos-iniciou-a-programacao-em-comemoracao-ao-bicentenario-da-independencia","status":"publish","type":"post","link":"https:\/\/redenoticiaz.com.br\/litoralsp\/2022\/09\/02\/santos-iniciou-a-programacao-em-comemoracao-ao-bicentenario-da-independencia","title":{"rendered":"Santos iniciou a programa\u00e7\u00e3o em comemora\u00e7\u00e3o ao bicenten\u00e1rio da Independ\u00eancia"},"content":{"rendered":"<p>As celebra\u00e7\u00f5es da Semana da P\u00e1tria em Santos e do Bicenten\u00e1rio da Independ\u00eancia\u00a0 come\u00e7aram com ato c\u00edvico, o hasteamento das bandeiras nacional, do Mercosul e dos 27 estados federados.<\/p>\n<p>&nbsp;<\/p>\n<p>A celebra\u00e7\u00e3o na orla santista tamb\u00e9m foi marcada pela premia\u00e7\u00e3o aos tr\u00eas alunos vencedores do concurso liter\u00e1rio \u2018Independ\u00eancia do Brasil\u2019, realizado em parceria entre a Secretaria de Educa\u00e7\u00e3o (Seduc) e o Clube 21 Irm\u00e3os Amigos. Tiago Ven\u00e2ncio (1\u00ba lugar), Victoria de Paiva (2\u00ba) e Manuella Lima (3\u00ba) foram os estudantes premiados.<\/p>\n<div>\n<div class=\"col-md-offset-1 col-md-10\">\n<div class=\"field field-name-body field-type-text-with-summary field-label-hidden\">\n<div class=\"field-items\">\n<h4><\/h4>\n<h4 id=\"menu1\">FESTIVAL DO BICENTEN\u00c1RIO<\/h4>\n<p>O prefeito Rog\u00e9rio Santos destacou a import\u00e2ncia do sentimento de cidadania e a relev\u00e2ncia da Semana da P\u00e1tria no Pa\u00eds. Ressaltou, ainda, a ampla programa\u00e7\u00e3o que a Cidade ir\u00e1 realizar durante as comemora\u00e7\u00f5es do Bicenten\u00e1rio da Independ\u00eancia.<\/p>\n<p>&nbsp;<\/p>\n<p>Concentrados no Centro Hist\u00f3rico de Santos, os eventos do Bicenten\u00e1rio ser\u00e3o marcados pela inaugura\u00e7\u00e3o do Memorial Jos\u00e9 Bonif\u00e1cio (Pra\u00e7a Mau\u00e1), a revitaliza\u00e7\u00e3o da Pra\u00e7a Bar\u00e3o do Rio Branco, a reabertura do Pantheon dos Andradas e a inaugura\u00e7\u00e3o de uma est\u00e1tua instagram\u00e1vel do Patrono da Independ\u00eancia.<\/p>\n<p>&nbsp;<\/p>\n<p>J\u00e1 no Outeiro de Santa Catarina, entre 2 e 16 de setembro, fica aberta a exposi\u00e7\u00e3o Protagonistas no processo de Independ\u00eancia do Brasil, que apresenta momentos importantes da Independ\u00eancia, como a participa\u00e7\u00e3o de Jos\u00e9 Bonif\u00e1cio e a vinda de dom Pedro I a Santos.<\/p>\n<p>&nbsp;<\/p>\n<p>Al\u00e9m disso, no per\u00edodo de 7 a 11 de setembro, a Secretaria de Empreendedorismo, Economia Criativa e Turismo (Seectur) realiza a\u00a0Rota da Independ\u00eancia\u00a0e um passeio especial de bonde para que as pessoas possam aprender um pouco mais sobre a liga\u00e7\u00e3o do Centro Hist\u00f3rico com o momento marcante do Pa\u00eds.<\/p>\n<p>&nbsp;<\/p>\n<p>Ainda durante o m\u00eas de setembro, Santos promover\u00e1 eventos culturais alusivos \u00e0 Independ\u00eancia do Brasil nos teatros Guarany e Braz Cubas. Confira a<a href=\"https:\/\/www.santos.sp.gov.br\/\">\u00a0programa\u00e7\u00e3o completa<\/a>.<\/p>\n<\/div>\n<p>&nbsp;<\/p>\n<p><strong>VEJA TAMB\u00c9M:<\/strong>\u00a0<a href=\"https:\/\/redenoticiaz.com.br\/litoralsp\/2022\/08\/12\/guaruja-inicia-semana-da-patria-no-dia-1o-de-setembro\">Guaruj\u00e1 inicia Semana da P\u00e1tria no dia 1\u00ba de setembro<\/a><\/p>\n<\/div>\n<\/div>\n<\/div>\n","protected":false},"excerpt":{"rendered":"<p>As celebra\u00e7\u00f5es da Semana da P\u00e1tria em Santos e do Bicenten\u00e1rio da Independ\u00eancia\u00a0 come\u00e7aram com ato c\u00edvico, o hasteamento das bandeiras nacional, do Mercosul e dos 27 estados federados. &nbsp; A celebra\u00e7\u00e3o na orla santista tamb\u00e9m foi marcada pela premia\u00e7\u00e3o aos tr\u00eas alunos vencedores do concurso liter\u00e1rio \u2018Independ\u00eancia do Brasil\u2019, realizado em parceria entre a &hellip;<\/p>\n","protected":false},"author":30,"featured_media":90887,"comment_status":"open","ping_status":"closed","sticky":false,"template":"","format":"standard","meta":{"footnotes":""},"categories":[4,180],"tags":[59088,59089,986],"class_list":["post-90886","post","type-post","status-publish","format-standard","has-post-thumbnail","hentry","category-geral","category-santos","tag-bicentenario","tag-independencia","tag-santos"],"yoast_head":"<!-- This site is optimized with the Yoast SEO plugin v27.5 - https:\/\/yoast.com\/product\/yoast-seo-wordpress\/ -->\n<title>Santos iniciou a programa\u00e7\u00e3o em comemora\u00e7\u00e3o ao bicenten\u00e1rio da Independ\u00eancia - Litoral SP<\/title>\n<meta name=\"description\" content=\"Ainda durante o m\u00eas de setembro, Santos promover\u00e1 eventos culturais alusivos \u00e0 Independ\u00eancia do Brasil nos teatros Guarany e Braz Cubas.\" \/>\n<meta name=\"robots\" content=\"index, follow, max-snippet:-1, max-image-preview:large, max-video-preview:-1\" \/>\n<link rel=\"canonical\" href=\"https:\/\/redenoticiaz.com.br\/litoralsp\/2022\/09\/02\/santos-iniciou-a-programacao-em-comemoracao-ao-bicentenario-da-independencia\" \/>\n<meta property=\"og:locale\" content=\"pt_BR\" \/>\n<meta property=\"og:type\" content=\"article\" \/>\n<meta property=\"og:title\" content=\"Santos iniciou a programa\u00e7\u00e3o em comemora\u00e7\u00e3o ao bicenten\u00e1rio da Independ\u00eancia - Litoral SP\" \/>\n<meta property=\"og:description\" content=\"Ainda durante o m\u00eas de setembro, Santos promover\u00e1 eventos culturais alusivos \u00e0 Independ\u00eancia do Brasil nos teatros Guarany e Braz Cubas.\" \/>\n<meta property=\"og:url\" content=\"https:\/\/redenoticiaz.com.br\/litoralsp\/2022\/09\/02\/santos-iniciou-a-programacao-em-comemoracao-ao-bicentenario-da-independencia\" \/>\n<meta property=\"og:site_name\" content=\"Litoral SP\" \/>\n<meta property=\"article:published_time\" content=\"2022-09-02T13:27:19+00:00\" \/>\n<meta property=\"og:image\" content=\"https:\/\/redenoticiaz.com.br\/litoralsp\/wp-content\/uploads\/sites\/3\/2022\/09\/independencia.jpg\" \/>\n\t<meta property=\"og:image:width\" content=\"852\" \/>\n\t<meta property=\"og:image:height\" content=\"568\" \/>\n\t<meta property=\"og:image:type\" content=\"image\/jpeg\" \/>\n<meta name=\"author\" content=\"Carina Reifonas\" \/>\n<meta name=\"twitter:card\" content=\"summary_large_image\" \/>\n<meta name=\"twitter:label1\" content=\"Escrito por\" \/>\n\t<meta name=\"twitter:data1\" content=\"Carina Reifonas\" \/>\n\t<meta name=\"twitter:label2\" content=\"Est. tempo de leitura\" \/>\n\t<meta name=\"twitter:data2\" content=\"2 minutos\" \/>\n<script type=\"application\/ld+json\" class=\"yoast-schema-graph\">{\"@context\":\"https:\\\/\\\/schema.org\",\"@graph\":[{\"@type\":\"Article\",\"@id\":\"https:\\\/\\\/redenoticiaz.com.br\\\/litoralsp\\\/2022\\\/09\\\/02\\\/santos-iniciou-a-programacao-em-comemoracao-ao-bicentenario-da-independencia#article\",\"isPartOf\":{\"@id\":\"https:\\\/\\\/redenoticiaz.com.br\\\/litoralsp\\\/2022\\\/09\\\/02\\\/santos-iniciou-a-programacao-em-comemoracao-ao-bicentenario-da-independencia\"},\"author\":{\"name\":\"Carina Reifonas\",\"@id\":\"https:\\\/\\\/redenoticiaz.com.br\\\/litoralsp\\\/#\\\/schema\\\/person\\\/1f84d6e94e6a62d2d81199d7503e9e90\"},\"headline\":\"Santos iniciou a programa\u00e7\u00e3o em comemora\u00e7\u00e3o ao bicenten\u00e1rio da Independ\u00eancia\",\"datePublished\":\"2022-09-02T13:27:19+00:00\",\"mainEntityOfPage\":{\"@id\":\"https:\\\/\\\/redenoticiaz.com.br\\\/litoralsp\\\/2022\\\/09\\\/02\\\/santos-iniciou-a-programacao-em-comemoracao-ao-bicentenario-da-independencia\"},\"wordCount\":360,\"commentCount\":0,\"publisher\":{\"@id\":\"https:\\\/\\\/redenoticiaz.com.br\\\/litoralsp\\\/#organization\"},\"image\":{\"@id\":\"https:\\\/\\\/redenoticiaz.com.br\\\/litoralsp\\\/2022\\\/09\\\/02\\\/santos-iniciou-a-programacao-em-comemoracao-ao-bicentenario-da-independencia#primaryimage\"},\"thumbnailUrl\":\"https:\\\/\\\/redenoticiaz.com.br\\\/litoralsp\\\/wp-content\\\/uploads\\\/sites\\\/3\\\/2022\\\/09\\\/independencia.jpg\",\"keywords\":[\"BICENTEN\u00c1RIO\",\"INDEPEND\u00caNCIA\",\"Santos\"],\"articleSection\":[\"Geral\",\"Santos\"],\"inLanguage\":\"pt-BR\",\"potentialAction\":[{\"@type\":\"CommentAction\",\"name\":\"Comment\",\"target\":[\"https:\\\/\\\/redenoticiaz.com.br\\\/litoralsp\\\/2022\\\/09\\\/02\\\/santos-iniciou-a-programacao-em-comemoracao-ao-bicentenario-da-independencia#respond\"]}]},{\"@type\":\"WebPage\",\"@id\":\"https:\\\/\\\/redenoticiaz.com.br\\\/litoralsp\\\/2022\\\/09\\\/02\\\/santos-iniciou-a-programacao-em-comemoracao-ao-bicentenario-da-independencia\",\"url\":\"https:\\\/\\\/redenoticiaz.com.br\\\/litoralsp\\\/2022\\\/09\\\/02\\\/santos-iniciou-a-programacao-em-comemoracao-ao-bicentenario-da-independencia\",\"name\":\"Santos iniciou a programa\u00e7\u00e3o em comemora\u00e7\u00e3o ao bicenten\u00e1rio da Independ\u00eancia - Litoral SP\",\"isPartOf\":{\"@id\":\"https:\\\/\\\/redenoticiaz.com.br\\\/litoralsp\\\/#website\"},\"primaryImageOfPage\":{\"@id\":\"https:\\\/\\\/redenoticiaz.com.br\\\/litoralsp\\\/2022\\\/09\\\/02\\\/santos-iniciou-a-programacao-em-comemoracao-ao-bicentenario-da-independencia#primaryimage\"},\"image\":{\"@id\":\"https:\\\/\\\/redenoticiaz.com.br\\\/litoralsp\\\/2022\\\/09\\\/02\\\/santos-iniciou-a-programacao-em-comemoracao-ao-bicentenario-da-independencia#primaryimage\"},\"thumbnailUrl\":\"https:\\\/\\\/redenoticiaz.com.br\\\/litoralsp\\\/wp-content\\\/uploads\\\/sites\\\/3\\\/2022\\\/09\\\/independencia.jpg\",\"datePublished\":\"2022-09-02T13:27:19+00:00\",\"description\":\"Ainda durante o m\u00eas de setembro, Santos promover\u00e1 eventos culturais alusivos \u00e0 Independ\u00eancia do Brasil nos teatros Guarany e Braz Cubas.\",\"inLanguage\":\"pt-BR\",\"potentialAction\":[{\"@type\":\"ReadAction\",\"target\":[\"https:\\\/\\\/redenoticiaz.com.br\\\/litoralsp\\\/2022\\\/09\\\/02\\\/santos-iniciou-a-programacao-em-comemoracao-ao-bicentenario-da-independencia\"]}]},{\"@type\":\"ImageObject\",\"inLanguage\":\"pt-BR\",\"@id\":\"https:\\\/\\\/redenoticiaz.com.br\\\/litoralsp\\\/2022\\\/09\\\/02\\\/santos-iniciou-a-programacao-em-comemoracao-ao-bicentenario-da-independencia#primaryimage\",\"url\":\"https:\\\/\\\/redenoticiaz.com.br\\\/litoralsp\\\/wp-content\\\/uploads\\\/sites\\\/3\\\/2022\\\/09\\\/independencia.jpg\",\"contentUrl\":\"https:\\\/\\\/redenoticiaz.com.br\\\/litoralsp\\\/wp-content\\\/uploads\\\/sites\\\/3\\\/2022\\\/09\\\/independencia.jpg\",\"width\":852,\"height\":568,\"caption\":\"Cr\u00e9dito: Reprodu\u00e7\u00e3o\"},{\"@type\":\"WebSite\",\"@id\":\"https:\\\/\\\/redenoticiaz.com.br\\\/litoralsp\\\/#website\",\"url\":\"https:\\\/\\\/redenoticiaz.com.br\\\/litoralsp\\\/\",\"name\":\"Litoral SP\",\"description\":\"Rede NoticiaZ\",\"publisher\":{\"@id\":\"https:\\\/\\\/redenoticiaz.com.br\\\/litoralsp\\\/#organization\"},\"potentialAction\":[{\"@type\":\"SearchAction\",\"target\":{\"@type\":\"EntryPoint\",\"urlTemplate\":\"https:\\\/\\\/redenoticiaz.com.br\\\/litoralsp\\\/?s={search_term_string}\"},\"query-input\":{\"@type\":\"PropertyValueSpecification\",\"valueRequired\":true,\"valueName\":\"search_term_string\"}}],\"inLanguage\":\"pt-BR\"},{\"@type\":\"Organization\",\"@id\":\"https:\\\/\\\/redenoticiaz.com.br\\\/litoralsp\\\/#organization\",\"name\":\"Litoral SP\",\"url\":\"https:\\\/\\\/redenoticiaz.com.br\\\/litoralsp\\\/\",\"logo\":{\"@type\":\"ImageObject\",\"inLanguage\":\"pt-BR\",\"@id\":\"https:\\\/\\\/redenoticiaz.com.br\\\/litoralsp\\\/#\\\/schema\\\/logo\\\/image\\\/\",\"url\":\"https:\\\/\\\/redenoticiaz.com.br\\\/litoralsp\\\/wp-content\\\/uploads\\\/sites\\\/3\\\/2020\\\/11\\\/logo.jpg\",\"contentUrl\":\"https:\\\/\\\/redenoticiaz.com.br\\\/litoralsp\\\/wp-content\\\/uploads\\\/sites\\\/3\\\/2020\\\/11\\\/logo.jpg\",\"width\":400,\"height\":250,\"caption\":\"Litoral SP\"},\"image\":{\"@id\":\"https:\\\/\\\/redenoticiaz.com.br\\\/litoralsp\\\/#\\\/schema\\\/logo\\\/image\\\/\"}},{\"@type\":\"Person\",\"@id\":\"https:\\\/\\\/redenoticiaz.com.br\\\/litoralsp\\\/#\\\/schema\\\/person\\\/1f84d6e94e6a62d2d81199d7503e9e90\",\"name\":\"Carina Reifonas\",\"image\":{\"@type\":\"ImageObject\",\"inLanguage\":\"pt-BR\",\"@id\":\"https:\\\/\\\/secure.gravatar.com\\\/avatar\\\/04c59859b23696cf867715880f81d5c037e60109730bdb4e6670ec2a2245bc97?s=96&d=mm&r=g\",\"url\":\"https:\\\/\\\/secure.gravatar.com\\\/avatar\\\/04c59859b23696cf867715880f81d5c037e60109730bdb4e6670ec2a2245bc97?s=96&d=mm&r=g\",\"contentUrl\":\"https:\\\/\\\/secure.gravatar.com\\\/avatar\\\/04c59859b23696cf867715880f81d5c037e60109730bdb4e6670ec2a2245bc97?s=96&d=mm&r=g\",\"caption\":\"Carina Reifonas\"},\"url\":\"https:\\\/\\\/redenoticiaz.com.br\\\/litoralsp\\\/author\\\/carinareifonas\"}]}<\/script>\n<!-- \/ Yoast SEO plugin. -->","yoast_head_json":{"title":"Santos iniciou a programa\u00e7\u00e3o em comemora\u00e7\u00e3o ao bicenten\u00e1rio da Independ\u00eancia - Litoral SP","description":"Ainda durante o m\u00eas de setembro, Santos promover\u00e1 eventos culturais alusivos \u00e0 Independ\u00eancia do Brasil nos teatros Guarany e Braz Cubas.","robots":{"index":"index","follow":"follow","max-snippet":"max-snippet:-1","max-image-preview":"max-image-preview:large","max-video-preview":"max-video-preview:-1"},"canonical":"https:\/\/redenoticiaz.com.br\/litoralsp\/2022\/09\/02\/santos-iniciou-a-programacao-em-comemoracao-ao-bicentenario-da-independencia","og_locale":"pt_BR","og_type":"article","og_title":"Santos iniciou a programa\u00e7\u00e3o em comemora\u00e7\u00e3o ao bicenten\u00e1rio da Independ\u00eancia - Litoral SP","og_description":"Ainda durante o m\u00eas de setembro, Santos promover\u00e1 eventos culturais alusivos \u00e0 Independ\u00eancia do Brasil nos teatros Guarany e Braz Cubas.","og_url":"https:\/\/redenoticiaz.com.br\/litoralsp\/2022\/09\/02\/santos-iniciou-a-programacao-em-comemoracao-ao-bicentenario-da-independencia","og_site_name":"Litoral SP","article_published_time":"2022-09-02T13:27:19+00:00","og_image":[{"width":852,"height":568,"url":"https:\/\/redenoticiaz.com.br\/litoralsp\/wp-content\/uploads\/sites\/3\/2022\/09\/independencia.jpg","type":"image\/jpeg"}],"author":"Carina Reifonas","twitter_card":"summary_large_image","twitter_misc":{"Escrito por":"Carina Reifonas","Est. tempo de leitura":"2 minutos"},"schema":{"@context":"https:\/\/schema.org","@graph":[{"@type":"Article","@id":"https:\/\/redenoticiaz.com.br\/litoralsp\/2022\/09\/02\/santos-iniciou-a-programacao-em-comemoracao-ao-bicentenario-da-independencia#article","isPartOf":{"@id":"https:\/\/redenoticiaz.com.br\/litoralsp\/2022\/09\/02\/santos-iniciou-a-programacao-em-comemoracao-ao-bicentenario-da-independencia"},"author":{"name":"Carina Reifonas","@id":"https:\/\/redenoticiaz.com.br\/litoralsp\/#\/schema\/person\/1f84d6e94e6a62d2d81199d7503e9e90"},"headline":"Santos iniciou a programa\u00e7\u00e3o em comemora\u00e7\u00e3o ao bicenten\u00e1rio da Independ\u00eancia","datePublished":"2022-09-02T13:27:19+00:00","mainEntityOfPage":{"@id":"https:\/\/redenoticiaz.com.br\/litoralsp\/2022\/09\/02\/santos-iniciou-a-programacao-em-comemoracao-ao-bicentenario-da-independencia"},"wordCount":360,"commentCount":0,"publisher":{"@id":"https:\/\/redenoticiaz.com.br\/litoralsp\/#organization"},"image":{"@id":"https:\/\/redenoticiaz.com.br\/litoralsp\/2022\/09\/02\/santos-iniciou-a-programacao-em-comemoracao-ao-bicentenario-da-independencia#primaryimage"},"thumbnailUrl":"https:\/\/redenoticiaz.com.br\/litoralsp\/wp-content\/uploads\/sites\/3\/2022\/09\/independencia.jpg","keywords":["BICENTEN\u00c1RIO","INDEPEND\u00caNCIA","Santos"],"articleSection":["Geral","Santos"],"inLanguage":"pt-BR","potentialAction":[{"@type":"CommentAction","name":"Comment","target":["https:\/\/redenoticiaz.com.br\/litoralsp\/2022\/09\/02\/santos-iniciou-a-programacao-em-comemoracao-ao-bicentenario-da-independencia#respond"]}]},{"@type":"WebPage","@id":"https:\/\/redenoticiaz.com.br\/litoralsp\/2022\/09\/02\/santos-iniciou-a-programacao-em-comemoracao-ao-bicentenario-da-independencia","url":"https:\/\/redenoticiaz.com.br\/litoralsp\/2022\/09\/02\/santos-iniciou-a-programacao-em-comemoracao-ao-bicentenario-da-independencia","name":"Santos iniciou a programa\u00e7\u00e3o em comemora\u00e7\u00e3o ao bicenten\u00e1rio da Independ\u00eancia - Litoral SP","isPartOf":{"@id":"https:\/\/redenoticiaz.com.br\/litoralsp\/#website"},"primaryImageOfPage":{"@id":"https:\/\/redenoticiaz.com.br\/litoralsp\/2022\/09\/02\/santos-iniciou-a-programacao-em-comemoracao-ao-bicentenario-da-independencia#primaryimage"},"image":{"@id":"https:\/\/redenoticiaz.com.br\/litoralsp\/2022\/09\/02\/santos-iniciou-a-programacao-em-comemoracao-ao-bicentenario-da-independencia#primaryimage"},"thumbnailUrl":"https:\/\/redenoticiaz.com.br\/litoralsp\/wp-content\/uploads\/sites\/3\/2022\/09\/independencia.jpg","datePublished":"2022-09-02T13:27:19+00:00","description":"Ainda durante o m\u00eas de setembro, Santos promover\u00e1 eventos culturais alusivos \u00e0 Independ\u00eancia do Brasil nos teatros Guarany e Braz Cubas.","inLanguage":"pt-BR","potentialAction":[{"@type":"ReadAction","target":["https:\/\/redenoticiaz.com.br\/litoralsp\/2022\/09\/02\/santos-iniciou-a-programacao-em-comemoracao-ao-bicentenario-da-independencia"]}]},{"@type":"ImageObject","inLanguage":"pt-BR","@id":"https:\/\/redenoticiaz.com.br\/litoralsp\/2022\/09\/02\/santos-iniciou-a-programacao-em-comemoracao-ao-bicentenario-da-independencia#primaryimage","url":"https:\/\/redenoticiaz.com.br\/litoralsp\/wp-content\/uploads\/sites\/3\/2022\/09\/independencia.jpg","contentUrl":"https:\/\/redenoticiaz.com.br\/litoralsp\/wp-content\/uploads\/sites\/3\/2022\/09\/independencia.jpg","width":852,"height":568,"caption":"Cr\u00e9dito: Reprodu\u00e7\u00e3o"},{"@type":"WebSite","@id":"https:\/\/redenoticiaz.com.br\/litoralsp\/#website","url":"https:\/\/redenoticiaz.com.br\/litoralsp\/","name":"Litoral SP","description":"Rede NoticiaZ","publisher":{"@id":"https:\/\/redenoticiaz.com.br\/litoralsp\/#organization"},"potentialAction":[{"@type":"SearchAction","target":{"@type":"EntryPoint","urlTemplate":"https:\/\/redenoticiaz.com.br\/litoralsp\/?s={search_term_string}"},"query-input":{"@type":"PropertyValueSpecification","valueRequired":true,"valueName":"search_term_string"}}],"inLanguage":"pt-BR"},{"@type":"Organization","@id":"https:\/\/redenoticiaz.com.br\/litoralsp\/#organization","name":"Litoral SP","url":"https:\/\/redenoticiaz.com.br\/litoralsp\/","logo":{"@type":"ImageObject","inLanguage":"pt-BR","@id":"https:\/\/redenoticiaz.com.br\/litoralsp\/#\/schema\/logo\/image\/","url":"https:\/\/redenoticiaz.com.br\/litoralsp\/wp-content\/uploads\/sites\/3\/2020\/11\/logo.jpg","contentUrl":"https:\/\/redenoticiaz.com.br\/litoralsp\/wp-content\/uploads\/sites\/3\/2020\/11\/logo.jpg","width":400,"height":250,"caption":"Litoral SP"},"image":{"@id":"https:\/\/redenoticiaz.com.br\/litoralsp\/#\/schema\/logo\/image\/"}},{"@type":"Person","@id":"https:\/\/redenoticiaz.com.br\/litoralsp\/#\/schema\/person\/1f84d6e94e6a62d2d81199d7503e9e90","name":"Carina Reifonas","image":{"@type":"ImageObject","inLanguage":"pt-BR","@id":"https:\/\/secure.gravatar.com\/avatar\/04c59859b23696cf867715880f81d5c037e60109730bdb4e6670ec2a2245bc97?s=96&d=mm&r=g","url":"https:\/\/secure.gravatar.com\/avatar\/04c59859b23696cf867715880f81d5c037e60109730bdb4e6670ec2a2245bc97?s=96&d=mm&r=g","contentUrl":"https:\/\/secure.gravatar.com\/avatar\/04c59859b23696cf867715880f81d5c037e60109730bdb4e6670ec2a2245bc97?s=96&d=mm&r=g","caption":"Carina Reifonas"},"url":"https:\/\/redenoticiaz.com.br\/litoralsp\/author\/carinareifonas"}]}},"_links":{"self":[{"href":"https:\/\/redenoticiaz.com.br\/litoralsp\/wp-json\/wp\/v2\/posts\/90886","targetHints":{"allow":["GET"]}}],"collection":[{"href":"https:\/\/redenoticiaz.com.br\/litoralsp\/wp-json\/wp\/v2\/posts"}],"about":[{"href":"https:\/\/redenoticiaz.com.br\/litoralsp\/wp-json\/wp\/v2\/types\/post"}],"author":[{"embeddable":true,"href":"https:\/\/redenoticiaz.com.br\/litoralsp\/wp-json\/wp\/v2\/users\/30"}],"replies":[{"embeddable":true,"href":"https:\/\/redenoticiaz.com.br\/litoralsp\/wp-json\/wp\/v2\/comments?post=90886"}],"version-history":[{"count":1,"href":"https:\/\/redenoticiaz.com.br\/litoralsp\/wp-json\/wp\/v2\/posts\/90886\/revisions"}],"predecessor-version":[{"id":90888,"href":"https:\/\/redenoticiaz.com.br\/litoralsp\/wp-json\/wp\/v2\/posts\/90886\/revisions\/90888"}],"wp:featuredmedia":[{"embeddable":true,"href":"https:\/\/redenoticiaz.com.br\/litoralsp\/wp-json\/wp\/v2\/media\/90887"}],"wp:attachment":[{"href":"https:\/\/redenoticiaz.com.br\/litoralsp\/wp-json\/wp\/v2\/media?parent=90886"}],"wp:term":[{"taxonomy":"category","embeddable":true,"href":"https:\/\/redenoticiaz.com.br\/litoralsp\/wp-json\/wp\/v2\/categories?post=90886"},{"taxonomy":"post_tag","embeddable":true,"href":"https:\/\/redenoticiaz.com.br\/litoralsp\/wp-json\/wp\/v2\/tags?post=90886"}],"curies":[{"name":"wp","href":"https:\/\/api.w.org\/{rel}","templated":true}]}}