{"id":91109,"date":"2022-09-08T10:06:20","date_gmt":"2022-09-08T13:06:20","guid":{"rendered":"https:\/\/redenoticiaz.com.br\/litoralsp\/?p=91109"},"modified":"2022-09-08T10:06:20","modified_gmt":"2022-09-08T13:06:20","slug":"grupo-zabele-promove-oficinas-ate-10-de-setembro","status":"publish","type":"post","link":"https:\/\/redenoticiaz.com.br\/litoralsp\/2022\/09\/08\/grupo-zabele-promove-oficinas-ate-10-de-setembro","title":{"rendered":"Grupo Zabel\u00ea promove oficinas at\u00e9 10 de setembro"},"content":{"rendered":"<p>Em comemora\u00e7\u00e3o ao Bicenten\u00e1rio da Independ\u00eancia do Brasil, <a href=\"https:\/\/www.cubatao.sp.gov.br\/\">Cubat\u00e3o<\/a> preparou diversas atividades culturais, esportivas, c\u00edvicas, de turismo e de presta\u00e7\u00e3o de servi\u00e7o para os mun\u00edcipes. A programa\u00e7\u00e3o oficial segue at\u00e9 dia 10 e tem diversas oficinas da Casa de Cultura Zabel\u00ea.<\/p>\n<p>&nbsp;<\/p>\n<p>Entre as a\u00e7\u00f5es est\u00e3o oficina de maracatu, viv\u00eancia intercultural com o Coral M\u2019Borai Mirim e Comunidade Jongo Zabel\u00ea, oficina de coco e oficina de Brincadeira. Na ocasi\u00e3o, ser\u00e3o celebrados os 13 anos da Associa\u00e7\u00e3o Zabel\u00ea, com encontro de maracatu e roda de Jongo no \u00faltimo dia das atividades.<\/p>\n<p>&nbsp;<\/p>\n<p>\u201cA principal meta \u00e9 a valida\u00e7\u00e3o da diversidade do patrim\u00f4nio imaterial e a uni\u00e3o de grupos criativos dispersos, na finalidade de promover a troca de saberes, a economia criativa, a preserva\u00e7\u00e3o e a boa utiliza\u00e7\u00e3o de espa\u00e7os p\u00fablicos, colocando mestres e grupos da cultura tradicional em contato com o p\u00fablico e com fazedores culturais e artistas populares\u201d, afirma a produtora cultural Juliana Clabunde.<\/p>\n<p>&nbsp;<\/p>\n<p><strong>8 de SETEMBRO\u00a0<\/strong><\/p>\n<p>18h \u2013 Viv\u00eancia Intercultural com o Coral M\u2019Borai Mirim e Comunidade Jongo Zabel\u00ea &#8211;\u00a0Casa de Cultura Zabel\u00ea (Rua Maria do Carmo, 1010 \u2013 Jardim Casqueiro)<\/p>\n<p>&nbsp;<\/p>\n<p><strong>9 de SETEMBRO\u00a0<\/strong><\/p>\n<p>9h \u2013 Walking Tour &#8211;\u00a0Roteiro hist\u00f3rico percorrendo pontos tur\u00edsticos de Cubat\u00e3o (Sa\u00edda do Centro Multim\u00eddia do Parque Anilinas)<\/p>\n<p>15h \u2013 Oficina de Coco com Mestre Gilmar do Coco &#8211;\u00a0Casa de Cultura Zabel\u00ea (Rua Maria do Carmo, 1010 \u2013 Jardim Casqueiro)<\/p>\n<p>16h \u2013 Encena\u00e7\u00e3o Crep\u00fasculo Cubatense (Parque Anilinas \u2013 Av. Nove de Abril, s\/n\u00ba \u2013 Centro)<\/p>\n<p>&nbsp;<\/p>\n<p><strong>10 de SETEMBRO\u00a0<\/strong><\/p>\n<p>14h \u00e0s 22h \u2013 Feira de Moda, Artesanato e Gastronomia (Pra\u00e7a da Independ\u00eancia \u2013 Jardim Casqueiro)<\/p>\n<p>15h \u2013 Oficina de Brincadeira, Espet\u00e1culo Teatral, Coral, Encontro de Maracatu, Roda de Jongo e Celebra\u00e7\u00e3o dos 13 anos da Associa\u00e7\u00e3o Zabel\u00ea &#8211; Casa de Cultura Zabel\u00ea (Rua Maria do Carmo, 1010 \u2013 Jardim Casqueiro)<\/p>\n<p>16h \u2013 Encena\u00e7\u00e3o Crep\u00fasculo Cubatense (Parque Anilinas \u2013 Av. Nove de Abril, s\/n\u00ba \u2013 Centro)<\/p>\n<p>&nbsp;<\/p>\n<p><strong>VEJA TAMB\u00c9M:\u00a0<a href=\"https:\/\/redenoticiaz.com.br\/litoralsp\/2022\/09\/05\/guaruja-oferece-mais-de-200-vagas-para-cursos-de-qualificacao-profissional\">Guaruj\u00e1 oferece mais de 200 vagas para cursos de qualifica\u00e7\u00e3o profissional<\/a><\/strong><\/p>\n","protected":false},"excerpt":{"rendered":"<p>Em comemora\u00e7\u00e3o ao Bicenten\u00e1rio da Independ\u00eancia do Brasil, Cubat\u00e3o preparou diversas atividades culturais, esportivas, c\u00edvicas, de turismo e de presta\u00e7\u00e3o de servi\u00e7o para os mun\u00edcipes. A programa\u00e7\u00e3o oficial segue at\u00e9 dia 10 e tem diversas oficinas da Casa de Cultura Zabel\u00ea. &nbsp; Entre as a\u00e7\u00f5es est\u00e3o oficina de maracatu, viv\u00eancia intercultural com o Coral M\u2019Borai &hellip;<\/p>\n","protected":false},"author":30,"featured_media":91110,"comment_status":"open","ping_status":"closed","sticky":false,"template":"","format":"standard","meta":{"footnotes":""},"categories":[186,169],"tags":[59140,1024,36737],"class_list":["post-91109","post","type-post","status-publish","format-standard","has-post-thumbnail","hentry","category-cubatao","category-cultura","tag-bicentenario-independencia","tag-cubatao","tag-oficinas"],"yoast_head":"<!-- This site is optimized with the Yoast SEO plugin v27.5 - https:\/\/yoast.com\/product\/yoast-seo-wordpress\/ -->\n<title>Grupo Zabel\u00ea promove oficinas at\u00e9 10 de setembro - Litoral SP<\/title>\n<meta name=\"description\" content=\"Programa\u00e7\u00e3o faz parte das comemora\u00e7\u00f5es oficiais pelo bicenten\u00e1rio da Independ\u00eancia no Brasil e vai at\u00e9 de setembro.\" \/>\n<meta name=\"robots\" content=\"index, follow, max-snippet:-1, max-image-preview:large, max-video-preview:-1\" \/>\n<link rel=\"canonical\" href=\"https:\/\/redenoticiaz.com.br\/litoralsp\/2022\/09\/08\/grupo-zabele-promove-oficinas-ate-10-de-setembro\" \/>\n<meta property=\"og:locale\" content=\"pt_BR\" \/>\n<meta property=\"og:type\" content=\"article\" \/>\n<meta property=\"og:title\" content=\"Grupo Zabel\u00ea promove oficinas at\u00e9 10 de setembro - Litoral SP\" \/>\n<meta property=\"og:description\" content=\"Programa\u00e7\u00e3o faz parte das comemora\u00e7\u00f5es oficiais pelo bicenten\u00e1rio da Independ\u00eancia no Brasil e vai at\u00e9 de setembro.\" \/>\n<meta property=\"og:url\" content=\"https:\/\/redenoticiaz.com.br\/litoralsp\/2022\/09\/08\/grupo-zabele-promove-oficinas-ate-10-de-setembro\" \/>\n<meta property=\"og:site_name\" content=\"Litoral SP\" \/>\n<meta property=\"article:published_time\" content=\"2022-09-08T13:06:20+00:00\" \/>\n<meta property=\"og:image\" content=\"https:\/\/redenoticiaz.com.br\/litoralsp\/wp-content\/uploads\/sites\/3\/2022\/09\/CUBATAO-1.png\" \/>\n\t<meta property=\"og:image:width\" content=\"1045\" \/>\n\t<meta property=\"og:image:height\" content=\"693\" \/>\n\t<meta property=\"og:image:type\" content=\"image\/png\" \/>\n<meta name=\"author\" content=\"Carina Reifonas\" \/>\n<meta name=\"twitter:card\" content=\"summary_large_image\" \/>\n<meta name=\"twitter:label1\" content=\"Escrito por\" \/>\n\t<meta name=\"twitter:data1\" content=\"Carina Reifonas\" \/>\n\t<meta name=\"twitter:label2\" content=\"Est. tempo de leitura\" \/>\n\t<meta name=\"twitter:data2\" content=\"2 minutos\" \/>\n<script type=\"application\/ld+json\" class=\"yoast-schema-graph\">{\"@context\":\"https:\\\/\\\/schema.org\",\"@graph\":[{\"@type\":\"Article\",\"@id\":\"https:\\\/\\\/redenoticiaz.com.br\\\/litoralsp\\\/2022\\\/09\\\/08\\\/grupo-zabele-promove-oficinas-ate-10-de-setembro#article\",\"isPartOf\":{\"@id\":\"https:\\\/\\\/redenoticiaz.com.br\\\/litoralsp\\\/2022\\\/09\\\/08\\\/grupo-zabele-promove-oficinas-ate-10-de-setembro\"},\"author\":{\"name\":\"Carina Reifonas\",\"@id\":\"https:\\\/\\\/redenoticiaz.com.br\\\/litoralsp\\\/#\\\/schema\\\/person\\\/1f84d6e94e6a62d2d81199d7503e9e90\"},\"headline\":\"Grupo Zabel\u00ea promove oficinas at\u00e9 10 de setembro\",\"datePublished\":\"2022-09-08T13:06:20+00:00\",\"mainEntityOfPage\":{\"@id\":\"https:\\\/\\\/redenoticiaz.com.br\\\/litoralsp\\\/2022\\\/09\\\/08\\\/grupo-zabele-promove-oficinas-ate-10-de-setembro\"},\"wordCount\":354,\"commentCount\":0,\"publisher\":{\"@id\":\"https:\\\/\\\/redenoticiaz.com.br\\\/litoralsp\\\/#organization\"},\"image\":{\"@id\":\"https:\\\/\\\/redenoticiaz.com.br\\\/litoralsp\\\/2022\\\/09\\\/08\\\/grupo-zabele-promove-oficinas-ate-10-de-setembro#primaryimage\"},\"thumbnailUrl\":\"https:\\\/\\\/redenoticiaz.com.br\\\/litoralsp\\\/wp-content\\\/uploads\\\/sites\\\/3\\\/2022\\\/09\\\/CUBATAO-1.png\",\"keywords\":[\"BICENTEN\u00c1RIO INDEPEND\u00caNCIA\",\"CUBAT\u00c3O\",\"OFICINAS\"],\"articleSection\":[\"Cubat\u00e3o\",\"Cultura\"],\"inLanguage\":\"pt-BR\",\"potentialAction\":[{\"@type\":\"CommentAction\",\"name\":\"Comment\",\"target\":[\"https:\\\/\\\/redenoticiaz.com.br\\\/litoralsp\\\/2022\\\/09\\\/08\\\/grupo-zabele-promove-oficinas-ate-10-de-setembro#respond\"]}]},{\"@type\":\"WebPage\",\"@id\":\"https:\\\/\\\/redenoticiaz.com.br\\\/litoralsp\\\/2022\\\/09\\\/08\\\/grupo-zabele-promove-oficinas-ate-10-de-setembro\",\"url\":\"https:\\\/\\\/redenoticiaz.com.br\\\/litoralsp\\\/2022\\\/09\\\/08\\\/grupo-zabele-promove-oficinas-ate-10-de-setembro\",\"name\":\"Grupo Zabel\u00ea promove oficinas at\u00e9 10 de setembro - Litoral SP\",\"isPartOf\":{\"@id\":\"https:\\\/\\\/redenoticiaz.com.br\\\/litoralsp\\\/#website\"},\"primaryImageOfPage\":{\"@id\":\"https:\\\/\\\/redenoticiaz.com.br\\\/litoralsp\\\/2022\\\/09\\\/08\\\/grupo-zabele-promove-oficinas-ate-10-de-setembro#primaryimage\"},\"image\":{\"@id\":\"https:\\\/\\\/redenoticiaz.com.br\\\/litoralsp\\\/2022\\\/09\\\/08\\\/grupo-zabele-promove-oficinas-ate-10-de-setembro#primaryimage\"},\"thumbnailUrl\":\"https:\\\/\\\/redenoticiaz.com.br\\\/litoralsp\\\/wp-content\\\/uploads\\\/sites\\\/3\\\/2022\\\/09\\\/CUBATAO-1.png\",\"datePublished\":\"2022-09-08T13:06:20+00:00\",\"description\":\"Programa\u00e7\u00e3o faz parte das comemora\u00e7\u00f5es oficiais pelo bicenten\u00e1rio da Independ\u00eancia no Brasil e vai at\u00e9 de setembro.\",\"inLanguage\":\"pt-BR\",\"potentialAction\":[{\"@type\":\"ReadAction\",\"target\":[\"https:\\\/\\\/redenoticiaz.com.br\\\/litoralsp\\\/2022\\\/09\\\/08\\\/grupo-zabele-promove-oficinas-ate-10-de-setembro\"]}]},{\"@type\":\"ImageObject\",\"inLanguage\":\"pt-BR\",\"@id\":\"https:\\\/\\\/redenoticiaz.com.br\\\/litoralsp\\\/2022\\\/09\\\/08\\\/grupo-zabele-promove-oficinas-ate-10-de-setembro#primaryimage\",\"url\":\"https:\\\/\\\/redenoticiaz.com.br\\\/litoralsp\\\/wp-content\\\/uploads\\\/sites\\\/3\\\/2022\\\/09\\\/CUBATAO-1.png\",\"contentUrl\":\"https:\\\/\\\/redenoticiaz.com.br\\\/litoralsp\\\/wp-content\\\/uploads\\\/sites\\\/3\\\/2022\\\/09\\\/CUBATAO-1.png\",\"width\":1045,\"height\":693,\"caption\":\"Cr\u00e9dito: Reprodu\u00e7\u00e3o\"},{\"@type\":\"WebSite\",\"@id\":\"https:\\\/\\\/redenoticiaz.com.br\\\/litoralsp\\\/#website\",\"url\":\"https:\\\/\\\/redenoticiaz.com.br\\\/litoralsp\\\/\",\"name\":\"Litoral SP\",\"description\":\"Rede NoticiaZ\",\"publisher\":{\"@id\":\"https:\\\/\\\/redenoticiaz.com.br\\\/litoralsp\\\/#organization\"},\"potentialAction\":[{\"@type\":\"SearchAction\",\"target\":{\"@type\":\"EntryPoint\",\"urlTemplate\":\"https:\\\/\\\/redenoticiaz.com.br\\\/litoralsp\\\/?s={search_term_string}\"},\"query-input\":{\"@type\":\"PropertyValueSpecification\",\"valueRequired\":true,\"valueName\":\"search_term_string\"}}],\"inLanguage\":\"pt-BR\"},{\"@type\":\"Organization\",\"@id\":\"https:\\\/\\\/redenoticiaz.com.br\\\/litoralsp\\\/#organization\",\"name\":\"Litoral SP\",\"url\":\"https:\\\/\\\/redenoticiaz.com.br\\\/litoralsp\\\/\",\"logo\":{\"@type\":\"ImageObject\",\"inLanguage\":\"pt-BR\",\"@id\":\"https:\\\/\\\/redenoticiaz.com.br\\\/litoralsp\\\/#\\\/schema\\\/logo\\\/image\\\/\",\"url\":\"https:\\\/\\\/redenoticiaz.com.br\\\/litoralsp\\\/wp-content\\\/uploads\\\/sites\\\/3\\\/2020\\\/11\\\/logo.jpg\",\"contentUrl\":\"https:\\\/\\\/redenoticiaz.com.br\\\/litoralsp\\\/wp-content\\\/uploads\\\/sites\\\/3\\\/2020\\\/11\\\/logo.jpg\",\"width\":400,\"height\":250,\"caption\":\"Litoral SP\"},\"image\":{\"@id\":\"https:\\\/\\\/redenoticiaz.com.br\\\/litoralsp\\\/#\\\/schema\\\/logo\\\/image\\\/\"}},{\"@type\":\"Person\",\"@id\":\"https:\\\/\\\/redenoticiaz.com.br\\\/litoralsp\\\/#\\\/schema\\\/person\\\/1f84d6e94e6a62d2d81199d7503e9e90\",\"name\":\"Carina Reifonas\",\"image\":{\"@type\":\"ImageObject\",\"inLanguage\":\"pt-BR\",\"@id\":\"https:\\\/\\\/secure.gravatar.com\\\/avatar\\\/04c59859b23696cf867715880f81d5c037e60109730bdb4e6670ec2a2245bc97?s=96&d=mm&r=g\",\"url\":\"https:\\\/\\\/secure.gravatar.com\\\/avatar\\\/04c59859b23696cf867715880f81d5c037e60109730bdb4e6670ec2a2245bc97?s=96&d=mm&r=g\",\"contentUrl\":\"https:\\\/\\\/secure.gravatar.com\\\/avatar\\\/04c59859b23696cf867715880f81d5c037e60109730bdb4e6670ec2a2245bc97?s=96&d=mm&r=g\",\"caption\":\"Carina Reifonas\"},\"url\":\"https:\\\/\\\/redenoticiaz.com.br\\\/litoralsp\\\/author\\\/carinareifonas\"}]}<\/script>\n<!-- \/ Yoast SEO plugin. -->","yoast_head_json":{"title":"Grupo Zabel\u00ea promove oficinas at\u00e9 10 de setembro - Litoral SP","description":"Programa\u00e7\u00e3o faz parte das comemora\u00e7\u00f5es oficiais pelo bicenten\u00e1rio da Independ\u00eancia no Brasil e vai at\u00e9 de setembro.","robots":{"index":"index","follow":"follow","max-snippet":"max-snippet:-1","max-image-preview":"max-image-preview:large","max-video-preview":"max-video-preview:-1"},"canonical":"https:\/\/redenoticiaz.com.br\/litoralsp\/2022\/09\/08\/grupo-zabele-promove-oficinas-ate-10-de-setembro","og_locale":"pt_BR","og_type":"article","og_title":"Grupo Zabel\u00ea promove oficinas at\u00e9 10 de setembro - Litoral SP","og_description":"Programa\u00e7\u00e3o faz parte das comemora\u00e7\u00f5es oficiais pelo bicenten\u00e1rio da Independ\u00eancia no Brasil e vai at\u00e9 de setembro.","og_url":"https:\/\/redenoticiaz.com.br\/litoralsp\/2022\/09\/08\/grupo-zabele-promove-oficinas-ate-10-de-setembro","og_site_name":"Litoral SP","article_published_time":"2022-09-08T13:06:20+00:00","og_image":[{"width":1045,"height":693,"url":"https:\/\/redenoticiaz.com.br\/litoralsp\/wp-content\/uploads\/sites\/3\/2022\/09\/CUBATAO-1.png","type":"image\/png"}],"author":"Carina Reifonas","twitter_card":"summary_large_image","twitter_misc":{"Escrito por":"Carina Reifonas","Est. tempo de leitura":"2 minutos"},"schema":{"@context":"https:\/\/schema.org","@graph":[{"@type":"Article","@id":"https:\/\/redenoticiaz.com.br\/litoralsp\/2022\/09\/08\/grupo-zabele-promove-oficinas-ate-10-de-setembro#article","isPartOf":{"@id":"https:\/\/redenoticiaz.com.br\/litoralsp\/2022\/09\/08\/grupo-zabele-promove-oficinas-ate-10-de-setembro"},"author":{"name":"Carina Reifonas","@id":"https:\/\/redenoticiaz.com.br\/litoralsp\/#\/schema\/person\/1f84d6e94e6a62d2d81199d7503e9e90"},"headline":"Grupo Zabel\u00ea promove oficinas at\u00e9 10 de setembro","datePublished":"2022-09-08T13:06:20+00:00","mainEntityOfPage":{"@id":"https:\/\/redenoticiaz.com.br\/litoralsp\/2022\/09\/08\/grupo-zabele-promove-oficinas-ate-10-de-setembro"},"wordCount":354,"commentCount":0,"publisher":{"@id":"https:\/\/redenoticiaz.com.br\/litoralsp\/#organization"},"image":{"@id":"https:\/\/redenoticiaz.com.br\/litoralsp\/2022\/09\/08\/grupo-zabele-promove-oficinas-ate-10-de-setembro#primaryimage"},"thumbnailUrl":"https:\/\/redenoticiaz.com.br\/litoralsp\/wp-content\/uploads\/sites\/3\/2022\/09\/CUBATAO-1.png","keywords":["BICENTEN\u00c1RIO INDEPEND\u00caNCIA","CUBAT\u00c3O","OFICINAS"],"articleSection":["Cubat\u00e3o","Cultura"],"inLanguage":"pt-BR","potentialAction":[{"@type":"CommentAction","name":"Comment","target":["https:\/\/redenoticiaz.com.br\/litoralsp\/2022\/09\/08\/grupo-zabele-promove-oficinas-ate-10-de-setembro#respond"]}]},{"@type":"WebPage","@id":"https:\/\/redenoticiaz.com.br\/litoralsp\/2022\/09\/08\/grupo-zabele-promove-oficinas-ate-10-de-setembro","url":"https:\/\/redenoticiaz.com.br\/litoralsp\/2022\/09\/08\/grupo-zabele-promove-oficinas-ate-10-de-setembro","name":"Grupo Zabel\u00ea promove oficinas at\u00e9 10 de setembro - Litoral SP","isPartOf":{"@id":"https:\/\/redenoticiaz.com.br\/litoralsp\/#website"},"primaryImageOfPage":{"@id":"https:\/\/redenoticiaz.com.br\/litoralsp\/2022\/09\/08\/grupo-zabele-promove-oficinas-ate-10-de-setembro#primaryimage"},"image":{"@id":"https:\/\/redenoticiaz.com.br\/litoralsp\/2022\/09\/08\/grupo-zabele-promove-oficinas-ate-10-de-setembro#primaryimage"},"thumbnailUrl":"https:\/\/redenoticiaz.com.br\/litoralsp\/wp-content\/uploads\/sites\/3\/2022\/09\/CUBATAO-1.png","datePublished":"2022-09-08T13:06:20+00:00","description":"Programa\u00e7\u00e3o faz parte das comemora\u00e7\u00f5es oficiais pelo bicenten\u00e1rio da Independ\u00eancia no Brasil e vai at\u00e9 de setembro.","inLanguage":"pt-BR","potentialAction":[{"@type":"ReadAction","target":["https:\/\/redenoticiaz.com.br\/litoralsp\/2022\/09\/08\/grupo-zabele-promove-oficinas-ate-10-de-setembro"]}]},{"@type":"ImageObject","inLanguage":"pt-BR","@id":"https:\/\/redenoticiaz.com.br\/litoralsp\/2022\/09\/08\/grupo-zabele-promove-oficinas-ate-10-de-setembro#primaryimage","url":"https:\/\/redenoticiaz.com.br\/litoralsp\/wp-content\/uploads\/sites\/3\/2022\/09\/CUBATAO-1.png","contentUrl":"https:\/\/redenoticiaz.com.br\/litoralsp\/wp-content\/uploads\/sites\/3\/2022\/09\/CUBATAO-1.png","width":1045,"height":693,"caption":"Cr\u00e9dito: Reprodu\u00e7\u00e3o"},{"@type":"WebSite","@id":"https:\/\/redenoticiaz.com.br\/litoralsp\/#website","url":"https:\/\/redenoticiaz.com.br\/litoralsp\/","name":"Litoral SP","description":"Rede NoticiaZ","publisher":{"@id":"https:\/\/redenoticiaz.com.br\/litoralsp\/#organization"},"potentialAction":[{"@type":"SearchAction","target":{"@type":"EntryPoint","urlTemplate":"https:\/\/redenoticiaz.com.br\/litoralsp\/?s={search_term_string}"},"query-input":{"@type":"PropertyValueSpecification","valueRequired":true,"valueName":"search_term_string"}}],"inLanguage":"pt-BR"},{"@type":"Organization","@id":"https:\/\/redenoticiaz.com.br\/litoralsp\/#organization","name":"Litoral SP","url":"https:\/\/redenoticiaz.com.br\/litoralsp\/","logo":{"@type":"ImageObject","inLanguage":"pt-BR","@id":"https:\/\/redenoticiaz.com.br\/litoralsp\/#\/schema\/logo\/image\/","url":"https:\/\/redenoticiaz.com.br\/litoralsp\/wp-content\/uploads\/sites\/3\/2020\/11\/logo.jpg","contentUrl":"https:\/\/redenoticiaz.com.br\/litoralsp\/wp-content\/uploads\/sites\/3\/2020\/11\/logo.jpg","width":400,"height":250,"caption":"Litoral SP"},"image":{"@id":"https:\/\/redenoticiaz.com.br\/litoralsp\/#\/schema\/logo\/image\/"}},{"@type":"Person","@id":"https:\/\/redenoticiaz.com.br\/litoralsp\/#\/schema\/person\/1f84d6e94e6a62d2d81199d7503e9e90","name":"Carina Reifonas","image":{"@type":"ImageObject","inLanguage":"pt-BR","@id":"https:\/\/secure.gravatar.com\/avatar\/04c59859b23696cf867715880f81d5c037e60109730bdb4e6670ec2a2245bc97?s=96&d=mm&r=g","url":"https:\/\/secure.gravatar.com\/avatar\/04c59859b23696cf867715880f81d5c037e60109730bdb4e6670ec2a2245bc97?s=96&d=mm&r=g","contentUrl":"https:\/\/secure.gravatar.com\/avatar\/04c59859b23696cf867715880f81d5c037e60109730bdb4e6670ec2a2245bc97?s=96&d=mm&r=g","caption":"Carina Reifonas"},"url":"https:\/\/redenoticiaz.com.br\/litoralsp\/author\/carinareifonas"}]}},"_links":{"self":[{"href":"https:\/\/redenoticiaz.com.br\/litoralsp\/wp-json\/wp\/v2\/posts\/91109","targetHints":{"allow":["GET"]}}],"collection":[{"href":"https:\/\/redenoticiaz.com.br\/litoralsp\/wp-json\/wp\/v2\/posts"}],"about":[{"href":"https:\/\/redenoticiaz.com.br\/litoralsp\/wp-json\/wp\/v2\/types\/post"}],"author":[{"embeddable":true,"href":"https:\/\/redenoticiaz.com.br\/litoralsp\/wp-json\/wp\/v2\/users\/30"}],"replies":[{"embeddable":true,"href":"https:\/\/redenoticiaz.com.br\/litoralsp\/wp-json\/wp\/v2\/comments?post=91109"}],"version-history":[{"count":1,"href":"https:\/\/redenoticiaz.com.br\/litoralsp\/wp-json\/wp\/v2\/posts\/91109\/revisions"}],"predecessor-version":[{"id":91111,"href":"https:\/\/redenoticiaz.com.br\/litoralsp\/wp-json\/wp\/v2\/posts\/91109\/revisions\/91111"}],"wp:featuredmedia":[{"embeddable":true,"href":"https:\/\/redenoticiaz.com.br\/litoralsp\/wp-json\/wp\/v2\/media\/91110"}],"wp:attachment":[{"href":"https:\/\/redenoticiaz.com.br\/litoralsp\/wp-json\/wp\/v2\/media?parent=91109"}],"wp:term":[{"taxonomy":"category","embeddable":true,"href":"https:\/\/redenoticiaz.com.br\/litoralsp\/wp-json\/wp\/v2\/categories?post=91109"},{"taxonomy":"post_tag","embeddable":true,"href":"https:\/\/redenoticiaz.com.br\/litoralsp\/wp-json\/wp\/v2\/tags?post=91109"}],"curies":[{"name":"wp","href":"https:\/\/api.w.org\/{rel}","templated":true}]}}