{"id":91112,"date":"2022-09-08T10:21:29","date_gmt":"2022-09-08T13:21:29","guid":{"rendered":"https:\/\/redenoticiaz.com.br\/litoralsp\/?p=91112"},"modified":"2022-09-08T10:21:29","modified_gmt":"2022-09-08T13:21:29","slug":"homenagens-a-padroeira-de-santos-mudam-transito-no-centro","status":"publish","type":"post","link":"https:\/\/redenoticiaz.com.br\/litoralsp\/2022\/09\/08\/homenagens-a-padroeira-de-santos-mudam-transito-no-centro","title":{"rendered":"Homenagens \u00e0 Padroeira de Santos mudam tr\u00e2nsito no Centro"},"content":{"rendered":"<p>Os eventos em homenagem \u00e0 Nossa Senhora do Monte Serrat, padroeira de <a href=\"https:\/\/www.santos.sp.gov.br\/\">Santos,<\/a> nesta quinta-feira (8) v\u00e3o provocar altera\u00e7\u00f5es no tr\u00e2nsito do Centro. Para a missa campal e prociss\u00e3o do retorno da imagem ao Santu\u00e1rio no alto do morro, a Pra\u00e7a Jos\u00e9 Bonif\u00e1cio, entre a Avenida S\u00e3o Francisco e a Rua Amador Bueno, assim como as ruas Adhemar de Figueiredo Lira e Marrey Jr., ficar\u00e3o interditadas entre \u00e0s 12h e 17h. A rota alternativa para os motoristas ser\u00e1 a Avenida Conselheiro N\u00e9bias.<\/p>\n<p>&nbsp;<\/p>\n<p>Para a prociss\u00e3o, ser\u00e3o bloqueios moment\u00e2neos, entre 15h30 e 17h30, nas ruas Braz Cubas e Jo\u00e3o Pessoa, Pra\u00e7a Rui Barbosa (no contrafluxo), Rua General C\u00e2mara (no contrafluxo), Pra\u00e7a Mau\u00e1 (com parada), Rua Itoror\u00f3, Av. S\u00e3o Francisco (no contrafluxo) e Pra\u00e7a Correia de Melo.<\/p>\n<p>&nbsp;<\/p>\n<p><strong>VEJA TAMB\u00c9M:\u00a0<a href=\"https:\/\/redenoticiaz.com.br\/litoralsp\/2022\/09\/06\/santos-celebra-nossa-senhora-do-monte-serrat-padroeira-da-cidade\">Santos celebra Nossa Senhora do Monte Serrat, padroeira da cidade<\/a><\/strong><\/p>\n","protected":false},"excerpt":{"rendered":"<p>Os eventos em homenagem \u00e0 Nossa Senhora do Monte Serrat, padroeira de Santos, nesta quinta-feira (8) v\u00e3o provocar altera\u00e7\u00f5es no tr\u00e2nsito do Centro. Para a missa campal e prociss\u00e3o do retorno da imagem ao Santu\u00e1rio no alto do morro, a Pra\u00e7a Jos\u00e9 Bonif\u00e1cio, entre a Avenida S\u00e3o Francisco e a Rua Amador Bueno, assim como &hellip;<\/p>\n","protected":false},"author":30,"featured_media":91113,"comment_status":"open","ping_status":"closed","sticky":false,"template":"","format":"standard","meta":{"footnotes":""},"categories":[4,180],"tags":[11023,59134,117],"class_list":["post-91112","post","type-post","status-publish","format-standard","has-post-thumbnail","hentry","category-geral","category-santos","tag-homenagem","tag-padroeira","tag-transito"],"yoast_head":"<!-- This site is optimized with the Yoast SEO plugin v27.5 - https:\/\/yoast.com\/product\/yoast-seo-wordpress\/ -->\n<title>Homenagens \u00e0 Padroeira de Santos mudam tr\u00e2nsito no Centro - Litoral SP<\/title>\n<meta name=\"description\" content=\"Para a missa campal e prociss\u00e3o do retorno da imagem ao Santu\u00e1rio, a Pra\u00e7a Jos\u00e9 Bonif\u00e1cio, entre a Avenida S\u00e3o Francisco e a Rua Amador Bueno\" \/>\n<meta name=\"robots\" content=\"index, follow, max-snippet:-1, max-image-preview:large, max-video-preview:-1\" \/>\n<link rel=\"canonical\" href=\"https:\/\/redenoticiaz.com.br\/litoralsp\/2022\/09\/08\/homenagens-a-padroeira-de-santos-mudam-transito-no-centro\" \/>\n<meta property=\"og:locale\" content=\"pt_BR\" \/>\n<meta property=\"og:type\" content=\"article\" \/>\n<meta property=\"og:title\" content=\"Homenagens \u00e0 Padroeira de Santos mudam tr\u00e2nsito no Centro - Litoral SP\" \/>\n<meta property=\"og:description\" content=\"Para a missa campal e prociss\u00e3o do retorno da imagem ao Santu\u00e1rio, a Pra\u00e7a Jos\u00e9 Bonif\u00e1cio, entre a Avenida S\u00e3o Francisco e a Rua Amador Bueno\" \/>\n<meta property=\"og:url\" content=\"https:\/\/redenoticiaz.com.br\/litoralsp\/2022\/09\/08\/homenagens-a-padroeira-de-santos-mudam-transito-no-centro\" \/>\n<meta property=\"og:site_name\" content=\"Litoral SP\" \/>\n<meta property=\"article:published_time\" content=\"2022-09-08T13:21:29+00:00\" \/>\n<meta property=\"og:image\" content=\"https:\/\/redenoticiaz.com.br\/litoralsp\/wp-content\/uploads\/sites\/3\/2022\/09\/CATEDRAl.jpg\" \/>\n\t<meta property=\"og:image:width\" content=\"900\" \/>\n\t<meta property=\"og:image:height\" content=\"600\" \/>\n\t<meta property=\"og:image:type\" content=\"image\/jpeg\" \/>\n<meta name=\"author\" content=\"Carina Reifonas\" \/>\n<meta name=\"twitter:card\" content=\"summary_large_image\" \/>\n<meta name=\"twitter:label1\" content=\"Escrito por\" \/>\n\t<meta name=\"twitter:data1\" content=\"Carina Reifonas\" \/>\n\t<meta name=\"twitter:label2\" content=\"Est. tempo de leitura\" \/>\n\t<meta name=\"twitter:data2\" content=\"1 minuto\" \/>\n<script type=\"application\/ld+json\" class=\"yoast-schema-graph\">{\"@context\":\"https:\\\/\\\/schema.org\",\"@graph\":[{\"@type\":\"Article\",\"@id\":\"https:\\\/\\\/redenoticiaz.com.br\\\/litoralsp\\\/2022\\\/09\\\/08\\\/homenagens-a-padroeira-de-santos-mudam-transito-no-centro#article\",\"isPartOf\":{\"@id\":\"https:\\\/\\\/redenoticiaz.com.br\\\/litoralsp\\\/2022\\\/09\\\/08\\\/homenagens-a-padroeira-de-santos-mudam-transito-no-centro\"},\"author\":{\"name\":\"Carina Reifonas\",\"@id\":\"https:\\\/\\\/redenoticiaz.com.br\\\/litoralsp\\\/#\\\/schema\\\/person\\\/1f84d6e94e6a62d2d81199d7503e9e90\"},\"headline\":\"Homenagens \u00e0 Padroeira de Santos mudam tr\u00e2nsito no Centro\",\"datePublished\":\"2022-09-08T13:21:29+00:00\",\"mainEntityOfPage\":{\"@id\":\"https:\\\/\\\/redenoticiaz.com.br\\\/litoralsp\\\/2022\\\/09\\\/08\\\/homenagens-a-padroeira-de-santos-mudam-transito-no-centro\"},\"wordCount\":166,\"commentCount\":0,\"publisher\":{\"@id\":\"https:\\\/\\\/redenoticiaz.com.br\\\/litoralsp\\\/#organization\"},\"image\":{\"@id\":\"https:\\\/\\\/redenoticiaz.com.br\\\/litoralsp\\\/2022\\\/09\\\/08\\\/homenagens-a-padroeira-de-santos-mudam-transito-no-centro#primaryimage\"},\"thumbnailUrl\":\"https:\\\/\\\/redenoticiaz.com.br\\\/litoralsp\\\/wp-content\\\/uploads\\\/sites\\\/3\\\/2022\\\/09\\\/CATEDRAl.jpg\",\"keywords\":[\"HOMENAGEM\",\"PADROEIRA\",\"transito\"],\"articleSection\":[\"Geral\",\"Santos\"],\"inLanguage\":\"pt-BR\",\"potentialAction\":[{\"@type\":\"CommentAction\",\"name\":\"Comment\",\"target\":[\"https:\\\/\\\/redenoticiaz.com.br\\\/litoralsp\\\/2022\\\/09\\\/08\\\/homenagens-a-padroeira-de-santos-mudam-transito-no-centro#respond\"]}]},{\"@type\":\"WebPage\",\"@id\":\"https:\\\/\\\/redenoticiaz.com.br\\\/litoralsp\\\/2022\\\/09\\\/08\\\/homenagens-a-padroeira-de-santos-mudam-transito-no-centro\",\"url\":\"https:\\\/\\\/redenoticiaz.com.br\\\/litoralsp\\\/2022\\\/09\\\/08\\\/homenagens-a-padroeira-de-santos-mudam-transito-no-centro\",\"name\":\"Homenagens \u00e0 Padroeira de Santos mudam tr\u00e2nsito no Centro - Litoral SP\",\"isPartOf\":{\"@id\":\"https:\\\/\\\/redenoticiaz.com.br\\\/litoralsp\\\/#website\"},\"primaryImageOfPage\":{\"@id\":\"https:\\\/\\\/redenoticiaz.com.br\\\/litoralsp\\\/2022\\\/09\\\/08\\\/homenagens-a-padroeira-de-santos-mudam-transito-no-centro#primaryimage\"},\"image\":{\"@id\":\"https:\\\/\\\/redenoticiaz.com.br\\\/litoralsp\\\/2022\\\/09\\\/08\\\/homenagens-a-padroeira-de-santos-mudam-transito-no-centro#primaryimage\"},\"thumbnailUrl\":\"https:\\\/\\\/redenoticiaz.com.br\\\/litoralsp\\\/wp-content\\\/uploads\\\/sites\\\/3\\\/2022\\\/09\\\/CATEDRAl.jpg\",\"datePublished\":\"2022-09-08T13:21:29+00:00\",\"description\":\"Para a missa campal e prociss\u00e3o do retorno da imagem ao Santu\u00e1rio, a Pra\u00e7a Jos\u00e9 Bonif\u00e1cio, entre a Avenida S\u00e3o Francisco e a Rua Amador Bueno\",\"inLanguage\":\"pt-BR\",\"potentialAction\":[{\"@type\":\"ReadAction\",\"target\":[\"https:\\\/\\\/redenoticiaz.com.br\\\/litoralsp\\\/2022\\\/09\\\/08\\\/homenagens-a-padroeira-de-santos-mudam-transito-no-centro\"]}]},{\"@type\":\"ImageObject\",\"inLanguage\":\"pt-BR\",\"@id\":\"https:\\\/\\\/redenoticiaz.com.br\\\/litoralsp\\\/2022\\\/09\\\/08\\\/homenagens-a-padroeira-de-santos-mudam-transito-no-centro#primaryimage\",\"url\":\"https:\\\/\\\/redenoticiaz.com.br\\\/litoralsp\\\/wp-content\\\/uploads\\\/sites\\\/3\\\/2022\\\/09\\\/CATEDRAl.jpg\",\"contentUrl\":\"https:\\\/\\\/redenoticiaz.com.br\\\/litoralsp\\\/wp-content\\\/uploads\\\/sites\\\/3\\\/2022\\\/09\\\/CATEDRAl.jpg\",\"width\":900,\"height\":600,\"caption\":\"Cr\u00e9dito: Reprodu\u00e7\u00e3o\"},{\"@type\":\"WebSite\",\"@id\":\"https:\\\/\\\/redenoticiaz.com.br\\\/litoralsp\\\/#website\",\"url\":\"https:\\\/\\\/redenoticiaz.com.br\\\/litoralsp\\\/\",\"name\":\"Litoral SP\",\"description\":\"Rede NoticiaZ\",\"publisher\":{\"@id\":\"https:\\\/\\\/redenoticiaz.com.br\\\/litoralsp\\\/#organization\"},\"potentialAction\":[{\"@type\":\"SearchAction\",\"target\":{\"@type\":\"EntryPoint\",\"urlTemplate\":\"https:\\\/\\\/redenoticiaz.com.br\\\/litoralsp\\\/?s={search_term_string}\"},\"query-input\":{\"@type\":\"PropertyValueSpecification\",\"valueRequired\":true,\"valueName\":\"search_term_string\"}}],\"inLanguage\":\"pt-BR\"},{\"@type\":\"Organization\",\"@id\":\"https:\\\/\\\/redenoticiaz.com.br\\\/litoralsp\\\/#organization\",\"name\":\"Litoral SP\",\"url\":\"https:\\\/\\\/redenoticiaz.com.br\\\/litoralsp\\\/\",\"logo\":{\"@type\":\"ImageObject\",\"inLanguage\":\"pt-BR\",\"@id\":\"https:\\\/\\\/redenoticiaz.com.br\\\/litoralsp\\\/#\\\/schema\\\/logo\\\/image\\\/\",\"url\":\"https:\\\/\\\/redenoticiaz.com.br\\\/litoralsp\\\/wp-content\\\/uploads\\\/sites\\\/3\\\/2020\\\/11\\\/logo.jpg\",\"contentUrl\":\"https:\\\/\\\/redenoticiaz.com.br\\\/litoralsp\\\/wp-content\\\/uploads\\\/sites\\\/3\\\/2020\\\/11\\\/logo.jpg\",\"width\":400,\"height\":250,\"caption\":\"Litoral SP\"},\"image\":{\"@id\":\"https:\\\/\\\/redenoticiaz.com.br\\\/litoralsp\\\/#\\\/schema\\\/logo\\\/image\\\/\"}},{\"@type\":\"Person\",\"@id\":\"https:\\\/\\\/redenoticiaz.com.br\\\/litoralsp\\\/#\\\/schema\\\/person\\\/1f84d6e94e6a62d2d81199d7503e9e90\",\"name\":\"Carina Reifonas\",\"image\":{\"@type\":\"ImageObject\",\"inLanguage\":\"pt-BR\",\"@id\":\"https:\\\/\\\/secure.gravatar.com\\\/avatar\\\/04c59859b23696cf867715880f81d5c037e60109730bdb4e6670ec2a2245bc97?s=96&d=mm&r=g\",\"url\":\"https:\\\/\\\/secure.gravatar.com\\\/avatar\\\/04c59859b23696cf867715880f81d5c037e60109730bdb4e6670ec2a2245bc97?s=96&d=mm&r=g\",\"contentUrl\":\"https:\\\/\\\/secure.gravatar.com\\\/avatar\\\/04c59859b23696cf867715880f81d5c037e60109730bdb4e6670ec2a2245bc97?s=96&d=mm&r=g\",\"caption\":\"Carina Reifonas\"},\"url\":\"https:\\\/\\\/redenoticiaz.com.br\\\/litoralsp\\\/author\\\/carinareifonas\"}]}<\/script>\n<!-- \/ Yoast SEO plugin. -->","yoast_head_json":{"title":"Homenagens \u00e0 Padroeira de Santos mudam tr\u00e2nsito no Centro - Litoral SP","description":"Para a missa campal e prociss\u00e3o do retorno da imagem ao Santu\u00e1rio, a Pra\u00e7a Jos\u00e9 Bonif\u00e1cio, entre a Avenida S\u00e3o Francisco e a Rua Amador Bueno","robots":{"index":"index","follow":"follow","max-snippet":"max-snippet:-1","max-image-preview":"max-image-preview:large","max-video-preview":"max-video-preview:-1"},"canonical":"https:\/\/redenoticiaz.com.br\/litoralsp\/2022\/09\/08\/homenagens-a-padroeira-de-santos-mudam-transito-no-centro","og_locale":"pt_BR","og_type":"article","og_title":"Homenagens \u00e0 Padroeira de Santos mudam tr\u00e2nsito no Centro - Litoral SP","og_description":"Para a missa campal e prociss\u00e3o do retorno da imagem ao Santu\u00e1rio, a Pra\u00e7a Jos\u00e9 Bonif\u00e1cio, entre a Avenida S\u00e3o Francisco e a Rua Amador Bueno","og_url":"https:\/\/redenoticiaz.com.br\/litoralsp\/2022\/09\/08\/homenagens-a-padroeira-de-santos-mudam-transito-no-centro","og_site_name":"Litoral SP","article_published_time":"2022-09-08T13:21:29+00:00","og_image":[{"width":900,"height":600,"url":"https:\/\/redenoticiaz.com.br\/litoralsp\/wp-content\/uploads\/sites\/3\/2022\/09\/CATEDRAl.jpg","type":"image\/jpeg"}],"author":"Carina Reifonas","twitter_card":"summary_large_image","twitter_misc":{"Escrito por":"Carina Reifonas","Est. tempo de leitura":"1 minuto"},"schema":{"@context":"https:\/\/schema.org","@graph":[{"@type":"Article","@id":"https:\/\/redenoticiaz.com.br\/litoralsp\/2022\/09\/08\/homenagens-a-padroeira-de-santos-mudam-transito-no-centro#article","isPartOf":{"@id":"https:\/\/redenoticiaz.com.br\/litoralsp\/2022\/09\/08\/homenagens-a-padroeira-de-santos-mudam-transito-no-centro"},"author":{"name":"Carina Reifonas","@id":"https:\/\/redenoticiaz.com.br\/litoralsp\/#\/schema\/person\/1f84d6e94e6a62d2d81199d7503e9e90"},"headline":"Homenagens \u00e0 Padroeira de Santos mudam tr\u00e2nsito no Centro","datePublished":"2022-09-08T13:21:29+00:00","mainEntityOfPage":{"@id":"https:\/\/redenoticiaz.com.br\/litoralsp\/2022\/09\/08\/homenagens-a-padroeira-de-santos-mudam-transito-no-centro"},"wordCount":166,"commentCount":0,"publisher":{"@id":"https:\/\/redenoticiaz.com.br\/litoralsp\/#organization"},"image":{"@id":"https:\/\/redenoticiaz.com.br\/litoralsp\/2022\/09\/08\/homenagens-a-padroeira-de-santos-mudam-transito-no-centro#primaryimage"},"thumbnailUrl":"https:\/\/redenoticiaz.com.br\/litoralsp\/wp-content\/uploads\/sites\/3\/2022\/09\/CATEDRAl.jpg","keywords":["HOMENAGEM","PADROEIRA","transito"],"articleSection":["Geral","Santos"],"inLanguage":"pt-BR","potentialAction":[{"@type":"CommentAction","name":"Comment","target":["https:\/\/redenoticiaz.com.br\/litoralsp\/2022\/09\/08\/homenagens-a-padroeira-de-santos-mudam-transito-no-centro#respond"]}]},{"@type":"WebPage","@id":"https:\/\/redenoticiaz.com.br\/litoralsp\/2022\/09\/08\/homenagens-a-padroeira-de-santos-mudam-transito-no-centro","url":"https:\/\/redenoticiaz.com.br\/litoralsp\/2022\/09\/08\/homenagens-a-padroeira-de-santos-mudam-transito-no-centro","name":"Homenagens \u00e0 Padroeira de Santos mudam tr\u00e2nsito no Centro - Litoral SP","isPartOf":{"@id":"https:\/\/redenoticiaz.com.br\/litoralsp\/#website"},"primaryImageOfPage":{"@id":"https:\/\/redenoticiaz.com.br\/litoralsp\/2022\/09\/08\/homenagens-a-padroeira-de-santos-mudam-transito-no-centro#primaryimage"},"image":{"@id":"https:\/\/redenoticiaz.com.br\/litoralsp\/2022\/09\/08\/homenagens-a-padroeira-de-santos-mudam-transito-no-centro#primaryimage"},"thumbnailUrl":"https:\/\/redenoticiaz.com.br\/litoralsp\/wp-content\/uploads\/sites\/3\/2022\/09\/CATEDRAl.jpg","datePublished":"2022-09-08T13:21:29+00:00","description":"Para a missa campal e prociss\u00e3o do retorno da imagem ao Santu\u00e1rio, a Pra\u00e7a Jos\u00e9 Bonif\u00e1cio, entre a Avenida S\u00e3o Francisco e a Rua Amador Bueno","inLanguage":"pt-BR","potentialAction":[{"@type":"ReadAction","target":["https:\/\/redenoticiaz.com.br\/litoralsp\/2022\/09\/08\/homenagens-a-padroeira-de-santos-mudam-transito-no-centro"]}]},{"@type":"ImageObject","inLanguage":"pt-BR","@id":"https:\/\/redenoticiaz.com.br\/litoralsp\/2022\/09\/08\/homenagens-a-padroeira-de-santos-mudam-transito-no-centro#primaryimage","url":"https:\/\/redenoticiaz.com.br\/litoralsp\/wp-content\/uploads\/sites\/3\/2022\/09\/CATEDRAl.jpg","contentUrl":"https:\/\/redenoticiaz.com.br\/litoralsp\/wp-content\/uploads\/sites\/3\/2022\/09\/CATEDRAl.jpg","width":900,"height":600,"caption":"Cr\u00e9dito: Reprodu\u00e7\u00e3o"},{"@type":"WebSite","@id":"https:\/\/redenoticiaz.com.br\/litoralsp\/#website","url":"https:\/\/redenoticiaz.com.br\/litoralsp\/","name":"Litoral SP","description":"Rede NoticiaZ","publisher":{"@id":"https:\/\/redenoticiaz.com.br\/litoralsp\/#organization"},"potentialAction":[{"@type":"SearchAction","target":{"@type":"EntryPoint","urlTemplate":"https:\/\/redenoticiaz.com.br\/litoralsp\/?s={search_term_string}"},"query-input":{"@type":"PropertyValueSpecification","valueRequired":true,"valueName":"search_term_string"}}],"inLanguage":"pt-BR"},{"@type":"Organization","@id":"https:\/\/redenoticiaz.com.br\/litoralsp\/#organization","name":"Litoral SP","url":"https:\/\/redenoticiaz.com.br\/litoralsp\/","logo":{"@type":"ImageObject","inLanguage":"pt-BR","@id":"https:\/\/redenoticiaz.com.br\/litoralsp\/#\/schema\/logo\/image\/","url":"https:\/\/redenoticiaz.com.br\/litoralsp\/wp-content\/uploads\/sites\/3\/2020\/11\/logo.jpg","contentUrl":"https:\/\/redenoticiaz.com.br\/litoralsp\/wp-content\/uploads\/sites\/3\/2020\/11\/logo.jpg","width":400,"height":250,"caption":"Litoral SP"},"image":{"@id":"https:\/\/redenoticiaz.com.br\/litoralsp\/#\/schema\/logo\/image\/"}},{"@type":"Person","@id":"https:\/\/redenoticiaz.com.br\/litoralsp\/#\/schema\/person\/1f84d6e94e6a62d2d81199d7503e9e90","name":"Carina Reifonas","image":{"@type":"ImageObject","inLanguage":"pt-BR","@id":"https:\/\/secure.gravatar.com\/avatar\/04c59859b23696cf867715880f81d5c037e60109730bdb4e6670ec2a2245bc97?s=96&d=mm&r=g","url":"https:\/\/secure.gravatar.com\/avatar\/04c59859b23696cf867715880f81d5c037e60109730bdb4e6670ec2a2245bc97?s=96&d=mm&r=g","contentUrl":"https:\/\/secure.gravatar.com\/avatar\/04c59859b23696cf867715880f81d5c037e60109730bdb4e6670ec2a2245bc97?s=96&d=mm&r=g","caption":"Carina Reifonas"},"url":"https:\/\/redenoticiaz.com.br\/litoralsp\/author\/carinareifonas"}]}},"_links":{"self":[{"href":"https:\/\/redenoticiaz.com.br\/litoralsp\/wp-json\/wp\/v2\/posts\/91112","targetHints":{"allow":["GET"]}}],"collection":[{"href":"https:\/\/redenoticiaz.com.br\/litoralsp\/wp-json\/wp\/v2\/posts"}],"about":[{"href":"https:\/\/redenoticiaz.com.br\/litoralsp\/wp-json\/wp\/v2\/types\/post"}],"author":[{"embeddable":true,"href":"https:\/\/redenoticiaz.com.br\/litoralsp\/wp-json\/wp\/v2\/users\/30"}],"replies":[{"embeddable":true,"href":"https:\/\/redenoticiaz.com.br\/litoralsp\/wp-json\/wp\/v2\/comments?post=91112"}],"version-history":[{"count":1,"href":"https:\/\/redenoticiaz.com.br\/litoralsp\/wp-json\/wp\/v2\/posts\/91112\/revisions"}],"predecessor-version":[{"id":91114,"href":"https:\/\/redenoticiaz.com.br\/litoralsp\/wp-json\/wp\/v2\/posts\/91112\/revisions\/91114"}],"wp:featuredmedia":[{"embeddable":true,"href":"https:\/\/redenoticiaz.com.br\/litoralsp\/wp-json\/wp\/v2\/media\/91113"}],"wp:attachment":[{"href":"https:\/\/redenoticiaz.com.br\/litoralsp\/wp-json\/wp\/v2\/media?parent=91112"}],"wp:term":[{"taxonomy":"category","embeddable":true,"href":"https:\/\/redenoticiaz.com.br\/litoralsp\/wp-json\/wp\/v2\/categories?post=91112"},{"taxonomy":"post_tag","embeddable":true,"href":"https:\/\/redenoticiaz.com.br\/litoralsp\/wp-json\/wp\/v2\/tags?post=91112"}],"curies":[{"name":"wp","href":"https:\/\/api.w.org\/{rel}","templated":true}]}}