{"id":91267,"date":"2022-09-11T13:55:36","date_gmt":"2022-09-11T16:55:36","guid":{"rendered":"https:\/\/redenoticiaz.com.br\/litoralsp\/?p=91267"},"modified":"2022-09-11T13:55:36","modified_gmt":"2022-09-11T16:55:36","slug":"menina-de-11-anos-tem-gravidez-apos-novo-estupro-um-ano-depois-de-dar-a-luz","status":"publish","type":"post","link":"https:\/\/redenoticiaz.com.br\/litoralsp\/2022\/09\/11\/menina-de-11-anos-tem-gravidez-apos-novo-estupro-um-ano-depois-de-dar-a-luz","title":{"rendered":"Menina de 11 anos tem gravidez ap\u00f3s novo estupro, um ano depois de dar a luz"},"content":{"rendered":"<p>Uma menina de 11 anos v\u00edtima de estupro est\u00e1 <strong>novamente gr\u00e1vida<\/strong>. O crime aconteceu no Piau\u00ed e ela chegou a pedir na primeira vez a realiza\u00e7\u00e3o do aborto, mas acabo tendo o pedido negado.<\/p>\n<p>A gravidez foi confirmada durante exame no Servi\u00e7o de Atendimento \u00e0s Mulheres V\u00edtimas de Viol\u00eancia, da Maternidade Dona Evangelina Rosa, em Teresina. Ela est\u00e1 gr\u00e1vida de tr\u00eas meses.<\/p>\n<p>No primeiro estupro, ocorrido em janeiro de 2021, a menina foi estuprada pelo primo de 25 anos. Ela seguiu com a gesta\u00e7\u00e3o e em setembro deu \u00e0 luz. J\u00e1 o primo que a estuprou acabou sendo assassinado, mas o motivo foi desconhecido. Ap\u00f3s o nascimento do beb\u00ea, a menina deixou a escola, n\u00e3o faz tratamento psicol\u00f3gico e briga com os pais.<\/p>\n<p>S\u00f3 que em agosto deste ano, educadores desconfiaram que ela estaria novamente gr\u00e1vida, j\u00e1 que apresenta comportamentos suspeitos e n\u00e3o menstruava. O suspeito do segundo estupro seria o pr\u00f3prio tio da menina. A m\u00e3e disse que a menina estava morando na casa da av\u00f3 e o tio teria aproveitado que ela estava dormindo e praticou o estupro.<\/p>\n<p>A Delegacia de Prote\u00e7\u00e3o \u00e0 Crian\u00e7a e ao Adolescente investiga o caso. O autor do crime segue solto.<\/p>\n<p><strong>LEIA TAMB\u00c9M<\/strong><\/p>\n<p><a href=\"https:\/\/redenoticiaz.com.br\/litoralsp\/2022\/09\/11\/prefeitura-de-sao-sebastiao-deve-oferecer-atendimento-especializado-a-moradores-de-rua-determina-justica\">Prefeitura de S\u00e3o Sebasti\u00e3o deve oferecer atendimento especializado a moradores de rua, determina Justi\u00e7a<\/a><\/p>\n","protected":false},"excerpt":{"rendered":"<p>Uma menina de 11 anos v\u00edtima de estupro est\u00e1 novamente gr\u00e1vida. O crime aconteceu no Piau\u00ed e ela chegou a pedir na primeira vez a realiza\u00e7\u00e3o do aborto, mas acabo tendo o pedido negado. A gravidez foi confirmada durante exame no Servi\u00e7o de Atendimento \u00e0s Mulheres V\u00edtimas de Viol\u00eancia, da Maternidade Dona Evangelina Rosa, em &hellip;<\/p>\n","protected":false},"author":6,"featured_media":91268,"comment_status":"open","ping_status":"closed","sticky":false,"template":"","format":"standard","meta":{"footnotes":""},"categories":[22,23],"tags":[1918,23032,3922,4854,7640],"class_list":["post-91267","post","type-post","status-publish","format-standard","has-post-thumbnail","hentry","category-justica","category-saude","tag-estupro","tag-gravidez","tag-justica","tag-menina","tag-piaui"],"yoast_head":"<!-- This site is optimized with the Yoast SEO plugin v27.5 - https:\/\/yoast.com\/product\/yoast-seo-wordpress\/ -->\n<title>Menina de 11 anos tem gravidez ap\u00f3s novo estupro, um ano depois de dar a luz - Litoral SP<\/title>\n<meta name=\"description\" content=\"Uma menina de 11 anos v\u00edtima de estupro est\u00e1 novamente gr\u00e1vida. O crime aconteceu no Piau\u00ed e ela chegou a pedir na primeira vez\" \/>\n<meta name=\"robots\" content=\"index, follow, max-snippet:-1, max-image-preview:large, max-video-preview:-1\" \/>\n<link rel=\"canonical\" href=\"https:\/\/redenoticiaz.com.br\/litoralsp\/2022\/09\/11\/menina-de-11-anos-tem-gravidez-apos-novo-estupro-um-ano-depois-de-dar-a-luz\" \/>\n<meta property=\"og:locale\" content=\"pt_BR\" \/>\n<meta property=\"og:type\" content=\"article\" \/>\n<meta property=\"og:title\" content=\"Menina de 11 anos tem gravidez ap\u00f3s novo estupro, um ano depois de dar a luz - Litoral SP\" \/>\n<meta property=\"og:description\" content=\"Uma menina de 11 anos v\u00edtima de estupro est\u00e1 novamente gr\u00e1vida. O crime aconteceu no Piau\u00ed e ela chegou a pedir na primeira vez\" \/>\n<meta property=\"og:url\" content=\"https:\/\/redenoticiaz.com.br\/litoralsp\/2022\/09\/11\/menina-de-11-anos-tem-gravidez-apos-novo-estupro-um-ano-depois-de-dar-a-luz\" \/>\n<meta property=\"og:site_name\" content=\"Litoral SP\" \/>\n<meta property=\"article:published_time\" content=\"2022-09-11T16:55:36+00:00\" \/>\n<meta property=\"og:image\" content=\"https:\/\/redenoticiaz.com.br\/litoralsp\/wp-content\/uploads\/sites\/3\/2022\/09\/69493621742715210f2388145f368ae9.jpg\" \/>\n\t<meta property=\"og:image:width\" content=\"1200\" \/>\n\t<meta property=\"og:image:height\" content=\"627\" \/>\n\t<meta property=\"og:image:type\" content=\"image\/jpeg\" \/>\n<meta name=\"author\" content=\"Leonardo Francisco\" \/>\n<meta name=\"twitter:card\" content=\"summary_large_image\" \/>\n<meta name=\"twitter:label1\" content=\"Escrito por\" \/>\n\t<meta name=\"twitter:data1\" content=\"Leonardo Francisco\" \/>\n\t<meta name=\"twitter:label2\" content=\"Est. tempo de leitura\" \/>\n\t<meta name=\"twitter:data2\" content=\"2 minutos\" \/>\n<script type=\"application\/ld+json\" class=\"yoast-schema-graph\">{\"@context\":\"https:\\\/\\\/schema.org\",\"@graph\":[{\"@type\":\"Article\",\"@id\":\"https:\\\/\\\/redenoticiaz.com.br\\\/litoralsp\\\/2022\\\/09\\\/11\\\/menina-de-11-anos-tem-gravidez-apos-novo-estupro-um-ano-depois-de-dar-a-luz#article\",\"isPartOf\":{\"@id\":\"https:\\\/\\\/redenoticiaz.com.br\\\/litoralsp\\\/2022\\\/09\\\/11\\\/menina-de-11-anos-tem-gravidez-apos-novo-estupro-um-ano-depois-de-dar-a-luz\"},\"author\":{\"name\":\"Leonardo Francisco\",\"@id\":\"https:\\\/\\\/redenoticiaz.com.br\\\/litoralsp\\\/#\\\/schema\\\/person\\\/0f0b8a5bdafefe82841e07ae8d81ecb3\"},\"headline\":\"Menina de 11 anos tem gravidez ap\u00f3s novo estupro, um ano depois de dar a luz\",\"datePublished\":\"2022-09-11T16:55:36+00:00\",\"mainEntityOfPage\":{\"@id\":\"https:\\\/\\\/redenoticiaz.com.br\\\/litoralsp\\\/2022\\\/09\\\/11\\\/menina-de-11-anos-tem-gravidez-apos-novo-estupro-um-ano-depois-de-dar-a-luz\"},\"wordCount\":247,\"commentCount\":0,\"publisher\":{\"@id\":\"https:\\\/\\\/redenoticiaz.com.br\\\/litoralsp\\\/#organization\"},\"image\":{\"@id\":\"https:\\\/\\\/redenoticiaz.com.br\\\/litoralsp\\\/2022\\\/09\\\/11\\\/menina-de-11-anos-tem-gravidez-apos-novo-estupro-um-ano-depois-de-dar-a-luz#primaryimage\"},\"thumbnailUrl\":\"https:\\\/\\\/redenoticiaz.com.br\\\/litoralsp\\\/wp-content\\\/uploads\\\/sites\\\/3\\\/2022\\\/09\\\/69493621742715210f2388145f368ae9.jpg\",\"keywords\":[\"ESTUPRO\",\"GRAVIDEZ\",\"justi\u00e7a\",\"MENINA\",\"PIAU\u00cd\"],\"articleSection\":[\"Justi\u00e7a\",\"Sa\u00fade\"],\"inLanguage\":\"pt-BR\",\"potentialAction\":[{\"@type\":\"CommentAction\",\"name\":\"Comment\",\"target\":[\"https:\\\/\\\/redenoticiaz.com.br\\\/litoralsp\\\/2022\\\/09\\\/11\\\/menina-de-11-anos-tem-gravidez-apos-novo-estupro-um-ano-depois-de-dar-a-luz#respond\"]}]},{\"@type\":\"WebPage\",\"@id\":\"https:\\\/\\\/redenoticiaz.com.br\\\/litoralsp\\\/2022\\\/09\\\/11\\\/menina-de-11-anos-tem-gravidez-apos-novo-estupro-um-ano-depois-de-dar-a-luz\",\"url\":\"https:\\\/\\\/redenoticiaz.com.br\\\/litoralsp\\\/2022\\\/09\\\/11\\\/menina-de-11-anos-tem-gravidez-apos-novo-estupro-um-ano-depois-de-dar-a-luz\",\"name\":\"Menina de 11 anos tem gravidez ap\u00f3s novo estupro, um ano depois de dar a luz - Litoral SP\",\"isPartOf\":{\"@id\":\"https:\\\/\\\/redenoticiaz.com.br\\\/litoralsp\\\/#website\"},\"primaryImageOfPage\":{\"@id\":\"https:\\\/\\\/redenoticiaz.com.br\\\/litoralsp\\\/2022\\\/09\\\/11\\\/menina-de-11-anos-tem-gravidez-apos-novo-estupro-um-ano-depois-de-dar-a-luz#primaryimage\"},\"image\":{\"@id\":\"https:\\\/\\\/redenoticiaz.com.br\\\/litoralsp\\\/2022\\\/09\\\/11\\\/menina-de-11-anos-tem-gravidez-apos-novo-estupro-um-ano-depois-de-dar-a-luz#primaryimage\"},\"thumbnailUrl\":\"https:\\\/\\\/redenoticiaz.com.br\\\/litoralsp\\\/wp-content\\\/uploads\\\/sites\\\/3\\\/2022\\\/09\\\/69493621742715210f2388145f368ae9.jpg\",\"datePublished\":\"2022-09-11T16:55:36+00:00\",\"description\":\"Uma menina de 11 anos v\u00edtima de estupro est\u00e1 novamente gr\u00e1vida. O crime aconteceu no Piau\u00ed e ela chegou a pedir na primeira vez\",\"inLanguage\":\"pt-BR\",\"potentialAction\":[{\"@type\":\"ReadAction\",\"target\":[\"https:\\\/\\\/redenoticiaz.com.br\\\/litoralsp\\\/2022\\\/09\\\/11\\\/menina-de-11-anos-tem-gravidez-apos-novo-estupro-um-ano-depois-de-dar-a-luz\"]}]},{\"@type\":\"ImageObject\",\"inLanguage\":\"pt-BR\",\"@id\":\"https:\\\/\\\/redenoticiaz.com.br\\\/litoralsp\\\/2022\\\/09\\\/11\\\/menina-de-11-anos-tem-gravidez-apos-novo-estupro-um-ano-depois-de-dar-a-luz#primaryimage\",\"url\":\"https:\\\/\\\/redenoticiaz.com.br\\\/litoralsp\\\/wp-content\\\/uploads\\\/sites\\\/3\\\/2022\\\/09\\\/69493621742715210f2388145f368ae9.jpg\",\"contentUrl\":\"https:\\\/\\\/redenoticiaz.com.br\\\/litoralsp\\\/wp-content\\\/uploads\\\/sites\\\/3\\\/2022\\\/09\\\/69493621742715210f2388145f368ae9.jpg\",\"width\":1200,\"height\":627,\"caption\":\"Cr\u00e9ditos: Reprodu\u00e7\u00e3o\"},{\"@type\":\"WebSite\",\"@id\":\"https:\\\/\\\/redenoticiaz.com.br\\\/litoralsp\\\/#website\",\"url\":\"https:\\\/\\\/redenoticiaz.com.br\\\/litoralsp\\\/\",\"name\":\"Litoral SP\",\"description\":\"Rede NoticiaZ\",\"publisher\":{\"@id\":\"https:\\\/\\\/redenoticiaz.com.br\\\/litoralsp\\\/#organization\"},\"potentialAction\":[{\"@type\":\"SearchAction\",\"target\":{\"@type\":\"EntryPoint\",\"urlTemplate\":\"https:\\\/\\\/redenoticiaz.com.br\\\/litoralsp\\\/?s={search_term_string}\"},\"query-input\":{\"@type\":\"PropertyValueSpecification\",\"valueRequired\":true,\"valueName\":\"search_term_string\"}}],\"inLanguage\":\"pt-BR\"},{\"@type\":\"Organization\",\"@id\":\"https:\\\/\\\/redenoticiaz.com.br\\\/litoralsp\\\/#organization\",\"name\":\"Litoral SP\",\"url\":\"https:\\\/\\\/redenoticiaz.com.br\\\/litoralsp\\\/\",\"logo\":{\"@type\":\"ImageObject\",\"inLanguage\":\"pt-BR\",\"@id\":\"https:\\\/\\\/redenoticiaz.com.br\\\/litoralsp\\\/#\\\/schema\\\/logo\\\/image\\\/\",\"url\":\"https:\\\/\\\/redenoticiaz.com.br\\\/litoralsp\\\/wp-content\\\/uploads\\\/sites\\\/3\\\/2020\\\/11\\\/logo.jpg\",\"contentUrl\":\"https:\\\/\\\/redenoticiaz.com.br\\\/litoralsp\\\/wp-content\\\/uploads\\\/sites\\\/3\\\/2020\\\/11\\\/logo.jpg\",\"width\":400,\"height\":250,\"caption\":\"Litoral SP\"},\"image\":{\"@id\":\"https:\\\/\\\/redenoticiaz.com.br\\\/litoralsp\\\/#\\\/schema\\\/logo\\\/image\\\/\"}},{\"@type\":\"Person\",\"@id\":\"https:\\\/\\\/redenoticiaz.com.br\\\/litoralsp\\\/#\\\/schema\\\/person\\\/0f0b8a5bdafefe82841e07ae8d81ecb3\",\"name\":\"Leonardo Francisco\",\"image\":{\"@type\":\"ImageObject\",\"inLanguage\":\"pt-BR\",\"@id\":\"https:\\\/\\\/secure.gravatar.com\\\/avatar\\\/a7358cb406a99b682ec6df1e77e31ae82e63601f6784e8a3df411d72b37864da?s=96&d=mm&r=g\",\"url\":\"https:\\\/\\\/secure.gravatar.com\\\/avatar\\\/a7358cb406a99b682ec6df1e77e31ae82e63601f6784e8a3df411d72b37864da?s=96&d=mm&r=g\",\"contentUrl\":\"https:\\\/\\\/secure.gravatar.com\\\/avatar\\\/a7358cb406a99b682ec6df1e77e31ae82e63601f6784e8a3df411d72b37864da?s=96&d=mm&r=g\",\"caption\":\"Leonardo Francisco\"},\"url\":\"https:\\\/\\\/redenoticiaz.com.br\\\/litoralsp\\\/author\\\/leonardo-francisco\"}]}<\/script>\n<!-- \/ Yoast SEO plugin. -->","yoast_head_json":{"title":"Menina de 11 anos tem gravidez ap\u00f3s novo estupro, um ano depois de dar a luz - Litoral SP","description":"Uma menina de 11 anos v\u00edtima de estupro est\u00e1 novamente gr\u00e1vida. O crime aconteceu no Piau\u00ed e ela chegou a pedir na primeira vez","robots":{"index":"index","follow":"follow","max-snippet":"max-snippet:-1","max-image-preview":"max-image-preview:large","max-video-preview":"max-video-preview:-1"},"canonical":"https:\/\/redenoticiaz.com.br\/litoralsp\/2022\/09\/11\/menina-de-11-anos-tem-gravidez-apos-novo-estupro-um-ano-depois-de-dar-a-luz","og_locale":"pt_BR","og_type":"article","og_title":"Menina de 11 anos tem gravidez ap\u00f3s novo estupro, um ano depois de dar a luz - Litoral SP","og_description":"Uma menina de 11 anos v\u00edtima de estupro est\u00e1 novamente gr\u00e1vida. O crime aconteceu no Piau\u00ed e ela chegou a pedir na primeira vez","og_url":"https:\/\/redenoticiaz.com.br\/litoralsp\/2022\/09\/11\/menina-de-11-anos-tem-gravidez-apos-novo-estupro-um-ano-depois-de-dar-a-luz","og_site_name":"Litoral SP","article_published_time":"2022-09-11T16:55:36+00:00","og_image":[{"width":1200,"height":627,"url":"https:\/\/redenoticiaz.com.br\/litoralsp\/wp-content\/uploads\/sites\/3\/2022\/09\/69493621742715210f2388145f368ae9.jpg","type":"image\/jpeg"}],"author":"Leonardo Francisco","twitter_card":"summary_large_image","twitter_misc":{"Escrito por":"Leonardo Francisco","Est. tempo de leitura":"2 minutos"},"schema":{"@context":"https:\/\/schema.org","@graph":[{"@type":"Article","@id":"https:\/\/redenoticiaz.com.br\/litoralsp\/2022\/09\/11\/menina-de-11-anos-tem-gravidez-apos-novo-estupro-um-ano-depois-de-dar-a-luz#article","isPartOf":{"@id":"https:\/\/redenoticiaz.com.br\/litoralsp\/2022\/09\/11\/menina-de-11-anos-tem-gravidez-apos-novo-estupro-um-ano-depois-de-dar-a-luz"},"author":{"name":"Leonardo Francisco","@id":"https:\/\/redenoticiaz.com.br\/litoralsp\/#\/schema\/person\/0f0b8a5bdafefe82841e07ae8d81ecb3"},"headline":"Menina de 11 anos tem gravidez ap\u00f3s novo estupro, um ano depois de dar a luz","datePublished":"2022-09-11T16:55:36+00:00","mainEntityOfPage":{"@id":"https:\/\/redenoticiaz.com.br\/litoralsp\/2022\/09\/11\/menina-de-11-anos-tem-gravidez-apos-novo-estupro-um-ano-depois-de-dar-a-luz"},"wordCount":247,"commentCount":0,"publisher":{"@id":"https:\/\/redenoticiaz.com.br\/litoralsp\/#organization"},"image":{"@id":"https:\/\/redenoticiaz.com.br\/litoralsp\/2022\/09\/11\/menina-de-11-anos-tem-gravidez-apos-novo-estupro-um-ano-depois-de-dar-a-luz#primaryimage"},"thumbnailUrl":"https:\/\/redenoticiaz.com.br\/litoralsp\/wp-content\/uploads\/sites\/3\/2022\/09\/69493621742715210f2388145f368ae9.jpg","keywords":["ESTUPRO","GRAVIDEZ","justi\u00e7a","MENINA","PIAU\u00cd"],"articleSection":["Justi\u00e7a","Sa\u00fade"],"inLanguage":"pt-BR","potentialAction":[{"@type":"CommentAction","name":"Comment","target":["https:\/\/redenoticiaz.com.br\/litoralsp\/2022\/09\/11\/menina-de-11-anos-tem-gravidez-apos-novo-estupro-um-ano-depois-de-dar-a-luz#respond"]}]},{"@type":"WebPage","@id":"https:\/\/redenoticiaz.com.br\/litoralsp\/2022\/09\/11\/menina-de-11-anos-tem-gravidez-apos-novo-estupro-um-ano-depois-de-dar-a-luz","url":"https:\/\/redenoticiaz.com.br\/litoralsp\/2022\/09\/11\/menina-de-11-anos-tem-gravidez-apos-novo-estupro-um-ano-depois-de-dar-a-luz","name":"Menina de 11 anos tem gravidez ap\u00f3s novo estupro, um ano depois de dar a luz - Litoral SP","isPartOf":{"@id":"https:\/\/redenoticiaz.com.br\/litoralsp\/#website"},"primaryImageOfPage":{"@id":"https:\/\/redenoticiaz.com.br\/litoralsp\/2022\/09\/11\/menina-de-11-anos-tem-gravidez-apos-novo-estupro-um-ano-depois-de-dar-a-luz#primaryimage"},"image":{"@id":"https:\/\/redenoticiaz.com.br\/litoralsp\/2022\/09\/11\/menina-de-11-anos-tem-gravidez-apos-novo-estupro-um-ano-depois-de-dar-a-luz#primaryimage"},"thumbnailUrl":"https:\/\/redenoticiaz.com.br\/litoralsp\/wp-content\/uploads\/sites\/3\/2022\/09\/69493621742715210f2388145f368ae9.jpg","datePublished":"2022-09-11T16:55:36+00:00","description":"Uma menina de 11 anos v\u00edtima de estupro est\u00e1 novamente gr\u00e1vida. O crime aconteceu no Piau\u00ed e ela chegou a pedir na primeira vez","inLanguage":"pt-BR","potentialAction":[{"@type":"ReadAction","target":["https:\/\/redenoticiaz.com.br\/litoralsp\/2022\/09\/11\/menina-de-11-anos-tem-gravidez-apos-novo-estupro-um-ano-depois-de-dar-a-luz"]}]},{"@type":"ImageObject","inLanguage":"pt-BR","@id":"https:\/\/redenoticiaz.com.br\/litoralsp\/2022\/09\/11\/menina-de-11-anos-tem-gravidez-apos-novo-estupro-um-ano-depois-de-dar-a-luz#primaryimage","url":"https:\/\/redenoticiaz.com.br\/litoralsp\/wp-content\/uploads\/sites\/3\/2022\/09\/69493621742715210f2388145f368ae9.jpg","contentUrl":"https:\/\/redenoticiaz.com.br\/litoralsp\/wp-content\/uploads\/sites\/3\/2022\/09\/69493621742715210f2388145f368ae9.jpg","width":1200,"height":627,"caption":"Cr\u00e9ditos: Reprodu\u00e7\u00e3o"},{"@type":"WebSite","@id":"https:\/\/redenoticiaz.com.br\/litoralsp\/#website","url":"https:\/\/redenoticiaz.com.br\/litoralsp\/","name":"Litoral SP","description":"Rede NoticiaZ","publisher":{"@id":"https:\/\/redenoticiaz.com.br\/litoralsp\/#organization"},"potentialAction":[{"@type":"SearchAction","target":{"@type":"EntryPoint","urlTemplate":"https:\/\/redenoticiaz.com.br\/litoralsp\/?s={search_term_string}"},"query-input":{"@type":"PropertyValueSpecification","valueRequired":true,"valueName":"search_term_string"}}],"inLanguage":"pt-BR"},{"@type":"Organization","@id":"https:\/\/redenoticiaz.com.br\/litoralsp\/#organization","name":"Litoral SP","url":"https:\/\/redenoticiaz.com.br\/litoralsp\/","logo":{"@type":"ImageObject","inLanguage":"pt-BR","@id":"https:\/\/redenoticiaz.com.br\/litoralsp\/#\/schema\/logo\/image\/","url":"https:\/\/redenoticiaz.com.br\/litoralsp\/wp-content\/uploads\/sites\/3\/2020\/11\/logo.jpg","contentUrl":"https:\/\/redenoticiaz.com.br\/litoralsp\/wp-content\/uploads\/sites\/3\/2020\/11\/logo.jpg","width":400,"height":250,"caption":"Litoral SP"},"image":{"@id":"https:\/\/redenoticiaz.com.br\/litoralsp\/#\/schema\/logo\/image\/"}},{"@type":"Person","@id":"https:\/\/redenoticiaz.com.br\/litoralsp\/#\/schema\/person\/0f0b8a5bdafefe82841e07ae8d81ecb3","name":"Leonardo Francisco","image":{"@type":"ImageObject","inLanguage":"pt-BR","@id":"https:\/\/secure.gravatar.com\/avatar\/a7358cb406a99b682ec6df1e77e31ae82e63601f6784e8a3df411d72b37864da?s=96&d=mm&r=g","url":"https:\/\/secure.gravatar.com\/avatar\/a7358cb406a99b682ec6df1e77e31ae82e63601f6784e8a3df411d72b37864da?s=96&d=mm&r=g","contentUrl":"https:\/\/secure.gravatar.com\/avatar\/a7358cb406a99b682ec6df1e77e31ae82e63601f6784e8a3df411d72b37864da?s=96&d=mm&r=g","caption":"Leonardo Francisco"},"url":"https:\/\/redenoticiaz.com.br\/litoralsp\/author\/leonardo-francisco"}]}},"_links":{"self":[{"href":"https:\/\/redenoticiaz.com.br\/litoralsp\/wp-json\/wp\/v2\/posts\/91267","targetHints":{"allow":["GET"]}}],"collection":[{"href":"https:\/\/redenoticiaz.com.br\/litoralsp\/wp-json\/wp\/v2\/posts"}],"about":[{"href":"https:\/\/redenoticiaz.com.br\/litoralsp\/wp-json\/wp\/v2\/types\/post"}],"author":[{"embeddable":true,"href":"https:\/\/redenoticiaz.com.br\/litoralsp\/wp-json\/wp\/v2\/users\/6"}],"replies":[{"embeddable":true,"href":"https:\/\/redenoticiaz.com.br\/litoralsp\/wp-json\/wp\/v2\/comments?post=91267"}],"version-history":[{"count":1,"href":"https:\/\/redenoticiaz.com.br\/litoralsp\/wp-json\/wp\/v2\/posts\/91267\/revisions"}],"predecessor-version":[{"id":91269,"href":"https:\/\/redenoticiaz.com.br\/litoralsp\/wp-json\/wp\/v2\/posts\/91267\/revisions\/91269"}],"wp:featuredmedia":[{"embeddable":true,"href":"https:\/\/redenoticiaz.com.br\/litoralsp\/wp-json\/wp\/v2\/media\/91268"}],"wp:attachment":[{"href":"https:\/\/redenoticiaz.com.br\/litoralsp\/wp-json\/wp\/v2\/media?parent=91267"}],"wp:term":[{"taxonomy":"category","embeddable":true,"href":"https:\/\/redenoticiaz.com.br\/litoralsp\/wp-json\/wp\/v2\/categories?post=91267"},{"taxonomy":"post_tag","embeddable":true,"href":"https:\/\/redenoticiaz.com.br\/litoralsp\/wp-json\/wp\/v2\/tags?post=91267"}],"curies":[{"name":"wp","href":"https:\/\/api.w.org\/{rel}","templated":true}]}}