{"id":91348,"date":"2022-09-17T11:00:27","date_gmt":"2022-09-17T14:00:27","guid":{"rendered":"https:\/\/redenoticiaz.com.br\/litoralsp\/?p=91348"},"modified":"2022-09-12T22:30:11","modified_gmt":"2022-09-13T01:30:11","slug":"audiencia-de-the-crown-cresce-800-depois-da-morte-da-rainha-elizabeth","status":"publish","type":"post","link":"https:\/\/redenoticiaz.com.br\/litoralsp\/2022\/09\/17\/audiencia-de-the-crown-cresce-800-depois-da-morte-da-rainha-elizabeth","title":{"rendered":"Audi\u00eancia de \u201cThe Crown\u201d cresce 800% depois da morte da Rainha Elizabeth"},"content":{"rendered":"<p>A audi\u00eancia de s\u00e9rie &#8220;The Crown&#8221; cresceu cerca 800% depois da morte da Rainha Elizabeth II, de acordo com a revista Variety.<\/p>\n<p>De acordo com as informa\u00e7\u00f5es publicadas, no Reino Unido os dados equivalem aos dias 9,10 e 11 de Setembro, sendo que monarca faleceu no dia 8.<\/p>\n<p>Ainda de acordo com a revista, o servi\u00e7o de streaming optou por cancelar as grava\u00e7\u00f5es da recente temporada da s\u00e9rie, devido a morte da Rainha.<\/p>\n<p>A nova temporada ir\u00e1 mostrar um dos per\u00edodos mais sombrios j\u00e1 registrados pela monarquia brit\u00e2nica, como os esc\u00e2ndalos envolvendo o ent\u00e3o pr\u00edncipe Charles e sua ex-esposa Lady Di.<\/p>\n<p>Sendo assim, a nova temporada deve chegar ao cat\u00e1logo do Netflix em 2024, ano em que Charles III deve assumir o trono de forma oficial.<\/p>\n<p><strong>Leia mais<\/strong><\/p>\n<p><a href=\"https:\/\/redenoticiaz.com.br\/blog\/2022\/09\/03\/marque-na-agenda-a-lista-de-filmes-imperdiveis-da-netflix-em-setembro\">Marque na agenda: A lista de filmes imperd\u00edveis da Netflix em setembro<\/a><\/p>\n","protected":false},"excerpt":{"rendered":"<p>A audi\u00eancia de s\u00e9rie &#8220;The Crown&#8221; cresceu cerca 800% depois da morte da Rainha Elizabeth II, de acordo com a revista Variety. De acordo com as informa\u00e7\u00f5es publicadas, no Reino Unido os dados equivalem aos dias 9,10 e 11 de Setembro, sendo que monarca faleceu no dia 8. Ainda de acordo com a revista, o &hellip;<\/p>\n","protected":false},"author":12,"featured_media":91349,"comment_status":"open","ping_status":"closed","sticky":false,"template":"","format":"standard","meta":{"footnotes":""},"categories":[170],"tags":[4755,59159,59230],"class_list":["post-91348","post","type-post","status-publish","format-standard","has-post-thumbnail","hentry","category-entretenimento","tag-netflix","tag-rainha-elizabeth","tag-the-crown"],"yoast_head":"<!-- This site is optimized with the Yoast SEO plugin v27.5 - https:\/\/yoast.com\/product\/yoast-seo-wordpress\/ -->\n<title>Audi\u00eancia de \u201cThe Crown\u201d cresce 800% depois da morte da Rainha Elizabeth - Litoral SP<\/title>\n<meta name=\"description\" content=\"A audi\u00eancia de s\u00e9rie &quot;The Crown&quot; cresceu cerca 800% depois da morte da Rainha Elizabeth II, de acordo com a revista Variety.\" \/>\n<meta name=\"robots\" content=\"index, follow, max-snippet:-1, max-image-preview:large, max-video-preview:-1\" \/>\n<link rel=\"canonical\" href=\"https:\/\/redenoticiaz.com.br\/litoralsp\/2022\/09\/17\/audiencia-de-the-crown-cresce-800-depois-da-morte-da-rainha-elizabeth\" \/>\n<meta property=\"og:locale\" content=\"pt_BR\" \/>\n<meta property=\"og:type\" content=\"article\" \/>\n<meta property=\"og:title\" content=\"Audi\u00eancia de \u201cThe Crown\u201d cresce 800% depois da morte da Rainha Elizabeth - Litoral SP\" \/>\n<meta property=\"og:description\" content=\"A audi\u00eancia de s\u00e9rie &quot;The Crown&quot; cresceu cerca 800% depois da morte da Rainha Elizabeth II, de acordo com a revista Variety.\" \/>\n<meta property=\"og:url\" content=\"https:\/\/redenoticiaz.com.br\/litoralsp\/2022\/09\/17\/audiencia-de-the-crown-cresce-800-depois-da-morte-da-rainha-elizabeth\" \/>\n<meta property=\"og:site_name\" content=\"Litoral SP\" \/>\n<meta property=\"article:published_time\" content=\"2022-09-17T14:00:27+00:00\" \/>\n<meta property=\"og:image\" content=\"https:\/\/redenoticiaz.com.br\/litoralsp\/wp-content\/uploads\/sites\/3\/2022\/09\/the-crown_dxay.jpg?v=1663032412\" \/>\n\t<meta property=\"og:image:width\" content=\"1890\" \/>\n\t<meta property=\"og:image:height\" content=\"1063\" \/>\n\t<meta property=\"og:image:type\" content=\"image\/jpeg\" \/>\n<meta name=\"author\" content=\"Gustavo Silva\" \/>\n<meta name=\"twitter:card\" content=\"summary_large_image\" \/>\n<meta name=\"twitter:label1\" content=\"Escrito por\" \/>\n\t<meta name=\"twitter:data1\" content=\"Gustavo Silva\" \/>\n\t<meta name=\"twitter:label2\" content=\"Est. tempo de leitura\" \/>\n\t<meta name=\"twitter:data2\" content=\"1 minuto\" \/>\n<script type=\"application\/ld+json\" class=\"yoast-schema-graph\">{\"@context\":\"https:\\\/\\\/schema.org\",\"@graph\":[{\"@type\":\"Article\",\"@id\":\"https:\\\/\\\/redenoticiaz.com.br\\\/litoralsp\\\/2022\\\/09\\\/17\\\/audiencia-de-the-crown-cresce-800-depois-da-morte-da-rainha-elizabeth#article\",\"isPartOf\":{\"@id\":\"https:\\\/\\\/redenoticiaz.com.br\\\/litoralsp\\\/2022\\\/09\\\/17\\\/audiencia-de-the-crown-cresce-800-depois-da-morte-da-rainha-elizabeth\"},\"author\":{\"name\":\"Gustavo Silva\",\"@id\":\"https:\\\/\\\/redenoticiaz.com.br\\\/litoralsp\\\/#\\\/schema\\\/person\\\/16057b37a3c0ee6b096d7f887c566e2e\"},\"headline\":\"Audi\u00eancia de \u201cThe Crown\u201d cresce 800% depois da morte da Rainha Elizabeth\",\"datePublished\":\"2022-09-17T14:00:27+00:00\",\"mainEntityOfPage\":{\"@id\":\"https:\\\/\\\/redenoticiaz.com.br\\\/litoralsp\\\/2022\\\/09\\\/17\\\/audiencia-de-the-crown-cresce-800-depois-da-morte-da-rainha-elizabeth\"},\"wordCount\":160,\"commentCount\":0,\"publisher\":{\"@id\":\"https:\\\/\\\/redenoticiaz.com.br\\\/litoralsp\\\/#organization\"},\"image\":{\"@id\":\"https:\\\/\\\/redenoticiaz.com.br\\\/litoralsp\\\/2022\\\/09\\\/17\\\/audiencia-de-the-crown-cresce-800-depois-da-morte-da-rainha-elizabeth#primaryimage\"},\"thumbnailUrl\":\"https:\\\/\\\/redenoticiaz.com.br\\\/litoralsp\\\/wp-content\\\/uploads\\\/sites\\\/3\\\/2022\\\/09\\\/the-crown_dxay.jpg?v=1663032412\",\"keywords\":[\"NETFLIX\",\"RAINHA ELIZABETH\",\"the crown\"],\"articleSection\":[\"Entretenimento\"],\"inLanguage\":\"pt-BR\",\"potentialAction\":[{\"@type\":\"CommentAction\",\"name\":\"Comment\",\"target\":[\"https:\\\/\\\/redenoticiaz.com.br\\\/litoralsp\\\/2022\\\/09\\\/17\\\/audiencia-de-the-crown-cresce-800-depois-da-morte-da-rainha-elizabeth#respond\"]}]},{\"@type\":\"WebPage\",\"@id\":\"https:\\\/\\\/redenoticiaz.com.br\\\/litoralsp\\\/2022\\\/09\\\/17\\\/audiencia-de-the-crown-cresce-800-depois-da-morte-da-rainha-elizabeth\",\"url\":\"https:\\\/\\\/redenoticiaz.com.br\\\/litoralsp\\\/2022\\\/09\\\/17\\\/audiencia-de-the-crown-cresce-800-depois-da-morte-da-rainha-elizabeth\",\"name\":\"Audi\u00eancia de \u201cThe Crown\u201d cresce 800% depois da morte da Rainha Elizabeth - Litoral SP\",\"isPartOf\":{\"@id\":\"https:\\\/\\\/redenoticiaz.com.br\\\/litoralsp\\\/#website\"},\"primaryImageOfPage\":{\"@id\":\"https:\\\/\\\/redenoticiaz.com.br\\\/litoralsp\\\/2022\\\/09\\\/17\\\/audiencia-de-the-crown-cresce-800-depois-da-morte-da-rainha-elizabeth#primaryimage\"},\"image\":{\"@id\":\"https:\\\/\\\/redenoticiaz.com.br\\\/litoralsp\\\/2022\\\/09\\\/17\\\/audiencia-de-the-crown-cresce-800-depois-da-morte-da-rainha-elizabeth#primaryimage\"},\"thumbnailUrl\":\"https:\\\/\\\/redenoticiaz.com.br\\\/litoralsp\\\/wp-content\\\/uploads\\\/sites\\\/3\\\/2022\\\/09\\\/the-crown_dxay.jpg?v=1663032412\",\"datePublished\":\"2022-09-17T14:00:27+00:00\",\"description\":\"A audi\u00eancia de s\u00e9rie \\\"The Crown\\\" cresceu cerca 800% depois da morte da Rainha Elizabeth II, de acordo com a revista Variety.\",\"inLanguage\":\"pt-BR\",\"potentialAction\":[{\"@type\":\"ReadAction\",\"target\":[\"https:\\\/\\\/redenoticiaz.com.br\\\/litoralsp\\\/2022\\\/09\\\/17\\\/audiencia-de-the-crown-cresce-800-depois-da-morte-da-rainha-elizabeth\"]}]},{\"@type\":\"ImageObject\",\"inLanguage\":\"pt-BR\",\"@id\":\"https:\\\/\\\/redenoticiaz.com.br\\\/litoralsp\\\/2022\\\/09\\\/17\\\/audiencia-de-the-crown-cresce-800-depois-da-morte-da-rainha-elizabeth#primaryimage\",\"url\":\"https:\\\/\\\/redenoticiaz.com.br\\\/litoralsp\\\/wp-content\\\/uploads\\\/sites\\\/3\\\/2022\\\/09\\\/the-crown_dxay.jpg?v=1663032412\",\"contentUrl\":\"https:\\\/\\\/redenoticiaz.com.br\\\/litoralsp\\\/wp-content\\\/uploads\\\/sites\\\/3\\\/2022\\\/09\\\/the-crown_dxay.jpg?v=1663032412\",\"width\":1890,\"height\":1063,\"caption\":\"Audi\u00eancia de \\\"The Crown\\\" cresce 800% depois da morte da Rainha Elizabeth\"},{\"@type\":\"WebSite\",\"@id\":\"https:\\\/\\\/redenoticiaz.com.br\\\/litoralsp\\\/#website\",\"url\":\"https:\\\/\\\/redenoticiaz.com.br\\\/litoralsp\\\/\",\"name\":\"Litoral SP\",\"description\":\"Rede NoticiaZ\",\"publisher\":{\"@id\":\"https:\\\/\\\/redenoticiaz.com.br\\\/litoralsp\\\/#organization\"},\"potentialAction\":[{\"@type\":\"SearchAction\",\"target\":{\"@type\":\"EntryPoint\",\"urlTemplate\":\"https:\\\/\\\/redenoticiaz.com.br\\\/litoralsp\\\/?s={search_term_string}\"},\"query-input\":{\"@type\":\"PropertyValueSpecification\",\"valueRequired\":true,\"valueName\":\"search_term_string\"}}],\"inLanguage\":\"pt-BR\"},{\"@type\":\"Organization\",\"@id\":\"https:\\\/\\\/redenoticiaz.com.br\\\/litoralsp\\\/#organization\",\"name\":\"Litoral SP\",\"url\":\"https:\\\/\\\/redenoticiaz.com.br\\\/litoralsp\\\/\",\"logo\":{\"@type\":\"ImageObject\",\"inLanguage\":\"pt-BR\",\"@id\":\"https:\\\/\\\/redenoticiaz.com.br\\\/litoralsp\\\/#\\\/schema\\\/logo\\\/image\\\/\",\"url\":\"https:\\\/\\\/redenoticiaz.com.br\\\/litoralsp\\\/wp-content\\\/uploads\\\/sites\\\/3\\\/2020\\\/11\\\/logo.jpg\",\"contentUrl\":\"https:\\\/\\\/redenoticiaz.com.br\\\/litoralsp\\\/wp-content\\\/uploads\\\/sites\\\/3\\\/2020\\\/11\\\/logo.jpg\",\"width\":400,\"height\":250,\"caption\":\"Litoral SP\"},\"image\":{\"@id\":\"https:\\\/\\\/redenoticiaz.com.br\\\/litoralsp\\\/#\\\/schema\\\/logo\\\/image\\\/\"}},{\"@type\":\"Person\",\"@id\":\"https:\\\/\\\/redenoticiaz.com.br\\\/litoralsp\\\/#\\\/schema\\\/person\\\/16057b37a3c0ee6b096d7f887c566e2e\",\"name\":\"Gustavo Silva\",\"image\":{\"@type\":\"ImageObject\",\"inLanguage\":\"pt-BR\",\"@id\":\"https:\\\/\\\/secure.gravatar.com\\\/avatar\\\/3ee4e82f93b26de0a7cf4ea5eb7893da637ed6bb0c9170c58065944c56e28a33?s=96&d=mm&r=g\",\"url\":\"https:\\\/\\\/secure.gravatar.com\\\/avatar\\\/3ee4e82f93b26de0a7cf4ea5eb7893da637ed6bb0c9170c58065944c56e28a33?s=96&d=mm&r=g\",\"contentUrl\":\"https:\\\/\\\/secure.gravatar.com\\\/avatar\\\/3ee4e82f93b26de0a7cf4ea5eb7893da637ed6bb0c9170c58065944c56e28a33?s=96&d=mm&r=g\",\"caption\":\"Gustavo Silva\"},\"url\":\"https:\\\/\\\/redenoticiaz.com.br\\\/litoralsp\\\/author\\\/gustavosilva\"}]}<\/script>\n<!-- \/ Yoast SEO plugin. -->","yoast_head_json":{"title":"Audi\u00eancia de \u201cThe Crown\u201d cresce 800% depois da morte da Rainha Elizabeth - Litoral SP","description":"A audi\u00eancia de s\u00e9rie \"The Crown\" cresceu cerca 800% depois da morte da Rainha Elizabeth II, de acordo com a revista Variety.","robots":{"index":"index","follow":"follow","max-snippet":"max-snippet:-1","max-image-preview":"max-image-preview:large","max-video-preview":"max-video-preview:-1"},"canonical":"https:\/\/redenoticiaz.com.br\/litoralsp\/2022\/09\/17\/audiencia-de-the-crown-cresce-800-depois-da-morte-da-rainha-elizabeth","og_locale":"pt_BR","og_type":"article","og_title":"Audi\u00eancia de \u201cThe Crown\u201d cresce 800% depois da morte da Rainha Elizabeth - Litoral SP","og_description":"A audi\u00eancia de s\u00e9rie \"The Crown\" cresceu cerca 800% depois da morte da Rainha Elizabeth II, de acordo com a revista Variety.","og_url":"https:\/\/redenoticiaz.com.br\/litoralsp\/2022\/09\/17\/audiencia-de-the-crown-cresce-800-depois-da-morte-da-rainha-elizabeth","og_site_name":"Litoral SP","article_published_time":"2022-09-17T14:00:27+00:00","og_image":[{"width":1890,"height":1063,"url":"https:\/\/redenoticiaz.com.br\/litoralsp\/wp-content\/uploads\/sites\/3\/2022\/09\/the-crown_dxay.jpg?v=1663032412","type":"image\/jpeg"}],"author":"Gustavo Silva","twitter_card":"summary_large_image","twitter_misc":{"Escrito por":"Gustavo Silva","Est. tempo de leitura":"1 minuto"},"schema":{"@context":"https:\/\/schema.org","@graph":[{"@type":"Article","@id":"https:\/\/redenoticiaz.com.br\/litoralsp\/2022\/09\/17\/audiencia-de-the-crown-cresce-800-depois-da-morte-da-rainha-elizabeth#article","isPartOf":{"@id":"https:\/\/redenoticiaz.com.br\/litoralsp\/2022\/09\/17\/audiencia-de-the-crown-cresce-800-depois-da-morte-da-rainha-elizabeth"},"author":{"name":"Gustavo Silva","@id":"https:\/\/redenoticiaz.com.br\/litoralsp\/#\/schema\/person\/16057b37a3c0ee6b096d7f887c566e2e"},"headline":"Audi\u00eancia de \u201cThe Crown\u201d cresce 800% depois da morte da Rainha Elizabeth","datePublished":"2022-09-17T14:00:27+00:00","mainEntityOfPage":{"@id":"https:\/\/redenoticiaz.com.br\/litoralsp\/2022\/09\/17\/audiencia-de-the-crown-cresce-800-depois-da-morte-da-rainha-elizabeth"},"wordCount":160,"commentCount":0,"publisher":{"@id":"https:\/\/redenoticiaz.com.br\/litoralsp\/#organization"},"image":{"@id":"https:\/\/redenoticiaz.com.br\/litoralsp\/2022\/09\/17\/audiencia-de-the-crown-cresce-800-depois-da-morte-da-rainha-elizabeth#primaryimage"},"thumbnailUrl":"https:\/\/redenoticiaz.com.br\/litoralsp\/wp-content\/uploads\/sites\/3\/2022\/09\/the-crown_dxay.jpg?v=1663032412","keywords":["NETFLIX","RAINHA ELIZABETH","the crown"],"articleSection":["Entretenimento"],"inLanguage":"pt-BR","potentialAction":[{"@type":"CommentAction","name":"Comment","target":["https:\/\/redenoticiaz.com.br\/litoralsp\/2022\/09\/17\/audiencia-de-the-crown-cresce-800-depois-da-morte-da-rainha-elizabeth#respond"]}]},{"@type":"WebPage","@id":"https:\/\/redenoticiaz.com.br\/litoralsp\/2022\/09\/17\/audiencia-de-the-crown-cresce-800-depois-da-morte-da-rainha-elizabeth","url":"https:\/\/redenoticiaz.com.br\/litoralsp\/2022\/09\/17\/audiencia-de-the-crown-cresce-800-depois-da-morte-da-rainha-elizabeth","name":"Audi\u00eancia de \u201cThe Crown\u201d cresce 800% depois da morte da Rainha Elizabeth - Litoral SP","isPartOf":{"@id":"https:\/\/redenoticiaz.com.br\/litoralsp\/#website"},"primaryImageOfPage":{"@id":"https:\/\/redenoticiaz.com.br\/litoralsp\/2022\/09\/17\/audiencia-de-the-crown-cresce-800-depois-da-morte-da-rainha-elizabeth#primaryimage"},"image":{"@id":"https:\/\/redenoticiaz.com.br\/litoralsp\/2022\/09\/17\/audiencia-de-the-crown-cresce-800-depois-da-morte-da-rainha-elizabeth#primaryimage"},"thumbnailUrl":"https:\/\/redenoticiaz.com.br\/litoralsp\/wp-content\/uploads\/sites\/3\/2022\/09\/the-crown_dxay.jpg?v=1663032412","datePublished":"2022-09-17T14:00:27+00:00","description":"A audi\u00eancia de s\u00e9rie \"The Crown\" cresceu cerca 800% depois da morte da Rainha Elizabeth II, de acordo com a revista Variety.","inLanguage":"pt-BR","potentialAction":[{"@type":"ReadAction","target":["https:\/\/redenoticiaz.com.br\/litoralsp\/2022\/09\/17\/audiencia-de-the-crown-cresce-800-depois-da-morte-da-rainha-elizabeth"]}]},{"@type":"ImageObject","inLanguage":"pt-BR","@id":"https:\/\/redenoticiaz.com.br\/litoralsp\/2022\/09\/17\/audiencia-de-the-crown-cresce-800-depois-da-morte-da-rainha-elizabeth#primaryimage","url":"https:\/\/redenoticiaz.com.br\/litoralsp\/wp-content\/uploads\/sites\/3\/2022\/09\/the-crown_dxay.jpg?v=1663032412","contentUrl":"https:\/\/redenoticiaz.com.br\/litoralsp\/wp-content\/uploads\/sites\/3\/2022\/09\/the-crown_dxay.jpg?v=1663032412","width":1890,"height":1063,"caption":"Audi\u00eancia de \"The Crown\" cresce 800% depois da morte da Rainha Elizabeth"},{"@type":"WebSite","@id":"https:\/\/redenoticiaz.com.br\/litoralsp\/#website","url":"https:\/\/redenoticiaz.com.br\/litoralsp\/","name":"Litoral SP","description":"Rede NoticiaZ","publisher":{"@id":"https:\/\/redenoticiaz.com.br\/litoralsp\/#organization"},"potentialAction":[{"@type":"SearchAction","target":{"@type":"EntryPoint","urlTemplate":"https:\/\/redenoticiaz.com.br\/litoralsp\/?s={search_term_string}"},"query-input":{"@type":"PropertyValueSpecification","valueRequired":true,"valueName":"search_term_string"}}],"inLanguage":"pt-BR"},{"@type":"Organization","@id":"https:\/\/redenoticiaz.com.br\/litoralsp\/#organization","name":"Litoral SP","url":"https:\/\/redenoticiaz.com.br\/litoralsp\/","logo":{"@type":"ImageObject","inLanguage":"pt-BR","@id":"https:\/\/redenoticiaz.com.br\/litoralsp\/#\/schema\/logo\/image\/","url":"https:\/\/redenoticiaz.com.br\/litoralsp\/wp-content\/uploads\/sites\/3\/2020\/11\/logo.jpg","contentUrl":"https:\/\/redenoticiaz.com.br\/litoralsp\/wp-content\/uploads\/sites\/3\/2020\/11\/logo.jpg","width":400,"height":250,"caption":"Litoral SP"},"image":{"@id":"https:\/\/redenoticiaz.com.br\/litoralsp\/#\/schema\/logo\/image\/"}},{"@type":"Person","@id":"https:\/\/redenoticiaz.com.br\/litoralsp\/#\/schema\/person\/16057b37a3c0ee6b096d7f887c566e2e","name":"Gustavo Silva","image":{"@type":"ImageObject","inLanguage":"pt-BR","@id":"https:\/\/secure.gravatar.com\/avatar\/3ee4e82f93b26de0a7cf4ea5eb7893da637ed6bb0c9170c58065944c56e28a33?s=96&d=mm&r=g","url":"https:\/\/secure.gravatar.com\/avatar\/3ee4e82f93b26de0a7cf4ea5eb7893da637ed6bb0c9170c58065944c56e28a33?s=96&d=mm&r=g","contentUrl":"https:\/\/secure.gravatar.com\/avatar\/3ee4e82f93b26de0a7cf4ea5eb7893da637ed6bb0c9170c58065944c56e28a33?s=96&d=mm&r=g","caption":"Gustavo Silva"},"url":"https:\/\/redenoticiaz.com.br\/litoralsp\/author\/gustavosilva"}]}},"_links":{"self":[{"href":"https:\/\/redenoticiaz.com.br\/litoralsp\/wp-json\/wp\/v2\/posts\/91348","targetHints":{"allow":["GET"]}}],"collection":[{"href":"https:\/\/redenoticiaz.com.br\/litoralsp\/wp-json\/wp\/v2\/posts"}],"about":[{"href":"https:\/\/redenoticiaz.com.br\/litoralsp\/wp-json\/wp\/v2\/types\/post"}],"author":[{"embeddable":true,"href":"https:\/\/redenoticiaz.com.br\/litoralsp\/wp-json\/wp\/v2\/users\/12"}],"replies":[{"embeddable":true,"href":"https:\/\/redenoticiaz.com.br\/litoralsp\/wp-json\/wp\/v2\/comments?post=91348"}],"version-history":[{"count":0,"href":"https:\/\/redenoticiaz.com.br\/litoralsp\/wp-json\/wp\/v2\/posts\/91348\/revisions"}],"wp:featuredmedia":[{"embeddable":true,"href":"https:\/\/redenoticiaz.com.br\/litoralsp\/wp-json\/wp\/v2\/media\/91349"}],"wp:attachment":[{"href":"https:\/\/redenoticiaz.com.br\/litoralsp\/wp-json\/wp\/v2\/media?parent=91348"}],"wp:term":[{"taxonomy":"category","embeddable":true,"href":"https:\/\/redenoticiaz.com.br\/litoralsp\/wp-json\/wp\/v2\/categories?post=91348"},{"taxonomy":"post_tag","embeddable":true,"href":"https:\/\/redenoticiaz.com.br\/litoralsp\/wp-json\/wp\/v2\/tags?post=91348"}],"curies":[{"name":"wp","href":"https:\/\/api.w.org\/{rel}","templated":true}]}}