{"id":91374,"date":"2022-09-13T14:21:09","date_gmt":"2022-09-13T17:21:09","guid":{"rendered":"https:\/\/redenoticiaz.com.br\/litoralsp\/?p=91374"},"modified":"2022-09-13T14:21:09","modified_gmt":"2022-09-13T17:21:09","slug":"prefeitura-de-guaruja-inicia-reformas-em-cemiterios-para-dia-de-finados","status":"publish","type":"post","link":"https:\/\/redenoticiaz.com.br\/litoralsp\/2022\/09\/13\/prefeitura-de-guaruja-inicia-reformas-em-cemiterios-para-dia-de-finados","title":{"rendered":"Prefeitura de Guaruj\u00e1 inicia reformas em cemit\u00e9rios para Dia de Finados"},"content":{"rendered":"<p>A Prefeitura de Guaruj\u00e1 iniciou reformas no Cemit\u00e9rio da Consola\u00e7\u00e3o, no Parque Estu\u00e1rio, em Vicente de Carvalho, e da Saudade, na Vila J\u00falia. O trabalho \u00e9 realizado pela Secretaria Municipal de Opera\u00e7\u00f5es Urbanas (Seurb).<\/p>\n<p>O trabalho visa um Dia de Finados (2 de novembro), mais c\u00f4modo e receptivo a todos os mun\u00edcipes.<\/p>\n<p>Equipes trabalham no recapeamento total de cal\u00e7adas e melhorias em setores internos, como salas de administra\u00e7\u00e3o e capelas.<\/p>\n<p>O servi\u00e7o de recapeamento total da cal\u00e7ada do Cemit\u00e9rio da Consola\u00e7\u00e3o tem previs\u00e3o de ser finalizado na pr\u00f3xima semana. A sala de administra\u00e7\u00e3o do local tamb\u00e9m est\u00e1 recebendo melhorias e amplia\u00e7\u00e3o de espa\u00e7o.<\/p>\n<p>O Cemit\u00e9rio da Saudade conta com os funcion\u00e1rios auxiliando na constru\u00e7\u00e3o de ossu\u00e1rios, pinturas, melhorias nos muros e na capela. Foi feita tamb\u00e9m uma limpeza na cal\u00e7ada do fundo do cemit\u00e9rio, que tamb\u00e9m receber\u00e1 total recapeamento nas pr\u00f3ximas semanas.<\/p>\n<p><strong>Leia mais<\/strong><\/p>\n<p><a href=\"https:\/\/redenoticiaz.com.br\/litoralsp\/2022\/09\/12\/guaruja-torna-facultativo-o-uso-de-mascaras-no-transporte-publico\">Guaruj\u00e1 torna facultativo o uso de m\u00e1scaras no transporte p\u00fablico<\/a><\/p>\n","protected":false},"excerpt":{"rendered":"<p>A Prefeitura de Guaruj\u00e1 iniciou reformas no Cemit\u00e9rio da Consola\u00e7\u00e3o, no Parque Estu\u00e1rio, em Vicente de Carvalho, e da Saudade, na Vila J\u00falia. O trabalho \u00e9 realizado pela Secretaria Municipal de Opera\u00e7\u00f5es Urbanas (Seurb). O trabalho visa um Dia de Finados (2 de novembro), mais c\u00f4modo e receptivo a todos os mun\u00edcipes. Equipes trabalham no &hellip;<\/p>\n","protected":false},"author":12,"featured_media":91375,"comment_status":"open","ping_status":"closed","sticky":false,"template":"","format":"standard","meta":{"footnotes":""},"categories":[187],"tags":[59242,59244,14809,59241,59243],"class_list":["post-91374","post","type-post","status-publish","format-standard","has-post-thumbnail","hentry","category-guaruja","tag-cemiterio-da-consolacao","tag-cemiterio-da-saudade","tag-prefeitura-de-guaruja","tag-reformas-em-cemiterios","tag-secretaria-municipal-de-operacoes-urbanas-seurb"],"yoast_head":"<!-- This site is optimized with the Yoast SEO plugin v27.4 - https:\/\/yoast.com\/product\/yoast-seo-wordpress\/ -->\n<title>Prefeitura de Guaruj\u00e1 inicia reformas em cemit\u00e9rios para Dia de Finados - Litoral SP<\/title>\n<meta name=\"description\" content=\"A Prefeitura de Guaruj\u00e1 iniciou reformas no Cemit\u00e9rio da Consola\u00e7\u00e3o, no Parque Estu\u00e1rio, em Vicente de Carvalho, e da Saudade, na Vila J\u00falia.\" \/>\n<meta name=\"robots\" content=\"index, follow, max-snippet:-1, max-image-preview:large, max-video-preview:-1\" \/>\n<link rel=\"canonical\" href=\"https:\/\/redenoticiaz.com.br\/litoralsp\/2022\/09\/13\/prefeitura-de-guaruja-inicia-reformas-em-cemiterios-para-dia-de-finados\" \/>\n<meta property=\"og:locale\" content=\"pt_BR\" \/>\n<meta property=\"og:type\" content=\"article\" \/>\n<meta property=\"og:title\" content=\"Prefeitura de Guaruj\u00e1 inicia reformas em cemit\u00e9rios para Dia de Finados - Litoral SP\" \/>\n<meta property=\"og:description\" content=\"A Prefeitura de Guaruj\u00e1 iniciou reformas no Cemit\u00e9rio da Consola\u00e7\u00e3o, no Parque Estu\u00e1rio, em Vicente de Carvalho, e da Saudade, na Vila J\u00falia.\" \/>\n<meta property=\"og:url\" content=\"https:\/\/redenoticiaz.com.br\/litoralsp\/2022\/09\/13\/prefeitura-de-guaruja-inicia-reformas-em-cemiterios-para-dia-de-finados\" \/>\n<meta property=\"og:site_name\" content=\"Litoral SP\" \/>\n<meta property=\"article:published_time\" content=\"2022-09-13T17:21:09+00:00\" \/>\n<meta property=\"og:image\" content=\"https:\/\/redenoticiaz.com.br\/litoralsp\/wp-content\/uploads\/sites\/3\/2022\/09\/WhatsApp-Image-2022-09-13-at-12.05.30.jpeg\" \/>\n\t<meta property=\"og:image:width\" content=\"1280\" \/>\n\t<meta property=\"og:image:height\" content=\"960\" \/>\n\t<meta property=\"og:image:type\" content=\"image\/jpeg\" \/>\n<meta name=\"author\" content=\"Gustavo Silva\" \/>\n<meta name=\"twitter:card\" content=\"summary_large_image\" \/>\n<meta name=\"twitter:label1\" content=\"Escrito por\" \/>\n\t<meta name=\"twitter:data1\" content=\"Gustavo Silva\" \/>\n\t<meta name=\"twitter:label2\" content=\"Est. tempo de leitura\" \/>\n\t<meta name=\"twitter:data2\" content=\"1 minuto\" \/>\n<script type=\"application\/ld+json\" class=\"yoast-schema-graph\">{\"@context\":\"https:\\\/\\\/schema.org\",\"@graph\":[{\"@type\":\"Article\",\"@id\":\"https:\\\/\\\/redenoticiaz.com.br\\\/litoralsp\\\/2022\\\/09\\\/13\\\/prefeitura-de-guaruja-inicia-reformas-em-cemiterios-para-dia-de-finados#article\",\"isPartOf\":{\"@id\":\"https:\\\/\\\/redenoticiaz.com.br\\\/litoralsp\\\/2022\\\/09\\\/13\\\/prefeitura-de-guaruja-inicia-reformas-em-cemiterios-para-dia-de-finados\"},\"author\":{\"name\":\"Gustavo Silva\",\"@id\":\"https:\\\/\\\/redenoticiaz.com.br\\\/litoralsp\\\/#\\\/schema\\\/person\\\/16057b37a3c0ee6b096d7f887c566e2e\"},\"headline\":\"Prefeitura de Guaruj\u00e1 inicia reformas em cemit\u00e9rios para Dia de Finados\",\"datePublished\":\"2022-09-13T17:21:09+00:00\",\"mainEntityOfPage\":{\"@id\":\"https:\\\/\\\/redenoticiaz.com.br\\\/litoralsp\\\/2022\\\/09\\\/13\\\/prefeitura-de-guaruja-inicia-reformas-em-cemiterios-para-dia-de-finados\"},\"wordCount\":194,\"commentCount\":0,\"publisher\":{\"@id\":\"https:\\\/\\\/redenoticiaz.com.br\\\/litoralsp\\\/#organization\"},\"image\":{\"@id\":\"https:\\\/\\\/redenoticiaz.com.br\\\/litoralsp\\\/2022\\\/09\\\/13\\\/prefeitura-de-guaruja-inicia-reformas-em-cemiterios-para-dia-de-finados#primaryimage\"},\"thumbnailUrl\":\"https:\\\/\\\/redenoticiaz.com.br\\\/litoralsp\\\/wp-content\\\/uploads\\\/sites\\\/3\\\/2022\\\/09\\\/WhatsApp-Image-2022-09-13-at-12.05.30.jpeg\",\"keywords\":[\"Cemit\u00e9rio da Consola\u00e7\u00e3o\",\"Cemit\u00e9rio da Saudade\",\"PREFEITURA DE GUARUJ\u00c1\",\"reformas em cemit\u00e9rios\",\"Secretaria Municipal de Opera\u00e7\u00f5es Urbanas (Seurb)\"],\"articleSection\":[\"Guaruj\u00e1\"],\"inLanguage\":\"pt-BR\",\"potentialAction\":[{\"@type\":\"CommentAction\",\"name\":\"Comment\",\"target\":[\"https:\\\/\\\/redenoticiaz.com.br\\\/litoralsp\\\/2022\\\/09\\\/13\\\/prefeitura-de-guaruja-inicia-reformas-em-cemiterios-para-dia-de-finados#respond\"]}]},{\"@type\":\"WebPage\",\"@id\":\"https:\\\/\\\/redenoticiaz.com.br\\\/litoralsp\\\/2022\\\/09\\\/13\\\/prefeitura-de-guaruja-inicia-reformas-em-cemiterios-para-dia-de-finados\",\"url\":\"https:\\\/\\\/redenoticiaz.com.br\\\/litoralsp\\\/2022\\\/09\\\/13\\\/prefeitura-de-guaruja-inicia-reformas-em-cemiterios-para-dia-de-finados\",\"name\":\"Prefeitura de Guaruj\u00e1 inicia reformas em cemit\u00e9rios para Dia de Finados - Litoral SP\",\"isPartOf\":{\"@id\":\"https:\\\/\\\/redenoticiaz.com.br\\\/litoralsp\\\/#website\"},\"primaryImageOfPage\":{\"@id\":\"https:\\\/\\\/redenoticiaz.com.br\\\/litoralsp\\\/2022\\\/09\\\/13\\\/prefeitura-de-guaruja-inicia-reformas-em-cemiterios-para-dia-de-finados#primaryimage\"},\"image\":{\"@id\":\"https:\\\/\\\/redenoticiaz.com.br\\\/litoralsp\\\/2022\\\/09\\\/13\\\/prefeitura-de-guaruja-inicia-reformas-em-cemiterios-para-dia-de-finados#primaryimage\"},\"thumbnailUrl\":\"https:\\\/\\\/redenoticiaz.com.br\\\/litoralsp\\\/wp-content\\\/uploads\\\/sites\\\/3\\\/2022\\\/09\\\/WhatsApp-Image-2022-09-13-at-12.05.30.jpeg\",\"datePublished\":\"2022-09-13T17:21:09+00:00\",\"description\":\"A Prefeitura de Guaruj\u00e1 iniciou reformas no Cemit\u00e9rio da Consola\u00e7\u00e3o, no Parque Estu\u00e1rio, em Vicente de Carvalho, e da Saudade, na Vila J\u00falia.\",\"inLanguage\":\"pt-BR\",\"potentialAction\":[{\"@type\":\"ReadAction\",\"target\":[\"https:\\\/\\\/redenoticiaz.com.br\\\/litoralsp\\\/2022\\\/09\\\/13\\\/prefeitura-de-guaruja-inicia-reformas-em-cemiterios-para-dia-de-finados\"]}]},{\"@type\":\"ImageObject\",\"inLanguage\":\"pt-BR\",\"@id\":\"https:\\\/\\\/redenoticiaz.com.br\\\/litoralsp\\\/2022\\\/09\\\/13\\\/prefeitura-de-guaruja-inicia-reformas-em-cemiterios-para-dia-de-finados#primaryimage\",\"url\":\"https:\\\/\\\/redenoticiaz.com.br\\\/litoralsp\\\/wp-content\\\/uploads\\\/sites\\\/3\\\/2022\\\/09\\\/WhatsApp-Image-2022-09-13-at-12.05.30.jpeg\",\"contentUrl\":\"https:\\\/\\\/redenoticiaz.com.br\\\/litoralsp\\\/wp-content\\\/uploads\\\/sites\\\/3\\\/2022\\\/09\\\/WhatsApp-Image-2022-09-13-at-12.05.30.jpeg\",\"width\":1280,\"height\":960,\"caption\":\"Prefeitura de Guaruj\u00e1 inicia reformas em cemit\u00e9rios para Dia de Finados\"},{\"@type\":\"WebSite\",\"@id\":\"https:\\\/\\\/redenoticiaz.com.br\\\/litoralsp\\\/#website\",\"url\":\"https:\\\/\\\/redenoticiaz.com.br\\\/litoralsp\\\/\",\"name\":\"Litoral SP\",\"description\":\"Rede NoticiaZ\",\"publisher\":{\"@id\":\"https:\\\/\\\/redenoticiaz.com.br\\\/litoralsp\\\/#organization\"},\"potentialAction\":[{\"@type\":\"SearchAction\",\"target\":{\"@type\":\"EntryPoint\",\"urlTemplate\":\"https:\\\/\\\/redenoticiaz.com.br\\\/litoralsp\\\/?s={search_term_string}\"},\"query-input\":{\"@type\":\"PropertyValueSpecification\",\"valueRequired\":true,\"valueName\":\"search_term_string\"}}],\"inLanguage\":\"pt-BR\"},{\"@type\":\"Organization\",\"@id\":\"https:\\\/\\\/redenoticiaz.com.br\\\/litoralsp\\\/#organization\",\"name\":\"Litoral SP\",\"url\":\"https:\\\/\\\/redenoticiaz.com.br\\\/litoralsp\\\/\",\"logo\":{\"@type\":\"ImageObject\",\"inLanguage\":\"pt-BR\",\"@id\":\"https:\\\/\\\/redenoticiaz.com.br\\\/litoralsp\\\/#\\\/schema\\\/logo\\\/image\\\/\",\"url\":\"https:\\\/\\\/redenoticiaz.com.br\\\/litoralsp\\\/wp-content\\\/uploads\\\/sites\\\/3\\\/2020\\\/11\\\/logo.jpg\",\"contentUrl\":\"https:\\\/\\\/redenoticiaz.com.br\\\/litoralsp\\\/wp-content\\\/uploads\\\/sites\\\/3\\\/2020\\\/11\\\/logo.jpg\",\"width\":400,\"height\":250,\"caption\":\"Litoral SP\"},\"image\":{\"@id\":\"https:\\\/\\\/redenoticiaz.com.br\\\/litoralsp\\\/#\\\/schema\\\/logo\\\/image\\\/\"}},{\"@type\":\"Person\",\"@id\":\"https:\\\/\\\/redenoticiaz.com.br\\\/litoralsp\\\/#\\\/schema\\\/person\\\/16057b37a3c0ee6b096d7f887c566e2e\",\"name\":\"Gustavo Silva\",\"image\":{\"@type\":\"ImageObject\",\"inLanguage\":\"pt-BR\",\"@id\":\"https:\\\/\\\/secure.gravatar.com\\\/avatar\\\/3ee4e82f93b26de0a7cf4ea5eb7893da637ed6bb0c9170c58065944c56e28a33?s=96&d=mm&r=g\",\"url\":\"https:\\\/\\\/secure.gravatar.com\\\/avatar\\\/3ee4e82f93b26de0a7cf4ea5eb7893da637ed6bb0c9170c58065944c56e28a33?s=96&d=mm&r=g\",\"contentUrl\":\"https:\\\/\\\/secure.gravatar.com\\\/avatar\\\/3ee4e82f93b26de0a7cf4ea5eb7893da637ed6bb0c9170c58065944c56e28a33?s=96&d=mm&r=g\",\"caption\":\"Gustavo Silva\"},\"url\":\"https:\\\/\\\/redenoticiaz.com.br\\\/litoralsp\\\/author\\\/gustavosilva\"}]}<\/script>\n<!-- \/ Yoast SEO plugin. -->","yoast_head_json":{"title":"Prefeitura de Guaruj\u00e1 inicia reformas em cemit\u00e9rios para Dia de Finados - Litoral SP","description":"A Prefeitura de Guaruj\u00e1 iniciou reformas no Cemit\u00e9rio da Consola\u00e7\u00e3o, no Parque Estu\u00e1rio, em Vicente de Carvalho, e da Saudade, na Vila J\u00falia.","robots":{"index":"index","follow":"follow","max-snippet":"max-snippet:-1","max-image-preview":"max-image-preview:large","max-video-preview":"max-video-preview:-1"},"canonical":"https:\/\/redenoticiaz.com.br\/litoralsp\/2022\/09\/13\/prefeitura-de-guaruja-inicia-reformas-em-cemiterios-para-dia-de-finados","og_locale":"pt_BR","og_type":"article","og_title":"Prefeitura de Guaruj\u00e1 inicia reformas em cemit\u00e9rios para Dia de Finados - Litoral SP","og_description":"A Prefeitura de Guaruj\u00e1 iniciou reformas no Cemit\u00e9rio da Consola\u00e7\u00e3o, no Parque Estu\u00e1rio, em Vicente de Carvalho, e da Saudade, na Vila J\u00falia.","og_url":"https:\/\/redenoticiaz.com.br\/litoralsp\/2022\/09\/13\/prefeitura-de-guaruja-inicia-reformas-em-cemiterios-para-dia-de-finados","og_site_name":"Litoral SP","article_published_time":"2022-09-13T17:21:09+00:00","og_image":[{"width":1280,"height":960,"url":"https:\/\/redenoticiaz.com.br\/litoralsp\/wp-content\/uploads\/sites\/3\/2022\/09\/WhatsApp-Image-2022-09-13-at-12.05.30.jpeg","type":"image\/jpeg"}],"author":"Gustavo Silva","twitter_card":"summary_large_image","twitter_misc":{"Escrito por":"Gustavo Silva","Est. tempo de leitura":"1 minuto"},"schema":{"@context":"https:\/\/schema.org","@graph":[{"@type":"Article","@id":"https:\/\/redenoticiaz.com.br\/litoralsp\/2022\/09\/13\/prefeitura-de-guaruja-inicia-reformas-em-cemiterios-para-dia-de-finados#article","isPartOf":{"@id":"https:\/\/redenoticiaz.com.br\/litoralsp\/2022\/09\/13\/prefeitura-de-guaruja-inicia-reformas-em-cemiterios-para-dia-de-finados"},"author":{"name":"Gustavo Silva","@id":"https:\/\/redenoticiaz.com.br\/litoralsp\/#\/schema\/person\/16057b37a3c0ee6b096d7f887c566e2e"},"headline":"Prefeitura de Guaruj\u00e1 inicia reformas em cemit\u00e9rios para Dia de Finados","datePublished":"2022-09-13T17:21:09+00:00","mainEntityOfPage":{"@id":"https:\/\/redenoticiaz.com.br\/litoralsp\/2022\/09\/13\/prefeitura-de-guaruja-inicia-reformas-em-cemiterios-para-dia-de-finados"},"wordCount":194,"commentCount":0,"publisher":{"@id":"https:\/\/redenoticiaz.com.br\/litoralsp\/#organization"},"image":{"@id":"https:\/\/redenoticiaz.com.br\/litoralsp\/2022\/09\/13\/prefeitura-de-guaruja-inicia-reformas-em-cemiterios-para-dia-de-finados#primaryimage"},"thumbnailUrl":"https:\/\/redenoticiaz.com.br\/litoralsp\/wp-content\/uploads\/sites\/3\/2022\/09\/WhatsApp-Image-2022-09-13-at-12.05.30.jpeg","keywords":["Cemit\u00e9rio da Consola\u00e7\u00e3o","Cemit\u00e9rio da Saudade","PREFEITURA DE GUARUJ\u00c1","reformas em cemit\u00e9rios","Secretaria Municipal de Opera\u00e7\u00f5es Urbanas (Seurb)"],"articleSection":["Guaruj\u00e1"],"inLanguage":"pt-BR","potentialAction":[{"@type":"CommentAction","name":"Comment","target":["https:\/\/redenoticiaz.com.br\/litoralsp\/2022\/09\/13\/prefeitura-de-guaruja-inicia-reformas-em-cemiterios-para-dia-de-finados#respond"]}]},{"@type":"WebPage","@id":"https:\/\/redenoticiaz.com.br\/litoralsp\/2022\/09\/13\/prefeitura-de-guaruja-inicia-reformas-em-cemiterios-para-dia-de-finados","url":"https:\/\/redenoticiaz.com.br\/litoralsp\/2022\/09\/13\/prefeitura-de-guaruja-inicia-reformas-em-cemiterios-para-dia-de-finados","name":"Prefeitura de Guaruj\u00e1 inicia reformas em cemit\u00e9rios para Dia de Finados - Litoral SP","isPartOf":{"@id":"https:\/\/redenoticiaz.com.br\/litoralsp\/#website"},"primaryImageOfPage":{"@id":"https:\/\/redenoticiaz.com.br\/litoralsp\/2022\/09\/13\/prefeitura-de-guaruja-inicia-reformas-em-cemiterios-para-dia-de-finados#primaryimage"},"image":{"@id":"https:\/\/redenoticiaz.com.br\/litoralsp\/2022\/09\/13\/prefeitura-de-guaruja-inicia-reformas-em-cemiterios-para-dia-de-finados#primaryimage"},"thumbnailUrl":"https:\/\/redenoticiaz.com.br\/litoralsp\/wp-content\/uploads\/sites\/3\/2022\/09\/WhatsApp-Image-2022-09-13-at-12.05.30.jpeg","datePublished":"2022-09-13T17:21:09+00:00","description":"A Prefeitura de Guaruj\u00e1 iniciou reformas no Cemit\u00e9rio da Consola\u00e7\u00e3o, no Parque Estu\u00e1rio, em Vicente de Carvalho, e da Saudade, na Vila J\u00falia.","inLanguage":"pt-BR","potentialAction":[{"@type":"ReadAction","target":["https:\/\/redenoticiaz.com.br\/litoralsp\/2022\/09\/13\/prefeitura-de-guaruja-inicia-reformas-em-cemiterios-para-dia-de-finados"]}]},{"@type":"ImageObject","inLanguage":"pt-BR","@id":"https:\/\/redenoticiaz.com.br\/litoralsp\/2022\/09\/13\/prefeitura-de-guaruja-inicia-reformas-em-cemiterios-para-dia-de-finados#primaryimage","url":"https:\/\/redenoticiaz.com.br\/litoralsp\/wp-content\/uploads\/sites\/3\/2022\/09\/WhatsApp-Image-2022-09-13-at-12.05.30.jpeg","contentUrl":"https:\/\/redenoticiaz.com.br\/litoralsp\/wp-content\/uploads\/sites\/3\/2022\/09\/WhatsApp-Image-2022-09-13-at-12.05.30.jpeg","width":1280,"height":960,"caption":"Prefeitura de Guaruj\u00e1 inicia reformas em cemit\u00e9rios para Dia de Finados"},{"@type":"WebSite","@id":"https:\/\/redenoticiaz.com.br\/litoralsp\/#website","url":"https:\/\/redenoticiaz.com.br\/litoralsp\/","name":"Litoral SP","description":"Rede NoticiaZ","publisher":{"@id":"https:\/\/redenoticiaz.com.br\/litoralsp\/#organization"},"potentialAction":[{"@type":"SearchAction","target":{"@type":"EntryPoint","urlTemplate":"https:\/\/redenoticiaz.com.br\/litoralsp\/?s={search_term_string}"},"query-input":{"@type":"PropertyValueSpecification","valueRequired":true,"valueName":"search_term_string"}}],"inLanguage":"pt-BR"},{"@type":"Organization","@id":"https:\/\/redenoticiaz.com.br\/litoralsp\/#organization","name":"Litoral SP","url":"https:\/\/redenoticiaz.com.br\/litoralsp\/","logo":{"@type":"ImageObject","inLanguage":"pt-BR","@id":"https:\/\/redenoticiaz.com.br\/litoralsp\/#\/schema\/logo\/image\/","url":"https:\/\/redenoticiaz.com.br\/litoralsp\/wp-content\/uploads\/sites\/3\/2020\/11\/logo.jpg","contentUrl":"https:\/\/redenoticiaz.com.br\/litoralsp\/wp-content\/uploads\/sites\/3\/2020\/11\/logo.jpg","width":400,"height":250,"caption":"Litoral SP"},"image":{"@id":"https:\/\/redenoticiaz.com.br\/litoralsp\/#\/schema\/logo\/image\/"}},{"@type":"Person","@id":"https:\/\/redenoticiaz.com.br\/litoralsp\/#\/schema\/person\/16057b37a3c0ee6b096d7f887c566e2e","name":"Gustavo Silva","image":{"@type":"ImageObject","inLanguage":"pt-BR","@id":"https:\/\/secure.gravatar.com\/avatar\/3ee4e82f93b26de0a7cf4ea5eb7893da637ed6bb0c9170c58065944c56e28a33?s=96&d=mm&r=g","url":"https:\/\/secure.gravatar.com\/avatar\/3ee4e82f93b26de0a7cf4ea5eb7893da637ed6bb0c9170c58065944c56e28a33?s=96&d=mm&r=g","contentUrl":"https:\/\/secure.gravatar.com\/avatar\/3ee4e82f93b26de0a7cf4ea5eb7893da637ed6bb0c9170c58065944c56e28a33?s=96&d=mm&r=g","caption":"Gustavo Silva"},"url":"https:\/\/redenoticiaz.com.br\/litoralsp\/author\/gustavosilva"}]}},"_links":{"self":[{"href":"https:\/\/redenoticiaz.com.br\/litoralsp\/wp-json\/wp\/v2\/posts\/91374","targetHints":{"allow":["GET"]}}],"collection":[{"href":"https:\/\/redenoticiaz.com.br\/litoralsp\/wp-json\/wp\/v2\/posts"}],"about":[{"href":"https:\/\/redenoticiaz.com.br\/litoralsp\/wp-json\/wp\/v2\/types\/post"}],"author":[{"embeddable":true,"href":"https:\/\/redenoticiaz.com.br\/litoralsp\/wp-json\/wp\/v2\/users\/12"}],"replies":[{"embeddable":true,"href":"https:\/\/redenoticiaz.com.br\/litoralsp\/wp-json\/wp\/v2\/comments?post=91374"}],"version-history":[{"count":1,"href":"https:\/\/redenoticiaz.com.br\/litoralsp\/wp-json\/wp\/v2\/posts\/91374\/revisions"}],"predecessor-version":[{"id":91376,"href":"https:\/\/redenoticiaz.com.br\/litoralsp\/wp-json\/wp\/v2\/posts\/91374\/revisions\/91376"}],"wp:featuredmedia":[{"embeddable":true,"href":"https:\/\/redenoticiaz.com.br\/litoralsp\/wp-json\/wp\/v2\/media\/91375"}],"wp:attachment":[{"href":"https:\/\/redenoticiaz.com.br\/litoralsp\/wp-json\/wp\/v2\/media?parent=91374"}],"wp:term":[{"taxonomy":"category","embeddable":true,"href":"https:\/\/redenoticiaz.com.br\/litoralsp\/wp-json\/wp\/v2\/categories?post=91374"},{"taxonomy":"post_tag","embeddable":true,"href":"https:\/\/redenoticiaz.com.br\/litoralsp\/wp-json\/wp\/v2\/tags?post=91374"}],"curies":[{"name":"wp","href":"https:\/\/api.w.org\/{rel}","templated":true}]}}