{"id":91453,"date":"2022-09-14T19:48:48","date_gmt":"2022-09-14T22:48:48","guid":{"rendered":"https:\/\/redenoticiaz.com.br\/litoralsp\/?p=91453"},"modified":"2022-09-14T19:48:48","modified_gmt":"2022-09-14T22:48:48","slug":"policia-civil-prende-em-flagrante-quatro-comerciantes-por-furto-de-energia-eletrica-no-guaruja","status":"publish","type":"post","link":"https:\/\/redenoticiaz.com.br\/litoralsp\/2022\/09\/14\/policia-civil-prende-em-flagrante-quatro-comerciantes-por-furto-de-energia-eletrica-no-guaruja","title":{"rendered":"Pol\u00edcia Civil prende em flagrante quatro comerciantes por furto de energia el\u00e9trica no Guaruj\u00e1"},"content":{"rendered":"<p>A Pol\u00edcia Civil prendeu em flagrante quatro comerciantes por furto de energia el\u00e9trica no Guaruj\u00e1 na tarde desta ter\u00e7a-feira (14).<\/p>\n<p>De acordo com as informa\u00e7\u00f5es, a pris\u00e3o \u00e9 fruto de uma a\u00e7\u00e3o em campo contra o furto de energia que acontecia no Bairro Parque Enseada.<\/p>\n<div id='gallery-1' class='gallery galleryid-91453 gallery-columns-3 gallery-size-large'><figure class='gallery-item'>\n\t\t\t<div class='gallery-icon portrait'>\n\t\t\t\t<a href='https:\/\/redenoticiaz.com.br\/litoralsp\/2022\/09\/14\/policia-civil-prende-em-flagrante-quatro-comerciantes-por-furto-de-energia-eletrica-no-guaruja\/86937eff-1ced-42bf-8581-e26e5f081860'><img loading=\"lazy\" decoding=\"async\" width=\"683\" height=\"1024\" src=\"https:\/\/redenoticiaz.com.br\/litoralsp\/wp-content\/uploads\/sites\/3\/2022\/09\/86937eff-1ced-42bf-8581-e26e5f081860-683x1024.jpg\" class=\"attachment-large size-large\" alt=\"\" srcset=\"https:\/\/redenoticiaz.com.br\/litoralsp\/wp-content\/uploads\/sites\/3\/2022\/09\/86937eff-1ced-42bf-8581-e26e5f081860-683x1024.jpg 683w, https:\/\/redenoticiaz.com.br\/litoralsp\/wp-content\/uploads\/sites\/3\/2022\/09\/86937eff-1ced-42bf-8581-e26e5f081860-200x300.jpg 200w, https:\/\/redenoticiaz.com.br\/litoralsp\/wp-content\/uploads\/sites\/3\/2022\/09\/86937eff-1ced-42bf-8581-e26e5f081860-768x1151.jpg 768w, https:\/\/redenoticiaz.com.br\/litoralsp\/wp-content\/uploads\/sites\/3\/2022\/09\/86937eff-1ced-42bf-8581-e26e5f081860.jpg 721w\" sizes=\"auto, (max-width: 683px) 100vw, 683px\" \/><\/a>\n\t\t\t<\/div><\/figure><figure class='gallery-item'>\n\t\t\t<div class='gallery-icon portrait'>\n\t\t\t\t<a href='https:\/\/redenoticiaz.com.br\/litoralsp\/2022\/09\/14\/policia-civil-prende-em-flagrante-quatro-comerciantes-por-furto-de-energia-eletrica-no-guaruja\/119d5d0b-e4d7-45b3-80f3-c29b37ea8b76'><img loading=\"lazy\" decoding=\"async\" width=\"683\" height=\"1024\" src=\"https:\/\/redenoticiaz.com.br\/litoralsp\/wp-content\/uploads\/sites\/3\/2022\/09\/119d5d0b-e4d7-45b3-80f3-c29b37ea8b76-683x1024.jpg\" class=\"attachment-large size-large\" alt=\"Pol\u00edcia Civil prende em flagrante quatro comerciantes por furto de energia el\u00e9trica no Guaruj\u00e1\" srcset=\"https:\/\/redenoticiaz.com.br\/litoralsp\/wp-content\/uploads\/sites\/3\/2022\/09\/119d5d0b-e4d7-45b3-80f3-c29b37ea8b76-683x1024.jpg 683w, https:\/\/redenoticiaz.com.br\/litoralsp\/wp-content\/uploads\/sites\/3\/2022\/09\/119d5d0b-e4d7-45b3-80f3-c29b37ea8b76-200x300.jpg 200w, https:\/\/redenoticiaz.com.br\/litoralsp\/wp-content\/uploads\/sites\/3\/2022\/09\/119d5d0b-e4d7-45b3-80f3-c29b37ea8b76-768x1151.jpg 768w, https:\/\/redenoticiaz.com.br\/litoralsp\/wp-content\/uploads\/sites\/3\/2022\/09\/119d5d0b-e4d7-45b3-80f3-c29b37ea8b76.jpg 721w\" sizes=\"auto, (max-width: 683px) 100vw, 683px\" \/><\/a>\n\t\t\t<\/div><\/figure>\n\t\t<\/div>\n\n<p>Ainda de acordo com as autoridades, no local foram visitados restaurantes, lojas de conveni\u00eancia, mercado e padaria. Nos quatro estabelecimentos foi constatado o crime.<\/p>\n<p>Sendo assim, os suspeitos foram encaminhados \u00e0 Delegacia e todos pagaram fian\u00e7a de R$ 1300,00 para serem liberados e responder ao crime em liberdade.<\/p>\n<p>A empresa concession\u00e1ria de energia el\u00e9trica elaborar\u00e1 laudos t\u00e9cnicos aferindo o valor do preju\u00edzo gerado \u00e0 empresa e aos consumidores.<\/p>\n<p><strong>Leia mais<\/strong><\/p>\n<p><a href=\"https:\/\/redenoticiaz.com.br\/litoralsp\/2022\/09\/12\/guaruja-torna-facultativo-o-uso-de-mascaras-no-transporte-publico\">Guaruj\u00e1 torna facultativo o uso de m\u00e1scaras no transporte p\u00fablico<\/a><\/p>\n","protected":false},"excerpt":{"rendered":"<p>A Pol\u00edcia Civil prendeu em flagrante quatro comerciantes por furto de energia el\u00e9trica no Guaruj\u00e1 na tarde desta ter\u00e7a-feira (14). De acordo com as informa\u00e7\u00f5es, a pris\u00e3o \u00e9 fruto de uma a\u00e7\u00e3o em campo contra o furto de energia que acontecia no Bairro Parque Enseada. Ainda de acordo com as autoridades, no local foram visitados &hellip;<\/p>\n","protected":false},"author":12,"featured_media":91454,"comment_status":"open","ping_status":"closed","sticky":false,"template":"","format":"standard","meta":{"footnotes":""},"categories":[187],"tags":[11286,1006,43450,1762],"class_list":["post-91453","post","type-post","status-publish","format-standard","has-post-thumbnail","hentry","category-guaruja","tag-energia-eletrica","tag-guaruja","tag-parque-enseada","tag-policia-civil"],"yoast_head":"<!-- This site is optimized with the Yoast SEO plugin v27.4 - https:\/\/yoast.com\/product\/yoast-seo-wordpress\/ -->\n<title>Pol\u00edcia Civil prende em flagrante quatro comerciantes por furto de energia el\u00e9trica no Guaruj\u00e1 - Litoral SP<\/title>\n<meta name=\"description\" content=\"A Pol\u00edcia Civil prendeu em flagrante quatro comerciantes por furto de energia el\u00e9trica no Guaruj\u00e1 na tarde desta ter\u00e7a-feira (14).\" \/>\n<meta name=\"robots\" content=\"index, follow, max-snippet:-1, max-image-preview:large, max-video-preview:-1\" \/>\n<link rel=\"canonical\" href=\"https:\/\/redenoticiaz.com.br\/litoralsp\/2022\/09\/14\/policia-civil-prende-em-flagrante-quatro-comerciantes-por-furto-de-energia-eletrica-no-guaruja\" \/>\n<meta property=\"og:locale\" content=\"pt_BR\" \/>\n<meta property=\"og:type\" content=\"article\" \/>\n<meta property=\"og:title\" content=\"Pol\u00edcia Civil prende em flagrante quatro comerciantes por furto de energia el\u00e9trica no Guaruj\u00e1 - Litoral SP\" \/>\n<meta property=\"og:description\" content=\"A Pol\u00edcia Civil prendeu em flagrante quatro comerciantes por furto de energia el\u00e9trica no Guaruj\u00e1 na tarde desta ter\u00e7a-feira (14).\" \/>\n<meta property=\"og:url\" content=\"https:\/\/redenoticiaz.com.br\/litoralsp\/2022\/09\/14\/policia-civil-prende-em-flagrante-quatro-comerciantes-por-furto-de-energia-eletrica-no-guaruja\" \/>\n<meta property=\"og:site_name\" content=\"Litoral SP\" \/>\n<meta property=\"article:published_time\" content=\"2022-09-14T22:48:48+00:00\" \/>\n<meta property=\"og:image\" content=\"https:\/\/redenoticiaz.com.br\/litoralsp\/wp-content\/uploads\/sites\/3\/2022\/09\/3a0ff7be-3a51-42d3-92e4-817fa89b8e96.jpg\" \/>\n\t<meta property=\"og:image:width\" content=\"1280\" \/>\n\t<meta property=\"og:image:height\" content=\"854\" \/>\n\t<meta property=\"og:image:type\" content=\"image\/jpeg\" \/>\n<meta name=\"author\" content=\"Gustavo Silva\" \/>\n<meta name=\"twitter:card\" content=\"summary_large_image\" \/>\n<meta name=\"twitter:label1\" content=\"Escrito por\" \/>\n\t<meta name=\"twitter:data1\" content=\"Gustavo Silva\" \/>\n\t<meta name=\"twitter:label2\" content=\"Est. tempo de leitura\" \/>\n\t<meta name=\"twitter:data2\" content=\"1 minuto\" \/>\n<script type=\"application\/ld+json\" class=\"yoast-schema-graph\">{\"@context\":\"https:\\\/\\\/schema.org\",\"@graph\":[{\"@type\":\"Article\",\"@id\":\"https:\\\/\\\/redenoticiaz.com.br\\\/litoralsp\\\/2022\\\/09\\\/14\\\/policia-civil-prende-em-flagrante-quatro-comerciantes-por-furto-de-energia-eletrica-no-guaruja#article\",\"isPartOf\":{\"@id\":\"https:\\\/\\\/redenoticiaz.com.br\\\/litoralsp\\\/2022\\\/09\\\/14\\\/policia-civil-prende-em-flagrante-quatro-comerciantes-por-furto-de-energia-eletrica-no-guaruja\"},\"author\":{\"name\":\"Gustavo Silva\",\"@id\":\"https:\\\/\\\/redenoticiaz.com.br\\\/litoralsp\\\/#\\\/schema\\\/person\\\/16057b37a3c0ee6b096d7f887c566e2e\"},\"headline\":\"Pol\u00edcia Civil prende em flagrante quatro comerciantes por furto de energia el\u00e9trica no Guaruj\u00e1\",\"datePublished\":\"2022-09-14T22:48:48+00:00\",\"mainEntityOfPage\":{\"@id\":\"https:\\\/\\\/redenoticiaz.com.br\\\/litoralsp\\\/2022\\\/09\\\/14\\\/policia-civil-prende-em-flagrante-quatro-comerciantes-por-furto-de-energia-eletrica-no-guaruja\"},\"wordCount\":154,\"commentCount\":0,\"publisher\":{\"@id\":\"https:\\\/\\\/redenoticiaz.com.br\\\/litoralsp\\\/#organization\"},\"image\":{\"@id\":\"https:\\\/\\\/redenoticiaz.com.br\\\/litoralsp\\\/2022\\\/09\\\/14\\\/policia-civil-prende-em-flagrante-quatro-comerciantes-por-furto-de-energia-eletrica-no-guaruja#primaryimage\"},\"thumbnailUrl\":\"https:\\\/\\\/redenoticiaz.com.br\\\/litoralsp\\\/wp-content\\\/uploads\\\/sites\\\/3\\\/2022\\\/09\\\/3a0ff7be-3a51-42d3-92e4-817fa89b8e96.jpg\",\"keywords\":[\"ENERGIA EL\u00c9TRICA\",\"GUARUJ\u00c1\",\"PARQUE ENSEADA\",\"POL\u00cdCIA CIVIL\"],\"articleSection\":[\"Guaruj\u00e1\"],\"inLanguage\":\"pt-BR\",\"potentialAction\":[{\"@type\":\"CommentAction\",\"name\":\"Comment\",\"target\":[\"https:\\\/\\\/redenoticiaz.com.br\\\/litoralsp\\\/2022\\\/09\\\/14\\\/policia-civil-prende-em-flagrante-quatro-comerciantes-por-furto-de-energia-eletrica-no-guaruja#respond\"]}]},{\"@type\":\"WebPage\",\"@id\":\"https:\\\/\\\/redenoticiaz.com.br\\\/litoralsp\\\/2022\\\/09\\\/14\\\/policia-civil-prende-em-flagrante-quatro-comerciantes-por-furto-de-energia-eletrica-no-guaruja\",\"url\":\"https:\\\/\\\/redenoticiaz.com.br\\\/litoralsp\\\/2022\\\/09\\\/14\\\/policia-civil-prende-em-flagrante-quatro-comerciantes-por-furto-de-energia-eletrica-no-guaruja\",\"name\":\"Pol\u00edcia Civil prende em flagrante quatro comerciantes por furto de energia el\u00e9trica no Guaruj\u00e1 - Litoral SP\",\"isPartOf\":{\"@id\":\"https:\\\/\\\/redenoticiaz.com.br\\\/litoralsp\\\/#website\"},\"primaryImageOfPage\":{\"@id\":\"https:\\\/\\\/redenoticiaz.com.br\\\/litoralsp\\\/2022\\\/09\\\/14\\\/policia-civil-prende-em-flagrante-quatro-comerciantes-por-furto-de-energia-eletrica-no-guaruja#primaryimage\"},\"image\":{\"@id\":\"https:\\\/\\\/redenoticiaz.com.br\\\/litoralsp\\\/2022\\\/09\\\/14\\\/policia-civil-prende-em-flagrante-quatro-comerciantes-por-furto-de-energia-eletrica-no-guaruja#primaryimage\"},\"thumbnailUrl\":\"https:\\\/\\\/redenoticiaz.com.br\\\/litoralsp\\\/wp-content\\\/uploads\\\/sites\\\/3\\\/2022\\\/09\\\/3a0ff7be-3a51-42d3-92e4-817fa89b8e96.jpg\",\"datePublished\":\"2022-09-14T22:48:48+00:00\",\"description\":\"A Pol\u00edcia Civil prendeu em flagrante quatro comerciantes por furto de energia el\u00e9trica no Guaruj\u00e1 na tarde desta ter\u00e7a-feira (14).\",\"inLanguage\":\"pt-BR\",\"potentialAction\":[{\"@type\":\"ReadAction\",\"target\":[\"https:\\\/\\\/redenoticiaz.com.br\\\/litoralsp\\\/2022\\\/09\\\/14\\\/policia-civil-prende-em-flagrante-quatro-comerciantes-por-furto-de-energia-eletrica-no-guaruja\"]}]},{\"@type\":\"ImageObject\",\"inLanguage\":\"pt-BR\",\"@id\":\"https:\\\/\\\/redenoticiaz.com.br\\\/litoralsp\\\/2022\\\/09\\\/14\\\/policia-civil-prende-em-flagrante-quatro-comerciantes-por-furto-de-energia-eletrica-no-guaruja#primaryimage\",\"url\":\"https:\\\/\\\/redenoticiaz.com.br\\\/litoralsp\\\/wp-content\\\/uploads\\\/sites\\\/3\\\/2022\\\/09\\\/3a0ff7be-3a51-42d3-92e4-817fa89b8e96.jpg\",\"contentUrl\":\"https:\\\/\\\/redenoticiaz.com.br\\\/litoralsp\\\/wp-content\\\/uploads\\\/sites\\\/3\\\/2022\\\/09\\\/3a0ff7be-3a51-42d3-92e4-817fa89b8e96.jpg\",\"width\":1280,\"height\":854,\"caption\":\"Pol\u00edcia Civil prende em flagrante quatro comerciantes por furto de energia el\u00e9trica no Guaruj\u00e1\"},{\"@type\":\"WebSite\",\"@id\":\"https:\\\/\\\/redenoticiaz.com.br\\\/litoralsp\\\/#website\",\"url\":\"https:\\\/\\\/redenoticiaz.com.br\\\/litoralsp\\\/\",\"name\":\"Litoral SP\",\"description\":\"Rede NoticiaZ\",\"publisher\":{\"@id\":\"https:\\\/\\\/redenoticiaz.com.br\\\/litoralsp\\\/#organization\"},\"potentialAction\":[{\"@type\":\"SearchAction\",\"target\":{\"@type\":\"EntryPoint\",\"urlTemplate\":\"https:\\\/\\\/redenoticiaz.com.br\\\/litoralsp\\\/?s={search_term_string}\"},\"query-input\":{\"@type\":\"PropertyValueSpecification\",\"valueRequired\":true,\"valueName\":\"search_term_string\"}}],\"inLanguage\":\"pt-BR\"},{\"@type\":\"Organization\",\"@id\":\"https:\\\/\\\/redenoticiaz.com.br\\\/litoralsp\\\/#organization\",\"name\":\"Litoral SP\",\"url\":\"https:\\\/\\\/redenoticiaz.com.br\\\/litoralsp\\\/\",\"logo\":{\"@type\":\"ImageObject\",\"inLanguage\":\"pt-BR\",\"@id\":\"https:\\\/\\\/redenoticiaz.com.br\\\/litoralsp\\\/#\\\/schema\\\/logo\\\/image\\\/\",\"url\":\"https:\\\/\\\/redenoticiaz.com.br\\\/litoralsp\\\/wp-content\\\/uploads\\\/sites\\\/3\\\/2020\\\/11\\\/logo.jpg\",\"contentUrl\":\"https:\\\/\\\/redenoticiaz.com.br\\\/litoralsp\\\/wp-content\\\/uploads\\\/sites\\\/3\\\/2020\\\/11\\\/logo.jpg\",\"width\":400,\"height\":250,\"caption\":\"Litoral SP\"},\"image\":{\"@id\":\"https:\\\/\\\/redenoticiaz.com.br\\\/litoralsp\\\/#\\\/schema\\\/logo\\\/image\\\/\"}},{\"@type\":\"Person\",\"@id\":\"https:\\\/\\\/redenoticiaz.com.br\\\/litoralsp\\\/#\\\/schema\\\/person\\\/16057b37a3c0ee6b096d7f887c566e2e\",\"name\":\"Gustavo Silva\",\"image\":{\"@type\":\"ImageObject\",\"inLanguage\":\"pt-BR\",\"@id\":\"https:\\\/\\\/secure.gravatar.com\\\/avatar\\\/3ee4e82f93b26de0a7cf4ea5eb7893da637ed6bb0c9170c58065944c56e28a33?s=96&d=mm&r=g\",\"url\":\"https:\\\/\\\/secure.gravatar.com\\\/avatar\\\/3ee4e82f93b26de0a7cf4ea5eb7893da637ed6bb0c9170c58065944c56e28a33?s=96&d=mm&r=g\",\"contentUrl\":\"https:\\\/\\\/secure.gravatar.com\\\/avatar\\\/3ee4e82f93b26de0a7cf4ea5eb7893da637ed6bb0c9170c58065944c56e28a33?s=96&d=mm&r=g\",\"caption\":\"Gustavo Silva\"},\"url\":\"https:\\\/\\\/redenoticiaz.com.br\\\/litoralsp\\\/author\\\/gustavosilva\"}]}<\/script>\n<!-- \/ Yoast SEO plugin. -->","yoast_head_json":{"title":"Pol\u00edcia Civil prende em flagrante quatro comerciantes por furto de energia el\u00e9trica no Guaruj\u00e1 - Litoral SP","description":"A Pol\u00edcia Civil prendeu em flagrante quatro comerciantes por furto de energia el\u00e9trica no Guaruj\u00e1 na tarde desta ter\u00e7a-feira (14).","robots":{"index":"index","follow":"follow","max-snippet":"max-snippet:-1","max-image-preview":"max-image-preview:large","max-video-preview":"max-video-preview:-1"},"canonical":"https:\/\/redenoticiaz.com.br\/litoralsp\/2022\/09\/14\/policia-civil-prende-em-flagrante-quatro-comerciantes-por-furto-de-energia-eletrica-no-guaruja","og_locale":"pt_BR","og_type":"article","og_title":"Pol\u00edcia Civil prende em flagrante quatro comerciantes por furto de energia el\u00e9trica no Guaruj\u00e1 - Litoral SP","og_description":"A Pol\u00edcia Civil prendeu em flagrante quatro comerciantes por furto de energia el\u00e9trica no Guaruj\u00e1 na tarde desta ter\u00e7a-feira (14).","og_url":"https:\/\/redenoticiaz.com.br\/litoralsp\/2022\/09\/14\/policia-civil-prende-em-flagrante-quatro-comerciantes-por-furto-de-energia-eletrica-no-guaruja","og_site_name":"Litoral SP","article_published_time":"2022-09-14T22:48:48+00:00","og_image":[{"width":1280,"height":854,"url":"https:\/\/redenoticiaz.com.br\/litoralsp\/wp-content\/uploads\/sites\/3\/2022\/09\/3a0ff7be-3a51-42d3-92e4-817fa89b8e96.jpg","type":"image\/jpeg"}],"author":"Gustavo Silva","twitter_card":"summary_large_image","twitter_misc":{"Escrito por":"Gustavo Silva","Est. tempo de leitura":"1 minuto"},"schema":{"@context":"https:\/\/schema.org","@graph":[{"@type":"Article","@id":"https:\/\/redenoticiaz.com.br\/litoralsp\/2022\/09\/14\/policia-civil-prende-em-flagrante-quatro-comerciantes-por-furto-de-energia-eletrica-no-guaruja#article","isPartOf":{"@id":"https:\/\/redenoticiaz.com.br\/litoralsp\/2022\/09\/14\/policia-civil-prende-em-flagrante-quatro-comerciantes-por-furto-de-energia-eletrica-no-guaruja"},"author":{"name":"Gustavo Silva","@id":"https:\/\/redenoticiaz.com.br\/litoralsp\/#\/schema\/person\/16057b37a3c0ee6b096d7f887c566e2e"},"headline":"Pol\u00edcia Civil prende em flagrante quatro comerciantes por furto de energia el\u00e9trica no Guaruj\u00e1","datePublished":"2022-09-14T22:48:48+00:00","mainEntityOfPage":{"@id":"https:\/\/redenoticiaz.com.br\/litoralsp\/2022\/09\/14\/policia-civil-prende-em-flagrante-quatro-comerciantes-por-furto-de-energia-eletrica-no-guaruja"},"wordCount":154,"commentCount":0,"publisher":{"@id":"https:\/\/redenoticiaz.com.br\/litoralsp\/#organization"},"image":{"@id":"https:\/\/redenoticiaz.com.br\/litoralsp\/2022\/09\/14\/policia-civil-prende-em-flagrante-quatro-comerciantes-por-furto-de-energia-eletrica-no-guaruja#primaryimage"},"thumbnailUrl":"https:\/\/redenoticiaz.com.br\/litoralsp\/wp-content\/uploads\/sites\/3\/2022\/09\/3a0ff7be-3a51-42d3-92e4-817fa89b8e96.jpg","keywords":["ENERGIA EL\u00c9TRICA","GUARUJ\u00c1","PARQUE ENSEADA","POL\u00cdCIA CIVIL"],"articleSection":["Guaruj\u00e1"],"inLanguage":"pt-BR","potentialAction":[{"@type":"CommentAction","name":"Comment","target":["https:\/\/redenoticiaz.com.br\/litoralsp\/2022\/09\/14\/policia-civil-prende-em-flagrante-quatro-comerciantes-por-furto-de-energia-eletrica-no-guaruja#respond"]}]},{"@type":"WebPage","@id":"https:\/\/redenoticiaz.com.br\/litoralsp\/2022\/09\/14\/policia-civil-prende-em-flagrante-quatro-comerciantes-por-furto-de-energia-eletrica-no-guaruja","url":"https:\/\/redenoticiaz.com.br\/litoralsp\/2022\/09\/14\/policia-civil-prende-em-flagrante-quatro-comerciantes-por-furto-de-energia-eletrica-no-guaruja","name":"Pol\u00edcia Civil prende em flagrante quatro comerciantes por furto de energia el\u00e9trica no Guaruj\u00e1 - Litoral SP","isPartOf":{"@id":"https:\/\/redenoticiaz.com.br\/litoralsp\/#website"},"primaryImageOfPage":{"@id":"https:\/\/redenoticiaz.com.br\/litoralsp\/2022\/09\/14\/policia-civil-prende-em-flagrante-quatro-comerciantes-por-furto-de-energia-eletrica-no-guaruja#primaryimage"},"image":{"@id":"https:\/\/redenoticiaz.com.br\/litoralsp\/2022\/09\/14\/policia-civil-prende-em-flagrante-quatro-comerciantes-por-furto-de-energia-eletrica-no-guaruja#primaryimage"},"thumbnailUrl":"https:\/\/redenoticiaz.com.br\/litoralsp\/wp-content\/uploads\/sites\/3\/2022\/09\/3a0ff7be-3a51-42d3-92e4-817fa89b8e96.jpg","datePublished":"2022-09-14T22:48:48+00:00","description":"A Pol\u00edcia Civil prendeu em flagrante quatro comerciantes por furto de energia el\u00e9trica no Guaruj\u00e1 na tarde desta ter\u00e7a-feira (14).","inLanguage":"pt-BR","potentialAction":[{"@type":"ReadAction","target":["https:\/\/redenoticiaz.com.br\/litoralsp\/2022\/09\/14\/policia-civil-prende-em-flagrante-quatro-comerciantes-por-furto-de-energia-eletrica-no-guaruja"]}]},{"@type":"ImageObject","inLanguage":"pt-BR","@id":"https:\/\/redenoticiaz.com.br\/litoralsp\/2022\/09\/14\/policia-civil-prende-em-flagrante-quatro-comerciantes-por-furto-de-energia-eletrica-no-guaruja#primaryimage","url":"https:\/\/redenoticiaz.com.br\/litoralsp\/wp-content\/uploads\/sites\/3\/2022\/09\/3a0ff7be-3a51-42d3-92e4-817fa89b8e96.jpg","contentUrl":"https:\/\/redenoticiaz.com.br\/litoralsp\/wp-content\/uploads\/sites\/3\/2022\/09\/3a0ff7be-3a51-42d3-92e4-817fa89b8e96.jpg","width":1280,"height":854,"caption":"Pol\u00edcia Civil prende em flagrante quatro comerciantes por furto de energia el\u00e9trica no Guaruj\u00e1"},{"@type":"WebSite","@id":"https:\/\/redenoticiaz.com.br\/litoralsp\/#website","url":"https:\/\/redenoticiaz.com.br\/litoralsp\/","name":"Litoral SP","description":"Rede NoticiaZ","publisher":{"@id":"https:\/\/redenoticiaz.com.br\/litoralsp\/#organization"},"potentialAction":[{"@type":"SearchAction","target":{"@type":"EntryPoint","urlTemplate":"https:\/\/redenoticiaz.com.br\/litoralsp\/?s={search_term_string}"},"query-input":{"@type":"PropertyValueSpecification","valueRequired":true,"valueName":"search_term_string"}}],"inLanguage":"pt-BR"},{"@type":"Organization","@id":"https:\/\/redenoticiaz.com.br\/litoralsp\/#organization","name":"Litoral SP","url":"https:\/\/redenoticiaz.com.br\/litoralsp\/","logo":{"@type":"ImageObject","inLanguage":"pt-BR","@id":"https:\/\/redenoticiaz.com.br\/litoralsp\/#\/schema\/logo\/image\/","url":"https:\/\/redenoticiaz.com.br\/litoralsp\/wp-content\/uploads\/sites\/3\/2020\/11\/logo.jpg","contentUrl":"https:\/\/redenoticiaz.com.br\/litoralsp\/wp-content\/uploads\/sites\/3\/2020\/11\/logo.jpg","width":400,"height":250,"caption":"Litoral SP"},"image":{"@id":"https:\/\/redenoticiaz.com.br\/litoralsp\/#\/schema\/logo\/image\/"}},{"@type":"Person","@id":"https:\/\/redenoticiaz.com.br\/litoralsp\/#\/schema\/person\/16057b37a3c0ee6b096d7f887c566e2e","name":"Gustavo Silva","image":{"@type":"ImageObject","inLanguage":"pt-BR","@id":"https:\/\/secure.gravatar.com\/avatar\/3ee4e82f93b26de0a7cf4ea5eb7893da637ed6bb0c9170c58065944c56e28a33?s=96&d=mm&r=g","url":"https:\/\/secure.gravatar.com\/avatar\/3ee4e82f93b26de0a7cf4ea5eb7893da637ed6bb0c9170c58065944c56e28a33?s=96&d=mm&r=g","contentUrl":"https:\/\/secure.gravatar.com\/avatar\/3ee4e82f93b26de0a7cf4ea5eb7893da637ed6bb0c9170c58065944c56e28a33?s=96&d=mm&r=g","caption":"Gustavo Silva"},"url":"https:\/\/redenoticiaz.com.br\/litoralsp\/author\/gustavosilva"}]}},"_links":{"self":[{"href":"https:\/\/redenoticiaz.com.br\/litoralsp\/wp-json\/wp\/v2\/posts\/91453","targetHints":{"allow":["GET"]}}],"collection":[{"href":"https:\/\/redenoticiaz.com.br\/litoralsp\/wp-json\/wp\/v2\/posts"}],"about":[{"href":"https:\/\/redenoticiaz.com.br\/litoralsp\/wp-json\/wp\/v2\/types\/post"}],"author":[{"embeddable":true,"href":"https:\/\/redenoticiaz.com.br\/litoralsp\/wp-json\/wp\/v2\/users\/12"}],"replies":[{"embeddable":true,"href":"https:\/\/redenoticiaz.com.br\/litoralsp\/wp-json\/wp\/v2\/comments?post=91453"}],"version-history":[{"count":1,"href":"https:\/\/redenoticiaz.com.br\/litoralsp\/wp-json\/wp\/v2\/posts\/91453\/revisions"}],"predecessor-version":[{"id":91457,"href":"https:\/\/redenoticiaz.com.br\/litoralsp\/wp-json\/wp\/v2\/posts\/91453\/revisions\/91457"}],"wp:featuredmedia":[{"embeddable":true,"href":"https:\/\/redenoticiaz.com.br\/litoralsp\/wp-json\/wp\/v2\/media\/91454"}],"wp:attachment":[{"href":"https:\/\/redenoticiaz.com.br\/litoralsp\/wp-json\/wp\/v2\/media?parent=91453"}],"wp:term":[{"taxonomy":"category","embeddable":true,"href":"https:\/\/redenoticiaz.com.br\/litoralsp\/wp-json\/wp\/v2\/categories?post=91453"},{"taxonomy":"post_tag","embeddable":true,"href":"https:\/\/redenoticiaz.com.br\/litoralsp\/wp-json\/wp\/v2\/tags?post=91453"}],"curies":[{"name":"wp","href":"https:\/\/api.w.org\/{rel}","templated":true}]}}