{"id":91474,"date":"2022-09-15T10:23:33","date_gmt":"2022-09-15T13:23:33","guid":{"rendered":"https:\/\/redenoticiaz.com.br\/litoralsp\/?p=91474"},"modified":"2022-09-15T10:23:33","modified_gmt":"2022-09-15T13:23:33","slug":"criancas-com-mais-de-4-anos-sao-vacinadas-contra-a-covid-em-praia-grande","status":"publish","type":"post","link":"https:\/\/redenoticiaz.com.br\/litoralsp\/2022\/09\/15\/criancas-com-mais-de-4-anos-sao-vacinadas-contra-a-covid-em-praia-grande","title":{"rendered":"Crian\u00e7as com mais de 4 anos s\u00e3o vacinadas contra a Covid em Praia Grande"},"content":{"rendered":"<p class=\"content-text__container \" data-track-category=\"Link no Texto\" data-track-links=\"\">Chegou a vez das crian\u00e7as com <strong>4 anos ou mais receberem a vacina\u00e7\u00e3o contra a Covid-19<\/strong> em Praia Grande. A imuniza\u00e7\u00e3o teve in\u00edcio nesta quinta-feira (15) e todas as 30 Unidades de Sa\u00fade da Fam\u00edlia (Usafas) est\u00e3o aptas para realizarem a imuniza\u00e7\u00e3o. A vacina ocorre de segunda a sexta-feira, das 9h \u00e0s 16h. Mas aos s\u00e1bados e feriados, o Cemas (Rua Thom\u00e9 de Souza, 1313, Bairro Avia\u00e7\u00e3o) fica aberto das 9h \u00e0s 15h.<\/p>\n<div class=\"wall protected-content\">\n<div class=\"mc-column content-text active-extra-styles \" data-block-type=\"unstyled\" data-block-weight=\"34\" data-block-id=\"4\">\n<p class=\"content-text__container \" data-track-category=\"Link no Texto\" data-track-links=\"\">Al\u00e9m disso, a imuniza\u00e7\u00e3o prossegue tamb\u00e9m para crian\u00e7as maiores de 3 anos com comorbidades ou defici\u00eancias. Para a vacina\u00e7\u00e3o, \u00e9 fundamental que a crian\u00e7a esteja acompanhada dos pais ou respons\u00e1vel legal e apresente a documenta\u00e7\u00e3o necess\u00e1ria:<\/p>\n<\/div>\n<div class=\"mc-column content-text active-extra-styles\" data-block-type=\"raw\" data-block-weight=\"54\" data-block-id=\"5\">\n<ul class=\"content-unordered-list\">\n<li>Documento de identidade do respons\u00e1vel;<\/li>\n<li>Comprovante de resid\u00eancia em nome do respons\u00e1vel;<\/li>\n<li>Documento de identidade da crian\u00e7a (RG ou certid\u00e3o de nascimento);<\/li>\n<li>Caderneta de vacina\u00e7\u00e3o da crian\u00e7a;<\/li>\n<li>Cart\u00e3o do SUS da crian\u00e7a;<\/li>\n<li>CPF da crian\u00e7a (se possuir);<\/li>\n<li>Documento que comprove a comorbidade ou defici\u00eancia (quando for o caso);<\/li>\n<li>Pr\u00e9-cadastro no <a href=\"http:\/\/vacinaja.sp.gov.br\" target=\"_blank\" rel=\"noopener\">site Vacina J\u00e1<\/a> (preferencialmente).<\/li>\n<\/ul>\n<div class=\"mc-column content-text active-extra-styles \" data-block-type=\"unstyled\" data-block-weight=\"44\" data-block-id=\"7\">\n<p class=\"content-text__container \" data-track-category=\"Link no Texto\" data-track-links=\"\">O munic\u00edpio segue aplicando a quarta dose da vacina contra a Covid-19 para as pessoas acima de 30 anos, indiv\u00edduos imunossuprimidos maiores de 18 anos e profissionais da sa\u00fade. J\u00e1 a terceira dose est\u00e1 dispon\u00edvel para pessoas acima de 12 anos de idade.<\/p>\n<\/div>\n<div class=\"mc-column content-text active-extra-styles \" data-block-type=\"unstyled\" data-block-weight=\"32\" data-block-id=\"8\">\n<p class=\"content-text__container \" data-track-category=\"Link no Texto\" data-track-links=\"\">Maiores dos 5 anos que ainda n\u00e3o tomaram a primeira dose do imunizante ou n\u00e3o completaram o esquema vacinal tamb\u00e9m podem buscar a vacina em uma unidade mais pr\u00f3xima de sua casa.<\/p>\n<\/div>\n<div class=\"mc-column content-text active-extra-styles\" data-block-type=\"raw\" data-block-weight=\"6\" data-block-id=\"9\">\n<div class=\"content-intertitle\">\n<h2>Confira o endere\u00e7o das Usafas:<\/h2>\n<\/div>\n<\/div>\n<div class=\"mc-column content-text active-extra-styles\" data-block-type=\"raw\" data-block-weight=\"315\" data-block-id=\"10\">\n<ol class=\"content-ordered-list theme-ordered-list-color-primary\">\n<li>Usafa Avia\u00e7\u00e3o &#8211; Av. Dr. Roberto de Almeida Vinhas, n\u00ba 2929<\/li>\n<li>Usafa Boqueir\u00e3o &#8211; Av. Pres. Kennedy, n\u00ba 918 Boqueir\u00e3o<\/li>\n<li>Usafa Mirim &#8211; Av. dos Sindicatos, n\u00ba 635 \u2013 Mirim<\/li>\n<li>Usafa Tupi &#8211; Rua Meinac\u00f3s, n\u00ba 95 \u2013 Tupi<\/li>\n<li>Usafa Aloha &#8211; Rua Zenji Sasaki, n\u00ba 269- Nova Mirim<\/li>\n<li>Usafa Anhanguera &#8211; Rua Josefa Alves de Siqueira, n\u00ba 649 \u2013 Anhanguera<\/li>\n<li>Usafa Ant\u00e1rtica &#8211; Av. dos Trabalhadores 3801 \u2013 Ant\u00e1rtica<\/li>\n<li>Usafa Cai\u00e7ara &#8211; Rua Mathilde de Azevedo Setubal n\u00ba 630 \u2013 Cai\u00e7ara<\/li>\n<li>Usafa Esmeralda &#8211; Rua Menotti Del Picchio, altura do n\u00b0 179<\/li>\n<li>Usafa Forte &#8211; Av. Rio Branco, n\u00ba 562 \u2013 Forte<\/li>\n<li>Usafa Guaramar &#8211; Av. dos Trabalhadores, n\u00ba 1717 \u2013 Gl\u00f3ria<\/li>\n<li>Usafa Maracan\u00e3 &#8211; Rua Cesar Rodrigues Reis, 850 \u2013 Maracan\u00e3<\/li>\n<li>Usafa Melvi &#8211; Rua Jo\u00e3o Caetano, n\u00ba 101 \u2013 Melvi<\/li>\n<li>Usafa Mirim II &#8211; Rua Nossa Senhora da Concei\u00e7\u00e3o, n\u00ba 400<\/li>\n<li>Usafa Ocian &#8211; Rua Jos\u00e9 Jorge, 521 \u2013 Ocian<\/li>\n<li>Usafa Quietude &#8211; Rua Rui Manoel Sampaio Seabra Pereira, n\u00ba 500<\/li>\n<li>Usafa Real &#8211; Rua das Beg\u00f4nias, n\u00ba 453 \u2013 Real<\/li>\n<li>Usafa Ribeir\u00f3polis &#8211; Rua Esmeraldo Tarqu\u00ednio n\u00ba 471 \u2013 Ribeir\u00f3polis<\/li>\n<li>Usafa Esmeralda II &#8211; Av. Hugo de Carvalho Ramos, 1521 \u2013 Esmeralda<\/li>\n<li>Usafa Samambaia &#8211; Av. das Arauc\u00e1rias n\u00ba 181 \u2013 Samambaia<\/li>\n<li>Usafa Santa Marina &#8211; Rua Particular, 598 \u2013 Anhanguera<\/li>\n<li>Usafa S\u00e3o Jorge &#8211; Av. dos Trabalhadores, n\u00ba 4242 \u2013 Ant\u00e1rtica<\/li>\n<li>Usafa Solemar &#8211; Av. Pres. Kennedy, n\u00ba 19726 \u2013 Solemar<\/li>\n<li>Usafa S\u00edtio do Campo &#8211; Rua Maria Luiza Lavalle, n\u00ba 68 &#8211; S\u00edtio do Campo<\/li>\n<li>Usafa Tupiry &#8211; Rua Idelfonso Galeano, n\u00ba 368 \u2013 Tupiry<\/li>\n<li>Usafa Vila Alice &#8211; Rua Renata C\u00e2mara Agondi, n\u00ba 46 \u2013 Anhanguera<\/li>\n<li>Usafa Vila S\u00f4nia &#8211; Rua Ant\u00f4\u00b3nio C\u00e2ndido da Silva n\u00ba 1075 &#8211; Vila S\u00f4nia<\/li>\n<li>Usafa Princesa &#8211; Rua Verg\u00edlio Gabriel de Siqueira. \u2013 Bairro Princesa 29-Usafa Noemia -Av. Pres. Kennedy, 4960 &#8211; Bairro Tupi<\/li>\n<li>Usafa Guilhernina &#8211; Av. Pres. Kennedy, 2100 &#8211; Bairro Guilhermina.<\/li>\n<\/ol>\n<p><strong>LEIA TAMB\u00c9M<\/strong><\/p>\n<p><a href=\"https:\/\/redenoticiaz.com.br\/litoralsp\/2022\/09\/14\/fim-da-pandemia-de-covid-19-esta-a-vista-diz-oms\">Fim da pandemia de covid-19 \u2018est\u00e1 \u00e0 vista\u2019, diz OMS<\/a><\/p>\n<\/div>\n<\/div>\n<\/div>\n","protected":false},"excerpt":{"rendered":"<p>Chegou a vez das crian\u00e7as com 4 anos ou mais receberem a vacina\u00e7\u00e3o contra a Covid-19 em Praia Grande. A imuniza\u00e7\u00e3o teve in\u00edcio nesta quinta-feira (15) e todas as 30 Unidades de Sa\u00fade da Fam\u00edlia (Usafas) est\u00e3o aptas para realizarem a imuniza\u00e7\u00e3o. A vacina ocorre de segunda a sexta-feira, das 9h \u00e0s 16h. Mas aos &hellip;<\/p>\n","protected":false},"author":6,"featured_media":90047,"comment_status":"open","ping_status":"closed","sticky":false,"template":"","format":"standard","meta":{"footnotes":""},"categories":[182,23],"tags":[59287,1101,50389,36350,18808],"class_list":["post-91474","post","type-post","status-publish","format-standard","has-post-thumbnail","hentry","category-praia-grande","category-saude","tag-4-anos-ou-mais","tag-praia-grande","tag-unidades-de-saude-da-familia","tag-usafas","tag-vacina-contra-a-covid"],"yoast_head":"<!-- This site is optimized with the Yoast SEO plugin v27.5 - https:\/\/yoast.com\/product\/yoast-seo-wordpress\/ -->\n<title>Crian\u00e7as com mais de 4 anos s\u00e3o vacinadas contra a Covid em Praia Grande - Litoral SP<\/title>\n<meta name=\"description\" content=\"Chegou a vez das crian\u00e7as com 4 anos ou mais receberem a vacina\u00e7\u00e3o contra a Covid-19 em Praia Grande. A imuniza\u00e7\u00e3o teve in\u00edcio\" \/>\n<meta name=\"robots\" content=\"index, follow, max-snippet:-1, max-image-preview:large, max-video-preview:-1\" \/>\n<link rel=\"canonical\" href=\"https:\/\/redenoticiaz.com.br\/litoralsp\/2022\/09\/15\/criancas-com-mais-de-4-anos-sao-vacinadas-contra-a-covid-em-praia-grande\" \/>\n<meta property=\"og:locale\" content=\"pt_BR\" \/>\n<meta property=\"og:type\" content=\"article\" \/>\n<meta property=\"og:title\" content=\"Crian\u00e7as com mais de 4 anos s\u00e3o vacinadas contra a Covid em Praia Grande - Litoral SP\" \/>\n<meta property=\"og:description\" content=\"Chegou a vez das crian\u00e7as com 4 anos ou mais receberem a vacina\u00e7\u00e3o contra a Covid-19 em Praia Grande. A imuniza\u00e7\u00e3o teve in\u00edcio\" \/>\n<meta property=\"og:url\" content=\"https:\/\/redenoticiaz.com.br\/litoralsp\/2022\/09\/15\/criancas-com-mais-de-4-anos-sao-vacinadas-contra-a-covid-em-praia-grande\" \/>\n<meta property=\"og:site_name\" content=\"Litoral SP\" \/>\n<meta property=\"article:published_time\" content=\"2022-09-15T13:23:33+00:00\" \/>\n<meta property=\"og:image\" content=\"https:\/\/redenoticiaz.com.br\/litoralsp\/wp-content\/uploads\/sites\/3\/2022\/08\/vacina-covid.jpeg\" \/>\n\t<meta property=\"og:image:width\" content=\"1024\" \/>\n\t<meta property=\"og:image:height\" content=\"682\" \/>\n\t<meta property=\"og:image:type\" content=\"image\/jpeg\" \/>\n<meta name=\"author\" content=\"Leonardo Francisco\" \/>\n<meta name=\"twitter:card\" content=\"summary_large_image\" \/>\n<meta name=\"twitter:label1\" content=\"Escrito por\" \/>\n\t<meta name=\"twitter:data1\" content=\"Leonardo Francisco\" \/>\n\t<meta name=\"twitter:label2\" content=\"Est. tempo de leitura\" \/>\n\t<meta name=\"twitter:data2\" content=\"3 minutos\" \/>\n<script type=\"application\/ld+json\" class=\"yoast-schema-graph\">{\"@context\":\"https:\\\/\\\/schema.org\",\"@graph\":[{\"@type\":\"Article\",\"@id\":\"https:\\\/\\\/redenoticiaz.com.br\\\/litoralsp\\\/2022\\\/09\\\/15\\\/criancas-com-mais-de-4-anos-sao-vacinadas-contra-a-covid-em-praia-grande#article\",\"isPartOf\":{\"@id\":\"https:\\\/\\\/redenoticiaz.com.br\\\/litoralsp\\\/2022\\\/09\\\/15\\\/criancas-com-mais-de-4-anos-sao-vacinadas-contra-a-covid-em-praia-grande\"},\"author\":{\"name\":\"Leonardo Francisco\",\"@id\":\"https:\\\/\\\/redenoticiaz.com.br\\\/litoralsp\\\/#\\\/schema\\\/person\\\/0f0b8a5bdafefe82841e07ae8d81ecb3\"},\"headline\":\"Crian\u00e7as com mais de 4 anos s\u00e3o vacinadas contra a Covid em Praia Grande\",\"datePublished\":\"2022-09-15T13:23:33+00:00\",\"mainEntityOfPage\":{\"@id\":\"https:\\\/\\\/redenoticiaz.com.br\\\/litoralsp\\\/2022\\\/09\\\/15\\\/criancas-com-mais-de-4-anos-sao-vacinadas-contra-a-covid-em-praia-grande\"},\"wordCount\":596,\"commentCount\":0,\"publisher\":{\"@id\":\"https:\\\/\\\/redenoticiaz.com.br\\\/litoralsp\\\/#organization\"},\"image\":{\"@id\":\"https:\\\/\\\/redenoticiaz.com.br\\\/litoralsp\\\/2022\\\/09\\\/15\\\/criancas-com-mais-de-4-anos-sao-vacinadas-contra-a-covid-em-praia-grande#primaryimage\"},\"thumbnailUrl\":\"https:\\\/\\\/redenoticiaz.com.br\\\/litoralsp\\\/wp-content\\\/uploads\\\/sites\\\/3\\\/2022\\\/08\\\/vacina-covid.jpeg\",\"keywords\":[\"4 ANOS OU MAIS\",\"PRAIA GRANDE\",\"UNIDADES DE SA\u00daDE DA FAM\u00cdLIA\",\"USAFAS\",\"VACINA CONTRA A COVID\"],\"articleSection\":[\"Praia Grande\",\"Sa\u00fade\"],\"inLanguage\":\"pt-BR\",\"potentialAction\":[{\"@type\":\"CommentAction\",\"name\":\"Comment\",\"target\":[\"https:\\\/\\\/redenoticiaz.com.br\\\/litoralsp\\\/2022\\\/09\\\/15\\\/criancas-com-mais-de-4-anos-sao-vacinadas-contra-a-covid-em-praia-grande#respond\"]}]},{\"@type\":\"WebPage\",\"@id\":\"https:\\\/\\\/redenoticiaz.com.br\\\/litoralsp\\\/2022\\\/09\\\/15\\\/criancas-com-mais-de-4-anos-sao-vacinadas-contra-a-covid-em-praia-grande\",\"url\":\"https:\\\/\\\/redenoticiaz.com.br\\\/litoralsp\\\/2022\\\/09\\\/15\\\/criancas-com-mais-de-4-anos-sao-vacinadas-contra-a-covid-em-praia-grande\",\"name\":\"Crian\u00e7as com mais de 4 anos s\u00e3o vacinadas contra a Covid em Praia Grande - Litoral SP\",\"isPartOf\":{\"@id\":\"https:\\\/\\\/redenoticiaz.com.br\\\/litoralsp\\\/#website\"},\"primaryImageOfPage\":{\"@id\":\"https:\\\/\\\/redenoticiaz.com.br\\\/litoralsp\\\/2022\\\/09\\\/15\\\/criancas-com-mais-de-4-anos-sao-vacinadas-contra-a-covid-em-praia-grande#primaryimage\"},\"image\":{\"@id\":\"https:\\\/\\\/redenoticiaz.com.br\\\/litoralsp\\\/2022\\\/09\\\/15\\\/criancas-com-mais-de-4-anos-sao-vacinadas-contra-a-covid-em-praia-grande#primaryimage\"},\"thumbnailUrl\":\"https:\\\/\\\/redenoticiaz.com.br\\\/litoralsp\\\/wp-content\\\/uploads\\\/sites\\\/3\\\/2022\\\/08\\\/vacina-covid.jpeg\",\"datePublished\":\"2022-09-15T13:23:33+00:00\",\"description\":\"Chegou a vez das crian\u00e7as com 4 anos ou mais receberem a vacina\u00e7\u00e3o contra a Covid-19 em Praia Grande. A imuniza\u00e7\u00e3o teve in\u00edcio\",\"inLanguage\":\"pt-BR\",\"potentialAction\":[{\"@type\":\"ReadAction\",\"target\":[\"https:\\\/\\\/redenoticiaz.com.br\\\/litoralsp\\\/2022\\\/09\\\/15\\\/criancas-com-mais-de-4-anos-sao-vacinadas-contra-a-covid-em-praia-grande\"]}]},{\"@type\":\"ImageObject\",\"inLanguage\":\"pt-BR\",\"@id\":\"https:\\\/\\\/redenoticiaz.com.br\\\/litoralsp\\\/2022\\\/09\\\/15\\\/criancas-com-mais-de-4-anos-sao-vacinadas-contra-a-covid-em-praia-grande#primaryimage\",\"url\":\"https:\\\/\\\/redenoticiaz.com.br\\\/litoralsp\\\/wp-content\\\/uploads\\\/sites\\\/3\\\/2022\\\/08\\\/vacina-covid.jpeg\",\"contentUrl\":\"https:\\\/\\\/redenoticiaz.com.br\\\/litoralsp\\\/wp-content\\\/uploads\\\/sites\\\/3\\\/2022\\\/08\\\/vacina-covid.jpeg\",\"width\":1024,\"height\":682,\"caption\":\"Cr\u00e9ditos: Divulga\u00e7\u00e3o\\\/Prefeitura de Bertioga\"},{\"@type\":\"WebSite\",\"@id\":\"https:\\\/\\\/redenoticiaz.com.br\\\/litoralsp\\\/#website\",\"url\":\"https:\\\/\\\/redenoticiaz.com.br\\\/litoralsp\\\/\",\"name\":\"Litoral SP\",\"description\":\"Rede NoticiaZ\",\"publisher\":{\"@id\":\"https:\\\/\\\/redenoticiaz.com.br\\\/litoralsp\\\/#organization\"},\"potentialAction\":[{\"@type\":\"SearchAction\",\"target\":{\"@type\":\"EntryPoint\",\"urlTemplate\":\"https:\\\/\\\/redenoticiaz.com.br\\\/litoralsp\\\/?s={search_term_string}\"},\"query-input\":{\"@type\":\"PropertyValueSpecification\",\"valueRequired\":true,\"valueName\":\"search_term_string\"}}],\"inLanguage\":\"pt-BR\"},{\"@type\":\"Organization\",\"@id\":\"https:\\\/\\\/redenoticiaz.com.br\\\/litoralsp\\\/#organization\",\"name\":\"Litoral SP\",\"url\":\"https:\\\/\\\/redenoticiaz.com.br\\\/litoralsp\\\/\",\"logo\":{\"@type\":\"ImageObject\",\"inLanguage\":\"pt-BR\",\"@id\":\"https:\\\/\\\/redenoticiaz.com.br\\\/litoralsp\\\/#\\\/schema\\\/logo\\\/image\\\/\",\"url\":\"https:\\\/\\\/redenoticiaz.com.br\\\/litoralsp\\\/wp-content\\\/uploads\\\/sites\\\/3\\\/2020\\\/11\\\/logo.jpg\",\"contentUrl\":\"https:\\\/\\\/redenoticiaz.com.br\\\/litoralsp\\\/wp-content\\\/uploads\\\/sites\\\/3\\\/2020\\\/11\\\/logo.jpg\",\"width\":400,\"height\":250,\"caption\":\"Litoral SP\"},\"image\":{\"@id\":\"https:\\\/\\\/redenoticiaz.com.br\\\/litoralsp\\\/#\\\/schema\\\/logo\\\/image\\\/\"}},{\"@type\":\"Person\",\"@id\":\"https:\\\/\\\/redenoticiaz.com.br\\\/litoralsp\\\/#\\\/schema\\\/person\\\/0f0b8a5bdafefe82841e07ae8d81ecb3\",\"name\":\"Leonardo Francisco\",\"image\":{\"@type\":\"ImageObject\",\"inLanguage\":\"pt-BR\",\"@id\":\"https:\\\/\\\/secure.gravatar.com\\\/avatar\\\/a7358cb406a99b682ec6df1e77e31ae82e63601f6784e8a3df411d72b37864da?s=96&d=mm&r=g\",\"url\":\"https:\\\/\\\/secure.gravatar.com\\\/avatar\\\/a7358cb406a99b682ec6df1e77e31ae82e63601f6784e8a3df411d72b37864da?s=96&d=mm&r=g\",\"contentUrl\":\"https:\\\/\\\/secure.gravatar.com\\\/avatar\\\/a7358cb406a99b682ec6df1e77e31ae82e63601f6784e8a3df411d72b37864da?s=96&d=mm&r=g\",\"caption\":\"Leonardo Francisco\"},\"url\":\"https:\\\/\\\/redenoticiaz.com.br\\\/litoralsp\\\/author\\\/leonardo-francisco\"}]}<\/script>\n<!-- \/ Yoast SEO plugin. -->","yoast_head_json":{"title":"Crian\u00e7as com mais de 4 anos s\u00e3o vacinadas contra a Covid em Praia Grande - Litoral SP","description":"Chegou a vez das crian\u00e7as com 4 anos ou mais receberem a vacina\u00e7\u00e3o contra a Covid-19 em Praia Grande. A imuniza\u00e7\u00e3o teve in\u00edcio","robots":{"index":"index","follow":"follow","max-snippet":"max-snippet:-1","max-image-preview":"max-image-preview:large","max-video-preview":"max-video-preview:-1"},"canonical":"https:\/\/redenoticiaz.com.br\/litoralsp\/2022\/09\/15\/criancas-com-mais-de-4-anos-sao-vacinadas-contra-a-covid-em-praia-grande","og_locale":"pt_BR","og_type":"article","og_title":"Crian\u00e7as com mais de 4 anos s\u00e3o vacinadas contra a Covid em Praia Grande - Litoral SP","og_description":"Chegou a vez das crian\u00e7as com 4 anos ou mais receberem a vacina\u00e7\u00e3o contra a Covid-19 em Praia Grande. A imuniza\u00e7\u00e3o teve in\u00edcio","og_url":"https:\/\/redenoticiaz.com.br\/litoralsp\/2022\/09\/15\/criancas-com-mais-de-4-anos-sao-vacinadas-contra-a-covid-em-praia-grande","og_site_name":"Litoral SP","article_published_time":"2022-09-15T13:23:33+00:00","og_image":[{"width":1024,"height":682,"url":"https:\/\/redenoticiaz.com.br\/litoralsp\/wp-content\/uploads\/sites\/3\/2022\/08\/vacina-covid.jpeg","type":"image\/jpeg"}],"author":"Leonardo Francisco","twitter_card":"summary_large_image","twitter_misc":{"Escrito por":"Leonardo Francisco","Est. tempo de leitura":"3 minutos"},"schema":{"@context":"https:\/\/schema.org","@graph":[{"@type":"Article","@id":"https:\/\/redenoticiaz.com.br\/litoralsp\/2022\/09\/15\/criancas-com-mais-de-4-anos-sao-vacinadas-contra-a-covid-em-praia-grande#article","isPartOf":{"@id":"https:\/\/redenoticiaz.com.br\/litoralsp\/2022\/09\/15\/criancas-com-mais-de-4-anos-sao-vacinadas-contra-a-covid-em-praia-grande"},"author":{"name":"Leonardo Francisco","@id":"https:\/\/redenoticiaz.com.br\/litoralsp\/#\/schema\/person\/0f0b8a5bdafefe82841e07ae8d81ecb3"},"headline":"Crian\u00e7as com mais de 4 anos s\u00e3o vacinadas contra a Covid em Praia Grande","datePublished":"2022-09-15T13:23:33+00:00","mainEntityOfPage":{"@id":"https:\/\/redenoticiaz.com.br\/litoralsp\/2022\/09\/15\/criancas-com-mais-de-4-anos-sao-vacinadas-contra-a-covid-em-praia-grande"},"wordCount":596,"commentCount":0,"publisher":{"@id":"https:\/\/redenoticiaz.com.br\/litoralsp\/#organization"},"image":{"@id":"https:\/\/redenoticiaz.com.br\/litoralsp\/2022\/09\/15\/criancas-com-mais-de-4-anos-sao-vacinadas-contra-a-covid-em-praia-grande#primaryimage"},"thumbnailUrl":"https:\/\/redenoticiaz.com.br\/litoralsp\/wp-content\/uploads\/sites\/3\/2022\/08\/vacina-covid.jpeg","keywords":["4 ANOS OU MAIS","PRAIA GRANDE","UNIDADES DE SA\u00daDE DA FAM\u00cdLIA","USAFAS","VACINA CONTRA A COVID"],"articleSection":["Praia Grande","Sa\u00fade"],"inLanguage":"pt-BR","potentialAction":[{"@type":"CommentAction","name":"Comment","target":["https:\/\/redenoticiaz.com.br\/litoralsp\/2022\/09\/15\/criancas-com-mais-de-4-anos-sao-vacinadas-contra-a-covid-em-praia-grande#respond"]}]},{"@type":"WebPage","@id":"https:\/\/redenoticiaz.com.br\/litoralsp\/2022\/09\/15\/criancas-com-mais-de-4-anos-sao-vacinadas-contra-a-covid-em-praia-grande","url":"https:\/\/redenoticiaz.com.br\/litoralsp\/2022\/09\/15\/criancas-com-mais-de-4-anos-sao-vacinadas-contra-a-covid-em-praia-grande","name":"Crian\u00e7as com mais de 4 anos s\u00e3o vacinadas contra a Covid em Praia Grande - Litoral SP","isPartOf":{"@id":"https:\/\/redenoticiaz.com.br\/litoralsp\/#website"},"primaryImageOfPage":{"@id":"https:\/\/redenoticiaz.com.br\/litoralsp\/2022\/09\/15\/criancas-com-mais-de-4-anos-sao-vacinadas-contra-a-covid-em-praia-grande#primaryimage"},"image":{"@id":"https:\/\/redenoticiaz.com.br\/litoralsp\/2022\/09\/15\/criancas-com-mais-de-4-anos-sao-vacinadas-contra-a-covid-em-praia-grande#primaryimage"},"thumbnailUrl":"https:\/\/redenoticiaz.com.br\/litoralsp\/wp-content\/uploads\/sites\/3\/2022\/08\/vacina-covid.jpeg","datePublished":"2022-09-15T13:23:33+00:00","description":"Chegou a vez das crian\u00e7as com 4 anos ou mais receberem a vacina\u00e7\u00e3o contra a Covid-19 em Praia Grande. A imuniza\u00e7\u00e3o teve in\u00edcio","inLanguage":"pt-BR","potentialAction":[{"@type":"ReadAction","target":["https:\/\/redenoticiaz.com.br\/litoralsp\/2022\/09\/15\/criancas-com-mais-de-4-anos-sao-vacinadas-contra-a-covid-em-praia-grande"]}]},{"@type":"ImageObject","inLanguage":"pt-BR","@id":"https:\/\/redenoticiaz.com.br\/litoralsp\/2022\/09\/15\/criancas-com-mais-de-4-anos-sao-vacinadas-contra-a-covid-em-praia-grande#primaryimage","url":"https:\/\/redenoticiaz.com.br\/litoralsp\/wp-content\/uploads\/sites\/3\/2022\/08\/vacina-covid.jpeg","contentUrl":"https:\/\/redenoticiaz.com.br\/litoralsp\/wp-content\/uploads\/sites\/3\/2022\/08\/vacina-covid.jpeg","width":1024,"height":682,"caption":"Cr\u00e9ditos: Divulga\u00e7\u00e3o\/Prefeitura de Bertioga"},{"@type":"WebSite","@id":"https:\/\/redenoticiaz.com.br\/litoralsp\/#website","url":"https:\/\/redenoticiaz.com.br\/litoralsp\/","name":"Litoral SP","description":"Rede NoticiaZ","publisher":{"@id":"https:\/\/redenoticiaz.com.br\/litoralsp\/#organization"},"potentialAction":[{"@type":"SearchAction","target":{"@type":"EntryPoint","urlTemplate":"https:\/\/redenoticiaz.com.br\/litoralsp\/?s={search_term_string}"},"query-input":{"@type":"PropertyValueSpecification","valueRequired":true,"valueName":"search_term_string"}}],"inLanguage":"pt-BR"},{"@type":"Organization","@id":"https:\/\/redenoticiaz.com.br\/litoralsp\/#organization","name":"Litoral SP","url":"https:\/\/redenoticiaz.com.br\/litoralsp\/","logo":{"@type":"ImageObject","inLanguage":"pt-BR","@id":"https:\/\/redenoticiaz.com.br\/litoralsp\/#\/schema\/logo\/image\/","url":"https:\/\/redenoticiaz.com.br\/litoralsp\/wp-content\/uploads\/sites\/3\/2020\/11\/logo.jpg","contentUrl":"https:\/\/redenoticiaz.com.br\/litoralsp\/wp-content\/uploads\/sites\/3\/2020\/11\/logo.jpg","width":400,"height":250,"caption":"Litoral SP"},"image":{"@id":"https:\/\/redenoticiaz.com.br\/litoralsp\/#\/schema\/logo\/image\/"}},{"@type":"Person","@id":"https:\/\/redenoticiaz.com.br\/litoralsp\/#\/schema\/person\/0f0b8a5bdafefe82841e07ae8d81ecb3","name":"Leonardo Francisco","image":{"@type":"ImageObject","inLanguage":"pt-BR","@id":"https:\/\/secure.gravatar.com\/avatar\/a7358cb406a99b682ec6df1e77e31ae82e63601f6784e8a3df411d72b37864da?s=96&d=mm&r=g","url":"https:\/\/secure.gravatar.com\/avatar\/a7358cb406a99b682ec6df1e77e31ae82e63601f6784e8a3df411d72b37864da?s=96&d=mm&r=g","contentUrl":"https:\/\/secure.gravatar.com\/avatar\/a7358cb406a99b682ec6df1e77e31ae82e63601f6784e8a3df411d72b37864da?s=96&d=mm&r=g","caption":"Leonardo Francisco"},"url":"https:\/\/redenoticiaz.com.br\/litoralsp\/author\/leonardo-francisco"}]}},"_links":{"self":[{"href":"https:\/\/redenoticiaz.com.br\/litoralsp\/wp-json\/wp\/v2\/posts\/91474","targetHints":{"allow":["GET"]}}],"collection":[{"href":"https:\/\/redenoticiaz.com.br\/litoralsp\/wp-json\/wp\/v2\/posts"}],"about":[{"href":"https:\/\/redenoticiaz.com.br\/litoralsp\/wp-json\/wp\/v2\/types\/post"}],"author":[{"embeddable":true,"href":"https:\/\/redenoticiaz.com.br\/litoralsp\/wp-json\/wp\/v2\/users\/6"}],"replies":[{"embeddable":true,"href":"https:\/\/redenoticiaz.com.br\/litoralsp\/wp-json\/wp\/v2\/comments?post=91474"}],"version-history":[{"count":1,"href":"https:\/\/redenoticiaz.com.br\/litoralsp\/wp-json\/wp\/v2\/posts\/91474\/revisions"}],"predecessor-version":[{"id":91475,"href":"https:\/\/redenoticiaz.com.br\/litoralsp\/wp-json\/wp\/v2\/posts\/91474\/revisions\/91475"}],"wp:featuredmedia":[{"embeddable":true,"href":"https:\/\/redenoticiaz.com.br\/litoralsp\/wp-json\/wp\/v2\/media\/90047"}],"wp:attachment":[{"href":"https:\/\/redenoticiaz.com.br\/litoralsp\/wp-json\/wp\/v2\/media?parent=91474"}],"wp:term":[{"taxonomy":"category","embeddable":true,"href":"https:\/\/redenoticiaz.com.br\/litoralsp\/wp-json\/wp\/v2\/categories?post=91474"},{"taxonomy":"post_tag","embeddable":true,"href":"https:\/\/redenoticiaz.com.br\/litoralsp\/wp-json\/wp\/v2\/tags?post=91474"}],"curies":[{"name":"wp","href":"https:\/\/api.w.org\/{rel}","templated":true}]}}