{"id":91533,"date":"2022-09-17T13:00:40","date_gmt":"2022-09-17T16:00:40","guid":{"rendered":"https:\/\/redenoticiaz.com.br\/litoralsp\/?p=91533"},"modified":"2022-09-15T19:48:38","modified_gmt":"2022-09-15T22:48:38","slug":"consumo-das-classes-c-e-d-cresceu-113-em-julho-no-estado-de-sao-paulo-aponta-pesquisa-da-superdigital","status":"publish","type":"post","link":"https:\/\/redenoticiaz.com.br\/litoralsp\/2022\/09\/17\/consumo-das-classes-c-e-d-cresceu-113-em-julho-no-estado-de-sao-paulo-aponta-pesquisa-da-superdigital","title":{"rendered":"Consumo das classes C e D cresceu 11,3% em julho no estado de S\u00e3o Paulo, aponta pesquisa da Superdigital"},"content":{"rendered":"<p>O consumo das classes C e D no estado de S\u00e3o Paulo fechou em alta de 11,3% em julho, se comparado a junho, de acordo com a Pesquisa de H\u00e1bitos de Consumo da Superdigital.<\/p>\n<p>As maiores altas no estado ocorreram nos setores de Supermercado (12%), Restaurante (11%), Transporte (8%), Lojas de Artigos Diversos (3%), Prestadores de Servi\u00e7os (2%) e Servi\u00e7os (2%). No entanto, houve queda de gastos com Companhias A\u00e9reas (-10%), Rede Online (-7%), Lojas de Roupas (-6%), Combust\u00edvel (-3%), Divers\u00e3o e Entretenimento (-2%) e Hot\u00e9is e Mot\u00e9is (-2%).<\/p>\n<p>No Brasil, o aumento foi de 8% em julho ante junho deste ano. Todas as regi\u00f5es do pa\u00eds mostraram eleva\u00e7\u00e3o no consumo, com o Norte impactando mais no resultado (11,5%). O Centro-Oeste fechou com alta de 9,4% no consumo, seguido do Sudeste (8,4%), Sul (8,3%) e Nordeste (6,6%).<\/p>\n<p>No Brasil, os setores que se destacaram com as altas mais significativas foram Supermercados (12%), Restaurantes (12%), Prestadores de Servi\u00e7os (6%), Transportes (4%) e Lojas de Artigos Diversos (45). J\u00e1 os setores que mostraram quedas no consumo foram de Rede Online (-12%) e Roupas (-4%).<\/p>\n<p><strong>Leia mais<\/strong><\/p>\n<p><a href=\"https:\/\/redenoticiaz.com.br\/blog\/2020\/12\/22\/video-dicas-para-praticar-o-consumo-consciente-no-natal\">Tome cuidado com o consumo de p\u00edlulas anticoncepcionais<\/a><\/p>\n","protected":false},"excerpt":{"rendered":"<p>O consumo das classes C e D no estado de S\u00e3o Paulo fechou em alta de 11,3% em julho, se comparado a junho, de acordo com a Pesquisa de H\u00e1bitos de Consumo da Superdigital. As maiores altas no estado ocorreram nos setores de Supermercado (12%), Restaurante (11%), Transporte (8%), Lojas de Artigos Diversos (3%), Prestadores &hellip;<\/p>\n","protected":false},"author":12,"featured_media":91534,"comment_status":"open","ping_status":"closed","sticky":false,"template":"","format":"standard","meta":{"footnotes":""},"categories":[97],"tags":[173,5816,15911,1613,46332],"class_list":["post-91533","post","type-post","status-publish","format-standard","has-post-thumbnail","hentry","category-economia","tag-brasil","tag-compras","tag-consumo","tag-economia","tag-financas"],"yoast_head":"<!-- This site is optimized with the Yoast SEO plugin v27.5 - https:\/\/yoast.com\/product\/yoast-seo-wordpress\/ -->\n<title>Consumo das classes C e D cresceu 11,3% em julho no estado de S\u00e3o Paulo, aponta pesquisa da Superdigital - Litoral SP<\/title>\n<meta name=\"description\" content=\"O consumo das classes C e D no estado de S\u00e3o Paulo fechou em alta de 11,3% em julho, se comparado a junho, de acordo com pesquisa.\" \/>\n<meta name=\"robots\" content=\"index, follow, max-snippet:-1, max-image-preview:large, max-video-preview:-1\" \/>\n<link rel=\"canonical\" href=\"https:\/\/redenoticiaz.com.br\/litoralsp\/2022\/09\/17\/consumo-das-classes-c-e-d-cresceu-113-em-julho-no-estado-de-sao-paulo-aponta-pesquisa-da-superdigital\" \/>\n<meta property=\"og:locale\" content=\"pt_BR\" \/>\n<meta property=\"og:type\" content=\"article\" \/>\n<meta property=\"og:title\" content=\"Consumo das classes C e D cresceu 11,3% em julho no estado de S\u00e3o Paulo, aponta pesquisa da Superdigital - Litoral SP\" \/>\n<meta property=\"og:description\" content=\"O consumo das classes C e D no estado de S\u00e3o Paulo fechou em alta de 11,3% em julho, se comparado a junho, de acordo com pesquisa.\" \/>\n<meta property=\"og:url\" content=\"https:\/\/redenoticiaz.com.br\/litoralsp\/2022\/09\/17\/consumo-das-classes-c-e-d-cresceu-113-em-julho-no-estado-de-sao-paulo-aponta-pesquisa-da-superdigital\" \/>\n<meta property=\"og:site_name\" content=\"Litoral SP\" \/>\n<meta property=\"article:published_time\" content=\"2022-09-17T16:00:40+00:00\" \/>\n<meta property=\"og:image\" content=\"https:\/\/redenoticiaz.com.br\/litoralsp\/wp-content\/uploads\/sites\/3\/2022\/09\/compras-internet.jpg?v=1601747650\" \/>\n\t<meta property=\"og:image:width\" content=\"1024\" \/>\n\t<meta property=\"og:image:height\" content=\"683\" \/>\n\t<meta property=\"og:image:type\" content=\"image\/jpeg\" \/>\n<meta name=\"author\" content=\"Gustavo Silva\" \/>\n<meta name=\"twitter:card\" content=\"summary_large_image\" \/>\n<meta name=\"twitter:label1\" content=\"Escrito por\" \/>\n\t<meta name=\"twitter:data1\" content=\"Gustavo Silva\" \/>\n\t<meta name=\"twitter:label2\" content=\"Est. tempo de leitura\" \/>\n\t<meta name=\"twitter:data2\" content=\"2 minutos\" \/>\n<script type=\"application\/ld+json\" class=\"yoast-schema-graph\">{\"@context\":\"https:\\\/\\\/schema.org\",\"@graph\":[{\"@type\":\"Article\",\"@id\":\"https:\\\/\\\/redenoticiaz.com.br\\\/litoralsp\\\/2022\\\/09\\\/17\\\/consumo-das-classes-c-e-d-cresceu-113-em-julho-no-estado-de-sao-paulo-aponta-pesquisa-da-superdigital#article\",\"isPartOf\":{\"@id\":\"https:\\\/\\\/redenoticiaz.com.br\\\/litoralsp\\\/2022\\\/09\\\/17\\\/consumo-das-classes-c-e-d-cresceu-113-em-julho-no-estado-de-sao-paulo-aponta-pesquisa-da-superdigital\"},\"author\":{\"name\":\"Gustavo Silva\",\"@id\":\"https:\\\/\\\/redenoticiaz.com.br\\\/litoralsp\\\/#\\\/schema\\\/person\\\/16057b37a3c0ee6b096d7f887c566e2e\"},\"headline\":\"Consumo das classes C e D cresceu 11,3% em julho no estado de S\u00e3o Paulo, aponta pesquisa da Superdigital\",\"datePublished\":\"2022-09-17T16:00:40+00:00\",\"mainEntityOfPage\":{\"@id\":\"https:\\\/\\\/redenoticiaz.com.br\\\/litoralsp\\\/2022\\\/09\\\/17\\\/consumo-das-classes-c-e-d-cresceu-113-em-julho-no-estado-de-sao-paulo-aponta-pesquisa-da-superdigital\"},\"wordCount\":207,\"commentCount\":0,\"publisher\":{\"@id\":\"https:\\\/\\\/redenoticiaz.com.br\\\/litoralsp\\\/#organization\"},\"image\":{\"@id\":\"https:\\\/\\\/redenoticiaz.com.br\\\/litoralsp\\\/2022\\\/09\\\/17\\\/consumo-das-classes-c-e-d-cresceu-113-em-julho-no-estado-de-sao-paulo-aponta-pesquisa-da-superdigital#primaryimage\"},\"thumbnailUrl\":\"https:\\\/\\\/redenoticiaz.com.br\\\/litoralsp\\\/wp-content\\\/uploads\\\/sites\\\/3\\\/2022\\\/09\\\/compras-internet.jpg?v=1601747650\",\"keywords\":[\"Brasil\",\"COMPRAS\",\"consumo\",\"economia\",\"FINAN\u00c7AS\"],\"articleSection\":[\"Economia\"],\"inLanguage\":\"pt-BR\",\"potentialAction\":[{\"@type\":\"CommentAction\",\"name\":\"Comment\",\"target\":[\"https:\\\/\\\/redenoticiaz.com.br\\\/litoralsp\\\/2022\\\/09\\\/17\\\/consumo-das-classes-c-e-d-cresceu-113-em-julho-no-estado-de-sao-paulo-aponta-pesquisa-da-superdigital#respond\"]}]},{\"@type\":\"WebPage\",\"@id\":\"https:\\\/\\\/redenoticiaz.com.br\\\/litoralsp\\\/2022\\\/09\\\/17\\\/consumo-das-classes-c-e-d-cresceu-113-em-julho-no-estado-de-sao-paulo-aponta-pesquisa-da-superdigital\",\"url\":\"https:\\\/\\\/redenoticiaz.com.br\\\/litoralsp\\\/2022\\\/09\\\/17\\\/consumo-das-classes-c-e-d-cresceu-113-em-julho-no-estado-de-sao-paulo-aponta-pesquisa-da-superdigital\",\"name\":\"Consumo das classes C e D cresceu 11,3% em julho no estado de S\u00e3o Paulo, aponta pesquisa da Superdigital - Litoral SP\",\"isPartOf\":{\"@id\":\"https:\\\/\\\/redenoticiaz.com.br\\\/litoralsp\\\/#website\"},\"primaryImageOfPage\":{\"@id\":\"https:\\\/\\\/redenoticiaz.com.br\\\/litoralsp\\\/2022\\\/09\\\/17\\\/consumo-das-classes-c-e-d-cresceu-113-em-julho-no-estado-de-sao-paulo-aponta-pesquisa-da-superdigital#primaryimage\"},\"image\":{\"@id\":\"https:\\\/\\\/redenoticiaz.com.br\\\/litoralsp\\\/2022\\\/09\\\/17\\\/consumo-das-classes-c-e-d-cresceu-113-em-julho-no-estado-de-sao-paulo-aponta-pesquisa-da-superdigital#primaryimage\"},\"thumbnailUrl\":\"https:\\\/\\\/redenoticiaz.com.br\\\/litoralsp\\\/wp-content\\\/uploads\\\/sites\\\/3\\\/2022\\\/09\\\/compras-internet.jpg?v=1601747650\",\"datePublished\":\"2022-09-17T16:00:40+00:00\",\"description\":\"O consumo das classes C e D no estado de S\u00e3o Paulo fechou em alta de 11,3% em julho, se comparado a junho, de acordo com pesquisa.\",\"inLanguage\":\"pt-BR\",\"potentialAction\":[{\"@type\":\"ReadAction\",\"target\":[\"https:\\\/\\\/redenoticiaz.com.br\\\/litoralsp\\\/2022\\\/09\\\/17\\\/consumo-das-classes-c-e-d-cresceu-113-em-julho-no-estado-de-sao-paulo-aponta-pesquisa-da-superdigital\"]}]},{\"@type\":\"ImageObject\",\"inLanguage\":\"pt-BR\",\"@id\":\"https:\\\/\\\/redenoticiaz.com.br\\\/litoralsp\\\/2022\\\/09\\\/17\\\/consumo-das-classes-c-e-d-cresceu-113-em-julho-no-estado-de-sao-paulo-aponta-pesquisa-da-superdigital#primaryimage\",\"url\":\"https:\\\/\\\/redenoticiaz.com.br\\\/litoralsp\\\/wp-content\\\/uploads\\\/sites\\\/3\\\/2022\\\/09\\\/compras-internet.jpg?v=1601747650\",\"contentUrl\":\"https:\\\/\\\/redenoticiaz.com.br\\\/litoralsp\\\/wp-content\\\/uploads\\\/sites\\\/3\\\/2022\\\/09\\\/compras-internet.jpg?v=1601747650\",\"width\":1024,\"height\":683,\"caption\":\"girl makes a purchase on the Internet on the computer with credit card\"},{\"@type\":\"WebSite\",\"@id\":\"https:\\\/\\\/redenoticiaz.com.br\\\/litoralsp\\\/#website\",\"url\":\"https:\\\/\\\/redenoticiaz.com.br\\\/litoralsp\\\/\",\"name\":\"Litoral SP\",\"description\":\"Rede NoticiaZ\",\"publisher\":{\"@id\":\"https:\\\/\\\/redenoticiaz.com.br\\\/litoralsp\\\/#organization\"},\"potentialAction\":[{\"@type\":\"SearchAction\",\"target\":{\"@type\":\"EntryPoint\",\"urlTemplate\":\"https:\\\/\\\/redenoticiaz.com.br\\\/litoralsp\\\/?s={search_term_string}\"},\"query-input\":{\"@type\":\"PropertyValueSpecification\",\"valueRequired\":true,\"valueName\":\"search_term_string\"}}],\"inLanguage\":\"pt-BR\"},{\"@type\":\"Organization\",\"@id\":\"https:\\\/\\\/redenoticiaz.com.br\\\/litoralsp\\\/#organization\",\"name\":\"Litoral SP\",\"url\":\"https:\\\/\\\/redenoticiaz.com.br\\\/litoralsp\\\/\",\"logo\":{\"@type\":\"ImageObject\",\"inLanguage\":\"pt-BR\",\"@id\":\"https:\\\/\\\/redenoticiaz.com.br\\\/litoralsp\\\/#\\\/schema\\\/logo\\\/image\\\/\",\"url\":\"https:\\\/\\\/redenoticiaz.com.br\\\/litoralsp\\\/wp-content\\\/uploads\\\/sites\\\/3\\\/2020\\\/11\\\/logo.jpg\",\"contentUrl\":\"https:\\\/\\\/redenoticiaz.com.br\\\/litoralsp\\\/wp-content\\\/uploads\\\/sites\\\/3\\\/2020\\\/11\\\/logo.jpg\",\"width\":400,\"height\":250,\"caption\":\"Litoral SP\"},\"image\":{\"@id\":\"https:\\\/\\\/redenoticiaz.com.br\\\/litoralsp\\\/#\\\/schema\\\/logo\\\/image\\\/\"}},{\"@type\":\"Person\",\"@id\":\"https:\\\/\\\/redenoticiaz.com.br\\\/litoralsp\\\/#\\\/schema\\\/person\\\/16057b37a3c0ee6b096d7f887c566e2e\",\"name\":\"Gustavo Silva\",\"image\":{\"@type\":\"ImageObject\",\"inLanguage\":\"pt-BR\",\"@id\":\"https:\\\/\\\/secure.gravatar.com\\\/avatar\\\/3ee4e82f93b26de0a7cf4ea5eb7893da637ed6bb0c9170c58065944c56e28a33?s=96&d=mm&r=g\",\"url\":\"https:\\\/\\\/secure.gravatar.com\\\/avatar\\\/3ee4e82f93b26de0a7cf4ea5eb7893da637ed6bb0c9170c58065944c56e28a33?s=96&d=mm&r=g\",\"contentUrl\":\"https:\\\/\\\/secure.gravatar.com\\\/avatar\\\/3ee4e82f93b26de0a7cf4ea5eb7893da637ed6bb0c9170c58065944c56e28a33?s=96&d=mm&r=g\",\"caption\":\"Gustavo Silva\"},\"url\":\"https:\\\/\\\/redenoticiaz.com.br\\\/litoralsp\\\/author\\\/gustavosilva\"}]}<\/script>\n<!-- \/ Yoast SEO plugin. -->","yoast_head_json":{"title":"Consumo das classes C e D cresceu 11,3% em julho no estado de S\u00e3o Paulo, aponta pesquisa da Superdigital - Litoral SP","description":"O consumo das classes C e D no estado de S\u00e3o Paulo fechou em alta de 11,3% em julho, se comparado a junho, de acordo com pesquisa.","robots":{"index":"index","follow":"follow","max-snippet":"max-snippet:-1","max-image-preview":"max-image-preview:large","max-video-preview":"max-video-preview:-1"},"canonical":"https:\/\/redenoticiaz.com.br\/litoralsp\/2022\/09\/17\/consumo-das-classes-c-e-d-cresceu-113-em-julho-no-estado-de-sao-paulo-aponta-pesquisa-da-superdigital","og_locale":"pt_BR","og_type":"article","og_title":"Consumo das classes C e D cresceu 11,3% em julho no estado de S\u00e3o Paulo, aponta pesquisa da Superdigital - Litoral SP","og_description":"O consumo das classes C e D no estado de S\u00e3o Paulo fechou em alta de 11,3% em julho, se comparado a junho, de acordo com pesquisa.","og_url":"https:\/\/redenoticiaz.com.br\/litoralsp\/2022\/09\/17\/consumo-das-classes-c-e-d-cresceu-113-em-julho-no-estado-de-sao-paulo-aponta-pesquisa-da-superdigital","og_site_name":"Litoral SP","article_published_time":"2022-09-17T16:00:40+00:00","og_image":[{"width":1024,"height":683,"url":"https:\/\/redenoticiaz.com.br\/litoralsp\/wp-content\/uploads\/sites\/3\/2022\/09\/compras-internet.jpg?v=1601747650","type":"image\/jpeg"}],"author":"Gustavo Silva","twitter_card":"summary_large_image","twitter_misc":{"Escrito por":"Gustavo Silva","Est. tempo de leitura":"2 minutos"},"schema":{"@context":"https:\/\/schema.org","@graph":[{"@type":"Article","@id":"https:\/\/redenoticiaz.com.br\/litoralsp\/2022\/09\/17\/consumo-das-classes-c-e-d-cresceu-113-em-julho-no-estado-de-sao-paulo-aponta-pesquisa-da-superdigital#article","isPartOf":{"@id":"https:\/\/redenoticiaz.com.br\/litoralsp\/2022\/09\/17\/consumo-das-classes-c-e-d-cresceu-113-em-julho-no-estado-de-sao-paulo-aponta-pesquisa-da-superdigital"},"author":{"name":"Gustavo Silva","@id":"https:\/\/redenoticiaz.com.br\/litoralsp\/#\/schema\/person\/16057b37a3c0ee6b096d7f887c566e2e"},"headline":"Consumo das classes C e D cresceu 11,3% em julho no estado de S\u00e3o Paulo, aponta pesquisa da Superdigital","datePublished":"2022-09-17T16:00:40+00:00","mainEntityOfPage":{"@id":"https:\/\/redenoticiaz.com.br\/litoralsp\/2022\/09\/17\/consumo-das-classes-c-e-d-cresceu-113-em-julho-no-estado-de-sao-paulo-aponta-pesquisa-da-superdigital"},"wordCount":207,"commentCount":0,"publisher":{"@id":"https:\/\/redenoticiaz.com.br\/litoralsp\/#organization"},"image":{"@id":"https:\/\/redenoticiaz.com.br\/litoralsp\/2022\/09\/17\/consumo-das-classes-c-e-d-cresceu-113-em-julho-no-estado-de-sao-paulo-aponta-pesquisa-da-superdigital#primaryimage"},"thumbnailUrl":"https:\/\/redenoticiaz.com.br\/litoralsp\/wp-content\/uploads\/sites\/3\/2022\/09\/compras-internet.jpg?v=1601747650","keywords":["Brasil","COMPRAS","consumo","economia","FINAN\u00c7AS"],"articleSection":["Economia"],"inLanguage":"pt-BR","potentialAction":[{"@type":"CommentAction","name":"Comment","target":["https:\/\/redenoticiaz.com.br\/litoralsp\/2022\/09\/17\/consumo-das-classes-c-e-d-cresceu-113-em-julho-no-estado-de-sao-paulo-aponta-pesquisa-da-superdigital#respond"]}]},{"@type":"WebPage","@id":"https:\/\/redenoticiaz.com.br\/litoralsp\/2022\/09\/17\/consumo-das-classes-c-e-d-cresceu-113-em-julho-no-estado-de-sao-paulo-aponta-pesquisa-da-superdigital","url":"https:\/\/redenoticiaz.com.br\/litoralsp\/2022\/09\/17\/consumo-das-classes-c-e-d-cresceu-113-em-julho-no-estado-de-sao-paulo-aponta-pesquisa-da-superdigital","name":"Consumo das classes C e D cresceu 11,3% em julho no estado de S\u00e3o Paulo, aponta pesquisa da Superdigital - Litoral SP","isPartOf":{"@id":"https:\/\/redenoticiaz.com.br\/litoralsp\/#website"},"primaryImageOfPage":{"@id":"https:\/\/redenoticiaz.com.br\/litoralsp\/2022\/09\/17\/consumo-das-classes-c-e-d-cresceu-113-em-julho-no-estado-de-sao-paulo-aponta-pesquisa-da-superdigital#primaryimage"},"image":{"@id":"https:\/\/redenoticiaz.com.br\/litoralsp\/2022\/09\/17\/consumo-das-classes-c-e-d-cresceu-113-em-julho-no-estado-de-sao-paulo-aponta-pesquisa-da-superdigital#primaryimage"},"thumbnailUrl":"https:\/\/redenoticiaz.com.br\/litoralsp\/wp-content\/uploads\/sites\/3\/2022\/09\/compras-internet.jpg?v=1601747650","datePublished":"2022-09-17T16:00:40+00:00","description":"O consumo das classes C e D no estado de S\u00e3o Paulo fechou em alta de 11,3% em julho, se comparado a junho, de acordo com pesquisa.","inLanguage":"pt-BR","potentialAction":[{"@type":"ReadAction","target":["https:\/\/redenoticiaz.com.br\/litoralsp\/2022\/09\/17\/consumo-das-classes-c-e-d-cresceu-113-em-julho-no-estado-de-sao-paulo-aponta-pesquisa-da-superdigital"]}]},{"@type":"ImageObject","inLanguage":"pt-BR","@id":"https:\/\/redenoticiaz.com.br\/litoralsp\/2022\/09\/17\/consumo-das-classes-c-e-d-cresceu-113-em-julho-no-estado-de-sao-paulo-aponta-pesquisa-da-superdigital#primaryimage","url":"https:\/\/redenoticiaz.com.br\/litoralsp\/wp-content\/uploads\/sites\/3\/2022\/09\/compras-internet.jpg?v=1601747650","contentUrl":"https:\/\/redenoticiaz.com.br\/litoralsp\/wp-content\/uploads\/sites\/3\/2022\/09\/compras-internet.jpg?v=1601747650","width":1024,"height":683,"caption":"girl makes a purchase on the Internet on the computer with credit card"},{"@type":"WebSite","@id":"https:\/\/redenoticiaz.com.br\/litoralsp\/#website","url":"https:\/\/redenoticiaz.com.br\/litoralsp\/","name":"Litoral SP","description":"Rede NoticiaZ","publisher":{"@id":"https:\/\/redenoticiaz.com.br\/litoralsp\/#organization"},"potentialAction":[{"@type":"SearchAction","target":{"@type":"EntryPoint","urlTemplate":"https:\/\/redenoticiaz.com.br\/litoralsp\/?s={search_term_string}"},"query-input":{"@type":"PropertyValueSpecification","valueRequired":true,"valueName":"search_term_string"}}],"inLanguage":"pt-BR"},{"@type":"Organization","@id":"https:\/\/redenoticiaz.com.br\/litoralsp\/#organization","name":"Litoral SP","url":"https:\/\/redenoticiaz.com.br\/litoralsp\/","logo":{"@type":"ImageObject","inLanguage":"pt-BR","@id":"https:\/\/redenoticiaz.com.br\/litoralsp\/#\/schema\/logo\/image\/","url":"https:\/\/redenoticiaz.com.br\/litoralsp\/wp-content\/uploads\/sites\/3\/2020\/11\/logo.jpg","contentUrl":"https:\/\/redenoticiaz.com.br\/litoralsp\/wp-content\/uploads\/sites\/3\/2020\/11\/logo.jpg","width":400,"height":250,"caption":"Litoral SP"},"image":{"@id":"https:\/\/redenoticiaz.com.br\/litoralsp\/#\/schema\/logo\/image\/"}},{"@type":"Person","@id":"https:\/\/redenoticiaz.com.br\/litoralsp\/#\/schema\/person\/16057b37a3c0ee6b096d7f887c566e2e","name":"Gustavo Silva","image":{"@type":"ImageObject","inLanguage":"pt-BR","@id":"https:\/\/secure.gravatar.com\/avatar\/3ee4e82f93b26de0a7cf4ea5eb7893da637ed6bb0c9170c58065944c56e28a33?s=96&d=mm&r=g","url":"https:\/\/secure.gravatar.com\/avatar\/3ee4e82f93b26de0a7cf4ea5eb7893da637ed6bb0c9170c58065944c56e28a33?s=96&d=mm&r=g","contentUrl":"https:\/\/secure.gravatar.com\/avatar\/3ee4e82f93b26de0a7cf4ea5eb7893da637ed6bb0c9170c58065944c56e28a33?s=96&d=mm&r=g","caption":"Gustavo Silva"},"url":"https:\/\/redenoticiaz.com.br\/litoralsp\/author\/gustavosilva"}]}},"_links":{"self":[{"href":"https:\/\/redenoticiaz.com.br\/litoralsp\/wp-json\/wp\/v2\/posts\/91533","targetHints":{"allow":["GET"]}}],"collection":[{"href":"https:\/\/redenoticiaz.com.br\/litoralsp\/wp-json\/wp\/v2\/posts"}],"about":[{"href":"https:\/\/redenoticiaz.com.br\/litoralsp\/wp-json\/wp\/v2\/types\/post"}],"author":[{"embeddable":true,"href":"https:\/\/redenoticiaz.com.br\/litoralsp\/wp-json\/wp\/v2\/users\/12"}],"replies":[{"embeddable":true,"href":"https:\/\/redenoticiaz.com.br\/litoralsp\/wp-json\/wp\/v2\/comments?post=91533"}],"version-history":[{"count":0,"href":"https:\/\/redenoticiaz.com.br\/litoralsp\/wp-json\/wp\/v2\/posts\/91533\/revisions"}],"wp:featuredmedia":[{"embeddable":true,"href":"https:\/\/redenoticiaz.com.br\/litoralsp\/wp-json\/wp\/v2\/media\/91534"}],"wp:attachment":[{"href":"https:\/\/redenoticiaz.com.br\/litoralsp\/wp-json\/wp\/v2\/media?parent=91533"}],"wp:term":[{"taxonomy":"category","embeddable":true,"href":"https:\/\/redenoticiaz.com.br\/litoralsp\/wp-json\/wp\/v2\/categories?post=91533"},{"taxonomy":"post_tag","embeddable":true,"href":"https:\/\/redenoticiaz.com.br\/litoralsp\/wp-json\/wp\/v2\/tags?post=91533"}],"curies":[{"name":"wp","href":"https:\/\/api.w.org\/{rel}","templated":true}]}}