{"id":91543,"date":"2022-09-16T08:25:37","date_gmt":"2022-09-16T11:25:37","guid":{"rendered":"https:\/\/redenoticiaz.com.br\/litoralsp\/2022\/09\/16\/inss-abre-inscricoes-para-o-preenchimento-de-mais-de-mil-vagas"},"modified":"2022-09-16T08:25:37","modified_gmt":"2022-09-16T11:25:37","slug":"inss-abre-inscricoes-para-o-preenchimento-de-mais-de-mil-vagas","status":"publish","type":"post","link":"https:\/\/redenoticiaz.com.br\/litoralsp\/2022\/09\/16\/inss-abre-inscricoes-para-o-preenchimento-de-mais-de-mil-vagas","title":{"rendered":"INSS abre inscri\u00e7\u00f5es para o preenchimento de mais de mil vagas"},"content":{"rendered":"<p>A partir desta sexta-feira (16) come\u00e7am as inscri\u00e7\u00f5es para o concurso do Instituto Nacional do Seguro Social (INSS). O cargo a ser preenchido \u00e9 para <strong>T\u00e9cnico do Seguro Social<\/strong>, onde mil vagas est\u00e3o dispon\u00edveis. As inscri\u00e7\u00f5es s\u00e3o v\u00e1lidas at\u00e9 as 18h do dia 3 de outubro.<\/p>\n<p>De acordo com o INSS, elas podem ser feitas somente na p\u00e1gina do <a href=\"https:\/\/www.cebraspe.org.br\/concursos\/INSS_22\" target=\"_blank\" rel=\"noopener\">Centro Brasileiro de Pesquisa em Avalia\u00e7\u00e3o e Sele\u00e7\u00e3o e de Promo\u00e7\u00e3o de Eventos (Cebraspe)<\/a>. O valor da taxa de inscri\u00e7\u00e3o \u00e9 R$ 85 e poder\u00e1 ser pago at\u00e9 o dia 21 de outubro.<img decoding=\"async\" src=\"https:\/\/agenciabrasil.ebc.com.br\/ebc.png?id=1482691&amp;o=node\" \/><img decoding=\"async\" src=\"https:\/\/agenciabrasil.ebc.com.br\/ebc.gif?id=1482691&amp;o=node\" \/><\/p>\n<div class=\"post-item-wrap\">\n<p>Na quinta-feira (15), o INSS divulgou o edital do concurso com mil vagas para o cargo de T\u00e9cnico do Seguro Social. A remunera\u00e7\u00e3o bruta inicial \u00e9 at\u00e9 R$ 5.905,79. O documento foi publicado no <a href=\"https:\/\/www.in.gov.br\/en\/web\/dou\/-\/edital-n-1-inss-de-12-de-setembro-de-2022-429587147\" target=\"_blank\" rel=\"noopener\"><em>Di\u00e1rio Oficial da Uni\u00e3o<\/em><\/a>. Das mil vagas oferecidas, 708 s\u00e3o para ampla concorr\u00eancia, 90 para pessoas com defici\u00eancia e 202 destinadas a pessoas negras.<\/p>\n<p>De acordo com o \u00f3rg\u00e3o, o objetivo \u00e9 refor\u00e7ar o quadro de pessoal e melhorar os servi\u00e7os prestados \u00e0 popula\u00e7\u00e3o. Para participar do concurso, o candidato dever\u00e1 ter ensino m\u00e9dio ou curso t\u00e9cnico equivalente, conclu\u00eddo at\u00e9 a data da posse e com diploma expedido por institui\u00e7\u00e3o de ensino reconhecida pelo Minist\u00e9rio da Educa\u00e7\u00e3o (MEC).<\/p>\n<h3>Como ser\u00e1 o concurso?<\/h3>\n<p>O concurso ser\u00e1 realizado em duas etapas: provas objetivas, de car\u00e1ter eliminat\u00f3rio e classificat\u00f3rio, e curso de forma\u00e7\u00e3o, de car\u00e1ter eliminat\u00f3rio e classificat\u00f3rio. A aplica\u00e7\u00e3o das provas objetivas est\u00e1 prevista para o dia 27 de novembro.<\/p>\n<p>Al\u00e9m de conhecimentos espec\u00edficos da legisla\u00e7\u00e3o da seguridade social, a prova contar\u00e1 com as disciplinas de L\u00edngua Portuguesa, \u00c9tica no Servi\u00e7o P\u00fablico, no\u00e7\u00f5es de Direito Constitucional, no\u00e7\u00f5es de Direito Administrativo, no\u00e7\u00f5es de Inform\u00e1tica e Racioc\u00ednio L\u00f3gico-Matem\u00e1tico. O curso de forma\u00e7\u00e3o ser\u00e1 realizado nas cidades de Bel\u00e9m (PA), Belo Horizonte (MG), Bras\u00edlia (DF), Florian\u00f3polis (SC), Fortaleza (CE), Jo\u00e3o Pessoa (PB), Manaus (AM), Rio de Janeiro (RJ) e S\u00e3o Paulo (SP).<\/p>\n<p>Os candidatos nomeados estar\u00e3o subordinados ao<a href=\"http:\/\/www.planalto.gov.br\/ccivil_03\/leis\/l8112cons.htm\" target=\"_blank\" rel=\"noopener\"> Regime Jur\u00eddico \u00danico dos Servidores Civis da Uni\u00e3o, das Autarquias e das Funda\u00e7\u00f5es P\u00fablicas Federais (Lei n\u00ba 8.112\/1990)<\/a>. As lota\u00e7\u00f5es ser\u00e3o feitas em qualquer Ag\u00eancia da Previd\u00eancia Social pertencente \u00e0 Ger\u00eancia Executiva do INSS \u00e0 qual o candidato optou por concorrer. H\u00e1 vagas para ger\u00eancias nos 26 estados e no Distrito Federal.<\/p>\n<p>Entre as atividades que ser\u00e3o executadas pelos novos servidores, est\u00e3o o atendimento ao p\u00fablico; orienta\u00e7\u00e3o, informa\u00e7\u00e3o e conscientiza\u00e7\u00e3o previdenci\u00e1ria; e a\u00e7\u00f5es relacionadas ao reconhecimento de direitos previdenci\u00e1rios.<\/p>\n<p><strong>LEIA TAMB\u00c9M<\/strong><\/p>\n<p><a href=\"https:\/\/redenoticiaz.com.br\/blog\/2022\/09\/15\/federer-vai-se-aposentar-do-tenis-apos-laver-cup-da-proxima-semana\">Federer vai se aposentar do t\u00eanis ap\u00f3s Laver Cup da pr\u00f3xima semana<\/a><\/p>\n<\/div>\n","protected":false},"excerpt":{"rendered":"<p>A partir desta sexta-feira (16) come\u00e7am as inscri\u00e7\u00f5es para o concurso do Instituto Nacional do Seguro Social (INSS). O cargo a ser preenchido \u00e9 para T\u00e9cnico do Seguro Social, onde mil vagas est\u00e3o dispon\u00edveis. As inscri\u00e7\u00f5es s\u00e3o v\u00e1lidas at\u00e9 as 18h do dia 3 de outubro. De acordo com o INSS, elas podem ser feitas &hellip;<\/p>\n","protected":false},"author":6,"featured_media":91544,"comment_status":"open","ping_status":"closed","sticky":false,"template":"","format":"standard","meta":{"footnotes":""},"categories":[2795],"tags":[173,30173,1833,59321],"class_list":["post-91543","post","type-post","status-publish","format-standard","has-post-thumbnail","hentry","category-trabalho","tag-brasil","tag-concurso-publico","tag-inss","tag-tecnico-de-seguro-social"],"yoast_head":"<!-- This site is optimized with the Yoast SEO plugin v27.5 - https:\/\/yoast.com\/product\/yoast-seo-wordpress\/ -->\n<title>INSS abre inscri\u00e7\u00f5es para o preenchimento de mais de mil vagas - Litoral SP<\/title>\n<meta name=\"description\" content=\"A partir desta sexta-feira (16) come\u00e7am as inscri\u00e7\u00f5es para o concurso do Instituto Nacional do Seguro Social (INSS). O cargo\" \/>\n<meta name=\"robots\" content=\"index, follow, max-snippet:-1, max-image-preview:large, max-video-preview:-1\" \/>\n<link rel=\"canonical\" href=\"https:\/\/redenoticiaz.com.br\/litoralsp\/2022\/09\/16\/inss-abre-inscricoes-para-o-preenchimento-de-mais-de-mil-vagas\" \/>\n<meta property=\"og:locale\" content=\"pt_BR\" \/>\n<meta property=\"og:type\" content=\"article\" \/>\n<meta property=\"og:title\" content=\"INSS abre inscri\u00e7\u00f5es para o preenchimento de mais de mil vagas - Litoral SP\" \/>\n<meta property=\"og:description\" content=\"A partir desta sexta-feira (16) come\u00e7am as inscri\u00e7\u00f5es para o concurso do Instituto Nacional do Seguro Social (INSS). O cargo\" \/>\n<meta property=\"og:url\" content=\"https:\/\/redenoticiaz.com.br\/litoralsp\/2022\/09\/16\/inss-abre-inscricoes-para-o-preenchimento-de-mais-de-mil-vagas\" \/>\n<meta property=\"og:site_name\" content=\"Litoral SP\" \/>\n<meta property=\"article:published_time\" content=\"2022-09-16T11:25:37+00:00\" \/>\n<meta name=\"author\" content=\"Leonardo Francisco\" \/>\n<meta name=\"twitter:card\" content=\"summary_large_image\" \/>\n<meta name=\"twitter:image\" content=\"https:\/\/redenoticiaz.com.br\/litoralsp\/wp-content\/uploads\/sites\/3\/2022\/09\/INSS.jpg?v=1663327486\" \/>\n<meta name=\"twitter:label1\" content=\"Escrito por\" \/>\n\t<meta name=\"twitter:data1\" content=\"Leonardo Francisco\" \/>\n\t<meta name=\"twitter:label2\" content=\"Est. tempo de leitura\" \/>\n\t<meta name=\"twitter:data2\" content=\"3 minutos\" \/>\n<script type=\"application\/ld+json\" class=\"yoast-schema-graph\">{\"@context\":\"https:\\\/\\\/schema.org\",\"@graph\":[{\"@type\":\"Article\",\"@id\":\"https:\\\/\\\/redenoticiaz.com.br\\\/litoralsp\\\/2022\\\/09\\\/16\\\/inss-abre-inscricoes-para-o-preenchimento-de-mais-de-mil-vagas#article\",\"isPartOf\":{\"@id\":\"https:\\\/\\\/redenoticiaz.com.br\\\/litoralsp\\\/2022\\\/09\\\/16\\\/inss-abre-inscricoes-para-o-preenchimento-de-mais-de-mil-vagas\"},\"author\":{\"name\":\"Leonardo Francisco\",\"@id\":\"https:\\\/\\\/redenoticiaz.com.br\\\/litoralsp\\\/#\\\/schema\\\/person\\\/0f0b8a5bdafefe82841e07ae8d81ecb3\"},\"headline\":\"INSS abre inscri\u00e7\u00f5es para o preenchimento de mais de mil vagas\",\"datePublished\":\"2022-09-16T11:25:37+00:00\",\"mainEntityOfPage\":{\"@id\":\"https:\\\/\\\/redenoticiaz.com.br\\\/litoralsp\\\/2022\\\/09\\\/16\\\/inss-abre-inscricoes-para-o-preenchimento-de-mais-de-mil-vagas\"},\"wordCount\":486,\"commentCount\":0,\"publisher\":{\"@id\":\"https:\\\/\\\/redenoticiaz.com.br\\\/litoralsp\\\/#organization\"},\"image\":{\"@id\":\"https:\\\/\\\/redenoticiaz.com.br\\\/litoralsp\\\/2022\\\/09\\\/16\\\/inss-abre-inscricoes-para-o-preenchimento-de-mais-de-mil-vagas#primaryimage\"},\"thumbnailUrl\":\"https:\\\/\\\/redenoticiaz.com.br\\\/litoralsp\\\/wp-content\\\/uploads\\\/sites\\\/3\\\/2022\\\/09\\\/INSS.jpg?v=1663327486\",\"keywords\":[\"Brasil\",\"CONCURSO P\u00daBLICO\",\"INSS\",\"T\u00c9CNICO DE SEGURO SOCIAL\"],\"articleSection\":[\"Trabalho\"],\"inLanguage\":\"pt-BR\",\"potentialAction\":[{\"@type\":\"CommentAction\",\"name\":\"Comment\",\"target\":[\"https:\\\/\\\/redenoticiaz.com.br\\\/litoralsp\\\/2022\\\/09\\\/16\\\/inss-abre-inscricoes-para-o-preenchimento-de-mais-de-mil-vagas#respond\"]}]},{\"@type\":\"WebPage\",\"@id\":\"https:\\\/\\\/redenoticiaz.com.br\\\/litoralsp\\\/2022\\\/09\\\/16\\\/inss-abre-inscricoes-para-o-preenchimento-de-mais-de-mil-vagas\",\"url\":\"https:\\\/\\\/redenoticiaz.com.br\\\/litoralsp\\\/2022\\\/09\\\/16\\\/inss-abre-inscricoes-para-o-preenchimento-de-mais-de-mil-vagas\",\"name\":\"INSS abre inscri\u00e7\u00f5es para o preenchimento de mais de mil vagas - Litoral SP\",\"isPartOf\":{\"@id\":\"https:\\\/\\\/redenoticiaz.com.br\\\/litoralsp\\\/#website\"},\"primaryImageOfPage\":{\"@id\":\"https:\\\/\\\/redenoticiaz.com.br\\\/litoralsp\\\/2022\\\/09\\\/16\\\/inss-abre-inscricoes-para-o-preenchimento-de-mais-de-mil-vagas#primaryimage\"},\"image\":{\"@id\":\"https:\\\/\\\/redenoticiaz.com.br\\\/litoralsp\\\/2022\\\/09\\\/16\\\/inss-abre-inscricoes-para-o-preenchimento-de-mais-de-mil-vagas#primaryimage\"},\"thumbnailUrl\":\"https:\\\/\\\/redenoticiaz.com.br\\\/litoralsp\\\/wp-content\\\/uploads\\\/sites\\\/3\\\/2022\\\/09\\\/INSS.jpg?v=1663327486\",\"datePublished\":\"2022-09-16T11:25:37+00:00\",\"description\":\"A partir desta sexta-feira (16) come\u00e7am as inscri\u00e7\u00f5es para o concurso do Instituto Nacional do Seguro Social (INSS). O cargo\",\"inLanguage\":\"pt-BR\",\"potentialAction\":[{\"@type\":\"ReadAction\",\"target\":[\"https:\\\/\\\/redenoticiaz.com.br\\\/litoralsp\\\/2022\\\/09\\\/16\\\/inss-abre-inscricoes-para-o-preenchimento-de-mais-de-mil-vagas\"]}]},{\"@type\":\"ImageObject\",\"inLanguage\":\"pt-BR\",\"@id\":\"https:\\\/\\\/redenoticiaz.com.br\\\/litoralsp\\\/2022\\\/09\\\/16\\\/inss-abre-inscricoes-para-o-preenchimento-de-mais-de-mil-vagas#primaryimage\",\"url\":\"https:\\\/\\\/redenoticiaz.com.br\\\/litoralsp\\\/wp-content\\\/uploads\\\/sites\\\/3\\\/2022\\\/09\\\/INSS.jpg?v=1663327486\",\"contentUrl\":\"https:\\\/\\\/redenoticiaz.com.br\\\/litoralsp\\\/wp-content\\\/uploads\\\/sites\\\/3\\\/2022\\\/09\\\/INSS.jpg?v=1663327486\",\"width\":1920,\"height\":1080,\"caption\":\"Cr\u00e9ditos: Ag\u00eancia Brasil\"},{\"@type\":\"WebSite\",\"@id\":\"https:\\\/\\\/redenoticiaz.com.br\\\/litoralsp\\\/#website\",\"url\":\"https:\\\/\\\/redenoticiaz.com.br\\\/litoralsp\\\/\",\"name\":\"Litoral SP\",\"description\":\"Rede NoticiaZ\",\"publisher\":{\"@id\":\"https:\\\/\\\/redenoticiaz.com.br\\\/litoralsp\\\/#organization\"},\"potentialAction\":[{\"@type\":\"SearchAction\",\"target\":{\"@type\":\"EntryPoint\",\"urlTemplate\":\"https:\\\/\\\/redenoticiaz.com.br\\\/litoralsp\\\/?s={search_term_string}\"},\"query-input\":{\"@type\":\"PropertyValueSpecification\",\"valueRequired\":true,\"valueName\":\"search_term_string\"}}],\"inLanguage\":\"pt-BR\"},{\"@type\":\"Organization\",\"@id\":\"https:\\\/\\\/redenoticiaz.com.br\\\/litoralsp\\\/#organization\",\"name\":\"Litoral SP\",\"url\":\"https:\\\/\\\/redenoticiaz.com.br\\\/litoralsp\\\/\",\"logo\":{\"@type\":\"ImageObject\",\"inLanguage\":\"pt-BR\",\"@id\":\"https:\\\/\\\/redenoticiaz.com.br\\\/litoralsp\\\/#\\\/schema\\\/logo\\\/image\\\/\",\"url\":\"https:\\\/\\\/redenoticiaz.com.br\\\/litoralsp\\\/wp-content\\\/uploads\\\/sites\\\/3\\\/2020\\\/11\\\/logo.jpg\",\"contentUrl\":\"https:\\\/\\\/redenoticiaz.com.br\\\/litoralsp\\\/wp-content\\\/uploads\\\/sites\\\/3\\\/2020\\\/11\\\/logo.jpg\",\"width\":400,\"height\":250,\"caption\":\"Litoral SP\"},\"image\":{\"@id\":\"https:\\\/\\\/redenoticiaz.com.br\\\/litoralsp\\\/#\\\/schema\\\/logo\\\/image\\\/\"}},{\"@type\":\"Person\",\"@id\":\"https:\\\/\\\/redenoticiaz.com.br\\\/litoralsp\\\/#\\\/schema\\\/person\\\/0f0b8a5bdafefe82841e07ae8d81ecb3\",\"name\":\"Leonardo Francisco\",\"image\":{\"@type\":\"ImageObject\",\"inLanguage\":\"pt-BR\",\"@id\":\"https:\\\/\\\/secure.gravatar.com\\\/avatar\\\/a7358cb406a99b682ec6df1e77e31ae82e63601f6784e8a3df411d72b37864da?s=96&d=mm&r=g\",\"url\":\"https:\\\/\\\/secure.gravatar.com\\\/avatar\\\/a7358cb406a99b682ec6df1e77e31ae82e63601f6784e8a3df411d72b37864da?s=96&d=mm&r=g\",\"contentUrl\":\"https:\\\/\\\/secure.gravatar.com\\\/avatar\\\/a7358cb406a99b682ec6df1e77e31ae82e63601f6784e8a3df411d72b37864da?s=96&d=mm&r=g\",\"caption\":\"Leonardo Francisco\"},\"url\":\"https:\\\/\\\/redenoticiaz.com.br\\\/litoralsp\\\/author\\\/leonardo-francisco\"}]}<\/script>\n<!-- \/ Yoast SEO plugin. -->","yoast_head_json":{"title":"INSS abre inscri\u00e7\u00f5es para o preenchimento de mais de mil vagas - Litoral SP","description":"A partir desta sexta-feira (16) come\u00e7am as inscri\u00e7\u00f5es para o concurso do Instituto Nacional do Seguro Social (INSS). O cargo","robots":{"index":"index","follow":"follow","max-snippet":"max-snippet:-1","max-image-preview":"max-image-preview:large","max-video-preview":"max-video-preview:-1"},"canonical":"https:\/\/redenoticiaz.com.br\/litoralsp\/2022\/09\/16\/inss-abre-inscricoes-para-o-preenchimento-de-mais-de-mil-vagas","og_locale":"pt_BR","og_type":"article","og_title":"INSS abre inscri\u00e7\u00f5es para o preenchimento de mais de mil vagas - Litoral SP","og_description":"A partir desta sexta-feira (16) come\u00e7am as inscri\u00e7\u00f5es para o concurso do Instituto Nacional do Seguro Social (INSS). O cargo","og_url":"https:\/\/redenoticiaz.com.br\/litoralsp\/2022\/09\/16\/inss-abre-inscricoes-para-o-preenchimento-de-mais-de-mil-vagas","og_site_name":"Litoral SP","article_published_time":"2022-09-16T11:25:37+00:00","author":"Leonardo Francisco","twitter_card":"summary_large_image","twitter_image":"https:\/\/redenoticiaz.com.br\/litoralsp\/wp-content\/uploads\/sites\/3\/2022\/09\/INSS.jpg?v=1663327486","twitter_misc":{"Escrito por":"Leonardo Francisco","Est. tempo de leitura":"3 minutos"},"schema":{"@context":"https:\/\/schema.org","@graph":[{"@type":"Article","@id":"https:\/\/redenoticiaz.com.br\/litoralsp\/2022\/09\/16\/inss-abre-inscricoes-para-o-preenchimento-de-mais-de-mil-vagas#article","isPartOf":{"@id":"https:\/\/redenoticiaz.com.br\/litoralsp\/2022\/09\/16\/inss-abre-inscricoes-para-o-preenchimento-de-mais-de-mil-vagas"},"author":{"name":"Leonardo Francisco","@id":"https:\/\/redenoticiaz.com.br\/litoralsp\/#\/schema\/person\/0f0b8a5bdafefe82841e07ae8d81ecb3"},"headline":"INSS abre inscri\u00e7\u00f5es para o preenchimento de mais de mil vagas","datePublished":"2022-09-16T11:25:37+00:00","mainEntityOfPage":{"@id":"https:\/\/redenoticiaz.com.br\/litoralsp\/2022\/09\/16\/inss-abre-inscricoes-para-o-preenchimento-de-mais-de-mil-vagas"},"wordCount":486,"commentCount":0,"publisher":{"@id":"https:\/\/redenoticiaz.com.br\/litoralsp\/#organization"},"image":{"@id":"https:\/\/redenoticiaz.com.br\/litoralsp\/2022\/09\/16\/inss-abre-inscricoes-para-o-preenchimento-de-mais-de-mil-vagas#primaryimage"},"thumbnailUrl":"https:\/\/redenoticiaz.com.br\/litoralsp\/wp-content\/uploads\/sites\/3\/2022\/09\/INSS.jpg?v=1663327486","keywords":["Brasil","CONCURSO P\u00daBLICO","INSS","T\u00c9CNICO DE SEGURO SOCIAL"],"articleSection":["Trabalho"],"inLanguage":"pt-BR","potentialAction":[{"@type":"CommentAction","name":"Comment","target":["https:\/\/redenoticiaz.com.br\/litoralsp\/2022\/09\/16\/inss-abre-inscricoes-para-o-preenchimento-de-mais-de-mil-vagas#respond"]}]},{"@type":"WebPage","@id":"https:\/\/redenoticiaz.com.br\/litoralsp\/2022\/09\/16\/inss-abre-inscricoes-para-o-preenchimento-de-mais-de-mil-vagas","url":"https:\/\/redenoticiaz.com.br\/litoralsp\/2022\/09\/16\/inss-abre-inscricoes-para-o-preenchimento-de-mais-de-mil-vagas","name":"INSS abre inscri\u00e7\u00f5es para o preenchimento de mais de mil vagas - Litoral SP","isPartOf":{"@id":"https:\/\/redenoticiaz.com.br\/litoralsp\/#website"},"primaryImageOfPage":{"@id":"https:\/\/redenoticiaz.com.br\/litoralsp\/2022\/09\/16\/inss-abre-inscricoes-para-o-preenchimento-de-mais-de-mil-vagas#primaryimage"},"image":{"@id":"https:\/\/redenoticiaz.com.br\/litoralsp\/2022\/09\/16\/inss-abre-inscricoes-para-o-preenchimento-de-mais-de-mil-vagas#primaryimage"},"thumbnailUrl":"https:\/\/redenoticiaz.com.br\/litoralsp\/wp-content\/uploads\/sites\/3\/2022\/09\/INSS.jpg?v=1663327486","datePublished":"2022-09-16T11:25:37+00:00","description":"A partir desta sexta-feira (16) come\u00e7am as inscri\u00e7\u00f5es para o concurso do Instituto Nacional do Seguro Social (INSS). O cargo","inLanguage":"pt-BR","potentialAction":[{"@type":"ReadAction","target":["https:\/\/redenoticiaz.com.br\/litoralsp\/2022\/09\/16\/inss-abre-inscricoes-para-o-preenchimento-de-mais-de-mil-vagas"]}]},{"@type":"ImageObject","inLanguage":"pt-BR","@id":"https:\/\/redenoticiaz.com.br\/litoralsp\/2022\/09\/16\/inss-abre-inscricoes-para-o-preenchimento-de-mais-de-mil-vagas#primaryimage","url":"https:\/\/redenoticiaz.com.br\/litoralsp\/wp-content\/uploads\/sites\/3\/2022\/09\/INSS.jpg?v=1663327486","contentUrl":"https:\/\/redenoticiaz.com.br\/litoralsp\/wp-content\/uploads\/sites\/3\/2022\/09\/INSS.jpg?v=1663327486","width":1920,"height":1080,"caption":"Cr\u00e9ditos: Ag\u00eancia Brasil"},{"@type":"WebSite","@id":"https:\/\/redenoticiaz.com.br\/litoralsp\/#website","url":"https:\/\/redenoticiaz.com.br\/litoralsp\/","name":"Litoral SP","description":"Rede NoticiaZ","publisher":{"@id":"https:\/\/redenoticiaz.com.br\/litoralsp\/#organization"},"potentialAction":[{"@type":"SearchAction","target":{"@type":"EntryPoint","urlTemplate":"https:\/\/redenoticiaz.com.br\/litoralsp\/?s={search_term_string}"},"query-input":{"@type":"PropertyValueSpecification","valueRequired":true,"valueName":"search_term_string"}}],"inLanguage":"pt-BR"},{"@type":"Organization","@id":"https:\/\/redenoticiaz.com.br\/litoralsp\/#organization","name":"Litoral SP","url":"https:\/\/redenoticiaz.com.br\/litoralsp\/","logo":{"@type":"ImageObject","inLanguage":"pt-BR","@id":"https:\/\/redenoticiaz.com.br\/litoralsp\/#\/schema\/logo\/image\/","url":"https:\/\/redenoticiaz.com.br\/litoralsp\/wp-content\/uploads\/sites\/3\/2020\/11\/logo.jpg","contentUrl":"https:\/\/redenoticiaz.com.br\/litoralsp\/wp-content\/uploads\/sites\/3\/2020\/11\/logo.jpg","width":400,"height":250,"caption":"Litoral SP"},"image":{"@id":"https:\/\/redenoticiaz.com.br\/litoralsp\/#\/schema\/logo\/image\/"}},{"@type":"Person","@id":"https:\/\/redenoticiaz.com.br\/litoralsp\/#\/schema\/person\/0f0b8a5bdafefe82841e07ae8d81ecb3","name":"Leonardo Francisco","image":{"@type":"ImageObject","inLanguage":"pt-BR","@id":"https:\/\/secure.gravatar.com\/avatar\/a7358cb406a99b682ec6df1e77e31ae82e63601f6784e8a3df411d72b37864da?s=96&d=mm&r=g","url":"https:\/\/secure.gravatar.com\/avatar\/a7358cb406a99b682ec6df1e77e31ae82e63601f6784e8a3df411d72b37864da?s=96&d=mm&r=g","contentUrl":"https:\/\/secure.gravatar.com\/avatar\/a7358cb406a99b682ec6df1e77e31ae82e63601f6784e8a3df411d72b37864da?s=96&d=mm&r=g","caption":"Leonardo Francisco"},"url":"https:\/\/redenoticiaz.com.br\/litoralsp\/author\/leonardo-francisco"}]}},"_links":{"self":[{"href":"https:\/\/redenoticiaz.com.br\/litoralsp\/wp-json\/wp\/v2\/posts\/91543","targetHints":{"allow":["GET"]}}],"collection":[{"href":"https:\/\/redenoticiaz.com.br\/litoralsp\/wp-json\/wp\/v2\/posts"}],"about":[{"href":"https:\/\/redenoticiaz.com.br\/litoralsp\/wp-json\/wp\/v2\/types\/post"}],"author":[{"embeddable":true,"href":"https:\/\/redenoticiaz.com.br\/litoralsp\/wp-json\/wp\/v2\/users\/6"}],"replies":[{"embeddable":true,"href":"https:\/\/redenoticiaz.com.br\/litoralsp\/wp-json\/wp\/v2\/comments?post=91543"}],"version-history":[{"count":0,"href":"https:\/\/redenoticiaz.com.br\/litoralsp\/wp-json\/wp\/v2\/posts\/91543\/revisions"}],"wp:featuredmedia":[{"embeddable":true,"href":"https:\/\/redenoticiaz.com.br\/litoralsp\/wp-json\/wp\/v2\/media\/91544"}],"wp:attachment":[{"href":"https:\/\/redenoticiaz.com.br\/litoralsp\/wp-json\/wp\/v2\/media?parent=91543"}],"wp:term":[{"taxonomy":"category","embeddable":true,"href":"https:\/\/redenoticiaz.com.br\/litoralsp\/wp-json\/wp\/v2\/categories?post=91543"},{"taxonomy":"post_tag","embeddable":true,"href":"https:\/\/redenoticiaz.com.br\/litoralsp\/wp-json\/wp\/v2\/tags?post=91543"}],"curies":[{"name":"wp","href":"https:\/\/api.w.org\/{rel}","templated":true}]}}