{"id":91665,"date":"2022-09-18T19:38:23","date_gmt":"2022-09-18T22:38:23","guid":{"rendered":"https:\/\/redenoticiaz.com.br\/litoralsp\/2022\/09\/18\/sao-paulo-vence-o-ceara-e-respira-aliviado-contra-o-rebaixamento"},"modified":"2022-09-18T19:38:23","modified_gmt":"2022-09-18T22:38:23","slug":"sao-paulo-vence-o-ceara-e-respira-aliviado-contra-o-rebaixamento","status":"publish","type":"post","link":"https:\/\/redenoticiaz.com.br\/litoralsp\/2022\/09\/18\/sao-paulo-vence-o-ceara-e-respira-aliviado-contra-o-rebaixamento","title":{"rendered":"S\u00e3o Paulo vence o Cear\u00e1 e respira aliviado contra o rebaixamento"},"content":{"rendered":"<p>O S\u00e3o Paulo respira aliviado no Campeonato Brasileiro contra o risco de rebaixamento. Neste domingo (18), contra o Cear\u00e1, no Castel\u00e3o, o Tricolor conseguiu uma importante<strong> vit\u00f3ria por 2 a 0<\/strong> e contou com a ajuda dos hermanos para quebrar a sequ\u00eancia de quatro jogos sem vencer na competi\u00e7\u00e3o.\u00a0 O jogo ficou marcado por duas expuls\u00f5es, todas do Voz\u00e3o.<\/p>\n<p><span class=\"sc-eJoaVz etUUWk\">Logo aos 30 segundos, J\u00f4 serviu Mendoza, e o Cear\u00e1 s\u00f3 n\u00e3o abriu o marcador porque Felipe Alves fez grande defesa. Mas passado o susto, foi o S\u00e3o Paulo que se imp\u00f4s na partida. Tanto que aos 22 minutos abriu o placar, em cabe\u00e7ada de Calleri ap\u00f3s cruzamento de Patrick. <\/span><\/p>\n<p><span class=\"sc-eJoaVz etUUWk\">A arbitragem acabou sendo protagonista no jogo. Primeiro em p\u00eanalti anulado pelo VAR de Luiz Ot\u00e1vio em Calleri. A mudan\u00e7a fez o zagueiro do Voz\u00e3o levar cart\u00e3o vermelho. Na sequ\u00eancia, o Tricolor teve boas chances e parou em Jo\u00e3o Ricardo. O Cear\u00e1, de cabe\u00e7a quente, reclamou muito com a arbitragem e abusou das faltas. O primeiro tempo, ent\u00e3o, terminou com vit\u00f3ria parcial dos visitantes. <\/span><\/p>\n<h3>Segundo tempo<\/h3>\n<p><span class=\"sc-eJoaVz etUUWk\">Na etapa final, com um jogador a mais em campo, o S\u00e3o Paulo tentou resolver o duelo imediatamente. No entanto, Bustos, ap\u00f3s cabe\u00e7ada de Galoppo na trave, perdeu gol incr\u00edvel. A partir da\u00ed, o Cear\u00e1 iniciou uma press\u00e3o, mesmo em desvantagem num\u00e9rica. A melhor chance, por\u00e9m, foi com Vina, que recebeu em \u00f3tima condi\u00e7\u00e3o e bateu cruzado, assustando Felipe Alves.<\/span><\/p>\n<p><span class=\"sc-eJoaVz etUUWk\"> O S\u00e3o Paulo, quando conseguiu sair da press\u00e3o, arriscou com Galoppo e Pablo Maia. Mas o Tricolor s\u00f3 teve a chance de acalmar o jogo depois dos 40 minutos, quando Z\u00e9 Roberto foi expulso por falta fora do lance. Com dois a mais, o S\u00e3o Paulo tomou o controle de novo e ampliou nos acr\u00e9scimos com Bustos. O argentino recebeu assist\u00eancia de Igor Gomes, bem acionado por Marcos Guilherme. Grande vit\u00f3ria do Tricolor.<\/span><\/p>\n<p><span class=\"sc-eJoaVz etUUWk\">Com a vit\u00f3ria, o S\u00e3o Paulo foi a 34 pontos e abriu seis da zona de rebaixamento. O Cear\u00e1, por sua vez, tem 31 e est\u00e1 apenas tr\u00eas acima do Z-4.\u00a0 O S\u00e3o Paulo volta a campo pelo Campeonato Brasileiro no pr\u00f3ximo domingo, dia 25, \u00e0s 20h, contra o Ava\u00ed, no Morumbi. J\u00e1 o Cear\u00e1 s\u00f3 joga de novo no dia 28, contra o Coritiba, \u00e0s 19h, no Couto Pereira, na capital paranaense.<\/span><\/p>\n<p><strong>LEIA TAMB\u00c9M<\/strong><\/p>\n<p><a href=\"https:\/\/redenoticiaz.com.br\/blog\/2022\/09\/18\/brasil-conquista-quarto-lugar-inedito-no-mundial-de-ginastica-ritmica\">Brasil conquista quarto lugar in\u00e9dito no Mundial de Gin\u00e1stica R\u00edtmica<\/a><\/p>\n","protected":false},"excerpt":{"rendered":"<p>O S\u00e3o Paulo respira aliviado no Campeonato Brasileiro contra o risco de rebaixamento. Neste domingo (18), contra o Cear\u00e1, no Castel\u00e3o, o Tricolor conseguiu uma importante vit\u00f3ria por 2 a 0 e contou com a ajuda dos hermanos para quebrar a sequ\u00eancia de quatro jogos sem vencer na competi\u00e7\u00e3o.\u00a0 O jogo ficou marcado por duas &hellip;<\/p>\n","protected":false},"author":6,"featured_media":91666,"comment_status":"open","ping_status":"closed","sticky":false,"template":"","format":"standard","meta":{"footnotes":""},"categories":[35],"tags":[53518,3088,38845,38491,10557],"class_list":["post-91665","post","type-post","status-publish","format-standard","has-post-thumbnail","hentry","category-esporte","tag-brasileirao-2022","tag-campeonato-brasileiro","tag-castelao","tag-ceara-sc","tag-sao-paulo-fc"],"yoast_head":"<!-- This site is optimized with the Yoast SEO plugin v27.4 - https:\/\/yoast.com\/product\/yoast-seo-wordpress\/ -->\n<title>S\u00e3o Paulo vence o Cear\u00e1 e respira aliviado contra o rebaixamento - Litoral SP<\/title>\n<meta name=\"robots\" content=\"index, follow, max-snippet:-1, max-image-preview:large, max-video-preview:-1\" \/>\n<link rel=\"canonical\" href=\"https:\/\/redenoticiaz.com.br\/litoralsp\/2022\/09\/18\/sao-paulo-vence-o-ceara-e-respira-aliviado-contra-o-rebaixamento\" \/>\n<meta property=\"og:locale\" content=\"pt_BR\" \/>\n<meta property=\"og:type\" content=\"article\" \/>\n<meta property=\"og:title\" content=\"S\u00e3o Paulo vence o Cear\u00e1 e respira aliviado contra o rebaixamento - Litoral SP\" \/>\n<meta property=\"og:description\" content=\"O S\u00e3o Paulo respira aliviado no Campeonato Brasileiro contra o risco de rebaixamento. Neste domingo (18), contra o Cear\u00e1, no Castel\u00e3o, o Tricolor conseguiu uma importante vit\u00f3ria por 2 a 0 e contou com a ajuda dos hermanos para quebrar a sequ\u00eancia de quatro jogos sem vencer na competi\u00e7\u00e3o.\u00a0 O jogo ficou marcado por duas &hellip;\" \/>\n<meta property=\"og:url\" content=\"https:\/\/redenoticiaz.com.br\/litoralsp\/2022\/09\/18\/sao-paulo-vence-o-ceara-e-respira-aliviado-contra-o-rebaixamento\" \/>\n<meta property=\"og:site_name\" content=\"Litoral SP\" \/>\n<meta property=\"article:published_time\" content=\"2022-09-18T22:38:23+00:00\" \/>\n<meta name=\"author\" content=\"Leonardo Francisco\" \/>\n<meta name=\"twitter:card\" content=\"summary_large_image\" \/>\n<meta name=\"twitter:label1\" content=\"Escrito por\" \/>\n\t<meta name=\"twitter:data1\" content=\"Leonardo Francisco\" \/>\n\t<meta name=\"twitter:label2\" content=\"Est. tempo de leitura\" \/>\n\t<meta name=\"twitter:data2\" content=\"2 minutos\" \/>\n<script type=\"application\/ld+json\" class=\"yoast-schema-graph\">{\"@context\":\"https:\\\/\\\/schema.org\",\"@graph\":[{\"@type\":\"Article\",\"@id\":\"https:\\\/\\\/redenoticiaz.com.br\\\/litoralsp\\\/2022\\\/09\\\/18\\\/sao-paulo-vence-o-ceara-e-respira-aliviado-contra-o-rebaixamento#article\",\"isPartOf\":{\"@id\":\"https:\\\/\\\/redenoticiaz.com.br\\\/litoralsp\\\/2022\\\/09\\\/18\\\/sao-paulo-vence-o-ceara-e-respira-aliviado-contra-o-rebaixamento\"},\"author\":{\"name\":\"Leonardo Francisco\",\"@id\":\"https:\\\/\\\/redenoticiaz.com.br\\\/litoralsp\\\/#\\\/schema\\\/person\\\/0f0b8a5bdafefe82841e07ae8d81ecb3\"},\"headline\":\"S\u00e3o Paulo vence o Cear\u00e1 e respira aliviado contra o rebaixamento\",\"datePublished\":\"2022-09-18T22:38:23+00:00\",\"mainEntityOfPage\":{\"@id\":\"https:\\\/\\\/redenoticiaz.com.br\\\/litoralsp\\\/2022\\\/09\\\/18\\\/sao-paulo-vence-o-ceara-e-respira-aliviado-contra-o-rebaixamento\"},\"wordCount\":440,\"commentCount\":0,\"publisher\":{\"@id\":\"https:\\\/\\\/redenoticiaz.com.br\\\/litoralsp\\\/#organization\"},\"image\":{\"@id\":\"https:\\\/\\\/redenoticiaz.com.br\\\/litoralsp\\\/2022\\\/09\\\/18\\\/sao-paulo-vence-o-ceara-e-respira-aliviado-contra-o-rebaixamento#primaryimage\"},\"thumbnailUrl\":\"https:\\\/\\\/redenoticiaz.com.br\\\/litoralsp\\\/wp-content\\\/uploads\\\/sites\\\/3\\\/2022\\\/09\\\/TRIKAS.jpg?v=1663540637\",\"keywords\":[\"BRASILEIR\u00c3O 2022\",\"CAMPEONATO BRASILEIRO\",\"CASTEL\u00c3O\",\"CEAR\u00c1 SC\",\"S\u00c3O PAULO FC\"],\"articleSection\":[\"Esporte\"],\"inLanguage\":\"pt-BR\",\"potentialAction\":[{\"@type\":\"CommentAction\",\"name\":\"Comment\",\"target\":[\"https:\\\/\\\/redenoticiaz.com.br\\\/litoralsp\\\/2022\\\/09\\\/18\\\/sao-paulo-vence-o-ceara-e-respira-aliviado-contra-o-rebaixamento#respond\"]}]},{\"@type\":\"WebPage\",\"@id\":\"https:\\\/\\\/redenoticiaz.com.br\\\/litoralsp\\\/2022\\\/09\\\/18\\\/sao-paulo-vence-o-ceara-e-respira-aliviado-contra-o-rebaixamento\",\"url\":\"https:\\\/\\\/redenoticiaz.com.br\\\/litoralsp\\\/2022\\\/09\\\/18\\\/sao-paulo-vence-o-ceara-e-respira-aliviado-contra-o-rebaixamento\",\"name\":\"S\u00e3o Paulo vence o Cear\u00e1 e respira aliviado contra o rebaixamento - Litoral SP\",\"isPartOf\":{\"@id\":\"https:\\\/\\\/redenoticiaz.com.br\\\/litoralsp\\\/#website\"},\"primaryImageOfPage\":{\"@id\":\"https:\\\/\\\/redenoticiaz.com.br\\\/litoralsp\\\/2022\\\/09\\\/18\\\/sao-paulo-vence-o-ceara-e-respira-aliviado-contra-o-rebaixamento#primaryimage\"},\"image\":{\"@id\":\"https:\\\/\\\/redenoticiaz.com.br\\\/litoralsp\\\/2022\\\/09\\\/18\\\/sao-paulo-vence-o-ceara-e-respira-aliviado-contra-o-rebaixamento#primaryimage\"},\"thumbnailUrl\":\"https:\\\/\\\/redenoticiaz.com.br\\\/litoralsp\\\/wp-content\\\/uploads\\\/sites\\\/3\\\/2022\\\/09\\\/TRIKAS.jpg?v=1663540637\",\"datePublished\":\"2022-09-18T22:38:23+00:00\",\"inLanguage\":\"pt-BR\",\"potentialAction\":[{\"@type\":\"ReadAction\",\"target\":[\"https:\\\/\\\/redenoticiaz.com.br\\\/litoralsp\\\/2022\\\/09\\\/18\\\/sao-paulo-vence-o-ceara-e-respira-aliviado-contra-o-rebaixamento\"]}]},{\"@type\":\"ImageObject\",\"inLanguage\":\"pt-BR\",\"@id\":\"https:\\\/\\\/redenoticiaz.com.br\\\/litoralsp\\\/2022\\\/09\\\/18\\\/sao-paulo-vence-o-ceara-e-respira-aliviado-contra-o-rebaixamento#primaryimage\",\"url\":\"https:\\\/\\\/redenoticiaz.com.br\\\/litoralsp\\\/wp-content\\\/uploads\\\/sites\\\/3\\\/2022\\\/09\\\/TRIKAS.jpg?v=1663540637\",\"contentUrl\":\"https:\\\/\\\/redenoticiaz.com.br\\\/litoralsp\\\/wp-content\\\/uploads\\\/sites\\\/3\\\/2022\\\/09\\\/TRIKAS.jpg?v=1663540637\",\"width\":580,\"height\":323,\"caption\":\"Cr\u00e9ditos: Divulga\u00e7\u00e3o\\\/AGIF\"},{\"@type\":\"WebSite\",\"@id\":\"https:\\\/\\\/redenoticiaz.com.br\\\/litoralsp\\\/#website\",\"url\":\"https:\\\/\\\/redenoticiaz.com.br\\\/litoralsp\\\/\",\"name\":\"Litoral SP\",\"description\":\"Rede NoticiaZ\",\"publisher\":{\"@id\":\"https:\\\/\\\/redenoticiaz.com.br\\\/litoralsp\\\/#organization\"},\"potentialAction\":[{\"@type\":\"SearchAction\",\"target\":{\"@type\":\"EntryPoint\",\"urlTemplate\":\"https:\\\/\\\/redenoticiaz.com.br\\\/litoralsp\\\/?s={search_term_string}\"},\"query-input\":{\"@type\":\"PropertyValueSpecification\",\"valueRequired\":true,\"valueName\":\"search_term_string\"}}],\"inLanguage\":\"pt-BR\"},{\"@type\":\"Organization\",\"@id\":\"https:\\\/\\\/redenoticiaz.com.br\\\/litoralsp\\\/#organization\",\"name\":\"Litoral SP\",\"url\":\"https:\\\/\\\/redenoticiaz.com.br\\\/litoralsp\\\/\",\"logo\":{\"@type\":\"ImageObject\",\"inLanguage\":\"pt-BR\",\"@id\":\"https:\\\/\\\/redenoticiaz.com.br\\\/litoralsp\\\/#\\\/schema\\\/logo\\\/image\\\/\",\"url\":\"https:\\\/\\\/redenoticiaz.com.br\\\/litoralsp\\\/wp-content\\\/uploads\\\/sites\\\/3\\\/2020\\\/11\\\/logo.jpg\",\"contentUrl\":\"https:\\\/\\\/redenoticiaz.com.br\\\/litoralsp\\\/wp-content\\\/uploads\\\/sites\\\/3\\\/2020\\\/11\\\/logo.jpg\",\"width\":400,\"height\":250,\"caption\":\"Litoral SP\"},\"image\":{\"@id\":\"https:\\\/\\\/redenoticiaz.com.br\\\/litoralsp\\\/#\\\/schema\\\/logo\\\/image\\\/\"}},{\"@type\":\"Person\",\"@id\":\"https:\\\/\\\/redenoticiaz.com.br\\\/litoralsp\\\/#\\\/schema\\\/person\\\/0f0b8a5bdafefe82841e07ae8d81ecb3\",\"name\":\"Leonardo Francisco\",\"image\":{\"@type\":\"ImageObject\",\"inLanguage\":\"pt-BR\",\"@id\":\"https:\\\/\\\/secure.gravatar.com\\\/avatar\\\/a7358cb406a99b682ec6df1e77e31ae82e63601f6784e8a3df411d72b37864da?s=96&d=mm&r=g\",\"url\":\"https:\\\/\\\/secure.gravatar.com\\\/avatar\\\/a7358cb406a99b682ec6df1e77e31ae82e63601f6784e8a3df411d72b37864da?s=96&d=mm&r=g\",\"contentUrl\":\"https:\\\/\\\/secure.gravatar.com\\\/avatar\\\/a7358cb406a99b682ec6df1e77e31ae82e63601f6784e8a3df411d72b37864da?s=96&d=mm&r=g\",\"caption\":\"Leonardo Francisco\"},\"url\":\"https:\\\/\\\/redenoticiaz.com.br\\\/litoralsp\\\/author\\\/leonardo-francisco\"}]}<\/script>\n<!-- \/ Yoast SEO plugin. -->","yoast_head_json":{"title":"S\u00e3o Paulo vence o Cear\u00e1 e respira aliviado contra o rebaixamento - Litoral SP","robots":{"index":"index","follow":"follow","max-snippet":"max-snippet:-1","max-image-preview":"max-image-preview:large","max-video-preview":"max-video-preview:-1"},"canonical":"https:\/\/redenoticiaz.com.br\/litoralsp\/2022\/09\/18\/sao-paulo-vence-o-ceara-e-respira-aliviado-contra-o-rebaixamento","og_locale":"pt_BR","og_type":"article","og_title":"S\u00e3o Paulo vence o Cear\u00e1 e respira aliviado contra o rebaixamento - Litoral SP","og_description":"O S\u00e3o Paulo respira aliviado no Campeonato Brasileiro contra o risco de rebaixamento. Neste domingo (18), contra o Cear\u00e1, no Castel\u00e3o, o Tricolor conseguiu uma importante vit\u00f3ria por 2 a 0 e contou com a ajuda dos hermanos para quebrar a sequ\u00eancia de quatro jogos sem vencer na competi\u00e7\u00e3o.\u00a0 O jogo ficou marcado por duas &hellip;","og_url":"https:\/\/redenoticiaz.com.br\/litoralsp\/2022\/09\/18\/sao-paulo-vence-o-ceara-e-respira-aliviado-contra-o-rebaixamento","og_site_name":"Litoral SP","article_published_time":"2022-09-18T22:38:23+00:00","author":"Leonardo Francisco","twitter_card":"summary_large_image","twitter_misc":{"Escrito por":"Leonardo Francisco","Est. tempo de leitura":"2 minutos"},"schema":{"@context":"https:\/\/schema.org","@graph":[{"@type":"Article","@id":"https:\/\/redenoticiaz.com.br\/litoralsp\/2022\/09\/18\/sao-paulo-vence-o-ceara-e-respira-aliviado-contra-o-rebaixamento#article","isPartOf":{"@id":"https:\/\/redenoticiaz.com.br\/litoralsp\/2022\/09\/18\/sao-paulo-vence-o-ceara-e-respira-aliviado-contra-o-rebaixamento"},"author":{"name":"Leonardo Francisco","@id":"https:\/\/redenoticiaz.com.br\/litoralsp\/#\/schema\/person\/0f0b8a5bdafefe82841e07ae8d81ecb3"},"headline":"S\u00e3o Paulo vence o Cear\u00e1 e respira aliviado contra o rebaixamento","datePublished":"2022-09-18T22:38:23+00:00","mainEntityOfPage":{"@id":"https:\/\/redenoticiaz.com.br\/litoralsp\/2022\/09\/18\/sao-paulo-vence-o-ceara-e-respira-aliviado-contra-o-rebaixamento"},"wordCount":440,"commentCount":0,"publisher":{"@id":"https:\/\/redenoticiaz.com.br\/litoralsp\/#organization"},"image":{"@id":"https:\/\/redenoticiaz.com.br\/litoralsp\/2022\/09\/18\/sao-paulo-vence-o-ceara-e-respira-aliviado-contra-o-rebaixamento#primaryimage"},"thumbnailUrl":"https:\/\/redenoticiaz.com.br\/litoralsp\/wp-content\/uploads\/sites\/3\/2022\/09\/TRIKAS.jpg?v=1663540637","keywords":["BRASILEIR\u00c3O 2022","CAMPEONATO BRASILEIRO","CASTEL\u00c3O","CEAR\u00c1 SC","S\u00c3O PAULO FC"],"articleSection":["Esporte"],"inLanguage":"pt-BR","potentialAction":[{"@type":"CommentAction","name":"Comment","target":["https:\/\/redenoticiaz.com.br\/litoralsp\/2022\/09\/18\/sao-paulo-vence-o-ceara-e-respira-aliviado-contra-o-rebaixamento#respond"]}]},{"@type":"WebPage","@id":"https:\/\/redenoticiaz.com.br\/litoralsp\/2022\/09\/18\/sao-paulo-vence-o-ceara-e-respira-aliviado-contra-o-rebaixamento","url":"https:\/\/redenoticiaz.com.br\/litoralsp\/2022\/09\/18\/sao-paulo-vence-o-ceara-e-respira-aliviado-contra-o-rebaixamento","name":"S\u00e3o Paulo vence o Cear\u00e1 e respira aliviado contra o rebaixamento - Litoral SP","isPartOf":{"@id":"https:\/\/redenoticiaz.com.br\/litoralsp\/#website"},"primaryImageOfPage":{"@id":"https:\/\/redenoticiaz.com.br\/litoralsp\/2022\/09\/18\/sao-paulo-vence-o-ceara-e-respira-aliviado-contra-o-rebaixamento#primaryimage"},"image":{"@id":"https:\/\/redenoticiaz.com.br\/litoralsp\/2022\/09\/18\/sao-paulo-vence-o-ceara-e-respira-aliviado-contra-o-rebaixamento#primaryimage"},"thumbnailUrl":"https:\/\/redenoticiaz.com.br\/litoralsp\/wp-content\/uploads\/sites\/3\/2022\/09\/TRIKAS.jpg?v=1663540637","datePublished":"2022-09-18T22:38:23+00:00","inLanguage":"pt-BR","potentialAction":[{"@type":"ReadAction","target":["https:\/\/redenoticiaz.com.br\/litoralsp\/2022\/09\/18\/sao-paulo-vence-o-ceara-e-respira-aliviado-contra-o-rebaixamento"]}]},{"@type":"ImageObject","inLanguage":"pt-BR","@id":"https:\/\/redenoticiaz.com.br\/litoralsp\/2022\/09\/18\/sao-paulo-vence-o-ceara-e-respira-aliviado-contra-o-rebaixamento#primaryimage","url":"https:\/\/redenoticiaz.com.br\/litoralsp\/wp-content\/uploads\/sites\/3\/2022\/09\/TRIKAS.jpg?v=1663540637","contentUrl":"https:\/\/redenoticiaz.com.br\/litoralsp\/wp-content\/uploads\/sites\/3\/2022\/09\/TRIKAS.jpg?v=1663540637","width":580,"height":323,"caption":"Cr\u00e9ditos: Divulga\u00e7\u00e3o\/AGIF"},{"@type":"WebSite","@id":"https:\/\/redenoticiaz.com.br\/litoralsp\/#website","url":"https:\/\/redenoticiaz.com.br\/litoralsp\/","name":"Litoral SP","description":"Rede NoticiaZ","publisher":{"@id":"https:\/\/redenoticiaz.com.br\/litoralsp\/#organization"},"potentialAction":[{"@type":"SearchAction","target":{"@type":"EntryPoint","urlTemplate":"https:\/\/redenoticiaz.com.br\/litoralsp\/?s={search_term_string}"},"query-input":{"@type":"PropertyValueSpecification","valueRequired":true,"valueName":"search_term_string"}}],"inLanguage":"pt-BR"},{"@type":"Organization","@id":"https:\/\/redenoticiaz.com.br\/litoralsp\/#organization","name":"Litoral SP","url":"https:\/\/redenoticiaz.com.br\/litoralsp\/","logo":{"@type":"ImageObject","inLanguage":"pt-BR","@id":"https:\/\/redenoticiaz.com.br\/litoralsp\/#\/schema\/logo\/image\/","url":"https:\/\/redenoticiaz.com.br\/litoralsp\/wp-content\/uploads\/sites\/3\/2020\/11\/logo.jpg","contentUrl":"https:\/\/redenoticiaz.com.br\/litoralsp\/wp-content\/uploads\/sites\/3\/2020\/11\/logo.jpg","width":400,"height":250,"caption":"Litoral SP"},"image":{"@id":"https:\/\/redenoticiaz.com.br\/litoralsp\/#\/schema\/logo\/image\/"}},{"@type":"Person","@id":"https:\/\/redenoticiaz.com.br\/litoralsp\/#\/schema\/person\/0f0b8a5bdafefe82841e07ae8d81ecb3","name":"Leonardo Francisco","image":{"@type":"ImageObject","inLanguage":"pt-BR","@id":"https:\/\/secure.gravatar.com\/avatar\/a7358cb406a99b682ec6df1e77e31ae82e63601f6784e8a3df411d72b37864da?s=96&d=mm&r=g","url":"https:\/\/secure.gravatar.com\/avatar\/a7358cb406a99b682ec6df1e77e31ae82e63601f6784e8a3df411d72b37864da?s=96&d=mm&r=g","contentUrl":"https:\/\/secure.gravatar.com\/avatar\/a7358cb406a99b682ec6df1e77e31ae82e63601f6784e8a3df411d72b37864da?s=96&d=mm&r=g","caption":"Leonardo Francisco"},"url":"https:\/\/redenoticiaz.com.br\/litoralsp\/author\/leonardo-francisco"}]}},"_links":{"self":[{"href":"https:\/\/redenoticiaz.com.br\/litoralsp\/wp-json\/wp\/v2\/posts\/91665","targetHints":{"allow":["GET"]}}],"collection":[{"href":"https:\/\/redenoticiaz.com.br\/litoralsp\/wp-json\/wp\/v2\/posts"}],"about":[{"href":"https:\/\/redenoticiaz.com.br\/litoralsp\/wp-json\/wp\/v2\/types\/post"}],"author":[{"embeddable":true,"href":"https:\/\/redenoticiaz.com.br\/litoralsp\/wp-json\/wp\/v2\/users\/6"}],"replies":[{"embeddable":true,"href":"https:\/\/redenoticiaz.com.br\/litoralsp\/wp-json\/wp\/v2\/comments?post=91665"}],"version-history":[{"count":0,"href":"https:\/\/redenoticiaz.com.br\/litoralsp\/wp-json\/wp\/v2\/posts\/91665\/revisions"}],"wp:featuredmedia":[{"embeddable":true,"href":"https:\/\/redenoticiaz.com.br\/litoralsp\/wp-json\/wp\/v2\/media\/91666"}],"wp:attachment":[{"href":"https:\/\/redenoticiaz.com.br\/litoralsp\/wp-json\/wp\/v2\/media?parent=91665"}],"wp:term":[{"taxonomy":"category","embeddable":true,"href":"https:\/\/redenoticiaz.com.br\/litoralsp\/wp-json\/wp\/v2\/categories?post=91665"},{"taxonomy":"post_tag","embeddable":true,"href":"https:\/\/redenoticiaz.com.br\/litoralsp\/wp-json\/wp\/v2\/tags?post=91665"}],"curies":[{"name":"wp","href":"https:\/\/api.w.org\/{rel}","templated":true}]}}