{"id":91677,"date":"2022-09-19T09:46:35","date_gmt":"2022-09-19T12:46:35","guid":{"rendered":"https:\/\/redenoticiaz.com.br\/litoralsp\/?p=91677"},"modified":"2022-09-19T09:46:35","modified_gmt":"2022-09-19T12:46:35","slug":"santos-leva-o-bicampeonato-dos-jogos-regionais","status":"publish","type":"post","link":"https:\/\/redenoticiaz.com.br\/litoralsp\/2022\/09\/19\/santos-leva-o-bicampeonato-dos-jogos-regionais","title":{"rendered":"Santos leva o bicampeonato dos Jogos Regionais"},"content":{"rendered":"<p>Um final de semana hist\u00f3rico para o esporte de Santos. A cidade faturou o <strong>bicampeonato dos 64\u00ba Jogos Regionais,<\/strong> que teve como novidade a disputa sem sede fixa. Com uma delega\u00e7\u00e3o composta por 430 atletas em 42 modalidades, o time da Fupes brilhou, conquistando medalhas e trof\u00e9us. Agora os preparativos s\u00e3o para os Jogos Abertos do Interior, que acontecem de 4 a 14 de outubro, em S\u00e3o Sebasti\u00e3o.<\/p>\n<p>A tend\u00eancia \u00e9 que para os Jogos Abertos, a delega\u00e7\u00e3o santista deva ter cerca de 560 pessoas, com 33 modalidades classificadas e outras seis que s\u00e3o espec\u00edficas da competi\u00e7\u00e3o estadual.<\/p>\n<p>Na classifica\u00e7\u00e3o geral dos Jogos Regionais, Santos terminou a competi\u00e7\u00e3o com 297 pontos, superando sua tradicional rival S\u00e3o Caetano do Sul, que teve 285 pontos, e Praia Grande, em terceiro, com 233. Esta foi a primeira edi\u00e7\u00e3o ap\u00f3s dois anos sem disputas, por cauda da pandemia do coronav\u00edrus.<\/p>\n<p>&#8220;Estou muito feliz e orgulho, n\u00e3o apenas como prefeito, mas como santista, pelo resultado e pelo comprometimento dos nossos atletas nos Jogos Regionais. Mesmo durante a pandemia, foi mantido o apoio aos nossos esportistas e isso deu tranquilidade para eles treinarem e continuarem trazendo grandes resultados. O investimento no esporte \u00e9 sempre muito importante, pois formamos atletas e cidad\u00e3os&#8221;, disse o prefeito Rog\u00e9rio Santos.<\/p>\n<h3>Classifica\u00e7\u00f5es<\/h3>\n<figure id=\"attachment_91679\" aria-describedby=\"caption-attachment-91679\" style=\"width: 300px\" class=\"wp-caption alignleft\"><img loading=\"lazy\" decoding=\"async\" class=\"size-medium wp-image-91679\" src=\"https:\/\/redenoticiaz.com.br\/litoralsp\/wp-content\/uploads\/sites\/3\/2022\/09\/WhatsApp-Image-2022-09-18-at-20.23.55-300x135.jpeg\" alt=\"\" width=\"300\" height=\"135\" srcset=\"https:\/\/redenoticiaz.com.br\/litoralsp\/wp-content\/uploads\/sites\/3\/2022\/09\/WhatsApp-Image-2022-09-18-at-20.23.55-300x135.jpeg 300w, https:\/\/redenoticiaz.com.br\/litoralsp\/wp-content\/uploads\/sites\/3\/2022\/09\/WhatsApp-Image-2022-09-18-at-20.23.55-1024x461.jpeg 1024w, https:\/\/redenoticiaz.com.br\/litoralsp\/wp-content\/uploads\/sites\/3\/2022\/09\/WhatsApp-Image-2022-09-18-at-20.23.55-768x346.jpeg 768w, https:\/\/redenoticiaz.com.br\/litoralsp\/wp-content\/uploads\/sites\/3\/2022\/09\/WhatsApp-Image-2022-09-18-at-20.23.55-1536x691.jpeg 1536w, https:\/\/redenoticiaz.com.br\/litoralsp\/wp-content\/uploads\/sites\/3\/2022\/09\/WhatsApp-Image-2022-09-18-at-20.23.55.jpeg 1600w\" sizes=\"auto, (max-width: 300px) 100vw, 300px\" \/><figcaption id=\"caption-attachment-91679\" class=\"wp-caption-text\">Cr\u00e9ditos: Divulga\u00e7\u00e3o\/Prefeitura de Santos<\/figcaption><\/figure>\n<p>A Cidade garantiu classifica\u00e7\u00e3o para os Jogos Abertos nas categorias: badminton (masculino e feminino), basquete (masculino e feminino), bocha, handebol feminino, futebol masculino, nata\u00e7\u00e3o (masculino e feminino), t\u00eanis de mesa (masculino e feminino), xadrez (masculino e feminino), t\u00eanis (masculino e feminino), damas (feminino), taekwondo (masculino), karat\u00ea (masculino e feminino), ciclismo (masculino e feminino), v\u00f4lei (masculino e feminino), gin\u00e1stica r\u00edtmica, v\u00f4lei de praia (feminino), gin\u00e1stica art\u00edstica (masculino e feminino), jud\u00f4 feminino, al\u00e9m de atletas que classificaram em primeiro lugar em provas individuais do jud\u00f4 masculino e atletismo masculino e feminino. Nos Abertos, tamb\u00e9m ser\u00e3o inclu\u00eddos o boxe, capoeira, basquete 3&#215;3, kickboxing, wrestling e supino.<\/p>\n<h3>Fim de semana de ouro na gin\u00e1stica e jud\u00f4<\/h3>\n<p>A equipe masculina faturou o vice-campeonato e garantiu a vaga para os Jogos Abertos. O time \u00e9 formado por Felipe dos Santos , Gabriel Oliveira , Gustavo G\u00f3is , J\u00falio C\u00e9sar Gon\u00e7alves , Rodrigo Sampaio , Thomas Braga, sob o comando dos t\u00e9cnicos V\u00edtor Oregea e Danilo Nogueira.<\/p>\n<p>As meninas de gin\u00e1stica Anitha Mota, Lav\u00ednia Rutherford , Yasmin Costa, Daniela Santiago , Marieva Braga e Sara Cerqueira, , comandadas por Vit\u00f3ria dos Santos, ficaram com o terceiro lugar.<\/p>\n<p>&#8220;No masculino, alcan\u00e7amos nosso objetivo que era a classifica\u00e7\u00e3o. Poder\u00edamos ir bem melhor e buscar mais medalhas, mas vimos o que precisamos melhorar e acertar para os Abertos. A equipe feminina est\u00e1 come\u00e7ando agora, enfrentando equipes de ponta, e competiram muito bem. Ficaram pertinho da classifica\u00e7\u00e3o e em breve j\u00e1 estar\u00e3o prontas para buscar trof\u00e9us importantes&#8221;, disse o t\u00e9cnico Danilo Nogueira.<\/p>\n<figure id=\"attachment_91678\" aria-describedby=\"caption-attachment-91678\" style=\"width: 300px\" class=\"wp-caption alignleft\"><img loading=\"lazy\" decoding=\"async\" class=\"size-medium wp-image-91678\" src=\"https:\/\/redenoticiaz.com.br\/litoralsp\/wp-content\/uploads\/sites\/3\/2022\/09\/WhatsApp-Image-2022-09-18-at-20.23.56-300x251.jpeg\" alt=\"\" width=\"300\" height=\"251\" srcset=\"https:\/\/redenoticiaz.com.br\/litoralsp\/wp-content\/uploads\/sites\/3\/2022\/09\/WhatsApp-Image-2022-09-18-at-20.23.56-300x251.jpeg 300w, https:\/\/redenoticiaz.com.br\/litoralsp\/wp-content\/uploads\/sites\/3\/2022\/09\/WhatsApp-Image-2022-09-18-at-20.23.56-768x643.jpeg 768w, https:\/\/redenoticiaz.com.br\/litoralsp\/wp-content\/uploads\/sites\/3\/2022\/09\/WhatsApp-Image-2022-09-18-at-20.23.56.jpeg 856w\" sizes=\"auto, (max-width: 300px) 100vw, 300px\" \/><figcaption id=\"caption-attachment-91678\" class=\"wp-caption-text\">Cr\u00e9ditos: Divulga\u00e7\u00e3o\/Prefeitura de Santos<\/figcaption><\/figure>\n<p>O jud\u00f4 feminino de Santos conquistou a segunda coloca\u00e7\u00e3o nos Regionais e tamb\u00e9m garantiu presen\u00e7a nos Abertos. Inspirada pela presen\u00e7a de Maria Suellen Althman, duas vezes vice-campe\u00e3 mundial, participante de Jogos Ol\u00edmpicos, entre in\u00fameros outros t\u00edtulos, a equipe com Beatriz de Oliveira, Adriana Leite, J\u00falia Barbosa , Larissa Teixeira, Let\u00edcia Batista, Maria Fernanda dos Santos e Nicolly dos Santos foi o destaque.<\/p>\n<p>Maria Suellen foi ouro por equipes e na categoria absoluto. &#8220;\u00c9 sempre gratificante representar Santos. Minhas maiores conquistas foram representando a Cidade. Estou em uma fase nova na carreira, na transi\u00e7\u00e3o de atleta para t\u00e9cnica, mas mantenho meu condicionamento e consegui fazer o meu melhor, sendo ainda mais especial por estar ao lado e apoiar uma nova gera\u00e7\u00e3o de judocas&#8221;, diz.<\/p>\n<p>O time masculino ficou em terceiro lugar na classifica\u00e7\u00e3o geral. O judoca Felipe C\u00e9sar foi o destaque, garantindo a medalha de ouro na sua categoria (-100kg) e no absoluto, e ir\u00e1 representar a cidade de Santos em S\u00e3o Sebasti\u00e3o.<\/p>\n<p>&#8220;Entramos com uma equipe bem renovada, mesclando a garotada com atletas experientes. A participa\u00e7\u00e3o da Maria Suellen foi um ponto positivo, motivou e deu for\u00e7a para as meninas conquistarem esse grande resultado. No masculino, uma equipe com muitos jovens, que tiveram tamb\u00e9m uma grande participa\u00e7\u00e3o, e mostraram que estamos no caminho certo&#8221;, disse o t\u00e9cnico Ivo Nascimento.<\/p>\n<p><strong>LEIA TAMB\u00c9M<\/strong><\/p>\n<p><a href=\"https:\/\/redenoticiaz.com.br\/litoralsp\/2022\/09\/18\/palmeiras-vence-o-santos-com-um-a-menos-e-segue-tranquilo-na-lideranca\">Palmeiras vence o Santos com um a menos e segue tranquilo na lideran\u00e7a<\/a><\/p>\n","protected":false},"excerpt":{"rendered":"<p>Um final de semana hist\u00f3rico para o esporte de Santos. A cidade faturou o bicampeonato dos 64\u00ba Jogos Regionais, que teve como novidade a disputa sem sede fixa. Com uma delega\u00e7\u00e3o composta por 430 atletas em 42 modalidades, o time da Fupes brilhou, conquistando medalhas e trof\u00e9us. Agora os preparativos s\u00e3o para os Jogos Abertos &hellip;<\/p>\n","protected":false},"author":6,"featured_media":91678,"comment_status":"open","ping_status":"closed","sticky":false,"template":"","format":"standard","meta":{"footnotes":""},"categories":[35,180],"tags":[16312,59382,59381,58115,28531,986],"class_list":["post-91677","post","type-post","status-publish","format-standard","has-post-thumbnail","hentry","category-esporte","category-santos","tag-bicampeonato","tag-ginastica","tag-jogos-abertos-do-interior","tag-jogos-regionais","tag-judo","tag-santos"],"yoast_head":"<!-- This site is optimized with the Yoast SEO plugin v27.5 - https:\/\/yoast.com\/product\/yoast-seo-wordpress\/ -->\n<title>Santos leva o bicampeonato dos Jogos Regionais - Litoral SP<\/title>\n<meta name=\"description\" content=\"Um final de semana hist\u00f3rico para o esporte de Santos. A cidade faturou o bicampeonato dos 64\u00ba Jogos Regionais, que teve\" \/>\n<meta name=\"robots\" content=\"index, follow, max-snippet:-1, max-image-preview:large, max-video-preview:-1\" \/>\n<link rel=\"canonical\" href=\"https:\/\/redenoticiaz.com.br\/litoralsp\/2022\/09\/19\/santos-leva-o-bicampeonato-dos-jogos-regionais\" \/>\n<meta property=\"og:locale\" content=\"pt_BR\" \/>\n<meta property=\"og:type\" content=\"article\" \/>\n<meta property=\"og:title\" content=\"Santos leva o bicampeonato dos Jogos Regionais - Litoral SP\" \/>\n<meta property=\"og:description\" content=\"Um final de semana hist\u00f3rico para o esporte de Santos. A cidade faturou o bicampeonato dos 64\u00ba Jogos Regionais, que teve\" \/>\n<meta property=\"og:url\" content=\"https:\/\/redenoticiaz.com.br\/litoralsp\/2022\/09\/19\/santos-leva-o-bicampeonato-dos-jogos-regionais\" \/>\n<meta property=\"og:site_name\" content=\"Litoral SP\" \/>\n<meta property=\"article:published_time\" content=\"2022-09-19T12:46:35+00:00\" \/>\n<meta property=\"og:image\" content=\"https:\/\/redenoticiaz.com.br\/litoralsp\/wp-content\/uploads\/sites\/3\/2022\/09\/WhatsApp-Image-2022-09-18-at-20.23.56.jpeg\" \/>\n\t<meta property=\"og:image:width\" content=\"856\" \/>\n\t<meta property=\"og:image:height\" content=\"717\" \/>\n\t<meta property=\"og:image:type\" content=\"image\/jpeg\" \/>\n<meta name=\"author\" content=\"Leonardo Francisco\" \/>\n<meta name=\"twitter:card\" content=\"summary_large_image\" \/>\n<meta name=\"twitter:label1\" content=\"Escrito por\" \/>\n\t<meta name=\"twitter:data1\" content=\"Leonardo Francisco\" \/>\n\t<meta name=\"twitter:label2\" content=\"Est. tempo de leitura\" \/>\n\t<meta name=\"twitter:data2\" content=\"5 minutos\" \/>\n<script type=\"application\/ld+json\" class=\"yoast-schema-graph\">{\"@context\":\"https:\\\/\\\/schema.org\",\"@graph\":[{\"@type\":\"Article\",\"@id\":\"https:\\\/\\\/redenoticiaz.com.br\\\/litoralsp\\\/2022\\\/09\\\/19\\\/santos-leva-o-bicampeonato-dos-jogos-regionais#article\",\"isPartOf\":{\"@id\":\"https:\\\/\\\/redenoticiaz.com.br\\\/litoralsp\\\/2022\\\/09\\\/19\\\/santos-leva-o-bicampeonato-dos-jogos-regionais\"},\"author\":{\"name\":\"Leonardo Francisco\",\"@id\":\"https:\\\/\\\/redenoticiaz.com.br\\\/litoralsp\\\/#\\\/schema\\\/person\\\/0f0b8a5bdafefe82841e07ae8d81ecb3\"},\"headline\":\"Santos leva o bicampeonato dos Jogos Regionais\",\"datePublished\":\"2022-09-19T12:46:35+00:00\",\"mainEntityOfPage\":{\"@id\":\"https:\\\/\\\/redenoticiaz.com.br\\\/litoralsp\\\/2022\\\/09\\\/19\\\/santos-leva-o-bicampeonato-dos-jogos-regionais\"},\"wordCount\":785,\"commentCount\":0,\"publisher\":{\"@id\":\"https:\\\/\\\/redenoticiaz.com.br\\\/litoralsp\\\/#organization\"},\"image\":{\"@id\":\"https:\\\/\\\/redenoticiaz.com.br\\\/litoralsp\\\/2022\\\/09\\\/19\\\/santos-leva-o-bicampeonato-dos-jogos-regionais#primaryimage\"},\"thumbnailUrl\":\"https:\\\/\\\/redenoticiaz.com.br\\\/litoralsp\\\/wp-content\\\/uploads\\\/sites\\\/3\\\/2022\\\/09\\\/WhatsApp-Image-2022-09-18-at-20.23.56.jpeg\",\"keywords\":[\"BICAMPEONATO\",\"gin\u00e1stica\",\"JOGOS ABERTOS DO INTERIOR\",\"JOGOS REGIONAIS\",\"JUD\u00d4\",\"Santos\"],\"articleSection\":[\"Esporte\",\"Santos\"],\"inLanguage\":\"pt-BR\",\"potentialAction\":[{\"@type\":\"CommentAction\",\"name\":\"Comment\",\"target\":[\"https:\\\/\\\/redenoticiaz.com.br\\\/litoralsp\\\/2022\\\/09\\\/19\\\/santos-leva-o-bicampeonato-dos-jogos-regionais#respond\"]}]},{\"@type\":\"WebPage\",\"@id\":\"https:\\\/\\\/redenoticiaz.com.br\\\/litoralsp\\\/2022\\\/09\\\/19\\\/santos-leva-o-bicampeonato-dos-jogos-regionais\",\"url\":\"https:\\\/\\\/redenoticiaz.com.br\\\/litoralsp\\\/2022\\\/09\\\/19\\\/santos-leva-o-bicampeonato-dos-jogos-regionais\",\"name\":\"Santos leva o bicampeonato dos Jogos Regionais - Litoral SP\",\"isPartOf\":{\"@id\":\"https:\\\/\\\/redenoticiaz.com.br\\\/litoralsp\\\/#website\"},\"primaryImageOfPage\":{\"@id\":\"https:\\\/\\\/redenoticiaz.com.br\\\/litoralsp\\\/2022\\\/09\\\/19\\\/santos-leva-o-bicampeonato-dos-jogos-regionais#primaryimage\"},\"image\":{\"@id\":\"https:\\\/\\\/redenoticiaz.com.br\\\/litoralsp\\\/2022\\\/09\\\/19\\\/santos-leva-o-bicampeonato-dos-jogos-regionais#primaryimage\"},\"thumbnailUrl\":\"https:\\\/\\\/redenoticiaz.com.br\\\/litoralsp\\\/wp-content\\\/uploads\\\/sites\\\/3\\\/2022\\\/09\\\/WhatsApp-Image-2022-09-18-at-20.23.56.jpeg\",\"datePublished\":\"2022-09-19T12:46:35+00:00\",\"description\":\"Um final de semana hist\u00f3rico para o esporte de Santos. A cidade faturou o bicampeonato dos 64\u00ba Jogos Regionais, que teve\",\"inLanguage\":\"pt-BR\",\"potentialAction\":[{\"@type\":\"ReadAction\",\"target\":[\"https:\\\/\\\/redenoticiaz.com.br\\\/litoralsp\\\/2022\\\/09\\\/19\\\/santos-leva-o-bicampeonato-dos-jogos-regionais\"]}]},{\"@type\":\"ImageObject\",\"inLanguage\":\"pt-BR\",\"@id\":\"https:\\\/\\\/redenoticiaz.com.br\\\/litoralsp\\\/2022\\\/09\\\/19\\\/santos-leva-o-bicampeonato-dos-jogos-regionais#primaryimage\",\"url\":\"https:\\\/\\\/redenoticiaz.com.br\\\/litoralsp\\\/wp-content\\\/uploads\\\/sites\\\/3\\\/2022\\\/09\\\/WhatsApp-Image-2022-09-18-at-20.23.56.jpeg\",\"contentUrl\":\"https:\\\/\\\/redenoticiaz.com.br\\\/litoralsp\\\/wp-content\\\/uploads\\\/sites\\\/3\\\/2022\\\/09\\\/WhatsApp-Image-2022-09-18-at-20.23.56.jpeg\",\"width\":856,\"height\":717,\"caption\":\"Cr\u00e9ditos: Divulga\u00e7\u00e3o\\\/Prefeitura de Santos\"},{\"@type\":\"WebSite\",\"@id\":\"https:\\\/\\\/redenoticiaz.com.br\\\/litoralsp\\\/#website\",\"url\":\"https:\\\/\\\/redenoticiaz.com.br\\\/litoralsp\\\/\",\"name\":\"Litoral SP\",\"description\":\"Rede NoticiaZ\",\"publisher\":{\"@id\":\"https:\\\/\\\/redenoticiaz.com.br\\\/litoralsp\\\/#organization\"},\"potentialAction\":[{\"@type\":\"SearchAction\",\"target\":{\"@type\":\"EntryPoint\",\"urlTemplate\":\"https:\\\/\\\/redenoticiaz.com.br\\\/litoralsp\\\/?s={search_term_string}\"},\"query-input\":{\"@type\":\"PropertyValueSpecification\",\"valueRequired\":true,\"valueName\":\"search_term_string\"}}],\"inLanguage\":\"pt-BR\"},{\"@type\":\"Organization\",\"@id\":\"https:\\\/\\\/redenoticiaz.com.br\\\/litoralsp\\\/#organization\",\"name\":\"Litoral SP\",\"url\":\"https:\\\/\\\/redenoticiaz.com.br\\\/litoralsp\\\/\",\"logo\":{\"@type\":\"ImageObject\",\"inLanguage\":\"pt-BR\",\"@id\":\"https:\\\/\\\/redenoticiaz.com.br\\\/litoralsp\\\/#\\\/schema\\\/logo\\\/image\\\/\",\"url\":\"https:\\\/\\\/redenoticiaz.com.br\\\/litoralsp\\\/wp-content\\\/uploads\\\/sites\\\/3\\\/2020\\\/11\\\/logo.jpg\",\"contentUrl\":\"https:\\\/\\\/redenoticiaz.com.br\\\/litoralsp\\\/wp-content\\\/uploads\\\/sites\\\/3\\\/2020\\\/11\\\/logo.jpg\",\"width\":400,\"height\":250,\"caption\":\"Litoral SP\"},\"image\":{\"@id\":\"https:\\\/\\\/redenoticiaz.com.br\\\/litoralsp\\\/#\\\/schema\\\/logo\\\/image\\\/\"}},{\"@type\":\"Person\",\"@id\":\"https:\\\/\\\/redenoticiaz.com.br\\\/litoralsp\\\/#\\\/schema\\\/person\\\/0f0b8a5bdafefe82841e07ae8d81ecb3\",\"name\":\"Leonardo Francisco\",\"image\":{\"@type\":\"ImageObject\",\"inLanguage\":\"pt-BR\",\"@id\":\"https:\\\/\\\/secure.gravatar.com\\\/avatar\\\/a7358cb406a99b682ec6df1e77e31ae82e63601f6784e8a3df411d72b37864da?s=96&d=mm&r=g\",\"url\":\"https:\\\/\\\/secure.gravatar.com\\\/avatar\\\/a7358cb406a99b682ec6df1e77e31ae82e63601f6784e8a3df411d72b37864da?s=96&d=mm&r=g\",\"contentUrl\":\"https:\\\/\\\/secure.gravatar.com\\\/avatar\\\/a7358cb406a99b682ec6df1e77e31ae82e63601f6784e8a3df411d72b37864da?s=96&d=mm&r=g\",\"caption\":\"Leonardo Francisco\"},\"url\":\"https:\\\/\\\/redenoticiaz.com.br\\\/litoralsp\\\/author\\\/leonardo-francisco\"}]}<\/script>\n<!-- \/ Yoast SEO plugin. -->","yoast_head_json":{"title":"Santos leva o bicampeonato dos Jogos Regionais - Litoral SP","description":"Um final de semana hist\u00f3rico para o esporte de Santos. A cidade faturou o bicampeonato dos 64\u00ba Jogos Regionais, que teve","robots":{"index":"index","follow":"follow","max-snippet":"max-snippet:-1","max-image-preview":"max-image-preview:large","max-video-preview":"max-video-preview:-1"},"canonical":"https:\/\/redenoticiaz.com.br\/litoralsp\/2022\/09\/19\/santos-leva-o-bicampeonato-dos-jogos-regionais","og_locale":"pt_BR","og_type":"article","og_title":"Santos leva o bicampeonato dos Jogos Regionais - Litoral SP","og_description":"Um final de semana hist\u00f3rico para o esporte de Santos. A cidade faturou o bicampeonato dos 64\u00ba Jogos Regionais, que teve","og_url":"https:\/\/redenoticiaz.com.br\/litoralsp\/2022\/09\/19\/santos-leva-o-bicampeonato-dos-jogos-regionais","og_site_name":"Litoral SP","article_published_time":"2022-09-19T12:46:35+00:00","og_image":[{"width":856,"height":717,"url":"https:\/\/redenoticiaz.com.br\/litoralsp\/wp-content\/uploads\/sites\/3\/2022\/09\/WhatsApp-Image-2022-09-18-at-20.23.56.jpeg","type":"image\/jpeg"}],"author":"Leonardo Francisco","twitter_card":"summary_large_image","twitter_misc":{"Escrito por":"Leonardo Francisco","Est. tempo de leitura":"5 minutos"},"schema":{"@context":"https:\/\/schema.org","@graph":[{"@type":"Article","@id":"https:\/\/redenoticiaz.com.br\/litoralsp\/2022\/09\/19\/santos-leva-o-bicampeonato-dos-jogos-regionais#article","isPartOf":{"@id":"https:\/\/redenoticiaz.com.br\/litoralsp\/2022\/09\/19\/santos-leva-o-bicampeonato-dos-jogos-regionais"},"author":{"name":"Leonardo Francisco","@id":"https:\/\/redenoticiaz.com.br\/litoralsp\/#\/schema\/person\/0f0b8a5bdafefe82841e07ae8d81ecb3"},"headline":"Santos leva o bicampeonato dos Jogos Regionais","datePublished":"2022-09-19T12:46:35+00:00","mainEntityOfPage":{"@id":"https:\/\/redenoticiaz.com.br\/litoralsp\/2022\/09\/19\/santos-leva-o-bicampeonato-dos-jogos-regionais"},"wordCount":785,"commentCount":0,"publisher":{"@id":"https:\/\/redenoticiaz.com.br\/litoralsp\/#organization"},"image":{"@id":"https:\/\/redenoticiaz.com.br\/litoralsp\/2022\/09\/19\/santos-leva-o-bicampeonato-dos-jogos-regionais#primaryimage"},"thumbnailUrl":"https:\/\/redenoticiaz.com.br\/litoralsp\/wp-content\/uploads\/sites\/3\/2022\/09\/WhatsApp-Image-2022-09-18-at-20.23.56.jpeg","keywords":["BICAMPEONATO","gin\u00e1stica","JOGOS ABERTOS DO INTERIOR","JOGOS REGIONAIS","JUD\u00d4","Santos"],"articleSection":["Esporte","Santos"],"inLanguage":"pt-BR","potentialAction":[{"@type":"CommentAction","name":"Comment","target":["https:\/\/redenoticiaz.com.br\/litoralsp\/2022\/09\/19\/santos-leva-o-bicampeonato-dos-jogos-regionais#respond"]}]},{"@type":"WebPage","@id":"https:\/\/redenoticiaz.com.br\/litoralsp\/2022\/09\/19\/santos-leva-o-bicampeonato-dos-jogos-regionais","url":"https:\/\/redenoticiaz.com.br\/litoralsp\/2022\/09\/19\/santos-leva-o-bicampeonato-dos-jogos-regionais","name":"Santos leva o bicampeonato dos Jogos Regionais - Litoral SP","isPartOf":{"@id":"https:\/\/redenoticiaz.com.br\/litoralsp\/#website"},"primaryImageOfPage":{"@id":"https:\/\/redenoticiaz.com.br\/litoralsp\/2022\/09\/19\/santos-leva-o-bicampeonato-dos-jogos-regionais#primaryimage"},"image":{"@id":"https:\/\/redenoticiaz.com.br\/litoralsp\/2022\/09\/19\/santos-leva-o-bicampeonato-dos-jogos-regionais#primaryimage"},"thumbnailUrl":"https:\/\/redenoticiaz.com.br\/litoralsp\/wp-content\/uploads\/sites\/3\/2022\/09\/WhatsApp-Image-2022-09-18-at-20.23.56.jpeg","datePublished":"2022-09-19T12:46:35+00:00","description":"Um final de semana hist\u00f3rico para o esporte de Santos. A cidade faturou o bicampeonato dos 64\u00ba Jogos Regionais, que teve","inLanguage":"pt-BR","potentialAction":[{"@type":"ReadAction","target":["https:\/\/redenoticiaz.com.br\/litoralsp\/2022\/09\/19\/santos-leva-o-bicampeonato-dos-jogos-regionais"]}]},{"@type":"ImageObject","inLanguage":"pt-BR","@id":"https:\/\/redenoticiaz.com.br\/litoralsp\/2022\/09\/19\/santos-leva-o-bicampeonato-dos-jogos-regionais#primaryimage","url":"https:\/\/redenoticiaz.com.br\/litoralsp\/wp-content\/uploads\/sites\/3\/2022\/09\/WhatsApp-Image-2022-09-18-at-20.23.56.jpeg","contentUrl":"https:\/\/redenoticiaz.com.br\/litoralsp\/wp-content\/uploads\/sites\/3\/2022\/09\/WhatsApp-Image-2022-09-18-at-20.23.56.jpeg","width":856,"height":717,"caption":"Cr\u00e9ditos: Divulga\u00e7\u00e3o\/Prefeitura de Santos"},{"@type":"WebSite","@id":"https:\/\/redenoticiaz.com.br\/litoralsp\/#website","url":"https:\/\/redenoticiaz.com.br\/litoralsp\/","name":"Litoral SP","description":"Rede NoticiaZ","publisher":{"@id":"https:\/\/redenoticiaz.com.br\/litoralsp\/#organization"},"potentialAction":[{"@type":"SearchAction","target":{"@type":"EntryPoint","urlTemplate":"https:\/\/redenoticiaz.com.br\/litoralsp\/?s={search_term_string}"},"query-input":{"@type":"PropertyValueSpecification","valueRequired":true,"valueName":"search_term_string"}}],"inLanguage":"pt-BR"},{"@type":"Organization","@id":"https:\/\/redenoticiaz.com.br\/litoralsp\/#organization","name":"Litoral SP","url":"https:\/\/redenoticiaz.com.br\/litoralsp\/","logo":{"@type":"ImageObject","inLanguage":"pt-BR","@id":"https:\/\/redenoticiaz.com.br\/litoralsp\/#\/schema\/logo\/image\/","url":"https:\/\/redenoticiaz.com.br\/litoralsp\/wp-content\/uploads\/sites\/3\/2020\/11\/logo.jpg","contentUrl":"https:\/\/redenoticiaz.com.br\/litoralsp\/wp-content\/uploads\/sites\/3\/2020\/11\/logo.jpg","width":400,"height":250,"caption":"Litoral SP"},"image":{"@id":"https:\/\/redenoticiaz.com.br\/litoralsp\/#\/schema\/logo\/image\/"}},{"@type":"Person","@id":"https:\/\/redenoticiaz.com.br\/litoralsp\/#\/schema\/person\/0f0b8a5bdafefe82841e07ae8d81ecb3","name":"Leonardo Francisco","image":{"@type":"ImageObject","inLanguage":"pt-BR","@id":"https:\/\/secure.gravatar.com\/avatar\/a7358cb406a99b682ec6df1e77e31ae82e63601f6784e8a3df411d72b37864da?s=96&d=mm&r=g","url":"https:\/\/secure.gravatar.com\/avatar\/a7358cb406a99b682ec6df1e77e31ae82e63601f6784e8a3df411d72b37864da?s=96&d=mm&r=g","contentUrl":"https:\/\/secure.gravatar.com\/avatar\/a7358cb406a99b682ec6df1e77e31ae82e63601f6784e8a3df411d72b37864da?s=96&d=mm&r=g","caption":"Leonardo Francisco"},"url":"https:\/\/redenoticiaz.com.br\/litoralsp\/author\/leonardo-francisco"}]}},"_links":{"self":[{"href":"https:\/\/redenoticiaz.com.br\/litoralsp\/wp-json\/wp\/v2\/posts\/91677","targetHints":{"allow":["GET"]}}],"collection":[{"href":"https:\/\/redenoticiaz.com.br\/litoralsp\/wp-json\/wp\/v2\/posts"}],"about":[{"href":"https:\/\/redenoticiaz.com.br\/litoralsp\/wp-json\/wp\/v2\/types\/post"}],"author":[{"embeddable":true,"href":"https:\/\/redenoticiaz.com.br\/litoralsp\/wp-json\/wp\/v2\/users\/6"}],"replies":[{"embeddable":true,"href":"https:\/\/redenoticiaz.com.br\/litoralsp\/wp-json\/wp\/v2\/comments?post=91677"}],"version-history":[{"count":1,"href":"https:\/\/redenoticiaz.com.br\/litoralsp\/wp-json\/wp\/v2\/posts\/91677\/revisions"}],"predecessor-version":[{"id":91680,"href":"https:\/\/redenoticiaz.com.br\/litoralsp\/wp-json\/wp\/v2\/posts\/91677\/revisions\/91680"}],"wp:featuredmedia":[{"embeddable":true,"href":"https:\/\/redenoticiaz.com.br\/litoralsp\/wp-json\/wp\/v2\/media\/91678"}],"wp:attachment":[{"href":"https:\/\/redenoticiaz.com.br\/litoralsp\/wp-json\/wp\/v2\/media?parent=91677"}],"wp:term":[{"taxonomy":"category","embeddable":true,"href":"https:\/\/redenoticiaz.com.br\/litoralsp\/wp-json\/wp\/v2\/categories?post=91677"},{"taxonomy":"post_tag","embeddable":true,"href":"https:\/\/redenoticiaz.com.br\/litoralsp\/wp-json\/wp\/v2\/tags?post=91677"}],"curies":[{"name":"wp","href":"https:\/\/api.w.org\/{rel}","templated":true}]}}