{"id":91727,"date":"2022-09-24T10:00:05","date_gmt":"2022-09-24T13:00:05","guid":{"rendered":"https:\/\/redenoticiaz.com.br\/litoralsp\/?p=91727"},"modified":"2022-09-24T15:55:13","modified_gmt":"2022-09-24T18:55:13","slug":"warner-bros-oficializa-sequencia-de-constantine","status":"publish","type":"post","link":"https:\/\/redenoticiaz.com.br\/litoralsp\/2022\/09\/24\/warner-bros-oficializa-sequencia-de-constantine","title":{"rendered":"Warner Bros oficializa sequ\u00eancia de Constantine"},"content":{"rendered":"<p>Warner Bros oficializou a sequ\u00eancia de Constantine depois de 17 anos do primeiro filme protagonizado por Keanu Reeves.<\/p>\n<p>De acordo com as informa\u00e7\u00f5es do est\u00fadio, o diretor Francis Lawrence retorna para a sequ\u00eancia assim como Reeves.<\/p>\n<p>Ainda de acordo com a revista Deadline, Akiva Goldsman, conhecido por seu trabalho nos filmes da franquia Star Trek e por longas como Eu, Rob\u00f4 e Uma Mente Brilhante, ir\u00e1 cuidar do roteiro do novo filme.<\/p>\n<p>Sendo assim, o novo filme ser\u00e1 produzido pela Bad Robot, selo de\u00a0J.J. Abrams.<\/p>\n<h2>Constantine<\/h2>\n<p>Lan\u00e7ado em 2005, o primeiro filme arrecadou US$230 milh\u00f5es nas bilheterias mundiais e se tornou um fenomeno cult nas locadoras e servi\u00e7o de streaming.<\/p>\n<p><strong>Leia mais<\/strong><\/p>\n<p><a href=\"https:\/\/redenoticiaz.com.br\/blog\/2022\/09\/03\/marque-na-agenda-a-lista-de-filmes-imperdiveis-da-netflix-em-setembro\">Netflix lan\u00e7a trailer de document\u00e1rio sobre vit\u00f3ria do Brasil na Copa de 2002<\/a><\/p>\n","protected":false},"excerpt":{"rendered":"<p>Warner Bros oficializou a sequ\u00eancia de Constantine depois de 17 anos do primeiro filme protagonizado por Keanu Reeves. De acordo com as informa\u00e7\u00f5es do est\u00fadio, o diretor Francis Lawrence retorna para a sequ\u00eancia assim como Reeves. Ainda de acordo com a revista Deadline, Akiva Goldsman, conhecido por seu trabalho nos filmes da franquia Star Trek &hellip;<\/p>\n","protected":false},"author":12,"featured_media":92035,"comment_status":"open","ping_status":"closed","sticky":false,"template":"","format":"standard","meta":{"footnotes":""},"categories":[170],"tags":[59408,59409,59410,58652],"class_list":["post-91727","post","type-post","status-publish","format-standard","has-post-thumbnail","hentry","category-entretenimento","tag-constantine","tag-francis-lawrence","tag-keanu-reeves","tag-warner-bros"],"yoast_head":"<!-- This site is optimized with the Yoast SEO plugin v27.5 - https:\/\/yoast.com\/product\/yoast-seo-wordpress\/ -->\n<title>Warner Bros oficializa sequ\u00eancia de Constantine - Litoral SP<\/title>\n<meta name=\"description\" content=\"Warner Bros oficializou a sequ\u00eancia de Constantine depois de 17 anos do primeiro filme protagonizado por Keanu Reeves.\" \/>\n<meta name=\"robots\" content=\"index, follow, max-snippet:-1, max-image-preview:large, max-video-preview:-1\" \/>\n<link rel=\"canonical\" href=\"https:\/\/redenoticiaz.com.br\/litoralsp\/2022\/09\/24\/warner-bros-oficializa-sequencia-de-constantine\" \/>\n<meta property=\"og:locale\" content=\"pt_BR\" \/>\n<meta property=\"og:type\" content=\"article\" \/>\n<meta property=\"og:title\" content=\"Warner Bros oficializa sequ\u00eancia de Constantine - Litoral SP\" \/>\n<meta property=\"og:description\" content=\"Warner Bros oficializou a sequ\u00eancia de Constantine depois de 17 anos do primeiro filme protagonizado por Keanu Reeves.\" \/>\n<meta property=\"og:url\" content=\"https:\/\/redenoticiaz.com.br\/litoralsp\/2022\/09\/24\/warner-bros-oficializa-sequencia-de-constantine\" \/>\n<meta property=\"og:site_name\" content=\"Litoral SP\" \/>\n<meta property=\"article:published_time\" content=\"2022-09-24T13:00:05+00:00\" \/>\n<meta property=\"article:modified_time\" content=\"2022-09-24T18:55:13+00:00\" \/>\n<meta name=\"author\" content=\"Gustavo Silva\" \/>\n<meta name=\"twitter:card\" content=\"summary_large_image\" \/>\n<meta name=\"twitter:label1\" content=\"Escrito por\" \/>\n\t<meta name=\"twitter:data1\" content=\"Gustavo Silva\" \/>\n\t<meta name=\"twitter:label2\" content=\"Est. tempo de leitura\" \/>\n\t<meta name=\"twitter:data2\" content=\"1 minuto\" \/>\n<script type=\"application\/ld+json\" class=\"yoast-schema-graph\">{\"@context\":\"https:\\\/\\\/schema.org\",\"@graph\":[{\"@type\":\"Article\",\"@id\":\"https:\\\/\\\/redenoticiaz.com.br\\\/litoralsp\\\/2022\\\/09\\\/24\\\/warner-bros-oficializa-sequencia-de-constantine#article\",\"isPartOf\":{\"@id\":\"https:\\\/\\\/redenoticiaz.com.br\\\/litoralsp\\\/2022\\\/09\\\/24\\\/warner-bros-oficializa-sequencia-de-constantine\"},\"author\":{\"name\":\"Gustavo Silva\",\"@id\":\"https:\\\/\\\/redenoticiaz.com.br\\\/litoralsp\\\/#\\\/schema\\\/person\\\/16057b37a3c0ee6b096d7f887c566e2e\"},\"headline\":\"Warner Bros oficializa sequ\u00eancia de Constantine\",\"datePublished\":\"2022-09-24T13:00:05+00:00\",\"dateModified\":\"2022-09-24T18:55:13+00:00\",\"mainEntityOfPage\":{\"@id\":\"https:\\\/\\\/redenoticiaz.com.br\\\/litoralsp\\\/2022\\\/09\\\/24\\\/warner-bros-oficializa-sequencia-de-constantine\"},\"wordCount\":141,\"commentCount\":0,\"publisher\":{\"@id\":\"https:\\\/\\\/redenoticiaz.com.br\\\/litoralsp\\\/#organization\"},\"image\":{\"@id\":\"https:\\\/\\\/redenoticiaz.com.br\\\/litoralsp\\\/2022\\\/09\\\/24\\\/warner-bros-oficializa-sequencia-de-constantine#primaryimage\"},\"thumbnailUrl\":\"https:\\\/\\\/redenoticiaz.com.br\\\/litoralsp\\\/wp-content\\\/uploads\\\/sites\\\/3\\\/2022\\\/09\\\/Keanu-Reeves-Constantine-Reproducao-1024x576-1.jpg?v=1664045701\",\"keywords\":[\"Constantine\",\"Francis Lawrence\",\"Keanu Reeves\",\"warner bros\"],\"articleSection\":[\"Entretenimento\"],\"inLanguage\":\"pt-BR\",\"potentialAction\":[{\"@type\":\"CommentAction\",\"name\":\"Comment\",\"target\":[\"https:\\\/\\\/redenoticiaz.com.br\\\/litoralsp\\\/2022\\\/09\\\/24\\\/warner-bros-oficializa-sequencia-de-constantine#respond\"]}]},{\"@type\":\"WebPage\",\"@id\":\"https:\\\/\\\/redenoticiaz.com.br\\\/litoralsp\\\/2022\\\/09\\\/24\\\/warner-bros-oficializa-sequencia-de-constantine\",\"url\":\"https:\\\/\\\/redenoticiaz.com.br\\\/litoralsp\\\/2022\\\/09\\\/24\\\/warner-bros-oficializa-sequencia-de-constantine\",\"name\":\"Warner Bros oficializa sequ\u00eancia de Constantine - Litoral SP\",\"isPartOf\":{\"@id\":\"https:\\\/\\\/redenoticiaz.com.br\\\/litoralsp\\\/#website\"},\"primaryImageOfPage\":{\"@id\":\"https:\\\/\\\/redenoticiaz.com.br\\\/litoralsp\\\/2022\\\/09\\\/24\\\/warner-bros-oficializa-sequencia-de-constantine#primaryimage\"},\"image\":{\"@id\":\"https:\\\/\\\/redenoticiaz.com.br\\\/litoralsp\\\/2022\\\/09\\\/24\\\/warner-bros-oficializa-sequencia-de-constantine#primaryimage\"},\"thumbnailUrl\":\"https:\\\/\\\/redenoticiaz.com.br\\\/litoralsp\\\/wp-content\\\/uploads\\\/sites\\\/3\\\/2022\\\/09\\\/Keanu-Reeves-Constantine-Reproducao-1024x576-1.jpg?v=1664045701\",\"datePublished\":\"2022-09-24T13:00:05+00:00\",\"dateModified\":\"2022-09-24T18:55:13+00:00\",\"description\":\"Warner Bros oficializou a sequ\u00eancia de Constantine depois de 17 anos do primeiro filme protagonizado por Keanu Reeves.\",\"inLanguage\":\"pt-BR\",\"potentialAction\":[{\"@type\":\"ReadAction\",\"target\":[\"https:\\\/\\\/redenoticiaz.com.br\\\/litoralsp\\\/2022\\\/09\\\/24\\\/warner-bros-oficializa-sequencia-de-constantine\"]}]},{\"@type\":\"ImageObject\",\"inLanguage\":\"pt-BR\",\"@id\":\"https:\\\/\\\/redenoticiaz.com.br\\\/litoralsp\\\/2022\\\/09\\\/24\\\/warner-bros-oficializa-sequencia-de-constantine#primaryimage\",\"url\":\"https:\\\/\\\/redenoticiaz.com.br\\\/litoralsp\\\/wp-content\\\/uploads\\\/sites\\\/3\\\/2022\\\/09\\\/Keanu-Reeves-Constantine-Reproducao-1024x576-1.jpg?v=1664045701\",\"contentUrl\":\"https:\\\/\\\/redenoticiaz.com.br\\\/litoralsp\\\/wp-content\\\/uploads\\\/sites\\\/3\\\/2022\\\/09\\\/Keanu-Reeves-Constantine-Reproducao-1024x576-1.jpg?v=1664045701\",\"width\":1024,\"height\":576,\"caption\":\"Warner Bros oficializa sequ\u00eancia de Constantine\"},{\"@type\":\"WebSite\",\"@id\":\"https:\\\/\\\/redenoticiaz.com.br\\\/litoralsp\\\/#website\",\"url\":\"https:\\\/\\\/redenoticiaz.com.br\\\/litoralsp\\\/\",\"name\":\"Litoral SP\",\"description\":\"Rede NoticiaZ\",\"publisher\":{\"@id\":\"https:\\\/\\\/redenoticiaz.com.br\\\/litoralsp\\\/#organization\"},\"potentialAction\":[{\"@type\":\"SearchAction\",\"target\":{\"@type\":\"EntryPoint\",\"urlTemplate\":\"https:\\\/\\\/redenoticiaz.com.br\\\/litoralsp\\\/?s={search_term_string}\"},\"query-input\":{\"@type\":\"PropertyValueSpecification\",\"valueRequired\":true,\"valueName\":\"search_term_string\"}}],\"inLanguage\":\"pt-BR\"},{\"@type\":\"Organization\",\"@id\":\"https:\\\/\\\/redenoticiaz.com.br\\\/litoralsp\\\/#organization\",\"name\":\"Litoral SP\",\"url\":\"https:\\\/\\\/redenoticiaz.com.br\\\/litoralsp\\\/\",\"logo\":{\"@type\":\"ImageObject\",\"inLanguage\":\"pt-BR\",\"@id\":\"https:\\\/\\\/redenoticiaz.com.br\\\/litoralsp\\\/#\\\/schema\\\/logo\\\/image\\\/\",\"url\":\"https:\\\/\\\/redenoticiaz.com.br\\\/litoralsp\\\/wp-content\\\/uploads\\\/sites\\\/3\\\/2020\\\/11\\\/logo.jpg\",\"contentUrl\":\"https:\\\/\\\/redenoticiaz.com.br\\\/litoralsp\\\/wp-content\\\/uploads\\\/sites\\\/3\\\/2020\\\/11\\\/logo.jpg\",\"width\":400,\"height\":250,\"caption\":\"Litoral SP\"},\"image\":{\"@id\":\"https:\\\/\\\/redenoticiaz.com.br\\\/litoralsp\\\/#\\\/schema\\\/logo\\\/image\\\/\"}},{\"@type\":\"Person\",\"@id\":\"https:\\\/\\\/redenoticiaz.com.br\\\/litoralsp\\\/#\\\/schema\\\/person\\\/16057b37a3c0ee6b096d7f887c566e2e\",\"name\":\"Gustavo Silva\",\"image\":{\"@type\":\"ImageObject\",\"inLanguage\":\"pt-BR\",\"@id\":\"https:\\\/\\\/secure.gravatar.com\\\/avatar\\\/3ee4e82f93b26de0a7cf4ea5eb7893da637ed6bb0c9170c58065944c56e28a33?s=96&d=mm&r=g\",\"url\":\"https:\\\/\\\/secure.gravatar.com\\\/avatar\\\/3ee4e82f93b26de0a7cf4ea5eb7893da637ed6bb0c9170c58065944c56e28a33?s=96&d=mm&r=g\",\"contentUrl\":\"https:\\\/\\\/secure.gravatar.com\\\/avatar\\\/3ee4e82f93b26de0a7cf4ea5eb7893da637ed6bb0c9170c58065944c56e28a33?s=96&d=mm&r=g\",\"caption\":\"Gustavo Silva\"},\"url\":\"https:\\\/\\\/redenoticiaz.com.br\\\/litoralsp\\\/author\\\/gustavosilva\"}]}<\/script>\n<!-- \/ Yoast SEO plugin. -->","yoast_head_json":{"title":"Warner Bros oficializa sequ\u00eancia de Constantine - Litoral SP","description":"Warner Bros oficializou a sequ\u00eancia de Constantine depois de 17 anos do primeiro filme protagonizado por Keanu Reeves.","robots":{"index":"index","follow":"follow","max-snippet":"max-snippet:-1","max-image-preview":"max-image-preview:large","max-video-preview":"max-video-preview:-1"},"canonical":"https:\/\/redenoticiaz.com.br\/litoralsp\/2022\/09\/24\/warner-bros-oficializa-sequencia-de-constantine","og_locale":"pt_BR","og_type":"article","og_title":"Warner Bros oficializa sequ\u00eancia de Constantine - Litoral SP","og_description":"Warner Bros oficializou a sequ\u00eancia de Constantine depois de 17 anos do primeiro filme protagonizado por Keanu Reeves.","og_url":"https:\/\/redenoticiaz.com.br\/litoralsp\/2022\/09\/24\/warner-bros-oficializa-sequencia-de-constantine","og_site_name":"Litoral SP","article_published_time":"2022-09-24T13:00:05+00:00","article_modified_time":"2022-09-24T18:55:13+00:00","author":"Gustavo Silva","twitter_card":"summary_large_image","twitter_misc":{"Escrito por":"Gustavo Silva","Est. tempo de leitura":"1 minuto"},"schema":{"@context":"https:\/\/schema.org","@graph":[{"@type":"Article","@id":"https:\/\/redenoticiaz.com.br\/litoralsp\/2022\/09\/24\/warner-bros-oficializa-sequencia-de-constantine#article","isPartOf":{"@id":"https:\/\/redenoticiaz.com.br\/litoralsp\/2022\/09\/24\/warner-bros-oficializa-sequencia-de-constantine"},"author":{"name":"Gustavo Silva","@id":"https:\/\/redenoticiaz.com.br\/litoralsp\/#\/schema\/person\/16057b37a3c0ee6b096d7f887c566e2e"},"headline":"Warner Bros oficializa sequ\u00eancia de Constantine","datePublished":"2022-09-24T13:00:05+00:00","dateModified":"2022-09-24T18:55:13+00:00","mainEntityOfPage":{"@id":"https:\/\/redenoticiaz.com.br\/litoralsp\/2022\/09\/24\/warner-bros-oficializa-sequencia-de-constantine"},"wordCount":141,"commentCount":0,"publisher":{"@id":"https:\/\/redenoticiaz.com.br\/litoralsp\/#organization"},"image":{"@id":"https:\/\/redenoticiaz.com.br\/litoralsp\/2022\/09\/24\/warner-bros-oficializa-sequencia-de-constantine#primaryimage"},"thumbnailUrl":"https:\/\/redenoticiaz.com.br\/litoralsp\/wp-content\/uploads\/sites\/3\/2022\/09\/Keanu-Reeves-Constantine-Reproducao-1024x576-1.jpg?v=1664045701","keywords":["Constantine","Francis Lawrence","Keanu Reeves","warner bros"],"articleSection":["Entretenimento"],"inLanguage":"pt-BR","potentialAction":[{"@type":"CommentAction","name":"Comment","target":["https:\/\/redenoticiaz.com.br\/litoralsp\/2022\/09\/24\/warner-bros-oficializa-sequencia-de-constantine#respond"]}]},{"@type":"WebPage","@id":"https:\/\/redenoticiaz.com.br\/litoralsp\/2022\/09\/24\/warner-bros-oficializa-sequencia-de-constantine","url":"https:\/\/redenoticiaz.com.br\/litoralsp\/2022\/09\/24\/warner-bros-oficializa-sequencia-de-constantine","name":"Warner Bros oficializa sequ\u00eancia de Constantine - Litoral SP","isPartOf":{"@id":"https:\/\/redenoticiaz.com.br\/litoralsp\/#website"},"primaryImageOfPage":{"@id":"https:\/\/redenoticiaz.com.br\/litoralsp\/2022\/09\/24\/warner-bros-oficializa-sequencia-de-constantine#primaryimage"},"image":{"@id":"https:\/\/redenoticiaz.com.br\/litoralsp\/2022\/09\/24\/warner-bros-oficializa-sequencia-de-constantine#primaryimage"},"thumbnailUrl":"https:\/\/redenoticiaz.com.br\/litoralsp\/wp-content\/uploads\/sites\/3\/2022\/09\/Keanu-Reeves-Constantine-Reproducao-1024x576-1.jpg?v=1664045701","datePublished":"2022-09-24T13:00:05+00:00","dateModified":"2022-09-24T18:55:13+00:00","description":"Warner Bros oficializou a sequ\u00eancia de Constantine depois de 17 anos do primeiro filme protagonizado por Keanu Reeves.","inLanguage":"pt-BR","potentialAction":[{"@type":"ReadAction","target":["https:\/\/redenoticiaz.com.br\/litoralsp\/2022\/09\/24\/warner-bros-oficializa-sequencia-de-constantine"]}]},{"@type":"ImageObject","inLanguage":"pt-BR","@id":"https:\/\/redenoticiaz.com.br\/litoralsp\/2022\/09\/24\/warner-bros-oficializa-sequencia-de-constantine#primaryimage","url":"https:\/\/redenoticiaz.com.br\/litoralsp\/wp-content\/uploads\/sites\/3\/2022\/09\/Keanu-Reeves-Constantine-Reproducao-1024x576-1.jpg?v=1664045701","contentUrl":"https:\/\/redenoticiaz.com.br\/litoralsp\/wp-content\/uploads\/sites\/3\/2022\/09\/Keanu-Reeves-Constantine-Reproducao-1024x576-1.jpg?v=1664045701","width":1024,"height":576,"caption":"Warner Bros oficializa sequ\u00eancia de Constantine"},{"@type":"WebSite","@id":"https:\/\/redenoticiaz.com.br\/litoralsp\/#website","url":"https:\/\/redenoticiaz.com.br\/litoralsp\/","name":"Litoral SP","description":"Rede NoticiaZ","publisher":{"@id":"https:\/\/redenoticiaz.com.br\/litoralsp\/#organization"},"potentialAction":[{"@type":"SearchAction","target":{"@type":"EntryPoint","urlTemplate":"https:\/\/redenoticiaz.com.br\/litoralsp\/?s={search_term_string}"},"query-input":{"@type":"PropertyValueSpecification","valueRequired":true,"valueName":"search_term_string"}}],"inLanguage":"pt-BR"},{"@type":"Organization","@id":"https:\/\/redenoticiaz.com.br\/litoralsp\/#organization","name":"Litoral SP","url":"https:\/\/redenoticiaz.com.br\/litoralsp\/","logo":{"@type":"ImageObject","inLanguage":"pt-BR","@id":"https:\/\/redenoticiaz.com.br\/litoralsp\/#\/schema\/logo\/image\/","url":"https:\/\/redenoticiaz.com.br\/litoralsp\/wp-content\/uploads\/sites\/3\/2020\/11\/logo.jpg","contentUrl":"https:\/\/redenoticiaz.com.br\/litoralsp\/wp-content\/uploads\/sites\/3\/2020\/11\/logo.jpg","width":400,"height":250,"caption":"Litoral SP"},"image":{"@id":"https:\/\/redenoticiaz.com.br\/litoralsp\/#\/schema\/logo\/image\/"}},{"@type":"Person","@id":"https:\/\/redenoticiaz.com.br\/litoralsp\/#\/schema\/person\/16057b37a3c0ee6b096d7f887c566e2e","name":"Gustavo Silva","image":{"@type":"ImageObject","inLanguage":"pt-BR","@id":"https:\/\/secure.gravatar.com\/avatar\/3ee4e82f93b26de0a7cf4ea5eb7893da637ed6bb0c9170c58065944c56e28a33?s=96&d=mm&r=g","url":"https:\/\/secure.gravatar.com\/avatar\/3ee4e82f93b26de0a7cf4ea5eb7893da637ed6bb0c9170c58065944c56e28a33?s=96&d=mm&r=g","contentUrl":"https:\/\/secure.gravatar.com\/avatar\/3ee4e82f93b26de0a7cf4ea5eb7893da637ed6bb0c9170c58065944c56e28a33?s=96&d=mm&r=g","caption":"Gustavo Silva"},"url":"https:\/\/redenoticiaz.com.br\/litoralsp\/author\/gustavosilva"}]}},"_links":{"self":[{"href":"https:\/\/redenoticiaz.com.br\/litoralsp\/wp-json\/wp\/v2\/posts\/91727","targetHints":{"allow":["GET"]}}],"collection":[{"href":"https:\/\/redenoticiaz.com.br\/litoralsp\/wp-json\/wp\/v2\/posts"}],"about":[{"href":"https:\/\/redenoticiaz.com.br\/litoralsp\/wp-json\/wp\/v2\/types\/post"}],"author":[{"embeddable":true,"href":"https:\/\/redenoticiaz.com.br\/litoralsp\/wp-json\/wp\/v2\/users\/12"}],"replies":[{"embeddable":true,"href":"https:\/\/redenoticiaz.com.br\/litoralsp\/wp-json\/wp\/v2\/comments?post=91727"}],"version-history":[{"count":1,"href":"https:\/\/redenoticiaz.com.br\/litoralsp\/wp-json\/wp\/v2\/posts\/91727\/revisions"}],"predecessor-version":[{"id":92034,"href":"https:\/\/redenoticiaz.com.br\/litoralsp\/wp-json\/wp\/v2\/posts\/91727\/revisions\/92034"}],"wp:featuredmedia":[{"embeddable":true,"href":"https:\/\/redenoticiaz.com.br\/litoralsp\/wp-json\/wp\/v2\/media\/92035"}],"wp:attachment":[{"href":"https:\/\/redenoticiaz.com.br\/litoralsp\/wp-json\/wp\/v2\/media?parent=91727"}],"wp:term":[{"taxonomy":"category","embeddable":true,"href":"https:\/\/redenoticiaz.com.br\/litoralsp\/wp-json\/wp\/v2\/categories?post=91727"},{"taxonomy":"post_tag","embeddable":true,"href":"https:\/\/redenoticiaz.com.br\/litoralsp\/wp-json\/wp\/v2\/tags?post=91727"}],"curies":[{"name":"wp","href":"https:\/\/api.w.org\/{rel}","templated":true}]}}