{"id":91749,"date":"2022-09-20T11:39:43","date_gmt":"2022-09-20T14:39:43","guid":{"rendered":"https:\/\/redenoticiaz.com.br\/litoralsp\/?p=91749"},"modified":"2022-09-20T11:39:43","modified_gmt":"2022-09-20T14:39:43","slug":"cidades-da-baixada-santista-estao-temerosas-com-a-falta-de-vacina-bcg","status":"publish","type":"post","link":"https:\/\/redenoticiaz.com.br\/litoralsp\/2022\/09\/20\/cidades-da-baixada-santista-estao-temerosas-com-a-falta-de-vacina-bcg","title":{"rendered":"Cidades da Baixada Santista est\u00e3o temerosas com a falta de vacina BCG"},"content":{"rendered":"<p>Algumas cidades da Baixada Santista est\u00e3o temerosas com o <strong>risco da falta da vacina BCG<\/strong>. O imunizante \u00e9 essencial para garantir a prote\u00e7\u00e3o contra a tuberculose, especialmente em beb\u00eas. O problema dura alguns dias e a situa\u00e7\u00e3o \u00e9 mais agravante em Santos, S\u00e3o Vicente e Itanha\u00e9m.<\/p>\n<p>Por conta desta situa\u00e7\u00e3o, as cidades precisaram fazer um novo esquema de imuniza\u00e7\u00e3o. No entanto, h\u00e1 risco de desabastecimento. A Secretaria Estadual de Sa\u00fade confirmou a falta de vacinas, mas garantiu que o Minist\u00e9rio da Sa\u00fade ir\u00e1 normalizar a distribui\u00e7\u00e3o. O Minist\u00e9rio da Sa\u00fade confirmou a baixa distribui\u00e7\u00e3o, mas garantiu que tudo ser\u00e1 normalizado.<\/p>\n<p>Enquanto isso, nas outras cidades da Baixada Santista, a vacina\u00e7\u00e3o contra a tuberculose est\u00e1 normalizada e o estoque da vacina BCG segue normal e n\u00e3o h\u00e1 n\u00famero abaixo do ideal.<\/p>\n<p>No caso de Santos, houve remodela\u00e7\u00e3o da vacina em esquema de revezamento, onde algumas policl\u00ednicas fariam a aplica\u00e7\u00e3o do imunizante.<\/p>\n<p><strong>LEIA TAMB\u00c9M<\/strong><\/p>\n<p><a href=\"https:\/\/redenoticiaz.com.br\/litoralsp\/2022\/09\/18\/campanha-de-vacinacao-de-caes-e-gatos-inicia-nesta-segunda-em-santos\">Campanha de vacina\u00e7\u00e3o de c\u00e3es e gatos inicia nesta segunda em Santos<\/a><\/p>\n","protected":false},"excerpt":{"rendered":"<p>Algumas cidades da Baixada Santista est\u00e3o temerosas com o risco da falta da vacina BCG. O imunizante \u00e9 essencial para garantir a prote\u00e7\u00e3o contra a tuberculose, especialmente em beb\u00eas. O problema dura alguns dias e a situa\u00e7\u00e3o \u00e9 mais agravante em Santos, S\u00e3o Vicente e Itanha\u00e9m. Por conta desta situa\u00e7\u00e3o, as cidades precisaram fazer um &hellip;<\/p>\n","protected":false},"author":6,"featured_media":91605,"comment_status":"open","ping_status":"closed","sticky":false,"template":"","format":"standard","meta":{"footnotes":""},"categories":[184,180,181,23],"tags":[1148,14259,59424,59423],"class_list":["post-91749","post","type-post","status-publish","format-standard","has-post-thumbnail","hentry","category-itanhaem","category-santos","category-sao-vicente","category-saude","tag-baixada-santista","tag-ministeiro-da-saude","tag-secretaria-de-saude-do-estado","tag-vacina-bcg"],"yoast_head":"<!-- This site is optimized with the Yoast SEO plugin v27.5 - https:\/\/yoast.com\/product\/yoast-seo-wordpress\/ -->\n<title>Cidades da Baixada Santista est\u00e3o temerosas com a falta de vacina BCG - Litoral SP<\/title>\n<meta name=\"description\" content=\"Algumas cidades da Baixada Santista est\u00e3o temerosas com o risco da falta da vacina BCG. O imunizante \u00e9 essencial para garantir\" \/>\n<meta name=\"robots\" content=\"index, follow, max-snippet:-1, max-image-preview:large, max-video-preview:-1\" \/>\n<link rel=\"canonical\" href=\"https:\/\/redenoticiaz.com.br\/litoralsp\/2022\/09\/20\/cidades-da-baixada-santista-estao-temerosas-com-a-falta-de-vacina-bcg\" \/>\n<meta property=\"og:locale\" content=\"pt_BR\" \/>\n<meta property=\"og:type\" content=\"article\" \/>\n<meta property=\"og:title\" content=\"Cidades da Baixada Santista est\u00e3o temerosas com a falta de vacina BCG - Litoral SP\" \/>\n<meta property=\"og:description\" content=\"Algumas cidades da Baixada Santista est\u00e3o temerosas com o risco da falta da vacina BCG. O imunizante \u00e9 essencial para garantir\" \/>\n<meta property=\"og:url\" content=\"https:\/\/redenoticiaz.com.br\/litoralsp\/2022\/09\/20\/cidades-da-baixada-santista-estao-temerosas-com-a-falta-de-vacina-bcg\" \/>\n<meta property=\"og:site_name\" content=\"Litoral SP\" \/>\n<meta property=\"article:published_time\" content=\"2022-09-20T14:39:43+00:00\" \/>\n<meta property=\"og:image\" content=\"https:\/\/redenoticiaz.com.br\/litoralsp\/wp-content\/uploads\/sites\/3\/2022\/09\/00314879.jpg?v=1660595971\" \/>\n\t<meta property=\"og:image:width\" content=\"800\" \/>\n\t<meta property=\"og:image:height\" content=\"533\" \/>\n\t<meta property=\"og:image:type\" content=\"image\/jpeg\" \/>\n<meta name=\"author\" content=\"Leonardo Francisco\" \/>\n<meta name=\"twitter:card\" content=\"summary_large_image\" \/>\n<meta name=\"twitter:label1\" content=\"Escrito por\" \/>\n\t<meta name=\"twitter:data1\" content=\"Leonardo Francisco\" \/>\n\t<meta name=\"twitter:label2\" content=\"Est. tempo de leitura\" \/>\n\t<meta name=\"twitter:data2\" content=\"1 minuto\" \/>\n<script type=\"application\/ld+json\" class=\"yoast-schema-graph\">{\"@context\":\"https:\\\/\\\/schema.org\",\"@graph\":[{\"@type\":\"Article\",\"@id\":\"https:\\\/\\\/redenoticiaz.com.br\\\/litoralsp\\\/2022\\\/09\\\/20\\\/cidades-da-baixada-santista-estao-temerosas-com-a-falta-de-vacina-bcg#article\",\"isPartOf\":{\"@id\":\"https:\\\/\\\/redenoticiaz.com.br\\\/litoralsp\\\/2022\\\/09\\\/20\\\/cidades-da-baixada-santista-estao-temerosas-com-a-falta-de-vacina-bcg\"},\"author\":{\"name\":\"Leonardo Francisco\",\"@id\":\"https:\\\/\\\/redenoticiaz.com.br\\\/litoralsp\\\/#\\\/schema\\\/person\\\/0f0b8a5bdafefe82841e07ae8d81ecb3\"},\"headline\":\"Cidades da Baixada Santista est\u00e3o temerosas com a falta de vacina BCG\",\"datePublished\":\"2022-09-20T14:39:43+00:00\",\"mainEntityOfPage\":{\"@id\":\"https:\\\/\\\/redenoticiaz.com.br\\\/litoralsp\\\/2022\\\/09\\\/20\\\/cidades-da-baixada-santista-estao-temerosas-com-a-falta-de-vacina-bcg\"},\"wordCount\":199,\"commentCount\":0,\"publisher\":{\"@id\":\"https:\\\/\\\/redenoticiaz.com.br\\\/litoralsp\\\/#organization\"},\"image\":{\"@id\":\"https:\\\/\\\/redenoticiaz.com.br\\\/litoralsp\\\/2022\\\/09\\\/20\\\/cidades-da-baixada-santista-estao-temerosas-com-a-falta-de-vacina-bcg#primaryimage\"},\"thumbnailUrl\":\"https:\\\/\\\/redenoticiaz.com.br\\\/litoralsp\\\/wp-content\\\/uploads\\\/sites\\\/3\\\/2022\\\/09\\\/00314879.jpg?v=1660595971\",\"keywords\":[\"BAIXADA SANTISTA\",\"MINIST\u00c9IRO DA SA\u00daDE\",\"SECRETARIA DE SA\u00daDE DO ESTADO\",\"VACINA BCG\"],\"articleSection\":[\"Itanha\u00e9m\",\"Santos\",\"S\u00e3o Vicente\",\"Sa\u00fade\"],\"inLanguage\":\"pt-BR\",\"potentialAction\":[{\"@type\":\"CommentAction\",\"name\":\"Comment\",\"target\":[\"https:\\\/\\\/redenoticiaz.com.br\\\/litoralsp\\\/2022\\\/09\\\/20\\\/cidades-da-baixada-santista-estao-temerosas-com-a-falta-de-vacina-bcg#respond\"]}]},{\"@type\":\"WebPage\",\"@id\":\"https:\\\/\\\/redenoticiaz.com.br\\\/litoralsp\\\/2022\\\/09\\\/20\\\/cidades-da-baixada-santista-estao-temerosas-com-a-falta-de-vacina-bcg\",\"url\":\"https:\\\/\\\/redenoticiaz.com.br\\\/litoralsp\\\/2022\\\/09\\\/20\\\/cidades-da-baixada-santista-estao-temerosas-com-a-falta-de-vacina-bcg\",\"name\":\"Cidades da Baixada Santista est\u00e3o temerosas com a falta de vacina BCG - Litoral SP\",\"isPartOf\":{\"@id\":\"https:\\\/\\\/redenoticiaz.com.br\\\/litoralsp\\\/#website\"},\"primaryImageOfPage\":{\"@id\":\"https:\\\/\\\/redenoticiaz.com.br\\\/litoralsp\\\/2022\\\/09\\\/20\\\/cidades-da-baixada-santista-estao-temerosas-com-a-falta-de-vacina-bcg#primaryimage\"},\"image\":{\"@id\":\"https:\\\/\\\/redenoticiaz.com.br\\\/litoralsp\\\/2022\\\/09\\\/20\\\/cidades-da-baixada-santista-estao-temerosas-com-a-falta-de-vacina-bcg#primaryimage\"},\"thumbnailUrl\":\"https:\\\/\\\/redenoticiaz.com.br\\\/litoralsp\\\/wp-content\\\/uploads\\\/sites\\\/3\\\/2022\\\/09\\\/00314879.jpg?v=1660595971\",\"datePublished\":\"2022-09-20T14:39:43+00:00\",\"description\":\"Algumas cidades da Baixada Santista est\u00e3o temerosas com o risco da falta da vacina BCG. O imunizante \u00e9 essencial para garantir\",\"inLanguage\":\"pt-BR\",\"potentialAction\":[{\"@type\":\"ReadAction\",\"target\":[\"https:\\\/\\\/redenoticiaz.com.br\\\/litoralsp\\\/2022\\\/09\\\/20\\\/cidades-da-baixada-santista-estao-temerosas-com-a-falta-de-vacina-bcg\"]}]},{\"@type\":\"ImageObject\",\"inLanguage\":\"pt-BR\",\"@id\":\"https:\\\/\\\/redenoticiaz.com.br\\\/litoralsp\\\/2022\\\/09\\\/20\\\/cidades-da-baixada-santista-estao-temerosas-com-a-falta-de-vacina-bcg#primaryimage\",\"url\":\"https:\\\/\\\/redenoticiaz.com.br\\\/litoralsp\\\/wp-content\\\/uploads\\\/sites\\\/3\\\/2022\\\/09\\\/00314879.jpg?v=1660595971\",\"contentUrl\":\"https:\\\/\\\/redenoticiaz.com.br\\\/litoralsp\\\/wp-content\\\/uploads\\\/sites\\\/3\\\/2022\\\/09\\\/00314879.jpg?v=1660595971\",\"width\":800,\"height\":533,\"caption\":\"Cidades da Baixada Santista est\u00e3o temerosas com a falta de vacina BCG\"},{\"@type\":\"WebSite\",\"@id\":\"https:\\\/\\\/redenoticiaz.com.br\\\/litoralsp\\\/#website\",\"url\":\"https:\\\/\\\/redenoticiaz.com.br\\\/litoralsp\\\/\",\"name\":\"Litoral SP\",\"description\":\"Rede NoticiaZ\",\"publisher\":{\"@id\":\"https:\\\/\\\/redenoticiaz.com.br\\\/litoralsp\\\/#organization\"},\"potentialAction\":[{\"@type\":\"SearchAction\",\"target\":{\"@type\":\"EntryPoint\",\"urlTemplate\":\"https:\\\/\\\/redenoticiaz.com.br\\\/litoralsp\\\/?s={search_term_string}\"},\"query-input\":{\"@type\":\"PropertyValueSpecification\",\"valueRequired\":true,\"valueName\":\"search_term_string\"}}],\"inLanguage\":\"pt-BR\"},{\"@type\":\"Organization\",\"@id\":\"https:\\\/\\\/redenoticiaz.com.br\\\/litoralsp\\\/#organization\",\"name\":\"Litoral SP\",\"url\":\"https:\\\/\\\/redenoticiaz.com.br\\\/litoralsp\\\/\",\"logo\":{\"@type\":\"ImageObject\",\"inLanguage\":\"pt-BR\",\"@id\":\"https:\\\/\\\/redenoticiaz.com.br\\\/litoralsp\\\/#\\\/schema\\\/logo\\\/image\\\/\",\"url\":\"https:\\\/\\\/redenoticiaz.com.br\\\/litoralsp\\\/wp-content\\\/uploads\\\/sites\\\/3\\\/2020\\\/11\\\/logo.jpg\",\"contentUrl\":\"https:\\\/\\\/redenoticiaz.com.br\\\/litoralsp\\\/wp-content\\\/uploads\\\/sites\\\/3\\\/2020\\\/11\\\/logo.jpg\",\"width\":400,\"height\":250,\"caption\":\"Litoral SP\"},\"image\":{\"@id\":\"https:\\\/\\\/redenoticiaz.com.br\\\/litoralsp\\\/#\\\/schema\\\/logo\\\/image\\\/\"}},{\"@type\":\"Person\",\"@id\":\"https:\\\/\\\/redenoticiaz.com.br\\\/litoralsp\\\/#\\\/schema\\\/person\\\/0f0b8a5bdafefe82841e07ae8d81ecb3\",\"name\":\"Leonardo Francisco\",\"image\":{\"@type\":\"ImageObject\",\"inLanguage\":\"pt-BR\",\"@id\":\"https:\\\/\\\/secure.gravatar.com\\\/avatar\\\/a7358cb406a99b682ec6df1e77e31ae82e63601f6784e8a3df411d72b37864da?s=96&d=mm&r=g\",\"url\":\"https:\\\/\\\/secure.gravatar.com\\\/avatar\\\/a7358cb406a99b682ec6df1e77e31ae82e63601f6784e8a3df411d72b37864da?s=96&d=mm&r=g\",\"contentUrl\":\"https:\\\/\\\/secure.gravatar.com\\\/avatar\\\/a7358cb406a99b682ec6df1e77e31ae82e63601f6784e8a3df411d72b37864da?s=96&d=mm&r=g\",\"caption\":\"Leonardo Francisco\"},\"url\":\"https:\\\/\\\/redenoticiaz.com.br\\\/litoralsp\\\/author\\\/leonardo-francisco\"}]}<\/script>\n<!-- \/ Yoast SEO plugin. -->","yoast_head_json":{"title":"Cidades da Baixada Santista est\u00e3o temerosas com a falta de vacina BCG - Litoral SP","description":"Algumas cidades da Baixada Santista est\u00e3o temerosas com o risco da falta da vacina BCG. O imunizante \u00e9 essencial para garantir","robots":{"index":"index","follow":"follow","max-snippet":"max-snippet:-1","max-image-preview":"max-image-preview:large","max-video-preview":"max-video-preview:-1"},"canonical":"https:\/\/redenoticiaz.com.br\/litoralsp\/2022\/09\/20\/cidades-da-baixada-santista-estao-temerosas-com-a-falta-de-vacina-bcg","og_locale":"pt_BR","og_type":"article","og_title":"Cidades da Baixada Santista est\u00e3o temerosas com a falta de vacina BCG - Litoral SP","og_description":"Algumas cidades da Baixada Santista est\u00e3o temerosas com o risco da falta da vacina BCG. O imunizante \u00e9 essencial para garantir","og_url":"https:\/\/redenoticiaz.com.br\/litoralsp\/2022\/09\/20\/cidades-da-baixada-santista-estao-temerosas-com-a-falta-de-vacina-bcg","og_site_name":"Litoral SP","article_published_time":"2022-09-20T14:39:43+00:00","og_image":[{"width":800,"height":533,"url":"https:\/\/redenoticiaz.com.br\/litoralsp\/wp-content\/uploads\/sites\/3\/2022\/09\/00314879.jpg?v=1660595971","type":"image\/jpeg"}],"author":"Leonardo Francisco","twitter_card":"summary_large_image","twitter_misc":{"Escrito por":"Leonardo Francisco","Est. tempo de leitura":"1 minuto"},"schema":{"@context":"https:\/\/schema.org","@graph":[{"@type":"Article","@id":"https:\/\/redenoticiaz.com.br\/litoralsp\/2022\/09\/20\/cidades-da-baixada-santista-estao-temerosas-com-a-falta-de-vacina-bcg#article","isPartOf":{"@id":"https:\/\/redenoticiaz.com.br\/litoralsp\/2022\/09\/20\/cidades-da-baixada-santista-estao-temerosas-com-a-falta-de-vacina-bcg"},"author":{"name":"Leonardo Francisco","@id":"https:\/\/redenoticiaz.com.br\/litoralsp\/#\/schema\/person\/0f0b8a5bdafefe82841e07ae8d81ecb3"},"headline":"Cidades da Baixada Santista est\u00e3o temerosas com a falta de vacina BCG","datePublished":"2022-09-20T14:39:43+00:00","mainEntityOfPage":{"@id":"https:\/\/redenoticiaz.com.br\/litoralsp\/2022\/09\/20\/cidades-da-baixada-santista-estao-temerosas-com-a-falta-de-vacina-bcg"},"wordCount":199,"commentCount":0,"publisher":{"@id":"https:\/\/redenoticiaz.com.br\/litoralsp\/#organization"},"image":{"@id":"https:\/\/redenoticiaz.com.br\/litoralsp\/2022\/09\/20\/cidades-da-baixada-santista-estao-temerosas-com-a-falta-de-vacina-bcg#primaryimage"},"thumbnailUrl":"https:\/\/redenoticiaz.com.br\/litoralsp\/wp-content\/uploads\/sites\/3\/2022\/09\/00314879.jpg?v=1660595971","keywords":["BAIXADA SANTISTA","MINIST\u00c9IRO DA SA\u00daDE","SECRETARIA DE SA\u00daDE DO ESTADO","VACINA BCG"],"articleSection":["Itanha\u00e9m","Santos","S\u00e3o Vicente","Sa\u00fade"],"inLanguage":"pt-BR","potentialAction":[{"@type":"CommentAction","name":"Comment","target":["https:\/\/redenoticiaz.com.br\/litoralsp\/2022\/09\/20\/cidades-da-baixada-santista-estao-temerosas-com-a-falta-de-vacina-bcg#respond"]}]},{"@type":"WebPage","@id":"https:\/\/redenoticiaz.com.br\/litoralsp\/2022\/09\/20\/cidades-da-baixada-santista-estao-temerosas-com-a-falta-de-vacina-bcg","url":"https:\/\/redenoticiaz.com.br\/litoralsp\/2022\/09\/20\/cidades-da-baixada-santista-estao-temerosas-com-a-falta-de-vacina-bcg","name":"Cidades da Baixada Santista est\u00e3o temerosas com a falta de vacina BCG - Litoral SP","isPartOf":{"@id":"https:\/\/redenoticiaz.com.br\/litoralsp\/#website"},"primaryImageOfPage":{"@id":"https:\/\/redenoticiaz.com.br\/litoralsp\/2022\/09\/20\/cidades-da-baixada-santista-estao-temerosas-com-a-falta-de-vacina-bcg#primaryimage"},"image":{"@id":"https:\/\/redenoticiaz.com.br\/litoralsp\/2022\/09\/20\/cidades-da-baixada-santista-estao-temerosas-com-a-falta-de-vacina-bcg#primaryimage"},"thumbnailUrl":"https:\/\/redenoticiaz.com.br\/litoralsp\/wp-content\/uploads\/sites\/3\/2022\/09\/00314879.jpg?v=1660595971","datePublished":"2022-09-20T14:39:43+00:00","description":"Algumas cidades da Baixada Santista est\u00e3o temerosas com o risco da falta da vacina BCG. O imunizante \u00e9 essencial para garantir","inLanguage":"pt-BR","potentialAction":[{"@type":"ReadAction","target":["https:\/\/redenoticiaz.com.br\/litoralsp\/2022\/09\/20\/cidades-da-baixada-santista-estao-temerosas-com-a-falta-de-vacina-bcg"]}]},{"@type":"ImageObject","inLanguage":"pt-BR","@id":"https:\/\/redenoticiaz.com.br\/litoralsp\/2022\/09\/20\/cidades-da-baixada-santista-estao-temerosas-com-a-falta-de-vacina-bcg#primaryimage","url":"https:\/\/redenoticiaz.com.br\/litoralsp\/wp-content\/uploads\/sites\/3\/2022\/09\/00314879.jpg?v=1660595971","contentUrl":"https:\/\/redenoticiaz.com.br\/litoralsp\/wp-content\/uploads\/sites\/3\/2022\/09\/00314879.jpg?v=1660595971","width":800,"height":533,"caption":"Cidades da Baixada Santista est\u00e3o temerosas com a falta de vacina BCG"},{"@type":"WebSite","@id":"https:\/\/redenoticiaz.com.br\/litoralsp\/#website","url":"https:\/\/redenoticiaz.com.br\/litoralsp\/","name":"Litoral SP","description":"Rede NoticiaZ","publisher":{"@id":"https:\/\/redenoticiaz.com.br\/litoralsp\/#organization"},"potentialAction":[{"@type":"SearchAction","target":{"@type":"EntryPoint","urlTemplate":"https:\/\/redenoticiaz.com.br\/litoralsp\/?s={search_term_string}"},"query-input":{"@type":"PropertyValueSpecification","valueRequired":true,"valueName":"search_term_string"}}],"inLanguage":"pt-BR"},{"@type":"Organization","@id":"https:\/\/redenoticiaz.com.br\/litoralsp\/#organization","name":"Litoral SP","url":"https:\/\/redenoticiaz.com.br\/litoralsp\/","logo":{"@type":"ImageObject","inLanguage":"pt-BR","@id":"https:\/\/redenoticiaz.com.br\/litoralsp\/#\/schema\/logo\/image\/","url":"https:\/\/redenoticiaz.com.br\/litoralsp\/wp-content\/uploads\/sites\/3\/2020\/11\/logo.jpg","contentUrl":"https:\/\/redenoticiaz.com.br\/litoralsp\/wp-content\/uploads\/sites\/3\/2020\/11\/logo.jpg","width":400,"height":250,"caption":"Litoral SP"},"image":{"@id":"https:\/\/redenoticiaz.com.br\/litoralsp\/#\/schema\/logo\/image\/"}},{"@type":"Person","@id":"https:\/\/redenoticiaz.com.br\/litoralsp\/#\/schema\/person\/0f0b8a5bdafefe82841e07ae8d81ecb3","name":"Leonardo Francisco","image":{"@type":"ImageObject","inLanguage":"pt-BR","@id":"https:\/\/secure.gravatar.com\/avatar\/a7358cb406a99b682ec6df1e77e31ae82e63601f6784e8a3df411d72b37864da?s=96&d=mm&r=g","url":"https:\/\/secure.gravatar.com\/avatar\/a7358cb406a99b682ec6df1e77e31ae82e63601f6784e8a3df411d72b37864da?s=96&d=mm&r=g","contentUrl":"https:\/\/secure.gravatar.com\/avatar\/a7358cb406a99b682ec6df1e77e31ae82e63601f6784e8a3df411d72b37864da?s=96&d=mm&r=g","caption":"Leonardo Francisco"},"url":"https:\/\/redenoticiaz.com.br\/litoralsp\/author\/leonardo-francisco"}]}},"_links":{"self":[{"href":"https:\/\/redenoticiaz.com.br\/litoralsp\/wp-json\/wp\/v2\/posts\/91749","targetHints":{"allow":["GET"]}}],"collection":[{"href":"https:\/\/redenoticiaz.com.br\/litoralsp\/wp-json\/wp\/v2\/posts"}],"about":[{"href":"https:\/\/redenoticiaz.com.br\/litoralsp\/wp-json\/wp\/v2\/types\/post"}],"author":[{"embeddable":true,"href":"https:\/\/redenoticiaz.com.br\/litoralsp\/wp-json\/wp\/v2\/users\/6"}],"replies":[{"embeddable":true,"href":"https:\/\/redenoticiaz.com.br\/litoralsp\/wp-json\/wp\/v2\/comments?post=91749"}],"version-history":[{"count":1,"href":"https:\/\/redenoticiaz.com.br\/litoralsp\/wp-json\/wp\/v2\/posts\/91749\/revisions"}],"predecessor-version":[{"id":91751,"href":"https:\/\/redenoticiaz.com.br\/litoralsp\/wp-json\/wp\/v2\/posts\/91749\/revisions\/91751"}],"wp:featuredmedia":[{"embeddable":true,"href":"https:\/\/redenoticiaz.com.br\/litoralsp\/wp-json\/wp\/v2\/media\/91605"}],"wp:attachment":[{"href":"https:\/\/redenoticiaz.com.br\/litoralsp\/wp-json\/wp\/v2\/media?parent=91749"}],"wp:term":[{"taxonomy":"category","embeddable":true,"href":"https:\/\/redenoticiaz.com.br\/litoralsp\/wp-json\/wp\/v2\/categories?post=91749"},{"taxonomy":"post_tag","embeddable":true,"href":"https:\/\/redenoticiaz.com.br\/litoralsp\/wp-json\/wp\/v2\/tags?post=91749"}],"curies":[{"name":"wp","href":"https:\/\/api.w.org\/{rel}","templated":true}]}}