{"id":91849,"date":"2022-09-21T17:49:39","date_gmt":"2022-09-21T20:49:39","guid":{"rendered":"https:\/\/redenoticiaz.com.br\/litoralsp\/2022\/09\/21\/rodrigo-capita-retorna-a-selecao-masculina-de-futsal"},"modified":"2022-09-21T17:49:39","modified_gmt":"2022-09-21T20:49:39","slug":"rodrigo-capita-retorna-a-selecao-masculina-de-futsal","status":"publish","type":"post","link":"https:\/\/redenoticiaz.com.br\/litoralsp\/2022\/09\/21\/rodrigo-capita-retorna-a-selecao-masculina-de-futsal","title":{"rendered":"Rodrigo Capita retorna \u00e0 Sele\u00e7\u00e3o Masculina de Futsal"},"content":{"rendered":"<p>Com duas vit\u00f3rias por 5 a 1 sobre o Jap\u00e3o, o retorno de Rodrigo Capita \u00e0 Sele\u00e7\u00e3o Brasileira n\u00e3o poderia passar em branco. O atleta volta a vestir a amarelinha e comenta sobre o desejo de atuar no pr\u00f3ximo Mundial.<\/p>\n<p><em>&#8220;Fico feliz de estar de volta. Nesse ano que fiquei fora continuei trabalhando firme em busca de uma nova chance. Voltar ao Jap\u00e3o ap\u00f3s 12 anos, fazer um gol&#8230; \u00c9 incr\u00edvel. Os torcedores daqui t\u00eam um carinho especial por mim, mesmo eu nunca tendo atuado em nenhuma equipe do pa\u00eds. \u00c9 muito gratificante. Sensa\u00e7\u00e3o de dever cumprido. Precis\u00e1vamos dessas duas vit\u00f3rias. Tivemos problemas de les\u00e3o, viajamos com um jogador a menos e conseguimos ganhar de uma grande sele\u00e7\u00e3o por 5 a 1 duas vezes&#8221;<\/em>, enalteceu o jogador.<\/p>\n<p>Com olhar para o Pr\u00f3ximo Mundial, o atleta se colocou \u00e0 disposi\u00e7\u00e3o de Marquinhos Xavier para seguir no grupo. Capita tamb\u00e9m destacou sua felicidade em vestir a Amarelinha e garantiu ter &#8220;dado a vida&#8221; nesta Data FIFA.<\/p>\n<p><em>&#8220;Estou \u00e0 disposi\u00e7\u00e3o. O comandante j\u00e1 me conhece. Vou trabalhar ainda mais para seguir sendo convocado. Defender a Canarinho \u00e9 um orgulho muito grande. A hora que for, onde for&#8230; tudo isso n\u00e3o importa. Viajei 48h, quase n\u00e3o dormi e dei a minha vida para conseguirmos as vit\u00f3rias. Os atletas t\u00eam que vir para a Sele\u00e7\u00e3o com vontade de defender a Amarelinha. \u00c9 assim que eu vivo. Vamos viver ano a ano. A gente pensa que est\u00e1 longe, mas acaba que \u00e9 logo ali. Quem esteve presente nesta Data FIFA entregou os dois triunfos e \u00e9 assim que tem que ser&#8221;<\/em>, disse.<\/p>\n<p><strong>VEJA TAMB\u00c9M:\u00a0<a href=\"https:\/\/redenoticiaz.com.br\/barretos-regiao\/sp\/2022\/09\/13\/campeonato-municipal-de-futsal-das-categorias-de-base-2022-tem-2a-rodada-de-jogos-esta-semana\">Campeonato Municipal de Futsal das Categorias de Base 2022 tem 2\u00aa rodada de jogos esta semana<\/a><\/strong><\/p>\n","protected":false},"excerpt":{"rendered":"<p>Com duas vit\u00f3rias por 5 a 1 sobre o Jap\u00e3o, o retorno de Rodrigo Capita \u00e0 Sele\u00e7\u00e3o Brasileira n\u00e3o poderia passar em branco. O atleta volta a vestir a amarelinha e comenta sobre o desejo de atuar no pr\u00f3ximo Mundial. &#8220;Fico feliz de estar de volta. Nesse ano que fiquei fora continuei trabalhando firme em &hellip;<\/p>\n","protected":false},"author":15,"featured_media":91850,"comment_status":"open","ping_status":"closed","sticky":false,"template":"","format":"standard","meta":{"footnotes":""},"categories":[35],"tags":[56855,44274,2917,59483,59484],"class_list":["post-91849","post","type-post","status-publish","format-standard","has-post-thumbnail","hentry","category-esporte","tag-amistoso","tag-atleta","tag-japao","tag-rodrigo-capita","tag-selecao-brasileira-de-futsal"],"yoast_head":"<!-- This site is optimized with the Yoast SEO plugin v27.4 - https:\/\/yoast.com\/product\/yoast-seo-wordpress\/ -->\n<title>Rodrigo Capita retorna \u00e0 Sele\u00e7\u00e3o Masculina de Futsal - Litoral SP<\/title>\n<meta name=\"description\" content=\"Com duas vit\u00f3rias por 5 a 1 sobre o Jap\u00e3o, o retorno de\u00a0Rodrigo Capita \u00e0\u00a0Sele\u00e7\u00e3o Brasileira n\u00e3o poderia passar em branco.\" \/>\n<meta name=\"robots\" content=\"index, follow, max-snippet:-1, max-image-preview:large, max-video-preview:-1\" \/>\n<link rel=\"canonical\" href=\"https:\/\/redenoticiaz.com.br\/litoralsp\/2022\/09\/21\/rodrigo-capita-retorna-a-selecao-masculina-de-futsal\" \/>\n<meta property=\"og:locale\" content=\"pt_BR\" \/>\n<meta property=\"og:type\" content=\"article\" \/>\n<meta property=\"og:title\" content=\"Rodrigo Capita retorna \u00e0 Sele\u00e7\u00e3o Masculina de Futsal - Litoral SP\" \/>\n<meta property=\"og:description\" content=\"Com duas vit\u00f3rias por 5 a 1 sobre o Jap\u00e3o, o retorno de\u00a0Rodrigo Capita \u00e0\u00a0Sele\u00e7\u00e3o Brasileira n\u00e3o poderia passar em branco.\" \/>\n<meta property=\"og:url\" content=\"https:\/\/redenoticiaz.com.br\/litoralsp\/2022\/09\/21\/rodrigo-capita-retorna-a-selecao-masculina-de-futsal\" \/>\n<meta property=\"og:site_name\" content=\"Litoral SP\" \/>\n<meta property=\"article:published_time\" content=\"2022-09-21T20:49:39+00:00\" \/>\n<meta property=\"og:image\" content=\"https:\/\/redenoticiaz.com.br\/litoralsp\/wp-content\/uploads\/sites\/3\/2022\/09\/20.09.2022-Brasil-Foto-JFA-3.jpeg\" \/>\n\t<meta property=\"og:image:width\" content=\"910\" \/>\n\t<meta property=\"og:image:height\" content=\"607\" \/>\n\t<meta property=\"og:image:type\" content=\"image\/jpeg\" \/>\n<meta name=\"twitter:card\" content=\"summary_large_image\" \/>\n<meta name=\"twitter:label1\" content=\"Escrito por\" \/>\n\t<meta name=\"twitter:data1\" content=\"\" \/>\n\t<meta name=\"twitter:label2\" content=\"Est. tempo de leitura\" \/>\n\t<meta name=\"twitter:data2\" content=\"2 minutos\" \/>\n<script type=\"application\/ld+json\" class=\"yoast-schema-graph\">{\"@context\":\"https:\\\/\\\/schema.org\",\"@graph\":[{\"@type\":\"Article\",\"@id\":\"https:\\\/\\\/redenoticiaz.com.br\\\/litoralsp\\\/2022\\\/09\\\/21\\\/rodrigo-capita-retorna-a-selecao-masculina-de-futsal#article\",\"isPartOf\":{\"@id\":\"https:\\\/\\\/redenoticiaz.com.br\\\/litoralsp\\\/2022\\\/09\\\/21\\\/rodrigo-capita-retorna-a-selecao-masculina-de-futsal\"},\"author\":{\"name\":\"\",\"@id\":\"\"},\"headline\":\"Rodrigo Capita retorna \u00e0 Sele\u00e7\u00e3o Masculina de Futsal\",\"datePublished\":\"2022-09-21T20:49:39+00:00\",\"mainEntityOfPage\":{\"@id\":\"https:\\\/\\\/redenoticiaz.com.br\\\/litoralsp\\\/2022\\\/09\\\/21\\\/rodrigo-capita-retorna-a-selecao-masculina-de-futsal\"},\"wordCount\":301,\"commentCount\":0,\"publisher\":{\"@id\":\"https:\\\/\\\/redenoticiaz.com.br\\\/litoralsp\\\/#organization\"},\"image\":{\"@id\":\"https:\\\/\\\/redenoticiaz.com.br\\\/litoralsp\\\/2022\\\/09\\\/21\\\/rodrigo-capita-retorna-a-selecao-masculina-de-futsal#primaryimage\"},\"thumbnailUrl\":\"https:\\\/\\\/redenoticiaz.com.br\\\/litoralsp\\\/wp-content\\\/uploads\\\/sites\\\/3\\\/2022\\\/09\\\/20.09.2022-Brasil-Foto-JFA-3.jpeg\",\"keywords\":[\"AMISTOSO\",\"ATLETA\",\"JAP\u00c3O\",\"RODRIGO CAPITA\",\"SELE\u00c7\u00c3O BRASILEIRA DE FUTSAL\"],\"articleSection\":[\"Esporte\"],\"inLanguage\":\"pt-BR\",\"potentialAction\":[{\"@type\":\"CommentAction\",\"name\":\"Comment\",\"target\":[\"https:\\\/\\\/redenoticiaz.com.br\\\/litoralsp\\\/2022\\\/09\\\/21\\\/rodrigo-capita-retorna-a-selecao-masculina-de-futsal#respond\"]}]},{\"@type\":\"WebPage\",\"@id\":\"https:\\\/\\\/redenoticiaz.com.br\\\/litoralsp\\\/2022\\\/09\\\/21\\\/rodrigo-capita-retorna-a-selecao-masculina-de-futsal\",\"url\":\"https:\\\/\\\/redenoticiaz.com.br\\\/litoralsp\\\/2022\\\/09\\\/21\\\/rodrigo-capita-retorna-a-selecao-masculina-de-futsal\",\"name\":\"Rodrigo Capita retorna \u00e0 Sele\u00e7\u00e3o Masculina de Futsal - Litoral SP\",\"isPartOf\":{\"@id\":\"https:\\\/\\\/redenoticiaz.com.br\\\/litoralsp\\\/#website\"},\"primaryImageOfPage\":{\"@id\":\"https:\\\/\\\/redenoticiaz.com.br\\\/litoralsp\\\/2022\\\/09\\\/21\\\/rodrigo-capita-retorna-a-selecao-masculina-de-futsal#primaryimage\"},\"image\":{\"@id\":\"https:\\\/\\\/redenoticiaz.com.br\\\/litoralsp\\\/2022\\\/09\\\/21\\\/rodrigo-capita-retorna-a-selecao-masculina-de-futsal#primaryimage\"},\"thumbnailUrl\":\"https:\\\/\\\/redenoticiaz.com.br\\\/litoralsp\\\/wp-content\\\/uploads\\\/sites\\\/3\\\/2022\\\/09\\\/20.09.2022-Brasil-Foto-JFA-3.jpeg\",\"datePublished\":\"2022-09-21T20:49:39+00:00\",\"description\":\"Com duas vit\u00f3rias por 5 a 1 sobre o Jap\u00e3o, o retorno de\u00a0Rodrigo Capita \u00e0\u00a0Sele\u00e7\u00e3o Brasileira n\u00e3o poderia passar em branco.\",\"inLanguage\":\"pt-BR\",\"potentialAction\":[{\"@type\":\"ReadAction\",\"target\":[\"https:\\\/\\\/redenoticiaz.com.br\\\/litoralsp\\\/2022\\\/09\\\/21\\\/rodrigo-capita-retorna-a-selecao-masculina-de-futsal\"]}]},{\"@type\":\"ImageObject\",\"inLanguage\":\"pt-BR\",\"@id\":\"https:\\\/\\\/redenoticiaz.com.br\\\/litoralsp\\\/2022\\\/09\\\/21\\\/rodrigo-capita-retorna-a-selecao-masculina-de-futsal#primaryimage\",\"url\":\"https:\\\/\\\/redenoticiaz.com.br\\\/litoralsp\\\/wp-content\\\/uploads\\\/sites\\\/3\\\/2022\\\/09\\\/20.09.2022-Brasil-Foto-JFA-3.jpeg\",\"contentUrl\":\"https:\\\/\\\/redenoticiaz.com.br\\\/litoralsp\\\/wp-content\\\/uploads\\\/sites\\\/3\\\/2022\\\/09\\\/20.09.2022-Brasil-Foto-JFA-3.jpeg\",\"width\":910,\"height\":607,\"caption\":\"Rodrigo Capita marcou em seu retorno \u00e0 Sele\u00e7\u00e3o. Foto: JFA\"},{\"@type\":\"WebSite\",\"@id\":\"https:\\\/\\\/redenoticiaz.com.br\\\/litoralsp\\\/#website\",\"url\":\"https:\\\/\\\/redenoticiaz.com.br\\\/litoralsp\\\/\",\"name\":\"Litoral SP\",\"description\":\"Rede NoticiaZ\",\"publisher\":{\"@id\":\"https:\\\/\\\/redenoticiaz.com.br\\\/litoralsp\\\/#organization\"},\"potentialAction\":[{\"@type\":\"SearchAction\",\"target\":{\"@type\":\"EntryPoint\",\"urlTemplate\":\"https:\\\/\\\/redenoticiaz.com.br\\\/litoralsp\\\/?s={search_term_string}\"},\"query-input\":{\"@type\":\"PropertyValueSpecification\",\"valueRequired\":true,\"valueName\":\"search_term_string\"}}],\"inLanguage\":\"pt-BR\"},{\"@type\":\"Organization\",\"@id\":\"https:\\\/\\\/redenoticiaz.com.br\\\/litoralsp\\\/#organization\",\"name\":\"Litoral SP\",\"url\":\"https:\\\/\\\/redenoticiaz.com.br\\\/litoralsp\\\/\",\"logo\":{\"@type\":\"ImageObject\",\"inLanguage\":\"pt-BR\",\"@id\":\"https:\\\/\\\/redenoticiaz.com.br\\\/litoralsp\\\/#\\\/schema\\\/logo\\\/image\\\/\",\"url\":\"https:\\\/\\\/redenoticiaz.com.br\\\/litoralsp\\\/wp-content\\\/uploads\\\/sites\\\/3\\\/2020\\\/11\\\/logo.jpg\",\"contentUrl\":\"https:\\\/\\\/redenoticiaz.com.br\\\/litoralsp\\\/wp-content\\\/uploads\\\/sites\\\/3\\\/2020\\\/11\\\/logo.jpg\",\"width\":400,\"height\":250,\"caption\":\"Litoral SP\"},\"image\":{\"@id\":\"https:\\\/\\\/redenoticiaz.com.br\\\/litoralsp\\\/#\\\/schema\\\/logo\\\/image\\\/\"}},{\"@type\":\"Person\",\"@id\":\"\",\"url\":\"https:\\\/\\\/redenoticiaz.com.br\\\/litoralsp\\\/author\"}]}<\/script>\n<!-- \/ Yoast SEO plugin. -->","yoast_head_json":{"title":"Rodrigo Capita retorna \u00e0 Sele\u00e7\u00e3o Masculina de Futsal - Litoral SP","description":"Com duas vit\u00f3rias por 5 a 1 sobre o Jap\u00e3o, o retorno de\u00a0Rodrigo Capita \u00e0\u00a0Sele\u00e7\u00e3o Brasileira n\u00e3o poderia passar em branco.","robots":{"index":"index","follow":"follow","max-snippet":"max-snippet:-1","max-image-preview":"max-image-preview:large","max-video-preview":"max-video-preview:-1"},"canonical":"https:\/\/redenoticiaz.com.br\/litoralsp\/2022\/09\/21\/rodrigo-capita-retorna-a-selecao-masculina-de-futsal","og_locale":"pt_BR","og_type":"article","og_title":"Rodrigo Capita retorna \u00e0 Sele\u00e7\u00e3o Masculina de Futsal - Litoral SP","og_description":"Com duas vit\u00f3rias por 5 a 1 sobre o Jap\u00e3o, o retorno de\u00a0Rodrigo Capita \u00e0\u00a0Sele\u00e7\u00e3o Brasileira n\u00e3o poderia passar em branco.","og_url":"https:\/\/redenoticiaz.com.br\/litoralsp\/2022\/09\/21\/rodrigo-capita-retorna-a-selecao-masculina-de-futsal","og_site_name":"Litoral SP","article_published_time":"2022-09-21T20:49:39+00:00","og_image":[{"width":910,"height":607,"url":"https:\/\/redenoticiaz.com.br\/litoralsp\/wp-content\/uploads\/sites\/3\/2022\/09\/20.09.2022-Brasil-Foto-JFA-3.jpeg","type":"image\/jpeg"}],"twitter_card":"summary_large_image","twitter_misc":{"Escrito por":"","Est. tempo de leitura":"2 minutos"},"schema":{"@context":"https:\/\/schema.org","@graph":[{"@type":"Article","@id":"https:\/\/redenoticiaz.com.br\/litoralsp\/2022\/09\/21\/rodrigo-capita-retorna-a-selecao-masculina-de-futsal#article","isPartOf":{"@id":"https:\/\/redenoticiaz.com.br\/litoralsp\/2022\/09\/21\/rodrigo-capita-retorna-a-selecao-masculina-de-futsal"},"author":{"name":"","@id":""},"headline":"Rodrigo Capita retorna \u00e0 Sele\u00e7\u00e3o Masculina de Futsal","datePublished":"2022-09-21T20:49:39+00:00","mainEntityOfPage":{"@id":"https:\/\/redenoticiaz.com.br\/litoralsp\/2022\/09\/21\/rodrigo-capita-retorna-a-selecao-masculina-de-futsal"},"wordCount":301,"commentCount":0,"publisher":{"@id":"https:\/\/redenoticiaz.com.br\/litoralsp\/#organization"},"image":{"@id":"https:\/\/redenoticiaz.com.br\/litoralsp\/2022\/09\/21\/rodrigo-capita-retorna-a-selecao-masculina-de-futsal#primaryimage"},"thumbnailUrl":"https:\/\/redenoticiaz.com.br\/litoralsp\/wp-content\/uploads\/sites\/3\/2022\/09\/20.09.2022-Brasil-Foto-JFA-3.jpeg","keywords":["AMISTOSO","ATLETA","JAP\u00c3O","RODRIGO CAPITA","SELE\u00c7\u00c3O BRASILEIRA DE FUTSAL"],"articleSection":["Esporte"],"inLanguage":"pt-BR","potentialAction":[{"@type":"CommentAction","name":"Comment","target":["https:\/\/redenoticiaz.com.br\/litoralsp\/2022\/09\/21\/rodrigo-capita-retorna-a-selecao-masculina-de-futsal#respond"]}]},{"@type":"WebPage","@id":"https:\/\/redenoticiaz.com.br\/litoralsp\/2022\/09\/21\/rodrigo-capita-retorna-a-selecao-masculina-de-futsal","url":"https:\/\/redenoticiaz.com.br\/litoralsp\/2022\/09\/21\/rodrigo-capita-retorna-a-selecao-masculina-de-futsal","name":"Rodrigo Capita retorna \u00e0 Sele\u00e7\u00e3o Masculina de Futsal - Litoral SP","isPartOf":{"@id":"https:\/\/redenoticiaz.com.br\/litoralsp\/#website"},"primaryImageOfPage":{"@id":"https:\/\/redenoticiaz.com.br\/litoralsp\/2022\/09\/21\/rodrigo-capita-retorna-a-selecao-masculina-de-futsal#primaryimage"},"image":{"@id":"https:\/\/redenoticiaz.com.br\/litoralsp\/2022\/09\/21\/rodrigo-capita-retorna-a-selecao-masculina-de-futsal#primaryimage"},"thumbnailUrl":"https:\/\/redenoticiaz.com.br\/litoralsp\/wp-content\/uploads\/sites\/3\/2022\/09\/20.09.2022-Brasil-Foto-JFA-3.jpeg","datePublished":"2022-09-21T20:49:39+00:00","description":"Com duas vit\u00f3rias por 5 a 1 sobre o Jap\u00e3o, o retorno de\u00a0Rodrigo Capita \u00e0\u00a0Sele\u00e7\u00e3o Brasileira n\u00e3o poderia passar em branco.","inLanguage":"pt-BR","potentialAction":[{"@type":"ReadAction","target":["https:\/\/redenoticiaz.com.br\/litoralsp\/2022\/09\/21\/rodrigo-capita-retorna-a-selecao-masculina-de-futsal"]}]},{"@type":"ImageObject","inLanguage":"pt-BR","@id":"https:\/\/redenoticiaz.com.br\/litoralsp\/2022\/09\/21\/rodrigo-capita-retorna-a-selecao-masculina-de-futsal#primaryimage","url":"https:\/\/redenoticiaz.com.br\/litoralsp\/wp-content\/uploads\/sites\/3\/2022\/09\/20.09.2022-Brasil-Foto-JFA-3.jpeg","contentUrl":"https:\/\/redenoticiaz.com.br\/litoralsp\/wp-content\/uploads\/sites\/3\/2022\/09\/20.09.2022-Brasil-Foto-JFA-3.jpeg","width":910,"height":607,"caption":"Rodrigo Capita marcou em seu retorno \u00e0 Sele\u00e7\u00e3o. Foto: JFA"},{"@type":"WebSite","@id":"https:\/\/redenoticiaz.com.br\/litoralsp\/#website","url":"https:\/\/redenoticiaz.com.br\/litoralsp\/","name":"Litoral SP","description":"Rede NoticiaZ","publisher":{"@id":"https:\/\/redenoticiaz.com.br\/litoralsp\/#organization"},"potentialAction":[{"@type":"SearchAction","target":{"@type":"EntryPoint","urlTemplate":"https:\/\/redenoticiaz.com.br\/litoralsp\/?s={search_term_string}"},"query-input":{"@type":"PropertyValueSpecification","valueRequired":true,"valueName":"search_term_string"}}],"inLanguage":"pt-BR"},{"@type":"Organization","@id":"https:\/\/redenoticiaz.com.br\/litoralsp\/#organization","name":"Litoral SP","url":"https:\/\/redenoticiaz.com.br\/litoralsp\/","logo":{"@type":"ImageObject","inLanguage":"pt-BR","@id":"https:\/\/redenoticiaz.com.br\/litoralsp\/#\/schema\/logo\/image\/","url":"https:\/\/redenoticiaz.com.br\/litoralsp\/wp-content\/uploads\/sites\/3\/2020\/11\/logo.jpg","contentUrl":"https:\/\/redenoticiaz.com.br\/litoralsp\/wp-content\/uploads\/sites\/3\/2020\/11\/logo.jpg","width":400,"height":250,"caption":"Litoral SP"},"image":{"@id":"https:\/\/redenoticiaz.com.br\/litoralsp\/#\/schema\/logo\/image\/"}},{"@type":"Person","@id":"","url":"https:\/\/redenoticiaz.com.br\/litoralsp\/author"}]}},"_links":{"self":[{"href":"https:\/\/redenoticiaz.com.br\/litoralsp\/wp-json\/wp\/v2\/posts\/91849","targetHints":{"allow":["GET"]}}],"collection":[{"href":"https:\/\/redenoticiaz.com.br\/litoralsp\/wp-json\/wp\/v2\/posts"}],"about":[{"href":"https:\/\/redenoticiaz.com.br\/litoralsp\/wp-json\/wp\/v2\/types\/post"}],"author":[{"embeddable":true,"href":"https:\/\/redenoticiaz.com.br\/litoralsp\/wp-json\/wp\/v2\/users\/15"}],"replies":[{"embeddable":true,"href":"https:\/\/redenoticiaz.com.br\/litoralsp\/wp-json\/wp\/v2\/comments?post=91849"}],"version-history":[{"count":0,"href":"https:\/\/redenoticiaz.com.br\/litoralsp\/wp-json\/wp\/v2\/posts\/91849\/revisions"}],"wp:featuredmedia":[{"embeddable":true,"href":"https:\/\/redenoticiaz.com.br\/litoralsp\/wp-json\/wp\/v2\/media\/91850"}],"wp:attachment":[{"href":"https:\/\/redenoticiaz.com.br\/litoralsp\/wp-json\/wp\/v2\/media?parent=91849"}],"wp:term":[{"taxonomy":"category","embeddable":true,"href":"https:\/\/redenoticiaz.com.br\/litoralsp\/wp-json\/wp\/v2\/categories?post=91849"},{"taxonomy":"post_tag","embeddable":true,"href":"https:\/\/redenoticiaz.com.br\/litoralsp\/wp-json\/wp\/v2\/tags?post=91849"}],"curies":[{"name":"wp","href":"https:\/\/api.w.org\/{rel}","templated":true}]}}