{"id":91865,"date":"2022-09-25T13:00:59","date_gmt":"2022-09-25T16:00:59","guid":{"rendered":"https:\/\/redenoticiaz.com.br\/litoralsp\/?p=91865"},"modified":"2022-09-21T23:36:28","modified_gmt":"2022-09-22T02:36:28","slug":"pos-pandemia-como-manter-os-cuidados-e-a-imunidade-alta-em-dia","status":"publish","type":"post","link":"https:\/\/redenoticiaz.com.br\/litoralsp\/2022\/09\/25\/pos-pandemia-como-manter-os-cuidados-e-a-imunidade-alta-em-dia","title":{"rendered":"P\u00f3s pandemia: como manter os cuidados e a imunidade alta em dia"},"content":{"rendered":"<p>Ap\u00f3s 2 anos de <a href=\"https:\/\/covid.saude.gov.br\/\">pandemia<\/a> e isolamente social, com o avan\u00e7o da vacina\u00e7\u00e3o, queremos aproveitar os momentos perdidos, mas antes temos que fortalecer a nossa imunidade. E ao decorrer do cotidiano, somos expostos a bact\u00e9rias, quando acordamos, no caminho ao trabalho, em transporte p\u00fablicos e at\u00e9 ao contratarmos um carro de aplicativo<\/p>\n<p>Portanto, alguns cuidados s\u00e3o necess\u00e1rios para preservar a sa\u00fade e a qualidade de vida. Com tudo que acontece no nosso dia a dia, que pode causar estresse juntaente com a soma da queda de temperaturas e da umidade do ar, fen\u00f4menos t\u00edpicos do inverno, pode ser a porta de entrada de doen\u00e7as como gripes e resfriados.<\/p>\n<p>Segundo Marcelo Neubauer de Paula, infectologista (CRM\/SP 82623), h\u00e1bitos inadequados, como dormir pouco e consumir alimentos pobres em nutrientes, promovem o desequil\u00edbrio de todo o sistema imunol\u00f3gico.<\/p>\n<p>Para se proteger, segundo o infectologista, \u00e9 importante investir cada vez mais em qualidade de vida. \u201cDurma bem, pois uma boa noite de sono \u00e9 fundamental para manter seu sistema imunol\u00f3gico em dia\u201d, aconselha.<\/p>\n<p>Al\u00e9m disso, uma alimenta\u00e7\u00e3o regada de nutrientes tamb\u00e9m faz diferen\u00e7a, somando tamb\u00e9m ambientes bem ventilados e higienizados, para evitar a propaga\u00e7\u00e3o de v\u00edrus.<\/p>\n<p>\u201cO uso de m\u00e1scara em locais fechados assim como a higieniza\u00e7\u00e3o frequente das m\u00e3os s\u00e3o h\u00e1bitos essenciais para prevenir gripes e resfriados.\u201d explica Marcelo.<\/p>\n<p>Por fim, tamb\u00e9m pratique atividade f\u00edsica, que ir\u00e1 promover um melhor desenvolvimento do metabolismo a absorver melhor os nutrientes, fazendo com que o sistema imunol\u00f3gico se fortale\u00e7a.<\/p>\n<h6>VEJA TAMB\u00c9M:<\/h6>\n<p><a href=\"https:\/\/redenoticiaz.com.br\/blog\/2022\/09\/17\/artigo-como-garantir-a-ciberseguranca-na-area-da-saude\">Artigo \u2013 Como garantir a ciberseguran\u00e7a na \u00e1rea da sa\u00fade?<\/a><\/p>\n<p>&nbsp;<\/p>\n","protected":false},"excerpt":{"rendered":"<p>Ap\u00f3s 2 anos de pandemia e isolamente social, com o avan\u00e7o da vacina\u00e7\u00e3o, queremos aproveitar os momentos perdidos, mas antes temos que fortalecer a nossa imunidade. E ao decorrer do cotidiano, somos expostos a bact\u00e9rias, quando acordamos, no caminho ao trabalho, em transporte p\u00fablicos e at\u00e9 ao contratarmos um carro de aplicativo Portanto, alguns cuidados &hellip;<\/p>\n","protected":false},"author":26,"featured_media":91866,"comment_status":"open","ping_status":"closed","sticky":false,"template":"","format":"standard","meta":{"footnotes":""},"categories":[23,51760],"tags":[34177,36,53968,10773,42549],"class_list":["post-91865","post","type-post","status-publish","format-standard","has-post-thumbnail","hentry","category-saude","category-saude-bem-estar","tag-alimentacao","tag-covid-19","tag-imunidade","tag-protecao","tag-virus"],"yoast_head":"<!-- This site is optimized with the Yoast SEO plugin v27.5 - https:\/\/yoast.com\/product\/yoast-seo-wordpress\/ -->\n<title>P\u00f3s pandemia: como manter os cuidados e a imunidade alta em dia - Litoral SP<\/title>\n<meta name=\"description\" content=\"Ap\u00f3s 2 anos de pandemia e isolamente social, com o avan\u00e7o da vacina\u00e7\u00e3o, queremos aproveitar os momentos perdidos, mas antes temos que forta..\" \/>\n<meta name=\"robots\" content=\"index, follow, max-snippet:-1, max-image-preview:large, max-video-preview:-1\" \/>\n<link rel=\"canonical\" href=\"https:\/\/redenoticiaz.com.br\/litoralsp\/2022\/09\/25\/pos-pandemia-como-manter-os-cuidados-e-a-imunidade-alta-em-dia\" \/>\n<meta property=\"og:locale\" content=\"pt_BR\" \/>\n<meta property=\"og:type\" content=\"article\" \/>\n<meta property=\"og:title\" content=\"P\u00f3s pandemia: como manter os cuidados e a imunidade alta em dia - Litoral SP\" \/>\n<meta property=\"og:description\" content=\"Ap\u00f3s 2 anos de pandemia e isolamente social, com o avan\u00e7o da vacina\u00e7\u00e3o, queremos aproveitar os momentos perdidos, mas antes temos que forta..\" \/>\n<meta property=\"og:url\" content=\"https:\/\/redenoticiaz.com.br\/litoralsp\/2022\/09\/25\/pos-pandemia-como-manter-os-cuidados-e-a-imunidade-alta-em-dia\" \/>\n<meta property=\"og:site_name\" content=\"Litoral SP\" \/>\n<meta property=\"article:published_time\" content=\"2022-09-25T16:00:59+00:00\" \/>\n<meta property=\"og:image\" content=\"https:\/\/redenoticiaz.com.br\/litoralsp\/wp-content\/uploads\/sites\/3\/2022\/09\/istockphoto-1171703171-170667a.jpg?v=1663813523\" \/>\n\t<meta property=\"og:image:width\" content=\"558\" \/>\n\t<meta property=\"og:image:height\" content=\"309\" \/>\n\t<meta property=\"og:image:type\" content=\"image\/jpeg\" \/>\n<meta name=\"twitter:card\" content=\"summary_large_image\" \/>\n<meta name=\"twitter:label1\" content=\"Escrito por\" \/>\n\t<meta name=\"twitter:data1\" content=\"\" \/>\n\t<meta name=\"twitter:label2\" content=\"Est. tempo de leitura\" \/>\n\t<meta name=\"twitter:data2\" content=\"2 minutos\" \/>\n<script type=\"application\/ld+json\" class=\"yoast-schema-graph\">{\"@context\":\"https:\\\/\\\/schema.org\",\"@graph\":[{\"@type\":\"Article\",\"@id\":\"https:\\\/\\\/redenoticiaz.com.br\\\/litoralsp\\\/2022\\\/09\\\/25\\\/pos-pandemia-como-manter-os-cuidados-e-a-imunidade-alta-em-dia#article\",\"isPartOf\":{\"@id\":\"https:\\\/\\\/redenoticiaz.com.br\\\/litoralsp\\\/2022\\\/09\\\/25\\\/pos-pandemia-como-manter-os-cuidados-e-a-imunidade-alta-em-dia\"},\"author\":{\"name\":\"\",\"@id\":\"\"},\"headline\":\"P\u00f3s pandemia: como manter os cuidados e a imunidade alta em dia\",\"datePublished\":\"2022-09-25T16:00:59+00:00\",\"mainEntityOfPage\":{\"@id\":\"https:\\\/\\\/redenoticiaz.com.br\\\/litoralsp\\\/2022\\\/09\\\/25\\\/pos-pandemia-como-manter-os-cuidados-e-a-imunidade-alta-em-dia\"},\"wordCount\":299,\"commentCount\":0,\"publisher\":{\"@id\":\"https:\\\/\\\/redenoticiaz.com.br\\\/litoralsp\\\/#organization\"},\"image\":{\"@id\":\"https:\\\/\\\/redenoticiaz.com.br\\\/litoralsp\\\/2022\\\/09\\\/25\\\/pos-pandemia-como-manter-os-cuidados-e-a-imunidade-alta-em-dia#primaryimage\"},\"thumbnailUrl\":\"https:\\\/\\\/redenoticiaz.com.br\\\/litoralsp\\\/wp-content\\\/uploads\\\/sites\\\/3\\\/2022\\\/09\\\/istockphoto-1171703171-170667a.jpg?v=1663813523\",\"keywords\":[\"ALIMENTA\u00c7\u00c3O\",\"Covid-19\",\"IMUNIDADE\",\"PROTE\u00c7\u00c3O\",\"VIRUS\"],\"articleSection\":[\"Sa\u00fade\",\"Sa\u00fade &amp; Bem-Estar\"],\"inLanguage\":\"pt-BR\",\"potentialAction\":[{\"@type\":\"CommentAction\",\"name\":\"Comment\",\"target\":[\"https:\\\/\\\/redenoticiaz.com.br\\\/litoralsp\\\/2022\\\/09\\\/25\\\/pos-pandemia-como-manter-os-cuidados-e-a-imunidade-alta-em-dia#respond\"]}]},{\"@type\":\"WebPage\",\"@id\":\"https:\\\/\\\/redenoticiaz.com.br\\\/litoralsp\\\/2022\\\/09\\\/25\\\/pos-pandemia-como-manter-os-cuidados-e-a-imunidade-alta-em-dia\",\"url\":\"https:\\\/\\\/redenoticiaz.com.br\\\/litoralsp\\\/2022\\\/09\\\/25\\\/pos-pandemia-como-manter-os-cuidados-e-a-imunidade-alta-em-dia\",\"name\":\"P\u00f3s pandemia: como manter os cuidados e a imunidade alta em dia - Litoral SP\",\"isPartOf\":{\"@id\":\"https:\\\/\\\/redenoticiaz.com.br\\\/litoralsp\\\/#website\"},\"primaryImageOfPage\":{\"@id\":\"https:\\\/\\\/redenoticiaz.com.br\\\/litoralsp\\\/2022\\\/09\\\/25\\\/pos-pandemia-como-manter-os-cuidados-e-a-imunidade-alta-em-dia#primaryimage\"},\"image\":{\"@id\":\"https:\\\/\\\/redenoticiaz.com.br\\\/litoralsp\\\/2022\\\/09\\\/25\\\/pos-pandemia-como-manter-os-cuidados-e-a-imunidade-alta-em-dia#primaryimage\"},\"thumbnailUrl\":\"https:\\\/\\\/redenoticiaz.com.br\\\/litoralsp\\\/wp-content\\\/uploads\\\/sites\\\/3\\\/2022\\\/09\\\/istockphoto-1171703171-170667a.jpg?v=1663813523\",\"datePublished\":\"2022-09-25T16:00:59+00:00\",\"description\":\"Ap\u00f3s 2 anos de pandemia e isolamente social, com o avan\u00e7o da vacina\u00e7\u00e3o, queremos aproveitar os momentos perdidos, mas antes temos que forta..\",\"inLanguage\":\"pt-BR\",\"potentialAction\":[{\"@type\":\"ReadAction\",\"target\":[\"https:\\\/\\\/redenoticiaz.com.br\\\/litoralsp\\\/2022\\\/09\\\/25\\\/pos-pandemia-como-manter-os-cuidados-e-a-imunidade-alta-em-dia\"]}]},{\"@type\":\"ImageObject\",\"inLanguage\":\"pt-BR\",\"@id\":\"https:\\\/\\\/redenoticiaz.com.br\\\/litoralsp\\\/2022\\\/09\\\/25\\\/pos-pandemia-como-manter-os-cuidados-e-a-imunidade-alta-em-dia#primaryimage\",\"url\":\"https:\\\/\\\/redenoticiaz.com.br\\\/litoralsp\\\/wp-content\\\/uploads\\\/sites\\\/3\\\/2022\\\/09\\\/istockphoto-1171703171-170667a.jpg?v=1663813523\",\"contentUrl\":\"https:\\\/\\\/redenoticiaz.com.br\\\/litoralsp\\\/wp-content\\\/uploads\\\/sites\\\/3\\\/2022\\\/09\\\/istockphoto-1171703171-170667a.jpg?v=1663813523\",\"width\":558,\"height\":309,\"caption\":\"Prote\u00e7\u00e3o e imunidade alta. Cr\u00e9ditos: Reprodu\u00e7\u00e3o\"},{\"@type\":\"WebSite\",\"@id\":\"https:\\\/\\\/redenoticiaz.com.br\\\/litoralsp\\\/#website\",\"url\":\"https:\\\/\\\/redenoticiaz.com.br\\\/litoralsp\\\/\",\"name\":\"Litoral SP\",\"description\":\"Rede NoticiaZ\",\"publisher\":{\"@id\":\"https:\\\/\\\/redenoticiaz.com.br\\\/litoralsp\\\/#organization\"},\"potentialAction\":[{\"@type\":\"SearchAction\",\"target\":{\"@type\":\"EntryPoint\",\"urlTemplate\":\"https:\\\/\\\/redenoticiaz.com.br\\\/litoralsp\\\/?s={search_term_string}\"},\"query-input\":{\"@type\":\"PropertyValueSpecification\",\"valueRequired\":true,\"valueName\":\"search_term_string\"}}],\"inLanguage\":\"pt-BR\"},{\"@type\":\"Organization\",\"@id\":\"https:\\\/\\\/redenoticiaz.com.br\\\/litoralsp\\\/#organization\",\"name\":\"Litoral SP\",\"url\":\"https:\\\/\\\/redenoticiaz.com.br\\\/litoralsp\\\/\",\"logo\":{\"@type\":\"ImageObject\",\"inLanguage\":\"pt-BR\",\"@id\":\"https:\\\/\\\/redenoticiaz.com.br\\\/litoralsp\\\/#\\\/schema\\\/logo\\\/image\\\/\",\"url\":\"https:\\\/\\\/redenoticiaz.com.br\\\/litoralsp\\\/wp-content\\\/uploads\\\/sites\\\/3\\\/2020\\\/11\\\/logo.jpg\",\"contentUrl\":\"https:\\\/\\\/redenoticiaz.com.br\\\/litoralsp\\\/wp-content\\\/uploads\\\/sites\\\/3\\\/2020\\\/11\\\/logo.jpg\",\"width\":400,\"height\":250,\"caption\":\"Litoral SP\"},\"image\":{\"@id\":\"https:\\\/\\\/redenoticiaz.com.br\\\/litoralsp\\\/#\\\/schema\\\/logo\\\/image\\\/\"}},{\"@type\":\"Person\",\"@id\":\"\",\"url\":\"https:\\\/\\\/redenoticiaz.com.br\\\/litoralsp\\\/author\"}]}<\/script>\n<!-- \/ Yoast SEO plugin. -->","yoast_head_json":{"title":"P\u00f3s pandemia: como manter os cuidados e a imunidade alta em dia - Litoral SP","description":"Ap\u00f3s 2 anos de pandemia e isolamente social, com o avan\u00e7o da vacina\u00e7\u00e3o, queremos aproveitar os momentos perdidos, mas antes temos que forta..","robots":{"index":"index","follow":"follow","max-snippet":"max-snippet:-1","max-image-preview":"max-image-preview:large","max-video-preview":"max-video-preview:-1"},"canonical":"https:\/\/redenoticiaz.com.br\/litoralsp\/2022\/09\/25\/pos-pandemia-como-manter-os-cuidados-e-a-imunidade-alta-em-dia","og_locale":"pt_BR","og_type":"article","og_title":"P\u00f3s pandemia: como manter os cuidados e a imunidade alta em dia - Litoral SP","og_description":"Ap\u00f3s 2 anos de pandemia e isolamente social, com o avan\u00e7o da vacina\u00e7\u00e3o, queremos aproveitar os momentos perdidos, mas antes temos que forta..","og_url":"https:\/\/redenoticiaz.com.br\/litoralsp\/2022\/09\/25\/pos-pandemia-como-manter-os-cuidados-e-a-imunidade-alta-em-dia","og_site_name":"Litoral SP","article_published_time":"2022-09-25T16:00:59+00:00","og_image":[{"width":558,"height":309,"url":"https:\/\/redenoticiaz.com.br\/litoralsp\/wp-content\/uploads\/sites\/3\/2022\/09\/istockphoto-1171703171-170667a.jpg?v=1663813523","type":"image\/jpeg"}],"twitter_card":"summary_large_image","twitter_misc":{"Escrito por":"","Est. tempo de leitura":"2 minutos"},"schema":{"@context":"https:\/\/schema.org","@graph":[{"@type":"Article","@id":"https:\/\/redenoticiaz.com.br\/litoralsp\/2022\/09\/25\/pos-pandemia-como-manter-os-cuidados-e-a-imunidade-alta-em-dia#article","isPartOf":{"@id":"https:\/\/redenoticiaz.com.br\/litoralsp\/2022\/09\/25\/pos-pandemia-como-manter-os-cuidados-e-a-imunidade-alta-em-dia"},"author":{"name":"","@id":""},"headline":"P\u00f3s pandemia: como manter os cuidados e a imunidade alta em dia","datePublished":"2022-09-25T16:00:59+00:00","mainEntityOfPage":{"@id":"https:\/\/redenoticiaz.com.br\/litoralsp\/2022\/09\/25\/pos-pandemia-como-manter-os-cuidados-e-a-imunidade-alta-em-dia"},"wordCount":299,"commentCount":0,"publisher":{"@id":"https:\/\/redenoticiaz.com.br\/litoralsp\/#organization"},"image":{"@id":"https:\/\/redenoticiaz.com.br\/litoralsp\/2022\/09\/25\/pos-pandemia-como-manter-os-cuidados-e-a-imunidade-alta-em-dia#primaryimage"},"thumbnailUrl":"https:\/\/redenoticiaz.com.br\/litoralsp\/wp-content\/uploads\/sites\/3\/2022\/09\/istockphoto-1171703171-170667a.jpg?v=1663813523","keywords":["ALIMENTA\u00c7\u00c3O","Covid-19","IMUNIDADE","PROTE\u00c7\u00c3O","VIRUS"],"articleSection":["Sa\u00fade","Sa\u00fade &amp; Bem-Estar"],"inLanguage":"pt-BR","potentialAction":[{"@type":"CommentAction","name":"Comment","target":["https:\/\/redenoticiaz.com.br\/litoralsp\/2022\/09\/25\/pos-pandemia-como-manter-os-cuidados-e-a-imunidade-alta-em-dia#respond"]}]},{"@type":"WebPage","@id":"https:\/\/redenoticiaz.com.br\/litoralsp\/2022\/09\/25\/pos-pandemia-como-manter-os-cuidados-e-a-imunidade-alta-em-dia","url":"https:\/\/redenoticiaz.com.br\/litoralsp\/2022\/09\/25\/pos-pandemia-como-manter-os-cuidados-e-a-imunidade-alta-em-dia","name":"P\u00f3s pandemia: como manter os cuidados e a imunidade alta em dia - Litoral SP","isPartOf":{"@id":"https:\/\/redenoticiaz.com.br\/litoralsp\/#website"},"primaryImageOfPage":{"@id":"https:\/\/redenoticiaz.com.br\/litoralsp\/2022\/09\/25\/pos-pandemia-como-manter-os-cuidados-e-a-imunidade-alta-em-dia#primaryimage"},"image":{"@id":"https:\/\/redenoticiaz.com.br\/litoralsp\/2022\/09\/25\/pos-pandemia-como-manter-os-cuidados-e-a-imunidade-alta-em-dia#primaryimage"},"thumbnailUrl":"https:\/\/redenoticiaz.com.br\/litoralsp\/wp-content\/uploads\/sites\/3\/2022\/09\/istockphoto-1171703171-170667a.jpg?v=1663813523","datePublished":"2022-09-25T16:00:59+00:00","description":"Ap\u00f3s 2 anos de pandemia e isolamente social, com o avan\u00e7o da vacina\u00e7\u00e3o, queremos aproveitar os momentos perdidos, mas antes temos que forta..","inLanguage":"pt-BR","potentialAction":[{"@type":"ReadAction","target":["https:\/\/redenoticiaz.com.br\/litoralsp\/2022\/09\/25\/pos-pandemia-como-manter-os-cuidados-e-a-imunidade-alta-em-dia"]}]},{"@type":"ImageObject","inLanguage":"pt-BR","@id":"https:\/\/redenoticiaz.com.br\/litoralsp\/2022\/09\/25\/pos-pandemia-como-manter-os-cuidados-e-a-imunidade-alta-em-dia#primaryimage","url":"https:\/\/redenoticiaz.com.br\/litoralsp\/wp-content\/uploads\/sites\/3\/2022\/09\/istockphoto-1171703171-170667a.jpg?v=1663813523","contentUrl":"https:\/\/redenoticiaz.com.br\/litoralsp\/wp-content\/uploads\/sites\/3\/2022\/09\/istockphoto-1171703171-170667a.jpg?v=1663813523","width":558,"height":309,"caption":"Prote\u00e7\u00e3o e imunidade alta. Cr\u00e9ditos: Reprodu\u00e7\u00e3o"},{"@type":"WebSite","@id":"https:\/\/redenoticiaz.com.br\/litoralsp\/#website","url":"https:\/\/redenoticiaz.com.br\/litoralsp\/","name":"Litoral SP","description":"Rede NoticiaZ","publisher":{"@id":"https:\/\/redenoticiaz.com.br\/litoralsp\/#organization"},"potentialAction":[{"@type":"SearchAction","target":{"@type":"EntryPoint","urlTemplate":"https:\/\/redenoticiaz.com.br\/litoralsp\/?s={search_term_string}"},"query-input":{"@type":"PropertyValueSpecification","valueRequired":true,"valueName":"search_term_string"}}],"inLanguage":"pt-BR"},{"@type":"Organization","@id":"https:\/\/redenoticiaz.com.br\/litoralsp\/#organization","name":"Litoral SP","url":"https:\/\/redenoticiaz.com.br\/litoralsp\/","logo":{"@type":"ImageObject","inLanguage":"pt-BR","@id":"https:\/\/redenoticiaz.com.br\/litoralsp\/#\/schema\/logo\/image\/","url":"https:\/\/redenoticiaz.com.br\/litoralsp\/wp-content\/uploads\/sites\/3\/2020\/11\/logo.jpg","contentUrl":"https:\/\/redenoticiaz.com.br\/litoralsp\/wp-content\/uploads\/sites\/3\/2020\/11\/logo.jpg","width":400,"height":250,"caption":"Litoral SP"},"image":{"@id":"https:\/\/redenoticiaz.com.br\/litoralsp\/#\/schema\/logo\/image\/"}},{"@type":"Person","@id":"","url":"https:\/\/redenoticiaz.com.br\/litoralsp\/author"}]}},"_links":{"self":[{"href":"https:\/\/redenoticiaz.com.br\/litoralsp\/wp-json\/wp\/v2\/posts\/91865","targetHints":{"allow":["GET"]}}],"collection":[{"href":"https:\/\/redenoticiaz.com.br\/litoralsp\/wp-json\/wp\/v2\/posts"}],"about":[{"href":"https:\/\/redenoticiaz.com.br\/litoralsp\/wp-json\/wp\/v2\/types\/post"}],"author":[{"embeddable":true,"href":"https:\/\/redenoticiaz.com.br\/litoralsp\/wp-json\/wp\/v2\/users\/26"}],"replies":[{"embeddable":true,"href":"https:\/\/redenoticiaz.com.br\/litoralsp\/wp-json\/wp\/v2\/comments?post=91865"}],"version-history":[{"count":2,"href":"https:\/\/redenoticiaz.com.br\/litoralsp\/wp-json\/wp\/v2\/posts\/91865\/revisions"}],"predecessor-version":[{"id":91868,"href":"https:\/\/redenoticiaz.com.br\/litoralsp\/wp-json\/wp\/v2\/posts\/91865\/revisions\/91868"}],"wp:featuredmedia":[{"embeddable":true,"href":"https:\/\/redenoticiaz.com.br\/litoralsp\/wp-json\/wp\/v2\/media\/91866"}],"wp:attachment":[{"href":"https:\/\/redenoticiaz.com.br\/litoralsp\/wp-json\/wp\/v2\/media?parent=91865"}],"wp:term":[{"taxonomy":"category","embeddable":true,"href":"https:\/\/redenoticiaz.com.br\/litoralsp\/wp-json\/wp\/v2\/categories?post=91865"},{"taxonomy":"post_tag","embeddable":true,"href":"https:\/\/redenoticiaz.com.br\/litoralsp\/wp-json\/wp\/v2\/tags?post=91865"}],"curies":[{"name":"wp","href":"https:\/\/api.w.org\/{rel}","templated":true}]}}