{"id":9193,"date":"2021-05-26T21:37:33","date_gmt":"2021-05-27T00:37:33","guid":{"rendered":"https:\/\/redenoticiaz.com.br\/litoralsp\/2021\/05\/26\/o-papa-nao-e-brasileiro-mas-sabe-que-aqui-e-muita-cachaca-e-pouca-oracao"},"modified":"2021-05-26T21:40:22","modified_gmt":"2021-05-27T00:40:22","slug":"o-papa-nao-e-brasileiro-mas-sabe-que-aqui-e-muita-cachaca-e-pouca-oracao","status":"publish","type":"post","link":"https:\/\/redenoticiaz.com.br\/litoralsp\/2021\/05\/26\/o-papa-nao-e-brasileiro-mas-sabe-que-aqui-e-muita-cachaca-e-pouca-oracao","title":{"rendered":"O papa n\u00e3o \u00e9 brasileiro. Mas sabe que aqui \u00e9 muita cacha\u00e7a e pouca ora\u00e7\u00e3o"},"content":{"rendered":"<p>A situa\u00e7\u00e3o do <a href=\"https:\/\/www.gov.br\/pt-br\">Brasil<\/a> est\u00e1 delicad\u00edssima, n\u00e3o s\u00f3 por causa da pandemia do coronav\u00edrus, como tamb\u00e9m por causa de outros problemas. O <strong>Papa Francisco<\/strong> foi procurado por fieis que o cumprimentavam no Vaticano, na It\u00e1lia. E durante a Audi\u00eancia Geral, o pont\u00edfice argentino deu a seguinte resposta ap\u00f3s o pedido para que ele orasse pelo Brasil. &#8220;O Brasil n\u00e3o tem salva\u00e7\u00e3o, \u00e9 muita cacha\u00e7a e pouca ora\u00e7\u00e3o&#8221;, disse o Papa.<\/p>\n<p>&#8220;E foi assim num clima de muita familiaridade. Logo depois ele j\u00e1 concluiu dizendo que rezava sempre pelo Brasil e que tinha um carinho muito grande pelos brasileiros. E ali ele continuou seguindo cumprimentando as pessoas. Realmente foi um momento muito descontra\u00eddo&#8221;, afirmou o padre Carlos Henrique.<\/p>\n<p>O sacerdote da diocese de Divin\u00f3polis, Minas Gerais, contou que havia combinado com um colega, o padre Jo\u00e3o Paulo Victor, da diocese de Campina Grande, na Para\u00edba, que ele seria hoje seu cameraman. Eles tinham a expectativa de que receberem uma pausa especial do Papa enquanto ele percorria o espa\u00e7o na pra\u00e7a cumprimentando os fi\u00e9is, como costuma fazer \u00e0s quartas-feiras.<\/p>\n<blockquote><p>&#8220;No final da audi\u00eancia o papa foi cumprimentando as pessoas e, num determinado momento, ele veio na dire\u00e7\u00e3o onde n\u00f3s est\u00e1vamos e foi quando o padre Jo\u00e3o Paulo teve a oportunidade de saud\u00e1-lo. Naquele momento, o padre Jo\u00e3o Paulo disse pra ele: Santo padre, reze pelo Brasil. E naquela hora, o Papa olhou pra gente no clima de muita proximidade, de muita descontra\u00e7\u00e3o, respondeu: Voc\u00eas n\u00e3o t\u00eam salva\u00e7\u00e3o. \u00c9 muita cacha\u00e7a e pouca ora\u00e7\u00e3o&#8221;, relatou Carlos Henrique.<\/p><\/blockquote>\n<h3>Rea\u00e7\u00e3o com o Papa Francisco<\/h3>\n<p>Padre Carlos comentou ainda ter ficado muito surpreso com a rea\u00e7\u00e3o do Papa Francisco, mas ressaltou ter sentido, ao mesmo tempo, muita felicidade.<\/p>\n<p>&#8220;O Papa, a principal autoridade da Igreja Cat\u00f3lica, o representante de Cristo, o sucessor de Pedro, um l\u00edder como ele, de repente brincar com essa intimidade, com essa familiaridade, com dois padres desconhecidos. Foi uma surpresa muito grande e ao mesmo tempo uma alegria indiz\u00edvel. Foi muito bacana. E a gente n\u00e3o imaginou, primeiro, que a coisa viralizasse como viralizou&#8221;, conta.<\/p>\n<p>&#8220;Parece que no Brasil est\u00e1 tendo uma repercuss\u00e3o muito grande. A gente n\u00e3o imaginou que as pessoas pudessem se sentir t\u00e3o tocadas pelo v\u00eddeo. De fato, nesse cen\u00e1rio de pandemia, triste, que o Brasil tem vivido, que o mundo tem vivido, acho que foi uma oportunidade de provocar boas gargalhadas. Ali o Papa expressa o carinho, o amor que ele tem pelo Brasil e essa brincadeira que ele fez com a gente realmente foi uma brincadeira num sinal, num contexto de muita proximidade, de muita liberdade&#8221;.<\/p>\n<p><strong>LEIA TAMB\u00c9M<\/strong><\/p>\n<p><a href=\"https:\/\/redenoticiaz.com.br\/blog\/2021\/05\/25\/cpi-da-covid-ouve-a-capita-cloroquina-que-questiona-a-oms\">CPI da Covid ouve a \u2018Capit\u00e3 Cloroquina\u2019 que questiona a OMS<\/a><\/p>\n","protected":false},"excerpt":{"rendered":"<p>A situa\u00e7\u00e3o do Brasil est\u00e1 delicad\u00edssima, n\u00e3o s\u00f3 por causa da pandemia do coronav\u00edrus, como tamb\u00e9m por causa de outros problemas. O Papa Francisco foi procurado por fieis que o cumprimentavam no Vaticano, na It\u00e1lia. E durante a Audi\u00eancia Geral, o pont\u00edfice argentino deu a seguinte resposta ap\u00f3s o pedido para que ele orasse pelo &hellip;<\/p>\n","protected":false},"author":6,"featured_media":9194,"comment_status":"open","ping_status":"closed","sticky":false,"template":"","format":"standard","meta":{"footnotes":""},"categories":[169,84],"tags":[173,23716,23717,23718],"class_list":["post-9193","post","type-post","status-publish","format-standard","has-post-thumbnail","hentry","category-cultura","category-mundo","tag-brasil","tag-padres-brasileiros","tag-papa-francisco","tag-vaticano"],"yoast_head":"<!-- This site is optimized with the Yoast SEO plugin v27.5 - https:\/\/yoast.com\/product\/yoast-seo-wordpress\/ -->\n<title>O papa n\u00e3o \u00e9 brasileiro. Mas sabe que aqui \u00e9 muita cacha\u00e7a e pouca ora\u00e7\u00e3o - Litoral SP<\/title>\n<meta name=\"robots\" content=\"index, follow, max-snippet:-1, max-image-preview:large, max-video-preview:-1\" \/>\n<link rel=\"canonical\" href=\"https:\/\/redenoticiaz.com.br\/litoralsp\/2021\/05\/26\/o-papa-nao-e-brasileiro-mas-sabe-que-aqui-e-muita-cachaca-e-pouca-oracao\" \/>\n<meta property=\"og:locale\" content=\"pt_BR\" \/>\n<meta property=\"og:type\" content=\"article\" \/>\n<meta property=\"og:title\" content=\"O papa n\u00e3o \u00e9 brasileiro. Mas sabe que aqui \u00e9 muita cacha\u00e7a e pouca ora\u00e7\u00e3o - Litoral SP\" \/>\n<meta property=\"og:description\" content=\"A situa\u00e7\u00e3o do Brasil est\u00e1 delicad\u00edssima, n\u00e3o s\u00f3 por causa da pandemia do coronav\u00edrus, como tamb\u00e9m por causa de outros problemas. O Papa Francisco foi procurado por fieis que o cumprimentavam no Vaticano, na It\u00e1lia. E durante a Audi\u00eancia Geral, o pont\u00edfice argentino deu a seguinte resposta ap\u00f3s o pedido para que ele orasse pelo &hellip;\" \/>\n<meta property=\"og:url\" content=\"https:\/\/redenoticiaz.com.br\/litoralsp\/2021\/05\/26\/o-papa-nao-e-brasileiro-mas-sabe-que-aqui-e-muita-cachaca-e-pouca-oracao\" \/>\n<meta property=\"og:site_name\" content=\"Litoral SP\" \/>\n<meta property=\"article:published_time\" content=\"2021-05-27T00:37:33+00:00\" \/>\n<meta property=\"article:modified_time\" content=\"2021-05-27T00:40:22+00:00\" \/>\n<meta property=\"og:image\" content=\"https:\/\/redenoticiaz.com.br\/litoralsp\/wp-content\/uploads\/sites\/3\/2021\/05\/muita-cachaca-e-pouca-oracao-brinca-papa-apos-pedido-de-padre-da-pb-600x400-1.jpeg\" \/>\n\t<meta property=\"og:image:width\" content=\"600\" \/>\n\t<meta property=\"og:image:height\" content=\"400\" \/>\n\t<meta property=\"og:image:type\" content=\"image\/jpeg\" \/>\n<meta name=\"author\" content=\"Leonardo Francisco\" \/>\n<meta name=\"twitter:card\" content=\"summary_large_image\" \/>\n<meta name=\"twitter:label1\" content=\"Escrito por\" \/>\n\t<meta name=\"twitter:data1\" content=\"Leonardo Francisco\" \/>\n\t<meta name=\"twitter:label2\" content=\"Est. tempo de leitura\" \/>\n\t<meta name=\"twitter:data2\" content=\"2 minutos\" \/>\n<script type=\"application\/ld+json\" class=\"yoast-schema-graph\">{\"@context\":\"https:\\\/\\\/schema.org\",\"@graph\":[{\"@type\":\"Article\",\"@id\":\"https:\\\/\\\/redenoticiaz.com.br\\\/litoralsp\\\/2021\\\/05\\\/26\\\/o-papa-nao-e-brasileiro-mas-sabe-que-aqui-e-muita-cachaca-e-pouca-oracao#article\",\"isPartOf\":{\"@id\":\"https:\\\/\\\/redenoticiaz.com.br\\\/litoralsp\\\/2021\\\/05\\\/26\\\/o-papa-nao-e-brasileiro-mas-sabe-que-aqui-e-muita-cachaca-e-pouca-oracao\"},\"author\":{\"name\":\"Leonardo Francisco\",\"@id\":\"https:\\\/\\\/redenoticiaz.com.br\\\/litoralsp\\\/#\\\/schema\\\/person\\\/0f0b8a5bdafefe82841e07ae8d81ecb3\"},\"headline\":\"O papa n\u00e3o \u00e9 brasileiro. Mas sabe que aqui \u00e9 muita cacha\u00e7a e pouca ora\u00e7\u00e3o\",\"datePublished\":\"2021-05-27T00:37:33+00:00\",\"dateModified\":\"2021-05-27T00:40:22+00:00\",\"mainEntityOfPage\":{\"@id\":\"https:\\\/\\\/redenoticiaz.com.br\\\/litoralsp\\\/2021\\\/05\\\/26\\\/o-papa-nao-e-brasileiro-mas-sabe-que-aqui-e-muita-cachaca-e-pouca-oracao\"},\"wordCount\":502,\"commentCount\":0,\"publisher\":{\"@id\":\"https:\\\/\\\/redenoticiaz.com.br\\\/litoralsp\\\/#organization\"},\"image\":{\"@id\":\"https:\\\/\\\/redenoticiaz.com.br\\\/litoralsp\\\/2021\\\/05\\\/26\\\/o-papa-nao-e-brasileiro-mas-sabe-que-aqui-e-muita-cachaca-e-pouca-oracao#primaryimage\"},\"thumbnailUrl\":\"https:\\\/\\\/redenoticiaz.com.br\\\/litoralsp\\\/wp-content\\\/uploads\\\/sites\\\/3\\\/2021\\\/05\\\/muita-cachaca-e-pouca-oracao-brinca-papa-apos-pedido-de-padre-da-pb-600x400-1.jpeg\",\"keywords\":[\"Brasil\",\"PADRES BRASILEIROS\",\"PAPA FRANCISCO\",\"VATICANO\"],\"articleSection\":[\"Cultura\",\"Mundo\"],\"inLanguage\":\"pt-BR\",\"potentialAction\":[{\"@type\":\"CommentAction\",\"name\":\"Comment\",\"target\":[\"https:\\\/\\\/redenoticiaz.com.br\\\/litoralsp\\\/2021\\\/05\\\/26\\\/o-papa-nao-e-brasileiro-mas-sabe-que-aqui-e-muita-cachaca-e-pouca-oracao#respond\"]}]},{\"@type\":\"WebPage\",\"@id\":\"https:\\\/\\\/redenoticiaz.com.br\\\/litoralsp\\\/2021\\\/05\\\/26\\\/o-papa-nao-e-brasileiro-mas-sabe-que-aqui-e-muita-cachaca-e-pouca-oracao\",\"url\":\"https:\\\/\\\/redenoticiaz.com.br\\\/litoralsp\\\/2021\\\/05\\\/26\\\/o-papa-nao-e-brasileiro-mas-sabe-que-aqui-e-muita-cachaca-e-pouca-oracao\",\"name\":\"O papa n\u00e3o \u00e9 brasileiro. Mas sabe que aqui \u00e9 muita cacha\u00e7a e pouca ora\u00e7\u00e3o - Litoral SP\",\"isPartOf\":{\"@id\":\"https:\\\/\\\/redenoticiaz.com.br\\\/litoralsp\\\/#website\"},\"primaryImageOfPage\":{\"@id\":\"https:\\\/\\\/redenoticiaz.com.br\\\/litoralsp\\\/2021\\\/05\\\/26\\\/o-papa-nao-e-brasileiro-mas-sabe-que-aqui-e-muita-cachaca-e-pouca-oracao#primaryimage\"},\"image\":{\"@id\":\"https:\\\/\\\/redenoticiaz.com.br\\\/litoralsp\\\/2021\\\/05\\\/26\\\/o-papa-nao-e-brasileiro-mas-sabe-que-aqui-e-muita-cachaca-e-pouca-oracao#primaryimage\"},\"thumbnailUrl\":\"https:\\\/\\\/redenoticiaz.com.br\\\/litoralsp\\\/wp-content\\\/uploads\\\/sites\\\/3\\\/2021\\\/05\\\/muita-cachaca-e-pouca-oracao-brinca-papa-apos-pedido-de-padre-da-pb-600x400-1.jpeg\",\"datePublished\":\"2021-05-27T00:37:33+00:00\",\"dateModified\":\"2021-05-27T00:40:22+00:00\",\"inLanguage\":\"pt-BR\",\"potentialAction\":[{\"@type\":\"ReadAction\",\"target\":[\"https:\\\/\\\/redenoticiaz.com.br\\\/litoralsp\\\/2021\\\/05\\\/26\\\/o-papa-nao-e-brasileiro-mas-sabe-que-aqui-e-muita-cachaca-e-pouca-oracao\"]}]},{\"@type\":\"ImageObject\",\"inLanguage\":\"pt-BR\",\"@id\":\"https:\\\/\\\/redenoticiaz.com.br\\\/litoralsp\\\/2021\\\/05\\\/26\\\/o-papa-nao-e-brasileiro-mas-sabe-que-aqui-e-muita-cachaca-e-pouca-oracao#primaryimage\",\"url\":\"https:\\\/\\\/redenoticiaz.com.br\\\/litoralsp\\\/wp-content\\\/uploads\\\/sites\\\/3\\\/2021\\\/05\\\/muita-cachaca-e-pouca-oracao-brinca-papa-apos-pedido-de-padre-da-pb-600x400-1.jpeg\",\"contentUrl\":\"https:\\\/\\\/redenoticiaz.com.br\\\/litoralsp\\\/wp-content\\\/uploads\\\/sites\\\/3\\\/2021\\\/05\\\/muita-cachaca-e-pouca-oracao-brinca-papa-apos-pedido-de-padre-da-pb-600x400-1.jpeg\",\"width\":600,\"height\":400,\"caption\":\"Cr\u00e9ditos: Reprodu\u00e7\u00e3o\\\/Redes sociais.\"},{\"@type\":\"WebSite\",\"@id\":\"https:\\\/\\\/redenoticiaz.com.br\\\/litoralsp\\\/#website\",\"url\":\"https:\\\/\\\/redenoticiaz.com.br\\\/litoralsp\\\/\",\"name\":\"Litoral SP\",\"description\":\"Rede NoticiaZ\",\"publisher\":{\"@id\":\"https:\\\/\\\/redenoticiaz.com.br\\\/litoralsp\\\/#organization\"},\"potentialAction\":[{\"@type\":\"SearchAction\",\"target\":{\"@type\":\"EntryPoint\",\"urlTemplate\":\"https:\\\/\\\/redenoticiaz.com.br\\\/litoralsp\\\/?s={search_term_string}\"},\"query-input\":{\"@type\":\"PropertyValueSpecification\",\"valueRequired\":true,\"valueName\":\"search_term_string\"}}],\"inLanguage\":\"pt-BR\"},{\"@type\":\"Organization\",\"@id\":\"https:\\\/\\\/redenoticiaz.com.br\\\/litoralsp\\\/#organization\",\"name\":\"Litoral SP\",\"url\":\"https:\\\/\\\/redenoticiaz.com.br\\\/litoralsp\\\/\",\"logo\":{\"@type\":\"ImageObject\",\"inLanguage\":\"pt-BR\",\"@id\":\"https:\\\/\\\/redenoticiaz.com.br\\\/litoralsp\\\/#\\\/schema\\\/logo\\\/image\\\/\",\"url\":\"https:\\\/\\\/redenoticiaz.com.br\\\/litoralsp\\\/wp-content\\\/uploads\\\/sites\\\/3\\\/2020\\\/11\\\/logo.jpg\",\"contentUrl\":\"https:\\\/\\\/redenoticiaz.com.br\\\/litoralsp\\\/wp-content\\\/uploads\\\/sites\\\/3\\\/2020\\\/11\\\/logo.jpg\",\"width\":400,\"height\":250,\"caption\":\"Litoral SP\"},\"image\":{\"@id\":\"https:\\\/\\\/redenoticiaz.com.br\\\/litoralsp\\\/#\\\/schema\\\/logo\\\/image\\\/\"}},{\"@type\":\"Person\",\"@id\":\"https:\\\/\\\/redenoticiaz.com.br\\\/litoralsp\\\/#\\\/schema\\\/person\\\/0f0b8a5bdafefe82841e07ae8d81ecb3\",\"name\":\"Leonardo Francisco\",\"image\":{\"@type\":\"ImageObject\",\"inLanguage\":\"pt-BR\",\"@id\":\"https:\\\/\\\/secure.gravatar.com\\\/avatar\\\/a7358cb406a99b682ec6df1e77e31ae82e63601f6784e8a3df411d72b37864da?s=96&d=mm&r=g\",\"url\":\"https:\\\/\\\/secure.gravatar.com\\\/avatar\\\/a7358cb406a99b682ec6df1e77e31ae82e63601f6784e8a3df411d72b37864da?s=96&d=mm&r=g\",\"contentUrl\":\"https:\\\/\\\/secure.gravatar.com\\\/avatar\\\/a7358cb406a99b682ec6df1e77e31ae82e63601f6784e8a3df411d72b37864da?s=96&d=mm&r=g\",\"caption\":\"Leonardo Francisco\"},\"url\":\"https:\\\/\\\/redenoticiaz.com.br\\\/litoralsp\\\/author\\\/leonardo-francisco\"}]}<\/script>\n<!-- \/ Yoast SEO plugin. -->","yoast_head_json":{"title":"O papa n\u00e3o \u00e9 brasileiro. Mas sabe que aqui \u00e9 muita cacha\u00e7a e pouca ora\u00e7\u00e3o - Litoral SP","robots":{"index":"index","follow":"follow","max-snippet":"max-snippet:-1","max-image-preview":"max-image-preview:large","max-video-preview":"max-video-preview:-1"},"canonical":"https:\/\/redenoticiaz.com.br\/litoralsp\/2021\/05\/26\/o-papa-nao-e-brasileiro-mas-sabe-que-aqui-e-muita-cachaca-e-pouca-oracao","og_locale":"pt_BR","og_type":"article","og_title":"O papa n\u00e3o \u00e9 brasileiro. Mas sabe que aqui \u00e9 muita cacha\u00e7a e pouca ora\u00e7\u00e3o - Litoral SP","og_description":"A situa\u00e7\u00e3o do Brasil est\u00e1 delicad\u00edssima, n\u00e3o s\u00f3 por causa da pandemia do coronav\u00edrus, como tamb\u00e9m por causa de outros problemas. O Papa Francisco foi procurado por fieis que o cumprimentavam no Vaticano, na It\u00e1lia. E durante a Audi\u00eancia Geral, o pont\u00edfice argentino deu a seguinte resposta ap\u00f3s o pedido para que ele orasse pelo &hellip;","og_url":"https:\/\/redenoticiaz.com.br\/litoralsp\/2021\/05\/26\/o-papa-nao-e-brasileiro-mas-sabe-que-aqui-e-muita-cachaca-e-pouca-oracao","og_site_name":"Litoral SP","article_published_time":"2021-05-27T00:37:33+00:00","article_modified_time":"2021-05-27T00:40:22+00:00","og_image":[{"width":600,"height":400,"url":"https:\/\/redenoticiaz.com.br\/litoralsp\/wp-content\/uploads\/sites\/3\/2021\/05\/muita-cachaca-e-pouca-oracao-brinca-papa-apos-pedido-de-padre-da-pb-600x400-1.jpeg","type":"image\/jpeg"}],"author":"Leonardo Francisco","twitter_card":"summary_large_image","twitter_misc":{"Escrito por":"Leonardo Francisco","Est. tempo de leitura":"2 minutos"},"schema":{"@context":"https:\/\/schema.org","@graph":[{"@type":"Article","@id":"https:\/\/redenoticiaz.com.br\/litoralsp\/2021\/05\/26\/o-papa-nao-e-brasileiro-mas-sabe-que-aqui-e-muita-cachaca-e-pouca-oracao#article","isPartOf":{"@id":"https:\/\/redenoticiaz.com.br\/litoralsp\/2021\/05\/26\/o-papa-nao-e-brasileiro-mas-sabe-que-aqui-e-muita-cachaca-e-pouca-oracao"},"author":{"name":"Leonardo Francisco","@id":"https:\/\/redenoticiaz.com.br\/litoralsp\/#\/schema\/person\/0f0b8a5bdafefe82841e07ae8d81ecb3"},"headline":"O papa n\u00e3o \u00e9 brasileiro. Mas sabe que aqui \u00e9 muita cacha\u00e7a e pouca ora\u00e7\u00e3o","datePublished":"2021-05-27T00:37:33+00:00","dateModified":"2021-05-27T00:40:22+00:00","mainEntityOfPage":{"@id":"https:\/\/redenoticiaz.com.br\/litoralsp\/2021\/05\/26\/o-papa-nao-e-brasileiro-mas-sabe-que-aqui-e-muita-cachaca-e-pouca-oracao"},"wordCount":502,"commentCount":0,"publisher":{"@id":"https:\/\/redenoticiaz.com.br\/litoralsp\/#organization"},"image":{"@id":"https:\/\/redenoticiaz.com.br\/litoralsp\/2021\/05\/26\/o-papa-nao-e-brasileiro-mas-sabe-que-aqui-e-muita-cachaca-e-pouca-oracao#primaryimage"},"thumbnailUrl":"https:\/\/redenoticiaz.com.br\/litoralsp\/wp-content\/uploads\/sites\/3\/2021\/05\/muita-cachaca-e-pouca-oracao-brinca-papa-apos-pedido-de-padre-da-pb-600x400-1.jpeg","keywords":["Brasil","PADRES BRASILEIROS","PAPA FRANCISCO","VATICANO"],"articleSection":["Cultura","Mundo"],"inLanguage":"pt-BR","potentialAction":[{"@type":"CommentAction","name":"Comment","target":["https:\/\/redenoticiaz.com.br\/litoralsp\/2021\/05\/26\/o-papa-nao-e-brasileiro-mas-sabe-que-aqui-e-muita-cachaca-e-pouca-oracao#respond"]}]},{"@type":"WebPage","@id":"https:\/\/redenoticiaz.com.br\/litoralsp\/2021\/05\/26\/o-papa-nao-e-brasileiro-mas-sabe-que-aqui-e-muita-cachaca-e-pouca-oracao","url":"https:\/\/redenoticiaz.com.br\/litoralsp\/2021\/05\/26\/o-papa-nao-e-brasileiro-mas-sabe-que-aqui-e-muita-cachaca-e-pouca-oracao","name":"O papa n\u00e3o \u00e9 brasileiro. Mas sabe que aqui \u00e9 muita cacha\u00e7a e pouca ora\u00e7\u00e3o - Litoral SP","isPartOf":{"@id":"https:\/\/redenoticiaz.com.br\/litoralsp\/#website"},"primaryImageOfPage":{"@id":"https:\/\/redenoticiaz.com.br\/litoralsp\/2021\/05\/26\/o-papa-nao-e-brasileiro-mas-sabe-que-aqui-e-muita-cachaca-e-pouca-oracao#primaryimage"},"image":{"@id":"https:\/\/redenoticiaz.com.br\/litoralsp\/2021\/05\/26\/o-papa-nao-e-brasileiro-mas-sabe-que-aqui-e-muita-cachaca-e-pouca-oracao#primaryimage"},"thumbnailUrl":"https:\/\/redenoticiaz.com.br\/litoralsp\/wp-content\/uploads\/sites\/3\/2021\/05\/muita-cachaca-e-pouca-oracao-brinca-papa-apos-pedido-de-padre-da-pb-600x400-1.jpeg","datePublished":"2021-05-27T00:37:33+00:00","dateModified":"2021-05-27T00:40:22+00:00","inLanguage":"pt-BR","potentialAction":[{"@type":"ReadAction","target":["https:\/\/redenoticiaz.com.br\/litoralsp\/2021\/05\/26\/o-papa-nao-e-brasileiro-mas-sabe-que-aqui-e-muita-cachaca-e-pouca-oracao"]}]},{"@type":"ImageObject","inLanguage":"pt-BR","@id":"https:\/\/redenoticiaz.com.br\/litoralsp\/2021\/05\/26\/o-papa-nao-e-brasileiro-mas-sabe-que-aqui-e-muita-cachaca-e-pouca-oracao#primaryimage","url":"https:\/\/redenoticiaz.com.br\/litoralsp\/wp-content\/uploads\/sites\/3\/2021\/05\/muita-cachaca-e-pouca-oracao-brinca-papa-apos-pedido-de-padre-da-pb-600x400-1.jpeg","contentUrl":"https:\/\/redenoticiaz.com.br\/litoralsp\/wp-content\/uploads\/sites\/3\/2021\/05\/muita-cachaca-e-pouca-oracao-brinca-papa-apos-pedido-de-padre-da-pb-600x400-1.jpeg","width":600,"height":400,"caption":"Cr\u00e9ditos: Reprodu\u00e7\u00e3o\/Redes sociais."},{"@type":"WebSite","@id":"https:\/\/redenoticiaz.com.br\/litoralsp\/#website","url":"https:\/\/redenoticiaz.com.br\/litoralsp\/","name":"Litoral SP","description":"Rede NoticiaZ","publisher":{"@id":"https:\/\/redenoticiaz.com.br\/litoralsp\/#organization"},"potentialAction":[{"@type":"SearchAction","target":{"@type":"EntryPoint","urlTemplate":"https:\/\/redenoticiaz.com.br\/litoralsp\/?s={search_term_string}"},"query-input":{"@type":"PropertyValueSpecification","valueRequired":true,"valueName":"search_term_string"}}],"inLanguage":"pt-BR"},{"@type":"Organization","@id":"https:\/\/redenoticiaz.com.br\/litoralsp\/#organization","name":"Litoral SP","url":"https:\/\/redenoticiaz.com.br\/litoralsp\/","logo":{"@type":"ImageObject","inLanguage":"pt-BR","@id":"https:\/\/redenoticiaz.com.br\/litoralsp\/#\/schema\/logo\/image\/","url":"https:\/\/redenoticiaz.com.br\/litoralsp\/wp-content\/uploads\/sites\/3\/2020\/11\/logo.jpg","contentUrl":"https:\/\/redenoticiaz.com.br\/litoralsp\/wp-content\/uploads\/sites\/3\/2020\/11\/logo.jpg","width":400,"height":250,"caption":"Litoral SP"},"image":{"@id":"https:\/\/redenoticiaz.com.br\/litoralsp\/#\/schema\/logo\/image\/"}},{"@type":"Person","@id":"https:\/\/redenoticiaz.com.br\/litoralsp\/#\/schema\/person\/0f0b8a5bdafefe82841e07ae8d81ecb3","name":"Leonardo Francisco","image":{"@type":"ImageObject","inLanguage":"pt-BR","@id":"https:\/\/secure.gravatar.com\/avatar\/a7358cb406a99b682ec6df1e77e31ae82e63601f6784e8a3df411d72b37864da?s=96&d=mm&r=g","url":"https:\/\/secure.gravatar.com\/avatar\/a7358cb406a99b682ec6df1e77e31ae82e63601f6784e8a3df411d72b37864da?s=96&d=mm&r=g","contentUrl":"https:\/\/secure.gravatar.com\/avatar\/a7358cb406a99b682ec6df1e77e31ae82e63601f6784e8a3df411d72b37864da?s=96&d=mm&r=g","caption":"Leonardo Francisco"},"url":"https:\/\/redenoticiaz.com.br\/litoralsp\/author\/leonardo-francisco"}]}},"_links":{"self":[{"href":"https:\/\/redenoticiaz.com.br\/litoralsp\/wp-json\/wp\/v2\/posts\/9193","targetHints":{"allow":["GET"]}}],"collection":[{"href":"https:\/\/redenoticiaz.com.br\/litoralsp\/wp-json\/wp\/v2\/posts"}],"about":[{"href":"https:\/\/redenoticiaz.com.br\/litoralsp\/wp-json\/wp\/v2\/types\/post"}],"author":[{"embeddable":true,"href":"https:\/\/redenoticiaz.com.br\/litoralsp\/wp-json\/wp\/v2\/users\/6"}],"replies":[{"embeddable":true,"href":"https:\/\/redenoticiaz.com.br\/litoralsp\/wp-json\/wp\/v2\/comments?post=9193"}],"version-history":[{"count":1,"href":"https:\/\/redenoticiaz.com.br\/litoralsp\/wp-json\/wp\/v2\/posts\/9193\/revisions"}],"predecessor-version":[{"id":9195,"href":"https:\/\/redenoticiaz.com.br\/litoralsp\/wp-json\/wp\/v2\/posts\/9193\/revisions\/9195"}],"wp:featuredmedia":[{"embeddable":true,"href":"https:\/\/redenoticiaz.com.br\/litoralsp\/wp-json\/wp\/v2\/media\/9194"}],"wp:attachment":[{"href":"https:\/\/redenoticiaz.com.br\/litoralsp\/wp-json\/wp\/v2\/media?parent=9193"}],"wp:term":[{"taxonomy":"category","embeddable":true,"href":"https:\/\/redenoticiaz.com.br\/litoralsp\/wp-json\/wp\/v2\/categories?post=9193"},{"taxonomy":"post_tag","embeddable":true,"href":"https:\/\/redenoticiaz.com.br\/litoralsp\/wp-json\/wp\/v2\/tags?post=9193"}],"curies":[{"name":"wp","href":"https:\/\/api.w.org\/{rel}","templated":true}]}}