{"id":91943,"date":"2022-09-23T11:30:30","date_gmt":"2022-09-23T14:30:30","guid":{"rendered":"https:\/\/redenoticiaz.com.br\/litoralsp\/?p=91943"},"modified":"2022-09-23T11:30:30","modified_gmt":"2022-09-23T14:30:30","slug":"quadrilha-especializada-em-roubar-farmacias-de-sao-vicente-e-presa","status":"publish","type":"post","link":"https:\/\/redenoticiaz.com.br\/litoralsp\/2022\/09\/23\/quadrilha-especializada-em-roubar-farmacias-de-sao-vicente-e-presa","title":{"rendered":"Quadrilha especializada em roubar farm\u00e1cias de S\u00e3o Vicente \u00e9 presa"},"content":{"rendered":"<p>Uma <strong>quadrilha especializada em roubos de farm\u00e1cias<\/strong> de S\u00e3o Vicente foi presa. A a\u00e7\u00e3o foi conjunta entre a Pol\u00edcia Civil, com a Guarda Civil Municipal da cidade, que deu o apoio por meio do Centro de Controle Operacional (CCO), que identificou e localizou os suspeitos.<\/p>\n<p>Segundo a Pol\u00edcia Civil, o bando era conhecido das v\u00edtimas e das autoridades policiais, em raz\u00e3o da forma como agiam nos estabelecimentos. O delegado da Delegacia Sede de S\u00e3o Vicente, Marcos Alexandre Alfino detalhou como foi a busca.<\/p>\n<p>&#8220;Conseguimos chegar em um dos indiv\u00edduos e desbaratar toda a quadrilha atrav\u00e9s das imagens de monitoramento rec\u00e9m-inauguradas aqui em S\u00e3o Vicente. Essas imagens que s\u00e3o colocadas em pontos estrat\u00e9gicos da Cidade nos deu o norte para a investiga\u00e7\u00e3o, ou seja, nos informou de que bairro esses marginais vinham&#8221;.<\/p>\n<p>A localiza\u00e7\u00e3o foi poss\u00edvel gra\u00e7as a um mapeamento realizado pelos agentes na central e, especialmente, devido ao trabalho integrado entre as institui\u00e7\u00f5es. . Os bandidos foram encaminhados ao 1\u00b0 Distrito Policial (DP).<\/p>\n<p>O prefeito de S\u00e3o Vicente, Kayo Amado, tamb\u00e9m refor\u00e7ou a import\u00e2ncia do Centro de Controle Operacional, com o objetivo de refor\u00e7ar a seguran\u00e7a na cidade.<\/p>\n<p>&#8220;\u00c9 esse o novo modelo da seguran\u00e7a em S\u00e3o Vicente. Monitorando, fiscalizando e trabalhando de forma integrada com todas as for\u00e7as. E \u00e9 s\u00f3 o come\u00e7o&#8221;, conta.<\/p>\n<p><strong>LEIA TAMB\u00c9M<\/strong><\/p>\n<p><a href=\"https:\/\/redenoticiaz.com.br\/litoralsp\/2022\/09\/22\/video-homem-assalta-loja-de-calcinhas-em-sao-vicente\">V\u00cdDEO \u2013 Homem assalta loja de calcinhas em S\u00e3o Vicente<\/a><\/p>\n","protected":false},"excerpt":{"rendered":"<p>Uma quadrilha especializada em roubos de farm\u00e1cias de S\u00e3o Vicente foi presa. A a\u00e7\u00e3o foi conjunta entre a Pol\u00edcia Civil, com a Guarda Civil Municipal da cidade, que deu o apoio por meio do Centro de Controle Operacional (CCO), que identificou e localizou os suspeitos. Segundo a Pol\u00edcia Civil, o bando era conhecido das v\u00edtimas &hellip;<\/p>\n","protected":false},"author":6,"featured_media":91945,"comment_status":"open","ping_status":"closed","sticky":false,"template":"","format":"standard","meta":{"footnotes":""},"categories":[10,181],"tags":[12514,31275,1762,6005,59523,33],"class_list":["post-91943","post","type-post","status-publish","format-standard","has-post-thumbnail","hentry","category-policia","category-sao-vicente","tag-centro-de-controle-operacional","tag-guarda-civil-municipal-de-sao-vicente","tag-policia-civil","tag-quadrilha-presa","tag-roubo-de-farmacias","tag-sao-vicente"],"yoast_head":"<!-- This site is optimized with the Yoast SEO plugin v27.5 - https:\/\/yoast.com\/product\/yoast-seo-wordpress\/ -->\n<title>Quadrilha especializada em roubar farm\u00e1cias de S\u00e3o Vicente \u00e9 presa - Litoral SP<\/title>\n<meta name=\"description\" content=\"Uma quadrilha especializada em roubos de farm\u00e1cias de S\u00e3o Vicente foi presa. A a\u00e7\u00e3o foi conjunta entre a Pol\u00edcia Civil, com a\" \/>\n<meta name=\"robots\" content=\"index, follow, max-snippet:-1, max-image-preview:large, max-video-preview:-1\" \/>\n<link rel=\"canonical\" href=\"https:\/\/redenoticiaz.com.br\/litoralsp\/2022\/09\/23\/quadrilha-especializada-em-roubar-farmacias-de-sao-vicente-e-presa\" \/>\n<meta property=\"og:locale\" content=\"pt_BR\" \/>\n<meta property=\"og:type\" content=\"article\" \/>\n<meta property=\"og:title\" content=\"Quadrilha especializada em roubar farm\u00e1cias de S\u00e3o Vicente \u00e9 presa - Litoral SP\" \/>\n<meta property=\"og:description\" content=\"Uma quadrilha especializada em roubos de farm\u00e1cias de S\u00e3o Vicente foi presa. A a\u00e7\u00e3o foi conjunta entre a Pol\u00edcia Civil, com a\" \/>\n<meta property=\"og:url\" content=\"https:\/\/redenoticiaz.com.br\/litoralsp\/2022\/09\/23\/quadrilha-especializada-em-roubar-farmacias-de-sao-vicente-e-presa\" \/>\n<meta property=\"og:site_name\" content=\"Litoral SP\" \/>\n<meta property=\"article:published_time\" content=\"2022-09-23T14:30:30+00:00\" \/>\n<meta property=\"og:image\" content=\"https:\/\/redenoticiaz.com.br\/litoralsp\/wp-content\/uploads\/sites\/3\/2022\/09\/5be007b3-a6a8-43b2-9388-73350a3e5d4c.jpg\" \/>\n\t<meta property=\"og:image:width\" content=\"1280\" \/>\n\t<meta property=\"og:image:height\" content=\"853\" \/>\n\t<meta property=\"og:image:type\" content=\"image\/jpeg\" \/>\n<meta name=\"author\" content=\"Leonardo Francisco\" \/>\n<meta name=\"twitter:card\" content=\"summary_large_image\" \/>\n<meta name=\"twitter:label1\" content=\"Escrito por\" \/>\n\t<meta name=\"twitter:data1\" content=\"Leonardo Francisco\" \/>\n\t<meta name=\"twitter:label2\" content=\"Est. tempo de leitura\" \/>\n\t<meta name=\"twitter:data2\" content=\"2 minutos\" \/>\n<script type=\"application\/ld+json\" class=\"yoast-schema-graph\">{\"@context\":\"https:\\\/\\\/schema.org\",\"@graph\":[{\"@type\":\"Article\",\"@id\":\"https:\\\/\\\/redenoticiaz.com.br\\\/litoralsp\\\/2022\\\/09\\\/23\\\/quadrilha-especializada-em-roubar-farmacias-de-sao-vicente-e-presa#article\",\"isPartOf\":{\"@id\":\"https:\\\/\\\/redenoticiaz.com.br\\\/litoralsp\\\/2022\\\/09\\\/23\\\/quadrilha-especializada-em-roubar-farmacias-de-sao-vicente-e-presa\"},\"author\":{\"name\":\"Leonardo Francisco\",\"@id\":\"https:\\\/\\\/redenoticiaz.com.br\\\/litoralsp\\\/#\\\/schema\\\/person\\\/0f0b8a5bdafefe82841e07ae8d81ecb3\"},\"headline\":\"Quadrilha especializada em roubar farm\u00e1cias de S\u00e3o Vicente \u00e9 presa\",\"datePublished\":\"2022-09-23T14:30:30+00:00\",\"mainEntityOfPage\":{\"@id\":\"https:\\\/\\\/redenoticiaz.com.br\\\/litoralsp\\\/2022\\\/09\\\/23\\\/quadrilha-especializada-em-roubar-farmacias-de-sao-vicente-e-presa\"},\"wordCount\":265,\"commentCount\":0,\"publisher\":{\"@id\":\"https:\\\/\\\/redenoticiaz.com.br\\\/litoralsp\\\/#organization\"},\"image\":{\"@id\":\"https:\\\/\\\/redenoticiaz.com.br\\\/litoralsp\\\/2022\\\/09\\\/23\\\/quadrilha-especializada-em-roubar-farmacias-de-sao-vicente-e-presa#primaryimage\"},\"thumbnailUrl\":\"https:\\\/\\\/redenoticiaz.com.br\\\/litoralsp\\\/wp-content\\\/uploads\\\/sites\\\/3\\\/2022\\\/09\\\/5be007b3-a6a8-43b2-9388-73350a3e5d4c.jpg\",\"keywords\":[\"CENTRO DE CONTROLE OPERACIONAL\",\"GUARDA CIVIL MUNICIPAL DE S\u00c3O VICENTE\",\"POL\u00cdCIA CIVIL\",\"QUADRILHA PRESA\",\"ROUBO DE FARM\u00c1CIAS\",\"S\u00e3o Vicente\"],\"articleSection\":[\"Pol\u00edcia\",\"S\u00e3o Vicente\"],\"inLanguage\":\"pt-BR\",\"potentialAction\":[{\"@type\":\"CommentAction\",\"name\":\"Comment\",\"target\":[\"https:\\\/\\\/redenoticiaz.com.br\\\/litoralsp\\\/2022\\\/09\\\/23\\\/quadrilha-especializada-em-roubar-farmacias-de-sao-vicente-e-presa#respond\"]}]},{\"@type\":\"WebPage\",\"@id\":\"https:\\\/\\\/redenoticiaz.com.br\\\/litoralsp\\\/2022\\\/09\\\/23\\\/quadrilha-especializada-em-roubar-farmacias-de-sao-vicente-e-presa\",\"url\":\"https:\\\/\\\/redenoticiaz.com.br\\\/litoralsp\\\/2022\\\/09\\\/23\\\/quadrilha-especializada-em-roubar-farmacias-de-sao-vicente-e-presa\",\"name\":\"Quadrilha especializada em roubar farm\u00e1cias de S\u00e3o Vicente \u00e9 presa - Litoral SP\",\"isPartOf\":{\"@id\":\"https:\\\/\\\/redenoticiaz.com.br\\\/litoralsp\\\/#website\"},\"primaryImageOfPage\":{\"@id\":\"https:\\\/\\\/redenoticiaz.com.br\\\/litoralsp\\\/2022\\\/09\\\/23\\\/quadrilha-especializada-em-roubar-farmacias-de-sao-vicente-e-presa#primaryimage\"},\"image\":{\"@id\":\"https:\\\/\\\/redenoticiaz.com.br\\\/litoralsp\\\/2022\\\/09\\\/23\\\/quadrilha-especializada-em-roubar-farmacias-de-sao-vicente-e-presa#primaryimage\"},\"thumbnailUrl\":\"https:\\\/\\\/redenoticiaz.com.br\\\/litoralsp\\\/wp-content\\\/uploads\\\/sites\\\/3\\\/2022\\\/09\\\/5be007b3-a6a8-43b2-9388-73350a3e5d4c.jpg\",\"datePublished\":\"2022-09-23T14:30:30+00:00\",\"description\":\"Uma quadrilha especializada em roubos de farm\u00e1cias de S\u00e3o Vicente foi presa. A a\u00e7\u00e3o foi conjunta entre a Pol\u00edcia Civil, com a\",\"inLanguage\":\"pt-BR\",\"potentialAction\":[{\"@type\":\"ReadAction\",\"target\":[\"https:\\\/\\\/redenoticiaz.com.br\\\/litoralsp\\\/2022\\\/09\\\/23\\\/quadrilha-especializada-em-roubar-farmacias-de-sao-vicente-e-presa\"]}]},{\"@type\":\"ImageObject\",\"inLanguage\":\"pt-BR\",\"@id\":\"https:\\\/\\\/redenoticiaz.com.br\\\/litoralsp\\\/2022\\\/09\\\/23\\\/quadrilha-especializada-em-roubar-farmacias-de-sao-vicente-e-presa#primaryimage\",\"url\":\"https:\\\/\\\/redenoticiaz.com.br\\\/litoralsp\\\/wp-content\\\/uploads\\\/sites\\\/3\\\/2022\\\/09\\\/5be007b3-a6a8-43b2-9388-73350a3e5d4c.jpg\",\"contentUrl\":\"https:\\\/\\\/redenoticiaz.com.br\\\/litoralsp\\\/wp-content\\\/uploads\\\/sites\\\/3\\\/2022\\\/09\\\/5be007b3-a6a8-43b2-9388-73350a3e5d4c.jpg\",\"width\":1280,\"height\":853,\"caption\":\"Cr\u00e9ditos: Divulga\u00e7\u00e3o\\\/Prefeitura de S\u00e3o Vicente\"},{\"@type\":\"WebSite\",\"@id\":\"https:\\\/\\\/redenoticiaz.com.br\\\/litoralsp\\\/#website\",\"url\":\"https:\\\/\\\/redenoticiaz.com.br\\\/litoralsp\\\/\",\"name\":\"Litoral SP\",\"description\":\"Rede NoticiaZ\",\"publisher\":{\"@id\":\"https:\\\/\\\/redenoticiaz.com.br\\\/litoralsp\\\/#organization\"},\"potentialAction\":[{\"@type\":\"SearchAction\",\"target\":{\"@type\":\"EntryPoint\",\"urlTemplate\":\"https:\\\/\\\/redenoticiaz.com.br\\\/litoralsp\\\/?s={search_term_string}\"},\"query-input\":{\"@type\":\"PropertyValueSpecification\",\"valueRequired\":true,\"valueName\":\"search_term_string\"}}],\"inLanguage\":\"pt-BR\"},{\"@type\":\"Organization\",\"@id\":\"https:\\\/\\\/redenoticiaz.com.br\\\/litoralsp\\\/#organization\",\"name\":\"Litoral SP\",\"url\":\"https:\\\/\\\/redenoticiaz.com.br\\\/litoralsp\\\/\",\"logo\":{\"@type\":\"ImageObject\",\"inLanguage\":\"pt-BR\",\"@id\":\"https:\\\/\\\/redenoticiaz.com.br\\\/litoralsp\\\/#\\\/schema\\\/logo\\\/image\\\/\",\"url\":\"https:\\\/\\\/redenoticiaz.com.br\\\/litoralsp\\\/wp-content\\\/uploads\\\/sites\\\/3\\\/2020\\\/11\\\/logo.jpg\",\"contentUrl\":\"https:\\\/\\\/redenoticiaz.com.br\\\/litoralsp\\\/wp-content\\\/uploads\\\/sites\\\/3\\\/2020\\\/11\\\/logo.jpg\",\"width\":400,\"height\":250,\"caption\":\"Litoral SP\"},\"image\":{\"@id\":\"https:\\\/\\\/redenoticiaz.com.br\\\/litoralsp\\\/#\\\/schema\\\/logo\\\/image\\\/\"}},{\"@type\":\"Person\",\"@id\":\"https:\\\/\\\/redenoticiaz.com.br\\\/litoralsp\\\/#\\\/schema\\\/person\\\/0f0b8a5bdafefe82841e07ae8d81ecb3\",\"name\":\"Leonardo Francisco\",\"image\":{\"@type\":\"ImageObject\",\"inLanguage\":\"pt-BR\",\"@id\":\"https:\\\/\\\/secure.gravatar.com\\\/avatar\\\/a7358cb406a99b682ec6df1e77e31ae82e63601f6784e8a3df411d72b37864da?s=96&d=mm&r=g\",\"url\":\"https:\\\/\\\/secure.gravatar.com\\\/avatar\\\/a7358cb406a99b682ec6df1e77e31ae82e63601f6784e8a3df411d72b37864da?s=96&d=mm&r=g\",\"contentUrl\":\"https:\\\/\\\/secure.gravatar.com\\\/avatar\\\/a7358cb406a99b682ec6df1e77e31ae82e63601f6784e8a3df411d72b37864da?s=96&d=mm&r=g\",\"caption\":\"Leonardo Francisco\"},\"url\":\"https:\\\/\\\/redenoticiaz.com.br\\\/litoralsp\\\/author\\\/leonardo-francisco\"}]}<\/script>\n<!-- \/ Yoast SEO plugin. -->","yoast_head_json":{"title":"Quadrilha especializada em roubar farm\u00e1cias de S\u00e3o Vicente \u00e9 presa - Litoral SP","description":"Uma quadrilha especializada em roubos de farm\u00e1cias de S\u00e3o Vicente foi presa. A a\u00e7\u00e3o foi conjunta entre a Pol\u00edcia Civil, com a","robots":{"index":"index","follow":"follow","max-snippet":"max-snippet:-1","max-image-preview":"max-image-preview:large","max-video-preview":"max-video-preview:-1"},"canonical":"https:\/\/redenoticiaz.com.br\/litoralsp\/2022\/09\/23\/quadrilha-especializada-em-roubar-farmacias-de-sao-vicente-e-presa","og_locale":"pt_BR","og_type":"article","og_title":"Quadrilha especializada em roubar farm\u00e1cias de S\u00e3o Vicente \u00e9 presa - Litoral SP","og_description":"Uma quadrilha especializada em roubos de farm\u00e1cias de S\u00e3o Vicente foi presa. A a\u00e7\u00e3o foi conjunta entre a Pol\u00edcia Civil, com a","og_url":"https:\/\/redenoticiaz.com.br\/litoralsp\/2022\/09\/23\/quadrilha-especializada-em-roubar-farmacias-de-sao-vicente-e-presa","og_site_name":"Litoral SP","article_published_time":"2022-09-23T14:30:30+00:00","og_image":[{"width":1280,"height":853,"url":"https:\/\/redenoticiaz.com.br\/litoralsp\/wp-content\/uploads\/sites\/3\/2022\/09\/5be007b3-a6a8-43b2-9388-73350a3e5d4c.jpg","type":"image\/jpeg"}],"author":"Leonardo Francisco","twitter_card":"summary_large_image","twitter_misc":{"Escrito por":"Leonardo Francisco","Est. tempo de leitura":"2 minutos"},"schema":{"@context":"https:\/\/schema.org","@graph":[{"@type":"Article","@id":"https:\/\/redenoticiaz.com.br\/litoralsp\/2022\/09\/23\/quadrilha-especializada-em-roubar-farmacias-de-sao-vicente-e-presa#article","isPartOf":{"@id":"https:\/\/redenoticiaz.com.br\/litoralsp\/2022\/09\/23\/quadrilha-especializada-em-roubar-farmacias-de-sao-vicente-e-presa"},"author":{"name":"Leonardo Francisco","@id":"https:\/\/redenoticiaz.com.br\/litoralsp\/#\/schema\/person\/0f0b8a5bdafefe82841e07ae8d81ecb3"},"headline":"Quadrilha especializada em roubar farm\u00e1cias de S\u00e3o Vicente \u00e9 presa","datePublished":"2022-09-23T14:30:30+00:00","mainEntityOfPage":{"@id":"https:\/\/redenoticiaz.com.br\/litoralsp\/2022\/09\/23\/quadrilha-especializada-em-roubar-farmacias-de-sao-vicente-e-presa"},"wordCount":265,"commentCount":0,"publisher":{"@id":"https:\/\/redenoticiaz.com.br\/litoralsp\/#organization"},"image":{"@id":"https:\/\/redenoticiaz.com.br\/litoralsp\/2022\/09\/23\/quadrilha-especializada-em-roubar-farmacias-de-sao-vicente-e-presa#primaryimage"},"thumbnailUrl":"https:\/\/redenoticiaz.com.br\/litoralsp\/wp-content\/uploads\/sites\/3\/2022\/09\/5be007b3-a6a8-43b2-9388-73350a3e5d4c.jpg","keywords":["CENTRO DE CONTROLE OPERACIONAL","GUARDA CIVIL MUNICIPAL DE S\u00c3O VICENTE","POL\u00cdCIA CIVIL","QUADRILHA PRESA","ROUBO DE FARM\u00c1CIAS","S\u00e3o Vicente"],"articleSection":["Pol\u00edcia","S\u00e3o Vicente"],"inLanguage":"pt-BR","potentialAction":[{"@type":"CommentAction","name":"Comment","target":["https:\/\/redenoticiaz.com.br\/litoralsp\/2022\/09\/23\/quadrilha-especializada-em-roubar-farmacias-de-sao-vicente-e-presa#respond"]}]},{"@type":"WebPage","@id":"https:\/\/redenoticiaz.com.br\/litoralsp\/2022\/09\/23\/quadrilha-especializada-em-roubar-farmacias-de-sao-vicente-e-presa","url":"https:\/\/redenoticiaz.com.br\/litoralsp\/2022\/09\/23\/quadrilha-especializada-em-roubar-farmacias-de-sao-vicente-e-presa","name":"Quadrilha especializada em roubar farm\u00e1cias de S\u00e3o Vicente \u00e9 presa - Litoral SP","isPartOf":{"@id":"https:\/\/redenoticiaz.com.br\/litoralsp\/#website"},"primaryImageOfPage":{"@id":"https:\/\/redenoticiaz.com.br\/litoralsp\/2022\/09\/23\/quadrilha-especializada-em-roubar-farmacias-de-sao-vicente-e-presa#primaryimage"},"image":{"@id":"https:\/\/redenoticiaz.com.br\/litoralsp\/2022\/09\/23\/quadrilha-especializada-em-roubar-farmacias-de-sao-vicente-e-presa#primaryimage"},"thumbnailUrl":"https:\/\/redenoticiaz.com.br\/litoralsp\/wp-content\/uploads\/sites\/3\/2022\/09\/5be007b3-a6a8-43b2-9388-73350a3e5d4c.jpg","datePublished":"2022-09-23T14:30:30+00:00","description":"Uma quadrilha especializada em roubos de farm\u00e1cias de S\u00e3o Vicente foi presa. A a\u00e7\u00e3o foi conjunta entre a Pol\u00edcia Civil, com a","inLanguage":"pt-BR","potentialAction":[{"@type":"ReadAction","target":["https:\/\/redenoticiaz.com.br\/litoralsp\/2022\/09\/23\/quadrilha-especializada-em-roubar-farmacias-de-sao-vicente-e-presa"]}]},{"@type":"ImageObject","inLanguage":"pt-BR","@id":"https:\/\/redenoticiaz.com.br\/litoralsp\/2022\/09\/23\/quadrilha-especializada-em-roubar-farmacias-de-sao-vicente-e-presa#primaryimage","url":"https:\/\/redenoticiaz.com.br\/litoralsp\/wp-content\/uploads\/sites\/3\/2022\/09\/5be007b3-a6a8-43b2-9388-73350a3e5d4c.jpg","contentUrl":"https:\/\/redenoticiaz.com.br\/litoralsp\/wp-content\/uploads\/sites\/3\/2022\/09\/5be007b3-a6a8-43b2-9388-73350a3e5d4c.jpg","width":1280,"height":853,"caption":"Cr\u00e9ditos: Divulga\u00e7\u00e3o\/Prefeitura de S\u00e3o Vicente"},{"@type":"WebSite","@id":"https:\/\/redenoticiaz.com.br\/litoralsp\/#website","url":"https:\/\/redenoticiaz.com.br\/litoralsp\/","name":"Litoral SP","description":"Rede NoticiaZ","publisher":{"@id":"https:\/\/redenoticiaz.com.br\/litoralsp\/#organization"},"potentialAction":[{"@type":"SearchAction","target":{"@type":"EntryPoint","urlTemplate":"https:\/\/redenoticiaz.com.br\/litoralsp\/?s={search_term_string}"},"query-input":{"@type":"PropertyValueSpecification","valueRequired":true,"valueName":"search_term_string"}}],"inLanguage":"pt-BR"},{"@type":"Organization","@id":"https:\/\/redenoticiaz.com.br\/litoralsp\/#organization","name":"Litoral SP","url":"https:\/\/redenoticiaz.com.br\/litoralsp\/","logo":{"@type":"ImageObject","inLanguage":"pt-BR","@id":"https:\/\/redenoticiaz.com.br\/litoralsp\/#\/schema\/logo\/image\/","url":"https:\/\/redenoticiaz.com.br\/litoralsp\/wp-content\/uploads\/sites\/3\/2020\/11\/logo.jpg","contentUrl":"https:\/\/redenoticiaz.com.br\/litoralsp\/wp-content\/uploads\/sites\/3\/2020\/11\/logo.jpg","width":400,"height":250,"caption":"Litoral SP"},"image":{"@id":"https:\/\/redenoticiaz.com.br\/litoralsp\/#\/schema\/logo\/image\/"}},{"@type":"Person","@id":"https:\/\/redenoticiaz.com.br\/litoralsp\/#\/schema\/person\/0f0b8a5bdafefe82841e07ae8d81ecb3","name":"Leonardo Francisco","image":{"@type":"ImageObject","inLanguage":"pt-BR","@id":"https:\/\/secure.gravatar.com\/avatar\/a7358cb406a99b682ec6df1e77e31ae82e63601f6784e8a3df411d72b37864da?s=96&d=mm&r=g","url":"https:\/\/secure.gravatar.com\/avatar\/a7358cb406a99b682ec6df1e77e31ae82e63601f6784e8a3df411d72b37864da?s=96&d=mm&r=g","contentUrl":"https:\/\/secure.gravatar.com\/avatar\/a7358cb406a99b682ec6df1e77e31ae82e63601f6784e8a3df411d72b37864da?s=96&d=mm&r=g","caption":"Leonardo Francisco"},"url":"https:\/\/redenoticiaz.com.br\/litoralsp\/author\/leonardo-francisco"}]}},"_links":{"self":[{"href":"https:\/\/redenoticiaz.com.br\/litoralsp\/wp-json\/wp\/v2\/posts\/91943","targetHints":{"allow":["GET"]}}],"collection":[{"href":"https:\/\/redenoticiaz.com.br\/litoralsp\/wp-json\/wp\/v2\/posts"}],"about":[{"href":"https:\/\/redenoticiaz.com.br\/litoralsp\/wp-json\/wp\/v2\/types\/post"}],"author":[{"embeddable":true,"href":"https:\/\/redenoticiaz.com.br\/litoralsp\/wp-json\/wp\/v2\/users\/6"}],"replies":[{"embeddable":true,"href":"https:\/\/redenoticiaz.com.br\/litoralsp\/wp-json\/wp\/v2\/comments?post=91943"}],"version-history":[{"count":1,"href":"https:\/\/redenoticiaz.com.br\/litoralsp\/wp-json\/wp\/v2\/posts\/91943\/revisions"}],"predecessor-version":[{"id":91944,"href":"https:\/\/redenoticiaz.com.br\/litoralsp\/wp-json\/wp\/v2\/posts\/91943\/revisions\/91944"}],"wp:featuredmedia":[{"embeddable":true,"href":"https:\/\/redenoticiaz.com.br\/litoralsp\/wp-json\/wp\/v2\/media\/91945"}],"wp:attachment":[{"href":"https:\/\/redenoticiaz.com.br\/litoralsp\/wp-json\/wp\/v2\/media?parent=91943"}],"wp:term":[{"taxonomy":"category","embeddable":true,"href":"https:\/\/redenoticiaz.com.br\/litoralsp\/wp-json\/wp\/v2\/categories?post=91943"},{"taxonomy":"post_tag","embeddable":true,"href":"https:\/\/redenoticiaz.com.br\/litoralsp\/wp-json\/wp\/v2\/tags?post=91943"}],"curies":[{"name":"wp","href":"https:\/\/api.w.org\/{rel}","templated":true}]}}