{"id":91997,"date":"2022-09-24T10:47:39","date_gmt":"2022-09-24T13:47:39","guid":{"rendered":"https:\/\/redenoticiaz.com.br\/litoralsp\/2022\/09\/24\/roger-federer-a-lenda-do-tenis-se-despede-com-todas-as-reverencias"},"modified":"2022-09-24T10:47:39","modified_gmt":"2022-09-24T13:47:39","slug":"roger-federer-a-lenda-do-tenis-se-despede-com-todas-as-reverencias","status":"publish","type":"post","link":"https:\/\/redenoticiaz.com.br\/litoralsp\/2022\/09\/24\/roger-federer-a-lenda-do-tenis-se-despede-com-todas-as-reverencias","title":{"rendered":"Roger Federer: A lenda do t\u00eanis se despede com todas as rever\u00eancias"},"content":{"rendered":"<p>O mundo do esporte se despediu de uma das maiores lendas de todos os tempos. Aos 41 anos, chegou ao fim a carreira do tenista <strong>Roger Federer<\/strong> e ele sem d\u00favidas \u00e9 uma refer\u00eancia n\u00e3o apenas para o t\u00eanis, mas para o esporte em geral. Dono de 20 Grand Slams e uma s\u00e9rie de recordes, o su\u00ed\u00e7o deu adeus no Laver Cup, que reuniu os melhores tenistas da Europa e do Mundo.<\/p>\n<p>O \u00faltimo jogo de Roger Federer aconteceu na quadra da O2 Arena, em Londres e ele jogava as duplas com ningu\u00e9m menos que Rafael Nadal. S\u00f3 que acabou perdendo por 2 sets 1, parciais de 6\/4, 6\/7 e 9\/11 para Jack Sock e Frances Tiafoe.<\/p>\n<p>O fim da partida foi marcado por uma homenagem emocionante ao, agora, ex-tenista. Todos os colegas choraram junto a Federer, que teve dificuldades at\u00e9 mesmo de dar entrevista. Um dos mais emocionados foi Nadal, que chorou do fim da partida em diante. Ap\u00f3s a partida, Rafael Nadal fez uma s\u00e9rie de declara\u00e7\u00f5es e agradecimentos.<\/p>\n<p>&#8220;Nunca foi para ser desse jeito. Eu s\u00f3 queria jogar t\u00eanis e estar com meus amigos. Foi uma jornada perfeita, eu faria tudo de novo&#8221;, afirmou Federer ap\u00f3s o jogo na quadra. &#8220;Eu estou muito feliz que aguentei at\u00e9 o fim, n\u00e3o estou triste. A partida foi \u00f3tima. Foi incr\u00edvel. Claro, jogar com o Rafa no mesmo time, todos os rapazes, essas lendas. Muito obrigado. \u00c9 maravilhoso, realmente \u00e9. Eu n\u00e3o queria me sentir sozinho ali e eu nunca me senti. Por um momento, quando me pediram para voltar para quadra. Mas dizer adeus como um time, com esses caras que viajaram ao redor do mundo comigo ao longo da jornada, foi incr\u00edvel.<\/p>\n<h3>Carreira<\/h3>\n<p>Roger Federer contabiliza na carreira uma galeria de conquistas, com 103 t\u00edtulos, sendo 20 Grand Slams. Al\u00e9m disso, acumulou mais R$ 680 milh\u00f5es em premia\u00e7\u00f5es ao longo da carreira. Ele tamb\u00e9m contabiliza a incr\u00edvel marca de 310 semanas como n\u00famero 1 do ranking mundial.<\/p>\n<p>Em Olimp\u00edadas, Roger Federer tem uma medalha de prata em simples, conquistada em Londres 2012, e um t\u00edtulo em Pequim 2008, ao lado de Stanislas Wawrinka. Em 2014, ajudou a Su\u00ed\u00e7a a ser campe\u00e3 da Copa Davis, que \u00e9 a Copa do Mundo entre pa\u00edses.<\/p>\n<p>J\u00e1 em Grand Slams, o su\u00ed\u00e7o tem oito conquistas em Wimbledon (2003, 2004, 2005, 2006, 2007, 2009, 2012, 2017), sendo considerado o Rei da Grama inglesa. Al\u00e9m disso, s\u00e3o seis conquistas do Australian Open (2004, 2006, 2007, 2010, 2017, 2018), cinco no US Open (2004, 2005, 2006, 2007, 2008) e um em Roland Garros (2009).<\/p>\n<h5>Veja mais recordes:<\/h5>\n<ul class=\"content-unordered-list\">\n<li>783 vit\u00f3rias<\/li>\n<li>81 apari\u00e7\u00f5es em Grand Slam (recordista ao lado de Feliciano Lopez)<\/li>\n<li>369 vit\u00f3rias em Grand Slam<\/li>\n<li>8 t\u00edtulos em Wimbledon<\/li>\n<li>10 finais seguidas de Grand Slam (entre 2005 e 2007)<\/li>\n<li>5 t\u00edtulos seguidos no Us Open (2004 a 2008)<\/li>\n<li>24 vit\u00f3rias contra tenistas no top 10 (2003 a 2005)<\/li>\n<li>65 vitorias seguidas na grama (2003 a 2008)<\/li>\n<li>968 semanas no top 10 do ranking mundial<\/li>\n<li>237 semanas seguidas como l\u00edder do ranking (2004 a 2008)<\/li>\n<\/ul>\n<p><strong>LEIA TAMB\u00c9M<\/strong><\/p>\n<p><a href=\"https:\/\/redenoticiaz.com.br\/blog\/2022\/09\/23\/brasil-vence-amistoso-contra-gana-e-convence\">Brasil vence amistoso contra Gana e convence<\/a><\/p>\n","protected":false},"excerpt":{"rendered":"<p>O mundo do esporte se despediu de uma das maiores lendas de todos os tempos. Aos 41 anos, chegou ao fim a carreira do tenista Roger Federer e ele sem d\u00favidas \u00e9 uma refer\u00eancia n\u00e3o apenas para o t\u00eanis, mas para o esporte em geral. Dono de 20 Grand Slams e uma s\u00e9rie de recordes, &hellip;<\/p>\n","protected":false},"author":6,"featured_media":91998,"comment_status":"open","ping_status":"closed","sticky":false,"template":"","format":"standard","meta":{"footnotes":""},"categories":[35],"tags":[59546,59547,58920,59292,25283],"class_list":["post-91997","post","type-post","status-publish","format-standard","has-post-thumbnail","hentry","category-esporte","tag-aposentadoria-de-federer","tag-laver-cup","tag-londres","tag-roger-federer","tag-tenis"],"yoast_head":"<!-- This site is optimized with the Yoast SEO plugin v27.5 - https:\/\/yoast.com\/product\/yoast-seo-wordpress\/ -->\n<title>Roger Federer: A lenda do t\u00eanis se despede com todas as rever\u00eancias - Litoral SP<\/title>\n<meta name=\"robots\" content=\"index, follow, max-snippet:-1, max-image-preview:large, max-video-preview:-1\" \/>\n<link rel=\"canonical\" href=\"https:\/\/redenoticiaz.com.br\/litoralsp\/2022\/09\/24\/roger-federer-a-lenda-do-tenis-se-despede-com-todas-as-reverencias\" \/>\n<meta property=\"og:locale\" content=\"pt_BR\" \/>\n<meta property=\"og:type\" content=\"article\" \/>\n<meta property=\"og:title\" content=\"Roger Federer: A lenda do t\u00eanis se despede com todas as rever\u00eancias - Litoral SP\" \/>\n<meta property=\"og:description\" content=\"O mundo do esporte se despediu de uma das maiores lendas de todos os tempos. Aos 41 anos, chegou ao fim a carreira do tenista Roger Federer e ele sem d\u00favidas \u00e9 uma refer\u00eancia n\u00e3o apenas para o t\u00eanis, mas para o esporte em geral. Dono de 20 Grand Slams e uma s\u00e9rie de recordes, &hellip;\" \/>\n<meta property=\"og:url\" content=\"https:\/\/redenoticiaz.com.br\/litoralsp\/2022\/09\/24\/roger-federer-a-lenda-do-tenis-se-despede-com-todas-as-reverencias\" \/>\n<meta property=\"og:site_name\" content=\"Litoral SP\" \/>\n<meta property=\"article:published_time\" content=\"2022-09-24T13:47:39+00:00\" \/>\n<meta name=\"author\" content=\"Leonardo Francisco\" \/>\n<meta name=\"twitter:card\" content=\"summary_large_image\" \/>\n<meta name=\"twitter:label1\" content=\"Escrito por\" \/>\n\t<meta name=\"twitter:data1\" content=\"Leonardo Francisco\" \/>\n\t<meta name=\"twitter:label2\" content=\"Est. tempo de leitura\" \/>\n\t<meta name=\"twitter:data2\" content=\"2 minutos\" \/>\n<script type=\"application\/ld+json\" class=\"yoast-schema-graph\">{\"@context\":\"https:\\\/\\\/schema.org\",\"@graph\":[{\"@type\":\"Article\",\"@id\":\"https:\\\/\\\/redenoticiaz.com.br\\\/litoralsp\\\/2022\\\/09\\\/24\\\/roger-federer-a-lenda-do-tenis-se-despede-com-todas-as-reverencias#article\",\"isPartOf\":{\"@id\":\"https:\\\/\\\/redenoticiaz.com.br\\\/litoralsp\\\/2022\\\/09\\\/24\\\/roger-federer-a-lenda-do-tenis-se-despede-com-todas-as-reverencias\"},\"author\":{\"name\":\"Leonardo Francisco\",\"@id\":\"https:\\\/\\\/redenoticiaz.com.br\\\/litoralsp\\\/#\\\/schema\\\/person\\\/0f0b8a5bdafefe82841e07ae8d81ecb3\"},\"headline\":\"Roger Federer: A lenda do t\u00eanis se despede com todas as rever\u00eancias\",\"datePublished\":\"2022-09-24T13:47:39+00:00\",\"mainEntityOfPage\":{\"@id\":\"https:\\\/\\\/redenoticiaz.com.br\\\/litoralsp\\\/2022\\\/09\\\/24\\\/roger-federer-a-lenda-do-tenis-se-despede-com-todas-as-reverencias\"},\"wordCount\":509,\"commentCount\":0,\"publisher\":{\"@id\":\"https:\\\/\\\/redenoticiaz.com.br\\\/litoralsp\\\/#organization\"},\"image\":{\"@id\":\"https:\\\/\\\/redenoticiaz.com.br\\\/litoralsp\\\/2022\\\/09\\\/24\\\/roger-federer-a-lenda-do-tenis-se-despede-com-todas-as-reverencias#primaryimage\"},\"thumbnailUrl\":\"https:\\\/\\\/redenoticiaz.com.br\\\/litoralsp\\\/wp-content\\\/uploads\\\/sites\\\/3\\\/2022\\\/09\\\/FEDERER-CARREIRA.jpg?v=1664027159\",\"keywords\":[\"APOSENTADORIA DE FEDERER\",\"LAVER CUP\",\"londres\",\"roger federer\",\"T\u00caNIS\"],\"articleSection\":[\"Esporte\"],\"inLanguage\":\"pt-BR\",\"potentialAction\":[{\"@type\":\"CommentAction\",\"name\":\"Comment\",\"target\":[\"https:\\\/\\\/redenoticiaz.com.br\\\/litoralsp\\\/2022\\\/09\\\/24\\\/roger-federer-a-lenda-do-tenis-se-despede-com-todas-as-reverencias#respond\"]}]},{\"@type\":\"WebPage\",\"@id\":\"https:\\\/\\\/redenoticiaz.com.br\\\/litoralsp\\\/2022\\\/09\\\/24\\\/roger-federer-a-lenda-do-tenis-se-despede-com-todas-as-reverencias\",\"url\":\"https:\\\/\\\/redenoticiaz.com.br\\\/litoralsp\\\/2022\\\/09\\\/24\\\/roger-federer-a-lenda-do-tenis-se-despede-com-todas-as-reverencias\",\"name\":\"Roger Federer: A lenda do t\u00eanis se despede com todas as rever\u00eancias - Litoral SP\",\"isPartOf\":{\"@id\":\"https:\\\/\\\/redenoticiaz.com.br\\\/litoralsp\\\/#website\"},\"primaryImageOfPage\":{\"@id\":\"https:\\\/\\\/redenoticiaz.com.br\\\/litoralsp\\\/2022\\\/09\\\/24\\\/roger-federer-a-lenda-do-tenis-se-despede-com-todas-as-reverencias#primaryimage\"},\"image\":{\"@id\":\"https:\\\/\\\/redenoticiaz.com.br\\\/litoralsp\\\/2022\\\/09\\\/24\\\/roger-federer-a-lenda-do-tenis-se-despede-com-todas-as-reverencias#primaryimage\"},\"thumbnailUrl\":\"https:\\\/\\\/redenoticiaz.com.br\\\/litoralsp\\\/wp-content\\\/uploads\\\/sites\\\/3\\\/2022\\\/09\\\/FEDERER-CARREIRA.jpg?v=1664027159\",\"datePublished\":\"2022-09-24T13:47:39+00:00\",\"inLanguage\":\"pt-BR\",\"potentialAction\":[{\"@type\":\"ReadAction\",\"target\":[\"https:\\\/\\\/redenoticiaz.com.br\\\/litoralsp\\\/2022\\\/09\\\/24\\\/roger-federer-a-lenda-do-tenis-se-despede-com-todas-as-reverencias\"]}]},{\"@type\":\"ImageObject\",\"inLanguage\":\"pt-BR\",\"@id\":\"https:\\\/\\\/redenoticiaz.com.br\\\/litoralsp\\\/2022\\\/09\\\/24\\\/roger-federer-a-lenda-do-tenis-se-despede-com-todas-as-reverencias#primaryimage\",\"url\":\"https:\\\/\\\/redenoticiaz.com.br\\\/litoralsp\\\/wp-content\\\/uploads\\\/sites\\\/3\\\/2022\\\/09\\\/FEDERER-CARREIRA.jpg?v=1664027159\",\"contentUrl\":\"https:\\\/\\\/redenoticiaz.com.br\\\/litoralsp\\\/wp-content\\\/uploads\\\/sites\\\/3\\\/2022\\\/09\\\/FEDERER-CARREIRA.jpg?v=1664027159\",\"width\":596,\"height\":395,\"caption\":\"Ele bateu uma s\u00e9rie de recordes, sendo o mais longevo como n\u00famero um no ranking mundial. Cr\u00e9ditos: Reuters\"},{\"@type\":\"WebSite\",\"@id\":\"https:\\\/\\\/redenoticiaz.com.br\\\/litoralsp\\\/#website\",\"url\":\"https:\\\/\\\/redenoticiaz.com.br\\\/litoralsp\\\/\",\"name\":\"Litoral SP\",\"description\":\"Rede NoticiaZ\",\"publisher\":{\"@id\":\"https:\\\/\\\/redenoticiaz.com.br\\\/litoralsp\\\/#organization\"},\"potentialAction\":[{\"@type\":\"SearchAction\",\"target\":{\"@type\":\"EntryPoint\",\"urlTemplate\":\"https:\\\/\\\/redenoticiaz.com.br\\\/litoralsp\\\/?s={search_term_string}\"},\"query-input\":{\"@type\":\"PropertyValueSpecification\",\"valueRequired\":true,\"valueName\":\"search_term_string\"}}],\"inLanguage\":\"pt-BR\"},{\"@type\":\"Organization\",\"@id\":\"https:\\\/\\\/redenoticiaz.com.br\\\/litoralsp\\\/#organization\",\"name\":\"Litoral SP\",\"url\":\"https:\\\/\\\/redenoticiaz.com.br\\\/litoralsp\\\/\",\"logo\":{\"@type\":\"ImageObject\",\"inLanguage\":\"pt-BR\",\"@id\":\"https:\\\/\\\/redenoticiaz.com.br\\\/litoralsp\\\/#\\\/schema\\\/logo\\\/image\\\/\",\"url\":\"https:\\\/\\\/redenoticiaz.com.br\\\/litoralsp\\\/wp-content\\\/uploads\\\/sites\\\/3\\\/2020\\\/11\\\/logo.jpg\",\"contentUrl\":\"https:\\\/\\\/redenoticiaz.com.br\\\/litoralsp\\\/wp-content\\\/uploads\\\/sites\\\/3\\\/2020\\\/11\\\/logo.jpg\",\"width\":400,\"height\":250,\"caption\":\"Litoral SP\"},\"image\":{\"@id\":\"https:\\\/\\\/redenoticiaz.com.br\\\/litoralsp\\\/#\\\/schema\\\/logo\\\/image\\\/\"}},{\"@type\":\"Person\",\"@id\":\"https:\\\/\\\/redenoticiaz.com.br\\\/litoralsp\\\/#\\\/schema\\\/person\\\/0f0b8a5bdafefe82841e07ae8d81ecb3\",\"name\":\"Leonardo Francisco\",\"image\":{\"@type\":\"ImageObject\",\"inLanguage\":\"pt-BR\",\"@id\":\"https:\\\/\\\/secure.gravatar.com\\\/avatar\\\/a7358cb406a99b682ec6df1e77e31ae82e63601f6784e8a3df411d72b37864da?s=96&d=mm&r=g\",\"url\":\"https:\\\/\\\/secure.gravatar.com\\\/avatar\\\/a7358cb406a99b682ec6df1e77e31ae82e63601f6784e8a3df411d72b37864da?s=96&d=mm&r=g\",\"contentUrl\":\"https:\\\/\\\/secure.gravatar.com\\\/avatar\\\/a7358cb406a99b682ec6df1e77e31ae82e63601f6784e8a3df411d72b37864da?s=96&d=mm&r=g\",\"caption\":\"Leonardo Francisco\"},\"url\":\"https:\\\/\\\/redenoticiaz.com.br\\\/litoralsp\\\/author\\\/leonardo-francisco\"}]}<\/script>\n<!-- \/ Yoast SEO plugin. -->","yoast_head_json":{"title":"Roger Federer: A lenda do t\u00eanis se despede com todas as rever\u00eancias - Litoral SP","robots":{"index":"index","follow":"follow","max-snippet":"max-snippet:-1","max-image-preview":"max-image-preview:large","max-video-preview":"max-video-preview:-1"},"canonical":"https:\/\/redenoticiaz.com.br\/litoralsp\/2022\/09\/24\/roger-federer-a-lenda-do-tenis-se-despede-com-todas-as-reverencias","og_locale":"pt_BR","og_type":"article","og_title":"Roger Federer: A lenda do t\u00eanis se despede com todas as rever\u00eancias - Litoral SP","og_description":"O mundo do esporte se despediu de uma das maiores lendas de todos os tempos. Aos 41 anos, chegou ao fim a carreira do tenista Roger Federer e ele sem d\u00favidas \u00e9 uma refer\u00eancia n\u00e3o apenas para o t\u00eanis, mas para o esporte em geral. Dono de 20 Grand Slams e uma s\u00e9rie de recordes, &hellip;","og_url":"https:\/\/redenoticiaz.com.br\/litoralsp\/2022\/09\/24\/roger-federer-a-lenda-do-tenis-se-despede-com-todas-as-reverencias","og_site_name":"Litoral SP","article_published_time":"2022-09-24T13:47:39+00:00","author":"Leonardo Francisco","twitter_card":"summary_large_image","twitter_misc":{"Escrito por":"Leonardo Francisco","Est. tempo de leitura":"2 minutos"},"schema":{"@context":"https:\/\/schema.org","@graph":[{"@type":"Article","@id":"https:\/\/redenoticiaz.com.br\/litoralsp\/2022\/09\/24\/roger-federer-a-lenda-do-tenis-se-despede-com-todas-as-reverencias#article","isPartOf":{"@id":"https:\/\/redenoticiaz.com.br\/litoralsp\/2022\/09\/24\/roger-federer-a-lenda-do-tenis-se-despede-com-todas-as-reverencias"},"author":{"name":"Leonardo Francisco","@id":"https:\/\/redenoticiaz.com.br\/litoralsp\/#\/schema\/person\/0f0b8a5bdafefe82841e07ae8d81ecb3"},"headline":"Roger Federer: A lenda do t\u00eanis se despede com todas as rever\u00eancias","datePublished":"2022-09-24T13:47:39+00:00","mainEntityOfPage":{"@id":"https:\/\/redenoticiaz.com.br\/litoralsp\/2022\/09\/24\/roger-federer-a-lenda-do-tenis-se-despede-com-todas-as-reverencias"},"wordCount":509,"commentCount":0,"publisher":{"@id":"https:\/\/redenoticiaz.com.br\/litoralsp\/#organization"},"image":{"@id":"https:\/\/redenoticiaz.com.br\/litoralsp\/2022\/09\/24\/roger-federer-a-lenda-do-tenis-se-despede-com-todas-as-reverencias#primaryimage"},"thumbnailUrl":"https:\/\/redenoticiaz.com.br\/litoralsp\/wp-content\/uploads\/sites\/3\/2022\/09\/FEDERER-CARREIRA.jpg?v=1664027159","keywords":["APOSENTADORIA DE FEDERER","LAVER CUP","londres","roger federer","T\u00caNIS"],"articleSection":["Esporte"],"inLanguage":"pt-BR","potentialAction":[{"@type":"CommentAction","name":"Comment","target":["https:\/\/redenoticiaz.com.br\/litoralsp\/2022\/09\/24\/roger-federer-a-lenda-do-tenis-se-despede-com-todas-as-reverencias#respond"]}]},{"@type":"WebPage","@id":"https:\/\/redenoticiaz.com.br\/litoralsp\/2022\/09\/24\/roger-federer-a-lenda-do-tenis-se-despede-com-todas-as-reverencias","url":"https:\/\/redenoticiaz.com.br\/litoralsp\/2022\/09\/24\/roger-federer-a-lenda-do-tenis-se-despede-com-todas-as-reverencias","name":"Roger Federer: A lenda do t\u00eanis se despede com todas as rever\u00eancias - Litoral SP","isPartOf":{"@id":"https:\/\/redenoticiaz.com.br\/litoralsp\/#website"},"primaryImageOfPage":{"@id":"https:\/\/redenoticiaz.com.br\/litoralsp\/2022\/09\/24\/roger-federer-a-lenda-do-tenis-se-despede-com-todas-as-reverencias#primaryimage"},"image":{"@id":"https:\/\/redenoticiaz.com.br\/litoralsp\/2022\/09\/24\/roger-federer-a-lenda-do-tenis-se-despede-com-todas-as-reverencias#primaryimage"},"thumbnailUrl":"https:\/\/redenoticiaz.com.br\/litoralsp\/wp-content\/uploads\/sites\/3\/2022\/09\/FEDERER-CARREIRA.jpg?v=1664027159","datePublished":"2022-09-24T13:47:39+00:00","inLanguage":"pt-BR","potentialAction":[{"@type":"ReadAction","target":["https:\/\/redenoticiaz.com.br\/litoralsp\/2022\/09\/24\/roger-federer-a-lenda-do-tenis-se-despede-com-todas-as-reverencias"]}]},{"@type":"ImageObject","inLanguage":"pt-BR","@id":"https:\/\/redenoticiaz.com.br\/litoralsp\/2022\/09\/24\/roger-federer-a-lenda-do-tenis-se-despede-com-todas-as-reverencias#primaryimage","url":"https:\/\/redenoticiaz.com.br\/litoralsp\/wp-content\/uploads\/sites\/3\/2022\/09\/FEDERER-CARREIRA.jpg?v=1664027159","contentUrl":"https:\/\/redenoticiaz.com.br\/litoralsp\/wp-content\/uploads\/sites\/3\/2022\/09\/FEDERER-CARREIRA.jpg?v=1664027159","width":596,"height":395,"caption":"Ele bateu uma s\u00e9rie de recordes, sendo o mais longevo como n\u00famero um no ranking mundial. Cr\u00e9ditos: Reuters"},{"@type":"WebSite","@id":"https:\/\/redenoticiaz.com.br\/litoralsp\/#website","url":"https:\/\/redenoticiaz.com.br\/litoralsp\/","name":"Litoral SP","description":"Rede NoticiaZ","publisher":{"@id":"https:\/\/redenoticiaz.com.br\/litoralsp\/#organization"},"potentialAction":[{"@type":"SearchAction","target":{"@type":"EntryPoint","urlTemplate":"https:\/\/redenoticiaz.com.br\/litoralsp\/?s={search_term_string}"},"query-input":{"@type":"PropertyValueSpecification","valueRequired":true,"valueName":"search_term_string"}}],"inLanguage":"pt-BR"},{"@type":"Organization","@id":"https:\/\/redenoticiaz.com.br\/litoralsp\/#organization","name":"Litoral SP","url":"https:\/\/redenoticiaz.com.br\/litoralsp\/","logo":{"@type":"ImageObject","inLanguage":"pt-BR","@id":"https:\/\/redenoticiaz.com.br\/litoralsp\/#\/schema\/logo\/image\/","url":"https:\/\/redenoticiaz.com.br\/litoralsp\/wp-content\/uploads\/sites\/3\/2020\/11\/logo.jpg","contentUrl":"https:\/\/redenoticiaz.com.br\/litoralsp\/wp-content\/uploads\/sites\/3\/2020\/11\/logo.jpg","width":400,"height":250,"caption":"Litoral SP"},"image":{"@id":"https:\/\/redenoticiaz.com.br\/litoralsp\/#\/schema\/logo\/image\/"}},{"@type":"Person","@id":"https:\/\/redenoticiaz.com.br\/litoralsp\/#\/schema\/person\/0f0b8a5bdafefe82841e07ae8d81ecb3","name":"Leonardo Francisco","image":{"@type":"ImageObject","inLanguage":"pt-BR","@id":"https:\/\/secure.gravatar.com\/avatar\/a7358cb406a99b682ec6df1e77e31ae82e63601f6784e8a3df411d72b37864da?s=96&d=mm&r=g","url":"https:\/\/secure.gravatar.com\/avatar\/a7358cb406a99b682ec6df1e77e31ae82e63601f6784e8a3df411d72b37864da?s=96&d=mm&r=g","contentUrl":"https:\/\/secure.gravatar.com\/avatar\/a7358cb406a99b682ec6df1e77e31ae82e63601f6784e8a3df411d72b37864da?s=96&d=mm&r=g","caption":"Leonardo Francisco"},"url":"https:\/\/redenoticiaz.com.br\/litoralsp\/author\/leonardo-francisco"}]}},"_links":{"self":[{"href":"https:\/\/redenoticiaz.com.br\/litoralsp\/wp-json\/wp\/v2\/posts\/91997","targetHints":{"allow":["GET"]}}],"collection":[{"href":"https:\/\/redenoticiaz.com.br\/litoralsp\/wp-json\/wp\/v2\/posts"}],"about":[{"href":"https:\/\/redenoticiaz.com.br\/litoralsp\/wp-json\/wp\/v2\/types\/post"}],"author":[{"embeddable":true,"href":"https:\/\/redenoticiaz.com.br\/litoralsp\/wp-json\/wp\/v2\/users\/6"}],"replies":[{"embeddable":true,"href":"https:\/\/redenoticiaz.com.br\/litoralsp\/wp-json\/wp\/v2\/comments?post=91997"}],"version-history":[{"count":0,"href":"https:\/\/redenoticiaz.com.br\/litoralsp\/wp-json\/wp\/v2\/posts\/91997\/revisions"}],"wp:featuredmedia":[{"embeddable":true,"href":"https:\/\/redenoticiaz.com.br\/litoralsp\/wp-json\/wp\/v2\/media\/91998"}],"wp:attachment":[{"href":"https:\/\/redenoticiaz.com.br\/litoralsp\/wp-json\/wp\/v2\/media?parent=91997"}],"wp:term":[{"taxonomy":"category","embeddable":true,"href":"https:\/\/redenoticiaz.com.br\/litoralsp\/wp-json\/wp\/v2\/categories?post=91997"},{"taxonomy":"post_tag","embeddable":true,"href":"https:\/\/redenoticiaz.com.br\/litoralsp\/wp-json\/wp\/v2\/tags?post=91997"}],"curies":[{"name":"wp","href":"https:\/\/api.w.org\/{rel}","templated":true}]}}