{"id":92,"date":"2020-11-12T15:50:02","date_gmt":"2020-11-12T18:50:02","guid":{"rendered":"https:\/\/redenoticiaz.com.br\/litoralsp\/2020\/11\/12\/comercio-em-horario-noturno-ainda-gera-duvidas\/"},"modified":"2020-11-12T15:50:02","modified_gmt":"2020-11-12T18:50:02","slug":"comercio-em-horario-noturno-ainda-gera-duvidas","status":"publish","type":"post","link":"https:\/\/redenoticiaz.com.br\/litoralsp\/2020\/11\/12\/comercio-em-horario-noturno-ainda-gera-duvidas","title":{"rendered":"Com\u00e9rcio em hor\u00e1rio noturno ainda gera d\u00favidas"},"content":{"rendered":"<p>Est\u00e1 chegando a \u00e9poca das festas de Natal e Ano Novo e os comerciantes de <a href=\"https:\/\/jundiai.sp.gov.br\/\">Jundia\u00ed<\/a> ainda tem uma d\u00favida. Eles n\u00e3o sabem se poder\u00e3o ter o com\u00e9rcio funcionando de hor\u00e1rio noturno. Geralmente a cidade prolongava a abertura de seus estabelecimentos at\u00e9 \u00e0s 22h para que a popula\u00e7\u00e3o fizesse as compras de fim de ano.<\/p>\n<p>Entretanto devido a pandemia do coronav\u00edrus, eles vivem momentos de incerteza sobre como ir\u00e3o atuar durante estas festas e caso o hor\u00e1rio seja restrito, diversas adapta\u00e7\u00f5es precisar\u00e3o acontecer. O presidente da <a href=\"https:\/\/www.acejundiai.com.br\/\">Associa\u00e7\u00e3o Comercial e Empresarial<\/a> (ACE), Mark William explica que uma pesquisa foi feira entre os trabalhadores do com\u00e9rcio em rela\u00e7\u00e3o ao tema.<\/p>\n<p>&#8220;Estamos em um cen\u00e1rio muito incerto e ainda n\u00e3o sabemos como ser\u00e1 o funcionamento. Alguns desejam abrir todos os dias e estender o hor\u00e1rio at\u00e9 22h durante a semana, mas ainda n\u00e3o h\u00e1 nada definido.&#8221;, compartilha, alegando que os \u00edndices de cont\u00e1gio da covid-19 ir\u00e3o interferir diretamente em toda e qualquer decis\u00e3o.<\/p>\n<p>Mesmo ainda em hor\u00e1rio convencional, as vendas j\u00e1 come\u00e7aram a crescer. \u00c9 o que conta o presidente da C\u00e2mara de Dirigentes Lojistas de Jundia\u00ed (CDL) e do Sindicato do Com\u00e9rcio Varejista de Jundia\u00ed (Sincomercio), Edison Maltoni.<\/p>\n<p>&#8220;Em rela\u00e7\u00e3o ao m\u00eas anterior, as vendas j\u00e1 tiveram aumento de 40% e a tend\u00eancia \u00e9 que melhore nas pr\u00f3ximas semanas. J\u00e1 em rela\u00e7\u00e3o ao Natal do ano anterior, ainda \u00e9 dif\u00edcil estimar, mas as pesquisas mostram que a expectativa \u00e9 que haja um crescimento de 4%&#8221;, diz.<\/p>\n<p>Leia tamb\u00e9m<\/p>\n<p><a href=\"https:\/\/redenoticiaz.com.br\/blog\/2020\/11\/09\/comeca-a-promocao-natal-da-familia\/\">Come\u00e7a a promo\u00e7\u00e3o Natal da Fam\u00edlia<\/a><\/p>\n","protected":false},"excerpt":{"rendered":"<p>Est\u00e1 chegando a \u00e9poca das festas de Natal e Ano Novo e os comerciantes de Jundia\u00ed ainda tem uma d\u00favida. Eles n\u00e3o sabem se poder\u00e3o ter o com\u00e9rcio funcionando de hor\u00e1rio noturno. Geralmente a cidade prolongava a abertura de seus estabelecimentos at\u00e9 \u00e0s 22h para que a popula\u00e7\u00e3o fizesse as compras de fim de ano. &hellip;<\/p>\n","protected":false},"author":5,"featured_media":93,"comment_status":"open","ping_status":"closed","sticky":false,"template":"","format":"standard","meta":{"footnotes":""},"categories":[97],"tags":[6,98,99,100,101],"class_list":["post-92","post","type-post","status-publish","format-standard","has-post-thumbnail","hentry","category-economia","tag-jundiai","tag-ace","tag-ano-novo","tag-comercio","tag-natal"],"yoast_head":"<!-- This site is optimized with the Yoast SEO plugin v27.5 - https:\/\/yoast.com\/product\/yoast-seo-wordpress\/ -->\n<title>Com\u00e9rcio em hor\u00e1rio noturno ainda gera d\u00favidas - Litoral SP<\/title>\n<meta name=\"robots\" content=\"index, follow, max-snippet:-1, max-image-preview:large, max-video-preview:-1\" \/>\n<link rel=\"canonical\" href=\"https:\/\/redenoticiaz.com.br\/litoralsp\/2020\/11\/12\/comercio-em-horario-noturno-ainda-gera-duvidas\" \/>\n<meta property=\"og:locale\" content=\"pt_BR\" \/>\n<meta property=\"og:type\" content=\"article\" \/>\n<meta property=\"og:title\" content=\"Com\u00e9rcio em hor\u00e1rio noturno ainda gera d\u00favidas - Litoral SP\" \/>\n<meta property=\"og:description\" content=\"Est\u00e1 chegando a \u00e9poca das festas de Natal e Ano Novo e os comerciantes de Jundia\u00ed ainda tem uma d\u00favida. Eles n\u00e3o sabem se poder\u00e3o ter o com\u00e9rcio funcionando de hor\u00e1rio noturno. Geralmente a cidade prolongava a abertura de seus estabelecimentos at\u00e9 \u00e0s 22h para que a popula\u00e7\u00e3o fizesse as compras de fim de ano. &hellip;\" \/>\n<meta property=\"og:url\" content=\"https:\/\/redenoticiaz.com.br\/litoralsp\/2020\/11\/12\/comercio-em-horario-noturno-ainda-gera-duvidas\" \/>\n<meta property=\"og:site_name\" content=\"Litoral SP\" \/>\n<meta property=\"article:published_time\" content=\"2020-11-12T18:50:02+00:00\" \/>\n<meta property=\"og:image\" content=\"https:\/\/redenoticiaz.com.br\/litoralsp\/wp-content\/uploads\/sites\/3\/2020\/11\/dsc09786-850x500-1.jpg\" \/>\n\t<meta property=\"og:image:width\" content=\"850\" \/>\n\t<meta property=\"og:image:height\" content=\"500\" \/>\n\t<meta property=\"og:image:type\" content=\"image\/jpeg\" \/>\n<meta name=\"author\" content=\"Patr\u00edcia Prado\" \/>\n<meta name=\"twitter:card\" content=\"summary_large_image\" \/>\n<meta name=\"twitter:label1\" content=\"Escrito por\" \/>\n\t<meta name=\"twitter:data1\" content=\"Patr\u00edcia Prado\" \/>\n\t<meta name=\"twitter:label2\" content=\"Est. tempo de leitura\" \/>\n\t<meta name=\"twitter:data2\" content=\"1 minuto\" \/>\n<script type=\"application\/ld+json\" class=\"yoast-schema-graph\">{\"@context\":\"https:\\\/\\\/schema.org\",\"@graph\":[{\"@type\":\"Article\",\"@id\":\"https:\\\/\\\/redenoticiaz.com.br\\\/litoralsp\\\/2020\\\/11\\\/12\\\/comercio-em-horario-noturno-ainda-gera-duvidas#article\",\"isPartOf\":{\"@id\":\"https:\\\/\\\/redenoticiaz.com.br\\\/litoralsp\\\/2020\\\/11\\\/12\\\/comercio-em-horario-noturno-ainda-gera-duvidas\"},\"author\":{\"name\":\"Patr\u00edcia Prado\",\"@id\":\"https:\\\/\\\/redenoticiaz.com.br\\\/litoralsp\\\/#\\\/schema\\\/person\\\/e1b0bd8c2637e2c1b6ddcbc2c33b116f\"},\"headline\":\"Com\u00e9rcio em hor\u00e1rio noturno ainda gera d\u00favidas\",\"datePublished\":\"2020-11-12T18:50:02+00:00\",\"mainEntityOfPage\":{\"@id\":\"https:\\\/\\\/redenoticiaz.com.br\\\/litoralsp\\\/2020\\\/11\\\/12\\\/comercio-em-horario-noturno-ainda-gera-duvidas\"},\"wordCount\":291,\"commentCount\":0,\"publisher\":{\"@id\":\"https:\\\/\\\/redenoticiaz.com.br\\\/litoralsp\\\/#organization\"},\"image\":{\"@id\":\"https:\\\/\\\/redenoticiaz.com.br\\\/litoralsp\\\/2020\\\/11\\\/12\\\/comercio-em-horario-noturno-ainda-gera-duvidas#primaryimage\"},\"thumbnailUrl\":\"https:\\\/\\\/redenoticiaz.com.br\\\/litoralsp\\\/wp-content\\\/uploads\\\/sites\\\/3\\\/2020\\\/11\\\/dsc09786-850x500-1.jpg\",\"keywords\":[\"#jundiai\",\"ace\",\"ANO NOVO\",\"com\u00e9rcio\",\"NATAL\"],\"articleSection\":[\"Economia\"],\"inLanguage\":\"pt-BR\",\"potentialAction\":[{\"@type\":\"CommentAction\",\"name\":\"Comment\",\"target\":[\"https:\\\/\\\/redenoticiaz.com.br\\\/litoralsp\\\/2020\\\/11\\\/12\\\/comercio-em-horario-noturno-ainda-gera-duvidas#respond\"]}]},{\"@type\":\"WebPage\",\"@id\":\"https:\\\/\\\/redenoticiaz.com.br\\\/litoralsp\\\/2020\\\/11\\\/12\\\/comercio-em-horario-noturno-ainda-gera-duvidas\",\"url\":\"https:\\\/\\\/redenoticiaz.com.br\\\/litoralsp\\\/2020\\\/11\\\/12\\\/comercio-em-horario-noturno-ainda-gera-duvidas\",\"name\":\"Com\u00e9rcio em hor\u00e1rio noturno ainda gera d\u00favidas - Litoral SP\",\"isPartOf\":{\"@id\":\"https:\\\/\\\/redenoticiaz.com.br\\\/litoralsp\\\/#website\"},\"primaryImageOfPage\":{\"@id\":\"https:\\\/\\\/redenoticiaz.com.br\\\/litoralsp\\\/2020\\\/11\\\/12\\\/comercio-em-horario-noturno-ainda-gera-duvidas#primaryimage\"},\"image\":{\"@id\":\"https:\\\/\\\/redenoticiaz.com.br\\\/litoralsp\\\/2020\\\/11\\\/12\\\/comercio-em-horario-noturno-ainda-gera-duvidas#primaryimage\"},\"thumbnailUrl\":\"https:\\\/\\\/redenoticiaz.com.br\\\/litoralsp\\\/wp-content\\\/uploads\\\/sites\\\/3\\\/2020\\\/11\\\/dsc09786-850x500-1.jpg\",\"datePublished\":\"2020-11-12T18:50:02+00:00\",\"inLanguage\":\"pt-BR\",\"potentialAction\":[{\"@type\":\"ReadAction\",\"target\":[\"https:\\\/\\\/redenoticiaz.com.br\\\/litoralsp\\\/2020\\\/11\\\/12\\\/comercio-em-horario-noturno-ainda-gera-duvidas\"]}]},{\"@type\":\"ImageObject\",\"inLanguage\":\"pt-BR\",\"@id\":\"https:\\\/\\\/redenoticiaz.com.br\\\/litoralsp\\\/2020\\\/11\\\/12\\\/comercio-em-horario-noturno-ainda-gera-duvidas#primaryimage\",\"url\":\"https:\\\/\\\/redenoticiaz.com.br\\\/litoralsp\\\/wp-content\\\/uploads\\\/sites\\\/3\\\/2020\\\/11\\\/dsc09786-850x500-1.jpg\",\"contentUrl\":\"https:\\\/\\\/redenoticiaz.com.br\\\/litoralsp\\\/wp-content\\\/uploads\\\/sites\\\/3\\\/2020\\\/11\\\/dsc09786-850x500-1.jpg\",\"width\":850,\"height\":500,\"caption\":\"\u00c9poca de Natal e Ano Novo s\u00e3o que geram maior faturamento no setor.\"},{\"@type\":\"WebSite\",\"@id\":\"https:\\\/\\\/redenoticiaz.com.br\\\/litoralsp\\\/#website\",\"url\":\"https:\\\/\\\/redenoticiaz.com.br\\\/litoralsp\\\/\",\"name\":\"Litoral SP\",\"description\":\"Rede NoticiaZ\",\"publisher\":{\"@id\":\"https:\\\/\\\/redenoticiaz.com.br\\\/litoralsp\\\/#organization\"},\"potentialAction\":[{\"@type\":\"SearchAction\",\"target\":{\"@type\":\"EntryPoint\",\"urlTemplate\":\"https:\\\/\\\/redenoticiaz.com.br\\\/litoralsp\\\/?s={search_term_string}\"},\"query-input\":{\"@type\":\"PropertyValueSpecification\",\"valueRequired\":true,\"valueName\":\"search_term_string\"}}],\"inLanguage\":\"pt-BR\"},{\"@type\":\"Organization\",\"@id\":\"https:\\\/\\\/redenoticiaz.com.br\\\/litoralsp\\\/#organization\",\"name\":\"Litoral SP\",\"url\":\"https:\\\/\\\/redenoticiaz.com.br\\\/litoralsp\\\/\",\"logo\":{\"@type\":\"ImageObject\",\"inLanguage\":\"pt-BR\",\"@id\":\"https:\\\/\\\/redenoticiaz.com.br\\\/litoralsp\\\/#\\\/schema\\\/logo\\\/image\\\/\",\"url\":\"https:\\\/\\\/redenoticiaz.com.br\\\/litoralsp\\\/wp-content\\\/uploads\\\/sites\\\/3\\\/2020\\\/11\\\/logo.jpg\",\"contentUrl\":\"https:\\\/\\\/redenoticiaz.com.br\\\/litoralsp\\\/wp-content\\\/uploads\\\/sites\\\/3\\\/2020\\\/11\\\/logo.jpg\",\"width\":400,\"height\":250,\"caption\":\"Litoral SP\"},\"image\":{\"@id\":\"https:\\\/\\\/redenoticiaz.com.br\\\/litoralsp\\\/#\\\/schema\\\/logo\\\/image\\\/\"}},{\"@type\":\"Person\",\"@id\":\"https:\\\/\\\/redenoticiaz.com.br\\\/litoralsp\\\/#\\\/schema\\\/person\\\/e1b0bd8c2637e2c1b6ddcbc2c33b116f\",\"name\":\"Patr\u00edcia Prado\",\"image\":{\"@type\":\"ImageObject\",\"inLanguage\":\"pt-BR\",\"@id\":\"https:\\\/\\\/secure.gravatar.com\\\/avatar\\\/92e358bef22cfcec15e054ae4d9fee04dadf0c772dc4a17b382b8a34a15354c2?s=96&d=mm&r=g\",\"url\":\"https:\\\/\\\/secure.gravatar.com\\\/avatar\\\/92e358bef22cfcec15e054ae4d9fee04dadf0c772dc4a17b382b8a34a15354c2?s=96&d=mm&r=g\",\"contentUrl\":\"https:\\\/\\\/secure.gravatar.com\\\/avatar\\\/92e358bef22cfcec15e054ae4d9fee04dadf0c772dc4a17b382b8a34a15354c2?s=96&d=mm&r=g\",\"caption\":\"Patr\u00edcia Prado\"},\"url\":\"https:\\\/\\\/redenoticiaz.com.br\\\/litoralsp\\\/author\\\/patricia-prado\"}]}<\/script>\n<!-- \/ Yoast SEO plugin. -->","yoast_head_json":{"title":"Com\u00e9rcio em hor\u00e1rio noturno ainda gera d\u00favidas - Litoral SP","robots":{"index":"index","follow":"follow","max-snippet":"max-snippet:-1","max-image-preview":"max-image-preview:large","max-video-preview":"max-video-preview:-1"},"canonical":"https:\/\/redenoticiaz.com.br\/litoralsp\/2020\/11\/12\/comercio-em-horario-noturno-ainda-gera-duvidas","og_locale":"pt_BR","og_type":"article","og_title":"Com\u00e9rcio em hor\u00e1rio noturno ainda gera d\u00favidas - Litoral SP","og_description":"Est\u00e1 chegando a \u00e9poca das festas de Natal e Ano Novo e os comerciantes de Jundia\u00ed ainda tem uma d\u00favida. Eles n\u00e3o sabem se poder\u00e3o ter o com\u00e9rcio funcionando de hor\u00e1rio noturno. Geralmente a cidade prolongava a abertura de seus estabelecimentos at\u00e9 \u00e0s 22h para que a popula\u00e7\u00e3o fizesse as compras de fim de ano. &hellip;","og_url":"https:\/\/redenoticiaz.com.br\/litoralsp\/2020\/11\/12\/comercio-em-horario-noturno-ainda-gera-duvidas","og_site_name":"Litoral SP","article_published_time":"2020-11-12T18:50:02+00:00","og_image":[{"width":850,"height":500,"url":"https:\/\/redenoticiaz.com.br\/litoralsp\/wp-content\/uploads\/sites\/3\/2020\/11\/dsc09786-850x500-1.jpg","type":"image\/jpeg"}],"author":"Patr\u00edcia Prado","twitter_card":"summary_large_image","twitter_misc":{"Escrito por":"Patr\u00edcia Prado","Est. tempo de leitura":"1 minuto"},"schema":{"@context":"https:\/\/schema.org","@graph":[{"@type":"Article","@id":"https:\/\/redenoticiaz.com.br\/litoralsp\/2020\/11\/12\/comercio-em-horario-noturno-ainda-gera-duvidas#article","isPartOf":{"@id":"https:\/\/redenoticiaz.com.br\/litoralsp\/2020\/11\/12\/comercio-em-horario-noturno-ainda-gera-duvidas"},"author":{"name":"Patr\u00edcia Prado","@id":"https:\/\/redenoticiaz.com.br\/litoralsp\/#\/schema\/person\/e1b0bd8c2637e2c1b6ddcbc2c33b116f"},"headline":"Com\u00e9rcio em hor\u00e1rio noturno ainda gera d\u00favidas","datePublished":"2020-11-12T18:50:02+00:00","mainEntityOfPage":{"@id":"https:\/\/redenoticiaz.com.br\/litoralsp\/2020\/11\/12\/comercio-em-horario-noturno-ainda-gera-duvidas"},"wordCount":291,"commentCount":0,"publisher":{"@id":"https:\/\/redenoticiaz.com.br\/litoralsp\/#organization"},"image":{"@id":"https:\/\/redenoticiaz.com.br\/litoralsp\/2020\/11\/12\/comercio-em-horario-noturno-ainda-gera-duvidas#primaryimage"},"thumbnailUrl":"https:\/\/redenoticiaz.com.br\/litoralsp\/wp-content\/uploads\/sites\/3\/2020\/11\/dsc09786-850x500-1.jpg","keywords":["#jundiai","ace","ANO NOVO","com\u00e9rcio","NATAL"],"articleSection":["Economia"],"inLanguage":"pt-BR","potentialAction":[{"@type":"CommentAction","name":"Comment","target":["https:\/\/redenoticiaz.com.br\/litoralsp\/2020\/11\/12\/comercio-em-horario-noturno-ainda-gera-duvidas#respond"]}]},{"@type":"WebPage","@id":"https:\/\/redenoticiaz.com.br\/litoralsp\/2020\/11\/12\/comercio-em-horario-noturno-ainda-gera-duvidas","url":"https:\/\/redenoticiaz.com.br\/litoralsp\/2020\/11\/12\/comercio-em-horario-noturno-ainda-gera-duvidas","name":"Com\u00e9rcio em hor\u00e1rio noturno ainda gera d\u00favidas - Litoral SP","isPartOf":{"@id":"https:\/\/redenoticiaz.com.br\/litoralsp\/#website"},"primaryImageOfPage":{"@id":"https:\/\/redenoticiaz.com.br\/litoralsp\/2020\/11\/12\/comercio-em-horario-noturno-ainda-gera-duvidas#primaryimage"},"image":{"@id":"https:\/\/redenoticiaz.com.br\/litoralsp\/2020\/11\/12\/comercio-em-horario-noturno-ainda-gera-duvidas#primaryimage"},"thumbnailUrl":"https:\/\/redenoticiaz.com.br\/litoralsp\/wp-content\/uploads\/sites\/3\/2020\/11\/dsc09786-850x500-1.jpg","datePublished":"2020-11-12T18:50:02+00:00","inLanguage":"pt-BR","potentialAction":[{"@type":"ReadAction","target":["https:\/\/redenoticiaz.com.br\/litoralsp\/2020\/11\/12\/comercio-em-horario-noturno-ainda-gera-duvidas"]}]},{"@type":"ImageObject","inLanguage":"pt-BR","@id":"https:\/\/redenoticiaz.com.br\/litoralsp\/2020\/11\/12\/comercio-em-horario-noturno-ainda-gera-duvidas#primaryimage","url":"https:\/\/redenoticiaz.com.br\/litoralsp\/wp-content\/uploads\/sites\/3\/2020\/11\/dsc09786-850x500-1.jpg","contentUrl":"https:\/\/redenoticiaz.com.br\/litoralsp\/wp-content\/uploads\/sites\/3\/2020\/11\/dsc09786-850x500-1.jpg","width":850,"height":500,"caption":"\u00c9poca de Natal e Ano Novo s\u00e3o que geram maior faturamento no setor."},{"@type":"WebSite","@id":"https:\/\/redenoticiaz.com.br\/litoralsp\/#website","url":"https:\/\/redenoticiaz.com.br\/litoralsp\/","name":"Litoral SP","description":"Rede NoticiaZ","publisher":{"@id":"https:\/\/redenoticiaz.com.br\/litoralsp\/#organization"},"potentialAction":[{"@type":"SearchAction","target":{"@type":"EntryPoint","urlTemplate":"https:\/\/redenoticiaz.com.br\/litoralsp\/?s={search_term_string}"},"query-input":{"@type":"PropertyValueSpecification","valueRequired":true,"valueName":"search_term_string"}}],"inLanguage":"pt-BR"},{"@type":"Organization","@id":"https:\/\/redenoticiaz.com.br\/litoralsp\/#organization","name":"Litoral SP","url":"https:\/\/redenoticiaz.com.br\/litoralsp\/","logo":{"@type":"ImageObject","inLanguage":"pt-BR","@id":"https:\/\/redenoticiaz.com.br\/litoralsp\/#\/schema\/logo\/image\/","url":"https:\/\/redenoticiaz.com.br\/litoralsp\/wp-content\/uploads\/sites\/3\/2020\/11\/logo.jpg","contentUrl":"https:\/\/redenoticiaz.com.br\/litoralsp\/wp-content\/uploads\/sites\/3\/2020\/11\/logo.jpg","width":400,"height":250,"caption":"Litoral SP"},"image":{"@id":"https:\/\/redenoticiaz.com.br\/litoralsp\/#\/schema\/logo\/image\/"}},{"@type":"Person","@id":"https:\/\/redenoticiaz.com.br\/litoralsp\/#\/schema\/person\/e1b0bd8c2637e2c1b6ddcbc2c33b116f","name":"Patr\u00edcia Prado","image":{"@type":"ImageObject","inLanguage":"pt-BR","@id":"https:\/\/secure.gravatar.com\/avatar\/92e358bef22cfcec15e054ae4d9fee04dadf0c772dc4a17b382b8a34a15354c2?s=96&d=mm&r=g","url":"https:\/\/secure.gravatar.com\/avatar\/92e358bef22cfcec15e054ae4d9fee04dadf0c772dc4a17b382b8a34a15354c2?s=96&d=mm&r=g","contentUrl":"https:\/\/secure.gravatar.com\/avatar\/92e358bef22cfcec15e054ae4d9fee04dadf0c772dc4a17b382b8a34a15354c2?s=96&d=mm&r=g","caption":"Patr\u00edcia Prado"},"url":"https:\/\/redenoticiaz.com.br\/litoralsp\/author\/patricia-prado"}]}},"_links":{"self":[{"href":"https:\/\/redenoticiaz.com.br\/litoralsp\/wp-json\/wp\/v2\/posts\/92","targetHints":{"allow":["GET"]}}],"collection":[{"href":"https:\/\/redenoticiaz.com.br\/litoralsp\/wp-json\/wp\/v2\/posts"}],"about":[{"href":"https:\/\/redenoticiaz.com.br\/litoralsp\/wp-json\/wp\/v2\/types\/post"}],"author":[{"embeddable":true,"href":"https:\/\/redenoticiaz.com.br\/litoralsp\/wp-json\/wp\/v2\/users\/5"}],"replies":[{"embeddable":true,"href":"https:\/\/redenoticiaz.com.br\/litoralsp\/wp-json\/wp\/v2\/comments?post=92"}],"version-history":[{"count":0,"href":"https:\/\/redenoticiaz.com.br\/litoralsp\/wp-json\/wp\/v2\/posts\/92\/revisions"}],"wp:featuredmedia":[{"embeddable":true,"href":"https:\/\/redenoticiaz.com.br\/litoralsp\/wp-json\/wp\/v2\/media\/93"}],"wp:attachment":[{"href":"https:\/\/redenoticiaz.com.br\/litoralsp\/wp-json\/wp\/v2\/media?parent=92"}],"wp:term":[{"taxonomy":"category","embeddable":true,"href":"https:\/\/redenoticiaz.com.br\/litoralsp\/wp-json\/wp\/v2\/categories?post=92"},{"taxonomy":"post_tag","embeddable":true,"href":"https:\/\/redenoticiaz.com.br\/litoralsp\/wp-json\/wp\/v2\/tags?post=92"}],"curies":[{"name":"wp","href":"https:\/\/api.w.org\/{rel}","templated":true}]}}