{"id":92010,"date":"2022-09-24T12:04:45","date_gmt":"2022-09-24T15:04:45","guid":{"rendered":"https:\/\/redenoticiaz.com.br\/litoralsp\/?p=92010"},"modified":"2022-09-24T12:04:45","modified_gmt":"2022-09-24T15:04:45","slug":"terceiro-suspeito-de-matar-sobrinho-do-deputado-samuel-moreira-e-preso","status":"publish","type":"post","link":"https:\/\/redenoticiaz.com.br\/litoralsp\/2022\/09\/24\/terceiro-suspeito-de-matar-sobrinho-do-deputado-samuel-moreira-e-preso","title":{"rendered":"Terceiro suspeito de matar sobrinho do deputado Samuel Moreira \u00e9 preso"},"content":{"rendered":"<p class=\"content-text__container \" data-track-category=\"Link no Texto\" data-track-links=\"\">Mais um suspeito de ter matado Matheus Kruszynski Gon\u00e7alves Rezende Lara, sobrinho do deputado federal Samuel Moreira, em Registro,<strong> foi preso<\/strong>. De acordo com a Pol\u00edcia Civil, a pris\u00e3o ocorreu na sexta-feira (23) e por enquanto tr\u00eas suspeitos j\u00e1 foram presos.<\/p>\n<div class=\"wall protected-content\">\n<div class=\"mc-column content-text active-extra-styles \" data-block-type=\"unstyled\" data-block-weight=\"30\" data-block-id=\"4\">\n<p class=\"content-text__container \" data-track-category=\"Link no Texto\" data-track-links=\"\">A corpora\u00e7\u00e3o informa que para encontrar o terceiro acusado, houve aux\u00edlio da Pol\u00edcia Militar (PM). O suspeito, de 31 anos, foi capturado no bairro Vila Nova. Na ocasi\u00e3o, os policiais o identificaram caminhando em via p\u00fablica.<\/p>\n<\/div>\n<div class=\"mc-column content-text active-extra-styles \" data-block-type=\"unstyled\" data-block-weight=\"37\" data-block-id=\"5\">\n<p class=\"content-text__container \" data-track-category=\"Link no Texto\" data-track-links=\"\">O delegado da Delegacia de Investiga\u00e7\u00f5es Gerais (DIG) de Registro, Carlos Eduardo Vieira Ceroni contou que cinco homens s\u00e3o suspeitos pelo crime. Agora os trabalhos se concentram para encontrar os demais suspeitos.<\/p>\n<h3 data-track-category=\"Link no Texto\">Entenda como foi o crime<\/h3>\n<div class=\"mc-column content-text active-extra-styles \" data-block-type=\"unstyled\" data-block-weight=\"41\" data-block-id=\"12\">\n<p class=\"content-text__container \" data-track-category=\"Link no Texto\" data-track-links=\"\">Matheus estabeleceu o \u00faltimo contato com a fam\u00edlia por volta das 2h40 de 26 de junho. No dia 27, os parentes foram \u00e0 delegacia comunicar o desaparecimento do jovem. Ele saiu de casa com o carro, mas n\u00e3o foi mais visto.<\/p>\n<\/div>\n<div class=\"mc-column content-text active-extra-styles \" data-block-type=\"unstyled\" data-block-weight=\"35\" data-block-id=\"14\">\n<p class=\"content-text__container \" data-track-category=\"Link no Texto\" data-track-links=\"\"><span class=\"highlight highlighted\">O corpo de Matheus foi encontrado na manh\u00e3 do dia 28, na Estrada do Jurumirim, com marcas de viol\u00eancia na testa. Al\u00e9m disso, tamb\u00e9m teve um afundamento no t\u00f3rax dois dias ap\u00f3s ter sido dado como desaparecido. <\/span><\/p>\n<\/div>\n<div class=\"mc-column content-text active-extra-styles \" data-block-type=\"unstyled\" data-block-weight=\"20\" data-block-id=\"15\">\n<p class=\"content-text__container \" data-track-category=\"Link no Texto\" data-track-links=\"\">O carro que a v\u00edtima usava foi encontrado em estado de abandono em 2 de julho, na Vila S\u00e3o Francisco.<\/p>\n<p data-track-category=\"Link no Texto\" data-track-links=\"\"><strong>LEIA TAMB\u00c9M<\/strong><\/p>\n<p data-track-category=\"Link no Texto\" data-track-links=\"\"><a href=\"https:\/\/redenoticiaz.com.br\/litoralsp\/2022\/09\/16\/suspeito-de-matar-sobrinho-de-deputado-federal-em-registro-e-preso\">Suspeito de matar sobrinho de deputado federal em Registro \u00e9 preso<\/a><\/p>\n<\/div>\n<\/div>\n<\/div>\n","protected":false},"excerpt":{"rendered":"<p>Mais um suspeito de ter matado Matheus Kruszynski Gon\u00e7alves Rezende Lara, sobrinho do deputado federal Samuel Moreira, em Registro, foi preso. De acordo com a Pol\u00edcia Civil, a pris\u00e3o ocorreu na sexta-feira (23) e por enquanto tr\u00eas suspeitos j\u00e1 foram presos. A corpora\u00e7\u00e3o informa que para encontrar o terceiro acusado, houve aux\u00edlio da Pol\u00edcia Militar &hellip;<\/p>\n","protected":false},"author":6,"featured_media":91546,"comment_status":"open","ping_status":"closed","sticky":false,"template":"","format":"standard","meta":{"footnotes":""},"categories":[10,41091],"tags":[46470,1762,6733,59550,22818],"class_list":["post-92010","post","type-post","status-publish","format-standard","has-post-thumbnail","hentry","category-policia","category-registro","tag-dig-de-registro","tag-policia-civil","tag-registro","tag-sobrinho-de-deputado","tag-suspeito-preso"],"yoast_head":"<!-- This site is optimized with the Yoast SEO plugin v27.4 - https:\/\/yoast.com\/product\/yoast-seo-wordpress\/ -->\n<title>Terceiro suspeito de matar sobrinho do deputado Samuel Moreira \u00e9 preso - Litoral SP<\/title>\n<meta name=\"description\" content=\"de ter matado Matheus Kruszynski Gon\u00e7alves Rezende Lara, sobrinho do deputado federal Samuel Moreira, em Registro, foi preso.\" \/>\n<meta name=\"robots\" content=\"index, follow, max-snippet:-1, max-image-preview:large, max-video-preview:-1\" \/>\n<link rel=\"canonical\" href=\"https:\/\/redenoticiaz.com.br\/litoralsp\/2022\/09\/24\/terceiro-suspeito-de-matar-sobrinho-do-deputado-samuel-moreira-e-preso\" \/>\n<meta property=\"og:locale\" content=\"pt_BR\" \/>\n<meta property=\"og:type\" content=\"article\" \/>\n<meta property=\"og:title\" content=\"Terceiro suspeito de matar sobrinho do deputado Samuel Moreira \u00e9 preso - Litoral SP\" \/>\n<meta property=\"og:description\" content=\"de ter matado Matheus Kruszynski Gon\u00e7alves Rezende Lara, sobrinho do deputado federal Samuel Moreira, em Registro, foi preso.\" \/>\n<meta property=\"og:url\" content=\"https:\/\/redenoticiaz.com.br\/litoralsp\/2022\/09\/24\/terceiro-suspeito-de-matar-sobrinho-do-deputado-samuel-moreira-e-preso\" \/>\n<meta property=\"og:site_name\" content=\"Litoral SP\" \/>\n<meta property=\"article:published_time\" content=\"2022-09-24T15:04:45+00:00\" \/>\n<meta property=\"og:image\" content=\"https:\/\/redenoticiaz.com.br\/litoralsp\/wp-content\/uploads\/sites\/3\/2022\/09\/SOBRINHO.png\" \/>\n\t<meta property=\"og:image:width\" content=\"631\" \/>\n\t<meta property=\"og:image:height\" content=\"424\" \/>\n\t<meta property=\"og:image:type\" content=\"image\/png\" \/>\n<meta name=\"author\" content=\"Leonardo Francisco\" \/>\n<meta name=\"twitter:card\" content=\"summary_large_image\" \/>\n<meta name=\"twitter:label1\" content=\"Escrito por\" \/>\n\t<meta name=\"twitter:data1\" content=\"Leonardo Francisco\" \/>\n\t<meta name=\"twitter:label2\" content=\"Est. tempo de leitura\" \/>\n\t<meta name=\"twitter:data2\" content=\"2 minutos\" \/>\n<script type=\"application\/ld+json\" class=\"yoast-schema-graph\">{\"@context\":\"https:\\\/\\\/schema.org\",\"@graph\":[{\"@type\":\"Article\",\"@id\":\"https:\\\/\\\/redenoticiaz.com.br\\\/litoralsp\\\/2022\\\/09\\\/24\\\/terceiro-suspeito-de-matar-sobrinho-do-deputado-samuel-moreira-e-preso#article\",\"isPartOf\":{\"@id\":\"https:\\\/\\\/redenoticiaz.com.br\\\/litoralsp\\\/2022\\\/09\\\/24\\\/terceiro-suspeito-de-matar-sobrinho-do-deputado-samuel-moreira-e-preso\"},\"author\":{\"name\":\"Leonardo Francisco\",\"@id\":\"https:\\\/\\\/redenoticiaz.com.br\\\/litoralsp\\\/#\\\/schema\\\/person\\\/0f0b8a5bdafefe82841e07ae8d81ecb3\"},\"headline\":\"Terceiro suspeito de matar sobrinho do deputado Samuel Moreira \u00e9 preso\",\"datePublished\":\"2022-09-24T15:04:45+00:00\",\"mainEntityOfPage\":{\"@id\":\"https:\\\/\\\/redenoticiaz.com.br\\\/litoralsp\\\/2022\\\/09\\\/24\\\/terceiro-suspeito-de-matar-sobrinho-do-deputado-samuel-moreira-e-preso\"},\"wordCount\":248,\"commentCount\":0,\"publisher\":{\"@id\":\"https:\\\/\\\/redenoticiaz.com.br\\\/litoralsp\\\/#organization\"},\"image\":{\"@id\":\"https:\\\/\\\/redenoticiaz.com.br\\\/litoralsp\\\/2022\\\/09\\\/24\\\/terceiro-suspeito-de-matar-sobrinho-do-deputado-samuel-moreira-e-preso#primaryimage\"},\"thumbnailUrl\":\"https:\\\/\\\/redenoticiaz.com.br\\\/litoralsp\\\/wp-content\\\/uploads\\\/sites\\\/3\\\/2022\\\/09\\\/SOBRINHO.png\",\"keywords\":[\"DIG DE REGISTRO\",\"POL\u00cdCIA CIVIL\",\"REGISTRO\",\"SOBRINHO DE DEPUTADO\",\"SUSPEITO PRESO\"],\"articleSection\":[\"Pol\u00edcia\",\"Registro\"],\"inLanguage\":\"pt-BR\",\"potentialAction\":[{\"@type\":\"CommentAction\",\"name\":\"Comment\",\"target\":[\"https:\\\/\\\/redenoticiaz.com.br\\\/litoralsp\\\/2022\\\/09\\\/24\\\/terceiro-suspeito-de-matar-sobrinho-do-deputado-samuel-moreira-e-preso#respond\"]}]},{\"@type\":\"WebPage\",\"@id\":\"https:\\\/\\\/redenoticiaz.com.br\\\/litoralsp\\\/2022\\\/09\\\/24\\\/terceiro-suspeito-de-matar-sobrinho-do-deputado-samuel-moreira-e-preso\",\"url\":\"https:\\\/\\\/redenoticiaz.com.br\\\/litoralsp\\\/2022\\\/09\\\/24\\\/terceiro-suspeito-de-matar-sobrinho-do-deputado-samuel-moreira-e-preso\",\"name\":\"Terceiro suspeito de matar sobrinho do deputado Samuel Moreira \u00e9 preso - Litoral SP\",\"isPartOf\":{\"@id\":\"https:\\\/\\\/redenoticiaz.com.br\\\/litoralsp\\\/#website\"},\"primaryImageOfPage\":{\"@id\":\"https:\\\/\\\/redenoticiaz.com.br\\\/litoralsp\\\/2022\\\/09\\\/24\\\/terceiro-suspeito-de-matar-sobrinho-do-deputado-samuel-moreira-e-preso#primaryimage\"},\"image\":{\"@id\":\"https:\\\/\\\/redenoticiaz.com.br\\\/litoralsp\\\/2022\\\/09\\\/24\\\/terceiro-suspeito-de-matar-sobrinho-do-deputado-samuel-moreira-e-preso#primaryimage\"},\"thumbnailUrl\":\"https:\\\/\\\/redenoticiaz.com.br\\\/litoralsp\\\/wp-content\\\/uploads\\\/sites\\\/3\\\/2022\\\/09\\\/SOBRINHO.png\",\"datePublished\":\"2022-09-24T15:04:45+00:00\",\"description\":\"de ter matado Matheus Kruszynski Gon\u00e7alves Rezende Lara, sobrinho do deputado federal Samuel Moreira, em Registro, foi preso.\",\"inLanguage\":\"pt-BR\",\"potentialAction\":[{\"@type\":\"ReadAction\",\"target\":[\"https:\\\/\\\/redenoticiaz.com.br\\\/litoralsp\\\/2022\\\/09\\\/24\\\/terceiro-suspeito-de-matar-sobrinho-do-deputado-samuel-moreira-e-preso\"]}]},{\"@type\":\"ImageObject\",\"inLanguage\":\"pt-BR\",\"@id\":\"https:\\\/\\\/redenoticiaz.com.br\\\/litoralsp\\\/2022\\\/09\\\/24\\\/terceiro-suspeito-de-matar-sobrinho-do-deputado-samuel-moreira-e-preso#primaryimage\",\"url\":\"https:\\\/\\\/redenoticiaz.com.br\\\/litoralsp\\\/wp-content\\\/uploads\\\/sites\\\/3\\\/2022\\\/09\\\/SOBRINHO.png\",\"contentUrl\":\"https:\\\/\\\/redenoticiaz.com.br\\\/litoralsp\\\/wp-content\\\/uploads\\\/sites\\\/3\\\/2022\\\/09\\\/SOBRINHO.png\",\"width\":631,\"height\":424,\"caption\":\"Cr\u00e9ditos: Reprodu\u00e7\u00e3o\\\/Redes Sociais\"},{\"@type\":\"WebSite\",\"@id\":\"https:\\\/\\\/redenoticiaz.com.br\\\/litoralsp\\\/#website\",\"url\":\"https:\\\/\\\/redenoticiaz.com.br\\\/litoralsp\\\/\",\"name\":\"Litoral SP\",\"description\":\"Rede NoticiaZ\",\"publisher\":{\"@id\":\"https:\\\/\\\/redenoticiaz.com.br\\\/litoralsp\\\/#organization\"},\"potentialAction\":[{\"@type\":\"SearchAction\",\"target\":{\"@type\":\"EntryPoint\",\"urlTemplate\":\"https:\\\/\\\/redenoticiaz.com.br\\\/litoralsp\\\/?s={search_term_string}\"},\"query-input\":{\"@type\":\"PropertyValueSpecification\",\"valueRequired\":true,\"valueName\":\"search_term_string\"}}],\"inLanguage\":\"pt-BR\"},{\"@type\":\"Organization\",\"@id\":\"https:\\\/\\\/redenoticiaz.com.br\\\/litoralsp\\\/#organization\",\"name\":\"Litoral SP\",\"url\":\"https:\\\/\\\/redenoticiaz.com.br\\\/litoralsp\\\/\",\"logo\":{\"@type\":\"ImageObject\",\"inLanguage\":\"pt-BR\",\"@id\":\"https:\\\/\\\/redenoticiaz.com.br\\\/litoralsp\\\/#\\\/schema\\\/logo\\\/image\\\/\",\"url\":\"https:\\\/\\\/redenoticiaz.com.br\\\/litoralsp\\\/wp-content\\\/uploads\\\/sites\\\/3\\\/2020\\\/11\\\/logo.jpg\",\"contentUrl\":\"https:\\\/\\\/redenoticiaz.com.br\\\/litoralsp\\\/wp-content\\\/uploads\\\/sites\\\/3\\\/2020\\\/11\\\/logo.jpg\",\"width\":400,\"height\":250,\"caption\":\"Litoral SP\"},\"image\":{\"@id\":\"https:\\\/\\\/redenoticiaz.com.br\\\/litoralsp\\\/#\\\/schema\\\/logo\\\/image\\\/\"}},{\"@type\":\"Person\",\"@id\":\"https:\\\/\\\/redenoticiaz.com.br\\\/litoralsp\\\/#\\\/schema\\\/person\\\/0f0b8a5bdafefe82841e07ae8d81ecb3\",\"name\":\"Leonardo Francisco\",\"image\":{\"@type\":\"ImageObject\",\"inLanguage\":\"pt-BR\",\"@id\":\"https:\\\/\\\/secure.gravatar.com\\\/avatar\\\/a7358cb406a99b682ec6df1e77e31ae82e63601f6784e8a3df411d72b37864da?s=96&d=mm&r=g\",\"url\":\"https:\\\/\\\/secure.gravatar.com\\\/avatar\\\/a7358cb406a99b682ec6df1e77e31ae82e63601f6784e8a3df411d72b37864da?s=96&d=mm&r=g\",\"contentUrl\":\"https:\\\/\\\/secure.gravatar.com\\\/avatar\\\/a7358cb406a99b682ec6df1e77e31ae82e63601f6784e8a3df411d72b37864da?s=96&d=mm&r=g\",\"caption\":\"Leonardo Francisco\"},\"url\":\"https:\\\/\\\/redenoticiaz.com.br\\\/litoralsp\\\/author\\\/leonardo-francisco\"}]}<\/script>\n<!-- \/ Yoast SEO plugin. -->","yoast_head_json":{"title":"Terceiro suspeito de matar sobrinho do deputado Samuel Moreira \u00e9 preso - Litoral SP","description":"de ter matado Matheus Kruszynski Gon\u00e7alves Rezende Lara, sobrinho do deputado federal Samuel Moreira, em Registro, foi preso.","robots":{"index":"index","follow":"follow","max-snippet":"max-snippet:-1","max-image-preview":"max-image-preview:large","max-video-preview":"max-video-preview:-1"},"canonical":"https:\/\/redenoticiaz.com.br\/litoralsp\/2022\/09\/24\/terceiro-suspeito-de-matar-sobrinho-do-deputado-samuel-moreira-e-preso","og_locale":"pt_BR","og_type":"article","og_title":"Terceiro suspeito de matar sobrinho do deputado Samuel Moreira \u00e9 preso - Litoral SP","og_description":"de ter matado Matheus Kruszynski Gon\u00e7alves Rezende Lara, sobrinho do deputado federal Samuel Moreira, em Registro, foi preso.","og_url":"https:\/\/redenoticiaz.com.br\/litoralsp\/2022\/09\/24\/terceiro-suspeito-de-matar-sobrinho-do-deputado-samuel-moreira-e-preso","og_site_name":"Litoral SP","article_published_time":"2022-09-24T15:04:45+00:00","og_image":[{"width":631,"height":424,"url":"https:\/\/redenoticiaz.com.br\/litoralsp\/wp-content\/uploads\/sites\/3\/2022\/09\/SOBRINHO.png","type":"image\/png"}],"author":"Leonardo Francisco","twitter_card":"summary_large_image","twitter_misc":{"Escrito por":"Leonardo Francisco","Est. tempo de leitura":"2 minutos"},"schema":{"@context":"https:\/\/schema.org","@graph":[{"@type":"Article","@id":"https:\/\/redenoticiaz.com.br\/litoralsp\/2022\/09\/24\/terceiro-suspeito-de-matar-sobrinho-do-deputado-samuel-moreira-e-preso#article","isPartOf":{"@id":"https:\/\/redenoticiaz.com.br\/litoralsp\/2022\/09\/24\/terceiro-suspeito-de-matar-sobrinho-do-deputado-samuel-moreira-e-preso"},"author":{"name":"Leonardo Francisco","@id":"https:\/\/redenoticiaz.com.br\/litoralsp\/#\/schema\/person\/0f0b8a5bdafefe82841e07ae8d81ecb3"},"headline":"Terceiro suspeito de matar sobrinho do deputado Samuel Moreira \u00e9 preso","datePublished":"2022-09-24T15:04:45+00:00","mainEntityOfPage":{"@id":"https:\/\/redenoticiaz.com.br\/litoralsp\/2022\/09\/24\/terceiro-suspeito-de-matar-sobrinho-do-deputado-samuel-moreira-e-preso"},"wordCount":248,"commentCount":0,"publisher":{"@id":"https:\/\/redenoticiaz.com.br\/litoralsp\/#organization"},"image":{"@id":"https:\/\/redenoticiaz.com.br\/litoralsp\/2022\/09\/24\/terceiro-suspeito-de-matar-sobrinho-do-deputado-samuel-moreira-e-preso#primaryimage"},"thumbnailUrl":"https:\/\/redenoticiaz.com.br\/litoralsp\/wp-content\/uploads\/sites\/3\/2022\/09\/SOBRINHO.png","keywords":["DIG DE REGISTRO","POL\u00cdCIA CIVIL","REGISTRO","SOBRINHO DE DEPUTADO","SUSPEITO PRESO"],"articleSection":["Pol\u00edcia","Registro"],"inLanguage":"pt-BR","potentialAction":[{"@type":"CommentAction","name":"Comment","target":["https:\/\/redenoticiaz.com.br\/litoralsp\/2022\/09\/24\/terceiro-suspeito-de-matar-sobrinho-do-deputado-samuel-moreira-e-preso#respond"]}]},{"@type":"WebPage","@id":"https:\/\/redenoticiaz.com.br\/litoralsp\/2022\/09\/24\/terceiro-suspeito-de-matar-sobrinho-do-deputado-samuel-moreira-e-preso","url":"https:\/\/redenoticiaz.com.br\/litoralsp\/2022\/09\/24\/terceiro-suspeito-de-matar-sobrinho-do-deputado-samuel-moreira-e-preso","name":"Terceiro suspeito de matar sobrinho do deputado Samuel Moreira \u00e9 preso - Litoral SP","isPartOf":{"@id":"https:\/\/redenoticiaz.com.br\/litoralsp\/#website"},"primaryImageOfPage":{"@id":"https:\/\/redenoticiaz.com.br\/litoralsp\/2022\/09\/24\/terceiro-suspeito-de-matar-sobrinho-do-deputado-samuel-moreira-e-preso#primaryimage"},"image":{"@id":"https:\/\/redenoticiaz.com.br\/litoralsp\/2022\/09\/24\/terceiro-suspeito-de-matar-sobrinho-do-deputado-samuel-moreira-e-preso#primaryimage"},"thumbnailUrl":"https:\/\/redenoticiaz.com.br\/litoralsp\/wp-content\/uploads\/sites\/3\/2022\/09\/SOBRINHO.png","datePublished":"2022-09-24T15:04:45+00:00","description":"de ter matado Matheus Kruszynski Gon\u00e7alves Rezende Lara, sobrinho do deputado federal Samuel Moreira, em Registro, foi preso.","inLanguage":"pt-BR","potentialAction":[{"@type":"ReadAction","target":["https:\/\/redenoticiaz.com.br\/litoralsp\/2022\/09\/24\/terceiro-suspeito-de-matar-sobrinho-do-deputado-samuel-moreira-e-preso"]}]},{"@type":"ImageObject","inLanguage":"pt-BR","@id":"https:\/\/redenoticiaz.com.br\/litoralsp\/2022\/09\/24\/terceiro-suspeito-de-matar-sobrinho-do-deputado-samuel-moreira-e-preso#primaryimage","url":"https:\/\/redenoticiaz.com.br\/litoralsp\/wp-content\/uploads\/sites\/3\/2022\/09\/SOBRINHO.png","contentUrl":"https:\/\/redenoticiaz.com.br\/litoralsp\/wp-content\/uploads\/sites\/3\/2022\/09\/SOBRINHO.png","width":631,"height":424,"caption":"Cr\u00e9ditos: Reprodu\u00e7\u00e3o\/Redes Sociais"},{"@type":"WebSite","@id":"https:\/\/redenoticiaz.com.br\/litoralsp\/#website","url":"https:\/\/redenoticiaz.com.br\/litoralsp\/","name":"Litoral SP","description":"Rede NoticiaZ","publisher":{"@id":"https:\/\/redenoticiaz.com.br\/litoralsp\/#organization"},"potentialAction":[{"@type":"SearchAction","target":{"@type":"EntryPoint","urlTemplate":"https:\/\/redenoticiaz.com.br\/litoralsp\/?s={search_term_string}"},"query-input":{"@type":"PropertyValueSpecification","valueRequired":true,"valueName":"search_term_string"}}],"inLanguage":"pt-BR"},{"@type":"Organization","@id":"https:\/\/redenoticiaz.com.br\/litoralsp\/#organization","name":"Litoral SP","url":"https:\/\/redenoticiaz.com.br\/litoralsp\/","logo":{"@type":"ImageObject","inLanguage":"pt-BR","@id":"https:\/\/redenoticiaz.com.br\/litoralsp\/#\/schema\/logo\/image\/","url":"https:\/\/redenoticiaz.com.br\/litoralsp\/wp-content\/uploads\/sites\/3\/2020\/11\/logo.jpg","contentUrl":"https:\/\/redenoticiaz.com.br\/litoralsp\/wp-content\/uploads\/sites\/3\/2020\/11\/logo.jpg","width":400,"height":250,"caption":"Litoral SP"},"image":{"@id":"https:\/\/redenoticiaz.com.br\/litoralsp\/#\/schema\/logo\/image\/"}},{"@type":"Person","@id":"https:\/\/redenoticiaz.com.br\/litoralsp\/#\/schema\/person\/0f0b8a5bdafefe82841e07ae8d81ecb3","name":"Leonardo Francisco","image":{"@type":"ImageObject","inLanguage":"pt-BR","@id":"https:\/\/secure.gravatar.com\/avatar\/a7358cb406a99b682ec6df1e77e31ae82e63601f6784e8a3df411d72b37864da?s=96&d=mm&r=g","url":"https:\/\/secure.gravatar.com\/avatar\/a7358cb406a99b682ec6df1e77e31ae82e63601f6784e8a3df411d72b37864da?s=96&d=mm&r=g","contentUrl":"https:\/\/secure.gravatar.com\/avatar\/a7358cb406a99b682ec6df1e77e31ae82e63601f6784e8a3df411d72b37864da?s=96&d=mm&r=g","caption":"Leonardo Francisco"},"url":"https:\/\/redenoticiaz.com.br\/litoralsp\/author\/leonardo-francisco"}]}},"_links":{"self":[{"href":"https:\/\/redenoticiaz.com.br\/litoralsp\/wp-json\/wp\/v2\/posts\/92010","targetHints":{"allow":["GET"]}}],"collection":[{"href":"https:\/\/redenoticiaz.com.br\/litoralsp\/wp-json\/wp\/v2\/posts"}],"about":[{"href":"https:\/\/redenoticiaz.com.br\/litoralsp\/wp-json\/wp\/v2\/types\/post"}],"author":[{"embeddable":true,"href":"https:\/\/redenoticiaz.com.br\/litoralsp\/wp-json\/wp\/v2\/users\/6"}],"replies":[{"embeddable":true,"href":"https:\/\/redenoticiaz.com.br\/litoralsp\/wp-json\/wp\/v2\/comments?post=92010"}],"version-history":[{"count":2,"href":"https:\/\/redenoticiaz.com.br\/litoralsp\/wp-json\/wp\/v2\/posts\/92010\/revisions"}],"predecessor-version":[{"id":100438,"href":"https:\/\/redenoticiaz.com.br\/litoralsp\/wp-json\/wp\/v2\/posts\/92010\/revisions\/100438"}],"wp:featuredmedia":[{"embeddable":true,"href":"https:\/\/redenoticiaz.com.br\/litoralsp\/wp-json\/wp\/v2\/media\/91546"}],"wp:attachment":[{"href":"https:\/\/redenoticiaz.com.br\/litoralsp\/wp-json\/wp\/v2\/media?parent=92010"}],"wp:term":[{"taxonomy":"category","embeddable":true,"href":"https:\/\/redenoticiaz.com.br\/litoralsp\/wp-json\/wp\/v2\/categories?post=92010"},{"taxonomy":"post_tag","embeddable":true,"href":"https:\/\/redenoticiaz.com.br\/litoralsp\/wp-json\/wp\/v2\/tags?post=92010"}],"curies":[{"name":"wp","href":"https:\/\/api.w.org\/{rel}","templated":true}]}}