{"id":92084,"date":"2022-09-25T17:09:39","date_gmt":"2022-09-25T20:09:39","guid":{"rendered":"https:\/\/redenoticiaz.com.br\/litoralsp\/?p=92084"},"modified":"2022-09-25T17:09:39","modified_gmt":"2022-09-25T20:09:39","slug":"adultos-com-mais-de-18-anos-vao-ser-vacinados-com-a-quarta-dose-contra-a-covid-em-sao-vicente","status":"publish","type":"post","link":"https:\/\/redenoticiaz.com.br\/litoralsp\/2022\/09\/25\/adultos-com-mais-de-18-anos-vao-ser-vacinados-com-a-quarta-dose-contra-a-covid-em-sao-vicente","title":{"rendered":"Adultos com mais de 18 anos v\u00e3o ser vacinados com a quarta dose contra a Covid em S\u00e3o Vicente"},"content":{"rendered":"<p>Chegou a vez dos adultos com <strong>18 anos ou mais serem vacinados<\/strong> com a quarta dose da vacina contra a Covid-19 em S\u00e3o Vicente. A imuniza\u00e7\u00e3o a este p\u00fablico tem in\u00edcio a partir desta segunda-feira (26), mas para ser imunizado \u00e9 necess\u00e1rio ter tomado a terceira dose h\u00e1 pelo menos 122 dias (quatro meses).<\/p>\n<p>De acordo com a Secretaria de Sa\u00fade (Sesau) de S\u00e3o Vicente, \u00e9 necess\u00e1rio comparecer aos postos de vacina\u00e7\u00e3o apresentando documento com foto e a carteirinha de vacina\u00e7\u00e3o com registro da dose anterior. S\u00e3o 26 Unidades B\u00e1sicas de Sa\u00fade (UBS&#8217;s) e Estrat\u00e9gias de Sa\u00fade da Fam\u00edlia (ESF&#8217;s), que vacinam de segunda a sexta-feira, das 9h \u00e0s 15h30.<\/p>\n<p>Al\u00e9m disso, h\u00e1 posto fixo de vacina\u00e7\u00e3o, instalado no Brisamar Shopping, tamb\u00e9m aplica os imunizantes, de segunda a s\u00e1bado, das 10h \u00e0s 19h. O endere\u00e7o \u00e9 Rua Frei Gaspar, 365 &#8211; Centro, 3\u00b0 andar, loja 346.<\/p>\n<p>A secret\u00e1ria de Sa\u00fade, Michelle Santos, explica que &#8220;a prioridade da gest\u00e3o \u00e9 zelar pela seguran\u00e7a dos mun\u00edcipes, disponibilizando e ampliando, sempre que poss\u00edvel, a vacina para novos p\u00fablicos poderem refor\u00e7ar seu esquema vacinal&#8221;.<\/p>\n<p>&#8220;Seguimos as recomenda\u00e7\u00f5es e orienta\u00e7\u00f5es da Secretaria de Sa\u00fade do Estado e fazemos um estudo s\u00e9rio e rigoroso para n\u00e3o zerar nosso estoque de vacinas ou haver a possibilidade de desperd\u00edcio. Montamos um planejamento estrat\u00e9gico e \u00e1gil para imunizar o maior n\u00famero de pessoas, impedindo, assim, que nosso sistema de sa\u00fade tenha um aumento no n\u00famero de casos e interna\u00e7\u00f5es pela doen\u00e7a&#8221;.<\/p>\n<h3>Confira os endere\u00e7os das UBS&#8217;s e ESF&#8217;s:<\/h3>\n<p><strong>UBS<\/strong><\/p>\n<ul>\n<li>Central (Avenida Ant\u00f4nio Emmerich, 509, Vila Mello)<\/li>\n<li>Catiapo\u00e3 (Av. P\u00e9rsio de Queiroz Filho, 733\/734)<\/li>\n<li>N\u00e1utica III (Rua Nicolau Patr\u00edcio Moreira, 225)<\/li>\n<li>Pra\u00e7a Vit\u00f3ria (Pra\u00e7a Vit\u00f3ria, s\/n \u2013 Vila Voturu\u00e1)<\/li>\n<li>Vila Margarida (Rua Polydoro de Oliveira Bittencourt, 299)<\/li>\n<li>Samarit\u00e1 (Rua Sergipe, 70)<\/li>\n<li>Jardim Guassu (Rua Lagarto, 101)<\/li>\n<li>JIP (Rua Roberto Koch, 584 \u2013 J\u00f3quei Clube)<\/li>\n<li>Pompeba (Rua Antonio da Costa, s\/n)<\/li>\n<li>Sambaiatuba (Pra\u00e7a Dom Bosco, s\/n)<\/li>\n<li>Tancredo Neves (Rua Luiz Meirelles Ara\u00fajo, s\/n)<\/li>\n<\/ul>\n<p><strong>ESF<\/strong><\/p>\n<ul>\n<li>Parque S\u00e3o Vicente (Pra\u00e7a Dom Pedro I, s\/n)<\/li>\n<li>Japu\u00ed (Avenida Tupiniquins, s\/n)<\/li>\n<li>Saquar\u00e9 \/ ESF M\u00e9xico 70 (Rua do Meio, s\/n \u2013 Vila Margarida)<\/li>\n<li>Parque Continental (Avenida Central, 940)<\/li>\n<li>Gleba II (Avenida Dr. Celso Santos, 510)<\/li>\n<li>Nova S\u00e3o Vicente e ESF Vila Ema (Rua Eliseu Almeida Melo, 10)<\/li>\n<li>Jardim Rio Branco I (Rua Ant\u00f4nio Riscalle Husne, 1.760)<\/li>\n<li>ESF Jardim Rio Branco II e III (Rua Eduardo Ca\u00e7\u00e3o, s\/n)<\/li>\n<li>Jardim Rio Negro (Rua E, 110)<\/li>\n<li>S\u00e1 Catarina de Morais (Rua Travessa do Parque s\/n)<\/li>\n<li>Esplanada dos Barreiros (Av. Brasil s\/n)<\/li>\n<li>Bitaru (Rua Agostinho Pereira Pinto J\u00fanior s\/n)<\/li>\n<li>Humait\u00e1 (R. Maria Rocco, 311)<\/li>\n<li>Ponte Nova (Rua Salvador s\/n)<\/li>\n<li>Parque das Bandeiras (Rua Luiz Gonzaga Lopes, 57).<\/li>\n<\/ul>\n<p><strong>LEIA TAMB\u00c9M<\/strong><\/p>\n<p><a href=\"https:\/\/redenoticiaz.com.br\/litoralsp\/2022\/09\/25\/pos-pandemia-como-manter-os-cuidados-e-a-imunidade-alta-em-dia\">P\u00f3s pandemia: como manter os cuidados e a imunidade alta em dia<\/a><\/p>\n","protected":false},"excerpt":{"rendered":"<p>Chegou a vez dos adultos com 18 anos ou mais serem vacinados com a quarta dose da vacina contra a Covid-19 em S\u00e3o Vicente. A imuniza\u00e7\u00e3o a este p\u00fablico tem in\u00edcio a partir desta segunda-feira (26), mas para ser imunizado \u00e9 necess\u00e1rio ter tomado a terceira dose h\u00e1 pelo menos 122 dias (quatro meses). De &hellip;<\/p>\n","protected":false},"author":6,"featured_media":89516,"comment_status":"open","ping_status":"closed","sticky":false,"template":"","format":"standard","meta":{"footnotes":""},"categories":[181,23],"tags":[59586,45360,33,18808],"class_list":["post-92084","post","type-post","status-publish","format-standard","has-post-thumbnail","hentry","category-sao-vicente","category-saude","tag-adultos-com-18-anos-ou-mais","tag-quarta-dose","tag-sao-vicente","tag-vacina-contra-a-covid"],"yoast_head":"<!-- This site is optimized with the Yoast SEO plugin v27.5 - https:\/\/yoast.com\/product\/yoast-seo-wordpress\/ -->\n<title>Adultos com mais de 18 anos v\u00e3o ser vacinados com a quarta dose contra a Covid em S\u00e3o Vicente - Litoral SP<\/title>\n<meta name=\"description\" content=\"Chegou a vez dos adultos com 18 anos ou mais serem vacinados com a quarta dose da vacina contra a Covid-19 em S\u00e3o Vicente\" \/>\n<meta name=\"robots\" content=\"index, follow, max-snippet:-1, max-image-preview:large, max-video-preview:-1\" \/>\n<link rel=\"canonical\" href=\"https:\/\/redenoticiaz.com.br\/litoralsp\/2022\/09\/25\/adultos-com-mais-de-18-anos-vao-ser-vacinados-com-a-quarta-dose-contra-a-covid-em-sao-vicente\" \/>\n<meta property=\"og:locale\" content=\"pt_BR\" \/>\n<meta property=\"og:type\" content=\"article\" \/>\n<meta property=\"og:title\" content=\"Adultos com mais de 18 anos v\u00e3o ser vacinados com a quarta dose contra a Covid em S\u00e3o Vicente - Litoral SP\" \/>\n<meta property=\"og:description\" content=\"Chegou a vez dos adultos com 18 anos ou mais serem vacinados com a quarta dose da vacina contra a Covid-19 em S\u00e3o Vicente\" \/>\n<meta property=\"og:url\" content=\"https:\/\/redenoticiaz.com.br\/litoralsp\/2022\/09\/25\/adultos-com-mais-de-18-anos-vao-ser-vacinados-com-a-quarta-dose-contra-a-covid-em-sao-vicente\" \/>\n<meta property=\"og:site_name\" content=\"Litoral SP\" \/>\n<meta property=\"article:published_time\" content=\"2022-09-25T20:09:39+00:00\" \/>\n<meta property=\"og:image\" content=\"https:\/\/redenoticiaz.com.br\/litoralsp\/wp-content\/uploads\/sites\/3\/2022\/08\/51752996451_e422fa1147_k-scaled.jpg\" \/>\n\t<meta property=\"og:image:width\" content=\"1620\" \/>\n\t<meta property=\"og:image:height\" content=\"1080\" \/>\n\t<meta property=\"og:image:type\" content=\"image\/jpeg\" \/>\n<meta name=\"author\" content=\"Leonardo Francisco\" \/>\n<meta name=\"twitter:card\" content=\"summary_large_image\" \/>\n<meta name=\"twitter:label1\" content=\"Escrito por\" \/>\n\t<meta name=\"twitter:data1\" content=\"Leonardo Francisco\" \/>\n\t<meta name=\"twitter:label2\" content=\"Est. tempo de leitura\" \/>\n\t<meta name=\"twitter:data2\" content=\"3 minutos\" \/>\n<script type=\"application\/ld+json\" class=\"yoast-schema-graph\">{\"@context\":\"https:\\\/\\\/schema.org\",\"@graph\":[{\"@type\":\"Article\",\"@id\":\"https:\\\/\\\/redenoticiaz.com.br\\\/litoralsp\\\/2022\\\/09\\\/25\\\/adultos-com-mais-de-18-anos-vao-ser-vacinados-com-a-quarta-dose-contra-a-covid-em-sao-vicente#article\",\"isPartOf\":{\"@id\":\"https:\\\/\\\/redenoticiaz.com.br\\\/litoralsp\\\/2022\\\/09\\\/25\\\/adultos-com-mais-de-18-anos-vao-ser-vacinados-com-a-quarta-dose-contra-a-covid-em-sao-vicente\"},\"author\":{\"name\":\"Leonardo Francisco\",\"@id\":\"https:\\\/\\\/redenoticiaz.com.br\\\/litoralsp\\\/#\\\/schema\\\/person\\\/0f0b8a5bdafefe82841e07ae8d81ecb3\"},\"headline\":\"Adultos com mais de 18 anos v\u00e3o ser vacinados com a quarta dose contra a Covid em S\u00e3o Vicente\",\"datePublished\":\"2022-09-25T20:09:39+00:00\",\"mainEntityOfPage\":{\"@id\":\"https:\\\/\\\/redenoticiaz.com.br\\\/litoralsp\\\/2022\\\/09\\\/25\\\/adultos-com-mais-de-18-anos-vao-ser-vacinados-com-a-quarta-dose-contra-a-covid-em-sao-vicente\"},\"wordCount\":519,\"commentCount\":0,\"publisher\":{\"@id\":\"https:\\\/\\\/redenoticiaz.com.br\\\/litoralsp\\\/#organization\"},\"image\":{\"@id\":\"https:\\\/\\\/redenoticiaz.com.br\\\/litoralsp\\\/2022\\\/09\\\/25\\\/adultos-com-mais-de-18-anos-vao-ser-vacinados-com-a-quarta-dose-contra-a-covid-em-sao-vicente#primaryimage\"},\"thumbnailUrl\":\"https:\\\/\\\/redenoticiaz.com.br\\\/litoralsp\\\/wp-content\\\/uploads\\\/sites\\\/3\\\/2022\\\/08\\\/51752996451_e422fa1147_k-scaled.jpg\",\"keywords\":[\"ADULTOS COM 18 ANOS OU MAIS\",\"QUARTA DOSE\",\"S\u00e3o Vicente\",\"VACINA CONTRA A COVID\"],\"articleSection\":[\"S\u00e3o Vicente\",\"Sa\u00fade\"],\"inLanguage\":\"pt-BR\",\"potentialAction\":[{\"@type\":\"CommentAction\",\"name\":\"Comment\",\"target\":[\"https:\\\/\\\/redenoticiaz.com.br\\\/litoralsp\\\/2022\\\/09\\\/25\\\/adultos-com-mais-de-18-anos-vao-ser-vacinados-com-a-quarta-dose-contra-a-covid-em-sao-vicente#respond\"]}]},{\"@type\":\"WebPage\",\"@id\":\"https:\\\/\\\/redenoticiaz.com.br\\\/litoralsp\\\/2022\\\/09\\\/25\\\/adultos-com-mais-de-18-anos-vao-ser-vacinados-com-a-quarta-dose-contra-a-covid-em-sao-vicente\",\"url\":\"https:\\\/\\\/redenoticiaz.com.br\\\/litoralsp\\\/2022\\\/09\\\/25\\\/adultos-com-mais-de-18-anos-vao-ser-vacinados-com-a-quarta-dose-contra-a-covid-em-sao-vicente\",\"name\":\"Adultos com mais de 18 anos v\u00e3o ser vacinados com a quarta dose contra a Covid em S\u00e3o Vicente - Litoral SP\",\"isPartOf\":{\"@id\":\"https:\\\/\\\/redenoticiaz.com.br\\\/litoralsp\\\/#website\"},\"primaryImageOfPage\":{\"@id\":\"https:\\\/\\\/redenoticiaz.com.br\\\/litoralsp\\\/2022\\\/09\\\/25\\\/adultos-com-mais-de-18-anos-vao-ser-vacinados-com-a-quarta-dose-contra-a-covid-em-sao-vicente#primaryimage\"},\"image\":{\"@id\":\"https:\\\/\\\/redenoticiaz.com.br\\\/litoralsp\\\/2022\\\/09\\\/25\\\/adultos-com-mais-de-18-anos-vao-ser-vacinados-com-a-quarta-dose-contra-a-covid-em-sao-vicente#primaryimage\"},\"thumbnailUrl\":\"https:\\\/\\\/redenoticiaz.com.br\\\/litoralsp\\\/wp-content\\\/uploads\\\/sites\\\/3\\\/2022\\\/08\\\/51752996451_e422fa1147_k-scaled.jpg\",\"datePublished\":\"2022-09-25T20:09:39+00:00\",\"description\":\"Chegou a vez dos adultos com 18 anos ou mais serem vacinados com a quarta dose da vacina contra a Covid-19 em S\u00e3o Vicente\",\"inLanguage\":\"pt-BR\",\"potentialAction\":[{\"@type\":\"ReadAction\",\"target\":[\"https:\\\/\\\/redenoticiaz.com.br\\\/litoralsp\\\/2022\\\/09\\\/25\\\/adultos-com-mais-de-18-anos-vao-ser-vacinados-com-a-quarta-dose-contra-a-covid-em-sao-vicente\"]}]},{\"@type\":\"ImageObject\",\"inLanguage\":\"pt-BR\",\"@id\":\"https:\\\/\\\/redenoticiaz.com.br\\\/litoralsp\\\/2022\\\/09\\\/25\\\/adultos-com-mais-de-18-anos-vao-ser-vacinados-com-a-quarta-dose-contra-a-covid-em-sao-vicente#primaryimage\",\"url\":\"https:\\\/\\\/redenoticiaz.com.br\\\/litoralsp\\\/wp-content\\\/uploads\\\/sites\\\/3\\\/2022\\\/08\\\/51752996451_e422fa1147_k-scaled.jpg\",\"contentUrl\":\"https:\\\/\\\/redenoticiaz.com.br\\\/litoralsp\\\/wp-content\\\/uploads\\\/sites\\\/3\\\/2022\\\/08\\\/51752996451_e422fa1147_k-scaled.jpg\",\"width\":1620,\"height\":1080,\"caption\":\"Adultos com mais de 18 anos v\u00e3o ser vacinados com a quarta dose contra a Covid em S\u00e3o Vicente\"},{\"@type\":\"WebSite\",\"@id\":\"https:\\\/\\\/redenoticiaz.com.br\\\/litoralsp\\\/#website\",\"url\":\"https:\\\/\\\/redenoticiaz.com.br\\\/litoralsp\\\/\",\"name\":\"Litoral SP\",\"description\":\"Rede NoticiaZ\",\"publisher\":{\"@id\":\"https:\\\/\\\/redenoticiaz.com.br\\\/litoralsp\\\/#organization\"},\"potentialAction\":[{\"@type\":\"SearchAction\",\"target\":{\"@type\":\"EntryPoint\",\"urlTemplate\":\"https:\\\/\\\/redenoticiaz.com.br\\\/litoralsp\\\/?s={search_term_string}\"},\"query-input\":{\"@type\":\"PropertyValueSpecification\",\"valueRequired\":true,\"valueName\":\"search_term_string\"}}],\"inLanguage\":\"pt-BR\"},{\"@type\":\"Organization\",\"@id\":\"https:\\\/\\\/redenoticiaz.com.br\\\/litoralsp\\\/#organization\",\"name\":\"Litoral SP\",\"url\":\"https:\\\/\\\/redenoticiaz.com.br\\\/litoralsp\\\/\",\"logo\":{\"@type\":\"ImageObject\",\"inLanguage\":\"pt-BR\",\"@id\":\"https:\\\/\\\/redenoticiaz.com.br\\\/litoralsp\\\/#\\\/schema\\\/logo\\\/image\\\/\",\"url\":\"https:\\\/\\\/redenoticiaz.com.br\\\/litoralsp\\\/wp-content\\\/uploads\\\/sites\\\/3\\\/2020\\\/11\\\/logo.jpg\",\"contentUrl\":\"https:\\\/\\\/redenoticiaz.com.br\\\/litoralsp\\\/wp-content\\\/uploads\\\/sites\\\/3\\\/2020\\\/11\\\/logo.jpg\",\"width\":400,\"height\":250,\"caption\":\"Litoral SP\"},\"image\":{\"@id\":\"https:\\\/\\\/redenoticiaz.com.br\\\/litoralsp\\\/#\\\/schema\\\/logo\\\/image\\\/\"}},{\"@type\":\"Person\",\"@id\":\"https:\\\/\\\/redenoticiaz.com.br\\\/litoralsp\\\/#\\\/schema\\\/person\\\/0f0b8a5bdafefe82841e07ae8d81ecb3\",\"name\":\"Leonardo Francisco\",\"image\":{\"@type\":\"ImageObject\",\"inLanguage\":\"pt-BR\",\"@id\":\"https:\\\/\\\/secure.gravatar.com\\\/avatar\\\/a7358cb406a99b682ec6df1e77e31ae82e63601f6784e8a3df411d72b37864da?s=96&d=mm&r=g\",\"url\":\"https:\\\/\\\/secure.gravatar.com\\\/avatar\\\/a7358cb406a99b682ec6df1e77e31ae82e63601f6784e8a3df411d72b37864da?s=96&d=mm&r=g\",\"contentUrl\":\"https:\\\/\\\/secure.gravatar.com\\\/avatar\\\/a7358cb406a99b682ec6df1e77e31ae82e63601f6784e8a3df411d72b37864da?s=96&d=mm&r=g\",\"caption\":\"Leonardo Francisco\"},\"url\":\"https:\\\/\\\/redenoticiaz.com.br\\\/litoralsp\\\/author\\\/leonardo-francisco\"}]}<\/script>\n<!-- \/ Yoast SEO plugin. -->","yoast_head_json":{"title":"Adultos com mais de 18 anos v\u00e3o ser vacinados com a quarta dose contra a Covid em S\u00e3o Vicente - Litoral SP","description":"Chegou a vez dos adultos com 18 anos ou mais serem vacinados com a quarta dose da vacina contra a Covid-19 em S\u00e3o Vicente","robots":{"index":"index","follow":"follow","max-snippet":"max-snippet:-1","max-image-preview":"max-image-preview:large","max-video-preview":"max-video-preview:-1"},"canonical":"https:\/\/redenoticiaz.com.br\/litoralsp\/2022\/09\/25\/adultos-com-mais-de-18-anos-vao-ser-vacinados-com-a-quarta-dose-contra-a-covid-em-sao-vicente","og_locale":"pt_BR","og_type":"article","og_title":"Adultos com mais de 18 anos v\u00e3o ser vacinados com a quarta dose contra a Covid em S\u00e3o Vicente - Litoral SP","og_description":"Chegou a vez dos adultos com 18 anos ou mais serem vacinados com a quarta dose da vacina contra a Covid-19 em S\u00e3o Vicente","og_url":"https:\/\/redenoticiaz.com.br\/litoralsp\/2022\/09\/25\/adultos-com-mais-de-18-anos-vao-ser-vacinados-com-a-quarta-dose-contra-a-covid-em-sao-vicente","og_site_name":"Litoral SP","article_published_time":"2022-09-25T20:09:39+00:00","og_image":[{"width":1620,"height":1080,"url":"https:\/\/redenoticiaz.com.br\/litoralsp\/wp-content\/uploads\/sites\/3\/2022\/08\/51752996451_e422fa1147_k-scaled.jpg","type":"image\/jpeg"}],"author":"Leonardo Francisco","twitter_card":"summary_large_image","twitter_misc":{"Escrito por":"Leonardo Francisco","Est. tempo de leitura":"3 minutos"},"schema":{"@context":"https:\/\/schema.org","@graph":[{"@type":"Article","@id":"https:\/\/redenoticiaz.com.br\/litoralsp\/2022\/09\/25\/adultos-com-mais-de-18-anos-vao-ser-vacinados-com-a-quarta-dose-contra-a-covid-em-sao-vicente#article","isPartOf":{"@id":"https:\/\/redenoticiaz.com.br\/litoralsp\/2022\/09\/25\/adultos-com-mais-de-18-anos-vao-ser-vacinados-com-a-quarta-dose-contra-a-covid-em-sao-vicente"},"author":{"name":"Leonardo Francisco","@id":"https:\/\/redenoticiaz.com.br\/litoralsp\/#\/schema\/person\/0f0b8a5bdafefe82841e07ae8d81ecb3"},"headline":"Adultos com mais de 18 anos v\u00e3o ser vacinados com a quarta dose contra a Covid em S\u00e3o Vicente","datePublished":"2022-09-25T20:09:39+00:00","mainEntityOfPage":{"@id":"https:\/\/redenoticiaz.com.br\/litoralsp\/2022\/09\/25\/adultos-com-mais-de-18-anos-vao-ser-vacinados-com-a-quarta-dose-contra-a-covid-em-sao-vicente"},"wordCount":519,"commentCount":0,"publisher":{"@id":"https:\/\/redenoticiaz.com.br\/litoralsp\/#organization"},"image":{"@id":"https:\/\/redenoticiaz.com.br\/litoralsp\/2022\/09\/25\/adultos-com-mais-de-18-anos-vao-ser-vacinados-com-a-quarta-dose-contra-a-covid-em-sao-vicente#primaryimage"},"thumbnailUrl":"https:\/\/redenoticiaz.com.br\/litoralsp\/wp-content\/uploads\/sites\/3\/2022\/08\/51752996451_e422fa1147_k-scaled.jpg","keywords":["ADULTOS COM 18 ANOS OU MAIS","QUARTA DOSE","S\u00e3o Vicente","VACINA CONTRA A COVID"],"articleSection":["S\u00e3o Vicente","Sa\u00fade"],"inLanguage":"pt-BR","potentialAction":[{"@type":"CommentAction","name":"Comment","target":["https:\/\/redenoticiaz.com.br\/litoralsp\/2022\/09\/25\/adultos-com-mais-de-18-anos-vao-ser-vacinados-com-a-quarta-dose-contra-a-covid-em-sao-vicente#respond"]}]},{"@type":"WebPage","@id":"https:\/\/redenoticiaz.com.br\/litoralsp\/2022\/09\/25\/adultos-com-mais-de-18-anos-vao-ser-vacinados-com-a-quarta-dose-contra-a-covid-em-sao-vicente","url":"https:\/\/redenoticiaz.com.br\/litoralsp\/2022\/09\/25\/adultos-com-mais-de-18-anos-vao-ser-vacinados-com-a-quarta-dose-contra-a-covid-em-sao-vicente","name":"Adultos com mais de 18 anos v\u00e3o ser vacinados com a quarta dose contra a Covid em S\u00e3o Vicente - Litoral SP","isPartOf":{"@id":"https:\/\/redenoticiaz.com.br\/litoralsp\/#website"},"primaryImageOfPage":{"@id":"https:\/\/redenoticiaz.com.br\/litoralsp\/2022\/09\/25\/adultos-com-mais-de-18-anos-vao-ser-vacinados-com-a-quarta-dose-contra-a-covid-em-sao-vicente#primaryimage"},"image":{"@id":"https:\/\/redenoticiaz.com.br\/litoralsp\/2022\/09\/25\/adultos-com-mais-de-18-anos-vao-ser-vacinados-com-a-quarta-dose-contra-a-covid-em-sao-vicente#primaryimage"},"thumbnailUrl":"https:\/\/redenoticiaz.com.br\/litoralsp\/wp-content\/uploads\/sites\/3\/2022\/08\/51752996451_e422fa1147_k-scaled.jpg","datePublished":"2022-09-25T20:09:39+00:00","description":"Chegou a vez dos adultos com 18 anos ou mais serem vacinados com a quarta dose da vacina contra a Covid-19 em S\u00e3o Vicente","inLanguage":"pt-BR","potentialAction":[{"@type":"ReadAction","target":["https:\/\/redenoticiaz.com.br\/litoralsp\/2022\/09\/25\/adultos-com-mais-de-18-anos-vao-ser-vacinados-com-a-quarta-dose-contra-a-covid-em-sao-vicente"]}]},{"@type":"ImageObject","inLanguage":"pt-BR","@id":"https:\/\/redenoticiaz.com.br\/litoralsp\/2022\/09\/25\/adultos-com-mais-de-18-anos-vao-ser-vacinados-com-a-quarta-dose-contra-a-covid-em-sao-vicente#primaryimage","url":"https:\/\/redenoticiaz.com.br\/litoralsp\/wp-content\/uploads\/sites\/3\/2022\/08\/51752996451_e422fa1147_k-scaled.jpg","contentUrl":"https:\/\/redenoticiaz.com.br\/litoralsp\/wp-content\/uploads\/sites\/3\/2022\/08\/51752996451_e422fa1147_k-scaled.jpg","width":1620,"height":1080,"caption":"Adultos com mais de 18 anos v\u00e3o ser vacinados com a quarta dose contra a Covid em S\u00e3o Vicente"},{"@type":"WebSite","@id":"https:\/\/redenoticiaz.com.br\/litoralsp\/#website","url":"https:\/\/redenoticiaz.com.br\/litoralsp\/","name":"Litoral SP","description":"Rede NoticiaZ","publisher":{"@id":"https:\/\/redenoticiaz.com.br\/litoralsp\/#organization"},"potentialAction":[{"@type":"SearchAction","target":{"@type":"EntryPoint","urlTemplate":"https:\/\/redenoticiaz.com.br\/litoralsp\/?s={search_term_string}"},"query-input":{"@type":"PropertyValueSpecification","valueRequired":true,"valueName":"search_term_string"}}],"inLanguage":"pt-BR"},{"@type":"Organization","@id":"https:\/\/redenoticiaz.com.br\/litoralsp\/#organization","name":"Litoral SP","url":"https:\/\/redenoticiaz.com.br\/litoralsp\/","logo":{"@type":"ImageObject","inLanguage":"pt-BR","@id":"https:\/\/redenoticiaz.com.br\/litoralsp\/#\/schema\/logo\/image\/","url":"https:\/\/redenoticiaz.com.br\/litoralsp\/wp-content\/uploads\/sites\/3\/2020\/11\/logo.jpg","contentUrl":"https:\/\/redenoticiaz.com.br\/litoralsp\/wp-content\/uploads\/sites\/3\/2020\/11\/logo.jpg","width":400,"height":250,"caption":"Litoral SP"},"image":{"@id":"https:\/\/redenoticiaz.com.br\/litoralsp\/#\/schema\/logo\/image\/"}},{"@type":"Person","@id":"https:\/\/redenoticiaz.com.br\/litoralsp\/#\/schema\/person\/0f0b8a5bdafefe82841e07ae8d81ecb3","name":"Leonardo Francisco","image":{"@type":"ImageObject","inLanguage":"pt-BR","@id":"https:\/\/secure.gravatar.com\/avatar\/a7358cb406a99b682ec6df1e77e31ae82e63601f6784e8a3df411d72b37864da?s=96&d=mm&r=g","url":"https:\/\/secure.gravatar.com\/avatar\/a7358cb406a99b682ec6df1e77e31ae82e63601f6784e8a3df411d72b37864da?s=96&d=mm&r=g","contentUrl":"https:\/\/secure.gravatar.com\/avatar\/a7358cb406a99b682ec6df1e77e31ae82e63601f6784e8a3df411d72b37864da?s=96&d=mm&r=g","caption":"Leonardo Francisco"},"url":"https:\/\/redenoticiaz.com.br\/litoralsp\/author\/leonardo-francisco"}]}},"_links":{"self":[{"href":"https:\/\/redenoticiaz.com.br\/litoralsp\/wp-json\/wp\/v2\/posts\/92084","targetHints":{"allow":["GET"]}}],"collection":[{"href":"https:\/\/redenoticiaz.com.br\/litoralsp\/wp-json\/wp\/v2\/posts"}],"about":[{"href":"https:\/\/redenoticiaz.com.br\/litoralsp\/wp-json\/wp\/v2\/types\/post"}],"author":[{"embeddable":true,"href":"https:\/\/redenoticiaz.com.br\/litoralsp\/wp-json\/wp\/v2\/users\/6"}],"replies":[{"embeddable":true,"href":"https:\/\/redenoticiaz.com.br\/litoralsp\/wp-json\/wp\/v2\/comments?post=92084"}],"version-history":[{"count":1,"href":"https:\/\/redenoticiaz.com.br\/litoralsp\/wp-json\/wp\/v2\/posts\/92084\/revisions"}],"predecessor-version":[{"id":92085,"href":"https:\/\/redenoticiaz.com.br\/litoralsp\/wp-json\/wp\/v2\/posts\/92084\/revisions\/92085"}],"wp:featuredmedia":[{"embeddable":true,"href":"https:\/\/redenoticiaz.com.br\/litoralsp\/wp-json\/wp\/v2\/media\/89516"}],"wp:attachment":[{"href":"https:\/\/redenoticiaz.com.br\/litoralsp\/wp-json\/wp\/v2\/media?parent=92084"}],"wp:term":[{"taxonomy":"category","embeddable":true,"href":"https:\/\/redenoticiaz.com.br\/litoralsp\/wp-json\/wp\/v2\/categories?post=92084"},{"taxonomy":"post_tag","embeddable":true,"href":"https:\/\/redenoticiaz.com.br\/litoralsp\/wp-json\/wp\/v2\/tags?post=92084"}],"curies":[{"name":"wp","href":"https:\/\/api.w.org\/{rel}","templated":true}]}}