{"id":92086,"date":"2022-09-25T17:52:20","date_gmt":"2022-09-25T20:52:20","guid":{"rendered":"https:\/\/redenoticiaz.com.br\/litoralsp\/?p=92086"},"modified":"2022-09-25T17:52:55","modified_gmt":"2022-09-25T20:52:55","slug":"duas-criancas-morrem-em-engavetamento-em-rodovia-do-interior-de-sp","status":"publish","type":"post","link":"https:\/\/redenoticiaz.com.br\/litoralsp\/2022\/09\/25\/duas-criancas-morrem-em-engavetamento-em-rodovia-do-interior-de-sp","title":{"rendered":"Duas crian\u00e7as morrem em engavetamento em rodovia do Interior de SP"},"content":{"rendered":"<p>Trag\u00e9dia na Rodovia R\u00e9gis Bittencourt, em Registro, Interior de S\u00e3o Paulo. Um engavetamento com quatro ve\u00edculos aconteceu na noite de s\u00e1bado (24) e provocou a <strong>morte de duas crian\u00e7as.<\/strong> Uma mulher ficou seriamente ferida e precisou ser hospitalizada.<\/p>\n<div class=\"mc-column content-text active-extra-styles \" data-block-type=\"unstyled\" data-block-weight=\"38\" data-block-id=\"4\">\n<p class=\"content-text__container \" data-track-category=\"Link no Texto\" data-track-links=\"\">Segundo a Arteris, concession\u00e1ria respons\u00e1vel pela rodovia, a colis\u00e3o ocorreu por volta das 20h10, no km 442,9, na pista em dire\u00e7\u00e3o a capital paulista. Ao todo, um caminh\u00e3o, uma moto e dois carros se envolveram no acidente.<\/p>\n<\/div>\n<div class=\"mc-column content-text active-extra-styles \" data-block-type=\"unstyled\" data-block-weight=\"60\" data-block-id=\"5\">\n<p class=\"content-text__container \" data-track-category=\"Link no Texto\" data-track-links=\"\">J\u00e1 a Pol\u00edcia Rodovi\u00e1ria Federal (PRF) informou, por meio de nota, que o carro onde as crian\u00e7as estava teve um problema mec\u00e2nico. Devido a falha, o ve\u00edculo com duas crian\u00e7as e um casal de adultos ficou parado no meio da via e\u00a0 na sequencia foi atingido por outro carro. Momentos depois, um caminh\u00e3o tamb\u00e9m colidiu. Uma motociclista tamb\u00e9m se envolveu no acidente, mas saiu ilesa.<\/p>\n<\/div>\n<div class=\"mc-column content-text active-extra-styles \" data-block-type=\"unstyled\" data-block-weight=\"43\" data-block-id=\"7\">\n<p class=\"content-text__container \" data-track-category=\"Link no Texto\" data-track-links=\"\">Uma menina de 7 anos e um menino de 3 anos foram encaminhados com vida ao Hospital Regional de Registro, mas n\u00e3o resistiram aos ferimentos e morreram. Uma mulher, que tamb\u00e9m estava no carro, ficou ferida e foi encaminhada ao mesmo hospital.<\/p>\n<\/div>\n<div class=\"mc-column content-text active-extra-styles \" data-block-type=\"unstyled\" data-block-weight=\"28\" data-block-id=\"8\">\n<p class=\"content-text__container \" data-track-category=\"Link no Texto\" data-track-links=\"\">Ainda de acordo com a PRF, todos os condutores passaram por teste do baf\u00f4metro, sendo acusada ingest\u00e3o de \u00e1lcool no motorista do carro onde estavam as v\u00edtimas fatais. Por conta do acidente, a faixa da direita e o acostamento foram interditados. A pista foi totalmente liberada por volta das 22h30. N\u00e3o houve registro de congestionamento.<\/p>\n<p data-track-category=\"Link no Texto\" data-track-links=\"\"><strong>LEIA TAMB\u00c9M<\/strong><\/p>\n<p data-track-category=\"Link no Texto\" data-track-links=\"\"><a href=\"https:\/\/redenoticiaz.com.br\/litoralsp\/2022\/09\/24\/video-homem-escapa-por-um-triz-de-ser-atropelado\">V\u00cdDEO \u2013 Homem escapa por um triz de ser atropelado<\/a><\/p>\n<\/div>\n","protected":false},"excerpt":{"rendered":"<p>Trag\u00e9dia na Rodovia R\u00e9gis Bittencourt, em Registro, Interior de S\u00e3o Paulo. Um engavetamento com quatro ve\u00edculos aconteceu na noite de s\u00e1bado (24) e provocou a morte de duas crian\u00e7as. Uma mulher ficou seriamente ferida e precisou ser hospitalizada. Segundo a Arteris, concession\u00e1ria respons\u00e1vel pela rodovia, a colis\u00e3o ocorreu por volta das 20h10, no km 442,9, &hellip;<\/p>\n","protected":false},"author":6,"featured_media":92087,"comment_status":"open","ping_status":"closed","sticky":false,"template":"","format":"standard","meta":{"footnotes":""},"categories":[10,41091,5],"tags":[7,31292,22410,6733,41092],"class_list":["post-92086","post","type-post","status-publish","format-standard","has-post-thumbnail","hentry","category-policia","category-registro","category-transito","tag-acidente","tag-colisao","tag-criancas-mortas","tag-registro","tag-rodovia-regis-bittencourt"],"yoast_head":"<!-- This site is optimized with the Yoast SEO plugin v27.5 - https:\/\/yoast.com\/product\/yoast-seo-wordpress\/ -->\n<title>Duas crian\u00e7as morrem em engavetamento em rodovia do Interior de SP - Litoral SP<\/title>\n<meta name=\"description\" content=\"Interior de S\u00e3o Paulo. Um engavetamento com quatro ve\u00edculos aconteceu na noite de s\u00e1bado (24) e provocou a morte de duas crian\u00e7as.\" \/>\n<meta name=\"robots\" content=\"index, follow, max-snippet:-1, max-image-preview:large, max-video-preview:-1\" \/>\n<link rel=\"canonical\" href=\"https:\/\/redenoticiaz.com.br\/litoralsp\/2022\/09\/25\/duas-criancas-morrem-em-engavetamento-em-rodovia-do-interior-de-sp\" \/>\n<meta property=\"og:locale\" content=\"pt_BR\" \/>\n<meta property=\"og:type\" content=\"article\" \/>\n<meta property=\"og:title\" content=\"Duas crian\u00e7as morrem em engavetamento em rodovia do Interior de SP - Litoral SP\" \/>\n<meta property=\"og:description\" content=\"Interior de S\u00e3o Paulo. Um engavetamento com quatro ve\u00edculos aconteceu na noite de s\u00e1bado (24) e provocou a morte de duas crian\u00e7as.\" \/>\n<meta property=\"og:url\" content=\"https:\/\/redenoticiaz.com.br\/litoralsp\/2022\/09\/25\/duas-criancas-morrem-em-engavetamento-em-rodovia-do-interior-de-sp\" \/>\n<meta property=\"og:site_name\" content=\"Litoral SP\" \/>\n<meta property=\"article:published_time\" content=\"2022-09-25T20:52:20+00:00\" \/>\n<meta property=\"article:modified_time\" content=\"2022-09-25T20:52:55+00:00\" \/>\n<meta property=\"og:image\" content=\"https:\/\/redenoticiaz.com.br\/litoralsp\/wp-content\/uploads\/sites\/3\/2022\/09\/ENGAVETAMENTO-CARRO.png\" \/>\n\t<meta property=\"og:image:width\" content=\"589\" \/>\n\t<meta property=\"og:image:height\" content=\"410\" \/>\n\t<meta property=\"og:image:type\" content=\"image\/png\" \/>\n<meta name=\"author\" content=\"Leonardo Francisco\" \/>\n<meta name=\"twitter:card\" content=\"summary_large_image\" \/>\n<meta name=\"twitter:label1\" content=\"Escrito por\" \/>\n\t<meta name=\"twitter:data1\" content=\"Leonardo Francisco\" \/>\n\t<meta name=\"twitter:label2\" content=\"Est. tempo de leitura\" \/>\n\t<meta name=\"twitter:data2\" content=\"2 minutos\" \/>\n<script type=\"application\/ld+json\" class=\"yoast-schema-graph\">{\"@context\":\"https:\\\/\\\/schema.org\",\"@graph\":[{\"@type\":\"Article\",\"@id\":\"https:\\\/\\\/redenoticiaz.com.br\\\/litoralsp\\\/2022\\\/09\\\/25\\\/duas-criancas-morrem-em-engavetamento-em-rodovia-do-interior-de-sp#article\",\"isPartOf\":{\"@id\":\"https:\\\/\\\/redenoticiaz.com.br\\\/litoralsp\\\/2022\\\/09\\\/25\\\/duas-criancas-morrem-em-engavetamento-em-rodovia-do-interior-de-sp\"},\"author\":{\"name\":\"Leonardo Francisco\",\"@id\":\"https:\\\/\\\/redenoticiaz.com.br\\\/litoralsp\\\/#\\\/schema\\\/person\\\/0f0b8a5bdafefe82841e07ae8d81ecb3\"},\"headline\":\"Duas crian\u00e7as morrem em engavetamento em rodovia do Interior de SP\",\"datePublished\":\"2022-09-25T20:52:20+00:00\",\"dateModified\":\"2022-09-25T20:52:55+00:00\",\"mainEntityOfPage\":{\"@id\":\"https:\\\/\\\/redenoticiaz.com.br\\\/litoralsp\\\/2022\\\/09\\\/25\\\/duas-criancas-morrem-em-engavetamento-em-rodovia-do-interior-de-sp\"},\"wordCount\":284,\"commentCount\":0,\"publisher\":{\"@id\":\"https:\\\/\\\/redenoticiaz.com.br\\\/litoralsp\\\/#organization\"},\"image\":{\"@id\":\"https:\\\/\\\/redenoticiaz.com.br\\\/litoralsp\\\/2022\\\/09\\\/25\\\/duas-criancas-morrem-em-engavetamento-em-rodovia-do-interior-de-sp#primaryimage\"},\"thumbnailUrl\":\"https:\\\/\\\/redenoticiaz.com.br\\\/litoralsp\\\/wp-content\\\/uploads\\\/sites\\\/3\\\/2022\\\/09\\\/ENGAVETAMENTO-CARRO.png\",\"keywords\":[\"acidente\",\"COLIS\u00c3O\",\"CRIAN\u00c7AS MORTAS\",\"REGISTRO\",\"RODOVIA R\u00c9GIS BITTENCOURT\"],\"articleSection\":[\"Pol\u00edcia\",\"Registro\",\"Tr\u00e2nsito\"],\"inLanguage\":\"pt-BR\",\"potentialAction\":[{\"@type\":\"CommentAction\",\"name\":\"Comment\",\"target\":[\"https:\\\/\\\/redenoticiaz.com.br\\\/litoralsp\\\/2022\\\/09\\\/25\\\/duas-criancas-morrem-em-engavetamento-em-rodovia-do-interior-de-sp#respond\"]}]},{\"@type\":\"WebPage\",\"@id\":\"https:\\\/\\\/redenoticiaz.com.br\\\/litoralsp\\\/2022\\\/09\\\/25\\\/duas-criancas-morrem-em-engavetamento-em-rodovia-do-interior-de-sp\",\"url\":\"https:\\\/\\\/redenoticiaz.com.br\\\/litoralsp\\\/2022\\\/09\\\/25\\\/duas-criancas-morrem-em-engavetamento-em-rodovia-do-interior-de-sp\",\"name\":\"Duas crian\u00e7as morrem em engavetamento em rodovia do Interior de SP - Litoral SP\",\"isPartOf\":{\"@id\":\"https:\\\/\\\/redenoticiaz.com.br\\\/litoralsp\\\/#website\"},\"primaryImageOfPage\":{\"@id\":\"https:\\\/\\\/redenoticiaz.com.br\\\/litoralsp\\\/2022\\\/09\\\/25\\\/duas-criancas-morrem-em-engavetamento-em-rodovia-do-interior-de-sp#primaryimage\"},\"image\":{\"@id\":\"https:\\\/\\\/redenoticiaz.com.br\\\/litoralsp\\\/2022\\\/09\\\/25\\\/duas-criancas-morrem-em-engavetamento-em-rodovia-do-interior-de-sp#primaryimage\"},\"thumbnailUrl\":\"https:\\\/\\\/redenoticiaz.com.br\\\/litoralsp\\\/wp-content\\\/uploads\\\/sites\\\/3\\\/2022\\\/09\\\/ENGAVETAMENTO-CARRO.png\",\"datePublished\":\"2022-09-25T20:52:20+00:00\",\"dateModified\":\"2022-09-25T20:52:55+00:00\",\"description\":\"Interior de S\u00e3o Paulo. Um engavetamento com quatro ve\u00edculos aconteceu na noite de s\u00e1bado (24) e provocou a morte de duas crian\u00e7as.\",\"inLanguage\":\"pt-BR\",\"potentialAction\":[{\"@type\":\"ReadAction\",\"target\":[\"https:\\\/\\\/redenoticiaz.com.br\\\/litoralsp\\\/2022\\\/09\\\/25\\\/duas-criancas-morrem-em-engavetamento-em-rodovia-do-interior-de-sp\"]}]},{\"@type\":\"ImageObject\",\"inLanguage\":\"pt-BR\",\"@id\":\"https:\\\/\\\/redenoticiaz.com.br\\\/litoralsp\\\/2022\\\/09\\\/25\\\/duas-criancas-morrem-em-engavetamento-em-rodovia-do-interior-de-sp#primaryimage\",\"url\":\"https:\\\/\\\/redenoticiaz.com.br\\\/litoralsp\\\/wp-content\\\/uploads\\\/sites\\\/3\\\/2022\\\/09\\\/ENGAVETAMENTO-CARRO.png\",\"contentUrl\":\"https:\\\/\\\/redenoticiaz.com.br\\\/litoralsp\\\/wp-content\\\/uploads\\\/sites\\\/3\\\/2022\\\/09\\\/ENGAVETAMENTO-CARRO.png\",\"width\":589,\"height\":410,\"caption\":\"Cr\u00e9ditos: Divulga\u00e7\u00e3o\\\/Pol\u00edcia Rodovi\u00e1ria Federal\"},{\"@type\":\"WebSite\",\"@id\":\"https:\\\/\\\/redenoticiaz.com.br\\\/litoralsp\\\/#website\",\"url\":\"https:\\\/\\\/redenoticiaz.com.br\\\/litoralsp\\\/\",\"name\":\"Litoral SP\",\"description\":\"Rede NoticiaZ\",\"publisher\":{\"@id\":\"https:\\\/\\\/redenoticiaz.com.br\\\/litoralsp\\\/#organization\"},\"potentialAction\":[{\"@type\":\"SearchAction\",\"target\":{\"@type\":\"EntryPoint\",\"urlTemplate\":\"https:\\\/\\\/redenoticiaz.com.br\\\/litoralsp\\\/?s={search_term_string}\"},\"query-input\":{\"@type\":\"PropertyValueSpecification\",\"valueRequired\":true,\"valueName\":\"search_term_string\"}}],\"inLanguage\":\"pt-BR\"},{\"@type\":\"Organization\",\"@id\":\"https:\\\/\\\/redenoticiaz.com.br\\\/litoralsp\\\/#organization\",\"name\":\"Litoral SP\",\"url\":\"https:\\\/\\\/redenoticiaz.com.br\\\/litoralsp\\\/\",\"logo\":{\"@type\":\"ImageObject\",\"inLanguage\":\"pt-BR\",\"@id\":\"https:\\\/\\\/redenoticiaz.com.br\\\/litoralsp\\\/#\\\/schema\\\/logo\\\/image\\\/\",\"url\":\"https:\\\/\\\/redenoticiaz.com.br\\\/litoralsp\\\/wp-content\\\/uploads\\\/sites\\\/3\\\/2020\\\/11\\\/logo.jpg\",\"contentUrl\":\"https:\\\/\\\/redenoticiaz.com.br\\\/litoralsp\\\/wp-content\\\/uploads\\\/sites\\\/3\\\/2020\\\/11\\\/logo.jpg\",\"width\":400,\"height\":250,\"caption\":\"Litoral SP\"},\"image\":{\"@id\":\"https:\\\/\\\/redenoticiaz.com.br\\\/litoralsp\\\/#\\\/schema\\\/logo\\\/image\\\/\"}},{\"@type\":\"Person\",\"@id\":\"https:\\\/\\\/redenoticiaz.com.br\\\/litoralsp\\\/#\\\/schema\\\/person\\\/0f0b8a5bdafefe82841e07ae8d81ecb3\",\"name\":\"Leonardo Francisco\",\"image\":{\"@type\":\"ImageObject\",\"inLanguage\":\"pt-BR\",\"@id\":\"https:\\\/\\\/secure.gravatar.com\\\/avatar\\\/a7358cb406a99b682ec6df1e77e31ae82e63601f6784e8a3df411d72b37864da?s=96&d=mm&r=g\",\"url\":\"https:\\\/\\\/secure.gravatar.com\\\/avatar\\\/a7358cb406a99b682ec6df1e77e31ae82e63601f6784e8a3df411d72b37864da?s=96&d=mm&r=g\",\"contentUrl\":\"https:\\\/\\\/secure.gravatar.com\\\/avatar\\\/a7358cb406a99b682ec6df1e77e31ae82e63601f6784e8a3df411d72b37864da?s=96&d=mm&r=g\",\"caption\":\"Leonardo Francisco\"},\"url\":\"https:\\\/\\\/redenoticiaz.com.br\\\/litoralsp\\\/author\\\/leonardo-francisco\"}]}<\/script>\n<!-- \/ Yoast SEO plugin. -->","yoast_head_json":{"title":"Duas crian\u00e7as morrem em engavetamento em rodovia do Interior de SP - Litoral SP","description":"Interior de S\u00e3o Paulo. Um engavetamento com quatro ve\u00edculos aconteceu na noite de s\u00e1bado (24) e provocou a morte de duas crian\u00e7as.","robots":{"index":"index","follow":"follow","max-snippet":"max-snippet:-1","max-image-preview":"max-image-preview:large","max-video-preview":"max-video-preview:-1"},"canonical":"https:\/\/redenoticiaz.com.br\/litoralsp\/2022\/09\/25\/duas-criancas-morrem-em-engavetamento-em-rodovia-do-interior-de-sp","og_locale":"pt_BR","og_type":"article","og_title":"Duas crian\u00e7as morrem em engavetamento em rodovia do Interior de SP - Litoral SP","og_description":"Interior de S\u00e3o Paulo. Um engavetamento com quatro ve\u00edculos aconteceu na noite de s\u00e1bado (24) e provocou a morte de duas crian\u00e7as.","og_url":"https:\/\/redenoticiaz.com.br\/litoralsp\/2022\/09\/25\/duas-criancas-morrem-em-engavetamento-em-rodovia-do-interior-de-sp","og_site_name":"Litoral SP","article_published_time":"2022-09-25T20:52:20+00:00","article_modified_time":"2022-09-25T20:52:55+00:00","og_image":[{"width":589,"height":410,"url":"https:\/\/redenoticiaz.com.br\/litoralsp\/wp-content\/uploads\/sites\/3\/2022\/09\/ENGAVETAMENTO-CARRO.png","type":"image\/png"}],"author":"Leonardo Francisco","twitter_card":"summary_large_image","twitter_misc":{"Escrito por":"Leonardo Francisco","Est. tempo de leitura":"2 minutos"},"schema":{"@context":"https:\/\/schema.org","@graph":[{"@type":"Article","@id":"https:\/\/redenoticiaz.com.br\/litoralsp\/2022\/09\/25\/duas-criancas-morrem-em-engavetamento-em-rodovia-do-interior-de-sp#article","isPartOf":{"@id":"https:\/\/redenoticiaz.com.br\/litoralsp\/2022\/09\/25\/duas-criancas-morrem-em-engavetamento-em-rodovia-do-interior-de-sp"},"author":{"name":"Leonardo Francisco","@id":"https:\/\/redenoticiaz.com.br\/litoralsp\/#\/schema\/person\/0f0b8a5bdafefe82841e07ae8d81ecb3"},"headline":"Duas crian\u00e7as morrem em engavetamento em rodovia do Interior de SP","datePublished":"2022-09-25T20:52:20+00:00","dateModified":"2022-09-25T20:52:55+00:00","mainEntityOfPage":{"@id":"https:\/\/redenoticiaz.com.br\/litoralsp\/2022\/09\/25\/duas-criancas-morrem-em-engavetamento-em-rodovia-do-interior-de-sp"},"wordCount":284,"commentCount":0,"publisher":{"@id":"https:\/\/redenoticiaz.com.br\/litoralsp\/#organization"},"image":{"@id":"https:\/\/redenoticiaz.com.br\/litoralsp\/2022\/09\/25\/duas-criancas-morrem-em-engavetamento-em-rodovia-do-interior-de-sp#primaryimage"},"thumbnailUrl":"https:\/\/redenoticiaz.com.br\/litoralsp\/wp-content\/uploads\/sites\/3\/2022\/09\/ENGAVETAMENTO-CARRO.png","keywords":["acidente","COLIS\u00c3O","CRIAN\u00c7AS MORTAS","REGISTRO","RODOVIA R\u00c9GIS BITTENCOURT"],"articleSection":["Pol\u00edcia","Registro","Tr\u00e2nsito"],"inLanguage":"pt-BR","potentialAction":[{"@type":"CommentAction","name":"Comment","target":["https:\/\/redenoticiaz.com.br\/litoralsp\/2022\/09\/25\/duas-criancas-morrem-em-engavetamento-em-rodovia-do-interior-de-sp#respond"]}]},{"@type":"WebPage","@id":"https:\/\/redenoticiaz.com.br\/litoralsp\/2022\/09\/25\/duas-criancas-morrem-em-engavetamento-em-rodovia-do-interior-de-sp","url":"https:\/\/redenoticiaz.com.br\/litoralsp\/2022\/09\/25\/duas-criancas-morrem-em-engavetamento-em-rodovia-do-interior-de-sp","name":"Duas crian\u00e7as morrem em engavetamento em rodovia do Interior de SP - Litoral SP","isPartOf":{"@id":"https:\/\/redenoticiaz.com.br\/litoralsp\/#website"},"primaryImageOfPage":{"@id":"https:\/\/redenoticiaz.com.br\/litoralsp\/2022\/09\/25\/duas-criancas-morrem-em-engavetamento-em-rodovia-do-interior-de-sp#primaryimage"},"image":{"@id":"https:\/\/redenoticiaz.com.br\/litoralsp\/2022\/09\/25\/duas-criancas-morrem-em-engavetamento-em-rodovia-do-interior-de-sp#primaryimage"},"thumbnailUrl":"https:\/\/redenoticiaz.com.br\/litoralsp\/wp-content\/uploads\/sites\/3\/2022\/09\/ENGAVETAMENTO-CARRO.png","datePublished":"2022-09-25T20:52:20+00:00","dateModified":"2022-09-25T20:52:55+00:00","description":"Interior de S\u00e3o Paulo. Um engavetamento com quatro ve\u00edculos aconteceu na noite de s\u00e1bado (24) e provocou a morte de duas crian\u00e7as.","inLanguage":"pt-BR","potentialAction":[{"@type":"ReadAction","target":["https:\/\/redenoticiaz.com.br\/litoralsp\/2022\/09\/25\/duas-criancas-morrem-em-engavetamento-em-rodovia-do-interior-de-sp"]}]},{"@type":"ImageObject","inLanguage":"pt-BR","@id":"https:\/\/redenoticiaz.com.br\/litoralsp\/2022\/09\/25\/duas-criancas-morrem-em-engavetamento-em-rodovia-do-interior-de-sp#primaryimage","url":"https:\/\/redenoticiaz.com.br\/litoralsp\/wp-content\/uploads\/sites\/3\/2022\/09\/ENGAVETAMENTO-CARRO.png","contentUrl":"https:\/\/redenoticiaz.com.br\/litoralsp\/wp-content\/uploads\/sites\/3\/2022\/09\/ENGAVETAMENTO-CARRO.png","width":589,"height":410,"caption":"Cr\u00e9ditos: Divulga\u00e7\u00e3o\/Pol\u00edcia Rodovi\u00e1ria Federal"},{"@type":"WebSite","@id":"https:\/\/redenoticiaz.com.br\/litoralsp\/#website","url":"https:\/\/redenoticiaz.com.br\/litoralsp\/","name":"Litoral SP","description":"Rede NoticiaZ","publisher":{"@id":"https:\/\/redenoticiaz.com.br\/litoralsp\/#organization"},"potentialAction":[{"@type":"SearchAction","target":{"@type":"EntryPoint","urlTemplate":"https:\/\/redenoticiaz.com.br\/litoralsp\/?s={search_term_string}"},"query-input":{"@type":"PropertyValueSpecification","valueRequired":true,"valueName":"search_term_string"}}],"inLanguage":"pt-BR"},{"@type":"Organization","@id":"https:\/\/redenoticiaz.com.br\/litoralsp\/#organization","name":"Litoral SP","url":"https:\/\/redenoticiaz.com.br\/litoralsp\/","logo":{"@type":"ImageObject","inLanguage":"pt-BR","@id":"https:\/\/redenoticiaz.com.br\/litoralsp\/#\/schema\/logo\/image\/","url":"https:\/\/redenoticiaz.com.br\/litoralsp\/wp-content\/uploads\/sites\/3\/2020\/11\/logo.jpg","contentUrl":"https:\/\/redenoticiaz.com.br\/litoralsp\/wp-content\/uploads\/sites\/3\/2020\/11\/logo.jpg","width":400,"height":250,"caption":"Litoral SP"},"image":{"@id":"https:\/\/redenoticiaz.com.br\/litoralsp\/#\/schema\/logo\/image\/"}},{"@type":"Person","@id":"https:\/\/redenoticiaz.com.br\/litoralsp\/#\/schema\/person\/0f0b8a5bdafefe82841e07ae8d81ecb3","name":"Leonardo Francisco","image":{"@type":"ImageObject","inLanguage":"pt-BR","@id":"https:\/\/secure.gravatar.com\/avatar\/a7358cb406a99b682ec6df1e77e31ae82e63601f6784e8a3df411d72b37864da?s=96&d=mm&r=g","url":"https:\/\/secure.gravatar.com\/avatar\/a7358cb406a99b682ec6df1e77e31ae82e63601f6784e8a3df411d72b37864da?s=96&d=mm&r=g","contentUrl":"https:\/\/secure.gravatar.com\/avatar\/a7358cb406a99b682ec6df1e77e31ae82e63601f6784e8a3df411d72b37864da?s=96&d=mm&r=g","caption":"Leonardo Francisco"},"url":"https:\/\/redenoticiaz.com.br\/litoralsp\/author\/leonardo-francisco"}]}},"_links":{"self":[{"href":"https:\/\/redenoticiaz.com.br\/litoralsp\/wp-json\/wp\/v2\/posts\/92086","targetHints":{"allow":["GET"]}}],"collection":[{"href":"https:\/\/redenoticiaz.com.br\/litoralsp\/wp-json\/wp\/v2\/posts"}],"about":[{"href":"https:\/\/redenoticiaz.com.br\/litoralsp\/wp-json\/wp\/v2\/types\/post"}],"author":[{"embeddable":true,"href":"https:\/\/redenoticiaz.com.br\/litoralsp\/wp-json\/wp\/v2\/users\/6"}],"replies":[{"embeddable":true,"href":"https:\/\/redenoticiaz.com.br\/litoralsp\/wp-json\/wp\/v2\/comments?post=92086"}],"version-history":[{"count":2,"href":"https:\/\/redenoticiaz.com.br\/litoralsp\/wp-json\/wp\/v2\/posts\/92086\/revisions"}],"predecessor-version":[{"id":92089,"href":"https:\/\/redenoticiaz.com.br\/litoralsp\/wp-json\/wp\/v2\/posts\/92086\/revisions\/92089"}],"wp:featuredmedia":[{"embeddable":true,"href":"https:\/\/redenoticiaz.com.br\/litoralsp\/wp-json\/wp\/v2\/media\/92087"}],"wp:attachment":[{"href":"https:\/\/redenoticiaz.com.br\/litoralsp\/wp-json\/wp\/v2\/media?parent=92086"}],"wp:term":[{"taxonomy":"category","embeddable":true,"href":"https:\/\/redenoticiaz.com.br\/litoralsp\/wp-json\/wp\/v2\/categories?post=92086"},{"taxonomy":"post_tag","embeddable":true,"href":"https:\/\/redenoticiaz.com.br\/litoralsp\/wp-json\/wp\/v2\/tags?post=92086"}],"curies":[{"name":"wp","href":"https:\/\/api.w.org\/{rel}","templated":true}]}}