{"id":92092,"date":"2022-09-25T18:12:18","date_gmt":"2022-09-25T21:12:18","guid":{"rendered":"https:\/\/redenoticiaz.com.br\/litoralsp\/?p=92092"},"modified":"2022-09-25T18:12:18","modified_gmt":"2022-09-25T21:12:18","slug":"corpo-de-adolescente-e-encontrado-uma-semana-apos-desaparecer-no-guaruja","status":"publish","type":"post","link":"https:\/\/redenoticiaz.com.br\/litoralsp\/2022\/09\/25\/corpo-de-adolescente-e-encontrado-uma-semana-apos-desaparecer-no-guaruja","title":{"rendered":"Corpo de adolescente \u00e9 encontrado uma semana ap\u00f3s desaparecer no Guaruj\u00e1"},"content":{"rendered":"<p>Foi encontrado neste domingo (25), em S\u00e3o Sebasti\u00e3o, Litoral Norte, o corpo de um adolescente de 16 anos, identificado como <span class=\"highlight highlighted\">Maicon Muniz da Rocha. Ele estava <strong>desaparecido h\u00e1 uma semana<\/strong> ap\u00f3s pular para o mar, acompanhado de seis amigos, das pedras do Morro do Maluf, em Guaruj\u00e1, na Baixada Santista.<br \/>\n<\/span><\/p>\n<div class=\"wall protected-content\">\n<div class=\"mc-column content-text active-extra-styles \" data-block-type=\"unstyled\" data-block-weight=\"51\" data-block-id=\"4\">\n<p class=\"content-text__container \" data-track-category=\"Link no Texto\" data-track-links=\"\">Conforme informa\u00e7\u00f5es do Boletim de Ocorr\u00eancia (BO) registrado na Delegacia Sede de Guaruj\u00e1, os colegas contaram que viram o garoto se afogando e acionaram o Corpo de Bombeiros. S\u00f3 que ele n\u00e3o foi encontrado de imediato. Maicon acabou send<span class=\"highlight highlighted\">o levado pela correnteza at\u00e9 a praia da outra cidade do litoral paulista.<\/span><\/p>\n<\/div>\n<div class=\"mc-column content-text active-extra-styles \" data-block-type=\"unstyled\" data-block-weight=\"48\" data-block-id=\"6\">\n<p class=\"content-text__container \" data-track-category=\"Link no Texto\" data-track-links=\"\">Passada uma semana, os pais vivenciaram um verdadeiro drama e aguardavam dos Bombeiros uma not\u00edcia animadora. O drama chegou ao fim neste domingo com o corpo de Maicon localizado. Mas o sentimento de familiares e amigos, al\u00e9m de tristeza \u00e9 de raiva por causa da demora e da a\u00e7\u00e3o da corpora\u00e7\u00e3o. O Corpo de Bombeiros, at\u00e9 o momento n\u00e3o se manifestou sobre o caso.<\/p>\n<p data-track-category=\"Link no Texto\" data-track-links=\"\"><strong>LEIA TAMB\u00c9M<\/strong><\/p>\n<p data-track-category=\"Link no Texto\" data-track-links=\"\"><a href=\"https:\/\/redenoticiaz.com.br\/litoralsp\/2022\/09\/25\/quadrilha-especializada-em-roubar-residencias-e-descoberta-no-litoral\">Quadrilha especializada em roubar resid\u00eancias \u00e9 descoberta no Litoral<\/a><\/p>\n<\/div>\n<\/div>\n","protected":false},"excerpt":{"rendered":"<p>Foi encontrado neste domingo (25), em S\u00e3o Sebasti\u00e3o, Litoral Norte, o corpo de um adolescente de 16 anos, identificado como Maicon Muniz da Rocha. Ele estava desaparecido h\u00e1 uma semana ap\u00f3s pular para o mar, acompanhado de seis amigos, das pedras do Morro do Maluf, em Guaruj\u00e1, na Baixada Santista. Conforme informa\u00e7\u00f5es do Boletim de &hellip;<\/p>\n","protected":false},"author":6,"featured_media":92093,"comment_status":"open","ping_status":"closed","sticky":false,"template":"","format":"standard","meta":{"footnotes":""},"categories":[187,10,45592,188],"tags":[43931,5316,1006,23431,3707],"class_list":["post-92092","post","type-post","status-publish","format-standard","has-post-thumbnail","hentry","category-guaruja","category-policia","category-praia","category-sao-sebastiao","tag-corpo-de-adolescente","tag-corpo-de-bombeiros","tag-guaruja","tag-morro-do-maluf","tag-sao-sebastiao"],"yoast_head":"<!-- This site is optimized with the Yoast SEO plugin v27.5 - https:\/\/yoast.com\/product\/yoast-seo-wordpress\/ -->\n<title>Corpo de adolescente \u00e9 encontrado uma semana ap\u00f3s desaparecer no Guaruj\u00e1 - Litoral SP<\/title>\n<meta name=\"description\" content=\"Foi encontrado neste domingo (25), em S\u00e3o Sebasti\u00e3o, Litoral Norte, o corpo de um adolescente de 16 anos, identificado como\" \/>\n<meta name=\"robots\" content=\"index, follow, max-snippet:-1, max-image-preview:large, max-video-preview:-1\" \/>\n<link rel=\"canonical\" href=\"https:\/\/redenoticiaz.com.br\/litoralsp\/2022\/09\/25\/corpo-de-adolescente-e-encontrado-uma-semana-apos-desaparecer-no-guaruja\" \/>\n<meta property=\"og:locale\" content=\"pt_BR\" \/>\n<meta property=\"og:type\" content=\"article\" \/>\n<meta property=\"og:title\" content=\"Corpo de adolescente \u00e9 encontrado uma semana ap\u00f3s desaparecer no Guaruj\u00e1 - Litoral SP\" \/>\n<meta property=\"og:description\" content=\"Foi encontrado neste domingo (25), em S\u00e3o Sebasti\u00e3o, Litoral Norte, o corpo de um adolescente de 16 anos, identificado como\" \/>\n<meta property=\"og:url\" content=\"https:\/\/redenoticiaz.com.br\/litoralsp\/2022\/09\/25\/corpo-de-adolescente-e-encontrado-uma-semana-apos-desaparecer-no-guaruja\" \/>\n<meta property=\"og:site_name\" content=\"Litoral SP\" \/>\n<meta property=\"article:published_time\" content=\"2022-09-25T21:12:18+00:00\" \/>\n<meta property=\"og:image\" content=\"https:\/\/redenoticiaz.com.br\/litoralsp\/wp-content\/uploads\/sites\/3\/2022\/09\/MAULF.jpg\" \/>\n\t<meta property=\"og:image:width\" content=\"1200\" \/>\n\t<meta property=\"og:image:height\" content=\"900\" \/>\n\t<meta property=\"og:image:type\" content=\"image\/jpeg\" \/>\n<meta name=\"author\" content=\"Leonardo Francisco\" \/>\n<meta name=\"twitter:card\" content=\"summary_large_image\" \/>\n<meta name=\"twitter:label1\" content=\"Escrito por\" \/>\n\t<meta name=\"twitter:data1\" content=\"Leonardo Francisco\" \/>\n\t<meta name=\"twitter:label2\" content=\"Est. tempo de leitura\" \/>\n\t<meta name=\"twitter:data2\" content=\"1 minuto\" \/>\n<script type=\"application\/ld+json\" class=\"yoast-schema-graph\">{\"@context\":\"https:\\\/\\\/schema.org\",\"@graph\":[{\"@type\":\"Article\",\"@id\":\"https:\\\/\\\/redenoticiaz.com.br\\\/litoralsp\\\/2022\\\/09\\\/25\\\/corpo-de-adolescente-e-encontrado-uma-semana-apos-desaparecer-no-guaruja#article\",\"isPartOf\":{\"@id\":\"https:\\\/\\\/redenoticiaz.com.br\\\/litoralsp\\\/2022\\\/09\\\/25\\\/corpo-de-adolescente-e-encontrado-uma-semana-apos-desaparecer-no-guaruja\"},\"author\":{\"name\":\"Leonardo Francisco\",\"@id\":\"https:\\\/\\\/redenoticiaz.com.br\\\/litoralsp\\\/#\\\/schema\\\/person\\\/0f0b8a5bdafefe82841e07ae8d81ecb3\"},\"headline\":\"Corpo de adolescente \u00e9 encontrado uma semana ap\u00f3s desaparecer no Guaruj\u00e1\",\"datePublished\":\"2022-09-25T21:12:18+00:00\",\"mainEntityOfPage\":{\"@id\":\"https:\\\/\\\/redenoticiaz.com.br\\\/litoralsp\\\/2022\\\/09\\\/25\\\/corpo-de-adolescente-e-encontrado-uma-semana-apos-desaparecer-no-guaruja\"},\"wordCount\":196,\"commentCount\":0,\"publisher\":{\"@id\":\"https:\\\/\\\/redenoticiaz.com.br\\\/litoralsp\\\/#organization\"},\"image\":{\"@id\":\"https:\\\/\\\/redenoticiaz.com.br\\\/litoralsp\\\/2022\\\/09\\\/25\\\/corpo-de-adolescente-e-encontrado-uma-semana-apos-desaparecer-no-guaruja#primaryimage\"},\"thumbnailUrl\":\"https:\\\/\\\/redenoticiaz.com.br\\\/litoralsp\\\/wp-content\\\/uploads\\\/sites\\\/3\\\/2022\\\/09\\\/MAULF.jpg\",\"keywords\":[\"CORPO DE ADOLESCENTE\",\"CORPO DE BOMBEIROS\",\"GUARUJ\u00c1\",\"MORRO DO MALUF\",\"S\u00c3O SEBASTI\u00c3O\"],\"articleSection\":[\"Guaruj\u00e1\",\"Pol\u00edcia\",\"Praia\",\"S\u00e3o Sebasti\u00e3o\"],\"inLanguage\":\"pt-BR\",\"potentialAction\":[{\"@type\":\"CommentAction\",\"name\":\"Comment\",\"target\":[\"https:\\\/\\\/redenoticiaz.com.br\\\/litoralsp\\\/2022\\\/09\\\/25\\\/corpo-de-adolescente-e-encontrado-uma-semana-apos-desaparecer-no-guaruja#respond\"]}]},{\"@type\":\"WebPage\",\"@id\":\"https:\\\/\\\/redenoticiaz.com.br\\\/litoralsp\\\/2022\\\/09\\\/25\\\/corpo-de-adolescente-e-encontrado-uma-semana-apos-desaparecer-no-guaruja\",\"url\":\"https:\\\/\\\/redenoticiaz.com.br\\\/litoralsp\\\/2022\\\/09\\\/25\\\/corpo-de-adolescente-e-encontrado-uma-semana-apos-desaparecer-no-guaruja\",\"name\":\"Corpo de adolescente \u00e9 encontrado uma semana ap\u00f3s desaparecer no Guaruj\u00e1 - Litoral SP\",\"isPartOf\":{\"@id\":\"https:\\\/\\\/redenoticiaz.com.br\\\/litoralsp\\\/#website\"},\"primaryImageOfPage\":{\"@id\":\"https:\\\/\\\/redenoticiaz.com.br\\\/litoralsp\\\/2022\\\/09\\\/25\\\/corpo-de-adolescente-e-encontrado-uma-semana-apos-desaparecer-no-guaruja#primaryimage\"},\"image\":{\"@id\":\"https:\\\/\\\/redenoticiaz.com.br\\\/litoralsp\\\/2022\\\/09\\\/25\\\/corpo-de-adolescente-e-encontrado-uma-semana-apos-desaparecer-no-guaruja#primaryimage\"},\"thumbnailUrl\":\"https:\\\/\\\/redenoticiaz.com.br\\\/litoralsp\\\/wp-content\\\/uploads\\\/sites\\\/3\\\/2022\\\/09\\\/MAULF.jpg\",\"datePublished\":\"2022-09-25T21:12:18+00:00\",\"description\":\"Foi encontrado neste domingo (25), em S\u00e3o Sebasti\u00e3o, Litoral Norte, o corpo de um adolescente de 16 anos, identificado como\",\"inLanguage\":\"pt-BR\",\"potentialAction\":[{\"@type\":\"ReadAction\",\"target\":[\"https:\\\/\\\/redenoticiaz.com.br\\\/litoralsp\\\/2022\\\/09\\\/25\\\/corpo-de-adolescente-e-encontrado-uma-semana-apos-desaparecer-no-guaruja\"]}]},{\"@type\":\"ImageObject\",\"inLanguage\":\"pt-BR\",\"@id\":\"https:\\\/\\\/redenoticiaz.com.br\\\/litoralsp\\\/2022\\\/09\\\/25\\\/corpo-de-adolescente-e-encontrado-uma-semana-apos-desaparecer-no-guaruja#primaryimage\",\"url\":\"https:\\\/\\\/redenoticiaz.com.br\\\/litoralsp\\\/wp-content\\\/uploads\\\/sites\\\/3\\\/2022\\\/09\\\/MAULF.jpg\",\"contentUrl\":\"https:\\\/\\\/redenoticiaz.com.br\\\/litoralsp\\\/wp-content\\\/uploads\\\/sites\\\/3\\\/2022\\\/09\\\/MAULF.jpg\",\"width\":1200,\"height\":900,\"caption\":\"Cr\u00e9ditos: Reprodu\u00e7\u00e3o\"},{\"@type\":\"WebSite\",\"@id\":\"https:\\\/\\\/redenoticiaz.com.br\\\/litoralsp\\\/#website\",\"url\":\"https:\\\/\\\/redenoticiaz.com.br\\\/litoralsp\\\/\",\"name\":\"Litoral SP\",\"description\":\"Rede NoticiaZ\",\"publisher\":{\"@id\":\"https:\\\/\\\/redenoticiaz.com.br\\\/litoralsp\\\/#organization\"},\"potentialAction\":[{\"@type\":\"SearchAction\",\"target\":{\"@type\":\"EntryPoint\",\"urlTemplate\":\"https:\\\/\\\/redenoticiaz.com.br\\\/litoralsp\\\/?s={search_term_string}\"},\"query-input\":{\"@type\":\"PropertyValueSpecification\",\"valueRequired\":true,\"valueName\":\"search_term_string\"}}],\"inLanguage\":\"pt-BR\"},{\"@type\":\"Organization\",\"@id\":\"https:\\\/\\\/redenoticiaz.com.br\\\/litoralsp\\\/#organization\",\"name\":\"Litoral SP\",\"url\":\"https:\\\/\\\/redenoticiaz.com.br\\\/litoralsp\\\/\",\"logo\":{\"@type\":\"ImageObject\",\"inLanguage\":\"pt-BR\",\"@id\":\"https:\\\/\\\/redenoticiaz.com.br\\\/litoralsp\\\/#\\\/schema\\\/logo\\\/image\\\/\",\"url\":\"https:\\\/\\\/redenoticiaz.com.br\\\/litoralsp\\\/wp-content\\\/uploads\\\/sites\\\/3\\\/2020\\\/11\\\/logo.jpg\",\"contentUrl\":\"https:\\\/\\\/redenoticiaz.com.br\\\/litoralsp\\\/wp-content\\\/uploads\\\/sites\\\/3\\\/2020\\\/11\\\/logo.jpg\",\"width\":400,\"height\":250,\"caption\":\"Litoral SP\"},\"image\":{\"@id\":\"https:\\\/\\\/redenoticiaz.com.br\\\/litoralsp\\\/#\\\/schema\\\/logo\\\/image\\\/\"}},{\"@type\":\"Person\",\"@id\":\"https:\\\/\\\/redenoticiaz.com.br\\\/litoralsp\\\/#\\\/schema\\\/person\\\/0f0b8a5bdafefe82841e07ae8d81ecb3\",\"name\":\"Leonardo Francisco\",\"image\":{\"@type\":\"ImageObject\",\"inLanguage\":\"pt-BR\",\"@id\":\"https:\\\/\\\/secure.gravatar.com\\\/avatar\\\/a7358cb406a99b682ec6df1e77e31ae82e63601f6784e8a3df411d72b37864da?s=96&d=mm&r=g\",\"url\":\"https:\\\/\\\/secure.gravatar.com\\\/avatar\\\/a7358cb406a99b682ec6df1e77e31ae82e63601f6784e8a3df411d72b37864da?s=96&d=mm&r=g\",\"contentUrl\":\"https:\\\/\\\/secure.gravatar.com\\\/avatar\\\/a7358cb406a99b682ec6df1e77e31ae82e63601f6784e8a3df411d72b37864da?s=96&d=mm&r=g\",\"caption\":\"Leonardo Francisco\"},\"url\":\"https:\\\/\\\/redenoticiaz.com.br\\\/litoralsp\\\/author\\\/leonardo-francisco\"}]}<\/script>\n<!-- \/ Yoast SEO plugin. -->","yoast_head_json":{"title":"Corpo de adolescente \u00e9 encontrado uma semana ap\u00f3s desaparecer no Guaruj\u00e1 - Litoral SP","description":"Foi encontrado neste domingo (25), em S\u00e3o Sebasti\u00e3o, Litoral Norte, o corpo de um adolescente de 16 anos, identificado como","robots":{"index":"index","follow":"follow","max-snippet":"max-snippet:-1","max-image-preview":"max-image-preview:large","max-video-preview":"max-video-preview:-1"},"canonical":"https:\/\/redenoticiaz.com.br\/litoralsp\/2022\/09\/25\/corpo-de-adolescente-e-encontrado-uma-semana-apos-desaparecer-no-guaruja","og_locale":"pt_BR","og_type":"article","og_title":"Corpo de adolescente \u00e9 encontrado uma semana ap\u00f3s desaparecer no Guaruj\u00e1 - Litoral SP","og_description":"Foi encontrado neste domingo (25), em S\u00e3o Sebasti\u00e3o, Litoral Norte, o corpo de um adolescente de 16 anos, identificado como","og_url":"https:\/\/redenoticiaz.com.br\/litoralsp\/2022\/09\/25\/corpo-de-adolescente-e-encontrado-uma-semana-apos-desaparecer-no-guaruja","og_site_name":"Litoral SP","article_published_time":"2022-09-25T21:12:18+00:00","og_image":[{"width":1200,"height":900,"url":"https:\/\/redenoticiaz.com.br\/litoralsp\/wp-content\/uploads\/sites\/3\/2022\/09\/MAULF.jpg","type":"image\/jpeg"}],"author":"Leonardo Francisco","twitter_card":"summary_large_image","twitter_misc":{"Escrito por":"Leonardo Francisco","Est. tempo de leitura":"1 minuto"},"schema":{"@context":"https:\/\/schema.org","@graph":[{"@type":"Article","@id":"https:\/\/redenoticiaz.com.br\/litoralsp\/2022\/09\/25\/corpo-de-adolescente-e-encontrado-uma-semana-apos-desaparecer-no-guaruja#article","isPartOf":{"@id":"https:\/\/redenoticiaz.com.br\/litoralsp\/2022\/09\/25\/corpo-de-adolescente-e-encontrado-uma-semana-apos-desaparecer-no-guaruja"},"author":{"name":"Leonardo Francisco","@id":"https:\/\/redenoticiaz.com.br\/litoralsp\/#\/schema\/person\/0f0b8a5bdafefe82841e07ae8d81ecb3"},"headline":"Corpo de adolescente \u00e9 encontrado uma semana ap\u00f3s desaparecer no Guaruj\u00e1","datePublished":"2022-09-25T21:12:18+00:00","mainEntityOfPage":{"@id":"https:\/\/redenoticiaz.com.br\/litoralsp\/2022\/09\/25\/corpo-de-adolescente-e-encontrado-uma-semana-apos-desaparecer-no-guaruja"},"wordCount":196,"commentCount":0,"publisher":{"@id":"https:\/\/redenoticiaz.com.br\/litoralsp\/#organization"},"image":{"@id":"https:\/\/redenoticiaz.com.br\/litoralsp\/2022\/09\/25\/corpo-de-adolescente-e-encontrado-uma-semana-apos-desaparecer-no-guaruja#primaryimage"},"thumbnailUrl":"https:\/\/redenoticiaz.com.br\/litoralsp\/wp-content\/uploads\/sites\/3\/2022\/09\/MAULF.jpg","keywords":["CORPO DE ADOLESCENTE","CORPO DE BOMBEIROS","GUARUJ\u00c1","MORRO DO MALUF","S\u00c3O SEBASTI\u00c3O"],"articleSection":["Guaruj\u00e1","Pol\u00edcia","Praia","S\u00e3o Sebasti\u00e3o"],"inLanguage":"pt-BR","potentialAction":[{"@type":"CommentAction","name":"Comment","target":["https:\/\/redenoticiaz.com.br\/litoralsp\/2022\/09\/25\/corpo-de-adolescente-e-encontrado-uma-semana-apos-desaparecer-no-guaruja#respond"]}]},{"@type":"WebPage","@id":"https:\/\/redenoticiaz.com.br\/litoralsp\/2022\/09\/25\/corpo-de-adolescente-e-encontrado-uma-semana-apos-desaparecer-no-guaruja","url":"https:\/\/redenoticiaz.com.br\/litoralsp\/2022\/09\/25\/corpo-de-adolescente-e-encontrado-uma-semana-apos-desaparecer-no-guaruja","name":"Corpo de adolescente \u00e9 encontrado uma semana ap\u00f3s desaparecer no Guaruj\u00e1 - Litoral SP","isPartOf":{"@id":"https:\/\/redenoticiaz.com.br\/litoralsp\/#website"},"primaryImageOfPage":{"@id":"https:\/\/redenoticiaz.com.br\/litoralsp\/2022\/09\/25\/corpo-de-adolescente-e-encontrado-uma-semana-apos-desaparecer-no-guaruja#primaryimage"},"image":{"@id":"https:\/\/redenoticiaz.com.br\/litoralsp\/2022\/09\/25\/corpo-de-adolescente-e-encontrado-uma-semana-apos-desaparecer-no-guaruja#primaryimage"},"thumbnailUrl":"https:\/\/redenoticiaz.com.br\/litoralsp\/wp-content\/uploads\/sites\/3\/2022\/09\/MAULF.jpg","datePublished":"2022-09-25T21:12:18+00:00","description":"Foi encontrado neste domingo (25), em S\u00e3o Sebasti\u00e3o, Litoral Norte, o corpo de um adolescente de 16 anos, identificado como","inLanguage":"pt-BR","potentialAction":[{"@type":"ReadAction","target":["https:\/\/redenoticiaz.com.br\/litoralsp\/2022\/09\/25\/corpo-de-adolescente-e-encontrado-uma-semana-apos-desaparecer-no-guaruja"]}]},{"@type":"ImageObject","inLanguage":"pt-BR","@id":"https:\/\/redenoticiaz.com.br\/litoralsp\/2022\/09\/25\/corpo-de-adolescente-e-encontrado-uma-semana-apos-desaparecer-no-guaruja#primaryimage","url":"https:\/\/redenoticiaz.com.br\/litoralsp\/wp-content\/uploads\/sites\/3\/2022\/09\/MAULF.jpg","contentUrl":"https:\/\/redenoticiaz.com.br\/litoralsp\/wp-content\/uploads\/sites\/3\/2022\/09\/MAULF.jpg","width":1200,"height":900,"caption":"Cr\u00e9ditos: Reprodu\u00e7\u00e3o"},{"@type":"WebSite","@id":"https:\/\/redenoticiaz.com.br\/litoralsp\/#website","url":"https:\/\/redenoticiaz.com.br\/litoralsp\/","name":"Litoral SP","description":"Rede NoticiaZ","publisher":{"@id":"https:\/\/redenoticiaz.com.br\/litoralsp\/#organization"},"potentialAction":[{"@type":"SearchAction","target":{"@type":"EntryPoint","urlTemplate":"https:\/\/redenoticiaz.com.br\/litoralsp\/?s={search_term_string}"},"query-input":{"@type":"PropertyValueSpecification","valueRequired":true,"valueName":"search_term_string"}}],"inLanguage":"pt-BR"},{"@type":"Organization","@id":"https:\/\/redenoticiaz.com.br\/litoralsp\/#organization","name":"Litoral SP","url":"https:\/\/redenoticiaz.com.br\/litoralsp\/","logo":{"@type":"ImageObject","inLanguage":"pt-BR","@id":"https:\/\/redenoticiaz.com.br\/litoralsp\/#\/schema\/logo\/image\/","url":"https:\/\/redenoticiaz.com.br\/litoralsp\/wp-content\/uploads\/sites\/3\/2020\/11\/logo.jpg","contentUrl":"https:\/\/redenoticiaz.com.br\/litoralsp\/wp-content\/uploads\/sites\/3\/2020\/11\/logo.jpg","width":400,"height":250,"caption":"Litoral SP"},"image":{"@id":"https:\/\/redenoticiaz.com.br\/litoralsp\/#\/schema\/logo\/image\/"}},{"@type":"Person","@id":"https:\/\/redenoticiaz.com.br\/litoralsp\/#\/schema\/person\/0f0b8a5bdafefe82841e07ae8d81ecb3","name":"Leonardo Francisco","image":{"@type":"ImageObject","inLanguage":"pt-BR","@id":"https:\/\/secure.gravatar.com\/avatar\/a7358cb406a99b682ec6df1e77e31ae82e63601f6784e8a3df411d72b37864da?s=96&d=mm&r=g","url":"https:\/\/secure.gravatar.com\/avatar\/a7358cb406a99b682ec6df1e77e31ae82e63601f6784e8a3df411d72b37864da?s=96&d=mm&r=g","contentUrl":"https:\/\/secure.gravatar.com\/avatar\/a7358cb406a99b682ec6df1e77e31ae82e63601f6784e8a3df411d72b37864da?s=96&d=mm&r=g","caption":"Leonardo Francisco"},"url":"https:\/\/redenoticiaz.com.br\/litoralsp\/author\/leonardo-francisco"}]}},"_links":{"self":[{"href":"https:\/\/redenoticiaz.com.br\/litoralsp\/wp-json\/wp\/v2\/posts\/92092","targetHints":{"allow":["GET"]}}],"collection":[{"href":"https:\/\/redenoticiaz.com.br\/litoralsp\/wp-json\/wp\/v2\/posts"}],"about":[{"href":"https:\/\/redenoticiaz.com.br\/litoralsp\/wp-json\/wp\/v2\/types\/post"}],"author":[{"embeddable":true,"href":"https:\/\/redenoticiaz.com.br\/litoralsp\/wp-json\/wp\/v2\/users\/6"}],"replies":[{"embeddable":true,"href":"https:\/\/redenoticiaz.com.br\/litoralsp\/wp-json\/wp\/v2\/comments?post=92092"}],"version-history":[{"count":1,"href":"https:\/\/redenoticiaz.com.br\/litoralsp\/wp-json\/wp\/v2\/posts\/92092\/revisions"}],"predecessor-version":[{"id":92094,"href":"https:\/\/redenoticiaz.com.br\/litoralsp\/wp-json\/wp\/v2\/posts\/92092\/revisions\/92094"}],"wp:featuredmedia":[{"embeddable":true,"href":"https:\/\/redenoticiaz.com.br\/litoralsp\/wp-json\/wp\/v2\/media\/92093"}],"wp:attachment":[{"href":"https:\/\/redenoticiaz.com.br\/litoralsp\/wp-json\/wp\/v2\/media?parent=92092"}],"wp:term":[{"taxonomy":"category","embeddable":true,"href":"https:\/\/redenoticiaz.com.br\/litoralsp\/wp-json\/wp\/v2\/categories?post=92092"},{"taxonomy":"post_tag","embeddable":true,"href":"https:\/\/redenoticiaz.com.br\/litoralsp\/wp-json\/wp\/v2\/tags?post=92092"}],"curies":[{"name":"wp","href":"https:\/\/api.w.org\/{rel}","templated":true}]}}