{"id":92115,"date":"2022-09-26T14:41:35","date_gmt":"2022-09-26T17:41:35","guid":{"rendered":"https:\/\/redenoticiaz.com.br\/litoralsp\/?p=92115"},"modified":"2022-09-26T14:41:35","modified_gmt":"2022-09-26T17:41:35","slug":"gcm-de-sao-vicente-detem-jovens-por-trafico-de-drogas-com-auxilio-do-centro-de-controle-operacional-cco","status":"publish","type":"post","link":"https:\/\/redenoticiaz.com.br\/litoralsp\/2022\/09\/26\/gcm-de-sao-vicente-detem-jovens-por-trafico-de-drogas-com-auxilio-do-centro-de-controle-operacional-cco","title":{"rendered":"GCM de S\u00e3o Vicente det\u00e9m jovens por tr\u00e1fico de drogas com aux\u00edlio do Centro de Controle Operacional (CCO)"},"content":{"rendered":"<p>Na tarde desta sexta-feira (23), por volta das 15h, a Guarda Civil Municipal de S\u00e3o Vicente (GCM-SV) deteve dois infratores, um menor e um maior de idade, por tr\u00e1fico de drogas.<\/p>\n<p>Os agentes faziam patrulhamento preventivo pela Avenida Get\u00falio Vargas, quando avistaram os jovens em uma atitude suspeita, carregando uma mochila.<\/p>\n<p>Ambos j\u00e1 estavam sendo acompanhados pelo sistema de monitoramento do Centro de Controle Operacional (CCO). Diante disso, a fiscaliza\u00e7\u00e3o pela regi\u00e3o foi intensificada.<\/p>\n<p>A dupla tentou fugir pelo Morro dos Barbosas, mas os guardas conseguiram alcan\u00e7ar os indiv\u00edduos e abord\u00e1-los. Na mochila foram encontradas diversas subst\u00e2ncias il\u00edcitas. Os dois foram encaminhados ao 1\u00ba Distrito Policial (DP).<\/p>\n<p>Com os infratores, foram apreendidas 285 por\u00e7\u00f5es de subst\u00e2ncia semelhante \u00e0 coca\u00edna, 126 por\u00e7\u00f5es de material semelhante ao crack, 143 por\u00e7\u00f5es de subst\u00e2ncia semelhante \u00e0 maconha, al\u00e9m de R$ 438,50 em dinheiro. Ambos ficaram \u00e0 disposi\u00e7\u00e3o das autoridades, que tamb\u00e9m s\u00e3o as respons\u00e1veis por confirmar as subst\u00e2ncias.<\/p>\n<p>Den\u00fancias &#8211; Ao presenciar a\u00e7\u00f5es suspeitas, o mun\u00edcipe pode acionar a GCM pelo telefone 153. A liga\u00e7\u00e3o \u00e9 gratuita e os dados s\u00e3o mantidos em sigilo.<\/p>\n<p><strong>Leia mais<\/strong><\/p>\n<p><a href=\"https:\/\/redenoticiaz.com.br\/litoralsp\/2022\/09\/26\/pedacos-de-corpo-de-homem-sao-encontrados-dentro-de-empresa-em-sao-vicente\">Peda\u00e7os de corpo de homem s\u00e3o encontrados dentro de empresa em S\u00e3o Vicente<\/a><\/p>\n","protected":false},"excerpt":{"rendered":"<p>Na tarde desta sexta-feira (23), por volta das 15h, a Guarda Civil Municipal de S\u00e3o Vicente (GCM-SV) deteve dois infratores, um menor e um maior de idade, por tr\u00e1fico de drogas. Os agentes faziam patrulhamento preventivo pela Avenida Get\u00falio Vargas, quando avistaram os jovens em uma atitude suspeita, carregando uma mochila. Ambos j\u00e1 estavam sendo &hellip;<\/p>\n","protected":false},"author":12,"featured_media":92116,"comment_status":"open","ping_status":"closed","sticky":false,"template":"","format":"standard","meta":{"footnotes":""},"categories":[10,181],"tags":[59598,31275,61],"class_list":["post-92115","post","type-post","status-publish","format-standard","has-post-thumbnail","hentry","category-policia","category-sao-vicente","tag-centro-de-controle-operacional-cco","tag-guarda-civil-municipal-de-sao-vicente","tag-trafico-de-drogas"],"yoast_head":"<!-- This site is optimized with the Yoast SEO plugin v27.5 - https:\/\/yoast.com\/product\/yoast-seo-wordpress\/ -->\n<title>GCM de S\u00e3o Vicente det\u00e9m jovens por tr\u00e1fico de drogas com aux\u00edlio do Centro de Controle Operacional (CCO) - Litoral SP<\/title>\n<meta name=\"description\" content=\"Na tarde desta sexta-feira (23), a Guarda Civil Municipal de S\u00e3o Vicente deteve um menor e um maior de idade por tr\u00e1fico de drogas.\" \/>\n<meta name=\"robots\" content=\"index, follow, max-snippet:-1, max-image-preview:large, max-video-preview:-1\" \/>\n<link rel=\"canonical\" href=\"https:\/\/redenoticiaz.com.br\/litoralsp\/2022\/09\/26\/gcm-de-sao-vicente-detem-jovens-por-trafico-de-drogas-com-auxilio-do-centro-de-controle-operacional-cco\" \/>\n<meta property=\"og:locale\" content=\"pt_BR\" \/>\n<meta property=\"og:type\" content=\"article\" \/>\n<meta property=\"og:title\" content=\"GCM de S\u00e3o Vicente det\u00e9m jovens por tr\u00e1fico de drogas com aux\u00edlio do Centro de Controle Operacional (CCO) - Litoral SP\" \/>\n<meta property=\"og:description\" content=\"Na tarde desta sexta-feira (23), a Guarda Civil Municipal de S\u00e3o Vicente deteve um menor e um maior de idade por tr\u00e1fico de drogas.\" \/>\n<meta property=\"og:url\" content=\"https:\/\/redenoticiaz.com.br\/litoralsp\/2022\/09\/26\/gcm-de-sao-vicente-detem-jovens-por-trafico-de-drogas-com-auxilio-do-centro-de-controle-operacional-cco\" \/>\n<meta property=\"og:site_name\" content=\"Litoral SP\" \/>\n<meta property=\"article:published_time\" content=\"2022-09-26T17:41:35+00:00\" \/>\n<meta property=\"og:image\" content=\"https:\/\/redenoticiaz.com.br\/litoralsp\/wp-content\/uploads\/sites\/3\/2022\/09\/WhatsApp-Image-2022-09-26-at-12.40.13.jpeg\" \/>\n\t<meta property=\"og:image:width\" content=\"1280\" \/>\n\t<meta property=\"og:image:height\" content=\"960\" \/>\n\t<meta property=\"og:image:type\" content=\"image\/jpeg\" \/>\n<meta name=\"author\" content=\"Gustavo Silva\" \/>\n<meta name=\"twitter:card\" content=\"summary_large_image\" \/>\n<meta name=\"twitter:label1\" content=\"Escrito por\" \/>\n\t<meta name=\"twitter:data1\" content=\"Gustavo Silva\" \/>\n\t<meta name=\"twitter:label2\" content=\"Est. tempo de leitura\" \/>\n\t<meta name=\"twitter:data2\" content=\"2 minutos\" \/>\n<script type=\"application\/ld+json\" class=\"yoast-schema-graph\">{\"@context\":\"https:\\\/\\\/schema.org\",\"@graph\":[{\"@type\":\"Article\",\"@id\":\"https:\\\/\\\/redenoticiaz.com.br\\\/litoralsp\\\/2022\\\/09\\\/26\\\/gcm-de-sao-vicente-detem-jovens-por-trafico-de-drogas-com-auxilio-do-centro-de-controle-operacional-cco#article\",\"isPartOf\":{\"@id\":\"https:\\\/\\\/redenoticiaz.com.br\\\/litoralsp\\\/2022\\\/09\\\/26\\\/gcm-de-sao-vicente-detem-jovens-por-trafico-de-drogas-com-auxilio-do-centro-de-controle-operacional-cco\"},\"author\":{\"name\":\"Gustavo Silva\",\"@id\":\"https:\\\/\\\/redenoticiaz.com.br\\\/litoralsp\\\/#\\\/schema\\\/person\\\/16057b37a3c0ee6b096d7f887c566e2e\"},\"headline\":\"GCM de S\u00e3o Vicente det\u00e9m jovens por tr\u00e1fico de drogas com aux\u00edlio do Centro de Controle Operacional (CCO)\",\"datePublished\":\"2022-09-26T17:41:35+00:00\",\"mainEntityOfPage\":{\"@id\":\"https:\\\/\\\/redenoticiaz.com.br\\\/litoralsp\\\/2022\\\/09\\\/26\\\/gcm-de-sao-vicente-detem-jovens-por-trafico-de-drogas-com-auxilio-do-centro-de-controle-operacional-cco\"},\"wordCount\":236,\"commentCount\":0,\"publisher\":{\"@id\":\"https:\\\/\\\/redenoticiaz.com.br\\\/litoralsp\\\/#organization\"},\"image\":{\"@id\":\"https:\\\/\\\/redenoticiaz.com.br\\\/litoralsp\\\/2022\\\/09\\\/26\\\/gcm-de-sao-vicente-detem-jovens-por-trafico-de-drogas-com-auxilio-do-centro-de-controle-operacional-cco#primaryimage\"},\"thumbnailUrl\":\"https:\\\/\\\/redenoticiaz.com.br\\\/litoralsp\\\/wp-content\\\/uploads\\\/sites\\\/3\\\/2022\\\/09\\\/WhatsApp-Image-2022-09-26-at-12.40.13.jpeg\",\"keywords\":[\"Centro de Controle Operacional (CCO)\",\"GUARDA CIVIL MUNICIPAL DE S\u00c3O VICENTE\",\"TR\u00c1FICO DE DROGAS\"],\"articleSection\":[\"Pol\u00edcia\",\"S\u00e3o Vicente\"],\"inLanguage\":\"pt-BR\",\"potentialAction\":[{\"@type\":\"CommentAction\",\"name\":\"Comment\",\"target\":[\"https:\\\/\\\/redenoticiaz.com.br\\\/litoralsp\\\/2022\\\/09\\\/26\\\/gcm-de-sao-vicente-detem-jovens-por-trafico-de-drogas-com-auxilio-do-centro-de-controle-operacional-cco#respond\"]}]},{\"@type\":\"WebPage\",\"@id\":\"https:\\\/\\\/redenoticiaz.com.br\\\/litoralsp\\\/2022\\\/09\\\/26\\\/gcm-de-sao-vicente-detem-jovens-por-trafico-de-drogas-com-auxilio-do-centro-de-controle-operacional-cco\",\"url\":\"https:\\\/\\\/redenoticiaz.com.br\\\/litoralsp\\\/2022\\\/09\\\/26\\\/gcm-de-sao-vicente-detem-jovens-por-trafico-de-drogas-com-auxilio-do-centro-de-controle-operacional-cco\",\"name\":\"GCM de S\u00e3o Vicente det\u00e9m jovens por tr\u00e1fico de drogas com aux\u00edlio do Centro de Controle Operacional (CCO) - Litoral SP\",\"isPartOf\":{\"@id\":\"https:\\\/\\\/redenoticiaz.com.br\\\/litoralsp\\\/#website\"},\"primaryImageOfPage\":{\"@id\":\"https:\\\/\\\/redenoticiaz.com.br\\\/litoralsp\\\/2022\\\/09\\\/26\\\/gcm-de-sao-vicente-detem-jovens-por-trafico-de-drogas-com-auxilio-do-centro-de-controle-operacional-cco#primaryimage\"},\"image\":{\"@id\":\"https:\\\/\\\/redenoticiaz.com.br\\\/litoralsp\\\/2022\\\/09\\\/26\\\/gcm-de-sao-vicente-detem-jovens-por-trafico-de-drogas-com-auxilio-do-centro-de-controle-operacional-cco#primaryimage\"},\"thumbnailUrl\":\"https:\\\/\\\/redenoticiaz.com.br\\\/litoralsp\\\/wp-content\\\/uploads\\\/sites\\\/3\\\/2022\\\/09\\\/WhatsApp-Image-2022-09-26-at-12.40.13.jpeg\",\"datePublished\":\"2022-09-26T17:41:35+00:00\",\"description\":\"Na tarde desta sexta-feira (23), a Guarda Civil Municipal de S\u00e3o Vicente deteve um menor e um maior de idade por tr\u00e1fico de drogas.\",\"inLanguage\":\"pt-BR\",\"potentialAction\":[{\"@type\":\"ReadAction\",\"target\":[\"https:\\\/\\\/redenoticiaz.com.br\\\/litoralsp\\\/2022\\\/09\\\/26\\\/gcm-de-sao-vicente-detem-jovens-por-trafico-de-drogas-com-auxilio-do-centro-de-controle-operacional-cco\"]}]},{\"@type\":\"ImageObject\",\"inLanguage\":\"pt-BR\",\"@id\":\"https:\\\/\\\/redenoticiaz.com.br\\\/litoralsp\\\/2022\\\/09\\\/26\\\/gcm-de-sao-vicente-detem-jovens-por-trafico-de-drogas-com-auxilio-do-centro-de-controle-operacional-cco#primaryimage\",\"url\":\"https:\\\/\\\/redenoticiaz.com.br\\\/litoralsp\\\/wp-content\\\/uploads\\\/sites\\\/3\\\/2022\\\/09\\\/WhatsApp-Image-2022-09-26-at-12.40.13.jpeg\",\"contentUrl\":\"https:\\\/\\\/redenoticiaz.com.br\\\/litoralsp\\\/wp-content\\\/uploads\\\/sites\\\/3\\\/2022\\\/09\\\/WhatsApp-Image-2022-09-26-at-12.40.13.jpeg\",\"width\":1280,\"height\":960,\"caption\":\"GCM de S\u00e3o Vicente det\u00e9m jovens por tr\u00e1fico de drogas com aux\u00edlio do Centro de Controle Operacional (CCO)\"},{\"@type\":\"WebSite\",\"@id\":\"https:\\\/\\\/redenoticiaz.com.br\\\/litoralsp\\\/#website\",\"url\":\"https:\\\/\\\/redenoticiaz.com.br\\\/litoralsp\\\/\",\"name\":\"Litoral SP\",\"description\":\"Rede NoticiaZ\",\"publisher\":{\"@id\":\"https:\\\/\\\/redenoticiaz.com.br\\\/litoralsp\\\/#organization\"},\"potentialAction\":[{\"@type\":\"SearchAction\",\"target\":{\"@type\":\"EntryPoint\",\"urlTemplate\":\"https:\\\/\\\/redenoticiaz.com.br\\\/litoralsp\\\/?s={search_term_string}\"},\"query-input\":{\"@type\":\"PropertyValueSpecification\",\"valueRequired\":true,\"valueName\":\"search_term_string\"}}],\"inLanguage\":\"pt-BR\"},{\"@type\":\"Organization\",\"@id\":\"https:\\\/\\\/redenoticiaz.com.br\\\/litoralsp\\\/#organization\",\"name\":\"Litoral SP\",\"url\":\"https:\\\/\\\/redenoticiaz.com.br\\\/litoralsp\\\/\",\"logo\":{\"@type\":\"ImageObject\",\"inLanguage\":\"pt-BR\",\"@id\":\"https:\\\/\\\/redenoticiaz.com.br\\\/litoralsp\\\/#\\\/schema\\\/logo\\\/image\\\/\",\"url\":\"https:\\\/\\\/redenoticiaz.com.br\\\/litoralsp\\\/wp-content\\\/uploads\\\/sites\\\/3\\\/2020\\\/11\\\/logo.jpg\",\"contentUrl\":\"https:\\\/\\\/redenoticiaz.com.br\\\/litoralsp\\\/wp-content\\\/uploads\\\/sites\\\/3\\\/2020\\\/11\\\/logo.jpg\",\"width\":400,\"height\":250,\"caption\":\"Litoral SP\"},\"image\":{\"@id\":\"https:\\\/\\\/redenoticiaz.com.br\\\/litoralsp\\\/#\\\/schema\\\/logo\\\/image\\\/\"}},{\"@type\":\"Person\",\"@id\":\"https:\\\/\\\/redenoticiaz.com.br\\\/litoralsp\\\/#\\\/schema\\\/person\\\/16057b37a3c0ee6b096d7f887c566e2e\",\"name\":\"Gustavo Silva\",\"image\":{\"@type\":\"ImageObject\",\"inLanguage\":\"pt-BR\",\"@id\":\"https:\\\/\\\/secure.gravatar.com\\\/avatar\\\/3ee4e82f93b26de0a7cf4ea5eb7893da637ed6bb0c9170c58065944c56e28a33?s=96&d=mm&r=g\",\"url\":\"https:\\\/\\\/secure.gravatar.com\\\/avatar\\\/3ee4e82f93b26de0a7cf4ea5eb7893da637ed6bb0c9170c58065944c56e28a33?s=96&d=mm&r=g\",\"contentUrl\":\"https:\\\/\\\/secure.gravatar.com\\\/avatar\\\/3ee4e82f93b26de0a7cf4ea5eb7893da637ed6bb0c9170c58065944c56e28a33?s=96&d=mm&r=g\",\"caption\":\"Gustavo Silva\"},\"url\":\"https:\\\/\\\/redenoticiaz.com.br\\\/litoralsp\\\/author\\\/gustavosilva\"}]}<\/script>\n<!-- \/ Yoast SEO plugin. -->","yoast_head_json":{"title":"GCM de S\u00e3o Vicente det\u00e9m jovens por tr\u00e1fico de drogas com aux\u00edlio do Centro de Controle Operacional (CCO) - Litoral SP","description":"Na tarde desta sexta-feira (23), a Guarda Civil Municipal de S\u00e3o Vicente deteve um menor e um maior de idade por tr\u00e1fico de drogas.","robots":{"index":"index","follow":"follow","max-snippet":"max-snippet:-1","max-image-preview":"max-image-preview:large","max-video-preview":"max-video-preview:-1"},"canonical":"https:\/\/redenoticiaz.com.br\/litoralsp\/2022\/09\/26\/gcm-de-sao-vicente-detem-jovens-por-trafico-de-drogas-com-auxilio-do-centro-de-controle-operacional-cco","og_locale":"pt_BR","og_type":"article","og_title":"GCM de S\u00e3o Vicente det\u00e9m jovens por tr\u00e1fico de drogas com aux\u00edlio do Centro de Controle Operacional (CCO) - Litoral SP","og_description":"Na tarde desta sexta-feira (23), a Guarda Civil Municipal de S\u00e3o Vicente deteve um menor e um maior de idade por tr\u00e1fico de drogas.","og_url":"https:\/\/redenoticiaz.com.br\/litoralsp\/2022\/09\/26\/gcm-de-sao-vicente-detem-jovens-por-trafico-de-drogas-com-auxilio-do-centro-de-controle-operacional-cco","og_site_name":"Litoral SP","article_published_time":"2022-09-26T17:41:35+00:00","og_image":[{"width":1280,"height":960,"url":"https:\/\/redenoticiaz.com.br\/litoralsp\/wp-content\/uploads\/sites\/3\/2022\/09\/WhatsApp-Image-2022-09-26-at-12.40.13.jpeg","type":"image\/jpeg"}],"author":"Gustavo Silva","twitter_card":"summary_large_image","twitter_misc":{"Escrito por":"Gustavo Silva","Est. tempo de leitura":"2 minutos"},"schema":{"@context":"https:\/\/schema.org","@graph":[{"@type":"Article","@id":"https:\/\/redenoticiaz.com.br\/litoralsp\/2022\/09\/26\/gcm-de-sao-vicente-detem-jovens-por-trafico-de-drogas-com-auxilio-do-centro-de-controle-operacional-cco#article","isPartOf":{"@id":"https:\/\/redenoticiaz.com.br\/litoralsp\/2022\/09\/26\/gcm-de-sao-vicente-detem-jovens-por-trafico-de-drogas-com-auxilio-do-centro-de-controle-operacional-cco"},"author":{"name":"Gustavo Silva","@id":"https:\/\/redenoticiaz.com.br\/litoralsp\/#\/schema\/person\/16057b37a3c0ee6b096d7f887c566e2e"},"headline":"GCM de S\u00e3o Vicente det\u00e9m jovens por tr\u00e1fico de drogas com aux\u00edlio do Centro de Controle Operacional (CCO)","datePublished":"2022-09-26T17:41:35+00:00","mainEntityOfPage":{"@id":"https:\/\/redenoticiaz.com.br\/litoralsp\/2022\/09\/26\/gcm-de-sao-vicente-detem-jovens-por-trafico-de-drogas-com-auxilio-do-centro-de-controle-operacional-cco"},"wordCount":236,"commentCount":0,"publisher":{"@id":"https:\/\/redenoticiaz.com.br\/litoralsp\/#organization"},"image":{"@id":"https:\/\/redenoticiaz.com.br\/litoralsp\/2022\/09\/26\/gcm-de-sao-vicente-detem-jovens-por-trafico-de-drogas-com-auxilio-do-centro-de-controle-operacional-cco#primaryimage"},"thumbnailUrl":"https:\/\/redenoticiaz.com.br\/litoralsp\/wp-content\/uploads\/sites\/3\/2022\/09\/WhatsApp-Image-2022-09-26-at-12.40.13.jpeg","keywords":["Centro de Controle Operacional (CCO)","GUARDA CIVIL MUNICIPAL DE S\u00c3O VICENTE","TR\u00c1FICO DE DROGAS"],"articleSection":["Pol\u00edcia","S\u00e3o Vicente"],"inLanguage":"pt-BR","potentialAction":[{"@type":"CommentAction","name":"Comment","target":["https:\/\/redenoticiaz.com.br\/litoralsp\/2022\/09\/26\/gcm-de-sao-vicente-detem-jovens-por-trafico-de-drogas-com-auxilio-do-centro-de-controle-operacional-cco#respond"]}]},{"@type":"WebPage","@id":"https:\/\/redenoticiaz.com.br\/litoralsp\/2022\/09\/26\/gcm-de-sao-vicente-detem-jovens-por-trafico-de-drogas-com-auxilio-do-centro-de-controle-operacional-cco","url":"https:\/\/redenoticiaz.com.br\/litoralsp\/2022\/09\/26\/gcm-de-sao-vicente-detem-jovens-por-trafico-de-drogas-com-auxilio-do-centro-de-controle-operacional-cco","name":"GCM de S\u00e3o Vicente det\u00e9m jovens por tr\u00e1fico de drogas com aux\u00edlio do Centro de Controle Operacional (CCO) - Litoral SP","isPartOf":{"@id":"https:\/\/redenoticiaz.com.br\/litoralsp\/#website"},"primaryImageOfPage":{"@id":"https:\/\/redenoticiaz.com.br\/litoralsp\/2022\/09\/26\/gcm-de-sao-vicente-detem-jovens-por-trafico-de-drogas-com-auxilio-do-centro-de-controle-operacional-cco#primaryimage"},"image":{"@id":"https:\/\/redenoticiaz.com.br\/litoralsp\/2022\/09\/26\/gcm-de-sao-vicente-detem-jovens-por-trafico-de-drogas-com-auxilio-do-centro-de-controle-operacional-cco#primaryimage"},"thumbnailUrl":"https:\/\/redenoticiaz.com.br\/litoralsp\/wp-content\/uploads\/sites\/3\/2022\/09\/WhatsApp-Image-2022-09-26-at-12.40.13.jpeg","datePublished":"2022-09-26T17:41:35+00:00","description":"Na tarde desta sexta-feira (23), a Guarda Civil Municipal de S\u00e3o Vicente deteve um menor e um maior de idade por tr\u00e1fico de drogas.","inLanguage":"pt-BR","potentialAction":[{"@type":"ReadAction","target":["https:\/\/redenoticiaz.com.br\/litoralsp\/2022\/09\/26\/gcm-de-sao-vicente-detem-jovens-por-trafico-de-drogas-com-auxilio-do-centro-de-controle-operacional-cco"]}]},{"@type":"ImageObject","inLanguage":"pt-BR","@id":"https:\/\/redenoticiaz.com.br\/litoralsp\/2022\/09\/26\/gcm-de-sao-vicente-detem-jovens-por-trafico-de-drogas-com-auxilio-do-centro-de-controle-operacional-cco#primaryimage","url":"https:\/\/redenoticiaz.com.br\/litoralsp\/wp-content\/uploads\/sites\/3\/2022\/09\/WhatsApp-Image-2022-09-26-at-12.40.13.jpeg","contentUrl":"https:\/\/redenoticiaz.com.br\/litoralsp\/wp-content\/uploads\/sites\/3\/2022\/09\/WhatsApp-Image-2022-09-26-at-12.40.13.jpeg","width":1280,"height":960,"caption":"GCM de S\u00e3o Vicente det\u00e9m jovens por tr\u00e1fico de drogas com aux\u00edlio do Centro de Controle Operacional (CCO)"},{"@type":"WebSite","@id":"https:\/\/redenoticiaz.com.br\/litoralsp\/#website","url":"https:\/\/redenoticiaz.com.br\/litoralsp\/","name":"Litoral SP","description":"Rede NoticiaZ","publisher":{"@id":"https:\/\/redenoticiaz.com.br\/litoralsp\/#organization"},"potentialAction":[{"@type":"SearchAction","target":{"@type":"EntryPoint","urlTemplate":"https:\/\/redenoticiaz.com.br\/litoralsp\/?s={search_term_string}"},"query-input":{"@type":"PropertyValueSpecification","valueRequired":true,"valueName":"search_term_string"}}],"inLanguage":"pt-BR"},{"@type":"Organization","@id":"https:\/\/redenoticiaz.com.br\/litoralsp\/#organization","name":"Litoral SP","url":"https:\/\/redenoticiaz.com.br\/litoralsp\/","logo":{"@type":"ImageObject","inLanguage":"pt-BR","@id":"https:\/\/redenoticiaz.com.br\/litoralsp\/#\/schema\/logo\/image\/","url":"https:\/\/redenoticiaz.com.br\/litoralsp\/wp-content\/uploads\/sites\/3\/2020\/11\/logo.jpg","contentUrl":"https:\/\/redenoticiaz.com.br\/litoralsp\/wp-content\/uploads\/sites\/3\/2020\/11\/logo.jpg","width":400,"height":250,"caption":"Litoral SP"},"image":{"@id":"https:\/\/redenoticiaz.com.br\/litoralsp\/#\/schema\/logo\/image\/"}},{"@type":"Person","@id":"https:\/\/redenoticiaz.com.br\/litoralsp\/#\/schema\/person\/16057b37a3c0ee6b096d7f887c566e2e","name":"Gustavo Silva","image":{"@type":"ImageObject","inLanguage":"pt-BR","@id":"https:\/\/secure.gravatar.com\/avatar\/3ee4e82f93b26de0a7cf4ea5eb7893da637ed6bb0c9170c58065944c56e28a33?s=96&d=mm&r=g","url":"https:\/\/secure.gravatar.com\/avatar\/3ee4e82f93b26de0a7cf4ea5eb7893da637ed6bb0c9170c58065944c56e28a33?s=96&d=mm&r=g","contentUrl":"https:\/\/secure.gravatar.com\/avatar\/3ee4e82f93b26de0a7cf4ea5eb7893da637ed6bb0c9170c58065944c56e28a33?s=96&d=mm&r=g","caption":"Gustavo Silva"},"url":"https:\/\/redenoticiaz.com.br\/litoralsp\/author\/gustavosilva"}]}},"_links":{"self":[{"href":"https:\/\/redenoticiaz.com.br\/litoralsp\/wp-json\/wp\/v2\/posts\/92115","targetHints":{"allow":["GET"]}}],"collection":[{"href":"https:\/\/redenoticiaz.com.br\/litoralsp\/wp-json\/wp\/v2\/posts"}],"about":[{"href":"https:\/\/redenoticiaz.com.br\/litoralsp\/wp-json\/wp\/v2\/types\/post"}],"author":[{"embeddable":true,"href":"https:\/\/redenoticiaz.com.br\/litoralsp\/wp-json\/wp\/v2\/users\/12"}],"replies":[{"embeddable":true,"href":"https:\/\/redenoticiaz.com.br\/litoralsp\/wp-json\/wp\/v2\/comments?post=92115"}],"version-history":[{"count":1,"href":"https:\/\/redenoticiaz.com.br\/litoralsp\/wp-json\/wp\/v2\/posts\/92115\/revisions"}],"predecessor-version":[{"id":92117,"href":"https:\/\/redenoticiaz.com.br\/litoralsp\/wp-json\/wp\/v2\/posts\/92115\/revisions\/92117"}],"wp:featuredmedia":[{"embeddable":true,"href":"https:\/\/redenoticiaz.com.br\/litoralsp\/wp-json\/wp\/v2\/media\/92116"}],"wp:attachment":[{"href":"https:\/\/redenoticiaz.com.br\/litoralsp\/wp-json\/wp\/v2\/media?parent=92115"}],"wp:term":[{"taxonomy":"category","embeddable":true,"href":"https:\/\/redenoticiaz.com.br\/litoralsp\/wp-json\/wp\/v2\/categories?post=92115"},{"taxonomy":"post_tag","embeddable":true,"href":"https:\/\/redenoticiaz.com.br\/litoralsp\/wp-json\/wp\/v2\/tags?post=92115"}],"curies":[{"name":"wp","href":"https:\/\/api.w.org\/{rel}","templated":true}]}}