{"id":92214,"date":"2022-10-01T11:00:53","date_gmt":"2022-10-01T14:00:53","guid":{"rendered":"https:\/\/redenoticiaz.com.br\/litoralsp\/?p=92214"},"modified":"2022-09-27T18:04:09","modified_gmt":"2022-09-27T21:04:09","slug":"tudum-confira-tudo-o-que-rolou-no-evento-mundial-netflix-para-fas","status":"publish","type":"post","link":"https:\/\/redenoticiaz.com.br\/litoralsp\/2022\/10\/01\/tudum-confira-tudo-o-que-rolou-no-evento-mundial-netflix-para-fas","title":{"rendered":"TUDUM: Confira tudo o que rolou no evento mundial Netflix para f\u00e3s"},"content":{"rendered":"<p>Materiais in\u00e9ditos e exclusivos, teasers e trailers dos pr\u00f3ximos t\u00edtulos Netflix da Am\u00e9rica Latina como Argentina, Brasil, Chile e M\u00e9xico, Estados Unidos, Europa, Cor\u00e9ia, Jap\u00e3o e \u00cdndia fizeram parte da segunda edi\u00e7\u00e3o do\u00a0<em><strong>TUDUM<\/strong><\/em>,\u00a0 onde hist\u00f3rias do mundo todo e para todos os gostos e estilos foram apresentadas aos f\u00e3s.<\/p>\n<p dir=\"ltr\">Esta edi\u00e7\u00e3o do TUDUM contou com mais de 120 s\u00e9ries, filmes, especiais e games Netflix apresentados por mais de 200 atores e atrizes. O evento foi transmitido mundialmente em 29 idiomas diferentes.<\/p>\n<p dir=\"ltr\">O festival, inspirado no primeiro som que voc\u00ea ouve quando assiste a um filme ou uma s\u00e9rie na Netflix, nasceu no Brasil em 2020. O sucesso do projeto foi t\u00e3o grande que ganhou o mundo, se tornando a principal plataforma para a Netflix compartilhar novidades com os f\u00e3s de suas produ\u00e7\u00f5es.<\/p>\n<h4 dir=\"ltr\">Confira os trailers apresentados no evento:<\/h4>\n<p dir=\"ltr\"><strong>DEPOIS DO UNIVERSO\u00a0(Brasil)<\/strong><\/p>\n<p><iframe loading=\"lazy\" title=\"Depois do Universo | Trailer Oficial | Netflix Brasil\" width=\"500\" height=\"281\" src=\"https:\/\/www.youtube.com\/embed\/8OkqLOe_mZI?feature=oembed\" frameborder=\"0\" allow=\"accelerometer; autoplay; clipboard-write; encrypted-media; gyroscope; picture-in-picture; web-share\" referrerpolicy=\"strict-origin-when-cross-origin\" allowfullscreen><\/iframe><\/p>\n<p dir=\"ltr\">O filme protagonizado por Henrique Zaga e Giulia Be ganhou trailer. Na trama, Nina (Giulia Be) \u00e9 uma pianista que v\u00ea seus sonhos se perderem na espera por um transplante de rim. Mas o romance com o m\u00e9dico Gabriel (Henrique Zaga) a ajuda a superar suas inseguran\u00e7as.<\/p>\n<p dir=\"ltr\"><strong><em>BRIDGERTON\u00a0<\/em><\/strong><\/p>\n<p><iframe loading=\"lazy\" title=\"Desafio de retratos com o elenco de Bridgerton | Netflix\" width=\"500\" height=\"281\" src=\"https:\/\/www.youtube.com\/embed\/Eun5RKmwU1w?feature=oembed\" frameborder=\"0\" allow=\"accelerometer; autoplay; clipboard-write; encrypted-media; gyroscope; picture-in-picture; web-share\" referrerpolicy=\"strict-origin-when-cross-origin\" allowfullscreen><\/iframe><\/p>\n<p dir=\"ltr\">\nTal como a personagem que interpreta em Bridgerton, Nicola Coughlan n\u00e3o \u00e9 de manter as coisas em segredo. N\u00e3o perca a pr\u00e9via exclusiva da primeira coluna de Lady Whistledown para a nova temporada, direto no #TUDUM! A temporada 3 de Bridgerton estreia em breve, s\u00f3 na Netflix.<\/p>\n<p dir=\"ltr\"><strong><em>VOC\u00ca<\/em><\/strong><\/p>\n<blockquote class=\"twitter-tweet\" data-width=\"500\" data-dnt=\"true\">\n<p lang=\"pt\" dir=\"ltr\">Joe, voc\u00ea t\u00e1 usando barba, mas os de verdade eu sei quem s\u00e3o. A nova temporada de Voc\u00ea estreia em breve. <a href=\"https:\/\/twitter.com\/hashtag\/NetflixTudum?src=hash&amp;ref_src=twsrc%5Etfw\">#NetflixTudum<\/a>\ud83e\udde2 <a href=\"https:\/\/t.co\/Utvunqf7Za\">pic.twitter.com\/Utvunqf7Za<\/a><\/p>\n<p>&mdash; netflixbrasil (@NetflixBrasil) <a href=\"https:\/\/twitter.com\/NetflixBrasil\/status\/1573733505997185025?ref_src=twsrc%5Etfw\">September 24, 2022<\/a><\/p><\/blockquote>\n<p><script async src=\"https:\/\/platform.twitter.com\/widgets.js\" charset=\"utf-8\"><\/script><\/p>\n<p dir=\"ltr\">\nEi, professor Joe. A parte 1 da temporada 4 de Voc\u00ea estreia em 10 de fevereiro, e a parte 2 em 10 de mar\u00e7o. S\u00f3 na Netflix.<\/p>\n<p dir=\"ltr\"><em><strong>VIKINGS: VALHALLA<\/strong><\/em><\/p>\n<p><iframe loading=\"lazy\" title=\"Vikings: Valhalla - Temporada 2 | Primeiras imagens | Netflix\" width=\"500\" height=\"281\" src=\"https:\/\/www.youtube.com\/embed\/M4tC6NYhT1E?feature=oembed\" frameborder=\"0\" allow=\"accelerometer; autoplay; clipboard-write; encrypted-media; gyroscope; picture-in-picture; web-share\" referrerpolicy=\"strict-origin-when-cross-origin\" allowfullscreen><\/iframe><\/p>\n<p dir=\"ltr\">\nOs lend\u00e1rios her\u00f3is vikings Leif Eriksson (Sam Corlett), Freydis Eriksdotter (Frida Gustavsson) e Harald Sigurdsson (Leo Suter) enfrentam Olaf e seus guerreiros neste clipe exclusivo com as primeiras imagens da temporada 2 de Vikings: Valhalla. A \u00e9pica saga volta \u00e0 Netflix em 2023.<\/p>\n<p dir=\"ltr\">VEJA TAMB\u00c9M:\u00a0<a href=\"https:\/\/redenoticiaz.com.br\/barretos-regiao\/sp\/2022\/09\/17\/tudum-um-evento-mundial-para-fas-da-netflix-ganha-trailer\">Tudum: Um Evento Mundial para F\u00e3s da Netflix ganha trailer<\/a><\/p>\n","protected":false},"excerpt":{"rendered":"<p>Materiais in\u00e9ditos e exclusivos, teasers e trailers dos pr\u00f3ximos t\u00edtulos Netflix da Am\u00e9rica Latina como Argentina, Brasil, Chile e M\u00e9xico, Estados Unidos, Europa, Cor\u00e9ia, Jap\u00e3o e \u00cdndia fizeram parte da segunda edi\u00e7\u00e3o do\u00a0TUDUM,\u00a0 onde hist\u00f3rias do mundo todo e para todos os gostos e estilos foram apresentadas aos f\u00e3s. Esta edi\u00e7\u00e3o do TUDUM contou com &hellip;<\/p>\n","protected":false},"author":15,"featured_media":92215,"comment_status":"open","ping_status":"closed","sticky":false,"template":"","format":"standard","meta":{"footnotes":""},"categories":[170],"tags":[35798,59645,4755,58226],"class_list":["post-92214","post","type-post","status-publish","format-standard","has-post-thumbnail","hentry","category-entretenimento","tag-evento","tag-lancametos","tag-netflix","tag-tudum"],"yoast_head":"<!-- This site is optimized with the Yoast SEO plugin v27.5 - https:\/\/yoast.com\/product\/yoast-seo-wordpress\/ -->\n<title>TUDUM: Confira tudo o que rolou no evento mundial Netflix para f\u00e3s - Litoral SP<\/title>\n<meta name=\"description\" content=\"Materiais in\u00e9ditos e exclusivos, teasers e trailers dos pr\u00f3ximos t\u00edtulos Netflix. TUDUM, hist\u00f3rias do mundo todo e para todos os gostos.\" \/>\n<meta name=\"robots\" content=\"index, follow, max-snippet:-1, max-image-preview:large, max-video-preview:-1\" \/>\n<link rel=\"canonical\" href=\"https:\/\/redenoticiaz.com.br\/litoralsp\/2022\/10\/01\/tudum-confira-tudo-o-que-rolou-no-evento-mundial-netflix-para-fas\" \/>\n<meta property=\"og:locale\" content=\"pt_BR\" \/>\n<meta property=\"og:type\" content=\"article\" \/>\n<meta property=\"og:title\" content=\"TUDUM: Confira tudo o que rolou no evento mundial Netflix para f\u00e3s - Litoral SP\" \/>\n<meta property=\"og:description\" content=\"Materiais in\u00e9ditos e exclusivos, teasers e trailers dos pr\u00f3ximos t\u00edtulos Netflix. TUDUM, hist\u00f3rias do mundo todo e para todos os gostos.\" \/>\n<meta property=\"og:url\" content=\"https:\/\/redenoticiaz.com.br\/litoralsp\/2022\/10\/01\/tudum-confira-tudo-o-que-rolou-no-evento-mundial-netflix-para-fas\" \/>\n<meta property=\"og:site_name\" content=\"Litoral SP\" \/>\n<meta property=\"article:published_time\" content=\"2022-10-01T14:00:53+00:00\" \/>\n<meta property=\"og:image\" content=\"https:\/\/redenoticiaz.com.br\/litoralsp\/wp-content\/uploads\/sites\/3\/2022\/09\/Tudum_2022__A_Global_Fan_Event_S1_E1_02_01_31_22.jpg\" \/>\n\t<meta property=\"og:image:width\" content=\"1920\" \/>\n\t<meta property=\"og:image:height\" content=\"1080\" \/>\n\t<meta property=\"og:image:type\" content=\"image\/jpeg\" \/>\n<meta name=\"twitter:card\" content=\"summary_large_image\" \/>\n<meta name=\"twitter:label1\" content=\"Escrito por\" \/>\n\t<meta name=\"twitter:data1\" content=\"\" \/>\n\t<meta name=\"twitter:label2\" content=\"Est. tempo de leitura\" \/>\n\t<meta name=\"twitter:data2\" content=\"2 minutos\" \/>\n<script type=\"application\/ld+json\" class=\"yoast-schema-graph\">{\"@context\":\"https:\\\/\\\/schema.org\",\"@graph\":[{\"@type\":\"Article\",\"@id\":\"https:\\\/\\\/redenoticiaz.com.br\\\/litoralsp\\\/2022\\\/10\\\/01\\\/tudum-confira-tudo-o-que-rolou-no-evento-mundial-netflix-para-fas#article\",\"isPartOf\":{\"@id\":\"https:\\\/\\\/redenoticiaz.com.br\\\/litoralsp\\\/2022\\\/10\\\/01\\\/tudum-confira-tudo-o-que-rolou-no-evento-mundial-netflix-para-fas\"},\"author\":{\"name\":\"\",\"@id\":\"\"},\"headline\":\"TUDUM: Confira tudo o que rolou no evento mundial Netflix para f\u00e3s\",\"datePublished\":\"2022-10-01T14:00:53+00:00\",\"mainEntityOfPage\":{\"@id\":\"https:\\\/\\\/redenoticiaz.com.br\\\/litoralsp\\\/2022\\\/10\\\/01\\\/tudum-confira-tudo-o-que-rolou-no-evento-mundial-netflix-para-fas\"},\"wordCount\":387,\"commentCount\":0,\"publisher\":{\"@id\":\"https:\\\/\\\/redenoticiaz.com.br\\\/litoralsp\\\/#organization\"},\"image\":{\"@id\":\"https:\\\/\\\/redenoticiaz.com.br\\\/litoralsp\\\/2022\\\/10\\\/01\\\/tudum-confira-tudo-o-que-rolou-no-evento-mundial-netflix-para-fas#primaryimage\"},\"thumbnailUrl\":\"https:\\\/\\\/redenoticiaz.com.br\\\/litoralsp\\\/wp-content\\\/uploads\\\/sites\\\/3\\\/2022\\\/09\\\/Tudum_2022__A_Global_Fan_Event_S1_E1_02_01_31_22.jpg\",\"keywords\":[\"EVENTO\",\"LAN\u00c7AMETOS\",\"NETFLIX\",\"TUDUM\"],\"articleSection\":[\"Entretenimento\"],\"inLanguage\":\"pt-BR\",\"potentialAction\":[{\"@type\":\"CommentAction\",\"name\":\"Comment\",\"target\":[\"https:\\\/\\\/redenoticiaz.com.br\\\/litoralsp\\\/2022\\\/10\\\/01\\\/tudum-confira-tudo-o-que-rolou-no-evento-mundial-netflix-para-fas#respond\"]}]},{\"@type\":\"WebPage\",\"@id\":\"https:\\\/\\\/redenoticiaz.com.br\\\/litoralsp\\\/2022\\\/10\\\/01\\\/tudum-confira-tudo-o-que-rolou-no-evento-mundial-netflix-para-fas\",\"url\":\"https:\\\/\\\/redenoticiaz.com.br\\\/litoralsp\\\/2022\\\/10\\\/01\\\/tudum-confira-tudo-o-que-rolou-no-evento-mundial-netflix-para-fas\",\"name\":\"TUDUM: Confira tudo o que rolou no evento mundial Netflix para f\u00e3s - Litoral SP\",\"isPartOf\":{\"@id\":\"https:\\\/\\\/redenoticiaz.com.br\\\/litoralsp\\\/#website\"},\"primaryImageOfPage\":{\"@id\":\"https:\\\/\\\/redenoticiaz.com.br\\\/litoralsp\\\/2022\\\/10\\\/01\\\/tudum-confira-tudo-o-que-rolou-no-evento-mundial-netflix-para-fas#primaryimage\"},\"image\":{\"@id\":\"https:\\\/\\\/redenoticiaz.com.br\\\/litoralsp\\\/2022\\\/10\\\/01\\\/tudum-confira-tudo-o-que-rolou-no-evento-mundial-netflix-para-fas#primaryimage\"},\"thumbnailUrl\":\"https:\\\/\\\/redenoticiaz.com.br\\\/litoralsp\\\/wp-content\\\/uploads\\\/sites\\\/3\\\/2022\\\/09\\\/Tudum_2022__A_Global_Fan_Event_S1_E1_02_01_31_22.jpg\",\"datePublished\":\"2022-10-01T14:00:53+00:00\",\"description\":\"Materiais in\u00e9ditos e exclusivos, teasers e trailers dos pr\u00f3ximos t\u00edtulos Netflix. TUDUM, hist\u00f3rias do mundo todo e para todos os gostos.\",\"inLanguage\":\"pt-BR\",\"potentialAction\":[{\"@type\":\"ReadAction\",\"target\":[\"https:\\\/\\\/redenoticiaz.com.br\\\/litoralsp\\\/2022\\\/10\\\/01\\\/tudum-confira-tudo-o-que-rolou-no-evento-mundial-netflix-para-fas\"]}]},{\"@type\":\"ImageObject\",\"inLanguage\":\"pt-BR\",\"@id\":\"https:\\\/\\\/redenoticiaz.com.br\\\/litoralsp\\\/2022\\\/10\\\/01\\\/tudum-confira-tudo-o-que-rolou-no-evento-mundial-netflix-para-fas#primaryimage\",\"url\":\"https:\\\/\\\/redenoticiaz.com.br\\\/litoralsp\\\/wp-content\\\/uploads\\\/sites\\\/3\\\/2022\\\/09\\\/Tudum_2022__A_Global_Fan_Event_S1_E1_02_01_31_22.jpg\",\"contentUrl\":\"https:\\\/\\\/redenoticiaz.com.br\\\/litoralsp\\\/wp-content\\\/uploads\\\/sites\\\/3\\\/2022\\\/09\\\/Tudum_2022__A_Global_Fan_Event_S1_E1_02_01_31_22.jpg\",\"width\":1920,\"height\":1080,\"caption\":\"Cr\u00e9dito: Divulga\u00e7\u00e3o\\\/ Netflix\"},{\"@type\":\"WebSite\",\"@id\":\"https:\\\/\\\/redenoticiaz.com.br\\\/litoralsp\\\/#website\",\"url\":\"https:\\\/\\\/redenoticiaz.com.br\\\/litoralsp\\\/\",\"name\":\"Litoral SP\",\"description\":\"Rede NoticiaZ\",\"publisher\":{\"@id\":\"https:\\\/\\\/redenoticiaz.com.br\\\/litoralsp\\\/#organization\"},\"potentialAction\":[{\"@type\":\"SearchAction\",\"target\":{\"@type\":\"EntryPoint\",\"urlTemplate\":\"https:\\\/\\\/redenoticiaz.com.br\\\/litoralsp\\\/?s={search_term_string}\"},\"query-input\":{\"@type\":\"PropertyValueSpecification\",\"valueRequired\":true,\"valueName\":\"search_term_string\"}}],\"inLanguage\":\"pt-BR\"},{\"@type\":\"Organization\",\"@id\":\"https:\\\/\\\/redenoticiaz.com.br\\\/litoralsp\\\/#organization\",\"name\":\"Litoral SP\",\"url\":\"https:\\\/\\\/redenoticiaz.com.br\\\/litoralsp\\\/\",\"logo\":{\"@type\":\"ImageObject\",\"inLanguage\":\"pt-BR\",\"@id\":\"https:\\\/\\\/redenoticiaz.com.br\\\/litoralsp\\\/#\\\/schema\\\/logo\\\/image\\\/\",\"url\":\"https:\\\/\\\/redenoticiaz.com.br\\\/litoralsp\\\/wp-content\\\/uploads\\\/sites\\\/3\\\/2020\\\/11\\\/logo.jpg\",\"contentUrl\":\"https:\\\/\\\/redenoticiaz.com.br\\\/litoralsp\\\/wp-content\\\/uploads\\\/sites\\\/3\\\/2020\\\/11\\\/logo.jpg\",\"width\":400,\"height\":250,\"caption\":\"Litoral SP\"},\"image\":{\"@id\":\"https:\\\/\\\/redenoticiaz.com.br\\\/litoralsp\\\/#\\\/schema\\\/logo\\\/image\\\/\"}},{\"@type\":\"Person\",\"@id\":\"\",\"url\":\"https:\\\/\\\/redenoticiaz.com.br\\\/litoralsp\\\/author\"}]}<\/script>\n<!-- \/ Yoast SEO plugin. -->","yoast_head_json":{"title":"TUDUM: Confira tudo o que rolou no evento mundial Netflix para f\u00e3s - Litoral SP","description":"Materiais in\u00e9ditos e exclusivos, teasers e trailers dos pr\u00f3ximos t\u00edtulos Netflix. TUDUM, hist\u00f3rias do mundo todo e para todos os gostos.","robots":{"index":"index","follow":"follow","max-snippet":"max-snippet:-1","max-image-preview":"max-image-preview:large","max-video-preview":"max-video-preview:-1"},"canonical":"https:\/\/redenoticiaz.com.br\/litoralsp\/2022\/10\/01\/tudum-confira-tudo-o-que-rolou-no-evento-mundial-netflix-para-fas","og_locale":"pt_BR","og_type":"article","og_title":"TUDUM: Confira tudo o que rolou no evento mundial Netflix para f\u00e3s - Litoral SP","og_description":"Materiais in\u00e9ditos e exclusivos, teasers e trailers dos pr\u00f3ximos t\u00edtulos Netflix. TUDUM, hist\u00f3rias do mundo todo e para todos os gostos.","og_url":"https:\/\/redenoticiaz.com.br\/litoralsp\/2022\/10\/01\/tudum-confira-tudo-o-que-rolou-no-evento-mundial-netflix-para-fas","og_site_name":"Litoral SP","article_published_time":"2022-10-01T14:00:53+00:00","og_image":[{"width":1920,"height":1080,"url":"https:\/\/redenoticiaz.com.br\/litoralsp\/wp-content\/uploads\/sites\/3\/2022\/09\/Tudum_2022__A_Global_Fan_Event_S1_E1_02_01_31_22.jpg","type":"image\/jpeg"}],"twitter_card":"summary_large_image","twitter_misc":{"Escrito por":"","Est. tempo de leitura":"2 minutos"},"schema":{"@context":"https:\/\/schema.org","@graph":[{"@type":"Article","@id":"https:\/\/redenoticiaz.com.br\/litoralsp\/2022\/10\/01\/tudum-confira-tudo-o-que-rolou-no-evento-mundial-netflix-para-fas#article","isPartOf":{"@id":"https:\/\/redenoticiaz.com.br\/litoralsp\/2022\/10\/01\/tudum-confira-tudo-o-que-rolou-no-evento-mundial-netflix-para-fas"},"author":{"name":"","@id":""},"headline":"TUDUM: Confira tudo o que rolou no evento mundial Netflix para f\u00e3s","datePublished":"2022-10-01T14:00:53+00:00","mainEntityOfPage":{"@id":"https:\/\/redenoticiaz.com.br\/litoralsp\/2022\/10\/01\/tudum-confira-tudo-o-que-rolou-no-evento-mundial-netflix-para-fas"},"wordCount":387,"commentCount":0,"publisher":{"@id":"https:\/\/redenoticiaz.com.br\/litoralsp\/#organization"},"image":{"@id":"https:\/\/redenoticiaz.com.br\/litoralsp\/2022\/10\/01\/tudum-confira-tudo-o-que-rolou-no-evento-mundial-netflix-para-fas#primaryimage"},"thumbnailUrl":"https:\/\/redenoticiaz.com.br\/litoralsp\/wp-content\/uploads\/sites\/3\/2022\/09\/Tudum_2022__A_Global_Fan_Event_S1_E1_02_01_31_22.jpg","keywords":["EVENTO","LAN\u00c7AMETOS","NETFLIX","TUDUM"],"articleSection":["Entretenimento"],"inLanguage":"pt-BR","potentialAction":[{"@type":"CommentAction","name":"Comment","target":["https:\/\/redenoticiaz.com.br\/litoralsp\/2022\/10\/01\/tudum-confira-tudo-o-que-rolou-no-evento-mundial-netflix-para-fas#respond"]}]},{"@type":"WebPage","@id":"https:\/\/redenoticiaz.com.br\/litoralsp\/2022\/10\/01\/tudum-confira-tudo-o-que-rolou-no-evento-mundial-netflix-para-fas","url":"https:\/\/redenoticiaz.com.br\/litoralsp\/2022\/10\/01\/tudum-confira-tudo-o-que-rolou-no-evento-mundial-netflix-para-fas","name":"TUDUM: Confira tudo o que rolou no evento mundial Netflix para f\u00e3s - Litoral SP","isPartOf":{"@id":"https:\/\/redenoticiaz.com.br\/litoralsp\/#website"},"primaryImageOfPage":{"@id":"https:\/\/redenoticiaz.com.br\/litoralsp\/2022\/10\/01\/tudum-confira-tudo-o-que-rolou-no-evento-mundial-netflix-para-fas#primaryimage"},"image":{"@id":"https:\/\/redenoticiaz.com.br\/litoralsp\/2022\/10\/01\/tudum-confira-tudo-o-que-rolou-no-evento-mundial-netflix-para-fas#primaryimage"},"thumbnailUrl":"https:\/\/redenoticiaz.com.br\/litoralsp\/wp-content\/uploads\/sites\/3\/2022\/09\/Tudum_2022__A_Global_Fan_Event_S1_E1_02_01_31_22.jpg","datePublished":"2022-10-01T14:00:53+00:00","description":"Materiais in\u00e9ditos e exclusivos, teasers e trailers dos pr\u00f3ximos t\u00edtulos Netflix. TUDUM, hist\u00f3rias do mundo todo e para todos os gostos.","inLanguage":"pt-BR","potentialAction":[{"@type":"ReadAction","target":["https:\/\/redenoticiaz.com.br\/litoralsp\/2022\/10\/01\/tudum-confira-tudo-o-que-rolou-no-evento-mundial-netflix-para-fas"]}]},{"@type":"ImageObject","inLanguage":"pt-BR","@id":"https:\/\/redenoticiaz.com.br\/litoralsp\/2022\/10\/01\/tudum-confira-tudo-o-que-rolou-no-evento-mundial-netflix-para-fas#primaryimage","url":"https:\/\/redenoticiaz.com.br\/litoralsp\/wp-content\/uploads\/sites\/3\/2022\/09\/Tudum_2022__A_Global_Fan_Event_S1_E1_02_01_31_22.jpg","contentUrl":"https:\/\/redenoticiaz.com.br\/litoralsp\/wp-content\/uploads\/sites\/3\/2022\/09\/Tudum_2022__A_Global_Fan_Event_S1_E1_02_01_31_22.jpg","width":1920,"height":1080,"caption":"Cr\u00e9dito: Divulga\u00e7\u00e3o\/ Netflix"},{"@type":"WebSite","@id":"https:\/\/redenoticiaz.com.br\/litoralsp\/#website","url":"https:\/\/redenoticiaz.com.br\/litoralsp\/","name":"Litoral SP","description":"Rede NoticiaZ","publisher":{"@id":"https:\/\/redenoticiaz.com.br\/litoralsp\/#organization"},"potentialAction":[{"@type":"SearchAction","target":{"@type":"EntryPoint","urlTemplate":"https:\/\/redenoticiaz.com.br\/litoralsp\/?s={search_term_string}"},"query-input":{"@type":"PropertyValueSpecification","valueRequired":true,"valueName":"search_term_string"}}],"inLanguage":"pt-BR"},{"@type":"Organization","@id":"https:\/\/redenoticiaz.com.br\/litoralsp\/#organization","name":"Litoral SP","url":"https:\/\/redenoticiaz.com.br\/litoralsp\/","logo":{"@type":"ImageObject","inLanguage":"pt-BR","@id":"https:\/\/redenoticiaz.com.br\/litoralsp\/#\/schema\/logo\/image\/","url":"https:\/\/redenoticiaz.com.br\/litoralsp\/wp-content\/uploads\/sites\/3\/2020\/11\/logo.jpg","contentUrl":"https:\/\/redenoticiaz.com.br\/litoralsp\/wp-content\/uploads\/sites\/3\/2020\/11\/logo.jpg","width":400,"height":250,"caption":"Litoral SP"},"image":{"@id":"https:\/\/redenoticiaz.com.br\/litoralsp\/#\/schema\/logo\/image\/"}},{"@type":"Person","@id":"","url":"https:\/\/redenoticiaz.com.br\/litoralsp\/author"}]}},"_links":{"self":[{"href":"https:\/\/redenoticiaz.com.br\/litoralsp\/wp-json\/wp\/v2\/posts\/92214","targetHints":{"allow":["GET"]}}],"collection":[{"href":"https:\/\/redenoticiaz.com.br\/litoralsp\/wp-json\/wp\/v2\/posts"}],"about":[{"href":"https:\/\/redenoticiaz.com.br\/litoralsp\/wp-json\/wp\/v2\/types\/post"}],"author":[{"embeddable":true,"href":"https:\/\/redenoticiaz.com.br\/litoralsp\/wp-json\/wp\/v2\/users\/15"}],"replies":[{"embeddable":true,"href":"https:\/\/redenoticiaz.com.br\/litoralsp\/wp-json\/wp\/v2\/comments?post=92214"}],"version-history":[{"count":0,"href":"https:\/\/redenoticiaz.com.br\/litoralsp\/wp-json\/wp\/v2\/posts\/92214\/revisions"}],"wp:featuredmedia":[{"embeddable":true,"href":"https:\/\/redenoticiaz.com.br\/litoralsp\/wp-json\/wp\/v2\/media\/92215"}],"wp:attachment":[{"href":"https:\/\/redenoticiaz.com.br\/litoralsp\/wp-json\/wp\/v2\/media?parent=92214"}],"wp:term":[{"taxonomy":"category","embeddable":true,"href":"https:\/\/redenoticiaz.com.br\/litoralsp\/wp-json\/wp\/v2\/categories?post=92214"},{"taxonomy":"post_tag","embeddable":true,"href":"https:\/\/redenoticiaz.com.br\/litoralsp\/wp-json\/wp\/v2\/tags?post=92214"}],"curies":[{"name":"wp","href":"https:\/\/api.w.org\/{rel}","templated":true}]}}