{"id":92310,"date":"2022-09-28T17:53:04","date_gmt":"2022-09-28T20:53:04","guid":{"rendered":"https:\/\/redenoticiaz.com.br\/litoralsp\/?p=92310"},"modified":"2022-09-28T17:53:48","modified_gmt":"2022-09-28T20:53:48","slug":"video-neymar-agradece-visita-do-presidente-bolsonaro-a-instituto","status":"publish","type":"post","link":"https:\/\/redenoticiaz.com.br\/litoralsp\/2022\/09\/28\/video-neymar-agradece-visita-do-presidente-bolsonaro-a-instituto","title":{"rendered":"V\u00cdDEO \u2013 Neymar agradece visita do Presidente Bolsonaro a Instituto"},"content":{"rendered":"<p>Neymar Jr. agradeceu a visita do Presidente Jair Bolsonaro ao Instituto Neymar na manh\u00e3 desta quarta-feira (28) em Praia Grande.<\/p>\n<div class=\"wp-playlist wp-video-playlist wp-playlist-light\">\n\t\t<video controls=\"controls\" preload=\"none\" width=\"640\"\n\t\t height=\"362\"\t><\/video>\n\t<div class=\"wp-playlist-next\"><\/div>\n\t<div class=\"wp-playlist-prev\"><\/div>\n\t<noscript>\n\t<ol>\n\t\t<li><a href='https:\/\/redenoticiaz.com.br\/litoralsp\/wp-content\/uploads\/sites\/3\/2022\/09\/Snapinsta_309644211_825009405347575_5067796582980690868_n.mp4'>V\u00cdDEO - Neymar agradece visita do Presidente Bolsonaro a Instituto<\/a><\/li>\t<\/ol>\n\t<\/noscript>\n\t<script type=\"application\/json\" class=\"wp-playlist-script\">{\"type\":\"video\",\"tracklist\":true,\"tracknumbers\":true,\"images\":true,\"artists\":true,\"tracks\":[{\"src\":\"https:\/\/redenoticiaz.com.br\/litoralsp\/wp-content\/uploads\/sites\/3\/2022\/09\/Snapinsta_309644211_825009405347575_5067796582980690868_n.mp4\",\"type\":\"video\/mp4\",\"title\":\"V\\u00cdDEO - Neymar agradece visita do Presidente Bolsonaro a Instituto\",\"caption\":\"V\\u00cdDEO - Neymar agradece visita do Presidente Bolsonaro a Instituto\",\"description\":\"V\\u00cdDEO - Neymar agradece visita do Presidente Bolsonaro a Instituto\",\"meta\":{\"length_formatted\":\"0:32\"},\"dimensions\":{\"original\":{\"width\":636,\"height\":360},\"resized\":{\"width\":640,\"height\":362}},\"image\":{\"src\":\"https:\/\/redenoticiaz.com.br\/litoralsp\/wp-includes\/images\/media\/video.svg\",\"width\":48,\"height\":64},\"thumb\":{\"src\":\"https:\/\/redenoticiaz.com.br\/litoralsp\/wp-includes\/images\/media\/video.svg\",\"width\":48,\"height\":64}}]}<\/script>\n<\/div>\n\t\n<p>De acordo com o jogador, ele gostaria muito de estar no local apresentando os projetos, mas infelizmente n\u00e3o teve como participar da a\u00e7\u00e3o.<\/p>\n<blockquote><p>&#8220;Passando para agradecer a visita ilustre, queria muito estar junto. Infelizmente estou longe, mas da pr\u00f3xima vez estarei junto. Espero que aproveitem a visita ao instituto que \u00e9 o meu maior gol da vida&#8221;<\/p><\/blockquote>\n<p>Ainda de acordo com Neymar Jr, ele agradeceu ao candidato a governador por S\u00e3o Paulo Tarc\u00edsio de Freitas e tamb\u00e9m a primeira dama Michelle Bolsonaro.<\/p>\n<p>Sendo assim, o atacante que geralmente n\u00e3o se posiciona de forma pol\u00edtica em rela\u00e7\u00e3o ao atual governo federal, deixou sua zona de conforto e falou abertamente ao Presidente, o que muitos viram como um aceno aos atual mandat\u00e1rio do Pa\u00eds.<\/p>\n<p><strong>Leia mais<\/strong><\/p>\n<p><a href=\"https:\/\/redenoticiaz.com.br\/litoralsp\/2022\/09\/28\/bolsonaro-visita-instituto-do-jogador-neymar-na-baixada-santista\">V\u00cdDEO \u2013 Bolsonaro visita instituto do jogador Neymar na Baixada Santista<\/a><\/p>\n","protected":false},"excerpt":{"rendered":"<p>Neymar Jr. agradeceu a visita do Presidente Jair Bolsonaro ao Instituto Neymar na manh\u00e3 desta quarta-feira (28) em Praia Grande. De acordo com o jogador, ele gostaria muito de estar no local apresentando os projetos, mas infelizmente n\u00e3o teve como participar da a\u00e7\u00e3o. &#8220;Passando para agradecer a visita ilustre, queria muito estar junto. Infelizmente estou &hellip;<\/p>\n","protected":false},"author":12,"featured_media":92312,"comment_status":"open","ping_status":"closed","sticky":false,"template":"","format":"standard","meta":{"footnotes":""},"categories":[180],"tags":[59676,21610,1101,18994],"class_list":["post-92310","post","type-post","status-publish","format-standard","has-post-thumbnail","hentry","category-santos","tag-instituto-neymar","tag-neymar","tag-praia-grande","tag-presidente-bolsonaro"],"yoast_head":"<!-- This site is optimized with the Yoast SEO plugin v28.3 - https:\/\/yoast.com\/product\/yoast-seo-wordpress\/ -->\n<title>V\u00cdDEO \u2013 Neymar agradece visita do Presidente Bolsonaro a Instituto - Litoral SP<\/title>\n<meta name=\"description\" content=\"Neymar Jr. agradeceu a visita do Presidente Jair Bolsonaro ao Instituto Neymar na manh\u00e3 desta quarta-feira (28) em Praia Grande.\" \/>\n<meta name=\"robots\" content=\"index, follow, max-snippet:-1, max-image-preview:large, max-video-preview:-1\" \/>\n<link rel=\"canonical\" href=\"https:\/\/redenoticiaz.com.br\/litoralsp\/2022\/09\/28\/video-neymar-agradece-visita-do-presidente-bolsonaro-a-instituto\" \/>\n<meta property=\"og:locale\" content=\"pt_BR\" \/>\n<meta property=\"og:type\" content=\"article\" \/>\n<meta property=\"og:title\" content=\"V\u00cdDEO \u2013 Neymar agradece visita do Presidente Bolsonaro a Instituto - Litoral SP\" \/>\n<meta property=\"og:description\" content=\"Neymar Jr. agradeceu a visita do Presidente Jair Bolsonaro ao Instituto Neymar na manh\u00e3 desta quarta-feira (28) em Praia Grande.\" \/>\n<meta property=\"og:url\" content=\"https:\/\/redenoticiaz.com.br\/litoralsp\/2022\/09\/28\/video-neymar-agradece-visita-do-presidente-bolsonaro-a-instituto\" \/>\n<meta property=\"og:site_name\" content=\"Litoral SP\" \/>\n<meta property=\"article:published_time\" content=\"2022-09-28T20:53:04+00:00\" \/>\n<meta property=\"article:modified_time\" content=\"2022-09-28T20:53:48+00:00\" \/>\n<meta property=\"og:image\" content=\"https:\/\/redenoticiaz.com.br\/litoralsp\/wp-content\/uploads\/sites\/3\/2022\/09\/whatsapp-image-2022-09-28-at-165013.jpeg\" \/>\n\t<meta property=\"og:image:width\" content=\"920\" \/>\n\t<meta property=\"og:image:height\" content=\"520\" \/>\n\t<meta property=\"og:image:type\" content=\"image\/jpeg\" \/>\n<meta name=\"author\" content=\"Gustavo Silva\" \/>\n<meta name=\"twitter:card\" content=\"summary_large_image\" \/>\n<meta name=\"twitter:label1\" content=\"Escrito por\" \/>\n\t<meta name=\"twitter:data1\" content=\"Gustavo Silva\" \/>\n\t<meta name=\"twitter:label2\" content=\"Est. tempo de leitura\" \/>\n\t<meta name=\"twitter:data2\" content=\"1 minuto\" \/>\n<script type=\"application\/ld+json\" class=\"yoast-schema-graph\">{\"@context\":\"https:\\\/\\\/schema.org\",\"@graph\":[{\"@type\":\"Article\",\"@id\":\"https:\\\/\\\/redenoticiaz.com.br\\\/litoralsp\\\/2022\\\/09\\\/28\\\/video-neymar-agradece-visita-do-presidente-bolsonaro-a-instituto#article\",\"isPartOf\":{\"@id\":\"https:\\\/\\\/redenoticiaz.com.br\\\/litoralsp\\\/2022\\\/09\\\/28\\\/video-neymar-agradece-visita-do-presidente-bolsonaro-a-instituto\"},\"author\":{\"name\":\"Gustavo Silva\",\"@id\":\"https:\\\/\\\/redenoticiaz.com.br\\\/litoralsp\\\/#\\\/schema\\\/person\\\/16057b37a3c0ee6b096d7f887c566e2e\"},\"headline\":\"V\u00cdDEO \u2013 Neymar agradece visita do Presidente Bolsonaro a Instituto\",\"datePublished\":\"2022-09-28T20:53:04+00:00\",\"dateModified\":\"2022-09-28T20:53:48+00:00\",\"mainEntityOfPage\":{\"@id\":\"https:\\\/\\\/redenoticiaz.com.br\\\/litoralsp\\\/2022\\\/09\\\/28\\\/video-neymar-agradece-visita-do-presidente-bolsonaro-a-instituto\"},\"wordCount\":178,\"commentCount\":0,\"publisher\":{\"@id\":\"https:\\\/\\\/redenoticiaz.com.br\\\/litoralsp\\\/#organization\"},\"image\":{\"@id\":\"https:\\\/\\\/redenoticiaz.com.br\\\/litoralsp\\\/2022\\\/09\\\/28\\\/video-neymar-agradece-visita-do-presidente-bolsonaro-a-instituto#primaryimage\"},\"thumbnailUrl\":\"https:\\\/\\\/redenoticiaz.com.br\\\/litoralsp\\\/wp-content\\\/uploads\\\/sites\\\/3\\\/2022\\\/09\\\/whatsapp-image-2022-09-28-at-165013.jpeg\",\"keywords\":[\"Instituto Neymar\",\"NEYMAR\",\"PRAIA GRANDE\",\"PRESIDENTE BOLSONARO\"],\"articleSection\":[\"Santos\"],\"inLanguage\":\"pt-BR\",\"potentialAction\":[{\"@type\":\"CommentAction\",\"name\":\"Comment\",\"target\":[\"https:\\\/\\\/redenoticiaz.com.br\\\/litoralsp\\\/2022\\\/09\\\/28\\\/video-neymar-agradece-visita-do-presidente-bolsonaro-a-instituto#respond\"]}]},{\"@type\":\"WebPage\",\"@id\":\"https:\\\/\\\/redenoticiaz.com.br\\\/litoralsp\\\/2022\\\/09\\\/28\\\/video-neymar-agradece-visita-do-presidente-bolsonaro-a-instituto\",\"url\":\"https:\\\/\\\/redenoticiaz.com.br\\\/litoralsp\\\/2022\\\/09\\\/28\\\/video-neymar-agradece-visita-do-presidente-bolsonaro-a-instituto\",\"name\":\"V\u00cdDEO \u2013 Neymar agradece visita do Presidente Bolsonaro a Instituto - Litoral SP\",\"isPartOf\":{\"@id\":\"https:\\\/\\\/redenoticiaz.com.br\\\/litoralsp\\\/#website\"},\"primaryImageOfPage\":{\"@id\":\"https:\\\/\\\/redenoticiaz.com.br\\\/litoralsp\\\/2022\\\/09\\\/28\\\/video-neymar-agradece-visita-do-presidente-bolsonaro-a-instituto#primaryimage\"},\"image\":{\"@id\":\"https:\\\/\\\/redenoticiaz.com.br\\\/litoralsp\\\/2022\\\/09\\\/28\\\/video-neymar-agradece-visita-do-presidente-bolsonaro-a-instituto#primaryimage\"},\"thumbnailUrl\":\"https:\\\/\\\/redenoticiaz.com.br\\\/litoralsp\\\/wp-content\\\/uploads\\\/sites\\\/3\\\/2022\\\/09\\\/whatsapp-image-2022-09-28-at-165013.jpeg\",\"datePublished\":\"2022-09-28T20:53:04+00:00\",\"dateModified\":\"2022-09-28T20:53:48+00:00\",\"description\":\"Neymar Jr. agradeceu a visita do Presidente Jair Bolsonaro ao Instituto Neymar na manh\u00e3 desta quarta-feira (28) em Praia Grande.\",\"inLanguage\":\"pt-BR\",\"potentialAction\":[{\"@type\":\"ReadAction\",\"target\":[\"https:\\\/\\\/redenoticiaz.com.br\\\/litoralsp\\\/2022\\\/09\\\/28\\\/video-neymar-agradece-visita-do-presidente-bolsonaro-a-instituto\"]}]},{\"@type\":\"ImageObject\",\"inLanguage\":\"pt-BR\",\"@id\":\"https:\\\/\\\/redenoticiaz.com.br\\\/litoralsp\\\/2022\\\/09\\\/28\\\/video-neymar-agradece-visita-do-presidente-bolsonaro-a-instituto#primaryimage\",\"url\":\"https:\\\/\\\/redenoticiaz.com.br\\\/litoralsp\\\/wp-content\\\/uploads\\\/sites\\\/3\\\/2022\\\/09\\\/whatsapp-image-2022-09-28-at-165013.jpeg\",\"contentUrl\":\"https:\\\/\\\/redenoticiaz.com.br\\\/litoralsp\\\/wp-content\\\/uploads\\\/sites\\\/3\\\/2022\\\/09\\\/whatsapp-image-2022-09-28-at-165013.jpeg\",\"width\":920,\"height\":520,\"caption\":\"V\u00cdDEO - Neymar agradece visita do Presidente Bolsonaro a Instituto\"},{\"@type\":\"WebSite\",\"@id\":\"https:\\\/\\\/redenoticiaz.com.br\\\/litoralsp\\\/#website\",\"url\":\"https:\\\/\\\/redenoticiaz.com.br\\\/litoralsp\\\/\",\"name\":\"Litoral SP\",\"description\":\"Rede NoticiaZ\",\"publisher\":{\"@id\":\"https:\\\/\\\/redenoticiaz.com.br\\\/litoralsp\\\/#organization\"},\"potentialAction\":[{\"@type\":\"SearchAction\",\"target\":{\"@type\":\"EntryPoint\",\"urlTemplate\":\"https:\\\/\\\/redenoticiaz.com.br\\\/litoralsp\\\/?s={search_term_string}\"},\"query-input\":{\"@type\":\"PropertyValueSpecification\",\"valueRequired\":true,\"valueName\":\"search_term_string\"}}],\"inLanguage\":\"pt-BR\"},{\"@type\":\"Organization\",\"@id\":\"https:\\\/\\\/redenoticiaz.com.br\\\/litoralsp\\\/#organization\",\"name\":\"Litoral SP\",\"url\":\"https:\\\/\\\/redenoticiaz.com.br\\\/litoralsp\\\/\",\"logo\":{\"@type\":\"ImageObject\",\"inLanguage\":\"pt-BR\",\"@id\":\"https:\\\/\\\/redenoticiaz.com.br\\\/litoralsp\\\/#\\\/schema\\\/logo\\\/image\\\/\",\"url\":\"https:\\\/\\\/redenoticiaz.com.br\\\/litoralsp\\\/wp-content\\\/uploads\\\/sites\\\/3\\\/2020\\\/11\\\/logo.jpg\",\"contentUrl\":\"https:\\\/\\\/redenoticiaz.com.br\\\/litoralsp\\\/wp-content\\\/uploads\\\/sites\\\/3\\\/2020\\\/11\\\/logo.jpg\",\"width\":400,\"height\":250,\"caption\":\"Litoral SP\"},\"image\":{\"@id\":\"https:\\\/\\\/redenoticiaz.com.br\\\/litoralsp\\\/#\\\/schema\\\/logo\\\/image\\\/\"}},{\"@type\":\"Person\",\"@id\":\"https:\\\/\\\/redenoticiaz.com.br\\\/litoralsp\\\/#\\\/schema\\\/person\\\/16057b37a3c0ee6b096d7f887c566e2e\",\"name\":\"Gustavo Silva\",\"image\":{\"@type\":\"ImageObject\",\"inLanguage\":\"pt-BR\",\"@id\":\"https:\\\/\\\/secure.gravatar.com\\\/avatar\\\/3ee4e82f93b26de0a7cf4ea5eb7893da637ed6bb0c9170c58065944c56e28a33?s=96&d=mm&r=g\",\"url\":\"https:\\\/\\\/secure.gravatar.com\\\/avatar\\\/3ee4e82f93b26de0a7cf4ea5eb7893da637ed6bb0c9170c58065944c56e28a33?s=96&d=mm&r=g\",\"contentUrl\":\"https:\\\/\\\/secure.gravatar.com\\\/avatar\\\/3ee4e82f93b26de0a7cf4ea5eb7893da637ed6bb0c9170c58065944c56e28a33?s=96&d=mm&r=g\",\"caption\":\"Gustavo Silva\"},\"url\":\"https:\\\/\\\/redenoticiaz.com.br\\\/litoralsp\\\/author\\\/gustavosilva\"}]}<\/script>\n<!-- \/ Yoast SEO plugin. -->","yoast_head_json":{"title":"V\u00cdDEO \u2013 Neymar agradece visita do Presidente Bolsonaro a Instituto - Litoral SP","description":"Neymar Jr. agradeceu a visita do Presidente Jair Bolsonaro ao Instituto Neymar na manh\u00e3 desta quarta-feira (28) em Praia Grande.","robots":{"index":"index","follow":"follow","max-snippet":"max-snippet:-1","max-image-preview":"max-image-preview:large","max-video-preview":"max-video-preview:-1"},"canonical":"https:\/\/redenoticiaz.com.br\/litoralsp\/2022\/09\/28\/video-neymar-agradece-visita-do-presidente-bolsonaro-a-instituto","og_locale":"pt_BR","og_type":"article","og_title":"V\u00cdDEO \u2013 Neymar agradece visita do Presidente Bolsonaro a Instituto - Litoral SP","og_description":"Neymar Jr. agradeceu a visita do Presidente Jair Bolsonaro ao Instituto Neymar na manh\u00e3 desta quarta-feira (28) em Praia Grande.","og_url":"https:\/\/redenoticiaz.com.br\/litoralsp\/2022\/09\/28\/video-neymar-agradece-visita-do-presidente-bolsonaro-a-instituto","og_site_name":"Litoral SP","article_published_time":"2022-09-28T20:53:04+00:00","article_modified_time":"2022-09-28T20:53:48+00:00","og_image":[{"width":920,"height":520,"url":"https:\/\/redenoticiaz.com.br\/litoralsp\/wp-content\/uploads\/sites\/3\/2022\/09\/whatsapp-image-2022-09-28-at-165013.jpeg","type":"image\/jpeg"}],"author":"Gustavo Silva","twitter_card":"summary_large_image","twitter_misc":{"Escrito por":"Gustavo Silva","Est. tempo de leitura":"1 minuto"},"schema":{"@context":"https:\/\/schema.org","@graph":[{"@type":"Article","@id":"https:\/\/redenoticiaz.com.br\/litoralsp\/2022\/09\/28\/video-neymar-agradece-visita-do-presidente-bolsonaro-a-instituto#article","isPartOf":{"@id":"https:\/\/redenoticiaz.com.br\/litoralsp\/2022\/09\/28\/video-neymar-agradece-visita-do-presidente-bolsonaro-a-instituto"},"author":{"name":"Gustavo Silva","@id":"https:\/\/redenoticiaz.com.br\/litoralsp\/#\/schema\/person\/16057b37a3c0ee6b096d7f887c566e2e"},"headline":"V\u00cdDEO \u2013 Neymar agradece visita do Presidente Bolsonaro a Instituto","datePublished":"2022-09-28T20:53:04+00:00","dateModified":"2022-09-28T20:53:48+00:00","mainEntityOfPage":{"@id":"https:\/\/redenoticiaz.com.br\/litoralsp\/2022\/09\/28\/video-neymar-agradece-visita-do-presidente-bolsonaro-a-instituto"},"wordCount":178,"commentCount":0,"publisher":{"@id":"https:\/\/redenoticiaz.com.br\/litoralsp\/#organization"},"image":{"@id":"https:\/\/redenoticiaz.com.br\/litoralsp\/2022\/09\/28\/video-neymar-agradece-visita-do-presidente-bolsonaro-a-instituto#primaryimage"},"thumbnailUrl":"https:\/\/redenoticiaz.com.br\/litoralsp\/wp-content\/uploads\/sites\/3\/2022\/09\/whatsapp-image-2022-09-28-at-165013.jpeg","keywords":["Instituto Neymar","NEYMAR","PRAIA GRANDE","PRESIDENTE BOLSONARO"],"articleSection":["Santos"],"inLanguage":"pt-BR","potentialAction":[{"@type":"CommentAction","name":"Comment","target":["https:\/\/redenoticiaz.com.br\/litoralsp\/2022\/09\/28\/video-neymar-agradece-visita-do-presidente-bolsonaro-a-instituto#respond"]}]},{"@type":"WebPage","@id":"https:\/\/redenoticiaz.com.br\/litoralsp\/2022\/09\/28\/video-neymar-agradece-visita-do-presidente-bolsonaro-a-instituto","url":"https:\/\/redenoticiaz.com.br\/litoralsp\/2022\/09\/28\/video-neymar-agradece-visita-do-presidente-bolsonaro-a-instituto","name":"V\u00cdDEO \u2013 Neymar agradece visita do Presidente Bolsonaro a Instituto - Litoral SP","isPartOf":{"@id":"https:\/\/redenoticiaz.com.br\/litoralsp\/#website"},"primaryImageOfPage":{"@id":"https:\/\/redenoticiaz.com.br\/litoralsp\/2022\/09\/28\/video-neymar-agradece-visita-do-presidente-bolsonaro-a-instituto#primaryimage"},"image":{"@id":"https:\/\/redenoticiaz.com.br\/litoralsp\/2022\/09\/28\/video-neymar-agradece-visita-do-presidente-bolsonaro-a-instituto#primaryimage"},"thumbnailUrl":"https:\/\/redenoticiaz.com.br\/litoralsp\/wp-content\/uploads\/sites\/3\/2022\/09\/whatsapp-image-2022-09-28-at-165013.jpeg","datePublished":"2022-09-28T20:53:04+00:00","dateModified":"2022-09-28T20:53:48+00:00","description":"Neymar Jr. agradeceu a visita do Presidente Jair Bolsonaro ao Instituto Neymar na manh\u00e3 desta quarta-feira (28) em Praia Grande.","inLanguage":"pt-BR","potentialAction":[{"@type":"ReadAction","target":["https:\/\/redenoticiaz.com.br\/litoralsp\/2022\/09\/28\/video-neymar-agradece-visita-do-presidente-bolsonaro-a-instituto"]}]},{"@type":"ImageObject","inLanguage":"pt-BR","@id":"https:\/\/redenoticiaz.com.br\/litoralsp\/2022\/09\/28\/video-neymar-agradece-visita-do-presidente-bolsonaro-a-instituto#primaryimage","url":"https:\/\/redenoticiaz.com.br\/litoralsp\/wp-content\/uploads\/sites\/3\/2022\/09\/whatsapp-image-2022-09-28-at-165013.jpeg","contentUrl":"https:\/\/redenoticiaz.com.br\/litoralsp\/wp-content\/uploads\/sites\/3\/2022\/09\/whatsapp-image-2022-09-28-at-165013.jpeg","width":920,"height":520,"caption":"V\u00cdDEO - Neymar agradece visita do Presidente Bolsonaro a Instituto"},{"@type":"WebSite","@id":"https:\/\/redenoticiaz.com.br\/litoralsp\/#website","url":"https:\/\/redenoticiaz.com.br\/litoralsp\/","name":"Litoral SP","description":"Rede NoticiaZ","publisher":{"@id":"https:\/\/redenoticiaz.com.br\/litoralsp\/#organization"},"potentialAction":[{"@type":"SearchAction","target":{"@type":"EntryPoint","urlTemplate":"https:\/\/redenoticiaz.com.br\/litoralsp\/?s={search_term_string}"},"query-input":{"@type":"PropertyValueSpecification","valueRequired":true,"valueName":"search_term_string"}}],"inLanguage":"pt-BR"},{"@type":"Organization","@id":"https:\/\/redenoticiaz.com.br\/litoralsp\/#organization","name":"Litoral SP","url":"https:\/\/redenoticiaz.com.br\/litoralsp\/","logo":{"@type":"ImageObject","inLanguage":"pt-BR","@id":"https:\/\/redenoticiaz.com.br\/litoralsp\/#\/schema\/logo\/image\/","url":"https:\/\/redenoticiaz.com.br\/litoralsp\/wp-content\/uploads\/sites\/3\/2020\/11\/logo.jpg","contentUrl":"https:\/\/redenoticiaz.com.br\/litoralsp\/wp-content\/uploads\/sites\/3\/2020\/11\/logo.jpg","width":400,"height":250,"caption":"Litoral SP"},"image":{"@id":"https:\/\/redenoticiaz.com.br\/litoralsp\/#\/schema\/logo\/image\/"}},{"@type":"Person","@id":"https:\/\/redenoticiaz.com.br\/litoralsp\/#\/schema\/person\/16057b37a3c0ee6b096d7f887c566e2e","name":"Gustavo Silva","image":{"@type":"ImageObject","inLanguage":"pt-BR","@id":"https:\/\/secure.gravatar.com\/avatar\/3ee4e82f93b26de0a7cf4ea5eb7893da637ed6bb0c9170c58065944c56e28a33?s=96&d=mm&r=g","url":"https:\/\/secure.gravatar.com\/avatar\/3ee4e82f93b26de0a7cf4ea5eb7893da637ed6bb0c9170c58065944c56e28a33?s=96&d=mm&r=g","contentUrl":"https:\/\/secure.gravatar.com\/avatar\/3ee4e82f93b26de0a7cf4ea5eb7893da637ed6bb0c9170c58065944c56e28a33?s=96&d=mm&r=g","caption":"Gustavo Silva"},"url":"https:\/\/redenoticiaz.com.br\/litoralsp\/author\/gustavosilva"}]}},"_links":{"self":[{"href":"https:\/\/redenoticiaz.com.br\/litoralsp\/wp-json\/wp\/v2\/posts\/92310","targetHints":{"allow":["GET"]}}],"collection":[{"href":"https:\/\/redenoticiaz.com.br\/litoralsp\/wp-json\/wp\/v2\/posts"}],"about":[{"href":"https:\/\/redenoticiaz.com.br\/litoralsp\/wp-json\/wp\/v2\/types\/post"}],"author":[{"embeddable":true,"href":"https:\/\/redenoticiaz.com.br\/litoralsp\/wp-json\/wp\/v2\/users\/12"}],"replies":[{"embeddable":true,"href":"https:\/\/redenoticiaz.com.br\/litoralsp\/wp-json\/wp\/v2\/comments?post=92310"}],"version-history":[{"count":2,"href":"https:\/\/redenoticiaz.com.br\/litoralsp\/wp-json\/wp\/v2\/posts\/92310\/revisions"}],"predecessor-version":[{"id":92314,"href":"https:\/\/redenoticiaz.com.br\/litoralsp\/wp-json\/wp\/v2\/posts\/92310\/revisions\/92314"}],"wp:featuredmedia":[{"embeddable":true,"href":"https:\/\/redenoticiaz.com.br\/litoralsp\/wp-json\/wp\/v2\/media\/92312"}],"wp:attachment":[{"href":"https:\/\/redenoticiaz.com.br\/litoralsp\/wp-json\/wp\/v2\/media?parent=92310"}],"wp:term":[{"taxonomy":"category","embeddable":true,"href":"https:\/\/redenoticiaz.com.br\/litoralsp\/wp-json\/wp\/v2\/categories?post=92310"},{"taxonomy":"post_tag","embeddable":true,"href":"https:\/\/redenoticiaz.com.br\/litoralsp\/wp-json\/wp\/v2\/tags?post=92310"}],"curies":[{"name":"wp","href":"https:\/\/api.w.org\/{rel}","templated":true}]}}