{"id":92597,"date":"2022-10-08T08:00:49","date_gmt":"2022-10-08T11:00:49","guid":{"rendered":"https:\/\/redenoticiaz.com.br\/litoralsp\/?p=92597"},"modified":"2022-10-08T08:00:49","modified_gmt":"2022-10-08T11:00:49","slug":"filme-sobre-a-vida-de-mauricio-de-sousa-tem-filmagens-iniciadas","status":"publish","type":"post","link":"https:\/\/redenoticiaz.com.br\/litoralsp\/2022\/10\/08\/filme-sobre-a-vida-de-mauricio-de-sousa-tem-filmagens-iniciadas","title":{"rendered":"Filme sobre a vida de Mauricio de Sousa tem filmagens iniciadas"},"content":{"rendered":"<p class=\"v1MsoNormal\">Foram iniciadas as filmagens para o cinema da hist\u00f3ria de Mauricio de Sousa, uma produ\u00e7\u00e3o da\u00a0<b>Focus Entretenimento<\/b>\u00a0e\u00a0<b>Boa Ideia Entretenimento,\u00a0<\/b>em parceria com a<b>\u00a0Mauricio de Sousa Produ\u00e7\u00f5es<\/b>, e coprodu\u00e7\u00e3o da\u00a0<b>Star Original Productions.\u00a0<\/b><\/p>\n<p class=\"v1MsoNormal\"><img loading=\"lazy\" decoding=\"async\" class=\"size-medium wp-image-92599 alignleft\" src=\"https:\/\/redenoticiaz.com.br\/litoralsp\/wp-content\/uploads\/sites\/3\/2022\/10\/image003-300x200.jpg\" alt=\"\" width=\"300\" height=\"200\" srcset=\"https:\/\/redenoticiaz.com.br\/litoralsp\/wp-content\/uploads\/sites\/3\/2022\/10\/image003-300x200.jpg 300w, https:\/\/redenoticiaz.com.br\/litoralsp\/wp-content\/uploads\/sites\/3\/2022\/10\/image003.jpg 567w\" sizes=\"auto, (max-width: 300px) 100vw, 300px\" \/>Dirigido por Pedro Vasconcelos, com codire\u00e7\u00e3o de Rafael Salgado e estrelado por Mauro Sousa, o longa-metragem (ainda sem t\u00edtulo oficial) vai contar a vida do criador da Turma da M\u00f4nica desde sua inf\u00e2ncia, da descoberta e paix\u00e3o pelos quadrinhos \u00e0 inven\u00e7\u00e3o de uma carreira considerada imposs\u00edvel na \u00e9poca, e suas aventuras para se sustentar e crescer profissionalmente.<\/p>\n<p class=\"v1MsoNormal\">Previsto para estrear nos cinemas brasileiros em 2023, as filmagens iniciaram no \u00faltimo dia 24 de setembro e ser\u00e3o realizadas nas cidades do Rio de Janeiro (RJ), S\u00e3o Paulo (SP), Carrancas e Passa Quatro (MG) e Lapa (PR).<\/p>\n<p class=\"v1MsoNormal\">O processo de cria\u00e7\u00e3o de seus principais personagens e a evolu\u00e7\u00e3o de sua obra tamb\u00e9m ter\u00e3o destaque na hist\u00f3ria, al\u00e9m de como at\u00e9 hoje, aos 87 anos, ele continua fazendo sucesso e se reinventando. Contadas com a mesma gra\u00e7a e alegria das hist\u00f3rias em quadrinhos, o filme narra muitas aventuras e hist\u00f3rias \u2013 especialmente seus planos ousados e de grande sucesso, e outros n\u00e3o t\u00e3o infal\u00edveis assim.<\/p>\n<p>Al\u00e9m de Mauro Sousa no papel do pai, o elenco conta ainda com Elizabeth Savalla (V\u00f3 Dita), Thaty Lopes (Marilene), Natalia Lage (Nila) e Em\u00edlio Orciollo Neto (Ant\u00f4nio), com participa\u00e7\u00f5es especiais de Fernando Eiras e Bruce Gomevsky, e Zez\u00e9 Motta e Othon Bastos como convidados.<\/p>\n<p>VEJA TAMB\u00c9M:\u00a0<a href=\"https:\/\/redenoticiaz.com.br\/barretos-regiao\/sp\/2022\/07\/24\/pantera-negra-2-wakanda-para-sempre-ganha-primeiro-trailer\">Pantera Negra 2: Wakanda Para Sempre ganha primeiro trailer<\/a><\/p>\n","protected":false},"excerpt":{"rendered":"<p>Foram iniciadas as filmagens para o cinema da hist\u00f3ria de Mauricio de Sousa, uma produ\u00e7\u00e3o da\u00a0Focus Entretenimento\u00a0e\u00a0Boa Ideia Entretenimento,\u00a0em parceria com a\u00a0Mauricio de Sousa Produ\u00e7\u00f5es, e coprodu\u00e7\u00e3o da\u00a0Star Original Productions.\u00a0 Dirigido por Pedro Vasconcelos, com codire\u00e7\u00e3o de Rafael Salgado e estrelado por Mauro Sousa, o longa-metragem (ainda sem t\u00edtulo oficial) vai contar a vida do &hellip;<\/p>\n","protected":false},"author":15,"featured_media":92598,"comment_status":"open","ping_status":"closed","sticky":false,"template":"","format":"standard","meta":{"footnotes":""},"categories":[170],"tags":[44750,59793,55547,59794],"class_list":["post-92597","post","type-post","status-publish","format-standard","has-post-thumbnail","hentry","category-entretenimento","tag-cinema","tag-filmagem","tag-filme","tag-mauricio-de-souza"],"yoast_head":"<!-- This site is optimized with the Yoast SEO plugin v27.5 - https:\/\/yoast.com\/product\/yoast-seo-wordpress\/ -->\n<title>Filme sobre a vida de Mauricio de Sousa tem filmagens iniciadas - Litoral SP<\/title>\n<meta name=\"description\" content=\"Foram iniciadas as filmagens para o cinema da hist\u00f3ria de Mauricio de Sousa, uma produ\u00e7\u00e3o da\u00a0Focus Entretenimento\u00a0e\u00a0Boa Ideia Entretenimento.\" \/>\n<meta name=\"robots\" content=\"index, follow, max-snippet:-1, max-image-preview:large, max-video-preview:-1\" \/>\n<link rel=\"canonical\" href=\"https:\/\/redenoticiaz.com.br\/litoralsp\/2022\/10\/08\/filme-sobre-a-vida-de-mauricio-de-sousa-tem-filmagens-iniciadas\" \/>\n<meta property=\"og:locale\" content=\"pt_BR\" \/>\n<meta property=\"og:type\" content=\"article\" \/>\n<meta property=\"og:title\" content=\"Filme sobre a vida de Mauricio de Sousa tem filmagens iniciadas - Litoral SP\" \/>\n<meta property=\"og:description\" content=\"Foram iniciadas as filmagens para o cinema da hist\u00f3ria de Mauricio de Sousa, uma produ\u00e7\u00e3o da\u00a0Focus Entretenimento\u00a0e\u00a0Boa Ideia Entretenimento.\" \/>\n<meta property=\"og:url\" content=\"https:\/\/redenoticiaz.com.br\/litoralsp\/2022\/10\/08\/filme-sobre-a-vida-de-mauricio-de-sousa-tem-filmagens-iniciadas\" \/>\n<meta property=\"og:site_name\" content=\"Litoral SP\" \/>\n<meta property=\"article:published_time\" content=\"2022-10-08T11:00:49+00:00\" \/>\n<meta property=\"og:image\" content=\"https:\/\/redenoticiaz.com.br\/litoralsp\/wp-content\/uploads\/sites\/3\/2022\/10\/DSC_0603-scaled.jpg\" \/>\n\t<meta property=\"og:image:width\" content=\"1620\" \/>\n\t<meta property=\"og:image:height\" content=\"1080\" \/>\n\t<meta property=\"og:image:type\" content=\"image\/jpeg\" \/>\n<meta name=\"twitter:card\" content=\"summary_large_image\" \/>\n<meta name=\"twitter:label1\" content=\"Escrito por\" \/>\n\t<meta name=\"twitter:data1\" content=\"\" \/>\n\t<meta name=\"twitter:label2\" content=\"Est. tempo de leitura\" \/>\n\t<meta name=\"twitter:data2\" content=\"2 minutos\" \/>\n<script type=\"application\/ld+json\" class=\"yoast-schema-graph\">{\"@context\":\"https:\\\/\\\/schema.org\",\"@graph\":[{\"@type\":\"Article\",\"@id\":\"https:\\\/\\\/redenoticiaz.com.br\\\/litoralsp\\\/2022\\\/10\\\/08\\\/filme-sobre-a-vida-de-mauricio-de-sousa-tem-filmagens-iniciadas#article\",\"isPartOf\":{\"@id\":\"https:\\\/\\\/redenoticiaz.com.br\\\/litoralsp\\\/2022\\\/10\\\/08\\\/filme-sobre-a-vida-de-mauricio-de-sousa-tem-filmagens-iniciadas\"},\"author\":{\"name\":\"\",\"@id\":\"\"},\"headline\":\"Filme sobre a vida de Mauricio de Sousa tem filmagens iniciadas\",\"datePublished\":\"2022-10-08T11:00:49+00:00\",\"mainEntityOfPage\":{\"@id\":\"https:\\\/\\\/redenoticiaz.com.br\\\/litoralsp\\\/2022\\\/10\\\/08\\\/filme-sobre-a-vida-de-mauricio-de-sousa-tem-filmagens-iniciadas\"},\"wordCount\":289,\"commentCount\":0,\"publisher\":{\"@id\":\"https:\\\/\\\/redenoticiaz.com.br\\\/litoralsp\\\/#organization\"},\"image\":{\"@id\":\"https:\\\/\\\/redenoticiaz.com.br\\\/litoralsp\\\/2022\\\/10\\\/08\\\/filme-sobre-a-vida-de-mauricio-de-sousa-tem-filmagens-iniciadas#primaryimage\"},\"thumbnailUrl\":\"https:\\\/\\\/redenoticiaz.com.br\\\/litoralsp\\\/wp-content\\\/uploads\\\/sites\\\/3\\\/2022\\\/10\\\/DSC_0603-scaled.jpg\",\"keywords\":[\"CINEMA\",\"FILMAGEM\",\"FILME\",\"MAURICIO DE SOUZA\"],\"articleSection\":[\"Entretenimento\"],\"inLanguage\":\"pt-BR\",\"potentialAction\":[{\"@type\":\"CommentAction\",\"name\":\"Comment\",\"target\":[\"https:\\\/\\\/redenoticiaz.com.br\\\/litoralsp\\\/2022\\\/10\\\/08\\\/filme-sobre-a-vida-de-mauricio-de-sousa-tem-filmagens-iniciadas#respond\"]}]},{\"@type\":\"WebPage\",\"@id\":\"https:\\\/\\\/redenoticiaz.com.br\\\/litoralsp\\\/2022\\\/10\\\/08\\\/filme-sobre-a-vida-de-mauricio-de-sousa-tem-filmagens-iniciadas\",\"url\":\"https:\\\/\\\/redenoticiaz.com.br\\\/litoralsp\\\/2022\\\/10\\\/08\\\/filme-sobre-a-vida-de-mauricio-de-sousa-tem-filmagens-iniciadas\",\"name\":\"Filme sobre a vida de Mauricio de Sousa tem filmagens iniciadas - Litoral SP\",\"isPartOf\":{\"@id\":\"https:\\\/\\\/redenoticiaz.com.br\\\/litoralsp\\\/#website\"},\"primaryImageOfPage\":{\"@id\":\"https:\\\/\\\/redenoticiaz.com.br\\\/litoralsp\\\/2022\\\/10\\\/08\\\/filme-sobre-a-vida-de-mauricio-de-sousa-tem-filmagens-iniciadas#primaryimage\"},\"image\":{\"@id\":\"https:\\\/\\\/redenoticiaz.com.br\\\/litoralsp\\\/2022\\\/10\\\/08\\\/filme-sobre-a-vida-de-mauricio-de-sousa-tem-filmagens-iniciadas#primaryimage\"},\"thumbnailUrl\":\"https:\\\/\\\/redenoticiaz.com.br\\\/litoralsp\\\/wp-content\\\/uploads\\\/sites\\\/3\\\/2022\\\/10\\\/DSC_0603-scaled.jpg\",\"datePublished\":\"2022-10-08T11:00:49+00:00\",\"description\":\"Foram iniciadas as filmagens para o cinema da hist\u00f3ria de Mauricio de Sousa, uma produ\u00e7\u00e3o da\u00a0Focus Entretenimento\u00a0e\u00a0Boa Ideia Entretenimento.\",\"inLanguage\":\"pt-BR\",\"potentialAction\":[{\"@type\":\"ReadAction\",\"target\":[\"https:\\\/\\\/redenoticiaz.com.br\\\/litoralsp\\\/2022\\\/10\\\/08\\\/filme-sobre-a-vida-de-mauricio-de-sousa-tem-filmagens-iniciadas\"]}]},{\"@type\":\"ImageObject\",\"inLanguage\":\"pt-BR\",\"@id\":\"https:\\\/\\\/redenoticiaz.com.br\\\/litoralsp\\\/2022\\\/10\\\/08\\\/filme-sobre-a-vida-de-mauricio-de-sousa-tem-filmagens-iniciadas#primaryimage\",\"url\":\"https:\\\/\\\/redenoticiaz.com.br\\\/litoralsp\\\/wp-content\\\/uploads\\\/sites\\\/3\\\/2022\\\/10\\\/DSC_0603-scaled.jpg\",\"contentUrl\":\"https:\\\/\\\/redenoticiaz.com.br\\\/litoralsp\\\/wp-content\\\/uploads\\\/sites\\\/3\\\/2022\\\/10\\\/DSC_0603-scaled.jpg\",\"width\":1620,\"height\":1080,\"caption\":\"Grava\u00e7\u00f5es iniciadas do filme sobre a vida de Mauricio de Sousa. Cr\u00e9dito: Divulga\u00e7\u00e3o\"},{\"@type\":\"WebSite\",\"@id\":\"https:\\\/\\\/redenoticiaz.com.br\\\/litoralsp\\\/#website\",\"url\":\"https:\\\/\\\/redenoticiaz.com.br\\\/litoralsp\\\/\",\"name\":\"Litoral SP\",\"description\":\"Rede NoticiaZ\",\"publisher\":{\"@id\":\"https:\\\/\\\/redenoticiaz.com.br\\\/litoralsp\\\/#organization\"},\"potentialAction\":[{\"@type\":\"SearchAction\",\"target\":{\"@type\":\"EntryPoint\",\"urlTemplate\":\"https:\\\/\\\/redenoticiaz.com.br\\\/litoralsp\\\/?s={search_term_string}\"},\"query-input\":{\"@type\":\"PropertyValueSpecification\",\"valueRequired\":true,\"valueName\":\"search_term_string\"}}],\"inLanguage\":\"pt-BR\"},{\"@type\":\"Organization\",\"@id\":\"https:\\\/\\\/redenoticiaz.com.br\\\/litoralsp\\\/#organization\",\"name\":\"Litoral SP\",\"url\":\"https:\\\/\\\/redenoticiaz.com.br\\\/litoralsp\\\/\",\"logo\":{\"@type\":\"ImageObject\",\"inLanguage\":\"pt-BR\",\"@id\":\"https:\\\/\\\/redenoticiaz.com.br\\\/litoralsp\\\/#\\\/schema\\\/logo\\\/image\\\/\",\"url\":\"https:\\\/\\\/redenoticiaz.com.br\\\/litoralsp\\\/wp-content\\\/uploads\\\/sites\\\/3\\\/2020\\\/11\\\/logo.jpg\",\"contentUrl\":\"https:\\\/\\\/redenoticiaz.com.br\\\/litoralsp\\\/wp-content\\\/uploads\\\/sites\\\/3\\\/2020\\\/11\\\/logo.jpg\",\"width\":400,\"height\":250,\"caption\":\"Litoral SP\"},\"image\":{\"@id\":\"https:\\\/\\\/redenoticiaz.com.br\\\/litoralsp\\\/#\\\/schema\\\/logo\\\/image\\\/\"}},{\"@type\":\"Person\",\"@id\":\"\",\"url\":\"https:\\\/\\\/redenoticiaz.com.br\\\/litoralsp\\\/author\"}]}<\/script>\n<!-- \/ Yoast SEO plugin. -->","yoast_head_json":{"title":"Filme sobre a vida de Mauricio de Sousa tem filmagens iniciadas - Litoral SP","description":"Foram iniciadas as filmagens para o cinema da hist\u00f3ria de Mauricio de Sousa, uma produ\u00e7\u00e3o da\u00a0Focus Entretenimento\u00a0e\u00a0Boa Ideia Entretenimento.","robots":{"index":"index","follow":"follow","max-snippet":"max-snippet:-1","max-image-preview":"max-image-preview:large","max-video-preview":"max-video-preview:-1"},"canonical":"https:\/\/redenoticiaz.com.br\/litoralsp\/2022\/10\/08\/filme-sobre-a-vida-de-mauricio-de-sousa-tem-filmagens-iniciadas","og_locale":"pt_BR","og_type":"article","og_title":"Filme sobre a vida de Mauricio de Sousa tem filmagens iniciadas - Litoral SP","og_description":"Foram iniciadas as filmagens para o cinema da hist\u00f3ria de Mauricio de Sousa, uma produ\u00e7\u00e3o da\u00a0Focus Entretenimento\u00a0e\u00a0Boa Ideia Entretenimento.","og_url":"https:\/\/redenoticiaz.com.br\/litoralsp\/2022\/10\/08\/filme-sobre-a-vida-de-mauricio-de-sousa-tem-filmagens-iniciadas","og_site_name":"Litoral SP","article_published_time":"2022-10-08T11:00:49+00:00","og_image":[{"width":1620,"height":1080,"url":"https:\/\/redenoticiaz.com.br\/litoralsp\/wp-content\/uploads\/sites\/3\/2022\/10\/DSC_0603-scaled.jpg","type":"image\/jpeg"}],"twitter_card":"summary_large_image","twitter_misc":{"Escrito por":"","Est. tempo de leitura":"2 minutos"},"schema":{"@context":"https:\/\/schema.org","@graph":[{"@type":"Article","@id":"https:\/\/redenoticiaz.com.br\/litoralsp\/2022\/10\/08\/filme-sobre-a-vida-de-mauricio-de-sousa-tem-filmagens-iniciadas#article","isPartOf":{"@id":"https:\/\/redenoticiaz.com.br\/litoralsp\/2022\/10\/08\/filme-sobre-a-vida-de-mauricio-de-sousa-tem-filmagens-iniciadas"},"author":{"name":"","@id":""},"headline":"Filme sobre a vida de Mauricio de Sousa tem filmagens iniciadas","datePublished":"2022-10-08T11:00:49+00:00","mainEntityOfPage":{"@id":"https:\/\/redenoticiaz.com.br\/litoralsp\/2022\/10\/08\/filme-sobre-a-vida-de-mauricio-de-sousa-tem-filmagens-iniciadas"},"wordCount":289,"commentCount":0,"publisher":{"@id":"https:\/\/redenoticiaz.com.br\/litoralsp\/#organization"},"image":{"@id":"https:\/\/redenoticiaz.com.br\/litoralsp\/2022\/10\/08\/filme-sobre-a-vida-de-mauricio-de-sousa-tem-filmagens-iniciadas#primaryimage"},"thumbnailUrl":"https:\/\/redenoticiaz.com.br\/litoralsp\/wp-content\/uploads\/sites\/3\/2022\/10\/DSC_0603-scaled.jpg","keywords":["CINEMA","FILMAGEM","FILME","MAURICIO DE SOUZA"],"articleSection":["Entretenimento"],"inLanguage":"pt-BR","potentialAction":[{"@type":"CommentAction","name":"Comment","target":["https:\/\/redenoticiaz.com.br\/litoralsp\/2022\/10\/08\/filme-sobre-a-vida-de-mauricio-de-sousa-tem-filmagens-iniciadas#respond"]}]},{"@type":"WebPage","@id":"https:\/\/redenoticiaz.com.br\/litoralsp\/2022\/10\/08\/filme-sobre-a-vida-de-mauricio-de-sousa-tem-filmagens-iniciadas","url":"https:\/\/redenoticiaz.com.br\/litoralsp\/2022\/10\/08\/filme-sobre-a-vida-de-mauricio-de-sousa-tem-filmagens-iniciadas","name":"Filme sobre a vida de Mauricio de Sousa tem filmagens iniciadas - Litoral SP","isPartOf":{"@id":"https:\/\/redenoticiaz.com.br\/litoralsp\/#website"},"primaryImageOfPage":{"@id":"https:\/\/redenoticiaz.com.br\/litoralsp\/2022\/10\/08\/filme-sobre-a-vida-de-mauricio-de-sousa-tem-filmagens-iniciadas#primaryimage"},"image":{"@id":"https:\/\/redenoticiaz.com.br\/litoralsp\/2022\/10\/08\/filme-sobre-a-vida-de-mauricio-de-sousa-tem-filmagens-iniciadas#primaryimage"},"thumbnailUrl":"https:\/\/redenoticiaz.com.br\/litoralsp\/wp-content\/uploads\/sites\/3\/2022\/10\/DSC_0603-scaled.jpg","datePublished":"2022-10-08T11:00:49+00:00","description":"Foram iniciadas as filmagens para o cinema da hist\u00f3ria de Mauricio de Sousa, uma produ\u00e7\u00e3o da\u00a0Focus Entretenimento\u00a0e\u00a0Boa Ideia Entretenimento.","inLanguage":"pt-BR","potentialAction":[{"@type":"ReadAction","target":["https:\/\/redenoticiaz.com.br\/litoralsp\/2022\/10\/08\/filme-sobre-a-vida-de-mauricio-de-sousa-tem-filmagens-iniciadas"]}]},{"@type":"ImageObject","inLanguage":"pt-BR","@id":"https:\/\/redenoticiaz.com.br\/litoralsp\/2022\/10\/08\/filme-sobre-a-vida-de-mauricio-de-sousa-tem-filmagens-iniciadas#primaryimage","url":"https:\/\/redenoticiaz.com.br\/litoralsp\/wp-content\/uploads\/sites\/3\/2022\/10\/DSC_0603-scaled.jpg","contentUrl":"https:\/\/redenoticiaz.com.br\/litoralsp\/wp-content\/uploads\/sites\/3\/2022\/10\/DSC_0603-scaled.jpg","width":1620,"height":1080,"caption":"Grava\u00e7\u00f5es iniciadas do filme sobre a vida de Mauricio de Sousa. Cr\u00e9dito: Divulga\u00e7\u00e3o"},{"@type":"WebSite","@id":"https:\/\/redenoticiaz.com.br\/litoralsp\/#website","url":"https:\/\/redenoticiaz.com.br\/litoralsp\/","name":"Litoral SP","description":"Rede NoticiaZ","publisher":{"@id":"https:\/\/redenoticiaz.com.br\/litoralsp\/#organization"},"potentialAction":[{"@type":"SearchAction","target":{"@type":"EntryPoint","urlTemplate":"https:\/\/redenoticiaz.com.br\/litoralsp\/?s={search_term_string}"},"query-input":{"@type":"PropertyValueSpecification","valueRequired":true,"valueName":"search_term_string"}}],"inLanguage":"pt-BR"},{"@type":"Organization","@id":"https:\/\/redenoticiaz.com.br\/litoralsp\/#organization","name":"Litoral SP","url":"https:\/\/redenoticiaz.com.br\/litoralsp\/","logo":{"@type":"ImageObject","inLanguage":"pt-BR","@id":"https:\/\/redenoticiaz.com.br\/litoralsp\/#\/schema\/logo\/image\/","url":"https:\/\/redenoticiaz.com.br\/litoralsp\/wp-content\/uploads\/sites\/3\/2020\/11\/logo.jpg","contentUrl":"https:\/\/redenoticiaz.com.br\/litoralsp\/wp-content\/uploads\/sites\/3\/2020\/11\/logo.jpg","width":400,"height":250,"caption":"Litoral SP"},"image":{"@id":"https:\/\/redenoticiaz.com.br\/litoralsp\/#\/schema\/logo\/image\/"}},{"@type":"Person","@id":"","url":"https:\/\/redenoticiaz.com.br\/litoralsp\/author"}]}},"_links":{"self":[{"href":"https:\/\/redenoticiaz.com.br\/litoralsp\/wp-json\/wp\/v2\/posts\/92597","targetHints":{"allow":["GET"]}}],"collection":[{"href":"https:\/\/redenoticiaz.com.br\/litoralsp\/wp-json\/wp\/v2\/posts"}],"about":[{"href":"https:\/\/redenoticiaz.com.br\/litoralsp\/wp-json\/wp\/v2\/types\/post"}],"author":[{"embeddable":true,"href":"https:\/\/redenoticiaz.com.br\/litoralsp\/wp-json\/wp\/v2\/users\/15"}],"replies":[{"embeddable":true,"href":"https:\/\/redenoticiaz.com.br\/litoralsp\/wp-json\/wp\/v2\/comments?post=92597"}],"version-history":[{"count":1,"href":"https:\/\/redenoticiaz.com.br\/litoralsp\/wp-json\/wp\/v2\/posts\/92597\/revisions"}],"predecessor-version":[{"id":92600,"href":"https:\/\/redenoticiaz.com.br\/litoralsp\/wp-json\/wp\/v2\/posts\/92597\/revisions\/92600"}],"wp:featuredmedia":[{"embeddable":true,"href":"https:\/\/redenoticiaz.com.br\/litoralsp\/wp-json\/wp\/v2\/media\/92598"}],"wp:attachment":[{"href":"https:\/\/redenoticiaz.com.br\/litoralsp\/wp-json\/wp\/v2\/media?parent=92597"}],"wp:term":[{"taxonomy":"category","embeddable":true,"href":"https:\/\/redenoticiaz.com.br\/litoralsp\/wp-json\/wp\/v2\/categories?post=92597"},{"taxonomy":"post_tag","embeddable":true,"href":"https:\/\/redenoticiaz.com.br\/litoralsp\/wp-json\/wp\/v2\/tags?post=92597"}],"curies":[{"name":"wp","href":"https:\/\/api.w.org\/{rel}","templated":true}]}}