{"id":92761,"date":"2022-10-05T23:46:01","date_gmt":"2022-10-06T02:46:01","guid":{"rendered":"https:\/\/redenoticiaz.com.br\/litoralsp\/2022\/10\/05\/santos-perde-na-vila-para-o-atletico-mg-e-liga-o-sinal-de-alerta"},"modified":"2022-10-05T23:46:01","modified_gmt":"2022-10-06T02:46:01","slug":"santos-perde-na-vila-para-o-atletico-mg-e-liga-o-sinal-de-alerta","status":"publish","type":"post","link":"https:\/\/redenoticiaz.com.br\/litoralsp\/2022\/10\/05\/santos-perde-na-vila-para-o-atletico-mg-e-liga-o-sinal-de-alerta","title":{"rendered":"Santos perde na Vila para o Atl\u00e9tico-MG e liga o sinal de alerta"},"content":{"rendered":"<p>Mais uma vez o Santos volta a ter o sinal amarelo ligado no Campeonato Brasileiro em rela\u00e7\u00e3o a zona do rebaixamento. Mesmo atuando na Vila Belmiro, o Peixe perdeu muitas chances de gol, acabou sendo vencido pelo Atl\u00e9tico-MG por <strong>2 a 1<\/strong> e v\u00ea o Z4 no retrovisor.<\/p>\n<p>O primeiro tempo, assim como todo o jogo foi bem animado e com chances para os dois lados. Logo nos primeiros minutos, o Santos veio pra cima <span class=\"sc-eJoaVz etUUWk\">com Marcos Leonardo perdendo um gol incr\u00edvel logo aos quatro minutos de jogo. Ap\u00f3s cruzamento de Soteldo, o atacante, sozinho, cabeceou errado e mandou a bola longe do gol. Mais adiante, Marcos Leonardo desperdi\u00e7ou outra chance na pequena \u00e1rea. Dessa vez, Everson defendeu.<\/span><\/p>\n<p><span class=\"sc-eJoaVz etUUWk\"> O Atl\u00e9tico-MG, por sua vez, demorou a chegar com perigo ao ataque. Somente aos 25 minutos, em chute de Pav\u00f3n, foi que Jo\u00e3o Paulo, com grande defesa, teve trabalho. No mais, o Santos foi que teve mais oportunidades. Marcos Leonardo, por exemplo, teve outras duas boas chances. Parou em Everson em ambas. Felipe Jonatan tamb\u00e9m levou perigo em chute cruzado. A nota ruim para o Peixe foi a sa\u00edda de Soteldo com dores na coxa direita. Ele deu lugar a Lucas Braga.<\/span><\/p>\n<p>Na etapa final, o Santos seguiu pressionando e perdendo chances, com Carlos S\u00e1nchez e Lucas Braga e Felipe Jonatan. A\u00ed aquele velho ditado apareceu: &#8220;quem n\u00e3o faz&#8230;&#8221; Aos 26 minutos, <span class=\"sc-eJoaVz etUUWk\">ap\u00f3s falha de Felipe Jonatan, Guga aproveitou o vacilo do advers\u00e1rio e tocou para Hulk bater colocado e colocar o Galo em vantagem. <\/span><\/p>\n<p><span class=\"sc-eJoaVz etUUWk\">O Santos n\u00e3o se intimidou e aos 32, a bola caiu nos p\u00e9s de Marcos Leonardo. Mas o atacante, em m\u00e1 fase, e parou novamente em boa defesa de Everson. S\u00f3 que o futebol proporciona a reden\u00e7\u00e3o rapidamente. Aos 39, J\u00fanior Alonso cometeu p\u00eanalti em \u00c2ngelo. Na cobran\u00e7a, aos 42, Marcos Leonardo desencantou e empatou. <\/span><\/p>\n<p><span class=\"sc-eJoaVz etUUWk\">S\u00f3 que na reposi\u00e7\u00e3o de jogo, Nathan fez falta em Nacho na grande \u00e1rea. P\u00eanalti para o Atl\u00e9tico-MG e cart\u00e3o vermelho para o santista. Na batida, Jo\u00e3o Paulo chegou a defender a cobran\u00e7a, mas a bola foi para tr\u00e1s e entrou. Vit\u00f3ria do Galo.<\/span><\/p>\n<h3>E agora?<\/h3>\n<p><span class=\"sc-eJoaVz etUUWk\">Com essa vit\u00f3ria, o Atl\u00e9tico-MG foi a 46 pontos e manteve a s\u00e9tima coloca\u00e7\u00e3o, a dois pontos do Athletico-PR, que abre o G-6. O Peixe, com 37, est\u00e1 em 13\u00ba, a sete pontos da zona do rebaixamento, mas ainda pode perder posi\u00e7\u00e3o at\u00e9 o fim da rodada.<\/span><\/p>\n<p><span class=\"sc-eJoaVz etUUWk\">Na pr\u00f3xima rodada, o Atl\u00e9tico-MG joga no domingo, \u00e0s 18h, contra o Cear\u00e1, no Mineir\u00e3o, em Belo Horizonte. O Santos volta a campo somente na segunda-feira, \u00e0s 20h, contra o Juventude, novamente na Vila Belmiro.<\/span><\/p>\n<p><strong>LEIA TAMB\u00c9M<\/strong><\/p>\n<p><a href=\"https:\/\/redenoticiaz.com.br\/blog\/2022\/10\/05\/bragantino-bate-o-cuiaba-e-encerra-com-a-sequencia-negativa-sem-vitorias-no-brasileirao\">Bragantino bate o Cuiab\u00e1 e encerra com a sequ\u00eancia negativa sem vit\u00f3rias no Brasileir\u00e3o<\/a><\/p>\n","protected":false},"excerpt":{"rendered":"<p>Mais uma vez o Santos volta a ter o sinal amarelo ligado no Campeonato Brasileiro em rela\u00e7\u00e3o a zona do rebaixamento. Mesmo atuando na Vila Belmiro, o Peixe perdeu muitas chances de gol, acabou sendo vencido pelo Atl\u00e9tico-MG por 2 a 1 e v\u00ea o Z4 no retrovisor. O primeiro tempo, assim como todo o &hellip;<\/p>\n","protected":false},"author":6,"featured_media":92762,"comment_status":"open","ping_status":"closed","sticky":false,"template":"","format":"standard","meta":{"footnotes":""},"categories":[35],"tags":[19841,53518,3088,39,6429],"class_list":["post-92761","post","type-post","status-publish","format-standard","has-post-thumbnail","hentry","category-esporte","tag-atletico-mg","tag-brasileirao-2022","tag-campeonato-brasileiro","tag-santos-fc","tag-vila-belmiro"],"yoast_head":"<!-- This site is optimized with the Yoast SEO plugin v27.5 - https:\/\/yoast.com\/product\/yoast-seo-wordpress\/ -->\n<title>Santos perde na Vila para o Atl\u00e9tico-MG e liga o sinal de alerta - Litoral SP<\/title>\n<meta name=\"robots\" content=\"index, follow, max-snippet:-1, max-image-preview:large, max-video-preview:-1\" \/>\n<link rel=\"canonical\" href=\"https:\/\/redenoticiaz.com.br\/litoralsp\/2022\/10\/05\/santos-perde-na-vila-para-o-atletico-mg-e-liga-o-sinal-de-alerta\" \/>\n<meta property=\"og:locale\" content=\"pt_BR\" \/>\n<meta property=\"og:type\" content=\"article\" \/>\n<meta property=\"og:title\" content=\"Santos perde na Vila para o Atl\u00e9tico-MG e liga o sinal de alerta - Litoral SP\" \/>\n<meta property=\"og:description\" content=\"Mais uma vez o Santos volta a ter o sinal amarelo ligado no Campeonato Brasileiro em rela\u00e7\u00e3o a zona do rebaixamento. Mesmo atuando na Vila Belmiro, o Peixe perdeu muitas chances de gol, acabou sendo vencido pelo Atl\u00e9tico-MG por 2 a 1 e v\u00ea o Z4 no retrovisor. O primeiro tempo, assim como todo o &hellip;\" \/>\n<meta property=\"og:url\" content=\"https:\/\/redenoticiaz.com.br\/litoralsp\/2022\/10\/05\/santos-perde-na-vila-para-o-atletico-mg-e-liga-o-sinal-de-alerta\" \/>\n<meta property=\"og:site_name\" content=\"Litoral SP\" \/>\n<meta property=\"article:published_time\" content=\"2022-10-06T02:46:01+00:00\" \/>\n<meta name=\"author\" content=\"Leonardo Francisco\" \/>\n<meta name=\"twitter:card\" content=\"summary_large_image\" \/>\n<meta name=\"twitter:label1\" content=\"Escrito por\" \/>\n\t<meta name=\"twitter:data1\" content=\"Leonardo Francisco\" \/>\n\t<meta name=\"twitter:label2\" content=\"Est. tempo de leitura\" \/>\n\t<meta name=\"twitter:data2\" content=\"2 minutos\" \/>\n<script type=\"application\/ld+json\" class=\"yoast-schema-graph\">{\"@context\":\"https:\\\/\\\/schema.org\",\"@graph\":[{\"@type\":\"Article\",\"@id\":\"https:\\\/\\\/redenoticiaz.com.br\\\/litoralsp\\\/2022\\\/10\\\/05\\\/santos-perde-na-vila-para-o-atletico-mg-e-liga-o-sinal-de-alerta#article\",\"isPartOf\":{\"@id\":\"https:\\\/\\\/redenoticiaz.com.br\\\/litoralsp\\\/2022\\\/10\\\/05\\\/santos-perde-na-vila-para-o-atletico-mg-e-liga-o-sinal-de-alerta\"},\"author\":{\"name\":\"Leonardo Francisco\",\"@id\":\"https:\\\/\\\/redenoticiaz.com.br\\\/litoralsp\\\/#\\\/schema\\\/person\\\/0f0b8a5bdafefe82841e07ae8d81ecb3\"},\"headline\":\"Santos perde na Vila para o Atl\u00e9tico-MG e liga o sinal de alerta\",\"datePublished\":\"2022-10-06T02:46:01+00:00\",\"mainEntityOfPage\":{\"@id\":\"https:\\\/\\\/redenoticiaz.com.br\\\/litoralsp\\\/2022\\\/10\\\/05\\\/santos-perde-na-vila-para-o-atletico-mg-e-liga-o-sinal-de-alerta\"},\"wordCount\":496,\"commentCount\":0,\"publisher\":{\"@id\":\"https:\\\/\\\/redenoticiaz.com.br\\\/litoralsp\\\/#organization\"},\"image\":{\"@id\":\"https:\\\/\\\/redenoticiaz.com.br\\\/litoralsp\\\/2022\\\/10\\\/05\\\/santos-perde-na-vila-para-o-atletico-mg-e-liga-o-sinal-de-alerta#primaryimage\"},\"thumbnailUrl\":\"https:\\\/\\\/redenoticiaz.com.br\\\/litoralsp\\\/wp-content\\\/uploads\\\/sites\\\/3\\\/2022\\\/10\\\/SFCXCAM.jpg?v=1665024306\",\"keywords\":[\"ATL\u00c9TICO-MG\",\"BRASILEIR\u00c3O 2022\",\"CAMPEONATO BRASILEIRO\",\"Santos FC\",\"Vila Belmiro\"],\"articleSection\":[\"Esporte\"],\"inLanguage\":\"pt-BR\",\"potentialAction\":[{\"@type\":\"CommentAction\",\"name\":\"Comment\",\"target\":[\"https:\\\/\\\/redenoticiaz.com.br\\\/litoralsp\\\/2022\\\/10\\\/05\\\/santos-perde-na-vila-para-o-atletico-mg-e-liga-o-sinal-de-alerta#respond\"]}]},{\"@type\":\"WebPage\",\"@id\":\"https:\\\/\\\/redenoticiaz.com.br\\\/litoralsp\\\/2022\\\/10\\\/05\\\/santos-perde-na-vila-para-o-atletico-mg-e-liga-o-sinal-de-alerta\",\"url\":\"https:\\\/\\\/redenoticiaz.com.br\\\/litoralsp\\\/2022\\\/10\\\/05\\\/santos-perde-na-vila-para-o-atletico-mg-e-liga-o-sinal-de-alerta\",\"name\":\"Santos perde na Vila para o Atl\u00e9tico-MG e liga o sinal de alerta - Litoral SP\",\"isPartOf\":{\"@id\":\"https:\\\/\\\/redenoticiaz.com.br\\\/litoralsp\\\/#website\"},\"primaryImageOfPage\":{\"@id\":\"https:\\\/\\\/redenoticiaz.com.br\\\/litoralsp\\\/2022\\\/10\\\/05\\\/santos-perde-na-vila-para-o-atletico-mg-e-liga-o-sinal-de-alerta#primaryimage\"},\"image\":{\"@id\":\"https:\\\/\\\/redenoticiaz.com.br\\\/litoralsp\\\/2022\\\/10\\\/05\\\/santos-perde-na-vila-para-o-atletico-mg-e-liga-o-sinal-de-alerta#primaryimage\"},\"thumbnailUrl\":\"https:\\\/\\\/redenoticiaz.com.br\\\/litoralsp\\\/wp-content\\\/uploads\\\/sites\\\/3\\\/2022\\\/10\\\/SFCXCAM.jpg?v=1665024306\",\"datePublished\":\"2022-10-06T02:46:01+00:00\",\"inLanguage\":\"pt-BR\",\"potentialAction\":[{\"@type\":\"ReadAction\",\"target\":[\"https:\\\/\\\/redenoticiaz.com.br\\\/litoralsp\\\/2022\\\/10\\\/05\\\/santos-perde-na-vila-para-o-atletico-mg-e-liga-o-sinal-de-alerta\"]}]},{\"@type\":\"ImageObject\",\"inLanguage\":\"pt-BR\",\"@id\":\"https:\\\/\\\/redenoticiaz.com.br\\\/litoralsp\\\/2022\\\/10\\\/05\\\/santos-perde-na-vila-para-o-atletico-mg-e-liga-o-sinal-de-alerta#primaryimage\",\"url\":\"https:\\\/\\\/redenoticiaz.com.br\\\/litoralsp\\\/wp-content\\\/uploads\\\/sites\\\/3\\\/2022\\\/10\\\/SFCXCAM.jpg?v=1665024306\",\"contentUrl\":\"https:\\\/\\\/redenoticiaz.com.br\\\/litoralsp\\\/wp-content\\\/uploads\\\/sites\\\/3\\\/2022\\\/10\\\/SFCXCAM.jpg?v=1665024306\",\"width\":541,\"height\":311,\"caption\":\"Cr\u00e9ditos: Divulga\u00e7\u00e3o\\\/AGIF\"},{\"@type\":\"WebSite\",\"@id\":\"https:\\\/\\\/redenoticiaz.com.br\\\/litoralsp\\\/#website\",\"url\":\"https:\\\/\\\/redenoticiaz.com.br\\\/litoralsp\\\/\",\"name\":\"Litoral SP\",\"description\":\"Rede NoticiaZ\",\"publisher\":{\"@id\":\"https:\\\/\\\/redenoticiaz.com.br\\\/litoralsp\\\/#organization\"},\"potentialAction\":[{\"@type\":\"SearchAction\",\"target\":{\"@type\":\"EntryPoint\",\"urlTemplate\":\"https:\\\/\\\/redenoticiaz.com.br\\\/litoralsp\\\/?s={search_term_string}\"},\"query-input\":{\"@type\":\"PropertyValueSpecification\",\"valueRequired\":true,\"valueName\":\"search_term_string\"}}],\"inLanguage\":\"pt-BR\"},{\"@type\":\"Organization\",\"@id\":\"https:\\\/\\\/redenoticiaz.com.br\\\/litoralsp\\\/#organization\",\"name\":\"Litoral SP\",\"url\":\"https:\\\/\\\/redenoticiaz.com.br\\\/litoralsp\\\/\",\"logo\":{\"@type\":\"ImageObject\",\"inLanguage\":\"pt-BR\",\"@id\":\"https:\\\/\\\/redenoticiaz.com.br\\\/litoralsp\\\/#\\\/schema\\\/logo\\\/image\\\/\",\"url\":\"https:\\\/\\\/redenoticiaz.com.br\\\/litoralsp\\\/wp-content\\\/uploads\\\/sites\\\/3\\\/2020\\\/11\\\/logo.jpg\",\"contentUrl\":\"https:\\\/\\\/redenoticiaz.com.br\\\/litoralsp\\\/wp-content\\\/uploads\\\/sites\\\/3\\\/2020\\\/11\\\/logo.jpg\",\"width\":400,\"height\":250,\"caption\":\"Litoral SP\"},\"image\":{\"@id\":\"https:\\\/\\\/redenoticiaz.com.br\\\/litoralsp\\\/#\\\/schema\\\/logo\\\/image\\\/\"}},{\"@type\":\"Person\",\"@id\":\"https:\\\/\\\/redenoticiaz.com.br\\\/litoralsp\\\/#\\\/schema\\\/person\\\/0f0b8a5bdafefe82841e07ae8d81ecb3\",\"name\":\"Leonardo Francisco\",\"image\":{\"@type\":\"ImageObject\",\"inLanguage\":\"pt-BR\",\"@id\":\"https:\\\/\\\/secure.gravatar.com\\\/avatar\\\/a7358cb406a99b682ec6df1e77e31ae82e63601f6784e8a3df411d72b37864da?s=96&d=mm&r=g\",\"url\":\"https:\\\/\\\/secure.gravatar.com\\\/avatar\\\/a7358cb406a99b682ec6df1e77e31ae82e63601f6784e8a3df411d72b37864da?s=96&d=mm&r=g\",\"contentUrl\":\"https:\\\/\\\/secure.gravatar.com\\\/avatar\\\/a7358cb406a99b682ec6df1e77e31ae82e63601f6784e8a3df411d72b37864da?s=96&d=mm&r=g\",\"caption\":\"Leonardo Francisco\"},\"url\":\"https:\\\/\\\/redenoticiaz.com.br\\\/litoralsp\\\/author\\\/leonardo-francisco\"}]}<\/script>\n<!-- \/ Yoast SEO plugin. -->","yoast_head_json":{"title":"Santos perde na Vila para o Atl\u00e9tico-MG e liga o sinal de alerta - Litoral SP","robots":{"index":"index","follow":"follow","max-snippet":"max-snippet:-1","max-image-preview":"max-image-preview:large","max-video-preview":"max-video-preview:-1"},"canonical":"https:\/\/redenoticiaz.com.br\/litoralsp\/2022\/10\/05\/santos-perde-na-vila-para-o-atletico-mg-e-liga-o-sinal-de-alerta","og_locale":"pt_BR","og_type":"article","og_title":"Santos perde na Vila para o Atl\u00e9tico-MG e liga o sinal de alerta - Litoral SP","og_description":"Mais uma vez o Santos volta a ter o sinal amarelo ligado no Campeonato Brasileiro em rela\u00e7\u00e3o a zona do rebaixamento. Mesmo atuando na Vila Belmiro, o Peixe perdeu muitas chances de gol, acabou sendo vencido pelo Atl\u00e9tico-MG por 2 a 1 e v\u00ea o Z4 no retrovisor. O primeiro tempo, assim como todo o &hellip;","og_url":"https:\/\/redenoticiaz.com.br\/litoralsp\/2022\/10\/05\/santos-perde-na-vila-para-o-atletico-mg-e-liga-o-sinal-de-alerta","og_site_name":"Litoral SP","article_published_time":"2022-10-06T02:46:01+00:00","author":"Leonardo Francisco","twitter_card":"summary_large_image","twitter_misc":{"Escrito por":"Leonardo Francisco","Est. tempo de leitura":"2 minutos"},"schema":{"@context":"https:\/\/schema.org","@graph":[{"@type":"Article","@id":"https:\/\/redenoticiaz.com.br\/litoralsp\/2022\/10\/05\/santos-perde-na-vila-para-o-atletico-mg-e-liga-o-sinal-de-alerta#article","isPartOf":{"@id":"https:\/\/redenoticiaz.com.br\/litoralsp\/2022\/10\/05\/santos-perde-na-vila-para-o-atletico-mg-e-liga-o-sinal-de-alerta"},"author":{"name":"Leonardo Francisco","@id":"https:\/\/redenoticiaz.com.br\/litoralsp\/#\/schema\/person\/0f0b8a5bdafefe82841e07ae8d81ecb3"},"headline":"Santos perde na Vila para o Atl\u00e9tico-MG e liga o sinal de alerta","datePublished":"2022-10-06T02:46:01+00:00","mainEntityOfPage":{"@id":"https:\/\/redenoticiaz.com.br\/litoralsp\/2022\/10\/05\/santos-perde-na-vila-para-o-atletico-mg-e-liga-o-sinal-de-alerta"},"wordCount":496,"commentCount":0,"publisher":{"@id":"https:\/\/redenoticiaz.com.br\/litoralsp\/#organization"},"image":{"@id":"https:\/\/redenoticiaz.com.br\/litoralsp\/2022\/10\/05\/santos-perde-na-vila-para-o-atletico-mg-e-liga-o-sinal-de-alerta#primaryimage"},"thumbnailUrl":"https:\/\/redenoticiaz.com.br\/litoralsp\/wp-content\/uploads\/sites\/3\/2022\/10\/SFCXCAM.jpg?v=1665024306","keywords":["ATL\u00c9TICO-MG","BRASILEIR\u00c3O 2022","CAMPEONATO BRASILEIRO","Santos FC","Vila Belmiro"],"articleSection":["Esporte"],"inLanguage":"pt-BR","potentialAction":[{"@type":"CommentAction","name":"Comment","target":["https:\/\/redenoticiaz.com.br\/litoralsp\/2022\/10\/05\/santos-perde-na-vila-para-o-atletico-mg-e-liga-o-sinal-de-alerta#respond"]}]},{"@type":"WebPage","@id":"https:\/\/redenoticiaz.com.br\/litoralsp\/2022\/10\/05\/santos-perde-na-vila-para-o-atletico-mg-e-liga-o-sinal-de-alerta","url":"https:\/\/redenoticiaz.com.br\/litoralsp\/2022\/10\/05\/santos-perde-na-vila-para-o-atletico-mg-e-liga-o-sinal-de-alerta","name":"Santos perde na Vila para o Atl\u00e9tico-MG e liga o sinal de alerta - Litoral SP","isPartOf":{"@id":"https:\/\/redenoticiaz.com.br\/litoralsp\/#website"},"primaryImageOfPage":{"@id":"https:\/\/redenoticiaz.com.br\/litoralsp\/2022\/10\/05\/santos-perde-na-vila-para-o-atletico-mg-e-liga-o-sinal-de-alerta#primaryimage"},"image":{"@id":"https:\/\/redenoticiaz.com.br\/litoralsp\/2022\/10\/05\/santos-perde-na-vila-para-o-atletico-mg-e-liga-o-sinal-de-alerta#primaryimage"},"thumbnailUrl":"https:\/\/redenoticiaz.com.br\/litoralsp\/wp-content\/uploads\/sites\/3\/2022\/10\/SFCXCAM.jpg?v=1665024306","datePublished":"2022-10-06T02:46:01+00:00","inLanguage":"pt-BR","potentialAction":[{"@type":"ReadAction","target":["https:\/\/redenoticiaz.com.br\/litoralsp\/2022\/10\/05\/santos-perde-na-vila-para-o-atletico-mg-e-liga-o-sinal-de-alerta"]}]},{"@type":"ImageObject","inLanguage":"pt-BR","@id":"https:\/\/redenoticiaz.com.br\/litoralsp\/2022\/10\/05\/santos-perde-na-vila-para-o-atletico-mg-e-liga-o-sinal-de-alerta#primaryimage","url":"https:\/\/redenoticiaz.com.br\/litoralsp\/wp-content\/uploads\/sites\/3\/2022\/10\/SFCXCAM.jpg?v=1665024306","contentUrl":"https:\/\/redenoticiaz.com.br\/litoralsp\/wp-content\/uploads\/sites\/3\/2022\/10\/SFCXCAM.jpg?v=1665024306","width":541,"height":311,"caption":"Cr\u00e9ditos: Divulga\u00e7\u00e3o\/AGIF"},{"@type":"WebSite","@id":"https:\/\/redenoticiaz.com.br\/litoralsp\/#website","url":"https:\/\/redenoticiaz.com.br\/litoralsp\/","name":"Litoral SP","description":"Rede NoticiaZ","publisher":{"@id":"https:\/\/redenoticiaz.com.br\/litoralsp\/#organization"},"potentialAction":[{"@type":"SearchAction","target":{"@type":"EntryPoint","urlTemplate":"https:\/\/redenoticiaz.com.br\/litoralsp\/?s={search_term_string}"},"query-input":{"@type":"PropertyValueSpecification","valueRequired":true,"valueName":"search_term_string"}}],"inLanguage":"pt-BR"},{"@type":"Organization","@id":"https:\/\/redenoticiaz.com.br\/litoralsp\/#organization","name":"Litoral SP","url":"https:\/\/redenoticiaz.com.br\/litoralsp\/","logo":{"@type":"ImageObject","inLanguage":"pt-BR","@id":"https:\/\/redenoticiaz.com.br\/litoralsp\/#\/schema\/logo\/image\/","url":"https:\/\/redenoticiaz.com.br\/litoralsp\/wp-content\/uploads\/sites\/3\/2020\/11\/logo.jpg","contentUrl":"https:\/\/redenoticiaz.com.br\/litoralsp\/wp-content\/uploads\/sites\/3\/2020\/11\/logo.jpg","width":400,"height":250,"caption":"Litoral SP"},"image":{"@id":"https:\/\/redenoticiaz.com.br\/litoralsp\/#\/schema\/logo\/image\/"}},{"@type":"Person","@id":"https:\/\/redenoticiaz.com.br\/litoralsp\/#\/schema\/person\/0f0b8a5bdafefe82841e07ae8d81ecb3","name":"Leonardo Francisco","image":{"@type":"ImageObject","inLanguage":"pt-BR","@id":"https:\/\/secure.gravatar.com\/avatar\/a7358cb406a99b682ec6df1e77e31ae82e63601f6784e8a3df411d72b37864da?s=96&d=mm&r=g","url":"https:\/\/secure.gravatar.com\/avatar\/a7358cb406a99b682ec6df1e77e31ae82e63601f6784e8a3df411d72b37864da?s=96&d=mm&r=g","contentUrl":"https:\/\/secure.gravatar.com\/avatar\/a7358cb406a99b682ec6df1e77e31ae82e63601f6784e8a3df411d72b37864da?s=96&d=mm&r=g","caption":"Leonardo Francisco"},"url":"https:\/\/redenoticiaz.com.br\/litoralsp\/author\/leonardo-francisco"}]}},"_links":{"self":[{"href":"https:\/\/redenoticiaz.com.br\/litoralsp\/wp-json\/wp\/v2\/posts\/92761","targetHints":{"allow":["GET"]}}],"collection":[{"href":"https:\/\/redenoticiaz.com.br\/litoralsp\/wp-json\/wp\/v2\/posts"}],"about":[{"href":"https:\/\/redenoticiaz.com.br\/litoralsp\/wp-json\/wp\/v2\/types\/post"}],"author":[{"embeddable":true,"href":"https:\/\/redenoticiaz.com.br\/litoralsp\/wp-json\/wp\/v2\/users\/6"}],"replies":[{"embeddable":true,"href":"https:\/\/redenoticiaz.com.br\/litoralsp\/wp-json\/wp\/v2\/comments?post=92761"}],"version-history":[{"count":0,"href":"https:\/\/redenoticiaz.com.br\/litoralsp\/wp-json\/wp\/v2\/posts\/92761\/revisions"}],"wp:featuredmedia":[{"embeddable":true,"href":"https:\/\/redenoticiaz.com.br\/litoralsp\/wp-json\/wp\/v2\/media\/92762"}],"wp:attachment":[{"href":"https:\/\/redenoticiaz.com.br\/litoralsp\/wp-json\/wp\/v2\/media?parent=92761"}],"wp:term":[{"taxonomy":"category","embeddable":true,"href":"https:\/\/redenoticiaz.com.br\/litoralsp\/wp-json\/wp\/v2\/categories?post=92761"},{"taxonomy":"post_tag","embeddable":true,"href":"https:\/\/redenoticiaz.com.br\/litoralsp\/wp-json\/wp\/v2\/tags?post=92761"}],"curies":[{"name":"wp","href":"https:\/\/api.w.org\/{rel}","templated":true}]}}