{"id":9278,"date":"2021-05-28T18:16:45","date_gmt":"2021-05-28T21:16:45","guid":{"rendered":"https:\/\/redenoticiaz.com.br\/litoralsp\/?p=9278"},"modified":"2021-05-28T18:17:38","modified_gmt":"2021-05-28T21:17:38","slug":"homem-morre-numa-obra-em-santos","status":"publish","type":"post","link":"https:\/\/redenoticiaz.com.br\/litoralsp\/2021\/05\/28\/homem-morre-numa-obra-em-santos","title":{"rendered":"Homem morre numa obra em Santos"},"content":{"rendered":"<p>Um homem trabalhava numa <strong>obra<\/strong> de demoli\u00e7\u00e3o no Estu\u00e1rio, em <a href=\"https:\/\/www.santos.sp.gov.br\/\">Santos<\/a>. Ele foi atingido por uma pe\u00e7a e morreu no local. At\u00e9 o momento n\u00e3o se sabe o que atingiu a v\u00edtima e o caso \u00e9 investigado pela Pol\u00edcia Civil.<\/p>\n<p>Segundo informa\u00e7\u00f5es, o acidente ocorreu numa obra na Rua Ot\u00e1vio Corr\u00eaa. A Pol\u00edcia Militar foi acionada para atender a uma ocorr\u00eancia de acidente de trabalho, e quando chegou ao local, encontrou equipes do Servi\u00e7o de Atendimento M\u00f3vel de Urg\u00eancia (Samu) e do Corpo de Bombeiros. S\u00f3 que a v\u00edtima n\u00e3o chegou a ser socorrida, porque ela n\u00e3o resistiu aos ferimentos e morreu no local.<\/p>\n<div class=\"mc-column content-text active-extra-styles \" data-block-type=\"unstyled\" data-block-weight=\"65\" data-block-id=\"4\">\n<p class=\"content-text__container \" data-track-category=\"Link no Texto\" data-track-links=\"\">Em conversa com trabalhadores da obra, a PM foi informada de que a v\u00edtima estava atuando na parte inferior do im\u00f3vel, enquanto os colegas dele estavam descarregando os materiais da parte superior para a inferior. Momentos antes do acidente, os trabalhadores avisaram a quem estava no andar de baixo que iriam jogar uma pe\u00e7a grande. A v\u00edtima n\u00e3o ouviu o aviso e acabou sendo atingida.<\/p>\n<\/div>\n<div class=\"mc-column content-text active-extra-styles \" data-block-type=\"unstyled\" data-block-weight=\"38\" data-block-id=\"5\">\n<p class=\"content-text__container \" data-track-category=\"Link no Texto\" data-track-links=\"\">Equipes da per\u00edcia do Instituto de Criminal\u00edstica (IC) foram acionadas, e exames foram solicitados ao Instituto M\u00e9dico Legal (IML). O caso foi registrado como morte suspeita no 3\u00ba Distrito Policial de Santos, que investiga as circunst\u00e2ncias da ocorr\u00eancia.<\/p>\n<p data-track-category=\"Link no Texto\" data-track-links=\"\"><strong>LEIA TAMB\u00c9M<\/strong><\/p>\n<p data-track-category=\"Link no Texto\" data-track-links=\"\"><a href=\"https:\/\/redenoticiaz.com.br\/litoralsp\/2021\/05\/27\/carro-pega-fogo-e-fica-totalmente-destruido-no-guaruja\">Carro pega fogo e fica totalmente destru\u00eddo no Guaruj\u00e1<\/a><\/p>\n<\/div>\n","protected":false},"excerpt":{"rendered":"<p>Um homem trabalhava numa obra de demoli\u00e7\u00e3o no Estu\u00e1rio, em Santos. Ele foi atingido por uma pe\u00e7a e morreu no local. At\u00e9 o momento n\u00e3o se sabe o que atingiu a v\u00edtima e o caso \u00e9 investigado pela Pol\u00edcia Civil. Segundo informa\u00e7\u00f5es, o acidente ocorreu numa obra na Rua Ot\u00e1vio Corr\u00eaa. A Pol\u00edcia Militar foi &hellip;<\/p>\n","protected":false},"author":6,"featured_media":9279,"comment_status":"open","ping_status":"closed","sticky":false,"template":"","format":"standard","meta":{"footnotes":""},"categories":[1579,10,180],"tags":[23930,23929,10972,1762,1766,986],"class_list":["post-9278","post","type-post","status-publish","format-standard","has-post-thumbnail","hentry","category-obras","category-policia","category-santos","tag-estuario","tag-homem-morre-em-obra","tag-investigacao","tag-policia-civil","tag-policia-militar","tag-santos"],"yoast_head":"<!-- This site is optimized with the Yoast SEO plugin v27.5 - https:\/\/yoast.com\/product\/yoast-seo-wordpress\/ -->\n<title>Homem morre numa obra em Santos - Litoral SP<\/title>\n<meta name=\"description\" content=\"Um homem trabalhava numa obra de demoli\u00e7\u00e3o no Estu\u00e1rio, em Santos. Ele foi atingido por uma pe\u00e7a e morreu no local. At\u00e9 o momento\" \/>\n<meta name=\"robots\" content=\"index, follow, max-snippet:-1, max-image-preview:large, max-video-preview:-1\" \/>\n<link rel=\"canonical\" href=\"https:\/\/redenoticiaz.com.br\/litoralsp\/2021\/05\/28\/homem-morre-numa-obra-em-santos\" \/>\n<meta property=\"og:locale\" content=\"pt_BR\" \/>\n<meta property=\"og:type\" content=\"article\" \/>\n<meta property=\"og:title\" content=\"Homem morre numa obra em Santos - Litoral SP\" \/>\n<meta property=\"og:description\" content=\"Um homem trabalhava numa obra de demoli\u00e7\u00e3o no Estu\u00e1rio, em Santos. Ele foi atingido por uma pe\u00e7a e morreu no local. At\u00e9 o momento\" \/>\n<meta property=\"og:url\" content=\"https:\/\/redenoticiaz.com.br\/litoralsp\/2021\/05\/28\/homem-morre-numa-obra-em-santos\" \/>\n<meta property=\"og:site_name\" content=\"Litoral SP\" \/>\n<meta property=\"article:published_time\" content=\"2021-05-28T21:16:45+00:00\" \/>\n<meta property=\"article:modified_time\" content=\"2021-05-28T21:17:38+00:00\" \/>\n<meta property=\"og:image\" content=\"https:\/\/redenoticiaz.com.br\/litoralsp\/wp-content\/uploads\/sites\/3\/2021\/05\/3-dp-santos.jpeg\" \/>\n\t<meta property=\"og:image:width\" content=\"984\" \/>\n\t<meta property=\"og:image:height\" content=\"617\" \/>\n\t<meta property=\"og:image:type\" content=\"image\/jpeg\" \/>\n<meta name=\"author\" content=\"Leonardo Francisco\" \/>\n<meta name=\"twitter:card\" content=\"summary_large_image\" \/>\n<meta name=\"twitter:label1\" content=\"Escrito por\" \/>\n\t<meta name=\"twitter:data1\" content=\"Leonardo Francisco\" \/>\n\t<meta name=\"twitter:label2\" content=\"Est. tempo de leitura\" \/>\n\t<meta name=\"twitter:data2\" content=\"1 minuto\" \/>\n<script type=\"application\/ld+json\" class=\"yoast-schema-graph\">{\"@context\":\"https:\\\/\\\/schema.org\",\"@graph\":[{\"@type\":\"Article\",\"@id\":\"https:\\\/\\\/redenoticiaz.com.br\\\/litoralsp\\\/2021\\\/05\\\/28\\\/homem-morre-numa-obra-em-santos#article\",\"isPartOf\":{\"@id\":\"https:\\\/\\\/redenoticiaz.com.br\\\/litoralsp\\\/2021\\\/05\\\/28\\\/homem-morre-numa-obra-em-santos\"},\"author\":{\"name\":\"Leonardo Francisco\",\"@id\":\"https:\\\/\\\/redenoticiaz.com.br\\\/litoralsp\\\/#\\\/schema\\\/person\\\/0f0b8a5bdafefe82841e07ae8d81ecb3\"},\"headline\":\"Homem morre numa obra em Santos\",\"datePublished\":\"2021-05-28T21:16:45+00:00\",\"dateModified\":\"2021-05-28T21:17:38+00:00\",\"mainEntityOfPage\":{\"@id\":\"https:\\\/\\\/redenoticiaz.com.br\\\/litoralsp\\\/2021\\\/05\\\/28\\\/homem-morre-numa-obra-em-santos\"},\"wordCount\":251,\"commentCount\":0,\"publisher\":{\"@id\":\"https:\\\/\\\/redenoticiaz.com.br\\\/litoralsp\\\/#organization\"},\"image\":{\"@id\":\"https:\\\/\\\/redenoticiaz.com.br\\\/litoralsp\\\/2021\\\/05\\\/28\\\/homem-morre-numa-obra-em-santos#primaryimage\"},\"thumbnailUrl\":\"https:\\\/\\\/redenoticiaz.com.br\\\/litoralsp\\\/wp-content\\\/uploads\\\/sites\\\/3\\\/2021\\\/05\\\/3-dp-santos.jpeg\",\"keywords\":[\"ESTU\u00c1RIO\",\"HOMEM MORRE EM OBRA\",\"investiga\u00e7\u00e3o\",\"POL\u00cdCIA CIVIL\",\"policia militar\",\"Santos\"],\"articleSection\":[\"Obras\",\"Pol\u00edcia\",\"Santos\"],\"inLanguage\":\"pt-BR\",\"potentialAction\":[{\"@type\":\"CommentAction\",\"name\":\"Comment\",\"target\":[\"https:\\\/\\\/redenoticiaz.com.br\\\/litoralsp\\\/2021\\\/05\\\/28\\\/homem-morre-numa-obra-em-santos#respond\"]}]},{\"@type\":\"WebPage\",\"@id\":\"https:\\\/\\\/redenoticiaz.com.br\\\/litoralsp\\\/2021\\\/05\\\/28\\\/homem-morre-numa-obra-em-santos\",\"url\":\"https:\\\/\\\/redenoticiaz.com.br\\\/litoralsp\\\/2021\\\/05\\\/28\\\/homem-morre-numa-obra-em-santos\",\"name\":\"Homem morre numa obra em Santos - Litoral SP\",\"isPartOf\":{\"@id\":\"https:\\\/\\\/redenoticiaz.com.br\\\/litoralsp\\\/#website\"},\"primaryImageOfPage\":{\"@id\":\"https:\\\/\\\/redenoticiaz.com.br\\\/litoralsp\\\/2021\\\/05\\\/28\\\/homem-morre-numa-obra-em-santos#primaryimage\"},\"image\":{\"@id\":\"https:\\\/\\\/redenoticiaz.com.br\\\/litoralsp\\\/2021\\\/05\\\/28\\\/homem-morre-numa-obra-em-santos#primaryimage\"},\"thumbnailUrl\":\"https:\\\/\\\/redenoticiaz.com.br\\\/litoralsp\\\/wp-content\\\/uploads\\\/sites\\\/3\\\/2021\\\/05\\\/3-dp-santos.jpeg\",\"datePublished\":\"2021-05-28T21:16:45+00:00\",\"dateModified\":\"2021-05-28T21:17:38+00:00\",\"description\":\"Um homem trabalhava numa obra de demoli\u00e7\u00e3o no Estu\u00e1rio, em Santos. Ele foi atingido por uma pe\u00e7a e morreu no local. At\u00e9 o momento\",\"inLanguage\":\"pt-BR\",\"potentialAction\":[{\"@type\":\"ReadAction\",\"target\":[\"https:\\\/\\\/redenoticiaz.com.br\\\/litoralsp\\\/2021\\\/05\\\/28\\\/homem-morre-numa-obra-em-santos\"]}]},{\"@type\":\"ImageObject\",\"inLanguage\":\"pt-BR\",\"@id\":\"https:\\\/\\\/redenoticiaz.com.br\\\/litoralsp\\\/2021\\\/05\\\/28\\\/homem-morre-numa-obra-em-santos#primaryimage\",\"url\":\"https:\\\/\\\/redenoticiaz.com.br\\\/litoralsp\\\/wp-content\\\/uploads\\\/sites\\\/3\\\/2021\\\/05\\\/3-dp-santos.jpeg\",\"contentUrl\":\"https:\\\/\\\/redenoticiaz.com.br\\\/litoralsp\\\/wp-content\\\/uploads\\\/sites\\\/3\\\/2021\\\/05\\\/3-dp-santos.jpeg\",\"width\":984,\"height\":617,\"caption\":\"A busca \u00e9 para saber o que atingiu o trabalhador.\"},{\"@type\":\"WebSite\",\"@id\":\"https:\\\/\\\/redenoticiaz.com.br\\\/litoralsp\\\/#website\",\"url\":\"https:\\\/\\\/redenoticiaz.com.br\\\/litoralsp\\\/\",\"name\":\"Litoral SP\",\"description\":\"Rede NoticiaZ\",\"publisher\":{\"@id\":\"https:\\\/\\\/redenoticiaz.com.br\\\/litoralsp\\\/#organization\"},\"potentialAction\":[{\"@type\":\"SearchAction\",\"target\":{\"@type\":\"EntryPoint\",\"urlTemplate\":\"https:\\\/\\\/redenoticiaz.com.br\\\/litoralsp\\\/?s={search_term_string}\"},\"query-input\":{\"@type\":\"PropertyValueSpecification\",\"valueRequired\":true,\"valueName\":\"search_term_string\"}}],\"inLanguage\":\"pt-BR\"},{\"@type\":\"Organization\",\"@id\":\"https:\\\/\\\/redenoticiaz.com.br\\\/litoralsp\\\/#organization\",\"name\":\"Litoral SP\",\"url\":\"https:\\\/\\\/redenoticiaz.com.br\\\/litoralsp\\\/\",\"logo\":{\"@type\":\"ImageObject\",\"inLanguage\":\"pt-BR\",\"@id\":\"https:\\\/\\\/redenoticiaz.com.br\\\/litoralsp\\\/#\\\/schema\\\/logo\\\/image\\\/\",\"url\":\"https:\\\/\\\/redenoticiaz.com.br\\\/litoralsp\\\/wp-content\\\/uploads\\\/sites\\\/3\\\/2020\\\/11\\\/logo.jpg\",\"contentUrl\":\"https:\\\/\\\/redenoticiaz.com.br\\\/litoralsp\\\/wp-content\\\/uploads\\\/sites\\\/3\\\/2020\\\/11\\\/logo.jpg\",\"width\":400,\"height\":250,\"caption\":\"Litoral SP\"},\"image\":{\"@id\":\"https:\\\/\\\/redenoticiaz.com.br\\\/litoralsp\\\/#\\\/schema\\\/logo\\\/image\\\/\"}},{\"@type\":\"Person\",\"@id\":\"https:\\\/\\\/redenoticiaz.com.br\\\/litoralsp\\\/#\\\/schema\\\/person\\\/0f0b8a5bdafefe82841e07ae8d81ecb3\",\"name\":\"Leonardo Francisco\",\"image\":{\"@type\":\"ImageObject\",\"inLanguage\":\"pt-BR\",\"@id\":\"https:\\\/\\\/secure.gravatar.com\\\/avatar\\\/a7358cb406a99b682ec6df1e77e31ae82e63601f6784e8a3df411d72b37864da?s=96&d=mm&r=g\",\"url\":\"https:\\\/\\\/secure.gravatar.com\\\/avatar\\\/a7358cb406a99b682ec6df1e77e31ae82e63601f6784e8a3df411d72b37864da?s=96&d=mm&r=g\",\"contentUrl\":\"https:\\\/\\\/secure.gravatar.com\\\/avatar\\\/a7358cb406a99b682ec6df1e77e31ae82e63601f6784e8a3df411d72b37864da?s=96&d=mm&r=g\",\"caption\":\"Leonardo Francisco\"},\"url\":\"https:\\\/\\\/redenoticiaz.com.br\\\/litoralsp\\\/author\\\/leonardo-francisco\"}]}<\/script>\n<!-- \/ Yoast SEO plugin. -->","yoast_head_json":{"title":"Homem morre numa obra em Santos - Litoral SP","description":"Um homem trabalhava numa obra de demoli\u00e7\u00e3o no Estu\u00e1rio, em Santos. Ele foi atingido por uma pe\u00e7a e morreu no local. At\u00e9 o momento","robots":{"index":"index","follow":"follow","max-snippet":"max-snippet:-1","max-image-preview":"max-image-preview:large","max-video-preview":"max-video-preview:-1"},"canonical":"https:\/\/redenoticiaz.com.br\/litoralsp\/2021\/05\/28\/homem-morre-numa-obra-em-santos","og_locale":"pt_BR","og_type":"article","og_title":"Homem morre numa obra em Santos - Litoral SP","og_description":"Um homem trabalhava numa obra de demoli\u00e7\u00e3o no Estu\u00e1rio, em Santos. Ele foi atingido por uma pe\u00e7a e morreu no local. At\u00e9 o momento","og_url":"https:\/\/redenoticiaz.com.br\/litoralsp\/2021\/05\/28\/homem-morre-numa-obra-em-santos","og_site_name":"Litoral SP","article_published_time":"2021-05-28T21:16:45+00:00","article_modified_time":"2021-05-28T21:17:38+00:00","og_image":[{"width":984,"height":617,"url":"https:\/\/redenoticiaz.com.br\/litoralsp\/wp-content\/uploads\/sites\/3\/2021\/05\/3-dp-santos.jpeg","type":"image\/jpeg"}],"author":"Leonardo Francisco","twitter_card":"summary_large_image","twitter_misc":{"Escrito por":"Leonardo Francisco","Est. tempo de leitura":"1 minuto"},"schema":{"@context":"https:\/\/schema.org","@graph":[{"@type":"Article","@id":"https:\/\/redenoticiaz.com.br\/litoralsp\/2021\/05\/28\/homem-morre-numa-obra-em-santos#article","isPartOf":{"@id":"https:\/\/redenoticiaz.com.br\/litoralsp\/2021\/05\/28\/homem-morre-numa-obra-em-santos"},"author":{"name":"Leonardo Francisco","@id":"https:\/\/redenoticiaz.com.br\/litoralsp\/#\/schema\/person\/0f0b8a5bdafefe82841e07ae8d81ecb3"},"headline":"Homem morre numa obra em Santos","datePublished":"2021-05-28T21:16:45+00:00","dateModified":"2021-05-28T21:17:38+00:00","mainEntityOfPage":{"@id":"https:\/\/redenoticiaz.com.br\/litoralsp\/2021\/05\/28\/homem-morre-numa-obra-em-santos"},"wordCount":251,"commentCount":0,"publisher":{"@id":"https:\/\/redenoticiaz.com.br\/litoralsp\/#organization"},"image":{"@id":"https:\/\/redenoticiaz.com.br\/litoralsp\/2021\/05\/28\/homem-morre-numa-obra-em-santos#primaryimage"},"thumbnailUrl":"https:\/\/redenoticiaz.com.br\/litoralsp\/wp-content\/uploads\/sites\/3\/2021\/05\/3-dp-santos.jpeg","keywords":["ESTU\u00c1RIO","HOMEM MORRE EM OBRA","investiga\u00e7\u00e3o","POL\u00cdCIA CIVIL","policia militar","Santos"],"articleSection":["Obras","Pol\u00edcia","Santos"],"inLanguage":"pt-BR","potentialAction":[{"@type":"CommentAction","name":"Comment","target":["https:\/\/redenoticiaz.com.br\/litoralsp\/2021\/05\/28\/homem-morre-numa-obra-em-santos#respond"]}]},{"@type":"WebPage","@id":"https:\/\/redenoticiaz.com.br\/litoralsp\/2021\/05\/28\/homem-morre-numa-obra-em-santos","url":"https:\/\/redenoticiaz.com.br\/litoralsp\/2021\/05\/28\/homem-morre-numa-obra-em-santos","name":"Homem morre numa obra em Santos - Litoral SP","isPartOf":{"@id":"https:\/\/redenoticiaz.com.br\/litoralsp\/#website"},"primaryImageOfPage":{"@id":"https:\/\/redenoticiaz.com.br\/litoralsp\/2021\/05\/28\/homem-morre-numa-obra-em-santos#primaryimage"},"image":{"@id":"https:\/\/redenoticiaz.com.br\/litoralsp\/2021\/05\/28\/homem-morre-numa-obra-em-santos#primaryimage"},"thumbnailUrl":"https:\/\/redenoticiaz.com.br\/litoralsp\/wp-content\/uploads\/sites\/3\/2021\/05\/3-dp-santos.jpeg","datePublished":"2021-05-28T21:16:45+00:00","dateModified":"2021-05-28T21:17:38+00:00","description":"Um homem trabalhava numa obra de demoli\u00e7\u00e3o no Estu\u00e1rio, em Santos. Ele foi atingido por uma pe\u00e7a e morreu no local. At\u00e9 o momento","inLanguage":"pt-BR","potentialAction":[{"@type":"ReadAction","target":["https:\/\/redenoticiaz.com.br\/litoralsp\/2021\/05\/28\/homem-morre-numa-obra-em-santos"]}]},{"@type":"ImageObject","inLanguage":"pt-BR","@id":"https:\/\/redenoticiaz.com.br\/litoralsp\/2021\/05\/28\/homem-morre-numa-obra-em-santos#primaryimage","url":"https:\/\/redenoticiaz.com.br\/litoralsp\/wp-content\/uploads\/sites\/3\/2021\/05\/3-dp-santos.jpeg","contentUrl":"https:\/\/redenoticiaz.com.br\/litoralsp\/wp-content\/uploads\/sites\/3\/2021\/05\/3-dp-santos.jpeg","width":984,"height":617,"caption":"A busca \u00e9 para saber o que atingiu o trabalhador."},{"@type":"WebSite","@id":"https:\/\/redenoticiaz.com.br\/litoralsp\/#website","url":"https:\/\/redenoticiaz.com.br\/litoralsp\/","name":"Litoral SP","description":"Rede NoticiaZ","publisher":{"@id":"https:\/\/redenoticiaz.com.br\/litoralsp\/#organization"},"potentialAction":[{"@type":"SearchAction","target":{"@type":"EntryPoint","urlTemplate":"https:\/\/redenoticiaz.com.br\/litoralsp\/?s={search_term_string}"},"query-input":{"@type":"PropertyValueSpecification","valueRequired":true,"valueName":"search_term_string"}}],"inLanguage":"pt-BR"},{"@type":"Organization","@id":"https:\/\/redenoticiaz.com.br\/litoralsp\/#organization","name":"Litoral SP","url":"https:\/\/redenoticiaz.com.br\/litoralsp\/","logo":{"@type":"ImageObject","inLanguage":"pt-BR","@id":"https:\/\/redenoticiaz.com.br\/litoralsp\/#\/schema\/logo\/image\/","url":"https:\/\/redenoticiaz.com.br\/litoralsp\/wp-content\/uploads\/sites\/3\/2020\/11\/logo.jpg","contentUrl":"https:\/\/redenoticiaz.com.br\/litoralsp\/wp-content\/uploads\/sites\/3\/2020\/11\/logo.jpg","width":400,"height":250,"caption":"Litoral SP"},"image":{"@id":"https:\/\/redenoticiaz.com.br\/litoralsp\/#\/schema\/logo\/image\/"}},{"@type":"Person","@id":"https:\/\/redenoticiaz.com.br\/litoralsp\/#\/schema\/person\/0f0b8a5bdafefe82841e07ae8d81ecb3","name":"Leonardo Francisco","image":{"@type":"ImageObject","inLanguage":"pt-BR","@id":"https:\/\/secure.gravatar.com\/avatar\/a7358cb406a99b682ec6df1e77e31ae82e63601f6784e8a3df411d72b37864da?s=96&d=mm&r=g","url":"https:\/\/secure.gravatar.com\/avatar\/a7358cb406a99b682ec6df1e77e31ae82e63601f6784e8a3df411d72b37864da?s=96&d=mm&r=g","contentUrl":"https:\/\/secure.gravatar.com\/avatar\/a7358cb406a99b682ec6df1e77e31ae82e63601f6784e8a3df411d72b37864da?s=96&d=mm&r=g","caption":"Leonardo Francisco"},"url":"https:\/\/redenoticiaz.com.br\/litoralsp\/author\/leonardo-francisco"}]}},"_links":{"self":[{"href":"https:\/\/redenoticiaz.com.br\/litoralsp\/wp-json\/wp\/v2\/posts\/9278","targetHints":{"allow":["GET"]}}],"collection":[{"href":"https:\/\/redenoticiaz.com.br\/litoralsp\/wp-json\/wp\/v2\/posts"}],"about":[{"href":"https:\/\/redenoticiaz.com.br\/litoralsp\/wp-json\/wp\/v2\/types\/post"}],"author":[{"embeddable":true,"href":"https:\/\/redenoticiaz.com.br\/litoralsp\/wp-json\/wp\/v2\/users\/6"}],"replies":[{"embeddable":true,"href":"https:\/\/redenoticiaz.com.br\/litoralsp\/wp-json\/wp\/v2\/comments?post=9278"}],"version-history":[{"count":1,"href":"https:\/\/redenoticiaz.com.br\/litoralsp\/wp-json\/wp\/v2\/posts\/9278\/revisions"}],"predecessor-version":[{"id":9280,"href":"https:\/\/redenoticiaz.com.br\/litoralsp\/wp-json\/wp\/v2\/posts\/9278\/revisions\/9280"}],"wp:featuredmedia":[{"embeddable":true,"href":"https:\/\/redenoticiaz.com.br\/litoralsp\/wp-json\/wp\/v2\/media\/9279"}],"wp:attachment":[{"href":"https:\/\/redenoticiaz.com.br\/litoralsp\/wp-json\/wp\/v2\/media?parent=9278"}],"wp:term":[{"taxonomy":"category","embeddable":true,"href":"https:\/\/redenoticiaz.com.br\/litoralsp\/wp-json\/wp\/v2\/categories?post=9278"},{"taxonomy":"post_tag","embeddable":true,"href":"https:\/\/redenoticiaz.com.br\/litoralsp\/wp-json\/wp\/v2\/tags?post=9278"}],"curies":[{"name":"wp","href":"https:\/\/api.w.org\/{rel}","templated":true}]}}