{"id":92790,"date":"2022-10-06T14:23:32","date_gmt":"2022-10-06T17:23:32","guid":{"rendered":"https:\/\/redenoticiaz.com.br\/litoralsp\/2022\/10\/06\/a-fazenda-14-deborah-albuquerque-rosiane-pinheiro-e-tiago-ramos-formam-a-terceira-roca-da-temporada"},"modified":"2022-10-06T14:23:41","modified_gmt":"2022-10-06T17:23:41","slug":"a-fazenda-14-deborah-albuquerque-rosiane-pinheiro-e-tiago-ramos-formam-a-terceira-roca-da-temporada","status":"publish","type":"post","link":"https:\/\/redenoticiaz.com.br\/litoralsp\/2022\/10\/06\/a-fazenda-14-deborah-albuquerque-rosiane-pinheiro-e-tiago-ramos-formam-a-terceira-roca-da-temporada","title":{"rendered":"A Fazenda 14 \u2013 Deborah Albuquerque, Rosiane Pinheiro e Tiago Ramos formam a terceira ro\u00e7a da temporada"},"content":{"rendered":"<p>Alex Gallete venceu a prova do fazendeiro e escapou da ro\u00e7a, Rosiane Pinheiro e Tiago Ramos se juntaram a Deborah Albuquerque e formam a terceira ro\u00e7a da semana. Um deles ser\u00e1 eliminado na noite dessa quinta-feira (06).<\/p>\n<p><strong>FORMA\u00c7\u00c3O DA RO\u00c7A<\/strong><\/p>\n<p>Alex foi indicado \u00e0 Ro\u00e7a pelo ex-fazendeiro, Vini B\u00fcttel. Tiago foi o mais votado da casa, recebendo 10 votos, e se juntou a Alex.<\/p>\n<p>No contra-golpe da baia, Tiago tinha quatro op\u00e7\u00f5es, Bia Miranda, Deborah Albuquerque, Kerline Cardoso e P\u00e9tala Barreiros. Deborah foi a escolhida por Tiago e ocupou o terceiro banco dos roceiros.<\/p>\n<p>Pela segunda semana consecutiva, Rosiane se deu mal na din\u00e2mica do Resta 1 e se juntou a Alex, Tiago e Deborah. Na disputa pela Prova do Fazendeiro, Rosiane tinha o poder de vetar um dos outros tr\u00eas roceiros, a peoa escolheu vetar Deborah.<\/p>\n<p><strong>Leia mais<\/strong><\/p>\n<p><a href=\"https:\/\/redenoticiaz.com.br\/blog\/2022\/10\/05\/a-fazenda-14-shayan-e-acusado-de-homofobia-em-formacao-da-roca\">A Fazenda 14 \u2013 Shayan \u00e9 acusado de homofobia em forma\u00e7\u00e3o da ro\u00e7a<\/a><\/p>\n","protected":false},"excerpt":{"rendered":"<p>Alex Gallete venceu a prova do fazendeiro e escapou da ro\u00e7a, Rosiane Pinheiro e Tiago Ramos se juntaram a Deborah Albuquerque e formam a terceira ro\u00e7a da semana. Um deles ser\u00e1 eliminado na noite dessa quinta-feira (06). FORMA\u00c7\u00c3O DA RO\u00c7A Alex foi indicado \u00e0 Ro\u00e7a pelo ex-fazendeiro, Vini B\u00fcttel. Tiago foi o mais votado da &hellip;<\/p>\n","protected":false},"author":12,"featured_media":92791,"comment_status":"open","ping_status":"closed","sticky":false,"template":"","format":"standard","meta":{"footnotes":""},"categories":[170],"tags":[10121,59180,59859,59301,59703,59471,59705,59181],"class_list":["post-92790","post","type-post","status-publish","format-standard","has-post-thumbnail","hentry","category-entretenimento","tag-a-fazenda","tag-a-fazenda-14","tag-alex-gallete","tag-deborah-albuquerque","tag-formacao-da-roca","tag-prova-do-fazendeiro","tag-rosiane-pinheiro","tag-tiago-ramos"],"yoast_head":"<!-- This site is optimized with the Yoast SEO plugin v27.5 - https:\/\/yoast.com\/product\/yoast-seo-wordpress\/ -->\n<title>A Fazenda 14 \u2013 Deborah Albuquerque, Rosiane Pinheiro e Tiago Ramos formam a terceira ro\u00e7a da temporada - Litoral SP<\/title>\n<meta name=\"description\" content=\"Deborah Albuquerque, Rosiane Pinheiro e Tiago Ramos formam a terceira ro\u00e7a. Um deles ser\u00e1 eliminado na noite dessa quinta-feira (06).\" \/>\n<meta name=\"robots\" content=\"index, follow, max-snippet:-1, max-image-preview:large, max-video-preview:-1\" \/>\n<link rel=\"canonical\" href=\"https:\/\/redenoticiaz.com.br\/litoralsp\/2022\/10\/06\/a-fazenda-14-deborah-albuquerque-rosiane-pinheiro-e-tiago-ramos-formam-a-terceira-roca-da-temporada\" \/>\n<meta property=\"og:locale\" content=\"pt_BR\" \/>\n<meta property=\"og:type\" content=\"article\" \/>\n<meta property=\"og:title\" content=\"A Fazenda 14 \u2013 Deborah Albuquerque, Rosiane Pinheiro e Tiago Ramos formam a terceira ro\u00e7a da temporada - Litoral SP\" \/>\n<meta property=\"og:description\" content=\"Deborah Albuquerque, Rosiane Pinheiro e Tiago Ramos formam a terceira ro\u00e7a. Um deles ser\u00e1 eliminado na noite dessa quinta-feira (06).\" \/>\n<meta property=\"og:url\" content=\"https:\/\/redenoticiaz.com.br\/litoralsp\/2022\/10\/06\/a-fazenda-14-deborah-albuquerque-rosiane-pinheiro-e-tiago-ramos-formam-a-terceira-roca-da-temporada\" \/>\n<meta property=\"og:site_name\" content=\"Litoral SP\" \/>\n<meta property=\"article:published_time\" content=\"2022-10-06T17:23:32+00:00\" \/>\n<meta property=\"article:modified_time\" content=\"2022-10-06T17:23:41+00:00\" \/>\n<meta property=\"og:image\" content=\"https:\/\/redenoticiaz.com.br\/litoralsp\/wp-content\/uploads\/sites\/3\/2022\/10\/a-fazenda-14-roca-deborah-rosiane-tiago.jpg?v=1665076941\" \/>\n\t<meta property=\"og:image:width\" content=\"1024\" \/>\n\t<meta property=\"og:image:height\" content=\"656\" \/>\n\t<meta property=\"og:image:type\" content=\"image\/jpeg\" \/>\n<meta name=\"author\" content=\"Gustavo Silva\" \/>\n<meta name=\"twitter:card\" content=\"summary_large_image\" \/>\n<meta name=\"twitter:label1\" content=\"Escrito por\" \/>\n\t<meta name=\"twitter:data1\" content=\"Gustavo Silva\" \/>\n\t<meta name=\"twitter:label2\" content=\"Est. tempo de leitura\" \/>\n\t<meta name=\"twitter:data2\" content=\"1 minuto\" \/>\n<script type=\"application\/ld+json\" class=\"yoast-schema-graph\">{\"@context\":\"https:\\\/\\\/schema.org\",\"@graph\":[{\"@type\":\"Article\",\"@id\":\"https:\\\/\\\/redenoticiaz.com.br\\\/litoralsp\\\/2022\\\/10\\\/06\\\/a-fazenda-14-deborah-albuquerque-rosiane-pinheiro-e-tiago-ramos-formam-a-terceira-roca-da-temporada#article\",\"isPartOf\":{\"@id\":\"https:\\\/\\\/redenoticiaz.com.br\\\/litoralsp\\\/2022\\\/10\\\/06\\\/a-fazenda-14-deborah-albuquerque-rosiane-pinheiro-e-tiago-ramos-formam-a-terceira-roca-da-temporada\"},\"author\":{\"name\":\"Gustavo Silva\",\"@id\":\"https:\\\/\\\/redenoticiaz.com.br\\\/litoralsp\\\/#\\\/schema\\\/person\\\/16057b37a3c0ee6b096d7f887c566e2e\"},\"headline\":\"A Fazenda 14 \u2013 Deborah Albuquerque, Rosiane Pinheiro e Tiago Ramos formam a terceira ro\u00e7a da temporada\",\"datePublished\":\"2022-10-06T17:23:32+00:00\",\"dateModified\":\"2022-10-06T17:23:41+00:00\",\"mainEntityOfPage\":{\"@id\":\"https:\\\/\\\/redenoticiaz.com.br\\\/litoralsp\\\/2022\\\/10\\\/06\\\/a-fazenda-14-deborah-albuquerque-rosiane-pinheiro-e-tiago-ramos-formam-a-terceira-roca-da-temporada\"},\"wordCount\":173,\"commentCount\":0,\"publisher\":{\"@id\":\"https:\\\/\\\/redenoticiaz.com.br\\\/litoralsp\\\/#organization\"},\"image\":{\"@id\":\"https:\\\/\\\/redenoticiaz.com.br\\\/litoralsp\\\/2022\\\/10\\\/06\\\/a-fazenda-14-deborah-albuquerque-rosiane-pinheiro-e-tiago-ramos-formam-a-terceira-roca-da-temporada#primaryimage\"},\"thumbnailUrl\":\"https:\\\/\\\/redenoticiaz.com.br\\\/litoralsp\\\/wp-content\\\/uploads\\\/sites\\\/3\\\/2022\\\/10\\\/a-fazenda-14-roca-deborah-rosiane-tiago.jpg?v=1665076941\",\"keywords\":[\"A FAZENDA\",\"A Fazenda 14\",\"Alex Gallete\",\"Deborah Albuquerque\",\"FORMA\u00c7\u00c3O DA RO\u00c7A\",\"prova do fazendeiro\",\"Rosiane Pinheiro\",\"Tiago Ramos\"],\"articleSection\":[\"Entretenimento\"],\"inLanguage\":\"pt-BR\",\"potentialAction\":[{\"@type\":\"CommentAction\",\"name\":\"Comment\",\"target\":[\"https:\\\/\\\/redenoticiaz.com.br\\\/litoralsp\\\/2022\\\/10\\\/06\\\/a-fazenda-14-deborah-albuquerque-rosiane-pinheiro-e-tiago-ramos-formam-a-terceira-roca-da-temporada#respond\"]}]},{\"@type\":\"WebPage\",\"@id\":\"https:\\\/\\\/redenoticiaz.com.br\\\/litoralsp\\\/2022\\\/10\\\/06\\\/a-fazenda-14-deborah-albuquerque-rosiane-pinheiro-e-tiago-ramos-formam-a-terceira-roca-da-temporada\",\"url\":\"https:\\\/\\\/redenoticiaz.com.br\\\/litoralsp\\\/2022\\\/10\\\/06\\\/a-fazenda-14-deborah-albuquerque-rosiane-pinheiro-e-tiago-ramos-formam-a-terceira-roca-da-temporada\",\"name\":\"A Fazenda 14 \u2013 Deborah Albuquerque, Rosiane Pinheiro e Tiago Ramos formam a terceira ro\u00e7a da temporada - Litoral SP\",\"isPartOf\":{\"@id\":\"https:\\\/\\\/redenoticiaz.com.br\\\/litoralsp\\\/#website\"},\"primaryImageOfPage\":{\"@id\":\"https:\\\/\\\/redenoticiaz.com.br\\\/litoralsp\\\/2022\\\/10\\\/06\\\/a-fazenda-14-deborah-albuquerque-rosiane-pinheiro-e-tiago-ramos-formam-a-terceira-roca-da-temporada#primaryimage\"},\"image\":{\"@id\":\"https:\\\/\\\/redenoticiaz.com.br\\\/litoralsp\\\/2022\\\/10\\\/06\\\/a-fazenda-14-deborah-albuquerque-rosiane-pinheiro-e-tiago-ramos-formam-a-terceira-roca-da-temporada#primaryimage\"},\"thumbnailUrl\":\"https:\\\/\\\/redenoticiaz.com.br\\\/litoralsp\\\/wp-content\\\/uploads\\\/sites\\\/3\\\/2022\\\/10\\\/a-fazenda-14-roca-deborah-rosiane-tiago.jpg?v=1665076941\",\"datePublished\":\"2022-10-06T17:23:32+00:00\",\"dateModified\":\"2022-10-06T17:23:41+00:00\",\"description\":\"Deborah Albuquerque, Rosiane Pinheiro e Tiago Ramos formam a terceira ro\u00e7a. Um deles ser\u00e1 eliminado na noite dessa quinta-feira (06).\",\"inLanguage\":\"pt-BR\",\"potentialAction\":[{\"@type\":\"ReadAction\",\"target\":[\"https:\\\/\\\/redenoticiaz.com.br\\\/litoralsp\\\/2022\\\/10\\\/06\\\/a-fazenda-14-deborah-albuquerque-rosiane-pinheiro-e-tiago-ramos-formam-a-terceira-roca-da-temporada\"]}]},{\"@type\":\"ImageObject\",\"inLanguage\":\"pt-BR\",\"@id\":\"https:\\\/\\\/redenoticiaz.com.br\\\/litoralsp\\\/2022\\\/10\\\/06\\\/a-fazenda-14-deborah-albuquerque-rosiane-pinheiro-e-tiago-ramos-formam-a-terceira-roca-da-temporada#primaryimage\",\"url\":\"https:\\\/\\\/redenoticiaz.com.br\\\/litoralsp\\\/wp-content\\\/uploads\\\/sites\\\/3\\\/2022\\\/10\\\/a-fazenda-14-roca-deborah-rosiane-tiago.jpg?v=1665076941\",\"contentUrl\":\"https:\\\/\\\/redenoticiaz.com.br\\\/litoralsp\\\/wp-content\\\/uploads\\\/sites\\\/3\\\/2022\\\/10\\\/a-fazenda-14-roca-deborah-rosiane-tiago.jpg?v=1665076941\",\"width\":1024,\"height\":656,\"caption\":\"A Fazenda 14 - Deborah Albuquerque, Rosiane Pinheiro e Tiago Ramos formam a terceira ro\u00e7a da temporada\"},{\"@type\":\"WebSite\",\"@id\":\"https:\\\/\\\/redenoticiaz.com.br\\\/litoralsp\\\/#website\",\"url\":\"https:\\\/\\\/redenoticiaz.com.br\\\/litoralsp\\\/\",\"name\":\"Litoral SP\",\"description\":\"Rede NoticiaZ\",\"publisher\":{\"@id\":\"https:\\\/\\\/redenoticiaz.com.br\\\/litoralsp\\\/#organization\"},\"potentialAction\":[{\"@type\":\"SearchAction\",\"target\":{\"@type\":\"EntryPoint\",\"urlTemplate\":\"https:\\\/\\\/redenoticiaz.com.br\\\/litoralsp\\\/?s={search_term_string}\"},\"query-input\":{\"@type\":\"PropertyValueSpecification\",\"valueRequired\":true,\"valueName\":\"search_term_string\"}}],\"inLanguage\":\"pt-BR\"},{\"@type\":\"Organization\",\"@id\":\"https:\\\/\\\/redenoticiaz.com.br\\\/litoralsp\\\/#organization\",\"name\":\"Litoral SP\",\"url\":\"https:\\\/\\\/redenoticiaz.com.br\\\/litoralsp\\\/\",\"logo\":{\"@type\":\"ImageObject\",\"inLanguage\":\"pt-BR\",\"@id\":\"https:\\\/\\\/redenoticiaz.com.br\\\/litoralsp\\\/#\\\/schema\\\/logo\\\/image\\\/\",\"url\":\"https:\\\/\\\/redenoticiaz.com.br\\\/litoralsp\\\/wp-content\\\/uploads\\\/sites\\\/3\\\/2020\\\/11\\\/logo.jpg\",\"contentUrl\":\"https:\\\/\\\/redenoticiaz.com.br\\\/litoralsp\\\/wp-content\\\/uploads\\\/sites\\\/3\\\/2020\\\/11\\\/logo.jpg\",\"width\":400,\"height\":250,\"caption\":\"Litoral SP\"},\"image\":{\"@id\":\"https:\\\/\\\/redenoticiaz.com.br\\\/litoralsp\\\/#\\\/schema\\\/logo\\\/image\\\/\"}},{\"@type\":\"Person\",\"@id\":\"https:\\\/\\\/redenoticiaz.com.br\\\/litoralsp\\\/#\\\/schema\\\/person\\\/16057b37a3c0ee6b096d7f887c566e2e\",\"name\":\"Gustavo Silva\",\"image\":{\"@type\":\"ImageObject\",\"inLanguage\":\"pt-BR\",\"@id\":\"https:\\\/\\\/secure.gravatar.com\\\/avatar\\\/3ee4e82f93b26de0a7cf4ea5eb7893da637ed6bb0c9170c58065944c56e28a33?s=96&d=mm&r=g\",\"url\":\"https:\\\/\\\/secure.gravatar.com\\\/avatar\\\/3ee4e82f93b26de0a7cf4ea5eb7893da637ed6bb0c9170c58065944c56e28a33?s=96&d=mm&r=g\",\"contentUrl\":\"https:\\\/\\\/secure.gravatar.com\\\/avatar\\\/3ee4e82f93b26de0a7cf4ea5eb7893da637ed6bb0c9170c58065944c56e28a33?s=96&d=mm&r=g\",\"caption\":\"Gustavo Silva\"},\"url\":\"https:\\\/\\\/redenoticiaz.com.br\\\/litoralsp\\\/author\\\/gustavosilva\"}]}<\/script>\n<!-- \/ Yoast SEO plugin. -->","yoast_head_json":{"title":"A Fazenda 14 \u2013 Deborah Albuquerque, Rosiane Pinheiro e Tiago Ramos formam a terceira ro\u00e7a da temporada - Litoral SP","description":"Deborah Albuquerque, Rosiane Pinheiro e Tiago Ramos formam a terceira ro\u00e7a. Um deles ser\u00e1 eliminado na noite dessa quinta-feira (06).","robots":{"index":"index","follow":"follow","max-snippet":"max-snippet:-1","max-image-preview":"max-image-preview:large","max-video-preview":"max-video-preview:-1"},"canonical":"https:\/\/redenoticiaz.com.br\/litoralsp\/2022\/10\/06\/a-fazenda-14-deborah-albuquerque-rosiane-pinheiro-e-tiago-ramos-formam-a-terceira-roca-da-temporada","og_locale":"pt_BR","og_type":"article","og_title":"A Fazenda 14 \u2013 Deborah Albuquerque, Rosiane Pinheiro e Tiago Ramos formam a terceira ro\u00e7a da temporada - Litoral SP","og_description":"Deborah Albuquerque, Rosiane Pinheiro e Tiago Ramos formam a terceira ro\u00e7a. Um deles ser\u00e1 eliminado na noite dessa quinta-feira (06).","og_url":"https:\/\/redenoticiaz.com.br\/litoralsp\/2022\/10\/06\/a-fazenda-14-deborah-albuquerque-rosiane-pinheiro-e-tiago-ramos-formam-a-terceira-roca-da-temporada","og_site_name":"Litoral SP","article_published_time":"2022-10-06T17:23:32+00:00","article_modified_time":"2022-10-06T17:23:41+00:00","og_image":[{"width":1024,"height":656,"url":"https:\/\/redenoticiaz.com.br\/litoralsp\/wp-content\/uploads\/sites\/3\/2022\/10\/a-fazenda-14-roca-deborah-rosiane-tiago.jpg?v=1665076941","type":"image\/jpeg"}],"author":"Gustavo Silva","twitter_card":"summary_large_image","twitter_misc":{"Escrito por":"Gustavo Silva","Est. tempo de leitura":"1 minuto"},"schema":{"@context":"https:\/\/schema.org","@graph":[{"@type":"Article","@id":"https:\/\/redenoticiaz.com.br\/litoralsp\/2022\/10\/06\/a-fazenda-14-deborah-albuquerque-rosiane-pinheiro-e-tiago-ramos-formam-a-terceira-roca-da-temporada#article","isPartOf":{"@id":"https:\/\/redenoticiaz.com.br\/litoralsp\/2022\/10\/06\/a-fazenda-14-deborah-albuquerque-rosiane-pinheiro-e-tiago-ramos-formam-a-terceira-roca-da-temporada"},"author":{"name":"Gustavo Silva","@id":"https:\/\/redenoticiaz.com.br\/litoralsp\/#\/schema\/person\/16057b37a3c0ee6b096d7f887c566e2e"},"headline":"A Fazenda 14 \u2013 Deborah Albuquerque, Rosiane Pinheiro e Tiago Ramos formam a terceira ro\u00e7a da temporada","datePublished":"2022-10-06T17:23:32+00:00","dateModified":"2022-10-06T17:23:41+00:00","mainEntityOfPage":{"@id":"https:\/\/redenoticiaz.com.br\/litoralsp\/2022\/10\/06\/a-fazenda-14-deborah-albuquerque-rosiane-pinheiro-e-tiago-ramos-formam-a-terceira-roca-da-temporada"},"wordCount":173,"commentCount":0,"publisher":{"@id":"https:\/\/redenoticiaz.com.br\/litoralsp\/#organization"},"image":{"@id":"https:\/\/redenoticiaz.com.br\/litoralsp\/2022\/10\/06\/a-fazenda-14-deborah-albuquerque-rosiane-pinheiro-e-tiago-ramos-formam-a-terceira-roca-da-temporada#primaryimage"},"thumbnailUrl":"https:\/\/redenoticiaz.com.br\/litoralsp\/wp-content\/uploads\/sites\/3\/2022\/10\/a-fazenda-14-roca-deborah-rosiane-tiago.jpg?v=1665076941","keywords":["A FAZENDA","A Fazenda 14","Alex Gallete","Deborah Albuquerque","FORMA\u00c7\u00c3O DA RO\u00c7A","prova do fazendeiro","Rosiane Pinheiro","Tiago Ramos"],"articleSection":["Entretenimento"],"inLanguage":"pt-BR","potentialAction":[{"@type":"CommentAction","name":"Comment","target":["https:\/\/redenoticiaz.com.br\/litoralsp\/2022\/10\/06\/a-fazenda-14-deborah-albuquerque-rosiane-pinheiro-e-tiago-ramos-formam-a-terceira-roca-da-temporada#respond"]}]},{"@type":"WebPage","@id":"https:\/\/redenoticiaz.com.br\/litoralsp\/2022\/10\/06\/a-fazenda-14-deborah-albuquerque-rosiane-pinheiro-e-tiago-ramos-formam-a-terceira-roca-da-temporada","url":"https:\/\/redenoticiaz.com.br\/litoralsp\/2022\/10\/06\/a-fazenda-14-deborah-albuquerque-rosiane-pinheiro-e-tiago-ramos-formam-a-terceira-roca-da-temporada","name":"A Fazenda 14 \u2013 Deborah Albuquerque, Rosiane Pinheiro e Tiago Ramos formam a terceira ro\u00e7a da temporada - Litoral SP","isPartOf":{"@id":"https:\/\/redenoticiaz.com.br\/litoralsp\/#website"},"primaryImageOfPage":{"@id":"https:\/\/redenoticiaz.com.br\/litoralsp\/2022\/10\/06\/a-fazenda-14-deborah-albuquerque-rosiane-pinheiro-e-tiago-ramos-formam-a-terceira-roca-da-temporada#primaryimage"},"image":{"@id":"https:\/\/redenoticiaz.com.br\/litoralsp\/2022\/10\/06\/a-fazenda-14-deborah-albuquerque-rosiane-pinheiro-e-tiago-ramos-formam-a-terceira-roca-da-temporada#primaryimage"},"thumbnailUrl":"https:\/\/redenoticiaz.com.br\/litoralsp\/wp-content\/uploads\/sites\/3\/2022\/10\/a-fazenda-14-roca-deborah-rosiane-tiago.jpg?v=1665076941","datePublished":"2022-10-06T17:23:32+00:00","dateModified":"2022-10-06T17:23:41+00:00","description":"Deborah Albuquerque, Rosiane Pinheiro e Tiago Ramos formam a terceira ro\u00e7a. Um deles ser\u00e1 eliminado na noite dessa quinta-feira (06).","inLanguage":"pt-BR","potentialAction":[{"@type":"ReadAction","target":["https:\/\/redenoticiaz.com.br\/litoralsp\/2022\/10\/06\/a-fazenda-14-deborah-albuquerque-rosiane-pinheiro-e-tiago-ramos-formam-a-terceira-roca-da-temporada"]}]},{"@type":"ImageObject","inLanguage":"pt-BR","@id":"https:\/\/redenoticiaz.com.br\/litoralsp\/2022\/10\/06\/a-fazenda-14-deborah-albuquerque-rosiane-pinheiro-e-tiago-ramos-formam-a-terceira-roca-da-temporada#primaryimage","url":"https:\/\/redenoticiaz.com.br\/litoralsp\/wp-content\/uploads\/sites\/3\/2022\/10\/a-fazenda-14-roca-deborah-rosiane-tiago.jpg?v=1665076941","contentUrl":"https:\/\/redenoticiaz.com.br\/litoralsp\/wp-content\/uploads\/sites\/3\/2022\/10\/a-fazenda-14-roca-deborah-rosiane-tiago.jpg?v=1665076941","width":1024,"height":656,"caption":"A Fazenda 14 - Deborah Albuquerque, Rosiane Pinheiro e Tiago Ramos formam a terceira ro\u00e7a da temporada"},{"@type":"WebSite","@id":"https:\/\/redenoticiaz.com.br\/litoralsp\/#website","url":"https:\/\/redenoticiaz.com.br\/litoralsp\/","name":"Litoral SP","description":"Rede NoticiaZ","publisher":{"@id":"https:\/\/redenoticiaz.com.br\/litoralsp\/#organization"},"potentialAction":[{"@type":"SearchAction","target":{"@type":"EntryPoint","urlTemplate":"https:\/\/redenoticiaz.com.br\/litoralsp\/?s={search_term_string}"},"query-input":{"@type":"PropertyValueSpecification","valueRequired":true,"valueName":"search_term_string"}}],"inLanguage":"pt-BR"},{"@type":"Organization","@id":"https:\/\/redenoticiaz.com.br\/litoralsp\/#organization","name":"Litoral SP","url":"https:\/\/redenoticiaz.com.br\/litoralsp\/","logo":{"@type":"ImageObject","inLanguage":"pt-BR","@id":"https:\/\/redenoticiaz.com.br\/litoralsp\/#\/schema\/logo\/image\/","url":"https:\/\/redenoticiaz.com.br\/litoralsp\/wp-content\/uploads\/sites\/3\/2020\/11\/logo.jpg","contentUrl":"https:\/\/redenoticiaz.com.br\/litoralsp\/wp-content\/uploads\/sites\/3\/2020\/11\/logo.jpg","width":400,"height":250,"caption":"Litoral SP"},"image":{"@id":"https:\/\/redenoticiaz.com.br\/litoralsp\/#\/schema\/logo\/image\/"}},{"@type":"Person","@id":"https:\/\/redenoticiaz.com.br\/litoralsp\/#\/schema\/person\/16057b37a3c0ee6b096d7f887c566e2e","name":"Gustavo Silva","image":{"@type":"ImageObject","inLanguage":"pt-BR","@id":"https:\/\/secure.gravatar.com\/avatar\/3ee4e82f93b26de0a7cf4ea5eb7893da637ed6bb0c9170c58065944c56e28a33?s=96&d=mm&r=g","url":"https:\/\/secure.gravatar.com\/avatar\/3ee4e82f93b26de0a7cf4ea5eb7893da637ed6bb0c9170c58065944c56e28a33?s=96&d=mm&r=g","contentUrl":"https:\/\/secure.gravatar.com\/avatar\/3ee4e82f93b26de0a7cf4ea5eb7893da637ed6bb0c9170c58065944c56e28a33?s=96&d=mm&r=g","caption":"Gustavo Silva"},"url":"https:\/\/redenoticiaz.com.br\/litoralsp\/author\/gustavosilva"}]}},"_links":{"self":[{"href":"https:\/\/redenoticiaz.com.br\/litoralsp\/wp-json\/wp\/v2\/posts\/92790","targetHints":{"allow":["GET"]}}],"collection":[{"href":"https:\/\/redenoticiaz.com.br\/litoralsp\/wp-json\/wp\/v2\/posts"}],"about":[{"href":"https:\/\/redenoticiaz.com.br\/litoralsp\/wp-json\/wp\/v2\/types\/post"}],"author":[{"embeddable":true,"href":"https:\/\/redenoticiaz.com.br\/litoralsp\/wp-json\/wp\/v2\/users\/12"}],"replies":[{"embeddable":true,"href":"https:\/\/redenoticiaz.com.br\/litoralsp\/wp-json\/wp\/v2\/comments?post=92790"}],"version-history":[{"count":0,"href":"https:\/\/redenoticiaz.com.br\/litoralsp\/wp-json\/wp\/v2\/posts\/92790\/revisions"}],"wp:featuredmedia":[{"embeddable":true,"href":"https:\/\/redenoticiaz.com.br\/litoralsp\/wp-json\/wp\/v2\/media\/92791"}],"wp:attachment":[{"href":"https:\/\/redenoticiaz.com.br\/litoralsp\/wp-json\/wp\/v2\/media?parent=92790"}],"wp:term":[{"taxonomy":"category","embeddable":true,"href":"https:\/\/redenoticiaz.com.br\/litoralsp\/wp-json\/wp\/v2\/categories?post=92790"},{"taxonomy":"post_tag","embeddable":true,"href":"https:\/\/redenoticiaz.com.br\/litoralsp\/wp-json\/wp\/v2\/tags?post=92790"}],"curies":[{"name":"wp","href":"https:\/\/api.w.org\/{rel}","templated":true}]}}