{"id":93132,"date":"2022-10-15T13:00:37","date_gmt":"2022-10-15T16:00:37","guid":{"rendered":"https:\/\/redenoticiaz.com.br\/litoralsp\/?p=93132"},"modified":"2022-10-15T13:00:37","modified_gmt":"2022-10-15T16:00:37","slug":"confira-o-trailer-de-fervo-a-nova-comedia-nacional","status":"publish","type":"post","link":"https:\/\/redenoticiaz.com.br\/litoralsp\/2022\/10\/15\/confira-o-trailer-de-fervo-a-nova-comedia-nacional","title":{"rendered":"Confira o trailer de \u201cFervo\u201d a nova com\u00e9dia nacional"},"content":{"rendered":"<p class=\"v1MsoNormal\">\u00a0\u201c<b>Fervo<\/b>\u201d, que estreia nos cinemas brasileiros em 19 de janeiro de 2023. Dirigido por Felipe Joffily e com roteiro de Thiago Gadelha, o filme \u00e9 estrelado por\u00a0<b>Felipe Abib<\/b>,\u00a0<b>Georgianna Goes<\/b>,\u00a0<b>Rita Von Hunty<\/b>,\u00a0<b>Gabriel Godoy<\/b>,\u00a0<b>Renata Gaspar<\/b>,\u00a0<b>Paulo Vieira<\/b>, entre outros grandes nomes.<\/p>\n<p class=\"v1MsoNormal\"><img loading=\"lazy\" decoding=\"async\" class=\" wp-image-93133 alignleft\" src=\"https:\/\/redenoticiaz.com.br\/litoralsp\/wp-content\/uploads\/sites\/3\/2022\/10\/image002-1-205x300.jpg\" alt=\"\" width=\"91\" height=\"133\" srcset=\"https:\/\/redenoticiaz.com.br\/litoralsp\/wp-content\/uploads\/sites\/3\/2022\/10\/image002-1-205x300.jpg 205w, https:\/\/redenoticiaz.com.br\/litoralsp\/wp-content\/uploads\/sites\/3\/2022\/10\/image002-1.jpg 479w\" sizes=\"auto, (max-width: 91px) 100vw, 91px\" \/>Na trama, tr\u00eas fantasmas irreverentes ficam presos em uma casa e assombram os novos moradores na tentativa de finalizarem sua miss\u00e3o na Terra. Quando um casal de arquitetos (interpretados por Felipe Abib e Georgianna Goes) se muda para o casar\u00e3o e decide fazer uma reforma, descobrem que o local havia sido uma casa de festas chamada \u201cFervo\u201d e passam por uma s\u00e9rie de mal-entendidos e cenas hil\u00e1rias com os antigos propriet\u00e1rios fantasmas, interpretados por Rita Von Hunty, Gabriel Godoy e Renata Gaspar.<\/p>\n<h4>Assista ao trailer:<\/h4>\n<p><a href=\"https:\/\/www.youtube.com\/watch?v=J56K4V1a9L8\">https:\/\/www.youtube.com\/watch?v=J56K4V1a9L8<\/a><\/p>\n","protected":false},"excerpt":{"rendered":"<p>\u00a0\u201cFervo\u201d, que estreia nos cinemas brasileiros em 19 de janeiro de 2023. Dirigido por Felipe Joffily e com roteiro de Thiago Gadelha, o filme \u00e9 estrelado por\u00a0Felipe Abib,\u00a0Georgianna Goes,\u00a0Rita Von Hunty,\u00a0Gabriel Godoy,\u00a0Renata Gaspar,\u00a0Paulo Vieira, entre outros grandes nomes. Na trama, tr\u00eas fantasmas irreverentes ficam presos em uma casa e assombram os novos moradores na tentativa &hellip;<\/p>\n","protected":false},"author":15,"featured_media":93134,"comment_status":"open","ping_status":"closed","sticky":false,"template":"","format":"standard","meta":{"footnotes":""},"categories":[170],"tags":[44750,54578,60029,60030,60031],"class_list":["post-93132","post","type-post","status-publish","format-standard","has-post-thumbnail","hentry","category-entretenimento","tag-cinema","tag-comedia","tag-fervo","tag-filme-nacional","tag-satr"],"yoast_head":"<!-- This site is optimized with the Yoast SEO plugin v27.5 - https:\/\/yoast.com\/product\/yoast-seo-wordpress\/ -->\n<title>Confira o trailer de \u201cFervo\u201d a nova com\u00e9dia nacional - Litoral SP<\/title>\n<meta name=\"description\" content=\"\u00a0\u201cFervo\u201d, que estreia nos cinemas brasileiros em 19 de janeiro de 2023. Dirigido por Felipe Joffily e com roteiro de Thiago Gadelha.\" \/>\n<meta name=\"robots\" content=\"index, follow, max-snippet:-1, max-image-preview:large, max-video-preview:-1\" \/>\n<link rel=\"canonical\" href=\"https:\/\/redenoticiaz.com.br\/litoralsp\/2022\/10\/15\/confira-o-trailer-de-fervo-a-nova-comedia-nacional\" \/>\n<meta property=\"og:locale\" content=\"pt_BR\" \/>\n<meta property=\"og:type\" content=\"article\" \/>\n<meta property=\"og:title\" content=\"Confira o trailer de \u201cFervo\u201d a nova com\u00e9dia nacional - Litoral SP\" \/>\n<meta property=\"og:description\" content=\"\u00a0\u201cFervo\u201d, que estreia nos cinemas brasileiros em 19 de janeiro de 2023. Dirigido por Felipe Joffily e com roteiro de Thiago Gadelha.\" \/>\n<meta property=\"og:url\" content=\"https:\/\/redenoticiaz.com.br\/litoralsp\/2022\/10\/15\/confira-o-trailer-de-fervo-a-nova-comedia-nacional\" \/>\n<meta property=\"og:site_name\" content=\"Litoral SP\" \/>\n<meta property=\"article:published_time\" content=\"2022-10-15T16:00:37+00:00\" \/>\n<meta property=\"og:image\" content=\"https:\/\/redenoticiaz.com.br\/litoralsp\/wp-content\/uploads\/sites\/3\/2022\/10\/image003-3.jpg\" \/>\n\t<meta property=\"og:image:width\" content=\"567\" \/>\n\t<meta property=\"og:image:height\" content=\"365\" \/>\n\t<meta property=\"og:image:type\" content=\"image\/jpeg\" \/>\n<meta name=\"twitter:card\" content=\"summary_large_image\" \/>\n<meta name=\"twitter:label1\" content=\"Escrito por\" \/>\n\t<meta name=\"twitter:data1\" content=\"\" \/>\n\t<meta name=\"twitter:label2\" content=\"Est. tempo de leitura\" \/>\n\t<meta name=\"twitter:data2\" content=\"1 minuto\" \/>\n<script type=\"application\/ld+json\" class=\"yoast-schema-graph\">{\"@context\":\"https:\\\/\\\/schema.org\",\"@graph\":[{\"@type\":\"Article\",\"@id\":\"https:\\\/\\\/redenoticiaz.com.br\\\/litoralsp\\\/2022\\\/10\\\/15\\\/confira-o-trailer-de-fervo-a-nova-comedia-nacional#article\",\"isPartOf\":{\"@id\":\"https:\\\/\\\/redenoticiaz.com.br\\\/litoralsp\\\/2022\\\/10\\\/15\\\/confira-o-trailer-de-fervo-a-nova-comedia-nacional\"},\"author\":{\"name\":\"\",\"@id\":\"\"},\"headline\":\"Confira o trailer de \u201cFervo\u201d a nova com\u00e9dia nacional\",\"datePublished\":\"2022-10-15T16:00:37+00:00\",\"mainEntityOfPage\":{\"@id\":\"https:\\\/\\\/redenoticiaz.com.br\\\/litoralsp\\\/2022\\\/10\\\/15\\\/confira-o-trailer-de-fervo-a-nova-comedia-nacional\"},\"wordCount\":155,\"commentCount\":0,\"publisher\":{\"@id\":\"https:\\\/\\\/redenoticiaz.com.br\\\/litoralsp\\\/#organization\"},\"image\":{\"@id\":\"https:\\\/\\\/redenoticiaz.com.br\\\/litoralsp\\\/2022\\\/10\\\/15\\\/confira-o-trailer-de-fervo-a-nova-comedia-nacional#primaryimage\"},\"thumbnailUrl\":\"https:\\\/\\\/redenoticiaz.com.br\\\/litoralsp\\\/wp-content\\\/uploads\\\/sites\\\/3\\\/2022\\\/10\\\/image003-3.jpg\",\"keywords\":[\"CINEMA\",\"COM\u00c9DIA\",\"FERVO\",\"FILME NACIONAL\",\"SATR\"],\"articleSection\":[\"Entretenimento\"],\"inLanguage\":\"pt-BR\",\"potentialAction\":[{\"@type\":\"CommentAction\",\"name\":\"Comment\",\"target\":[\"https:\\\/\\\/redenoticiaz.com.br\\\/litoralsp\\\/2022\\\/10\\\/15\\\/confira-o-trailer-de-fervo-a-nova-comedia-nacional#respond\"]}]},{\"@type\":\"WebPage\",\"@id\":\"https:\\\/\\\/redenoticiaz.com.br\\\/litoralsp\\\/2022\\\/10\\\/15\\\/confira-o-trailer-de-fervo-a-nova-comedia-nacional\",\"url\":\"https:\\\/\\\/redenoticiaz.com.br\\\/litoralsp\\\/2022\\\/10\\\/15\\\/confira-o-trailer-de-fervo-a-nova-comedia-nacional\",\"name\":\"Confira o trailer de \u201cFervo\u201d a nova com\u00e9dia nacional - Litoral SP\",\"isPartOf\":{\"@id\":\"https:\\\/\\\/redenoticiaz.com.br\\\/litoralsp\\\/#website\"},\"primaryImageOfPage\":{\"@id\":\"https:\\\/\\\/redenoticiaz.com.br\\\/litoralsp\\\/2022\\\/10\\\/15\\\/confira-o-trailer-de-fervo-a-nova-comedia-nacional#primaryimage\"},\"image\":{\"@id\":\"https:\\\/\\\/redenoticiaz.com.br\\\/litoralsp\\\/2022\\\/10\\\/15\\\/confira-o-trailer-de-fervo-a-nova-comedia-nacional#primaryimage\"},\"thumbnailUrl\":\"https:\\\/\\\/redenoticiaz.com.br\\\/litoralsp\\\/wp-content\\\/uploads\\\/sites\\\/3\\\/2022\\\/10\\\/image003-3.jpg\",\"datePublished\":\"2022-10-15T16:00:37+00:00\",\"description\":\"\u00a0\u201cFervo\u201d, que estreia nos cinemas brasileiros em 19 de janeiro de 2023. Dirigido por Felipe Joffily e com roteiro de Thiago Gadelha.\",\"inLanguage\":\"pt-BR\",\"potentialAction\":[{\"@type\":\"ReadAction\",\"target\":[\"https:\\\/\\\/redenoticiaz.com.br\\\/litoralsp\\\/2022\\\/10\\\/15\\\/confira-o-trailer-de-fervo-a-nova-comedia-nacional\"]}]},{\"@type\":\"ImageObject\",\"inLanguage\":\"pt-BR\",\"@id\":\"https:\\\/\\\/redenoticiaz.com.br\\\/litoralsp\\\/2022\\\/10\\\/15\\\/confira-o-trailer-de-fervo-a-nova-comedia-nacional#primaryimage\",\"url\":\"https:\\\/\\\/redenoticiaz.com.br\\\/litoralsp\\\/wp-content\\\/uploads\\\/sites\\\/3\\\/2022\\\/10\\\/image003-3.jpg\",\"contentUrl\":\"https:\\\/\\\/redenoticiaz.com.br\\\/litoralsp\\\/wp-content\\\/uploads\\\/sites\\\/3\\\/2022\\\/10\\\/image003-3.jpg\",\"width\":567,\"height\":365},{\"@type\":\"WebSite\",\"@id\":\"https:\\\/\\\/redenoticiaz.com.br\\\/litoralsp\\\/#website\",\"url\":\"https:\\\/\\\/redenoticiaz.com.br\\\/litoralsp\\\/\",\"name\":\"Litoral SP\",\"description\":\"Rede NoticiaZ\",\"publisher\":{\"@id\":\"https:\\\/\\\/redenoticiaz.com.br\\\/litoralsp\\\/#organization\"},\"potentialAction\":[{\"@type\":\"SearchAction\",\"target\":{\"@type\":\"EntryPoint\",\"urlTemplate\":\"https:\\\/\\\/redenoticiaz.com.br\\\/litoralsp\\\/?s={search_term_string}\"},\"query-input\":{\"@type\":\"PropertyValueSpecification\",\"valueRequired\":true,\"valueName\":\"search_term_string\"}}],\"inLanguage\":\"pt-BR\"},{\"@type\":\"Organization\",\"@id\":\"https:\\\/\\\/redenoticiaz.com.br\\\/litoralsp\\\/#organization\",\"name\":\"Litoral SP\",\"url\":\"https:\\\/\\\/redenoticiaz.com.br\\\/litoralsp\\\/\",\"logo\":{\"@type\":\"ImageObject\",\"inLanguage\":\"pt-BR\",\"@id\":\"https:\\\/\\\/redenoticiaz.com.br\\\/litoralsp\\\/#\\\/schema\\\/logo\\\/image\\\/\",\"url\":\"https:\\\/\\\/redenoticiaz.com.br\\\/litoralsp\\\/wp-content\\\/uploads\\\/sites\\\/3\\\/2020\\\/11\\\/logo.jpg\",\"contentUrl\":\"https:\\\/\\\/redenoticiaz.com.br\\\/litoralsp\\\/wp-content\\\/uploads\\\/sites\\\/3\\\/2020\\\/11\\\/logo.jpg\",\"width\":400,\"height\":250,\"caption\":\"Litoral SP\"},\"image\":{\"@id\":\"https:\\\/\\\/redenoticiaz.com.br\\\/litoralsp\\\/#\\\/schema\\\/logo\\\/image\\\/\"}},{\"@type\":\"Person\",\"@id\":\"\",\"url\":\"https:\\\/\\\/redenoticiaz.com.br\\\/litoralsp\\\/author\"}]}<\/script>\n<!-- \/ Yoast SEO plugin. -->","yoast_head_json":{"title":"Confira o trailer de \u201cFervo\u201d a nova com\u00e9dia nacional - Litoral SP","description":"\u00a0\u201cFervo\u201d, que estreia nos cinemas brasileiros em 19 de janeiro de 2023. Dirigido por Felipe Joffily e com roteiro de Thiago Gadelha.","robots":{"index":"index","follow":"follow","max-snippet":"max-snippet:-1","max-image-preview":"max-image-preview:large","max-video-preview":"max-video-preview:-1"},"canonical":"https:\/\/redenoticiaz.com.br\/litoralsp\/2022\/10\/15\/confira-o-trailer-de-fervo-a-nova-comedia-nacional","og_locale":"pt_BR","og_type":"article","og_title":"Confira o trailer de \u201cFervo\u201d a nova com\u00e9dia nacional - Litoral SP","og_description":"\u00a0\u201cFervo\u201d, que estreia nos cinemas brasileiros em 19 de janeiro de 2023. Dirigido por Felipe Joffily e com roteiro de Thiago Gadelha.","og_url":"https:\/\/redenoticiaz.com.br\/litoralsp\/2022\/10\/15\/confira-o-trailer-de-fervo-a-nova-comedia-nacional","og_site_name":"Litoral SP","article_published_time":"2022-10-15T16:00:37+00:00","og_image":[{"width":567,"height":365,"url":"https:\/\/redenoticiaz.com.br\/litoralsp\/wp-content\/uploads\/sites\/3\/2022\/10\/image003-3.jpg","type":"image\/jpeg"}],"twitter_card":"summary_large_image","twitter_misc":{"Escrito por":"","Est. tempo de leitura":"1 minuto"},"schema":{"@context":"https:\/\/schema.org","@graph":[{"@type":"Article","@id":"https:\/\/redenoticiaz.com.br\/litoralsp\/2022\/10\/15\/confira-o-trailer-de-fervo-a-nova-comedia-nacional#article","isPartOf":{"@id":"https:\/\/redenoticiaz.com.br\/litoralsp\/2022\/10\/15\/confira-o-trailer-de-fervo-a-nova-comedia-nacional"},"author":{"name":"","@id":""},"headline":"Confira o trailer de \u201cFervo\u201d a nova com\u00e9dia nacional","datePublished":"2022-10-15T16:00:37+00:00","mainEntityOfPage":{"@id":"https:\/\/redenoticiaz.com.br\/litoralsp\/2022\/10\/15\/confira-o-trailer-de-fervo-a-nova-comedia-nacional"},"wordCount":155,"commentCount":0,"publisher":{"@id":"https:\/\/redenoticiaz.com.br\/litoralsp\/#organization"},"image":{"@id":"https:\/\/redenoticiaz.com.br\/litoralsp\/2022\/10\/15\/confira-o-trailer-de-fervo-a-nova-comedia-nacional#primaryimage"},"thumbnailUrl":"https:\/\/redenoticiaz.com.br\/litoralsp\/wp-content\/uploads\/sites\/3\/2022\/10\/image003-3.jpg","keywords":["CINEMA","COM\u00c9DIA","FERVO","FILME NACIONAL","SATR"],"articleSection":["Entretenimento"],"inLanguage":"pt-BR","potentialAction":[{"@type":"CommentAction","name":"Comment","target":["https:\/\/redenoticiaz.com.br\/litoralsp\/2022\/10\/15\/confira-o-trailer-de-fervo-a-nova-comedia-nacional#respond"]}]},{"@type":"WebPage","@id":"https:\/\/redenoticiaz.com.br\/litoralsp\/2022\/10\/15\/confira-o-trailer-de-fervo-a-nova-comedia-nacional","url":"https:\/\/redenoticiaz.com.br\/litoralsp\/2022\/10\/15\/confira-o-trailer-de-fervo-a-nova-comedia-nacional","name":"Confira o trailer de \u201cFervo\u201d a nova com\u00e9dia nacional - Litoral SP","isPartOf":{"@id":"https:\/\/redenoticiaz.com.br\/litoralsp\/#website"},"primaryImageOfPage":{"@id":"https:\/\/redenoticiaz.com.br\/litoralsp\/2022\/10\/15\/confira-o-trailer-de-fervo-a-nova-comedia-nacional#primaryimage"},"image":{"@id":"https:\/\/redenoticiaz.com.br\/litoralsp\/2022\/10\/15\/confira-o-trailer-de-fervo-a-nova-comedia-nacional#primaryimage"},"thumbnailUrl":"https:\/\/redenoticiaz.com.br\/litoralsp\/wp-content\/uploads\/sites\/3\/2022\/10\/image003-3.jpg","datePublished":"2022-10-15T16:00:37+00:00","description":"\u00a0\u201cFervo\u201d, que estreia nos cinemas brasileiros em 19 de janeiro de 2023. Dirigido por Felipe Joffily e com roteiro de Thiago Gadelha.","inLanguage":"pt-BR","potentialAction":[{"@type":"ReadAction","target":["https:\/\/redenoticiaz.com.br\/litoralsp\/2022\/10\/15\/confira-o-trailer-de-fervo-a-nova-comedia-nacional"]}]},{"@type":"ImageObject","inLanguage":"pt-BR","@id":"https:\/\/redenoticiaz.com.br\/litoralsp\/2022\/10\/15\/confira-o-trailer-de-fervo-a-nova-comedia-nacional#primaryimage","url":"https:\/\/redenoticiaz.com.br\/litoralsp\/wp-content\/uploads\/sites\/3\/2022\/10\/image003-3.jpg","contentUrl":"https:\/\/redenoticiaz.com.br\/litoralsp\/wp-content\/uploads\/sites\/3\/2022\/10\/image003-3.jpg","width":567,"height":365},{"@type":"WebSite","@id":"https:\/\/redenoticiaz.com.br\/litoralsp\/#website","url":"https:\/\/redenoticiaz.com.br\/litoralsp\/","name":"Litoral SP","description":"Rede NoticiaZ","publisher":{"@id":"https:\/\/redenoticiaz.com.br\/litoralsp\/#organization"},"potentialAction":[{"@type":"SearchAction","target":{"@type":"EntryPoint","urlTemplate":"https:\/\/redenoticiaz.com.br\/litoralsp\/?s={search_term_string}"},"query-input":{"@type":"PropertyValueSpecification","valueRequired":true,"valueName":"search_term_string"}}],"inLanguage":"pt-BR"},{"@type":"Organization","@id":"https:\/\/redenoticiaz.com.br\/litoralsp\/#organization","name":"Litoral SP","url":"https:\/\/redenoticiaz.com.br\/litoralsp\/","logo":{"@type":"ImageObject","inLanguage":"pt-BR","@id":"https:\/\/redenoticiaz.com.br\/litoralsp\/#\/schema\/logo\/image\/","url":"https:\/\/redenoticiaz.com.br\/litoralsp\/wp-content\/uploads\/sites\/3\/2020\/11\/logo.jpg","contentUrl":"https:\/\/redenoticiaz.com.br\/litoralsp\/wp-content\/uploads\/sites\/3\/2020\/11\/logo.jpg","width":400,"height":250,"caption":"Litoral SP"},"image":{"@id":"https:\/\/redenoticiaz.com.br\/litoralsp\/#\/schema\/logo\/image\/"}},{"@type":"Person","@id":"","url":"https:\/\/redenoticiaz.com.br\/litoralsp\/author"}]}},"_links":{"self":[{"href":"https:\/\/redenoticiaz.com.br\/litoralsp\/wp-json\/wp\/v2\/posts\/93132","targetHints":{"allow":["GET"]}}],"collection":[{"href":"https:\/\/redenoticiaz.com.br\/litoralsp\/wp-json\/wp\/v2\/posts"}],"about":[{"href":"https:\/\/redenoticiaz.com.br\/litoralsp\/wp-json\/wp\/v2\/types\/post"}],"author":[{"embeddable":true,"href":"https:\/\/redenoticiaz.com.br\/litoralsp\/wp-json\/wp\/v2\/users\/15"}],"replies":[{"embeddable":true,"href":"https:\/\/redenoticiaz.com.br\/litoralsp\/wp-json\/wp\/v2\/comments?post=93132"}],"version-history":[{"count":1,"href":"https:\/\/redenoticiaz.com.br\/litoralsp\/wp-json\/wp\/v2\/posts\/93132\/revisions"}],"predecessor-version":[{"id":93135,"href":"https:\/\/redenoticiaz.com.br\/litoralsp\/wp-json\/wp\/v2\/posts\/93132\/revisions\/93135"}],"wp:featuredmedia":[{"embeddable":true,"href":"https:\/\/redenoticiaz.com.br\/litoralsp\/wp-json\/wp\/v2\/media\/93134"}],"wp:attachment":[{"href":"https:\/\/redenoticiaz.com.br\/litoralsp\/wp-json\/wp\/v2\/media?parent=93132"}],"wp:term":[{"taxonomy":"category","embeddable":true,"href":"https:\/\/redenoticiaz.com.br\/litoralsp\/wp-json\/wp\/v2\/categories?post=93132"},{"taxonomy":"post_tag","embeddable":true,"href":"https:\/\/redenoticiaz.com.br\/litoralsp\/wp-json\/wp\/v2\/tags?post=93132"}],"curies":[{"name":"wp","href":"https:\/\/api.w.org\/{rel}","templated":true}]}}