{"id":93169,"date":"2022-10-12T15:00:04","date_gmt":"2022-10-12T18:00:04","guid":{"rendered":"https:\/\/redenoticiaz.com.br\/litoralsp\/?p=93169"},"modified":"2022-10-12T12:36:13","modified_gmt":"2022-10-12T15:36:13","slug":"guaruja-entra-na-era-do-5g-com-lei-especifica-para-instalacao-de-estacoes","status":"publish","type":"post","link":"https:\/\/redenoticiaz.com.br\/litoralsp\/2022\/10\/12\/guaruja-entra-na-era-do-5g-com-lei-especifica-para-instalacao-de-estacoes","title":{"rendered":"Guaruj\u00e1 entra na era do 5G com lei espec\u00edfica para instala\u00e7\u00e3o de esta\u00e7\u00f5es"},"content":{"rendered":"<p>Guaruj\u00e1 entra na era do 5G com lei espec\u00edfica para instala\u00e7\u00e3o de esta\u00e7\u00f5es ao sancionar a Lei Municipal 5.057, que diversas estabelece normas.<\/p>\n<p>Segundo a prefeitura, estas normais s\u00e3o importantes para \u00a0instala\u00e7\u00e3o das esta\u00e7\u00f5es transmissoras de radiocomunica\u00e7\u00e3o.<\/p>\n<p class=\"v1MsoNormal\">De acordo com o cronograma da Ag\u00eancia Nacional de Telecomunica\u00e7\u00f5es (Anatel), que regula o servi\u00e7o em todo o pa\u00eds, cidades como Guaruj\u00e1 devem receber a nova tecnologia de transmiss\u00e3o de dados at\u00e9 o dia 31 de julho de 2026.<\/p>\n<p class=\"v1MsoNormal\">Sendo assim, em rela\u00e7\u00e3o \u00e0s estruturas de suporte de rede de telecomunica\u00e7\u00f5es, ser\u00e3o exigidos recuos de no m\u00ednimo 5 metros entre a divisa do im\u00f3vel vizinho at\u00e9 a face mais pr\u00f3xima do poste ou torre.<\/p>\n<h2 class=\"v1MsoNormal\"><b>\u00a0<\/b><b>Responsabilidade<\/b><\/h2>\n<p class=\"v1MsoNormal\">A autoriza\u00e7\u00e3o para implanta\u00e7\u00e3o das Esta\u00e7\u00f5es ser\u00e1 responsabilidade da Secretaria Municipal de Infraestrutura e Obras, em conjunto com outras secretarias.<\/p>\n<p class=\"v1MsoNormal\">Todas as instala\u00e7\u00f5es dever\u00e3o observar as normas da ABNT e atender requisitos como o Estudo de Impacto de Vizinhan\u00e7a (EIV) e Plano de Gerenciamento dos Res\u00edduos da Constru\u00e7\u00e3o Civil, se for o caso.<\/p>\n<p><strong>Leia mais<\/strong><\/p>\n<p><a href=\"https:\/\/redenoticiaz.com.br\/litoralsp\/2022\/10\/10\/praia-de-guaruja-e-premiada-com-bandeira-azul-por-13-anos-consecutivos\">Pol\u00edcia apreende grande quantidade de drogas, armas e muni\u00e7\u00f5es em Guaruj\u00e1<\/a><\/p>\n<p><a href=\"https:\/\/redenoticiaz.com.br\/litoralsp\/2022\/10\/11\/dia-das-criancas-com-o-turismo-acontece-em-guaruja\">Policial reage a quadrilha durante assalto no Guaruj\u00e1<\/a><\/p>\n<p><a href=\"https:\/\/redenoticiaz.com.br\/litoralsp\/2022\/10\/10\/policia-apreende-grande-quantidade-de-drogas-armas-e-municoes-em-guaruja\">Pol\u00edcia apreende grande quantidade de drogas, armas e muni\u00e7\u00f5es em Guaruj\u00e1<\/a><\/p>\n<p><a href=\"https:\/\/redenoticiaz.com.br\/litoralsp\/2022\/10\/04\/procon-guaruja-realiza-operacao-dia-das-criancas-a-partir-desta-semana\">Procon Guaruj\u00e1 realiza Opera\u00e7\u00e3o Dia das Crian\u00e7as a partir desta semana<\/a><\/p>\n<p><a href=\"https:\/\/redenoticiaz.com.br\/litoralsp\/2022\/10\/03\/guaruja-comeca-a-vacinar-criancas-de-3-anos-contra-a-covid\">Guaruj\u00e1 come\u00e7a a vacinar crian\u00e7as de 3 anos contra a Covid<\/a><\/p>\n","protected":false},"excerpt":{"rendered":"<p>Guaruj\u00e1 entra na era do 5G com lei espec\u00edfica para instala\u00e7\u00e3o de esta\u00e7\u00f5es ao sancionar a Lei Municipal 5.057, que diversas estabelece normas. Segundo a prefeitura, estas normais s\u00e3o importantes para \u00a0instala\u00e7\u00e3o das esta\u00e7\u00f5es transmissoras de radiocomunica\u00e7\u00e3o. De acordo com o cronograma da Ag\u00eancia Nacional de Telecomunica\u00e7\u00f5es (Anatel), que regula o servi\u00e7o em todo o &hellip;<\/p>\n","protected":false},"author":12,"featured_media":93170,"comment_status":"open","ping_status":"closed","sticky":false,"template":"","format":"standard","meta":{"footnotes":""},"categories":[187],"tags":[20998,60044,60045,59729],"class_list":["post-93169","post","type-post","status-publish","format-standard","has-post-thumbnail","hentry","category-guaruja","tag-5g","tag-5g-no-guaruja","tag-instalacao","tag-normas"],"yoast_head":"<!-- This site is optimized with the Yoast SEO plugin v27.5 - https:\/\/yoast.com\/product\/yoast-seo-wordpress\/ -->\n<title>Guaruj\u00e1 entra na era do 5G com lei espec\u00edfica para instala\u00e7\u00e3o de esta\u00e7\u00f5es - Litoral SP<\/title>\n<meta name=\"description\" content=\"Guaruj\u00e1 entra na era do 5G com lei espec\u00edfica para instala\u00e7\u00e3o de esta\u00e7\u00f5es ao sancionar a Lei Municipal 5.057, que diversas estabelece normas.\" \/>\n<meta name=\"robots\" content=\"index, follow, max-snippet:-1, max-image-preview:large, max-video-preview:-1\" \/>\n<link rel=\"canonical\" href=\"https:\/\/redenoticiaz.com.br\/litoralsp\/2022\/10\/12\/guaruja-entra-na-era-do-5g-com-lei-especifica-para-instalacao-de-estacoes\" \/>\n<meta property=\"og:locale\" content=\"pt_BR\" \/>\n<meta property=\"og:type\" content=\"article\" \/>\n<meta property=\"og:title\" content=\"Guaruj\u00e1 entra na era do 5G com lei espec\u00edfica para instala\u00e7\u00e3o de esta\u00e7\u00f5es - Litoral SP\" \/>\n<meta property=\"og:description\" content=\"Guaruj\u00e1 entra na era do 5G com lei espec\u00edfica para instala\u00e7\u00e3o de esta\u00e7\u00f5es ao sancionar a Lei Municipal 5.057, que diversas estabelece normas.\" \/>\n<meta property=\"og:url\" content=\"https:\/\/redenoticiaz.com.br\/litoralsp\/2022\/10\/12\/guaruja-entra-na-era-do-5g-com-lei-especifica-para-instalacao-de-estacoes\" \/>\n<meta property=\"og:site_name\" content=\"Litoral SP\" \/>\n<meta property=\"article:published_time\" content=\"2022-10-12T18:00:04+00:00\" \/>\n<meta property=\"og:image\" content=\"https:\/\/redenoticiaz.com.br\/litoralsp\/wp-content\/uploads\/sites\/3\/2022\/10\/51748166667_3b29356406_k-scaled.jpg\" \/>\n\t<meta property=\"og:image:width\" content=\"1920\" \/>\n\t<meta property=\"og:image:height\" content=\"1080\" \/>\n\t<meta property=\"og:image:type\" content=\"image\/jpeg\" \/>\n<meta name=\"author\" content=\"Gustavo Silva\" \/>\n<meta name=\"twitter:card\" content=\"summary_large_image\" \/>\n<meta name=\"twitter:label1\" content=\"Escrito por\" \/>\n\t<meta name=\"twitter:data1\" content=\"Gustavo Silva\" \/>\n\t<meta name=\"twitter:label2\" content=\"Est. tempo de leitura\" \/>\n\t<meta name=\"twitter:data2\" content=\"2 minutos\" \/>\n<script type=\"application\/ld+json\" class=\"yoast-schema-graph\">{\"@context\":\"https:\\\/\\\/schema.org\",\"@graph\":[{\"@type\":\"Article\",\"@id\":\"https:\\\/\\\/redenoticiaz.com.br\\\/litoralsp\\\/2022\\\/10\\\/12\\\/guaruja-entra-na-era-do-5g-com-lei-especifica-para-instalacao-de-estacoes#article\",\"isPartOf\":{\"@id\":\"https:\\\/\\\/redenoticiaz.com.br\\\/litoralsp\\\/2022\\\/10\\\/12\\\/guaruja-entra-na-era-do-5g-com-lei-especifica-para-instalacao-de-estacoes\"},\"author\":{\"name\":\"Gustavo Silva\",\"@id\":\"https:\\\/\\\/redenoticiaz.com.br\\\/litoralsp\\\/#\\\/schema\\\/person\\\/16057b37a3c0ee6b096d7f887c566e2e\"},\"headline\":\"Guaruj\u00e1 entra na era do 5G com lei espec\u00edfica para instala\u00e7\u00e3o de esta\u00e7\u00f5es\",\"datePublished\":\"2022-10-12T18:00:04+00:00\",\"mainEntityOfPage\":{\"@id\":\"https:\\\/\\\/redenoticiaz.com.br\\\/litoralsp\\\/2022\\\/10\\\/12\\\/guaruja-entra-na-era-do-5g-com-lei-especifica-para-instalacao-de-estacoes\"},\"wordCount\":264,\"commentCount\":0,\"publisher\":{\"@id\":\"https:\\\/\\\/redenoticiaz.com.br\\\/litoralsp\\\/#organization\"},\"image\":{\"@id\":\"https:\\\/\\\/redenoticiaz.com.br\\\/litoralsp\\\/2022\\\/10\\\/12\\\/guaruja-entra-na-era-do-5g-com-lei-especifica-para-instalacao-de-estacoes#primaryimage\"},\"thumbnailUrl\":\"https:\\\/\\\/redenoticiaz.com.br\\\/litoralsp\\\/wp-content\\\/uploads\\\/sites\\\/3\\\/2022\\\/10\\\/51748166667_3b29356406_k-scaled.jpg\",\"keywords\":[\"5G\",\"5g no guaruj\u00e1\",\"instala\u00e7\u00e3o\",\"NORMAS\"],\"articleSection\":[\"Guaruj\u00e1\"],\"inLanguage\":\"pt-BR\",\"potentialAction\":[{\"@type\":\"CommentAction\",\"name\":\"Comment\",\"target\":[\"https:\\\/\\\/redenoticiaz.com.br\\\/litoralsp\\\/2022\\\/10\\\/12\\\/guaruja-entra-na-era-do-5g-com-lei-especifica-para-instalacao-de-estacoes#respond\"]}]},{\"@type\":\"WebPage\",\"@id\":\"https:\\\/\\\/redenoticiaz.com.br\\\/litoralsp\\\/2022\\\/10\\\/12\\\/guaruja-entra-na-era-do-5g-com-lei-especifica-para-instalacao-de-estacoes\",\"url\":\"https:\\\/\\\/redenoticiaz.com.br\\\/litoralsp\\\/2022\\\/10\\\/12\\\/guaruja-entra-na-era-do-5g-com-lei-especifica-para-instalacao-de-estacoes\",\"name\":\"Guaruj\u00e1 entra na era do 5G com lei espec\u00edfica para instala\u00e7\u00e3o de esta\u00e7\u00f5es - Litoral SP\",\"isPartOf\":{\"@id\":\"https:\\\/\\\/redenoticiaz.com.br\\\/litoralsp\\\/#website\"},\"primaryImageOfPage\":{\"@id\":\"https:\\\/\\\/redenoticiaz.com.br\\\/litoralsp\\\/2022\\\/10\\\/12\\\/guaruja-entra-na-era-do-5g-com-lei-especifica-para-instalacao-de-estacoes#primaryimage\"},\"image\":{\"@id\":\"https:\\\/\\\/redenoticiaz.com.br\\\/litoralsp\\\/2022\\\/10\\\/12\\\/guaruja-entra-na-era-do-5g-com-lei-especifica-para-instalacao-de-estacoes#primaryimage\"},\"thumbnailUrl\":\"https:\\\/\\\/redenoticiaz.com.br\\\/litoralsp\\\/wp-content\\\/uploads\\\/sites\\\/3\\\/2022\\\/10\\\/51748166667_3b29356406_k-scaled.jpg\",\"datePublished\":\"2022-10-12T18:00:04+00:00\",\"description\":\"Guaruj\u00e1 entra na era do 5G com lei espec\u00edfica para instala\u00e7\u00e3o de esta\u00e7\u00f5es ao sancionar a Lei Municipal 5.057, que diversas estabelece normas.\",\"inLanguage\":\"pt-BR\",\"potentialAction\":[{\"@type\":\"ReadAction\",\"target\":[\"https:\\\/\\\/redenoticiaz.com.br\\\/litoralsp\\\/2022\\\/10\\\/12\\\/guaruja-entra-na-era-do-5g-com-lei-especifica-para-instalacao-de-estacoes\"]}]},{\"@type\":\"ImageObject\",\"inLanguage\":\"pt-BR\",\"@id\":\"https:\\\/\\\/redenoticiaz.com.br\\\/litoralsp\\\/2022\\\/10\\\/12\\\/guaruja-entra-na-era-do-5g-com-lei-especifica-para-instalacao-de-estacoes#primaryimage\",\"url\":\"https:\\\/\\\/redenoticiaz.com.br\\\/litoralsp\\\/wp-content\\\/uploads\\\/sites\\\/3\\\/2022\\\/10\\\/51748166667_3b29356406_k-scaled.jpg\",\"contentUrl\":\"https:\\\/\\\/redenoticiaz.com.br\\\/litoralsp\\\/wp-content\\\/uploads\\\/sites\\\/3\\\/2022\\\/10\\\/51748166667_3b29356406_k-scaled.jpg\",\"width\":1920,\"height\":1080,\"caption\":\"Guaruj\u00e1 entra na era do 5G com lei espec\u00edfica para instala\u00e7\u00e3o de esta\u00e7\u00f5es\"},{\"@type\":\"WebSite\",\"@id\":\"https:\\\/\\\/redenoticiaz.com.br\\\/litoralsp\\\/#website\",\"url\":\"https:\\\/\\\/redenoticiaz.com.br\\\/litoralsp\\\/\",\"name\":\"Litoral SP\",\"description\":\"Rede NoticiaZ\",\"publisher\":{\"@id\":\"https:\\\/\\\/redenoticiaz.com.br\\\/litoralsp\\\/#organization\"},\"potentialAction\":[{\"@type\":\"SearchAction\",\"target\":{\"@type\":\"EntryPoint\",\"urlTemplate\":\"https:\\\/\\\/redenoticiaz.com.br\\\/litoralsp\\\/?s={search_term_string}\"},\"query-input\":{\"@type\":\"PropertyValueSpecification\",\"valueRequired\":true,\"valueName\":\"search_term_string\"}}],\"inLanguage\":\"pt-BR\"},{\"@type\":\"Organization\",\"@id\":\"https:\\\/\\\/redenoticiaz.com.br\\\/litoralsp\\\/#organization\",\"name\":\"Litoral SP\",\"url\":\"https:\\\/\\\/redenoticiaz.com.br\\\/litoralsp\\\/\",\"logo\":{\"@type\":\"ImageObject\",\"inLanguage\":\"pt-BR\",\"@id\":\"https:\\\/\\\/redenoticiaz.com.br\\\/litoralsp\\\/#\\\/schema\\\/logo\\\/image\\\/\",\"url\":\"https:\\\/\\\/redenoticiaz.com.br\\\/litoralsp\\\/wp-content\\\/uploads\\\/sites\\\/3\\\/2020\\\/11\\\/logo.jpg\",\"contentUrl\":\"https:\\\/\\\/redenoticiaz.com.br\\\/litoralsp\\\/wp-content\\\/uploads\\\/sites\\\/3\\\/2020\\\/11\\\/logo.jpg\",\"width\":400,\"height\":250,\"caption\":\"Litoral SP\"},\"image\":{\"@id\":\"https:\\\/\\\/redenoticiaz.com.br\\\/litoralsp\\\/#\\\/schema\\\/logo\\\/image\\\/\"}},{\"@type\":\"Person\",\"@id\":\"https:\\\/\\\/redenoticiaz.com.br\\\/litoralsp\\\/#\\\/schema\\\/person\\\/16057b37a3c0ee6b096d7f887c566e2e\",\"name\":\"Gustavo Silva\",\"image\":{\"@type\":\"ImageObject\",\"inLanguage\":\"pt-BR\",\"@id\":\"https:\\\/\\\/secure.gravatar.com\\\/avatar\\\/3ee4e82f93b26de0a7cf4ea5eb7893da637ed6bb0c9170c58065944c56e28a33?s=96&d=mm&r=g\",\"url\":\"https:\\\/\\\/secure.gravatar.com\\\/avatar\\\/3ee4e82f93b26de0a7cf4ea5eb7893da637ed6bb0c9170c58065944c56e28a33?s=96&d=mm&r=g\",\"contentUrl\":\"https:\\\/\\\/secure.gravatar.com\\\/avatar\\\/3ee4e82f93b26de0a7cf4ea5eb7893da637ed6bb0c9170c58065944c56e28a33?s=96&d=mm&r=g\",\"caption\":\"Gustavo Silva\"},\"url\":\"https:\\\/\\\/redenoticiaz.com.br\\\/litoralsp\\\/author\\\/gustavosilva\"}]}<\/script>\n<!-- \/ Yoast SEO plugin. -->","yoast_head_json":{"title":"Guaruj\u00e1 entra na era do 5G com lei espec\u00edfica para instala\u00e7\u00e3o de esta\u00e7\u00f5es - Litoral SP","description":"Guaruj\u00e1 entra na era do 5G com lei espec\u00edfica para instala\u00e7\u00e3o de esta\u00e7\u00f5es ao sancionar a Lei Municipal 5.057, que diversas estabelece normas.","robots":{"index":"index","follow":"follow","max-snippet":"max-snippet:-1","max-image-preview":"max-image-preview:large","max-video-preview":"max-video-preview:-1"},"canonical":"https:\/\/redenoticiaz.com.br\/litoralsp\/2022\/10\/12\/guaruja-entra-na-era-do-5g-com-lei-especifica-para-instalacao-de-estacoes","og_locale":"pt_BR","og_type":"article","og_title":"Guaruj\u00e1 entra na era do 5G com lei espec\u00edfica para instala\u00e7\u00e3o de esta\u00e7\u00f5es - Litoral SP","og_description":"Guaruj\u00e1 entra na era do 5G com lei espec\u00edfica para instala\u00e7\u00e3o de esta\u00e7\u00f5es ao sancionar a Lei Municipal 5.057, que diversas estabelece normas.","og_url":"https:\/\/redenoticiaz.com.br\/litoralsp\/2022\/10\/12\/guaruja-entra-na-era-do-5g-com-lei-especifica-para-instalacao-de-estacoes","og_site_name":"Litoral SP","article_published_time":"2022-10-12T18:00:04+00:00","og_image":[{"width":1920,"height":1080,"url":"https:\/\/redenoticiaz.com.br\/litoralsp\/wp-content\/uploads\/sites\/3\/2022\/10\/51748166667_3b29356406_k-scaled.jpg","type":"image\/jpeg"}],"author":"Gustavo Silva","twitter_card":"summary_large_image","twitter_misc":{"Escrito por":"Gustavo Silva","Est. tempo de leitura":"2 minutos"},"schema":{"@context":"https:\/\/schema.org","@graph":[{"@type":"Article","@id":"https:\/\/redenoticiaz.com.br\/litoralsp\/2022\/10\/12\/guaruja-entra-na-era-do-5g-com-lei-especifica-para-instalacao-de-estacoes#article","isPartOf":{"@id":"https:\/\/redenoticiaz.com.br\/litoralsp\/2022\/10\/12\/guaruja-entra-na-era-do-5g-com-lei-especifica-para-instalacao-de-estacoes"},"author":{"name":"Gustavo Silva","@id":"https:\/\/redenoticiaz.com.br\/litoralsp\/#\/schema\/person\/16057b37a3c0ee6b096d7f887c566e2e"},"headline":"Guaruj\u00e1 entra na era do 5G com lei espec\u00edfica para instala\u00e7\u00e3o de esta\u00e7\u00f5es","datePublished":"2022-10-12T18:00:04+00:00","mainEntityOfPage":{"@id":"https:\/\/redenoticiaz.com.br\/litoralsp\/2022\/10\/12\/guaruja-entra-na-era-do-5g-com-lei-especifica-para-instalacao-de-estacoes"},"wordCount":264,"commentCount":0,"publisher":{"@id":"https:\/\/redenoticiaz.com.br\/litoralsp\/#organization"},"image":{"@id":"https:\/\/redenoticiaz.com.br\/litoralsp\/2022\/10\/12\/guaruja-entra-na-era-do-5g-com-lei-especifica-para-instalacao-de-estacoes#primaryimage"},"thumbnailUrl":"https:\/\/redenoticiaz.com.br\/litoralsp\/wp-content\/uploads\/sites\/3\/2022\/10\/51748166667_3b29356406_k-scaled.jpg","keywords":["5G","5g no guaruj\u00e1","instala\u00e7\u00e3o","NORMAS"],"articleSection":["Guaruj\u00e1"],"inLanguage":"pt-BR","potentialAction":[{"@type":"CommentAction","name":"Comment","target":["https:\/\/redenoticiaz.com.br\/litoralsp\/2022\/10\/12\/guaruja-entra-na-era-do-5g-com-lei-especifica-para-instalacao-de-estacoes#respond"]}]},{"@type":"WebPage","@id":"https:\/\/redenoticiaz.com.br\/litoralsp\/2022\/10\/12\/guaruja-entra-na-era-do-5g-com-lei-especifica-para-instalacao-de-estacoes","url":"https:\/\/redenoticiaz.com.br\/litoralsp\/2022\/10\/12\/guaruja-entra-na-era-do-5g-com-lei-especifica-para-instalacao-de-estacoes","name":"Guaruj\u00e1 entra na era do 5G com lei espec\u00edfica para instala\u00e7\u00e3o de esta\u00e7\u00f5es - Litoral SP","isPartOf":{"@id":"https:\/\/redenoticiaz.com.br\/litoralsp\/#website"},"primaryImageOfPage":{"@id":"https:\/\/redenoticiaz.com.br\/litoralsp\/2022\/10\/12\/guaruja-entra-na-era-do-5g-com-lei-especifica-para-instalacao-de-estacoes#primaryimage"},"image":{"@id":"https:\/\/redenoticiaz.com.br\/litoralsp\/2022\/10\/12\/guaruja-entra-na-era-do-5g-com-lei-especifica-para-instalacao-de-estacoes#primaryimage"},"thumbnailUrl":"https:\/\/redenoticiaz.com.br\/litoralsp\/wp-content\/uploads\/sites\/3\/2022\/10\/51748166667_3b29356406_k-scaled.jpg","datePublished":"2022-10-12T18:00:04+00:00","description":"Guaruj\u00e1 entra na era do 5G com lei espec\u00edfica para instala\u00e7\u00e3o de esta\u00e7\u00f5es ao sancionar a Lei Municipal 5.057, que diversas estabelece normas.","inLanguage":"pt-BR","potentialAction":[{"@type":"ReadAction","target":["https:\/\/redenoticiaz.com.br\/litoralsp\/2022\/10\/12\/guaruja-entra-na-era-do-5g-com-lei-especifica-para-instalacao-de-estacoes"]}]},{"@type":"ImageObject","inLanguage":"pt-BR","@id":"https:\/\/redenoticiaz.com.br\/litoralsp\/2022\/10\/12\/guaruja-entra-na-era-do-5g-com-lei-especifica-para-instalacao-de-estacoes#primaryimage","url":"https:\/\/redenoticiaz.com.br\/litoralsp\/wp-content\/uploads\/sites\/3\/2022\/10\/51748166667_3b29356406_k-scaled.jpg","contentUrl":"https:\/\/redenoticiaz.com.br\/litoralsp\/wp-content\/uploads\/sites\/3\/2022\/10\/51748166667_3b29356406_k-scaled.jpg","width":1920,"height":1080,"caption":"Guaruj\u00e1 entra na era do 5G com lei espec\u00edfica para instala\u00e7\u00e3o de esta\u00e7\u00f5es"},{"@type":"WebSite","@id":"https:\/\/redenoticiaz.com.br\/litoralsp\/#website","url":"https:\/\/redenoticiaz.com.br\/litoralsp\/","name":"Litoral SP","description":"Rede NoticiaZ","publisher":{"@id":"https:\/\/redenoticiaz.com.br\/litoralsp\/#organization"},"potentialAction":[{"@type":"SearchAction","target":{"@type":"EntryPoint","urlTemplate":"https:\/\/redenoticiaz.com.br\/litoralsp\/?s={search_term_string}"},"query-input":{"@type":"PropertyValueSpecification","valueRequired":true,"valueName":"search_term_string"}}],"inLanguage":"pt-BR"},{"@type":"Organization","@id":"https:\/\/redenoticiaz.com.br\/litoralsp\/#organization","name":"Litoral SP","url":"https:\/\/redenoticiaz.com.br\/litoralsp\/","logo":{"@type":"ImageObject","inLanguage":"pt-BR","@id":"https:\/\/redenoticiaz.com.br\/litoralsp\/#\/schema\/logo\/image\/","url":"https:\/\/redenoticiaz.com.br\/litoralsp\/wp-content\/uploads\/sites\/3\/2020\/11\/logo.jpg","contentUrl":"https:\/\/redenoticiaz.com.br\/litoralsp\/wp-content\/uploads\/sites\/3\/2020\/11\/logo.jpg","width":400,"height":250,"caption":"Litoral SP"},"image":{"@id":"https:\/\/redenoticiaz.com.br\/litoralsp\/#\/schema\/logo\/image\/"}},{"@type":"Person","@id":"https:\/\/redenoticiaz.com.br\/litoralsp\/#\/schema\/person\/16057b37a3c0ee6b096d7f887c566e2e","name":"Gustavo Silva","image":{"@type":"ImageObject","inLanguage":"pt-BR","@id":"https:\/\/secure.gravatar.com\/avatar\/3ee4e82f93b26de0a7cf4ea5eb7893da637ed6bb0c9170c58065944c56e28a33?s=96&d=mm&r=g","url":"https:\/\/secure.gravatar.com\/avatar\/3ee4e82f93b26de0a7cf4ea5eb7893da637ed6bb0c9170c58065944c56e28a33?s=96&d=mm&r=g","contentUrl":"https:\/\/secure.gravatar.com\/avatar\/3ee4e82f93b26de0a7cf4ea5eb7893da637ed6bb0c9170c58065944c56e28a33?s=96&d=mm&r=g","caption":"Gustavo Silva"},"url":"https:\/\/redenoticiaz.com.br\/litoralsp\/author\/gustavosilva"}]}},"_links":{"self":[{"href":"https:\/\/redenoticiaz.com.br\/litoralsp\/wp-json\/wp\/v2\/posts\/93169","targetHints":{"allow":["GET"]}}],"collection":[{"href":"https:\/\/redenoticiaz.com.br\/litoralsp\/wp-json\/wp\/v2\/posts"}],"about":[{"href":"https:\/\/redenoticiaz.com.br\/litoralsp\/wp-json\/wp\/v2\/types\/post"}],"author":[{"embeddable":true,"href":"https:\/\/redenoticiaz.com.br\/litoralsp\/wp-json\/wp\/v2\/users\/12"}],"replies":[{"embeddable":true,"href":"https:\/\/redenoticiaz.com.br\/litoralsp\/wp-json\/wp\/v2\/comments?post=93169"}],"version-history":[{"count":1,"href":"https:\/\/redenoticiaz.com.br\/litoralsp\/wp-json\/wp\/v2\/posts\/93169\/revisions"}],"predecessor-version":[{"id":93171,"href":"https:\/\/redenoticiaz.com.br\/litoralsp\/wp-json\/wp\/v2\/posts\/93169\/revisions\/93171"}],"wp:featuredmedia":[{"embeddable":true,"href":"https:\/\/redenoticiaz.com.br\/litoralsp\/wp-json\/wp\/v2\/media\/93170"}],"wp:attachment":[{"href":"https:\/\/redenoticiaz.com.br\/litoralsp\/wp-json\/wp\/v2\/media?parent=93169"}],"wp:term":[{"taxonomy":"category","embeddable":true,"href":"https:\/\/redenoticiaz.com.br\/litoralsp\/wp-json\/wp\/v2\/categories?post=93169"},{"taxonomy":"post_tag","embeddable":true,"href":"https:\/\/redenoticiaz.com.br\/litoralsp\/wp-json\/wp\/v2\/tags?post=93169"}],"curies":[{"name":"wp","href":"https:\/\/api.w.org\/{rel}","templated":true}]}}