{"id":93242,"date":"2022-10-13T13:44:54","date_gmt":"2022-10-13T16:44:54","guid":{"rendered":"https:\/\/redenoticiaz.com.br\/litoralsp\/?p=93242"},"modified":"2022-10-13T13:44:54","modified_gmt":"2022-10-13T16:44:54","slug":"caminhao-do-peixe-oferece-pescados-a-precos-acessiveis-esta-semana-em-guaruja","status":"publish","type":"post","link":"https:\/\/redenoticiaz.com.br\/litoralsp\/2022\/10\/13\/caminhao-do-peixe-oferece-pescados-a-precos-acessiveis-esta-semana-em-guaruja","title":{"rendered":"Caminh\u00e3o do Peixe oferece pescados a pre\u00e7os acess\u00edveis esta semana em Guaruj\u00e1"},"content":{"rendered":"<p class=\"v1MsoNormal\">De segunda (10) a quinta-feira (13),\u00a0o\u00a0<span class=\"v1il\">Caminh\u00e3o<\/span>\u00a0do\u00a0<span class=\"v1il\">Peixe<\/span>\u00a0de Guaruj\u00e1 percorre os bairros da sede do Munic\u00edpio e do distrito de Vicente de Carvalho oferecendo pescados a pre\u00e7os mais acess\u00edveis. Tamb\u00e9m acontece a Feira de Agricultura Familiar com temperos, frutas, legumes e verduras mais em conta.<\/p>\n<p class=\"v1MsoNormal\"><b>Confira a programa\u00e7\u00e3o:<\/b><\/p>\n<p class=\"v1MsoNormal\"><b>Segunda-feira (17)<\/b><\/p>\n<p class=\"v1MsoNormal\">Das 10 \u00e0s 17 horas \u2013 Em frente ao camel\u00f3dromo, na Pra\u00e7a 14 Bis, em Vicente de Carvalho. No local, acontece tamb\u00e9m a Feira de Agricultura Familiar.<\/p>\n<p class=\"v1MsoNormal\"><b>Ter\u00e7a-feira (18)<\/b><\/p>\n<p class=\"v1MsoNormal\">Das 8 \u00e0s 12 horas \u2013 Ao lado do Supermercado Extra (Av. \u00c1urea Gonzales de Conde, 258, Jardim Progresso)<\/p>\n<p class=\"v1MsoNormal\">Das 14 \u00e0s 17 horas \u2013 Caec M\u00e1rcia Regina dos Santos (Av. Mario Daige, 1.440, Jardim Boa Esperan\u00e7a)<\/p>\n<p class=\"v1MsoNormal\"><b>Quarta-feira (19)<\/b><\/p>\n<p class=\"v1MsoNormal\">Das 8 \u00e0s 15 horas &#8211; Rua Acre com Av. Desembargador Pl\u00ednio de Carvalho Pinto, Enseada. No local, acontece tamb\u00e9m a Feira de Agricultura Familiar<\/p>\n<p class=\"v1MsoNormal\"><b>Quinta-feira (20)<\/b><\/p>\n<p class=\"v1MsoNormal\">Das 8 \u00e0s 15 horas \u2013 Centro Comercial ao lado do Super X (Morrinhos)<\/p>\n<p><strong>Leia mais<\/strong><\/p>\n<p><a href=\"https:\/\/redenoticiaz.com.br\/litoralsp\/2022\/10\/12\/guaruja-entra-na-era-do-5g-com-lei-especifica-para-instalacao-de-estacoes\">Guaruj\u00e1 entra na era do 5G com lei espec\u00edfica para instala\u00e7\u00e3o de esta\u00e7\u00f5es<\/a><\/p>\n","protected":false},"excerpt":{"rendered":"<p>De segunda (10) a quinta-feira (13),\u00a0o\u00a0Caminh\u00e3o\u00a0do\u00a0Peixe\u00a0de Guaruj\u00e1 percorre os bairros da sede do Munic\u00edpio e do distrito de Vicente de Carvalho oferecendo pescados a pre\u00e7os mais acess\u00edveis. Tamb\u00e9m acontece a Feira de Agricultura Familiar com temperos, frutas, legumes e verduras mais em conta. Confira a programa\u00e7\u00e3o: Segunda-feira (17) Das 10 \u00e0s 17 horas \u2013 Em &hellip;<\/p>\n","protected":false},"author":12,"featured_media":93243,"comment_status":"open","ping_status":"closed","sticky":false,"template":"","format":"standard","meta":{"footnotes":""},"categories":[187],"tags":[57887,1006,14648,60081],"class_list":["post-93242","post","type-post","status-publish","format-standard","has-post-thumbnail","hentry","category-guaruja","tag-caminhao-do-peixe","tag-guaruja","tag-pescados","tag-precos-baixos"],"yoast_head":"<!-- This site is optimized with the Yoast SEO plugin v27.5 - https:\/\/yoast.com\/product\/yoast-seo-wordpress\/ -->\n<title>Caminh\u00e3o do Peixe oferece pescados a pre\u00e7os acess\u00edveis esta semana em Guaruj\u00e1 - Litoral SP<\/title>\n<meta name=\"description\" content=\"Caminh\u00e3o\u00a0do\u00a0Peixe\u00a0de Guaruj\u00e1 percorre bairros do Munic\u00edpio e do distrito de Vicente de Carvalho oferecendo pescados a pre\u00e7os mais acess\u00edveis.\" \/>\n<meta name=\"robots\" content=\"index, follow, max-snippet:-1, max-image-preview:large, max-video-preview:-1\" \/>\n<link rel=\"canonical\" href=\"https:\/\/redenoticiaz.com.br\/litoralsp\/2022\/10\/13\/caminhao-do-peixe-oferece-pescados-a-precos-acessiveis-esta-semana-em-guaruja\" \/>\n<meta property=\"og:locale\" content=\"pt_BR\" \/>\n<meta property=\"og:type\" content=\"article\" \/>\n<meta property=\"og:title\" content=\"Caminh\u00e3o do Peixe oferece pescados a pre\u00e7os acess\u00edveis esta semana em Guaruj\u00e1 - Litoral SP\" \/>\n<meta property=\"og:description\" content=\"Caminh\u00e3o\u00a0do\u00a0Peixe\u00a0de Guaruj\u00e1 percorre bairros do Munic\u00edpio e do distrito de Vicente de Carvalho oferecendo pescados a pre\u00e7os mais acess\u00edveis.\" \/>\n<meta property=\"og:url\" content=\"https:\/\/redenoticiaz.com.br\/litoralsp\/2022\/10\/13\/caminhao-do-peixe-oferece-pescados-a-precos-acessiveis-esta-semana-em-guaruja\" \/>\n<meta property=\"og:site_name\" content=\"Litoral SP\" \/>\n<meta property=\"article:published_time\" content=\"2022-10-13T16:44:54+00:00\" \/>\n<meta property=\"og:image\" content=\"https:\/\/redenoticiaz.com.br\/litoralsp\/wp-content\/uploads\/sites\/3\/2022\/10\/52256695183_42364da242_k-scaled.jpg\" \/>\n\t<meta property=\"og:image:width\" content=\"1918\" \/>\n\t<meta property=\"og:image:height\" content=\"1080\" \/>\n\t<meta property=\"og:image:type\" content=\"image\/jpeg\" \/>\n<meta name=\"author\" content=\"Gustavo Silva\" \/>\n<meta name=\"twitter:card\" content=\"summary_large_image\" \/>\n<meta name=\"twitter:label1\" content=\"Escrito por\" \/>\n\t<meta name=\"twitter:data1\" content=\"Gustavo Silva\" \/>\n\t<meta name=\"twitter:label2\" content=\"Est. tempo de leitura\" \/>\n\t<meta name=\"twitter:data2\" content=\"1 minuto\" \/>\n<script type=\"application\/ld+json\" class=\"yoast-schema-graph\">{\"@context\":\"https:\\\/\\\/schema.org\",\"@graph\":[{\"@type\":\"Article\",\"@id\":\"https:\\\/\\\/redenoticiaz.com.br\\\/litoralsp\\\/2022\\\/10\\\/13\\\/caminhao-do-peixe-oferece-pescados-a-precos-acessiveis-esta-semana-em-guaruja#article\",\"isPartOf\":{\"@id\":\"https:\\\/\\\/redenoticiaz.com.br\\\/litoralsp\\\/2022\\\/10\\\/13\\\/caminhao-do-peixe-oferece-pescados-a-precos-acessiveis-esta-semana-em-guaruja\"},\"author\":{\"name\":\"Gustavo Silva\",\"@id\":\"https:\\\/\\\/redenoticiaz.com.br\\\/litoralsp\\\/#\\\/schema\\\/person\\\/16057b37a3c0ee6b096d7f887c566e2e\"},\"headline\":\"Caminh\u00e3o do Peixe oferece pescados a pre\u00e7os acess\u00edveis esta semana em Guaruj\u00e1\",\"datePublished\":\"2022-10-13T16:44:54+00:00\",\"mainEntityOfPage\":{\"@id\":\"https:\\\/\\\/redenoticiaz.com.br\\\/litoralsp\\\/2022\\\/10\\\/13\\\/caminhao-do-peixe-oferece-pescados-a-precos-acessiveis-esta-semana-em-guaruja\"},\"wordCount\":186,\"commentCount\":0,\"publisher\":{\"@id\":\"https:\\\/\\\/redenoticiaz.com.br\\\/litoralsp\\\/#organization\"},\"image\":{\"@id\":\"https:\\\/\\\/redenoticiaz.com.br\\\/litoralsp\\\/2022\\\/10\\\/13\\\/caminhao-do-peixe-oferece-pescados-a-precos-acessiveis-esta-semana-em-guaruja#primaryimage\"},\"thumbnailUrl\":\"https:\\\/\\\/redenoticiaz.com.br\\\/litoralsp\\\/wp-content\\\/uploads\\\/sites\\\/3\\\/2022\\\/10\\\/52256695183_42364da242_k-scaled.jpg\",\"keywords\":[\"caminh\u00e3o do peixe\",\"GUARUJ\u00c1\",\"PESCADOS\",\"pre\u00e7os baixos\"],\"articleSection\":[\"Guaruj\u00e1\"],\"inLanguage\":\"pt-BR\",\"potentialAction\":[{\"@type\":\"CommentAction\",\"name\":\"Comment\",\"target\":[\"https:\\\/\\\/redenoticiaz.com.br\\\/litoralsp\\\/2022\\\/10\\\/13\\\/caminhao-do-peixe-oferece-pescados-a-precos-acessiveis-esta-semana-em-guaruja#respond\"]}]},{\"@type\":\"WebPage\",\"@id\":\"https:\\\/\\\/redenoticiaz.com.br\\\/litoralsp\\\/2022\\\/10\\\/13\\\/caminhao-do-peixe-oferece-pescados-a-precos-acessiveis-esta-semana-em-guaruja\",\"url\":\"https:\\\/\\\/redenoticiaz.com.br\\\/litoralsp\\\/2022\\\/10\\\/13\\\/caminhao-do-peixe-oferece-pescados-a-precos-acessiveis-esta-semana-em-guaruja\",\"name\":\"Caminh\u00e3o do Peixe oferece pescados a pre\u00e7os acess\u00edveis esta semana em Guaruj\u00e1 - Litoral SP\",\"isPartOf\":{\"@id\":\"https:\\\/\\\/redenoticiaz.com.br\\\/litoralsp\\\/#website\"},\"primaryImageOfPage\":{\"@id\":\"https:\\\/\\\/redenoticiaz.com.br\\\/litoralsp\\\/2022\\\/10\\\/13\\\/caminhao-do-peixe-oferece-pescados-a-precos-acessiveis-esta-semana-em-guaruja#primaryimage\"},\"image\":{\"@id\":\"https:\\\/\\\/redenoticiaz.com.br\\\/litoralsp\\\/2022\\\/10\\\/13\\\/caminhao-do-peixe-oferece-pescados-a-precos-acessiveis-esta-semana-em-guaruja#primaryimage\"},\"thumbnailUrl\":\"https:\\\/\\\/redenoticiaz.com.br\\\/litoralsp\\\/wp-content\\\/uploads\\\/sites\\\/3\\\/2022\\\/10\\\/52256695183_42364da242_k-scaled.jpg\",\"datePublished\":\"2022-10-13T16:44:54+00:00\",\"description\":\"Caminh\u00e3o\u00a0do\u00a0Peixe\u00a0de Guaruj\u00e1 percorre bairros do Munic\u00edpio e do distrito de Vicente de Carvalho oferecendo pescados a pre\u00e7os mais acess\u00edveis.\",\"inLanguage\":\"pt-BR\",\"potentialAction\":[{\"@type\":\"ReadAction\",\"target\":[\"https:\\\/\\\/redenoticiaz.com.br\\\/litoralsp\\\/2022\\\/10\\\/13\\\/caminhao-do-peixe-oferece-pescados-a-precos-acessiveis-esta-semana-em-guaruja\"]}]},{\"@type\":\"ImageObject\",\"inLanguage\":\"pt-BR\",\"@id\":\"https:\\\/\\\/redenoticiaz.com.br\\\/litoralsp\\\/2022\\\/10\\\/13\\\/caminhao-do-peixe-oferece-pescados-a-precos-acessiveis-esta-semana-em-guaruja#primaryimage\",\"url\":\"https:\\\/\\\/redenoticiaz.com.br\\\/litoralsp\\\/wp-content\\\/uploads\\\/sites\\\/3\\\/2022\\\/10\\\/52256695183_42364da242_k-scaled.jpg\",\"contentUrl\":\"https:\\\/\\\/redenoticiaz.com.br\\\/litoralsp\\\/wp-content\\\/uploads\\\/sites\\\/3\\\/2022\\\/10\\\/52256695183_42364da242_k-scaled.jpg\",\"width\":1918,\"height\":1080,\"caption\":\"Caminh\u00e3o do Peixe oferece pescados a pre\u00e7os acess\u00edveis esta semana\"},{\"@type\":\"WebSite\",\"@id\":\"https:\\\/\\\/redenoticiaz.com.br\\\/litoralsp\\\/#website\",\"url\":\"https:\\\/\\\/redenoticiaz.com.br\\\/litoralsp\\\/\",\"name\":\"Litoral SP\",\"description\":\"Rede NoticiaZ\",\"publisher\":{\"@id\":\"https:\\\/\\\/redenoticiaz.com.br\\\/litoralsp\\\/#organization\"},\"potentialAction\":[{\"@type\":\"SearchAction\",\"target\":{\"@type\":\"EntryPoint\",\"urlTemplate\":\"https:\\\/\\\/redenoticiaz.com.br\\\/litoralsp\\\/?s={search_term_string}\"},\"query-input\":{\"@type\":\"PropertyValueSpecification\",\"valueRequired\":true,\"valueName\":\"search_term_string\"}}],\"inLanguage\":\"pt-BR\"},{\"@type\":\"Organization\",\"@id\":\"https:\\\/\\\/redenoticiaz.com.br\\\/litoralsp\\\/#organization\",\"name\":\"Litoral SP\",\"url\":\"https:\\\/\\\/redenoticiaz.com.br\\\/litoralsp\\\/\",\"logo\":{\"@type\":\"ImageObject\",\"inLanguage\":\"pt-BR\",\"@id\":\"https:\\\/\\\/redenoticiaz.com.br\\\/litoralsp\\\/#\\\/schema\\\/logo\\\/image\\\/\",\"url\":\"https:\\\/\\\/redenoticiaz.com.br\\\/litoralsp\\\/wp-content\\\/uploads\\\/sites\\\/3\\\/2020\\\/11\\\/logo.jpg\",\"contentUrl\":\"https:\\\/\\\/redenoticiaz.com.br\\\/litoralsp\\\/wp-content\\\/uploads\\\/sites\\\/3\\\/2020\\\/11\\\/logo.jpg\",\"width\":400,\"height\":250,\"caption\":\"Litoral SP\"},\"image\":{\"@id\":\"https:\\\/\\\/redenoticiaz.com.br\\\/litoralsp\\\/#\\\/schema\\\/logo\\\/image\\\/\"}},{\"@type\":\"Person\",\"@id\":\"https:\\\/\\\/redenoticiaz.com.br\\\/litoralsp\\\/#\\\/schema\\\/person\\\/16057b37a3c0ee6b096d7f887c566e2e\",\"name\":\"Gustavo Silva\",\"image\":{\"@type\":\"ImageObject\",\"inLanguage\":\"pt-BR\",\"@id\":\"https:\\\/\\\/secure.gravatar.com\\\/avatar\\\/3ee4e82f93b26de0a7cf4ea5eb7893da637ed6bb0c9170c58065944c56e28a33?s=96&d=mm&r=g\",\"url\":\"https:\\\/\\\/secure.gravatar.com\\\/avatar\\\/3ee4e82f93b26de0a7cf4ea5eb7893da637ed6bb0c9170c58065944c56e28a33?s=96&d=mm&r=g\",\"contentUrl\":\"https:\\\/\\\/secure.gravatar.com\\\/avatar\\\/3ee4e82f93b26de0a7cf4ea5eb7893da637ed6bb0c9170c58065944c56e28a33?s=96&d=mm&r=g\",\"caption\":\"Gustavo Silva\"},\"url\":\"https:\\\/\\\/redenoticiaz.com.br\\\/litoralsp\\\/author\\\/gustavosilva\"}]}<\/script>\n<!-- \/ Yoast SEO plugin. -->","yoast_head_json":{"title":"Caminh\u00e3o do Peixe oferece pescados a pre\u00e7os acess\u00edveis esta semana em Guaruj\u00e1 - Litoral SP","description":"Caminh\u00e3o\u00a0do\u00a0Peixe\u00a0de Guaruj\u00e1 percorre bairros do Munic\u00edpio e do distrito de Vicente de Carvalho oferecendo pescados a pre\u00e7os mais acess\u00edveis.","robots":{"index":"index","follow":"follow","max-snippet":"max-snippet:-1","max-image-preview":"max-image-preview:large","max-video-preview":"max-video-preview:-1"},"canonical":"https:\/\/redenoticiaz.com.br\/litoralsp\/2022\/10\/13\/caminhao-do-peixe-oferece-pescados-a-precos-acessiveis-esta-semana-em-guaruja","og_locale":"pt_BR","og_type":"article","og_title":"Caminh\u00e3o do Peixe oferece pescados a pre\u00e7os acess\u00edveis esta semana em Guaruj\u00e1 - Litoral SP","og_description":"Caminh\u00e3o\u00a0do\u00a0Peixe\u00a0de Guaruj\u00e1 percorre bairros do Munic\u00edpio e do distrito de Vicente de Carvalho oferecendo pescados a pre\u00e7os mais acess\u00edveis.","og_url":"https:\/\/redenoticiaz.com.br\/litoralsp\/2022\/10\/13\/caminhao-do-peixe-oferece-pescados-a-precos-acessiveis-esta-semana-em-guaruja","og_site_name":"Litoral SP","article_published_time":"2022-10-13T16:44:54+00:00","og_image":[{"width":1918,"height":1080,"url":"https:\/\/redenoticiaz.com.br\/litoralsp\/wp-content\/uploads\/sites\/3\/2022\/10\/52256695183_42364da242_k-scaled.jpg","type":"image\/jpeg"}],"author":"Gustavo Silva","twitter_card":"summary_large_image","twitter_misc":{"Escrito por":"Gustavo Silva","Est. tempo de leitura":"1 minuto"},"schema":{"@context":"https:\/\/schema.org","@graph":[{"@type":"Article","@id":"https:\/\/redenoticiaz.com.br\/litoralsp\/2022\/10\/13\/caminhao-do-peixe-oferece-pescados-a-precos-acessiveis-esta-semana-em-guaruja#article","isPartOf":{"@id":"https:\/\/redenoticiaz.com.br\/litoralsp\/2022\/10\/13\/caminhao-do-peixe-oferece-pescados-a-precos-acessiveis-esta-semana-em-guaruja"},"author":{"name":"Gustavo Silva","@id":"https:\/\/redenoticiaz.com.br\/litoralsp\/#\/schema\/person\/16057b37a3c0ee6b096d7f887c566e2e"},"headline":"Caminh\u00e3o do Peixe oferece pescados a pre\u00e7os acess\u00edveis esta semana em Guaruj\u00e1","datePublished":"2022-10-13T16:44:54+00:00","mainEntityOfPage":{"@id":"https:\/\/redenoticiaz.com.br\/litoralsp\/2022\/10\/13\/caminhao-do-peixe-oferece-pescados-a-precos-acessiveis-esta-semana-em-guaruja"},"wordCount":186,"commentCount":0,"publisher":{"@id":"https:\/\/redenoticiaz.com.br\/litoralsp\/#organization"},"image":{"@id":"https:\/\/redenoticiaz.com.br\/litoralsp\/2022\/10\/13\/caminhao-do-peixe-oferece-pescados-a-precos-acessiveis-esta-semana-em-guaruja#primaryimage"},"thumbnailUrl":"https:\/\/redenoticiaz.com.br\/litoralsp\/wp-content\/uploads\/sites\/3\/2022\/10\/52256695183_42364da242_k-scaled.jpg","keywords":["caminh\u00e3o do peixe","GUARUJ\u00c1","PESCADOS","pre\u00e7os baixos"],"articleSection":["Guaruj\u00e1"],"inLanguage":"pt-BR","potentialAction":[{"@type":"CommentAction","name":"Comment","target":["https:\/\/redenoticiaz.com.br\/litoralsp\/2022\/10\/13\/caminhao-do-peixe-oferece-pescados-a-precos-acessiveis-esta-semana-em-guaruja#respond"]}]},{"@type":"WebPage","@id":"https:\/\/redenoticiaz.com.br\/litoralsp\/2022\/10\/13\/caminhao-do-peixe-oferece-pescados-a-precos-acessiveis-esta-semana-em-guaruja","url":"https:\/\/redenoticiaz.com.br\/litoralsp\/2022\/10\/13\/caminhao-do-peixe-oferece-pescados-a-precos-acessiveis-esta-semana-em-guaruja","name":"Caminh\u00e3o do Peixe oferece pescados a pre\u00e7os acess\u00edveis esta semana em Guaruj\u00e1 - Litoral SP","isPartOf":{"@id":"https:\/\/redenoticiaz.com.br\/litoralsp\/#website"},"primaryImageOfPage":{"@id":"https:\/\/redenoticiaz.com.br\/litoralsp\/2022\/10\/13\/caminhao-do-peixe-oferece-pescados-a-precos-acessiveis-esta-semana-em-guaruja#primaryimage"},"image":{"@id":"https:\/\/redenoticiaz.com.br\/litoralsp\/2022\/10\/13\/caminhao-do-peixe-oferece-pescados-a-precos-acessiveis-esta-semana-em-guaruja#primaryimage"},"thumbnailUrl":"https:\/\/redenoticiaz.com.br\/litoralsp\/wp-content\/uploads\/sites\/3\/2022\/10\/52256695183_42364da242_k-scaled.jpg","datePublished":"2022-10-13T16:44:54+00:00","description":"Caminh\u00e3o\u00a0do\u00a0Peixe\u00a0de Guaruj\u00e1 percorre bairros do Munic\u00edpio e do distrito de Vicente de Carvalho oferecendo pescados a pre\u00e7os mais acess\u00edveis.","inLanguage":"pt-BR","potentialAction":[{"@type":"ReadAction","target":["https:\/\/redenoticiaz.com.br\/litoralsp\/2022\/10\/13\/caminhao-do-peixe-oferece-pescados-a-precos-acessiveis-esta-semana-em-guaruja"]}]},{"@type":"ImageObject","inLanguage":"pt-BR","@id":"https:\/\/redenoticiaz.com.br\/litoralsp\/2022\/10\/13\/caminhao-do-peixe-oferece-pescados-a-precos-acessiveis-esta-semana-em-guaruja#primaryimage","url":"https:\/\/redenoticiaz.com.br\/litoralsp\/wp-content\/uploads\/sites\/3\/2022\/10\/52256695183_42364da242_k-scaled.jpg","contentUrl":"https:\/\/redenoticiaz.com.br\/litoralsp\/wp-content\/uploads\/sites\/3\/2022\/10\/52256695183_42364da242_k-scaled.jpg","width":1918,"height":1080,"caption":"Caminh\u00e3o do Peixe oferece pescados a pre\u00e7os acess\u00edveis esta semana"},{"@type":"WebSite","@id":"https:\/\/redenoticiaz.com.br\/litoralsp\/#website","url":"https:\/\/redenoticiaz.com.br\/litoralsp\/","name":"Litoral SP","description":"Rede NoticiaZ","publisher":{"@id":"https:\/\/redenoticiaz.com.br\/litoralsp\/#organization"},"potentialAction":[{"@type":"SearchAction","target":{"@type":"EntryPoint","urlTemplate":"https:\/\/redenoticiaz.com.br\/litoralsp\/?s={search_term_string}"},"query-input":{"@type":"PropertyValueSpecification","valueRequired":true,"valueName":"search_term_string"}}],"inLanguage":"pt-BR"},{"@type":"Organization","@id":"https:\/\/redenoticiaz.com.br\/litoralsp\/#organization","name":"Litoral SP","url":"https:\/\/redenoticiaz.com.br\/litoralsp\/","logo":{"@type":"ImageObject","inLanguage":"pt-BR","@id":"https:\/\/redenoticiaz.com.br\/litoralsp\/#\/schema\/logo\/image\/","url":"https:\/\/redenoticiaz.com.br\/litoralsp\/wp-content\/uploads\/sites\/3\/2020\/11\/logo.jpg","contentUrl":"https:\/\/redenoticiaz.com.br\/litoralsp\/wp-content\/uploads\/sites\/3\/2020\/11\/logo.jpg","width":400,"height":250,"caption":"Litoral SP"},"image":{"@id":"https:\/\/redenoticiaz.com.br\/litoralsp\/#\/schema\/logo\/image\/"}},{"@type":"Person","@id":"https:\/\/redenoticiaz.com.br\/litoralsp\/#\/schema\/person\/16057b37a3c0ee6b096d7f887c566e2e","name":"Gustavo Silva","image":{"@type":"ImageObject","inLanguage":"pt-BR","@id":"https:\/\/secure.gravatar.com\/avatar\/3ee4e82f93b26de0a7cf4ea5eb7893da637ed6bb0c9170c58065944c56e28a33?s=96&d=mm&r=g","url":"https:\/\/secure.gravatar.com\/avatar\/3ee4e82f93b26de0a7cf4ea5eb7893da637ed6bb0c9170c58065944c56e28a33?s=96&d=mm&r=g","contentUrl":"https:\/\/secure.gravatar.com\/avatar\/3ee4e82f93b26de0a7cf4ea5eb7893da637ed6bb0c9170c58065944c56e28a33?s=96&d=mm&r=g","caption":"Gustavo Silva"},"url":"https:\/\/redenoticiaz.com.br\/litoralsp\/author\/gustavosilva"}]}},"_links":{"self":[{"href":"https:\/\/redenoticiaz.com.br\/litoralsp\/wp-json\/wp\/v2\/posts\/93242","targetHints":{"allow":["GET"]}}],"collection":[{"href":"https:\/\/redenoticiaz.com.br\/litoralsp\/wp-json\/wp\/v2\/posts"}],"about":[{"href":"https:\/\/redenoticiaz.com.br\/litoralsp\/wp-json\/wp\/v2\/types\/post"}],"author":[{"embeddable":true,"href":"https:\/\/redenoticiaz.com.br\/litoralsp\/wp-json\/wp\/v2\/users\/12"}],"replies":[{"embeddable":true,"href":"https:\/\/redenoticiaz.com.br\/litoralsp\/wp-json\/wp\/v2\/comments?post=93242"}],"version-history":[{"count":1,"href":"https:\/\/redenoticiaz.com.br\/litoralsp\/wp-json\/wp\/v2\/posts\/93242\/revisions"}],"predecessor-version":[{"id":93244,"href":"https:\/\/redenoticiaz.com.br\/litoralsp\/wp-json\/wp\/v2\/posts\/93242\/revisions\/93244"}],"wp:featuredmedia":[{"embeddable":true,"href":"https:\/\/redenoticiaz.com.br\/litoralsp\/wp-json\/wp\/v2\/media\/93243"}],"wp:attachment":[{"href":"https:\/\/redenoticiaz.com.br\/litoralsp\/wp-json\/wp\/v2\/media?parent=93242"}],"wp:term":[{"taxonomy":"category","embeddable":true,"href":"https:\/\/redenoticiaz.com.br\/litoralsp\/wp-json\/wp\/v2\/categories?post=93242"},{"taxonomy":"post_tag","embeddable":true,"href":"https:\/\/redenoticiaz.com.br\/litoralsp\/wp-json\/wp\/v2\/tags?post=93242"}],"curies":[{"name":"wp","href":"https:\/\/api.w.org\/{rel}","templated":true}]}}