{"id":9332,"date":"2021-05-29T19:12:10","date_gmt":"2021-05-29T22:12:10","guid":{"rendered":"https:\/\/redenoticiaz.com.br\/litoralsp\/?p=9332"},"modified":"2021-05-29T19:12:25","modified_gmt":"2021-05-29T22:12:25","slug":"responsavel-por-maus-tratos-e-exploracao-economica-e-preso-em-ilha-comprida","status":"publish","type":"post","link":"https:\/\/redenoticiaz.com.br\/litoralsp\/2021\/05\/29\/responsavel-por-maus-tratos-e-exploracao-economica-e-preso-em-ilha-comprida","title":{"rendered":"Respons\u00e1vel por maus tratos e explora\u00e7\u00e3o econ\u00f4mica \u00e9 preso em Ilha Comprida"},"content":{"rendered":"<p>Um homem foi preso em <a href=\"https:\/\/www.ilhacomprida.sp.gov.br\/\">Ilha Comprida<\/a> ap\u00f3s desobedecer uma medida prote\u00e7\u00e3o que uma idosa de 75 anos tinha contra ele. Ele \u00e9 acusado de cometer <strong>maus tratos<\/strong>, mas tamb\u00e9m fazia explora\u00e7\u00e3o financeira contra a v\u00edtima. As investiga\u00e7\u00f5es continuam.<\/p>\n<p>De acordo com a Delegacia Sede de Ilha Comprida, a v\u00edtima mora no bairro Balne\u00e1rio Porto Velho e o caso j\u00e1 vinha sendo investigado desde o come\u00e7o de 2021. Tudo come\u00e7ou com<\/p>\n<div class=\"mc-column content-text active-extra-styles \" data-block-type=\"unstyled\" data-block-weight=\"55\" data-block-id=\"3\">\n<p class=\"content-text__container \" data-track-category=\"Link no Texto\" data-track-links=\"\">uma den\u00fancia de terceiros sobre as condi\u00e7\u00f5es prec\u00e1rias em que a idosa vivia. Em vistoria ao local, os policiais constataram que a mulher vivia debilitada, em uma casa muito bagun\u00e7ada, com seu companheiro. Em conversa com a equipe, ela negou ser maltratada, e o inqu\u00e9rito foi arquivado.<\/p>\n<\/div>\n<div class=\"mc-column content-text active-extra-styles \" data-block-type=\"unstyled\" data-block-weight=\"47\" data-block-id=\"5\">\n<p class=\"content-text__container \" data-track-category=\"Link no Texto\" data-track-links=\"\">Contudo, a delegacia continuou recebendo den\u00fancias de que a senhora estaria sendo maltratada e explorada economicamente, e que o homem vendeu a casa dela contra sua vontade. Com base nas den\u00fancias, o delegado decidiu instaurar outro inqu\u00e9rito. O suspeito foi intimado, mas n\u00e3o compareceu para prestar esclarecimentos.<\/p>\n<\/div>\n<div class=\"mc-column content-text active-extra-styles \" data-block-type=\"unstyled\" data-block-weight=\"40\" data-block-id=\"6\">\n<p class=\"content-text__container \" data-track-category=\"Link no Texto\" data-track-links=\"\">Assim, foi solicitada medida protetiva contra o rapaz, que foi concedida pela Justi\u00e7a. Por\u00e9m, no in\u00edcio desta semana, a assist\u00eancia social do munic\u00edpio, que est\u00e1 acompanhando a idosa, solicitou apoio da pol\u00edcia, ap\u00f3s n\u00e3o conseguir acesso \u00e0 mulher para atend\u00ea-la.<\/p>\n<h3 data-track-category=\"Link no Texto\">A busca e a pris\u00e3o do suspeito<\/h3>\n<\/div>\n<div class=\"content-ads content-ads--reveal\" data-block-type=\"ads\" data-block-id=\"7\"><\/div>\n<div class=\"mc-column content-text active-extra-styles \" data-block-type=\"unstyled\" data-block-weight=\"52\" data-block-id=\"8\">\n<p class=\"content-text__container \" data-track-category=\"Link no Texto\" data-track-links=\"\">Na sexta-feira, os policiais se dirigiram \u00e0 resid\u00eancia da suposta v\u00edtima e constataram que o suspeito continuava morando no local, mesmo ap\u00f3s a medida protetiva estabelecer que ele n\u00e3o poderia se aproximar dela. Ele foi preso em flagrante e encaminhado para Registro, no interior paulista, ap\u00f3s a Justi\u00e7a determinar sua pris\u00e3o preventiva.<\/p>\n<\/div>\n<div class=\"mc-column content-text active-extra-styles \" data-block-type=\"unstyled\" data-block-weight=\"35\" data-block-id=\"9\">\n<p class=\"content-text__container \" data-track-category=\"Link no Texto\" data-track-links=\"\">Conforme explica a Pol\u00edcia Civil, descumprir uma decis\u00e3o judicial que defere medidas protetivas de urg\u00eancia \u00e9 crime previsto na Lei Maria da Penha (Lei 11.340\/06), com pena de deten\u00e7\u00e3o de tr\u00eas meses a dois anos.<\/p>\n<\/div>\n<div class=\"mc-column content-text active-extra-styles \" data-block-type=\"unstyled\" data-block-weight=\"45\" data-block-id=\"10\">\n<p class=\"content-text__container \" data-track-category=\"Link no Texto\" data-track-links=\"\">Segundo o delegado, a assistente social que acompanha o caso ainda est\u00e1 apurando a situa\u00e7\u00e3o, sob a suspeita de que a idosa n\u00e3o tenha discernimento suficiente para tomar algumas decis\u00f5es. Caso a incapacidade seja constatada, novas provid\u00eancias ser\u00e3o tomadas para garantir a seguran\u00e7a da v\u00edtima.<\/p>\n<p data-track-category=\"Link no Texto\" data-track-links=\"\"><strong>LEIA TAMB\u00c9M<\/strong><\/p>\n<p data-track-category=\"Link no Texto\" data-track-links=\"\"><a href=\"https:\/\/redenoticiaz.com.br\/litoralsp\/2021\/05\/28\/homem-morre-numa-obra-em-santos\">Homem morre numa obra em Santos<\/a><\/p>\n<\/div>\n","protected":false},"excerpt":{"rendered":"<p>Um homem foi preso em Ilha Comprida ap\u00f3s desobedecer uma medida prote\u00e7\u00e3o que uma idosa de 75 anos tinha contra ele. Ele \u00e9 acusado de cometer maus tratos, mas tamb\u00e9m fazia explora\u00e7\u00e3o financeira contra a v\u00edtima. As investiga\u00e7\u00f5es continuam. De acordo com a Delegacia Sede de Ilha Comprida, a v\u00edtima mora no bairro Balne\u00e1rio Porto &hellip;<\/p>\n","protected":false},"author":6,"featured_media":9333,"comment_status":"open","ping_status":"closed","sticky":false,"template":"","format":"standard","meta":{"footnotes":""},"categories":[12777,10],"tags":[24042,24044,6342,10688,6474,24043,1762],"class_list":["post-9332","post","type-post","status-publish","format-standard","has-post-thumbnail","hentry","category-ilha-comprida","category-policia","tag-delegacia-sede-de-ilha-comprida","tag-exploracao-financeira","tag-homem-preso","tag-ilha-comprida","tag-maus-tratos","tag-medida-protetiva","tag-policia-civil"],"yoast_head":"<!-- This site is optimized with the Yoast SEO plugin v27.5 - https:\/\/yoast.com\/product\/yoast-seo-wordpress\/ -->\n<title>Respons\u00e1vel por maus tratos e explora\u00e7\u00e3o econ\u00f4mica \u00e9 preso em Ilha Comprida - Litoral SP<\/title>\n<meta name=\"description\" content=\"em Ilha Comprida ap\u00f3s desobedecer uma medida prote\u00e7\u00e3o que uma idosa de 75 anos tinha contra ele. Ele \u00e9 acusado de cometer maus tratos, mas tamb\u00e9m\" \/>\n<meta name=\"robots\" content=\"index, follow, max-snippet:-1, max-image-preview:large, max-video-preview:-1\" \/>\n<link rel=\"canonical\" href=\"https:\/\/redenoticiaz.com.br\/litoralsp\/2021\/05\/29\/responsavel-por-maus-tratos-e-exploracao-economica-e-preso-em-ilha-comprida\" \/>\n<meta property=\"og:locale\" content=\"pt_BR\" \/>\n<meta property=\"og:type\" content=\"article\" \/>\n<meta property=\"og:title\" content=\"Respons\u00e1vel por maus tratos e explora\u00e7\u00e3o econ\u00f4mica \u00e9 preso em Ilha Comprida - Litoral SP\" \/>\n<meta property=\"og:description\" content=\"em Ilha Comprida ap\u00f3s desobedecer uma medida prote\u00e7\u00e3o que uma idosa de 75 anos tinha contra ele. Ele \u00e9 acusado de cometer maus tratos, mas tamb\u00e9m\" \/>\n<meta property=\"og:url\" content=\"https:\/\/redenoticiaz.com.br\/litoralsp\/2021\/05\/29\/responsavel-por-maus-tratos-e-exploracao-economica-e-preso-em-ilha-comprida\" \/>\n<meta property=\"og:site_name\" content=\"Litoral SP\" \/>\n<meta property=\"article:published_time\" content=\"2021-05-29T22:12:10+00:00\" \/>\n<meta property=\"article:modified_time\" content=\"2021-05-29T22:12:25+00:00\" \/>\n<meta property=\"og:image\" content=\"https:\/\/redenoticiaz.com.br\/litoralsp\/wp-content\/uploads\/sites\/3\/2021\/05\/delegacia-1.jpg\" \/>\n\t<meta property=\"og:image:width\" content=\"984\" \/>\n\t<meta property=\"og:image:height\" content=\"749\" \/>\n\t<meta property=\"og:image:type\" content=\"image\/jpeg\" \/>\n<meta name=\"author\" content=\"Leonardo Francisco\" \/>\n<meta name=\"twitter:card\" content=\"summary_large_image\" \/>\n<meta name=\"twitter:label1\" content=\"Escrito por\" \/>\n\t<meta name=\"twitter:data1\" content=\"Leonardo Francisco\" \/>\n\t<meta name=\"twitter:label2\" content=\"Est. tempo de leitura\" \/>\n\t<meta name=\"twitter:data2\" content=\"2 minutos\" \/>\n<script type=\"application\/ld+json\" class=\"yoast-schema-graph\">{\"@context\":\"https:\\\/\\\/schema.org\",\"@graph\":[{\"@type\":\"Article\",\"@id\":\"https:\\\/\\\/redenoticiaz.com.br\\\/litoralsp\\\/2021\\\/05\\\/29\\\/responsavel-por-maus-tratos-e-exploracao-economica-e-preso-em-ilha-comprida#article\",\"isPartOf\":{\"@id\":\"https:\\\/\\\/redenoticiaz.com.br\\\/litoralsp\\\/2021\\\/05\\\/29\\\/responsavel-por-maus-tratos-e-exploracao-economica-e-preso-em-ilha-comprida\"},\"author\":{\"name\":\"Leonardo Francisco\",\"@id\":\"https:\\\/\\\/redenoticiaz.com.br\\\/litoralsp\\\/#\\\/schema\\\/person\\\/0f0b8a5bdafefe82841e07ae8d81ecb3\"},\"headline\":\"Respons\u00e1vel por maus tratos e explora\u00e7\u00e3o econ\u00f4mica \u00e9 preso em Ilha Comprida\",\"datePublished\":\"2021-05-29T22:12:10+00:00\",\"dateModified\":\"2021-05-29T22:12:25+00:00\",\"mainEntityOfPage\":{\"@id\":\"https:\\\/\\\/redenoticiaz.com.br\\\/litoralsp\\\/2021\\\/05\\\/29\\\/responsavel-por-maus-tratos-e-exploracao-economica-e-preso-em-ilha-comprida\"},\"wordCount\":408,\"commentCount\":0,\"publisher\":{\"@id\":\"https:\\\/\\\/redenoticiaz.com.br\\\/litoralsp\\\/#organization\"},\"image\":{\"@id\":\"https:\\\/\\\/redenoticiaz.com.br\\\/litoralsp\\\/2021\\\/05\\\/29\\\/responsavel-por-maus-tratos-e-exploracao-economica-e-preso-em-ilha-comprida#primaryimage\"},\"thumbnailUrl\":\"https:\\\/\\\/redenoticiaz.com.br\\\/litoralsp\\\/wp-content\\\/uploads\\\/sites\\\/3\\\/2021\\\/05\\\/delegacia-1.jpg\",\"keywords\":[\"DELEGACIA SEDE DE ILHA COMPRIDA\",\"EXPLORA\u00c7\u00c3O FINANCEIRA\",\"HOMEM PRESO\",\"ILHA COMPRIDA\",\"MAUS-TRATOS\",\"MEDIDA PROTETIVA\",\"POL\u00cdCIA CIVIL\"],\"articleSection\":[\"Ilha Comprida\",\"Pol\u00edcia\"],\"inLanguage\":\"pt-BR\",\"potentialAction\":[{\"@type\":\"CommentAction\",\"name\":\"Comment\",\"target\":[\"https:\\\/\\\/redenoticiaz.com.br\\\/litoralsp\\\/2021\\\/05\\\/29\\\/responsavel-por-maus-tratos-e-exploracao-economica-e-preso-em-ilha-comprida#respond\"]}]},{\"@type\":\"WebPage\",\"@id\":\"https:\\\/\\\/redenoticiaz.com.br\\\/litoralsp\\\/2021\\\/05\\\/29\\\/responsavel-por-maus-tratos-e-exploracao-economica-e-preso-em-ilha-comprida\",\"url\":\"https:\\\/\\\/redenoticiaz.com.br\\\/litoralsp\\\/2021\\\/05\\\/29\\\/responsavel-por-maus-tratos-e-exploracao-economica-e-preso-em-ilha-comprida\",\"name\":\"Respons\u00e1vel por maus tratos e explora\u00e7\u00e3o econ\u00f4mica \u00e9 preso em Ilha Comprida - Litoral SP\",\"isPartOf\":{\"@id\":\"https:\\\/\\\/redenoticiaz.com.br\\\/litoralsp\\\/#website\"},\"primaryImageOfPage\":{\"@id\":\"https:\\\/\\\/redenoticiaz.com.br\\\/litoralsp\\\/2021\\\/05\\\/29\\\/responsavel-por-maus-tratos-e-exploracao-economica-e-preso-em-ilha-comprida#primaryimage\"},\"image\":{\"@id\":\"https:\\\/\\\/redenoticiaz.com.br\\\/litoralsp\\\/2021\\\/05\\\/29\\\/responsavel-por-maus-tratos-e-exploracao-economica-e-preso-em-ilha-comprida#primaryimage\"},\"thumbnailUrl\":\"https:\\\/\\\/redenoticiaz.com.br\\\/litoralsp\\\/wp-content\\\/uploads\\\/sites\\\/3\\\/2021\\\/05\\\/delegacia-1.jpg\",\"datePublished\":\"2021-05-29T22:12:10+00:00\",\"dateModified\":\"2021-05-29T22:12:25+00:00\",\"description\":\"em Ilha Comprida ap\u00f3s desobedecer uma medida prote\u00e7\u00e3o que uma idosa de 75 anos tinha contra ele. Ele \u00e9 acusado de cometer maus tratos, mas tamb\u00e9m\",\"inLanguage\":\"pt-BR\",\"potentialAction\":[{\"@type\":\"ReadAction\",\"target\":[\"https:\\\/\\\/redenoticiaz.com.br\\\/litoralsp\\\/2021\\\/05\\\/29\\\/responsavel-por-maus-tratos-e-exploracao-economica-e-preso-em-ilha-comprida\"]}]},{\"@type\":\"ImageObject\",\"inLanguage\":\"pt-BR\",\"@id\":\"https:\\\/\\\/redenoticiaz.com.br\\\/litoralsp\\\/2021\\\/05\\\/29\\\/responsavel-por-maus-tratos-e-exploracao-economica-e-preso-em-ilha-comprida#primaryimage\",\"url\":\"https:\\\/\\\/redenoticiaz.com.br\\\/litoralsp\\\/wp-content\\\/uploads\\\/sites\\\/3\\\/2021\\\/05\\\/delegacia-1.jpg\",\"contentUrl\":\"https:\\\/\\\/redenoticiaz.com.br\\\/litoralsp\\\/wp-content\\\/uploads\\\/sites\\\/3\\\/2021\\\/05\\\/delegacia-1.jpg\",\"width\":984,\"height\":749,\"caption\":\"O homem seguir\u00e1 preso e responder\u00e1 pelos crimes.\"},{\"@type\":\"WebSite\",\"@id\":\"https:\\\/\\\/redenoticiaz.com.br\\\/litoralsp\\\/#website\",\"url\":\"https:\\\/\\\/redenoticiaz.com.br\\\/litoralsp\\\/\",\"name\":\"Litoral SP\",\"description\":\"Rede NoticiaZ\",\"publisher\":{\"@id\":\"https:\\\/\\\/redenoticiaz.com.br\\\/litoralsp\\\/#organization\"},\"potentialAction\":[{\"@type\":\"SearchAction\",\"target\":{\"@type\":\"EntryPoint\",\"urlTemplate\":\"https:\\\/\\\/redenoticiaz.com.br\\\/litoralsp\\\/?s={search_term_string}\"},\"query-input\":{\"@type\":\"PropertyValueSpecification\",\"valueRequired\":true,\"valueName\":\"search_term_string\"}}],\"inLanguage\":\"pt-BR\"},{\"@type\":\"Organization\",\"@id\":\"https:\\\/\\\/redenoticiaz.com.br\\\/litoralsp\\\/#organization\",\"name\":\"Litoral SP\",\"url\":\"https:\\\/\\\/redenoticiaz.com.br\\\/litoralsp\\\/\",\"logo\":{\"@type\":\"ImageObject\",\"inLanguage\":\"pt-BR\",\"@id\":\"https:\\\/\\\/redenoticiaz.com.br\\\/litoralsp\\\/#\\\/schema\\\/logo\\\/image\\\/\",\"url\":\"https:\\\/\\\/redenoticiaz.com.br\\\/litoralsp\\\/wp-content\\\/uploads\\\/sites\\\/3\\\/2020\\\/11\\\/logo.jpg\",\"contentUrl\":\"https:\\\/\\\/redenoticiaz.com.br\\\/litoralsp\\\/wp-content\\\/uploads\\\/sites\\\/3\\\/2020\\\/11\\\/logo.jpg\",\"width\":400,\"height\":250,\"caption\":\"Litoral SP\"},\"image\":{\"@id\":\"https:\\\/\\\/redenoticiaz.com.br\\\/litoralsp\\\/#\\\/schema\\\/logo\\\/image\\\/\"}},{\"@type\":\"Person\",\"@id\":\"https:\\\/\\\/redenoticiaz.com.br\\\/litoralsp\\\/#\\\/schema\\\/person\\\/0f0b8a5bdafefe82841e07ae8d81ecb3\",\"name\":\"Leonardo Francisco\",\"image\":{\"@type\":\"ImageObject\",\"inLanguage\":\"pt-BR\",\"@id\":\"https:\\\/\\\/secure.gravatar.com\\\/avatar\\\/a7358cb406a99b682ec6df1e77e31ae82e63601f6784e8a3df411d72b37864da?s=96&d=mm&r=g\",\"url\":\"https:\\\/\\\/secure.gravatar.com\\\/avatar\\\/a7358cb406a99b682ec6df1e77e31ae82e63601f6784e8a3df411d72b37864da?s=96&d=mm&r=g\",\"contentUrl\":\"https:\\\/\\\/secure.gravatar.com\\\/avatar\\\/a7358cb406a99b682ec6df1e77e31ae82e63601f6784e8a3df411d72b37864da?s=96&d=mm&r=g\",\"caption\":\"Leonardo Francisco\"},\"url\":\"https:\\\/\\\/redenoticiaz.com.br\\\/litoralsp\\\/author\\\/leonardo-francisco\"}]}<\/script>\n<!-- \/ Yoast SEO plugin. -->","yoast_head_json":{"title":"Respons\u00e1vel por maus tratos e explora\u00e7\u00e3o econ\u00f4mica \u00e9 preso em Ilha Comprida - Litoral SP","description":"em Ilha Comprida ap\u00f3s desobedecer uma medida prote\u00e7\u00e3o que uma idosa de 75 anos tinha contra ele. Ele \u00e9 acusado de cometer maus tratos, mas tamb\u00e9m","robots":{"index":"index","follow":"follow","max-snippet":"max-snippet:-1","max-image-preview":"max-image-preview:large","max-video-preview":"max-video-preview:-1"},"canonical":"https:\/\/redenoticiaz.com.br\/litoralsp\/2021\/05\/29\/responsavel-por-maus-tratos-e-exploracao-economica-e-preso-em-ilha-comprida","og_locale":"pt_BR","og_type":"article","og_title":"Respons\u00e1vel por maus tratos e explora\u00e7\u00e3o econ\u00f4mica \u00e9 preso em Ilha Comprida - Litoral SP","og_description":"em Ilha Comprida ap\u00f3s desobedecer uma medida prote\u00e7\u00e3o que uma idosa de 75 anos tinha contra ele. Ele \u00e9 acusado de cometer maus tratos, mas tamb\u00e9m","og_url":"https:\/\/redenoticiaz.com.br\/litoralsp\/2021\/05\/29\/responsavel-por-maus-tratos-e-exploracao-economica-e-preso-em-ilha-comprida","og_site_name":"Litoral SP","article_published_time":"2021-05-29T22:12:10+00:00","article_modified_time":"2021-05-29T22:12:25+00:00","og_image":[{"width":984,"height":749,"url":"https:\/\/redenoticiaz.com.br\/litoralsp\/wp-content\/uploads\/sites\/3\/2021\/05\/delegacia-1.jpg","type":"image\/jpeg"}],"author":"Leonardo Francisco","twitter_card":"summary_large_image","twitter_misc":{"Escrito por":"Leonardo Francisco","Est. tempo de leitura":"2 minutos"},"schema":{"@context":"https:\/\/schema.org","@graph":[{"@type":"Article","@id":"https:\/\/redenoticiaz.com.br\/litoralsp\/2021\/05\/29\/responsavel-por-maus-tratos-e-exploracao-economica-e-preso-em-ilha-comprida#article","isPartOf":{"@id":"https:\/\/redenoticiaz.com.br\/litoralsp\/2021\/05\/29\/responsavel-por-maus-tratos-e-exploracao-economica-e-preso-em-ilha-comprida"},"author":{"name":"Leonardo Francisco","@id":"https:\/\/redenoticiaz.com.br\/litoralsp\/#\/schema\/person\/0f0b8a5bdafefe82841e07ae8d81ecb3"},"headline":"Respons\u00e1vel por maus tratos e explora\u00e7\u00e3o econ\u00f4mica \u00e9 preso em Ilha Comprida","datePublished":"2021-05-29T22:12:10+00:00","dateModified":"2021-05-29T22:12:25+00:00","mainEntityOfPage":{"@id":"https:\/\/redenoticiaz.com.br\/litoralsp\/2021\/05\/29\/responsavel-por-maus-tratos-e-exploracao-economica-e-preso-em-ilha-comprida"},"wordCount":408,"commentCount":0,"publisher":{"@id":"https:\/\/redenoticiaz.com.br\/litoralsp\/#organization"},"image":{"@id":"https:\/\/redenoticiaz.com.br\/litoralsp\/2021\/05\/29\/responsavel-por-maus-tratos-e-exploracao-economica-e-preso-em-ilha-comprida#primaryimage"},"thumbnailUrl":"https:\/\/redenoticiaz.com.br\/litoralsp\/wp-content\/uploads\/sites\/3\/2021\/05\/delegacia-1.jpg","keywords":["DELEGACIA SEDE DE ILHA COMPRIDA","EXPLORA\u00c7\u00c3O FINANCEIRA","HOMEM PRESO","ILHA COMPRIDA","MAUS-TRATOS","MEDIDA PROTETIVA","POL\u00cdCIA CIVIL"],"articleSection":["Ilha Comprida","Pol\u00edcia"],"inLanguage":"pt-BR","potentialAction":[{"@type":"CommentAction","name":"Comment","target":["https:\/\/redenoticiaz.com.br\/litoralsp\/2021\/05\/29\/responsavel-por-maus-tratos-e-exploracao-economica-e-preso-em-ilha-comprida#respond"]}]},{"@type":"WebPage","@id":"https:\/\/redenoticiaz.com.br\/litoralsp\/2021\/05\/29\/responsavel-por-maus-tratos-e-exploracao-economica-e-preso-em-ilha-comprida","url":"https:\/\/redenoticiaz.com.br\/litoralsp\/2021\/05\/29\/responsavel-por-maus-tratos-e-exploracao-economica-e-preso-em-ilha-comprida","name":"Respons\u00e1vel por maus tratos e explora\u00e7\u00e3o econ\u00f4mica \u00e9 preso em Ilha Comprida - Litoral SP","isPartOf":{"@id":"https:\/\/redenoticiaz.com.br\/litoralsp\/#website"},"primaryImageOfPage":{"@id":"https:\/\/redenoticiaz.com.br\/litoralsp\/2021\/05\/29\/responsavel-por-maus-tratos-e-exploracao-economica-e-preso-em-ilha-comprida#primaryimage"},"image":{"@id":"https:\/\/redenoticiaz.com.br\/litoralsp\/2021\/05\/29\/responsavel-por-maus-tratos-e-exploracao-economica-e-preso-em-ilha-comprida#primaryimage"},"thumbnailUrl":"https:\/\/redenoticiaz.com.br\/litoralsp\/wp-content\/uploads\/sites\/3\/2021\/05\/delegacia-1.jpg","datePublished":"2021-05-29T22:12:10+00:00","dateModified":"2021-05-29T22:12:25+00:00","description":"em Ilha Comprida ap\u00f3s desobedecer uma medida prote\u00e7\u00e3o que uma idosa de 75 anos tinha contra ele. Ele \u00e9 acusado de cometer maus tratos, mas tamb\u00e9m","inLanguage":"pt-BR","potentialAction":[{"@type":"ReadAction","target":["https:\/\/redenoticiaz.com.br\/litoralsp\/2021\/05\/29\/responsavel-por-maus-tratos-e-exploracao-economica-e-preso-em-ilha-comprida"]}]},{"@type":"ImageObject","inLanguage":"pt-BR","@id":"https:\/\/redenoticiaz.com.br\/litoralsp\/2021\/05\/29\/responsavel-por-maus-tratos-e-exploracao-economica-e-preso-em-ilha-comprida#primaryimage","url":"https:\/\/redenoticiaz.com.br\/litoralsp\/wp-content\/uploads\/sites\/3\/2021\/05\/delegacia-1.jpg","contentUrl":"https:\/\/redenoticiaz.com.br\/litoralsp\/wp-content\/uploads\/sites\/3\/2021\/05\/delegacia-1.jpg","width":984,"height":749,"caption":"O homem seguir\u00e1 preso e responder\u00e1 pelos crimes."},{"@type":"WebSite","@id":"https:\/\/redenoticiaz.com.br\/litoralsp\/#website","url":"https:\/\/redenoticiaz.com.br\/litoralsp\/","name":"Litoral SP","description":"Rede NoticiaZ","publisher":{"@id":"https:\/\/redenoticiaz.com.br\/litoralsp\/#organization"},"potentialAction":[{"@type":"SearchAction","target":{"@type":"EntryPoint","urlTemplate":"https:\/\/redenoticiaz.com.br\/litoralsp\/?s={search_term_string}"},"query-input":{"@type":"PropertyValueSpecification","valueRequired":true,"valueName":"search_term_string"}}],"inLanguage":"pt-BR"},{"@type":"Organization","@id":"https:\/\/redenoticiaz.com.br\/litoralsp\/#organization","name":"Litoral SP","url":"https:\/\/redenoticiaz.com.br\/litoralsp\/","logo":{"@type":"ImageObject","inLanguage":"pt-BR","@id":"https:\/\/redenoticiaz.com.br\/litoralsp\/#\/schema\/logo\/image\/","url":"https:\/\/redenoticiaz.com.br\/litoralsp\/wp-content\/uploads\/sites\/3\/2020\/11\/logo.jpg","contentUrl":"https:\/\/redenoticiaz.com.br\/litoralsp\/wp-content\/uploads\/sites\/3\/2020\/11\/logo.jpg","width":400,"height":250,"caption":"Litoral SP"},"image":{"@id":"https:\/\/redenoticiaz.com.br\/litoralsp\/#\/schema\/logo\/image\/"}},{"@type":"Person","@id":"https:\/\/redenoticiaz.com.br\/litoralsp\/#\/schema\/person\/0f0b8a5bdafefe82841e07ae8d81ecb3","name":"Leonardo Francisco","image":{"@type":"ImageObject","inLanguage":"pt-BR","@id":"https:\/\/secure.gravatar.com\/avatar\/a7358cb406a99b682ec6df1e77e31ae82e63601f6784e8a3df411d72b37864da?s=96&d=mm&r=g","url":"https:\/\/secure.gravatar.com\/avatar\/a7358cb406a99b682ec6df1e77e31ae82e63601f6784e8a3df411d72b37864da?s=96&d=mm&r=g","contentUrl":"https:\/\/secure.gravatar.com\/avatar\/a7358cb406a99b682ec6df1e77e31ae82e63601f6784e8a3df411d72b37864da?s=96&d=mm&r=g","caption":"Leonardo Francisco"},"url":"https:\/\/redenoticiaz.com.br\/litoralsp\/author\/leonardo-francisco"}]}},"_links":{"self":[{"href":"https:\/\/redenoticiaz.com.br\/litoralsp\/wp-json\/wp\/v2\/posts\/9332","targetHints":{"allow":["GET"]}}],"collection":[{"href":"https:\/\/redenoticiaz.com.br\/litoralsp\/wp-json\/wp\/v2\/posts"}],"about":[{"href":"https:\/\/redenoticiaz.com.br\/litoralsp\/wp-json\/wp\/v2\/types\/post"}],"author":[{"embeddable":true,"href":"https:\/\/redenoticiaz.com.br\/litoralsp\/wp-json\/wp\/v2\/users\/6"}],"replies":[{"embeddable":true,"href":"https:\/\/redenoticiaz.com.br\/litoralsp\/wp-json\/wp\/v2\/comments?post=9332"}],"version-history":[{"count":1,"href":"https:\/\/redenoticiaz.com.br\/litoralsp\/wp-json\/wp\/v2\/posts\/9332\/revisions"}],"predecessor-version":[{"id":9334,"href":"https:\/\/redenoticiaz.com.br\/litoralsp\/wp-json\/wp\/v2\/posts\/9332\/revisions\/9334"}],"wp:featuredmedia":[{"embeddable":true,"href":"https:\/\/redenoticiaz.com.br\/litoralsp\/wp-json\/wp\/v2\/media\/9333"}],"wp:attachment":[{"href":"https:\/\/redenoticiaz.com.br\/litoralsp\/wp-json\/wp\/v2\/media?parent=9332"}],"wp:term":[{"taxonomy":"category","embeddable":true,"href":"https:\/\/redenoticiaz.com.br\/litoralsp\/wp-json\/wp\/v2\/categories?post=9332"},{"taxonomy":"post_tag","embeddable":true,"href":"https:\/\/redenoticiaz.com.br\/litoralsp\/wp-json\/wp\/v2\/tags?post=9332"}],"curies":[{"name":"wp","href":"https:\/\/api.w.org\/{rel}","templated":true}]}}