{"id":93323,"date":"2022-10-14T14:09:27","date_gmt":"2022-10-14T17:09:27","guid":{"rendered":"https:\/\/redenoticiaz.com.br\/litoralsp\/?p=93323"},"modified":"2022-10-14T14:09:27","modified_gmt":"2022-10-14T17:09:27","slug":"atirador-matou-campeao-mundial-de-jiu-jitsu-e-idoso-por-engano-ao-confundi-los-com-segurancas-em-sp","status":"publish","type":"post","link":"https:\/\/redenoticiaz.com.br\/litoralsp\/2022\/10\/14\/atirador-matou-campeao-mundial-de-jiu-jitsu-e-idoso-por-engano-ao-confundi-los-com-segurancas-em-sp","title":{"rendered":"Atirador matou campe\u00e3o mundial de jiu-jitsu e idoso por engano ao confundi-los com seguran\u00e7as em SP"},"content":{"rendered":"<div class=\"mc-column content-text active-extra-styles \" data-block-type=\"unstyled\" data-block-weight=\"68\" data-block-id=\"3\">\n<p data-track-category=\"Link no Texto\" data-track-links=\"\">Segundo a pol\u00edcia de Praia Grande, no litoral de S\u00e3o Paulo, o criminoso preso por matar a tiros dois homens em um restaurante teria <span class=\"highlight highlighted\">confundido as v\u00edtimas com seguran\u00e7as de um bar em que estava anteriormente.<\/span><\/p>\n<\/div>\n<p data-track-category=\"Link no Texto\" data-track-links=\"\">Antes do crime, <span class=\"highlight highlighted\">Maur\u00edcio Souza Alves<\/span>, de 35 anos, havia sido <span class=\"highlight highlighted\">proibido pelos funcion\u00e1rios de entrar em outro estabelecimento por estar &#8220;alterado&#8221;. <\/span>O homem, segundo testemunhas, deixou o estabelecimento contrariado e, na volta, confundiu os ambientes e as v\u00edtimas.<\/p>\n<div class=\"content-ads content-ads--reveal\" data-block-type=\"ads\" data-block-id=\"5\"><\/div>\n<div class=\"mc-column content-text active-extra-styles \" data-block-type=\"unstyled\" data-block-weight=\"63\" data-block-id=\"4\">\n<div class=\"row medium-uncollapsed content-media content-photo\" data-block-type=\"backstage-photo\" data-block-id=\"7\">\n<div class=\"mc-column content-media__container\">\n<div class=\"content-media-container glb-skeleton-box\">\n<p>Depois de atirar contra dois homens, Maur\u00edcio deixou o restaurante e durante sua fuga teria disparado contra um motociclista, que n\u00e3o foi atingido, na tentativa de roubar uma moto nas proximidades.<\/p>\n<p>Logo ap\u00f3s, o criminoso ainda entrou em uma pizzaria e fez tr\u00eas ref\u00e9ns, mas acabou sendo imobilizado por policiais e preso em flagrante.<\/p>\n<\/div>\n<\/div>\n<\/div>\n<\/div>\n<div class=\"mc-column content-text active-extra-styles\" data-block-type=\"raw\" data-block-weight=\"2\" data-block-id=\"17\">\n<div class=\"content-intertitle\">\n<h2>Thayn\u00e3 Higor<\/h2>\n<\/div>\n<\/div>\n<div class=\"mc-column content-text active-extra-styles \" data-block-type=\"unstyled\" data-block-weight=\"37\" data-block-id=\"18\">\n<p class=\"content-text__container \" data-track-category=\"Link no Texto\" data-track-links=\"\">O tricampe\u00e3o mundial pela Confedera\u00e7\u00e3o Brasileira Paradesportiva de Jiu-Jitsu (CBPJJ) Thayn\u00e3 Higor foi uma das v\u00edtimas. Em 2018, ele sagrou-se bicampe\u00e3o do Abu Dhabi World Festival Para Jiu-Jitsu, em Abu Dhabi, nos Emirados \u00c1rabes Unidos.<\/p>\n<p data-track-category=\"Link no Texto\" data-track-links=\"\"><strong>Leia mais<\/strong><\/p>\n<p data-track-category=\"Link no Texto\" data-track-links=\"\"><a href=\"https:\/\/redenoticiaz.com.br\/litoralsp\/2022\/10\/13\/video-tricampeao-mundial-de-jiu-jitsu-e-morto-por-atirador-em-restaurante-no-litoral-de-sp\">V\u00cdDEO \u2013 Tricampe\u00e3o mundial de jiu-jitsu \u00e9 morto por atirador em restaurante no litoral de SP<\/a><\/p>\n<\/div>\n","protected":false},"excerpt":{"rendered":"<p>Segundo a pol\u00edcia de Praia Grande, no litoral de S\u00e3o Paulo, o criminoso preso por matar a tiros dois homens em um restaurante teria confundido as v\u00edtimas com seguran\u00e7as de um bar em que estava anteriormente. Antes do crime, Maur\u00edcio Souza Alves, de 35 anos, havia sido proibido pelos funcion\u00e1rios de entrar em outro estabelecimento &hellip;<\/p>\n","protected":false},"author":12,"featured_media":93324,"comment_status":"open","ping_status":"closed","sticky":false,"template":"","format":"standard","meta":{"footnotes":""},"categories":[10,182],"tags":[59290,19002,60121,1101,60086],"class_list":["post-93323","post","type-post","status-publish","format-standard","has-post-thumbnail","hentry","category-policia","category-praia-grande","tag-atentado-a-tiros","tag-crime","tag-morte-em-restaurante","tag-praia-grande","tag-thayna-higor"],"yoast_head":"<!-- This site is optimized with the Yoast SEO plugin v27.5 - https:\/\/yoast.com\/product\/yoast-seo-wordpress\/ -->\n<title>Atirador matou campe\u00e3o mundial de jiu-jitsu e idoso por engano ao confundi-los com seguran\u00e7as em SP - Litoral SP<\/title>\n<meta name=\"description\" content=\"O criminoso preso por matar dois homens em um restaurante teria confundido as v\u00edtimas com seguran\u00e7as de um bar onde estava anteriormente.\" \/>\n<meta name=\"robots\" content=\"index, follow, max-snippet:-1, max-image-preview:large, max-video-preview:-1\" \/>\n<link rel=\"canonical\" href=\"https:\/\/redenoticiaz.com.br\/litoralsp\/2022\/10\/14\/atirador-matou-campeao-mundial-de-jiu-jitsu-e-idoso-por-engano-ao-confundi-los-com-segurancas-em-sp\" \/>\n<meta property=\"og:locale\" content=\"pt_BR\" \/>\n<meta property=\"og:type\" content=\"article\" \/>\n<meta property=\"og:title\" content=\"Atirador matou campe\u00e3o mundial de jiu-jitsu e idoso por engano ao confundi-los com seguran\u00e7as em SP - Litoral SP\" \/>\n<meta property=\"og:description\" content=\"O criminoso preso por matar dois homens em um restaurante teria confundido as v\u00edtimas com seguran\u00e7as de um bar onde estava anteriormente.\" \/>\n<meta property=\"og:url\" content=\"https:\/\/redenoticiaz.com.br\/litoralsp\/2022\/10\/14\/atirador-matou-campeao-mundial-de-jiu-jitsu-e-idoso-por-engano-ao-confundi-los-com-segurancas-em-sp\" \/>\n<meta property=\"og:site_name\" content=\"Litoral SP\" \/>\n<meta property=\"article:published_time\" content=\"2022-10-14T17:09:27+00:00\" \/>\n<meta property=\"og:image\" content=\"https:\/\/redenoticiaz.com.br\/litoralsp\/wp-content\/uploads\/sites\/3\/2022\/10\/crimepraiagrande.jpg\" \/>\n\t<meta property=\"og:image:width\" content=\"1000\" \/>\n\t<meta property=\"og:image:height\" content=\"661\" \/>\n\t<meta property=\"og:image:type\" content=\"image\/jpeg\" \/>\n<meta name=\"author\" content=\"Gustavo Silva\" \/>\n<meta name=\"twitter:card\" content=\"summary_large_image\" \/>\n<meta name=\"twitter:label1\" content=\"Escrito por\" \/>\n\t<meta name=\"twitter:data1\" content=\"Gustavo Silva\" \/>\n\t<meta name=\"twitter:label2\" content=\"Est. tempo de leitura\" \/>\n\t<meta name=\"twitter:data2\" content=\"2 minutos\" \/>\n<script type=\"application\/ld+json\" class=\"yoast-schema-graph\">{\"@context\":\"https:\\\/\\\/schema.org\",\"@graph\":[{\"@type\":\"Article\",\"@id\":\"https:\\\/\\\/redenoticiaz.com.br\\\/litoralsp\\\/2022\\\/10\\\/14\\\/atirador-matou-campeao-mundial-de-jiu-jitsu-e-idoso-por-engano-ao-confundi-los-com-segurancas-em-sp#article\",\"isPartOf\":{\"@id\":\"https:\\\/\\\/redenoticiaz.com.br\\\/litoralsp\\\/2022\\\/10\\\/14\\\/atirador-matou-campeao-mundial-de-jiu-jitsu-e-idoso-por-engano-ao-confundi-los-com-segurancas-em-sp\"},\"author\":{\"name\":\"Gustavo Silva\",\"@id\":\"https:\\\/\\\/redenoticiaz.com.br\\\/litoralsp\\\/#\\\/schema\\\/person\\\/16057b37a3c0ee6b096d7f887c566e2e\"},\"headline\":\"Atirador matou campe\u00e3o mundial de jiu-jitsu e idoso por engano ao confundi-los com seguran\u00e7as em SP\",\"datePublished\":\"2022-10-14T17:09:27+00:00\",\"mainEntityOfPage\":{\"@id\":\"https:\\\/\\\/redenoticiaz.com.br\\\/litoralsp\\\/2022\\\/10\\\/14\\\/atirador-matou-campeao-mundial-de-jiu-jitsu-e-idoso-por-engano-ao-confundi-los-com-segurancas-em-sp\"},\"wordCount\":216,\"commentCount\":0,\"publisher\":{\"@id\":\"https:\\\/\\\/redenoticiaz.com.br\\\/litoralsp\\\/#organization\"},\"image\":{\"@id\":\"https:\\\/\\\/redenoticiaz.com.br\\\/litoralsp\\\/2022\\\/10\\\/14\\\/atirador-matou-campeao-mundial-de-jiu-jitsu-e-idoso-por-engano-ao-confundi-los-com-segurancas-em-sp#primaryimage\"},\"thumbnailUrl\":\"https:\\\/\\\/redenoticiaz.com.br\\\/litoralsp\\\/wp-content\\\/uploads\\\/sites\\\/3\\\/2022\\\/10\\\/crimepraiagrande.jpg\",\"keywords\":[\"ATENTADO A TIROS\",\"CRIME\",\"MORTE EM RESTAURANTE\",\"PRAIA GRANDE\",\"Thayn\u00e3 Higor\"],\"articleSection\":[\"Pol\u00edcia\",\"Praia Grande\"],\"inLanguage\":\"pt-BR\",\"potentialAction\":[{\"@type\":\"CommentAction\",\"name\":\"Comment\",\"target\":[\"https:\\\/\\\/redenoticiaz.com.br\\\/litoralsp\\\/2022\\\/10\\\/14\\\/atirador-matou-campeao-mundial-de-jiu-jitsu-e-idoso-por-engano-ao-confundi-los-com-segurancas-em-sp#respond\"]}]},{\"@type\":\"WebPage\",\"@id\":\"https:\\\/\\\/redenoticiaz.com.br\\\/litoralsp\\\/2022\\\/10\\\/14\\\/atirador-matou-campeao-mundial-de-jiu-jitsu-e-idoso-por-engano-ao-confundi-los-com-segurancas-em-sp\",\"url\":\"https:\\\/\\\/redenoticiaz.com.br\\\/litoralsp\\\/2022\\\/10\\\/14\\\/atirador-matou-campeao-mundial-de-jiu-jitsu-e-idoso-por-engano-ao-confundi-los-com-segurancas-em-sp\",\"name\":\"Atirador matou campe\u00e3o mundial de jiu-jitsu e idoso por engano ao confundi-los com seguran\u00e7as em SP - Litoral SP\",\"isPartOf\":{\"@id\":\"https:\\\/\\\/redenoticiaz.com.br\\\/litoralsp\\\/#website\"},\"primaryImageOfPage\":{\"@id\":\"https:\\\/\\\/redenoticiaz.com.br\\\/litoralsp\\\/2022\\\/10\\\/14\\\/atirador-matou-campeao-mundial-de-jiu-jitsu-e-idoso-por-engano-ao-confundi-los-com-segurancas-em-sp#primaryimage\"},\"image\":{\"@id\":\"https:\\\/\\\/redenoticiaz.com.br\\\/litoralsp\\\/2022\\\/10\\\/14\\\/atirador-matou-campeao-mundial-de-jiu-jitsu-e-idoso-por-engano-ao-confundi-los-com-segurancas-em-sp#primaryimage\"},\"thumbnailUrl\":\"https:\\\/\\\/redenoticiaz.com.br\\\/litoralsp\\\/wp-content\\\/uploads\\\/sites\\\/3\\\/2022\\\/10\\\/crimepraiagrande.jpg\",\"datePublished\":\"2022-10-14T17:09:27+00:00\",\"description\":\"O criminoso preso por matar dois homens em um restaurante teria confundido as v\u00edtimas com seguran\u00e7as de um bar onde estava anteriormente.\",\"inLanguage\":\"pt-BR\",\"potentialAction\":[{\"@type\":\"ReadAction\",\"target\":[\"https:\\\/\\\/redenoticiaz.com.br\\\/litoralsp\\\/2022\\\/10\\\/14\\\/atirador-matou-campeao-mundial-de-jiu-jitsu-e-idoso-por-engano-ao-confundi-los-com-segurancas-em-sp\"]}]},{\"@type\":\"ImageObject\",\"inLanguage\":\"pt-BR\",\"@id\":\"https:\\\/\\\/redenoticiaz.com.br\\\/litoralsp\\\/2022\\\/10\\\/14\\\/atirador-matou-campeao-mundial-de-jiu-jitsu-e-idoso-por-engano-ao-confundi-los-com-segurancas-em-sp#primaryimage\",\"url\":\"https:\\\/\\\/redenoticiaz.com.br\\\/litoralsp\\\/wp-content\\\/uploads\\\/sites\\\/3\\\/2022\\\/10\\\/crimepraiagrande.jpg\",\"contentUrl\":\"https:\\\/\\\/redenoticiaz.com.br\\\/litoralsp\\\/wp-content\\\/uploads\\\/sites\\\/3\\\/2022\\\/10\\\/crimepraiagrande.jpg\",\"width\":1000,\"height\":661,\"caption\":\"Atirador matou campe\u00e3o mundial de jiu-jitsu e idoso por engano ao confundi-los com seguran\u00e7as em SP\"},{\"@type\":\"WebSite\",\"@id\":\"https:\\\/\\\/redenoticiaz.com.br\\\/litoralsp\\\/#website\",\"url\":\"https:\\\/\\\/redenoticiaz.com.br\\\/litoralsp\\\/\",\"name\":\"Litoral SP\",\"description\":\"Rede NoticiaZ\",\"publisher\":{\"@id\":\"https:\\\/\\\/redenoticiaz.com.br\\\/litoralsp\\\/#organization\"},\"potentialAction\":[{\"@type\":\"SearchAction\",\"target\":{\"@type\":\"EntryPoint\",\"urlTemplate\":\"https:\\\/\\\/redenoticiaz.com.br\\\/litoralsp\\\/?s={search_term_string}\"},\"query-input\":{\"@type\":\"PropertyValueSpecification\",\"valueRequired\":true,\"valueName\":\"search_term_string\"}}],\"inLanguage\":\"pt-BR\"},{\"@type\":\"Organization\",\"@id\":\"https:\\\/\\\/redenoticiaz.com.br\\\/litoralsp\\\/#organization\",\"name\":\"Litoral SP\",\"url\":\"https:\\\/\\\/redenoticiaz.com.br\\\/litoralsp\\\/\",\"logo\":{\"@type\":\"ImageObject\",\"inLanguage\":\"pt-BR\",\"@id\":\"https:\\\/\\\/redenoticiaz.com.br\\\/litoralsp\\\/#\\\/schema\\\/logo\\\/image\\\/\",\"url\":\"https:\\\/\\\/redenoticiaz.com.br\\\/litoralsp\\\/wp-content\\\/uploads\\\/sites\\\/3\\\/2020\\\/11\\\/logo.jpg\",\"contentUrl\":\"https:\\\/\\\/redenoticiaz.com.br\\\/litoralsp\\\/wp-content\\\/uploads\\\/sites\\\/3\\\/2020\\\/11\\\/logo.jpg\",\"width\":400,\"height\":250,\"caption\":\"Litoral SP\"},\"image\":{\"@id\":\"https:\\\/\\\/redenoticiaz.com.br\\\/litoralsp\\\/#\\\/schema\\\/logo\\\/image\\\/\"}},{\"@type\":\"Person\",\"@id\":\"https:\\\/\\\/redenoticiaz.com.br\\\/litoralsp\\\/#\\\/schema\\\/person\\\/16057b37a3c0ee6b096d7f887c566e2e\",\"name\":\"Gustavo Silva\",\"image\":{\"@type\":\"ImageObject\",\"inLanguage\":\"pt-BR\",\"@id\":\"https:\\\/\\\/secure.gravatar.com\\\/avatar\\\/3ee4e82f93b26de0a7cf4ea5eb7893da637ed6bb0c9170c58065944c56e28a33?s=96&d=mm&r=g\",\"url\":\"https:\\\/\\\/secure.gravatar.com\\\/avatar\\\/3ee4e82f93b26de0a7cf4ea5eb7893da637ed6bb0c9170c58065944c56e28a33?s=96&d=mm&r=g\",\"contentUrl\":\"https:\\\/\\\/secure.gravatar.com\\\/avatar\\\/3ee4e82f93b26de0a7cf4ea5eb7893da637ed6bb0c9170c58065944c56e28a33?s=96&d=mm&r=g\",\"caption\":\"Gustavo Silva\"},\"url\":\"https:\\\/\\\/redenoticiaz.com.br\\\/litoralsp\\\/author\\\/gustavosilva\"}]}<\/script>\n<!-- \/ Yoast SEO plugin. -->","yoast_head_json":{"title":"Atirador matou campe\u00e3o mundial de jiu-jitsu e idoso por engano ao confundi-los com seguran\u00e7as em SP - Litoral SP","description":"O criminoso preso por matar dois homens em um restaurante teria confundido as v\u00edtimas com seguran\u00e7as de um bar onde estava anteriormente.","robots":{"index":"index","follow":"follow","max-snippet":"max-snippet:-1","max-image-preview":"max-image-preview:large","max-video-preview":"max-video-preview:-1"},"canonical":"https:\/\/redenoticiaz.com.br\/litoralsp\/2022\/10\/14\/atirador-matou-campeao-mundial-de-jiu-jitsu-e-idoso-por-engano-ao-confundi-los-com-segurancas-em-sp","og_locale":"pt_BR","og_type":"article","og_title":"Atirador matou campe\u00e3o mundial de jiu-jitsu e idoso por engano ao confundi-los com seguran\u00e7as em SP - Litoral SP","og_description":"O criminoso preso por matar dois homens em um restaurante teria confundido as v\u00edtimas com seguran\u00e7as de um bar onde estava anteriormente.","og_url":"https:\/\/redenoticiaz.com.br\/litoralsp\/2022\/10\/14\/atirador-matou-campeao-mundial-de-jiu-jitsu-e-idoso-por-engano-ao-confundi-los-com-segurancas-em-sp","og_site_name":"Litoral SP","article_published_time":"2022-10-14T17:09:27+00:00","og_image":[{"width":1000,"height":661,"url":"https:\/\/redenoticiaz.com.br\/litoralsp\/wp-content\/uploads\/sites\/3\/2022\/10\/crimepraiagrande.jpg","type":"image\/jpeg"}],"author":"Gustavo Silva","twitter_card":"summary_large_image","twitter_misc":{"Escrito por":"Gustavo Silva","Est. tempo de leitura":"2 minutos"},"schema":{"@context":"https:\/\/schema.org","@graph":[{"@type":"Article","@id":"https:\/\/redenoticiaz.com.br\/litoralsp\/2022\/10\/14\/atirador-matou-campeao-mundial-de-jiu-jitsu-e-idoso-por-engano-ao-confundi-los-com-segurancas-em-sp#article","isPartOf":{"@id":"https:\/\/redenoticiaz.com.br\/litoralsp\/2022\/10\/14\/atirador-matou-campeao-mundial-de-jiu-jitsu-e-idoso-por-engano-ao-confundi-los-com-segurancas-em-sp"},"author":{"name":"Gustavo Silva","@id":"https:\/\/redenoticiaz.com.br\/litoralsp\/#\/schema\/person\/16057b37a3c0ee6b096d7f887c566e2e"},"headline":"Atirador matou campe\u00e3o mundial de jiu-jitsu e idoso por engano ao confundi-los com seguran\u00e7as em SP","datePublished":"2022-10-14T17:09:27+00:00","mainEntityOfPage":{"@id":"https:\/\/redenoticiaz.com.br\/litoralsp\/2022\/10\/14\/atirador-matou-campeao-mundial-de-jiu-jitsu-e-idoso-por-engano-ao-confundi-los-com-segurancas-em-sp"},"wordCount":216,"commentCount":0,"publisher":{"@id":"https:\/\/redenoticiaz.com.br\/litoralsp\/#organization"},"image":{"@id":"https:\/\/redenoticiaz.com.br\/litoralsp\/2022\/10\/14\/atirador-matou-campeao-mundial-de-jiu-jitsu-e-idoso-por-engano-ao-confundi-los-com-segurancas-em-sp#primaryimage"},"thumbnailUrl":"https:\/\/redenoticiaz.com.br\/litoralsp\/wp-content\/uploads\/sites\/3\/2022\/10\/crimepraiagrande.jpg","keywords":["ATENTADO A TIROS","CRIME","MORTE EM RESTAURANTE","PRAIA GRANDE","Thayn\u00e3 Higor"],"articleSection":["Pol\u00edcia","Praia Grande"],"inLanguage":"pt-BR","potentialAction":[{"@type":"CommentAction","name":"Comment","target":["https:\/\/redenoticiaz.com.br\/litoralsp\/2022\/10\/14\/atirador-matou-campeao-mundial-de-jiu-jitsu-e-idoso-por-engano-ao-confundi-los-com-segurancas-em-sp#respond"]}]},{"@type":"WebPage","@id":"https:\/\/redenoticiaz.com.br\/litoralsp\/2022\/10\/14\/atirador-matou-campeao-mundial-de-jiu-jitsu-e-idoso-por-engano-ao-confundi-los-com-segurancas-em-sp","url":"https:\/\/redenoticiaz.com.br\/litoralsp\/2022\/10\/14\/atirador-matou-campeao-mundial-de-jiu-jitsu-e-idoso-por-engano-ao-confundi-los-com-segurancas-em-sp","name":"Atirador matou campe\u00e3o mundial de jiu-jitsu e idoso por engano ao confundi-los com seguran\u00e7as em SP - Litoral SP","isPartOf":{"@id":"https:\/\/redenoticiaz.com.br\/litoralsp\/#website"},"primaryImageOfPage":{"@id":"https:\/\/redenoticiaz.com.br\/litoralsp\/2022\/10\/14\/atirador-matou-campeao-mundial-de-jiu-jitsu-e-idoso-por-engano-ao-confundi-los-com-segurancas-em-sp#primaryimage"},"image":{"@id":"https:\/\/redenoticiaz.com.br\/litoralsp\/2022\/10\/14\/atirador-matou-campeao-mundial-de-jiu-jitsu-e-idoso-por-engano-ao-confundi-los-com-segurancas-em-sp#primaryimage"},"thumbnailUrl":"https:\/\/redenoticiaz.com.br\/litoralsp\/wp-content\/uploads\/sites\/3\/2022\/10\/crimepraiagrande.jpg","datePublished":"2022-10-14T17:09:27+00:00","description":"O criminoso preso por matar dois homens em um restaurante teria confundido as v\u00edtimas com seguran\u00e7as de um bar onde estava anteriormente.","inLanguage":"pt-BR","potentialAction":[{"@type":"ReadAction","target":["https:\/\/redenoticiaz.com.br\/litoralsp\/2022\/10\/14\/atirador-matou-campeao-mundial-de-jiu-jitsu-e-idoso-por-engano-ao-confundi-los-com-segurancas-em-sp"]}]},{"@type":"ImageObject","inLanguage":"pt-BR","@id":"https:\/\/redenoticiaz.com.br\/litoralsp\/2022\/10\/14\/atirador-matou-campeao-mundial-de-jiu-jitsu-e-idoso-por-engano-ao-confundi-los-com-segurancas-em-sp#primaryimage","url":"https:\/\/redenoticiaz.com.br\/litoralsp\/wp-content\/uploads\/sites\/3\/2022\/10\/crimepraiagrande.jpg","contentUrl":"https:\/\/redenoticiaz.com.br\/litoralsp\/wp-content\/uploads\/sites\/3\/2022\/10\/crimepraiagrande.jpg","width":1000,"height":661,"caption":"Atirador matou campe\u00e3o mundial de jiu-jitsu e idoso por engano ao confundi-los com seguran\u00e7as em SP"},{"@type":"WebSite","@id":"https:\/\/redenoticiaz.com.br\/litoralsp\/#website","url":"https:\/\/redenoticiaz.com.br\/litoralsp\/","name":"Litoral SP","description":"Rede NoticiaZ","publisher":{"@id":"https:\/\/redenoticiaz.com.br\/litoralsp\/#organization"},"potentialAction":[{"@type":"SearchAction","target":{"@type":"EntryPoint","urlTemplate":"https:\/\/redenoticiaz.com.br\/litoralsp\/?s={search_term_string}"},"query-input":{"@type":"PropertyValueSpecification","valueRequired":true,"valueName":"search_term_string"}}],"inLanguage":"pt-BR"},{"@type":"Organization","@id":"https:\/\/redenoticiaz.com.br\/litoralsp\/#organization","name":"Litoral SP","url":"https:\/\/redenoticiaz.com.br\/litoralsp\/","logo":{"@type":"ImageObject","inLanguage":"pt-BR","@id":"https:\/\/redenoticiaz.com.br\/litoralsp\/#\/schema\/logo\/image\/","url":"https:\/\/redenoticiaz.com.br\/litoralsp\/wp-content\/uploads\/sites\/3\/2020\/11\/logo.jpg","contentUrl":"https:\/\/redenoticiaz.com.br\/litoralsp\/wp-content\/uploads\/sites\/3\/2020\/11\/logo.jpg","width":400,"height":250,"caption":"Litoral SP"},"image":{"@id":"https:\/\/redenoticiaz.com.br\/litoralsp\/#\/schema\/logo\/image\/"}},{"@type":"Person","@id":"https:\/\/redenoticiaz.com.br\/litoralsp\/#\/schema\/person\/16057b37a3c0ee6b096d7f887c566e2e","name":"Gustavo Silva","image":{"@type":"ImageObject","inLanguage":"pt-BR","@id":"https:\/\/secure.gravatar.com\/avatar\/3ee4e82f93b26de0a7cf4ea5eb7893da637ed6bb0c9170c58065944c56e28a33?s=96&d=mm&r=g","url":"https:\/\/secure.gravatar.com\/avatar\/3ee4e82f93b26de0a7cf4ea5eb7893da637ed6bb0c9170c58065944c56e28a33?s=96&d=mm&r=g","contentUrl":"https:\/\/secure.gravatar.com\/avatar\/3ee4e82f93b26de0a7cf4ea5eb7893da637ed6bb0c9170c58065944c56e28a33?s=96&d=mm&r=g","caption":"Gustavo Silva"},"url":"https:\/\/redenoticiaz.com.br\/litoralsp\/author\/gustavosilva"}]}},"_links":{"self":[{"href":"https:\/\/redenoticiaz.com.br\/litoralsp\/wp-json\/wp\/v2\/posts\/93323","targetHints":{"allow":["GET"]}}],"collection":[{"href":"https:\/\/redenoticiaz.com.br\/litoralsp\/wp-json\/wp\/v2\/posts"}],"about":[{"href":"https:\/\/redenoticiaz.com.br\/litoralsp\/wp-json\/wp\/v2\/types\/post"}],"author":[{"embeddable":true,"href":"https:\/\/redenoticiaz.com.br\/litoralsp\/wp-json\/wp\/v2\/users\/12"}],"replies":[{"embeddable":true,"href":"https:\/\/redenoticiaz.com.br\/litoralsp\/wp-json\/wp\/v2\/comments?post=93323"}],"version-history":[{"count":1,"href":"https:\/\/redenoticiaz.com.br\/litoralsp\/wp-json\/wp\/v2\/posts\/93323\/revisions"}],"predecessor-version":[{"id":93325,"href":"https:\/\/redenoticiaz.com.br\/litoralsp\/wp-json\/wp\/v2\/posts\/93323\/revisions\/93325"}],"wp:featuredmedia":[{"embeddable":true,"href":"https:\/\/redenoticiaz.com.br\/litoralsp\/wp-json\/wp\/v2\/media\/93324"}],"wp:attachment":[{"href":"https:\/\/redenoticiaz.com.br\/litoralsp\/wp-json\/wp\/v2\/media?parent=93323"}],"wp:term":[{"taxonomy":"category","embeddable":true,"href":"https:\/\/redenoticiaz.com.br\/litoralsp\/wp-json\/wp\/v2\/categories?post=93323"},{"taxonomy":"post_tag","embeddable":true,"href":"https:\/\/redenoticiaz.com.br\/litoralsp\/wp-json\/wp\/v2\/tags?post=93323"}],"curies":[{"name":"wp","href":"https:\/\/api.w.org\/{rel}","templated":true}]}}