{"id":93326,"date":"2022-10-14T14:33:17","date_gmt":"2022-10-14T17:33:17","guid":{"rendered":"https:\/\/redenoticiaz.com.br\/litoralsp\/?p=93326"},"modified":"2022-10-14T14:33:17","modified_gmt":"2022-10-14T17:33:17","slug":"homens-sao-presos-apos-tentarem-furtar-loja-usando-carroca-em-santos","status":"publish","type":"post","link":"https:\/\/redenoticiaz.com.br\/litoralsp\/2022\/10\/14\/homens-sao-presos-apos-tentarem-furtar-loja-usando-carroca-em-santos","title":{"rendered":"Homens s\u00e3o presos ap\u00f3s tentarem furtar loja usando carro\u00e7a em Santos"},"content":{"rendered":"<p>Nas primeiras horas da manh\u00e3 de quarta-feira (12), agentes da Guarda Civil Municipal (GCM) de Santos prenderam homens que tentavam furtar uma loja no bairro do Boqueir\u00e3o.<\/p>\n<p>Os suspeitos teriam entrado no local ap\u00f3s destruir parte da fechadura e j\u00e1 haviam se preparado para esconder os itens levados dentro de uma carro\u00e7a.<\/p>\n<p>Os homens se assustaram ao avistarem guardas municipais e empreenderam fuga abandonando a carro\u00e7a para tr\u00e1s. Os indiv\u00edduos foram pegos e confessaram que estavam utilizando a carro\u00e7a para furtar latas de tinta do com\u00e9rcio onde eles haviam parado o ve\u00edculo.<\/p>\n<p>Ao investigar o interior da carro\u00e7a dos suspeitos, os guardas encontraram oito latas de tinta, sendo sete gal\u00f5es de 18 litros e uma lata de 3,6 litros.<\/p>\n<p>O propriet\u00e1rio do com\u00e9rcio compareceu ao local e constatou que apenas as oito latas de tinta haviam sido retiradas do local.<\/p>\n<p><strong>Leia mais<\/strong><\/p>\n<p><a href=\"https:\/\/redenoticiaz.com.br\/litoralsp\/2022\/10\/13\/mais-de-15-mil-fieis-celebram-o-dia-de-nossa-senhora-na-paroquia-da-aparecida\">Mais de 15 mil fi\u00e9is celebram o Dia de Nossa Senhora na Par\u00f3quia da Aparecida<\/a><\/p>\n","protected":false},"excerpt":{"rendered":"<p>Nas primeiras horas da manh\u00e3 de quarta-feira (12), agentes da Guarda Civil Municipal (GCM) de Santos prenderam homens que tentavam furtar uma loja no bairro do Boqueir\u00e3o. Os suspeitos teriam entrado no local ap\u00f3s destruir parte da fechadura e j\u00e1 haviam se preparado para esconder os itens levados dentro de uma carro\u00e7a. Os homens se &hellip;<\/p>\n","protected":false},"author":12,"featured_media":93328,"comment_status":"open","ping_status":"closed","sticky":false,"template":"","format":"standard","meta":{"footnotes":""},"categories":[10,180],"tags":[35642,60123,60122,30517],"class_list":["post-93326","post","type-post","status-publish","format-standard","has-post-thumbnail","hentry","category-policia","category-santos","tag-furto-em-loja","tag-furto-em-santos","tag-furto-usando-carroca","tag-tentativa-de-furto"],"yoast_head":"<!-- This site is optimized with the Yoast SEO plugin v27.5 - https:\/\/yoast.com\/product\/yoast-seo-wordpress\/ -->\n<title>Homens s\u00e3o presos ap\u00f3s tentarem furtar loja usando carro\u00e7a em Santos - Litoral SP<\/title>\n<meta name=\"description\" content=\"Nessa quarta-feira (12), agentes da Guarda Civil Municipal de Santos prenderam homens que tentavam furtar loja usando uma carro\u00e7a.\" \/>\n<meta name=\"robots\" content=\"index, follow, max-snippet:-1, max-image-preview:large, max-video-preview:-1\" \/>\n<link rel=\"canonical\" href=\"https:\/\/redenoticiaz.com.br\/litoralsp\/2022\/10\/14\/homens-sao-presos-apos-tentarem-furtar-loja-usando-carroca-em-santos\" \/>\n<meta property=\"og:locale\" content=\"pt_BR\" \/>\n<meta property=\"og:type\" content=\"article\" \/>\n<meta property=\"og:title\" content=\"Homens s\u00e3o presos ap\u00f3s tentarem furtar loja usando carro\u00e7a em Santos - Litoral SP\" \/>\n<meta property=\"og:description\" content=\"Nessa quarta-feira (12), agentes da Guarda Civil Municipal de Santos prenderam homens que tentavam furtar loja usando uma carro\u00e7a.\" \/>\n<meta property=\"og:url\" content=\"https:\/\/redenoticiaz.com.br\/litoralsp\/2022\/10\/14\/homens-sao-presos-apos-tentarem-furtar-loja-usando-carroca-em-santos\" \/>\n<meta property=\"og:site_name\" content=\"Litoral SP\" \/>\n<meta property=\"article:published_time\" content=\"2022-10-14T17:33:17+00:00\" \/>\n<meta property=\"og:image\" content=\"https:\/\/redenoticiaz.com.br\/litoralsp\/wp-content\/uploads\/sites\/3\/2022\/10\/carroca-1.jpeg\" \/>\n\t<meta property=\"og:image:width\" content=\"960\" \/>\n\t<meta property=\"og:image:height\" content=\"768\" \/>\n\t<meta property=\"og:image:type\" content=\"image\/jpeg\" \/>\n<meta name=\"author\" content=\"Gustavo Silva\" \/>\n<meta name=\"twitter:card\" content=\"summary_large_image\" \/>\n<meta name=\"twitter:label1\" content=\"Escrito por\" \/>\n\t<meta name=\"twitter:data1\" content=\"Gustavo Silva\" \/>\n\t<meta name=\"twitter:label2\" content=\"Est. tempo de leitura\" \/>\n\t<meta name=\"twitter:data2\" content=\"1 minuto\" \/>\n<script type=\"application\/ld+json\" class=\"yoast-schema-graph\">{\"@context\":\"https:\\\/\\\/schema.org\",\"@graph\":[{\"@type\":\"Article\",\"@id\":\"https:\\\/\\\/redenoticiaz.com.br\\\/litoralsp\\\/2022\\\/10\\\/14\\\/homens-sao-presos-apos-tentarem-furtar-loja-usando-carroca-em-santos#article\",\"isPartOf\":{\"@id\":\"https:\\\/\\\/redenoticiaz.com.br\\\/litoralsp\\\/2022\\\/10\\\/14\\\/homens-sao-presos-apos-tentarem-furtar-loja-usando-carroca-em-santos\"},\"author\":{\"name\":\"Gustavo Silva\",\"@id\":\"https:\\\/\\\/redenoticiaz.com.br\\\/litoralsp\\\/#\\\/schema\\\/person\\\/16057b37a3c0ee6b096d7f887c566e2e\"},\"headline\":\"Homens s\u00e3o presos ap\u00f3s tentarem furtar loja usando carro\u00e7a em Santos\",\"datePublished\":\"2022-10-14T17:33:17+00:00\",\"mainEntityOfPage\":{\"@id\":\"https:\\\/\\\/redenoticiaz.com.br\\\/litoralsp\\\/2022\\\/10\\\/14\\\/homens-sao-presos-apos-tentarem-furtar-loja-usando-carroca-em-santos\"},\"wordCount\":182,\"commentCount\":0,\"publisher\":{\"@id\":\"https:\\\/\\\/redenoticiaz.com.br\\\/litoralsp\\\/#organization\"},\"image\":{\"@id\":\"https:\\\/\\\/redenoticiaz.com.br\\\/litoralsp\\\/2022\\\/10\\\/14\\\/homens-sao-presos-apos-tentarem-furtar-loja-usando-carroca-em-santos#primaryimage\"},\"thumbnailUrl\":\"https:\\\/\\\/redenoticiaz.com.br\\\/litoralsp\\\/wp-content\\\/uploads\\\/sites\\\/3\\\/2022\\\/10\\\/carroca-1.jpeg\",\"keywords\":[\"FURTO EM LOJA\",\"FURTO EM SANTOS\",\"FURTO USANDO CARRO\u00c7A\",\"TENTATIVA DE FURTO\"],\"articleSection\":[\"Pol\u00edcia\",\"Santos\"],\"inLanguage\":\"pt-BR\",\"potentialAction\":[{\"@type\":\"CommentAction\",\"name\":\"Comment\",\"target\":[\"https:\\\/\\\/redenoticiaz.com.br\\\/litoralsp\\\/2022\\\/10\\\/14\\\/homens-sao-presos-apos-tentarem-furtar-loja-usando-carroca-em-santos#respond\"]}]},{\"@type\":\"WebPage\",\"@id\":\"https:\\\/\\\/redenoticiaz.com.br\\\/litoralsp\\\/2022\\\/10\\\/14\\\/homens-sao-presos-apos-tentarem-furtar-loja-usando-carroca-em-santos\",\"url\":\"https:\\\/\\\/redenoticiaz.com.br\\\/litoralsp\\\/2022\\\/10\\\/14\\\/homens-sao-presos-apos-tentarem-furtar-loja-usando-carroca-em-santos\",\"name\":\"Homens s\u00e3o presos ap\u00f3s tentarem furtar loja usando carro\u00e7a em Santos - Litoral SP\",\"isPartOf\":{\"@id\":\"https:\\\/\\\/redenoticiaz.com.br\\\/litoralsp\\\/#website\"},\"primaryImageOfPage\":{\"@id\":\"https:\\\/\\\/redenoticiaz.com.br\\\/litoralsp\\\/2022\\\/10\\\/14\\\/homens-sao-presos-apos-tentarem-furtar-loja-usando-carroca-em-santos#primaryimage\"},\"image\":{\"@id\":\"https:\\\/\\\/redenoticiaz.com.br\\\/litoralsp\\\/2022\\\/10\\\/14\\\/homens-sao-presos-apos-tentarem-furtar-loja-usando-carroca-em-santos#primaryimage\"},\"thumbnailUrl\":\"https:\\\/\\\/redenoticiaz.com.br\\\/litoralsp\\\/wp-content\\\/uploads\\\/sites\\\/3\\\/2022\\\/10\\\/carroca-1.jpeg\",\"datePublished\":\"2022-10-14T17:33:17+00:00\",\"description\":\"Nessa quarta-feira (12), agentes da Guarda Civil Municipal de Santos prenderam homens que tentavam furtar loja usando uma carro\u00e7a.\",\"inLanguage\":\"pt-BR\",\"potentialAction\":[{\"@type\":\"ReadAction\",\"target\":[\"https:\\\/\\\/redenoticiaz.com.br\\\/litoralsp\\\/2022\\\/10\\\/14\\\/homens-sao-presos-apos-tentarem-furtar-loja-usando-carroca-em-santos\"]}]},{\"@type\":\"ImageObject\",\"inLanguage\":\"pt-BR\",\"@id\":\"https:\\\/\\\/redenoticiaz.com.br\\\/litoralsp\\\/2022\\\/10\\\/14\\\/homens-sao-presos-apos-tentarem-furtar-loja-usando-carroca-em-santos#primaryimage\",\"url\":\"https:\\\/\\\/redenoticiaz.com.br\\\/litoralsp\\\/wp-content\\\/uploads\\\/sites\\\/3\\\/2022\\\/10\\\/carroca-1.jpeg\",\"contentUrl\":\"https:\\\/\\\/redenoticiaz.com.br\\\/litoralsp\\\/wp-content\\\/uploads\\\/sites\\\/3\\\/2022\\\/10\\\/carroca-1.jpeg\",\"width\":960,\"height\":768,\"caption\":\"Homens s\u00e3o presos ap\u00f3s tentarem furtar loja usando carro\u00e7a em Santos\"},{\"@type\":\"WebSite\",\"@id\":\"https:\\\/\\\/redenoticiaz.com.br\\\/litoralsp\\\/#website\",\"url\":\"https:\\\/\\\/redenoticiaz.com.br\\\/litoralsp\\\/\",\"name\":\"Litoral SP\",\"description\":\"Rede NoticiaZ\",\"publisher\":{\"@id\":\"https:\\\/\\\/redenoticiaz.com.br\\\/litoralsp\\\/#organization\"},\"potentialAction\":[{\"@type\":\"SearchAction\",\"target\":{\"@type\":\"EntryPoint\",\"urlTemplate\":\"https:\\\/\\\/redenoticiaz.com.br\\\/litoralsp\\\/?s={search_term_string}\"},\"query-input\":{\"@type\":\"PropertyValueSpecification\",\"valueRequired\":true,\"valueName\":\"search_term_string\"}}],\"inLanguage\":\"pt-BR\"},{\"@type\":\"Organization\",\"@id\":\"https:\\\/\\\/redenoticiaz.com.br\\\/litoralsp\\\/#organization\",\"name\":\"Litoral SP\",\"url\":\"https:\\\/\\\/redenoticiaz.com.br\\\/litoralsp\\\/\",\"logo\":{\"@type\":\"ImageObject\",\"inLanguage\":\"pt-BR\",\"@id\":\"https:\\\/\\\/redenoticiaz.com.br\\\/litoralsp\\\/#\\\/schema\\\/logo\\\/image\\\/\",\"url\":\"https:\\\/\\\/redenoticiaz.com.br\\\/litoralsp\\\/wp-content\\\/uploads\\\/sites\\\/3\\\/2020\\\/11\\\/logo.jpg\",\"contentUrl\":\"https:\\\/\\\/redenoticiaz.com.br\\\/litoralsp\\\/wp-content\\\/uploads\\\/sites\\\/3\\\/2020\\\/11\\\/logo.jpg\",\"width\":400,\"height\":250,\"caption\":\"Litoral SP\"},\"image\":{\"@id\":\"https:\\\/\\\/redenoticiaz.com.br\\\/litoralsp\\\/#\\\/schema\\\/logo\\\/image\\\/\"}},{\"@type\":\"Person\",\"@id\":\"https:\\\/\\\/redenoticiaz.com.br\\\/litoralsp\\\/#\\\/schema\\\/person\\\/16057b37a3c0ee6b096d7f887c566e2e\",\"name\":\"Gustavo Silva\",\"image\":{\"@type\":\"ImageObject\",\"inLanguage\":\"pt-BR\",\"@id\":\"https:\\\/\\\/secure.gravatar.com\\\/avatar\\\/3ee4e82f93b26de0a7cf4ea5eb7893da637ed6bb0c9170c58065944c56e28a33?s=96&d=mm&r=g\",\"url\":\"https:\\\/\\\/secure.gravatar.com\\\/avatar\\\/3ee4e82f93b26de0a7cf4ea5eb7893da637ed6bb0c9170c58065944c56e28a33?s=96&d=mm&r=g\",\"contentUrl\":\"https:\\\/\\\/secure.gravatar.com\\\/avatar\\\/3ee4e82f93b26de0a7cf4ea5eb7893da637ed6bb0c9170c58065944c56e28a33?s=96&d=mm&r=g\",\"caption\":\"Gustavo Silva\"},\"url\":\"https:\\\/\\\/redenoticiaz.com.br\\\/litoralsp\\\/author\\\/gustavosilva\"}]}<\/script>\n<!-- \/ Yoast SEO plugin. -->","yoast_head_json":{"title":"Homens s\u00e3o presos ap\u00f3s tentarem furtar loja usando carro\u00e7a em Santos - Litoral SP","description":"Nessa quarta-feira (12), agentes da Guarda Civil Municipal de Santos prenderam homens que tentavam furtar loja usando uma carro\u00e7a.","robots":{"index":"index","follow":"follow","max-snippet":"max-snippet:-1","max-image-preview":"max-image-preview:large","max-video-preview":"max-video-preview:-1"},"canonical":"https:\/\/redenoticiaz.com.br\/litoralsp\/2022\/10\/14\/homens-sao-presos-apos-tentarem-furtar-loja-usando-carroca-em-santos","og_locale":"pt_BR","og_type":"article","og_title":"Homens s\u00e3o presos ap\u00f3s tentarem furtar loja usando carro\u00e7a em Santos - Litoral SP","og_description":"Nessa quarta-feira (12), agentes da Guarda Civil Municipal de Santos prenderam homens que tentavam furtar loja usando uma carro\u00e7a.","og_url":"https:\/\/redenoticiaz.com.br\/litoralsp\/2022\/10\/14\/homens-sao-presos-apos-tentarem-furtar-loja-usando-carroca-em-santos","og_site_name":"Litoral SP","article_published_time":"2022-10-14T17:33:17+00:00","og_image":[{"width":960,"height":768,"url":"https:\/\/redenoticiaz.com.br\/litoralsp\/wp-content\/uploads\/sites\/3\/2022\/10\/carroca-1.jpeg","type":"image\/jpeg"}],"author":"Gustavo Silva","twitter_card":"summary_large_image","twitter_misc":{"Escrito por":"Gustavo Silva","Est. tempo de leitura":"1 minuto"},"schema":{"@context":"https:\/\/schema.org","@graph":[{"@type":"Article","@id":"https:\/\/redenoticiaz.com.br\/litoralsp\/2022\/10\/14\/homens-sao-presos-apos-tentarem-furtar-loja-usando-carroca-em-santos#article","isPartOf":{"@id":"https:\/\/redenoticiaz.com.br\/litoralsp\/2022\/10\/14\/homens-sao-presos-apos-tentarem-furtar-loja-usando-carroca-em-santos"},"author":{"name":"Gustavo Silva","@id":"https:\/\/redenoticiaz.com.br\/litoralsp\/#\/schema\/person\/16057b37a3c0ee6b096d7f887c566e2e"},"headline":"Homens s\u00e3o presos ap\u00f3s tentarem furtar loja usando carro\u00e7a em Santos","datePublished":"2022-10-14T17:33:17+00:00","mainEntityOfPage":{"@id":"https:\/\/redenoticiaz.com.br\/litoralsp\/2022\/10\/14\/homens-sao-presos-apos-tentarem-furtar-loja-usando-carroca-em-santos"},"wordCount":182,"commentCount":0,"publisher":{"@id":"https:\/\/redenoticiaz.com.br\/litoralsp\/#organization"},"image":{"@id":"https:\/\/redenoticiaz.com.br\/litoralsp\/2022\/10\/14\/homens-sao-presos-apos-tentarem-furtar-loja-usando-carroca-em-santos#primaryimage"},"thumbnailUrl":"https:\/\/redenoticiaz.com.br\/litoralsp\/wp-content\/uploads\/sites\/3\/2022\/10\/carroca-1.jpeg","keywords":["FURTO EM LOJA","FURTO EM SANTOS","FURTO USANDO CARRO\u00c7A","TENTATIVA DE FURTO"],"articleSection":["Pol\u00edcia","Santos"],"inLanguage":"pt-BR","potentialAction":[{"@type":"CommentAction","name":"Comment","target":["https:\/\/redenoticiaz.com.br\/litoralsp\/2022\/10\/14\/homens-sao-presos-apos-tentarem-furtar-loja-usando-carroca-em-santos#respond"]}]},{"@type":"WebPage","@id":"https:\/\/redenoticiaz.com.br\/litoralsp\/2022\/10\/14\/homens-sao-presos-apos-tentarem-furtar-loja-usando-carroca-em-santos","url":"https:\/\/redenoticiaz.com.br\/litoralsp\/2022\/10\/14\/homens-sao-presos-apos-tentarem-furtar-loja-usando-carroca-em-santos","name":"Homens s\u00e3o presos ap\u00f3s tentarem furtar loja usando carro\u00e7a em Santos - Litoral SP","isPartOf":{"@id":"https:\/\/redenoticiaz.com.br\/litoralsp\/#website"},"primaryImageOfPage":{"@id":"https:\/\/redenoticiaz.com.br\/litoralsp\/2022\/10\/14\/homens-sao-presos-apos-tentarem-furtar-loja-usando-carroca-em-santos#primaryimage"},"image":{"@id":"https:\/\/redenoticiaz.com.br\/litoralsp\/2022\/10\/14\/homens-sao-presos-apos-tentarem-furtar-loja-usando-carroca-em-santos#primaryimage"},"thumbnailUrl":"https:\/\/redenoticiaz.com.br\/litoralsp\/wp-content\/uploads\/sites\/3\/2022\/10\/carroca-1.jpeg","datePublished":"2022-10-14T17:33:17+00:00","description":"Nessa quarta-feira (12), agentes da Guarda Civil Municipal de Santos prenderam homens que tentavam furtar loja usando uma carro\u00e7a.","inLanguage":"pt-BR","potentialAction":[{"@type":"ReadAction","target":["https:\/\/redenoticiaz.com.br\/litoralsp\/2022\/10\/14\/homens-sao-presos-apos-tentarem-furtar-loja-usando-carroca-em-santos"]}]},{"@type":"ImageObject","inLanguage":"pt-BR","@id":"https:\/\/redenoticiaz.com.br\/litoralsp\/2022\/10\/14\/homens-sao-presos-apos-tentarem-furtar-loja-usando-carroca-em-santos#primaryimage","url":"https:\/\/redenoticiaz.com.br\/litoralsp\/wp-content\/uploads\/sites\/3\/2022\/10\/carroca-1.jpeg","contentUrl":"https:\/\/redenoticiaz.com.br\/litoralsp\/wp-content\/uploads\/sites\/3\/2022\/10\/carroca-1.jpeg","width":960,"height":768,"caption":"Homens s\u00e3o presos ap\u00f3s tentarem furtar loja usando carro\u00e7a em Santos"},{"@type":"WebSite","@id":"https:\/\/redenoticiaz.com.br\/litoralsp\/#website","url":"https:\/\/redenoticiaz.com.br\/litoralsp\/","name":"Litoral SP","description":"Rede NoticiaZ","publisher":{"@id":"https:\/\/redenoticiaz.com.br\/litoralsp\/#organization"},"potentialAction":[{"@type":"SearchAction","target":{"@type":"EntryPoint","urlTemplate":"https:\/\/redenoticiaz.com.br\/litoralsp\/?s={search_term_string}"},"query-input":{"@type":"PropertyValueSpecification","valueRequired":true,"valueName":"search_term_string"}}],"inLanguage":"pt-BR"},{"@type":"Organization","@id":"https:\/\/redenoticiaz.com.br\/litoralsp\/#organization","name":"Litoral SP","url":"https:\/\/redenoticiaz.com.br\/litoralsp\/","logo":{"@type":"ImageObject","inLanguage":"pt-BR","@id":"https:\/\/redenoticiaz.com.br\/litoralsp\/#\/schema\/logo\/image\/","url":"https:\/\/redenoticiaz.com.br\/litoralsp\/wp-content\/uploads\/sites\/3\/2020\/11\/logo.jpg","contentUrl":"https:\/\/redenoticiaz.com.br\/litoralsp\/wp-content\/uploads\/sites\/3\/2020\/11\/logo.jpg","width":400,"height":250,"caption":"Litoral SP"},"image":{"@id":"https:\/\/redenoticiaz.com.br\/litoralsp\/#\/schema\/logo\/image\/"}},{"@type":"Person","@id":"https:\/\/redenoticiaz.com.br\/litoralsp\/#\/schema\/person\/16057b37a3c0ee6b096d7f887c566e2e","name":"Gustavo Silva","image":{"@type":"ImageObject","inLanguage":"pt-BR","@id":"https:\/\/secure.gravatar.com\/avatar\/3ee4e82f93b26de0a7cf4ea5eb7893da637ed6bb0c9170c58065944c56e28a33?s=96&d=mm&r=g","url":"https:\/\/secure.gravatar.com\/avatar\/3ee4e82f93b26de0a7cf4ea5eb7893da637ed6bb0c9170c58065944c56e28a33?s=96&d=mm&r=g","contentUrl":"https:\/\/secure.gravatar.com\/avatar\/3ee4e82f93b26de0a7cf4ea5eb7893da637ed6bb0c9170c58065944c56e28a33?s=96&d=mm&r=g","caption":"Gustavo Silva"},"url":"https:\/\/redenoticiaz.com.br\/litoralsp\/author\/gustavosilva"}]}},"_links":{"self":[{"href":"https:\/\/redenoticiaz.com.br\/litoralsp\/wp-json\/wp\/v2\/posts\/93326","targetHints":{"allow":["GET"]}}],"collection":[{"href":"https:\/\/redenoticiaz.com.br\/litoralsp\/wp-json\/wp\/v2\/posts"}],"about":[{"href":"https:\/\/redenoticiaz.com.br\/litoralsp\/wp-json\/wp\/v2\/types\/post"}],"author":[{"embeddable":true,"href":"https:\/\/redenoticiaz.com.br\/litoralsp\/wp-json\/wp\/v2\/users\/12"}],"replies":[{"embeddable":true,"href":"https:\/\/redenoticiaz.com.br\/litoralsp\/wp-json\/wp\/v2\/comments?post=93326"}],"version-history":[{"count":1,"href":"https:\/\/redenoticiaz.com.br\/litoralsp\/wp-json\/wp\/v2\/posts\/93326\/revisions"}],"predecessor-version":[{"id":93329,"href":"https:\/\/redenoticiaz.com.br\/litoralsp\/wp-json\/wp\/v2\/posts\/93326\/revisions\/93329"}],"wp:featuredmedia":[{"embeddable":true,"href":"https:\/\/redenoticiaz.com.br\/litoralsp\/wp-json\/wp\/v2\/media\/93328"}],"wp:attachment":[{"href":"https:\/\/redenoticiaz.com.br\/litoralsp\/wp-json\/wp\/v2\/media?parent=93326"}],"wp:term":[{"taxonomy":"category","embeddable":true,"href":"https:\/\/redenoticiaz.com.br\/litoralsp\/wp-json\/wp\/v2\/categories?post=93326"},{"taxonomy":"post_tag","embeddable":true,"href":"https:\/\/redenoticiaz.com.br\/litoralsp\/wp-json\/wp\/v2\/tags?post=93326"}],"curies":[{"name":"wp","href":"https:\/\/api.w.org\/{rel}","templated":true}]}}