{"id":93330,"date":"2022-10-14T14:49:22","date_gmt":"2022-10-14T17:49:22","guid":{"rendered":"https:\/\/redenoticiaz.com.br\/litoralsp\/?p=93330"},"modified":"2022-10-14T14:49:22","modified_gmt":"2022-10-14T17:49:22","slug":"feira-de-noivas-e-debutantes-acontecera-neste-domingo-16-em-santos","status":"publish","type":"post","link":"https:\/\/redenoticiaz.com.br\/litoralsp\/2022\/10\/14\/feira-de-noivas-e-debutantes-acontecera-neste-domingo-16-em-santos","title":{"rendered":"Feira de noivas e debutantes acontecer\u00e1 neste domingo (16) em Santos"},"content":{"rendered":"<p>A 7\u00aa edi\u00e7\u00e3o da feira de noivas e debutantes da Baixada Santista j\u00e1 tem seu retorno marcado. O Expo Casamentos &amp; Festas Oriental M\u00f3veis volta ap\u00f3s uma pausa por conta da pandemia da Covid-19.<\/p>\n<p>O evento ocorre no dia 16 de outubro, entre 12h e 21h no Blue Med Convention Center, localizado na Ponta da Praia, em Santos.<\/p>\n<p>No espa\u00e7o, ser\u00e3o mais de 60 expositores divididos em: buffet, DJ, decora\u00e7\u00e3o, alian\u00e7as, doces finos, assessoria, foto e filmagem, bartender, convites, lembrancinha, bandas e cabines fotogr\u00e1ficas.<\/p>\n<p>Os interessados poder\u00e3o conferir os melhores produtos e servi\u00e7os dispon\u00edveis no mercado, al\u00e9m de conseguir economizar, j\u00e1 que as empresas expositoras oferecem descontos e promo\u00e7\u00f5es que chegam at\u00e9 30% no valor dos contratos.<\/p>\n<div class=\"text\">\n<p>Contando todas as suas edi\u00e7\u00f5es realizadas, o evento j\u00e1 atraiu mais de 21 mil visitantes e 300 expositores diferentes. Dentro da feira, cerca de 12 milh\u00f5es de neg\u00f3cios foram gerados at\u00e9 hoje.<\/p>\n<p><strong>Inscri\u00e7\u00f5es<\/strong><\/p>\n<\/div>\n<div class=\"share\">\n<p>Os visitantes podem antecipar sua inscri\u00e7\u00e3o <a href=\"https:\/\/www.sympla.com.br\/evento\/7-expo-casamentos-e-festas-oriental-moveis\/1481522\">atrav\u00e9s do site<\/a> ou pessoalmente no dia do evento.<\/p>\n<p><strong>Leia mais<\/strong><\/p>\n<p><a href=\"https:\/\/redenoticiaz.com.br\/litoralsp\/2022\/10\/13\/motorista-com-caminhao-cai-no-mar-do-porto-de-santos-e-morre\">Motorista com caminh\u00e3o cai no mar do Porto de Santos e morre<\/a><\/p>\n<\/div>\n","protected":false},"excerpt":{"rendered":"<p>A 7\u00aa edi\u00e7\u00e3o da feira de noivas e debutantes da Baixada Santista j\u00e1 tem seu retorno marcado. O Expo Casamentos &amp; Festas Oriental M\u00f3veis volta ap\u00f3s uma pausa por conta da pandemia da Covid-19. O evento ocorre no dia 16 de outubro, entre 12h e 21h no Blue Med Convention Center, localizado na Ponta da &hellip;<\/p>\n","protected":false},"author":12,"featured_media":93331,"comment_status":"open","ping_status":"closed","sticky":false,"template":"","format":"standard","meta":{"footnotes":""},"categories":[170,180],"tags":[60126,35798,60125,60124,11382,986],"class_list":["post-93330","post","type-post","status-publish","format-standard","has-post-thumbnail","hentry","category-entretenimento","category-santos","tag-blue-med-convention-center","tag-evento","tag-expo-casamentos-festas-oriental-moveis","tag-feira-de-noivas-e-debutantes","tag-ponta-da-praia","tag-santos"],"yoast_head":"<!-- This site is optimized with the Yoast SEO plugin v27.5 - https:\/\/yoast.com\/product\/yoast-seo-wordpress\/ -->\n<title>Feira de noivas e debutantes acontecer\u00e1 neste domingo (16) em Santos - Litoral SP<\/title>\n<meta name=\"description\" content=\"A 7\u00aa edi\u00e7\u00e3o da feira de noivas e debutantes da Baixada Santista j\u00e1 tem seu retorno marcado ap\u00f3s uma pausa por conta da pandemia da Covid-19.\" \/>\n<meta name=\"robots\" content=\"index, follow, max-snippet:-1, max-image-preview:large, max-video-preview:-1\" \/>\n<link rel=\"canonical\" href=\"https:\/\/redenoticiaz.com.br\/litoralsp\/2022\/10\/14\/feira-de-noivas-e-debutantes-acontecera-neste-domingo-16-em-santos\" \/>\n<meta property=\"og:locale\" content=\"pt_BR\" \/>\n<meta property=\"og:type\" content=\"article\" \/>\n<meta property=\"og:title\" content=\"Feira de noivas e debutantes acontecer\u00e1 neste domingo (16) em Santos - Litoral SP\" \/>\n<meta property=\"og:description\" content=\"A 7\u00aa edi\u00e7\u00e3o da feira de noivas e debutantes da Baixada Santista j\u00e1 tem seu retorno marcado ap\u00f3s uma pausa por conta da pandemia da Covid-19.\" \/>\n<meta property=\"og:url\" content=\"https:\/\/redenoticiaz.com.br\/litoralsp\/2022\/10\/14\/feira-de-noivas-e-debutantes-acontecera-neste-domingo-16-em-santos\" \/>\n<meta property=\"og:site_name\" content=\"Litoral SP\" \/>\n<meta property=\"article:published_time\" content=\"2022-10-14T17:49:22+00:00\" \/>\n<meta property=\"og:image\" content=\"https:\/\/redenoticiaz.com.br\/litoralsp\/wp-content\/uploads\/sites\/3\/2022\/10\/6328bcfea6826-lg.jpg\" \/>\n\t<meta property=\"og:image:width\" content=\"1280\" \/>\n\t<meta property=\"og:image:height\" content=\"720\" \/>\n\t<meta property=\"og:image:type\" content=\"image\/jpeg\" \/>\n<meta name=\"author\" content=\"Gustavo Silva\" \/>\n<meta name=\"twitter:card\" content=\"summary_large_image\" \/>\n<meta name=\"twitter:label1\" content=\"Escrito por\" \/>\n\t<meta name=\"twitter:data1\" content=\"Gustavo Silva\" \/>\n\t<meta name=\"twitter:label2\" content=\"Est. tempo de leitura\" \/>\n\t<meta name=\"twitter:data2\" content=\"2 minutos\" \/>\n<script type=\"application\/ld+json\" class=\"yoast-schema-graph\">{\"@context\":\"https:\\\/\\\/schema.org\",\"@graph\":[{\"@type\":\"Article\",\"@id\":\"https:\\\/\\\/redenoticiaz.com.br\\\/litoralsp\\\/2022\\\/10\\\/14\\\/feira-de-noivas-e-debutantes-acontecera-neste-domingo-16-em-santos#article\",\"isPartOf\":{\"@id\":\"https:\\\/\\\/redenoticiaz.com.br\\\/litoralsp\\\/2022\\\/10\\\/14\\\/feira-de-noivas-e-debutantes-acontecera-neste-domingo-16-em-santos\"},\"author\":{\"name\":\"Gustavo Silva\",\"@id\":\"https:\\\/\\\/redenoticiaz.com.br\\\/litoralsp\\\/#\\\/schema\\\/person\\\/16057b37a3c0ee6b096d7f887c566e2e\"},\"headline\":\"Feira de noivas e debutantes acontecer\u00e1 neste domingo (16) em Santos\",\"datePublished\":\"2022-10-14T17:49:22+00:00\",\"mainEntityOfPage\":{\"@id\":\"https:\\\/\\\/redenoticiaz.com.br\\\/litoralsp\\\/2022\\\/10\\\/14\\\/feira-de-noivas-e-debutantes-acontecera-neste-domingo-16-em-santos\"},\"wordCount\":202,\"commentCount\":0,\"publisher\":{\"@id\":\"https:\\\/\\\/redenoticiaz.com.br\\\/litoralsp\\\/#organization\"},\"image\":{\"@id\":\"https:\\\/\\\/redenoticiaz.com.br\\\/litoralsp\\\/2022\\\/10\\\/14\\\/feira-de-noivas-e-debutantes-acontecera-neste-domingo-16-em-santos#primaryimage\"},\"thumbnailUrl\":\"https:\\\/\\\/redenoticiaz.com.br\\\/litoralsp\\\/wp-content\\\/uploads\\\/sites\\\/3\\\/2022\\\/10\\\/6328bcfea6826-lg.jpg\",\"keywords\":[\"Blue Med Convention Center\",\"EVENTO\",\"Expo Casamentos &amp; Festas Oriental M\u00f3veis\",\"Feira de noivas e debutantes\",\"PONTA DA PRAIA\",\"Santos\"],\"articleSection\":[\"Entretenimento\",\"Santos\"],\"inLanguage\":\"pt-BR\",\"potentialAction\":[{\"@type\":\"CommentAction\",\"name\":\"Comment\",\"target\":[\"https:\\\/\\\/redenoticiaz.com.br\\\/litoralsp\\\/2022\\\/10\\\/14\\\/feira-de-noivas-e-debutantes-acontecera-neste-domingo-16-em-santos#respond\"]}]},{\"@type\":\"WebPage\",\"@id\":\"https:\\\/\\\/redenoticiaz.com.br\\\/litoralsp\\\/2022\\\/10\\\/14\\\/feira-de-noivas-e-debutantes-acontecera-neste-domingo-16-em-santos\",\"url\":\"https:\\\/\\\/redenoticiaz.com.br\\\/litoralsp\\\/2022\\\/10\\\/14\\\/feira-de-noivas-e-debutantes-acontecera-neste-domingo-16-em-santos\",\"name\":\"Feira de noivas e debutantes acontecer\u00e1 neste domingo (16) em Santos - Litoral SP\",\"isPartOf\":{\"@id\":\"https:\\\/\\\/redenoticiaz.com.br\\\/litoralsp\\\/#website\"},\"primaryImageOfPage\":{\"@id\":\"https:\\\/\\\/redenoticiaz.com.br\\\/litoralsp\\\/2022\\\/10\\\/14\\\/feira-de-noivas-e-debutantes-acontecera-neste-domingo-16-em-santos#primaryimage\"},\"image\":{\"@id\":\"https:\\\/\\\/redenoticiaz.com.br\\\/litoralsp\\\/2022\\\/10\\\/14\\\/feira-de-noivas-e-debutantes-acontecera-neste-domingo-16-em-santos#primaryimage\"},\"thumbnailUrl\":\"https:\\\/\\\/redenoticiaz.com.br\\\/litoralsp\\\/wp-content\\\/uploads\\\/sites\\\/3\\\/2022\\\/10\\\/6328bcfea6826-lg.jpg\",\"datePublished\":\"2022-10-14T17:49:22+00:00\",\"description\":\"A 7\u00aa edi\u00e7\u00e3o da feira de noivas e debutantes da Baixada Santista j\u00e1 tem seu retorno marcado ap\u00f3s uma pausa por conta da pandemia da Covid-19.\",\"inLanguage\":\"pt-BR\",\"potentialAction\":[{\"@type\":\"ReadAction\",\"target\":[\"https:\\\/\\\/redenoticiaz.com.br\\\/litoralsp\\\/2022\\\/10\\\/14\\\/feira-de-noivas-e-debutantes-acontecera-neste-domingo-16-em-santos\"]}]},{\"@type\":\"ImageObject\",\"inLanguage\":\"pt-BR\",\"@id\":\"https:\\\/\\\/redenoticiaz.com.br\\\/litoralsp\\\/2022\\\/10\\\/14\\\/feira-de-noivas-e-debutantes-acontecera-neste-domingo-16-em-santos#primaryimage\",\"url\":\"https:\\\/\\\/redenoticiaz.com.br\\\/litoralsp\\\/wp-content\\\/uploads\\\/sites\\\/3\\\/2022\\\/10\\\/6328bcfea6826-lg.jpg\",\"contentUrl\":\"https:\\\/\\\/redenoticiaz.com.br\\\/litoralsp\\\/wp-content\\\/uploads\\\/sites\\\/3\\\/2022\\\/10\\\/6328bcfea6826-lg.jpg\",\"width\":1280,\"height\":720,\"caption\":\"Feira de noivas e debutantes acontecer\u00e1 neste domingo (16) em Santos\"},{\"@type\":\"WebSite\",\"@id\":\"https:\\\/\\\/redenoticiaz.com.br\\\/litoralsp\\\/#website\",\"url\":\"https:\\\/\\\/redenoticiaz.com.br\\\/litoralsp\\\/\",\"name\":\"Litoral SP\",\"description\":\"Rede NoticiaZ\",\"publisher\":{\"@id\":\"https:\\\/\\\/redenoticiaz.com.br\\\/litoralsp\\\/#organization\"},\"potentialAction\":[{\"@type\":\"SearchAction\",\"target\":{\"@type\":\"EntryPoint\",\"urlTemplate\":\"https:\\\/\\\/redenoticiaz.com.br\\\/litoralsp\\\/?s={search_term_string}\"},\"query-input\":{\"@type\":\"PropertyValueSpecification\",\"valueRequired\":true,\"valueName\":\"search_term_string\"}}],\"inLanguage\":\"pt-BR\"},{\"@type\":\"Organization\",\"@id\":\"https:\\\/\\\/redenoticiaz.com.br\\\/litoralsp\\\/#organization\",\"name\":\"Litoral SP\",\"url\":\"https:\\\/\\\/redenoticiaz.com.br\\\/litoralsp\\\/\",\"logo\":{\"@type\":\"ImageObject\",\"inLanguage\":\"pt-BR\",\"@id\":\"https:\\\/\\\/redenoticiaz.com.br\\\/litoralsp\\\/#\\\/schema\\\/logo\\\/image\\\/\",\"url\":\"https:\\\/\\\/redenoticiaz.com.br\\\/litoralsp\\\/wp-content\\\/uploads\\\/sites\\\/3\\\/2020\\\/11\\\/logo.jpg\",\"contentUrl\":\"https:\\\/\\\/redenoticiaz.com.br\\\/litoralsp\\\/wp-content\\\/uploads\\\/sites\\\/3\\\/2020\\\/11\\\/logo.jpg\",\"width\":400,\"height\":250,\"caption\":\"Litoral SP\"},\"image\":{\"@id\":\"https:\\\/\\\/redenoticiaz.com.br\\\/litoralsp\\\/#\\\/schema\\\/logo\\\/image\\\/\"}},{\"@type\":\"Person\",\"@id\":\"https:\\\/\\\/redenoticiaz.com.br\\\/litoralsp\\\/#\\\/schema\\\/person\\\/16057b37a3c0ee6b096d7f887c566e2e\",\"name\":\"Gustavo Silva\",\"image\":{\"@type\":\"ImageObject\",\"inLanguage\":\"pt-BR\",\"@id\":\"https:\\\/\\\/secure.gravatar.com\\\/avatar\\\/3ee4e82f93b26de0a7cf4ea5eb7893da637ed6bb0c9170c58065944c56e28a33?s=96&d=mm&r=g\",\"url\":\"https:\\\/\\\/secure.gravatar.com\\\/avatar\\\/3ee4e82f93b26de0a7cf4ea5eb7893da637ed6bb0c9170c58065944c56e28a33?s=96&d=mm&r=g\",\"contentUrl\":\"https:\\\/\\\/secure.gravatar.com\\\/avatar\\\/3ee4e82f93b26de0a7cf4ea5eb7893da637ed6bb0c9170c58065944c56e28a33?s=96&d=mm&r=g\",\"caption\":\"Gustavo Silva\"},\"url\":\"https:\\\/\\\/redenoticiaz.com.br\\\/litoralsp\\\/author\\\/gustavosilva\"}]}<\/script>\n<!-- \/ Yoast SEO plugin. -->","yoast_head_json":{"title":"Feira de noivas e debutantes acontecer\u00e1 neste domingo (16) em Santos - Litoral SP","description":"A 7\u00aa edi\u00e7\u00e3o da feira de noivas e debutantes da Baixada Santista j\u00e1 tem seu retorno marcado ap\u00f3s uma pausa por conta da pandemia da Covid-19.","robots":{"index":"index","follow":"follow","max-snippet":"max-snippet:-1","max-image-preview":"max-image-preview:large","max-video-preview":"max-video-preview:-1"},"canonical":"https:\/\/redenoticiaz.com.br\/litoralsp\/2022\/10\/14\/feira-de-noivas-e-debutantes-acontecera-neste-domingo-16-em-santos","og_locale":"pt_BR","og_type":"article","og_title":"Feira de noivas e debutantes acontecer\u00e1 neste domingo (16) em Santos - Litoral SP","og_description":"A 7\u00aa edi\u00e7\u00e3o da feira de noivas e debutantes da Baixada Santista j\u00e1 tem seu retorno marcado ap\u00f3s uma pausa por conta da pandemia da Covid-19.","og_url":"https:\/\/redenoticiaz.com.br\/litoralsp\/2022\/10\/14\/feira-de-noivas-e-debutantes-acontecera-neste-domingo-16-em-santos","og_site_name":"Litoral SP","article_published_time":"2022-10-14T17:49:22+00:00","og_image":[{"width":1280,"height":720,"url":"https:\/\/redenoticiaz.com.br\/litoralsp\/wp-content\/uploads\/sites\/3\/2022\/10\/6328bcfea6826-lg.jpg","type":"image\/jpeg"}],"author":"Gustavo Silva","twitter_card":"summary_large_image","twitter_misc":{"Escrito por":"Gustavo Silva","Est. tempo de leitura":"2 minutos"},"schema":{"@context":"https:\/\/schema.org","@graph":[{"@type":"Article","@id":"https:\/\/redenoticiaz.com.br\/litoralsp\/2022\/10\/14\/feira-de-noivas-e-debutantes-acontecera-neste-domingo-16-em-santos#article","isPartOf":{"@id":"https:\/\/redenoticiaz.com.br\/litoralsp\/2022\/10\/14\/feira-de-noivas-e-debutantes-acontecera-neste-domingo-16-em-santos"},"author":{"name":"Gustavo Silva","@id":"https:\/\/redenoticiaz.com.br\/litoralsp\/#\/schema\/person\/16057b37a3c0ee6b096d7f887c566e2e"},"headline":"Feira de noivas e debutantes acontecer\u00e1 neste domingo (16) em Santos","datePublished":"2022-10-14T17:49:22+00:00","mainEntityOfPage":{"@id":"https:\/\/redenoticiaz.com.br\/litoralsp\/2022\/10\/14\/feira-de-noivas-e-debutantes-acontecera-neste-domingo-16-em-santos"},"wordCount":202,"commentCount":0,"publisher":{"@id":"https:\/\/redenoticiaz.com.br\/litoralsp\/#organization"},"image":{"@id":"https:\/\/redenoticiaz.com.br\/litoralsp\/2022\/10\/14\/feira-de-noivas-e-debutantes-acontecera-neste-domingo-16-em-santos#primaryimage"},"thumbnailUrl":"https:\/\/redenoticiaz.com.br\/litoralsp\/wp-content\/uploads\/sites\/3\/2022\/10\/6328bcfea6826-lg.jpg","keywords":["Blue Med Convention Center","EVENTO","Expo Casamentos &amp; Festas Oriental M\u00f3veis","Feira de noivas e debutantes","PONTA DA PRAIA","Santos"],"articleSection":["Entretenimento","Santos"],"inLanguage":"pt-BR","potentialAction":[{"@type":"CommentAction","name":"Comment","target":["https:\/\/redenoticiaz.com.br\/litoralsp\/2022\/10\/14\/feira-de-noivas-e-debutantes-acontecera-neste-domingo-16-em-santos#respond"]}]},{"@type":"WebPage","@id":"https:\/\/redenoticiaz.com.br\/litoralsp\/2022\/10\/14\/feira-de-noivas-e-debutantes-acontecera-neste-domingo-16-em-santos","url":"https:\/\/redenoticiaz.com.br\/litoralsp\/2022\/10\/14\/feira-de-noivas-e-debutantes-acontecera-neste-domingo-16-em-santos","name":"Feira de noivas e debutantes acontecer\u00e1 neste domingo (16) em Santos - Litoral SP","isPartOf":{"@id":"https:\/\/redenoticiaz.com.br\/litoralsp\/#website"},"primaryImageOfPage":{"@id":"https:\/\/redenoticiaz.com.br\/litoralsp\/2022\/10\/14\/feira-de-noivas-e-debutantes-acontecera-neste-domingo-16-em-santos#primaryimage"},"image":{"@id":"https:\/\/redenoticiaz.com.br\/litoralsp\/2022\/10\/14\/feira-de-noivas-e-debutantes-acontecera-neste-domingo-16-em-santos#primaryimage"},"thumbnailUrl":"https:\/\/redenoticiaz.com.br\/litoralsp\/wp-content\/uploads\/sites\/3\/2022\/10\/6328bcfea6826-lg.jpg","datePublished":"2022-10-14T17:49:22+00:00","description":"A 7\u00aa edi\u00e7\u00e3o da feira de noivas e debutantes da Baixada Santista j\u00e1 tem seu retorno marcado ap\u00f3s uma pausa por conta da pandemia da Covid-19.","inLanguage":"pt-BR","potentialAction":[{"@type":"ReadAction","target":["https:\/\/redenoticiaz.com.br\/litoralsp\/2022\/10\/14\/feira-de-noivas-e-debutantes-acontecera-neste-domingo-16-em-santos"]}]},{"@type":"ImageObject","inLanguage":"pt-BR","@id":"https:\/\/redenoticiaz.com.br\/litoralsp\/2022\/10\/14\/feira-de-noivas-e-debutantes-acontecera-neste-domingo-16-em-santos#primaryimage","url":"https:\/\/redenoticiaz.com.br\/litoralsp\/wp-content\/uploads\/sites\/3\/2022\/10\/6328bcfea6826-lg.jpg","contentUrl":"https:\/\/redenoticiaz.com.br\/litoralsp\/wp-content\/uploads\/sites\/3\/2022\/10\/6328bcfea6826-lg.jpg","width":1280,"height":720,"caption":"Feira de noivas e debutantes acontecer\u00e1 neste domingo (16) em Santos"},{"@type":"WebSite","@id":"https:\/\/redenoticiaz.com.br\/litoralsp\/#website","url":"https:\/\/redenoticiaz.com.br\/litoralsp\/","name":"Litoral SP","description":"Rede NoticiaZ","publisher":{"@id":"https:\/\/redenoticiaz.com.br\/litoralsp\/#organization"},"potentialAction":[{"@type":"SearchAction","target":{"@type":"EntryPoint","urlTemplate":"https:\/\/redenoticiaz.com.br\/litoralsp\/?s={search_term_string}"},"query-input":{"@type":"PropertyValueSpecification","valueRequired":true,"valueName":"search_term_string"}}],"inLanguage":"pt-BR"},{"@type":"Organization","@id":"https:\/\/redenoticiaz.com.br\/litoralsp\/#organization","name":"Litoral SP","url":"https:\/\/redenoticiaz.com.br\/litoralsp\/","logo":{"@type":"ImageObject","inLanguage":"pt-BR","@id":"https:\/\/redenoticiaz.com.br\/litoralsp\/#\/schema\/logo\/image\/","url":"https:\/\/redenoticiaz.com.br\/litoralsp\/wp-content\/uploads\/sites\/3\/2020\/11\/logo.jpg","contentUrl":"https:\/\/redenoticiaz.com.br\/litoralsp\/wp-content\/uploads\/sites\/3\/2020\/11\/logo.jpg","width":400,"height":250,"caption":"Litoral SP"},"image":{"@id":"https:\/\/redenoticiaz.com.br\/litoralsp\/#\/schema\/logo\/image\/"}},{"@type":"Person","@id":"https:\/\/redenoticiaz.com.br\/litoralsp\/#\/schema\/person\/16057b37a3c0ee6b096d7f887c566e2e","name":"Gustavo Silva","image":{"@type":"ImageObject","inLanguage":"pt-BR","@id":"https:\/\/secure.gravatar.com\/avatar\/3ee4e82f93b26de0a7cf4ea5eb7893da637ed6bb0c9170c58065944c56e28a33?s=96&d=mm&r=g","url":"https:\/\/secure.gravatar.com\/avatar\/3ee4e82f93b26de0a7cf4ea5eb7893da637ed6bb0c9170c58065944c56e28a33?s=96&d=mm&r=g","contentUrl":"https:\/\/secure.gravatar.com\/avatar\/3ee4e82f93b26de0a7cf4ea5eb7893da637ed6bb0c9170c58065944c56e28a33?s=96&d=mm&r=g","caption":"Gustavo Silva"},"url":"https:\/\/redenoticiaz.com.br\/litoralsp\/author\/gustavosilva"}]}},"_links":{"self":[{"href":"https:\/\/redenoticiaz.com.br\/litoralsp\/wp-json\/wp\/v2\/posts\/93330","targetHints":{"allow":["GET"]}}],"collection":[{"href":"https:\/\/redenoticiaz.com.br\/litoralsp\/wp-json\/wp\/v2\/posts"}],"about":[{"href":"https:\/\/redenoticiaz.com.br\/litoralsp\/wp-json\/wp\/v2\/types\/post"}],"author":[{"embeddable":true,"href":"https:\/\/redenoticiaz.com.br\/litoralsp\/wp-json\/wp\/v2\/users\/12"}],"replies":[{"embeddable":true,"href":"https:\/\/redenoticiaz.com.br\/litoralsp\/wp-json\/wp\/v2\/comments?post=93330"}],"version-history":[{"count":1,"href":"https:\/\/redenoticiaz.com.br\/litoralsp\/wp-json\/wp\/v2\/posts\/93330\/revisions"}],"predecessor-version":[{"id":93332,"href":"https:\/\/redenoticiaz.com.br\/litoralsp\/wp-json\/wp\/v2\/posts\/93330\/revisions\/93332"}],"wp:featuredmedia":[{"embeddable":true,"href":"https:\/\/redenoticiaz.com.br\/litoralsp\/wp-json\/wp\/v2\/media\/93331"}],"wp:attachment":[{"href":"https:\/\/redenoticiaz.com.br\/litoralsp\/wp-json\/wp\/v2\/media?parent=93330"}],"wp:term":[{"taxonomy":"category","embeddable":true,"href":"https:\/\/redenoticiaz.com.br\/litoralsp\/wp-json\/wp\/v2\/categories?post=93330"},{"taxonomy":"post_tag","embeddable":true,"href":"https:\/\/redenoticiaz.com.br\/litoralsp\/wp-json\/wp\/v2\/tags?post=93330"}],"curies":[{"name":"wp","href":"https:\/\/api.w.org\/{rel}","templated":true}]}}